{"id":237538,"date":"2025-10-20T11:54:46","date_gmt":"2025-10-20T14:54:46","guid":{"rendered":"https:\/\/informelitoral.com.ar\/?p=237538"},"modified":"2025-10-20T11:59:21","modified_gmt":"2025-10-20T14:59:21","slug":"tragedia-aerea-en-hong-kong-avion-de-carga-se-salio-de-la-pista-cayo-al-mar-y-causo-dos-muertos","status":"publish","type":"post","link":"https:\/\/informelitoral.com.ar\/tragedia-aerea-en-hong-kong-avion-de-carga-se-salio-de-la-pista-cayo-al-mar-y-causo-dos-muertos\/","title":{"rendered":"Tragedia a\u00e9rea en Hong Kong: avi\u00f3n de carga se sali\u00f3 de la pista, cay\u00f3 al mar y caus\u00f3 dos muertos"},"content":{"rendered":"<p>Un tr\u00e1gico accidente ocurri\u00f3 a primera hora de este lunes en el <b>Aeropuerto Internacional de Hong Kong<\/b> cuando un avi\u00f3n de carga se sali\u00f3 de la pista de aterrizaje, impact\u00f3 contra un veh\u00edculo de patrullaje y se precipit\u00f3 al mar. El siniestro, que ocurri\u00f3 alrededor de las 3:50 de la madrugada (hora local), dej\u00f3 un saldo de <b>dos v\u00edctimas fatales<\/b> y cuatro heridos.<\/p>\n<p>La aeronave involucrada fue un <b>Boeing 747<\/b>, operado por la aerol\u00ednea turca <b>ACT Airlines<\/b> (arrendado a Emirates como vuelo EK9788), que realizaba un vuelo de carga sin mercanc\u00eda a bordo proveniente de Dub\u00e1i, Emiratos \u00c1rabes Unidos.<\/p>\n<p>Seg\u00fan informaron las autoridades, las dos v\u00edctimas fatales eran operarios que se encontraban en el veh\u00edculo terrestre del aeropuerto. Steven Yiu, director ejecutivo de operaciones aeroportuarias de la Autoridad Aeroportuaria de Hong Kong, confirm\u00f3 que uno de los operarios muri\u00f3 en el lugar y el segundo falleci\u00f3 posteriormente en el hospital. Los cuatro miembros de la tripulaci\u00f3n del avi\u00f3n fueron rescatados y trasladados al hospital con heridas.<\/p>\n<p>El Departamento de Aviaci\u00f3n Civil local precis\u00f3 que el avi\u00f3n se <b>\u201cdesvi\u00f3 de la pista norte despu\u00e9s de aterrizar y se precipit\u00f3 al mar\u201d<\/b>, en circunstancias que a\u00fan son objeto de investigaci\u00f3n.<\/p>\n<p>Im\u00e1genes difundidas por medios locales mostraron la aeronave <b>parcialmente sumergida<\/b> al borde del malec\u00f3n del aeropuerto, una estructura construida sobre terrenos ganados al mar. La cabina y la parte delantera permanec\u00edan visibles sobre el agua, aunque la cola parec\u00eda haberse desprendido.<\/p>\n<p>Dos embarcaciones con rescatistas fueron desplegadas inmediatamente para asistir a los sobrevivientes y prevenir posibles fugas de combustible o restos del fuselaje en el Mar del Sur de China. El Departamento de Aviaci\u00f3n Civil de Hong Kong ya ha iniciado una <b>investigaci\u00f3n<\/b> para determinar las causas exactas del accidente, en colaboraci\u00f3n con la aerol\u00ednea y entidades relacionadas.(<em>LN<\/em>)<\/p>\n","protected":false},"excerpt":{"rendered":"<p>El Boeing 747, operado por ACT Airlines, impact\u00f3 un veh\u00edculo terrestre del aeropuerto durante su aterrizaje, provocando la muerte de dos operarios e hiriendo a los cuatro tripulantes.<\/p>\n","protected":false},"author":8,"featured_media":237541,"comment_status":"open","ping_status":"open","sticky":false,"template":"","format":"standard","meta":{"fifu_image_url":"https:\/\/elonce-media.elonce.com\/fotos\/2025\/10\/20\/e_1760963421_76656.webp","fifu_image_alt":"","footnotes":""},"categories":[8],"tags":[5056,2173,6133,1135],"class_list":{"0":"post-237538","1":"post","2":"type-post","3":"status-publish","4":"format-standard","5":"has-post-thumbnail","7":"category-internacionales","8":"tag-avion","9":"tag-fallecidos","10":"tag-hong-kong","11":"tag-mar"},"yoast_head":"<title>Tragedia a\u00e9rea en Hong Kong: avi\u00f3n de carga se sali\u00f3 de la pista, cay\u00f3 al mar y caus\u00f3 dos muertos - Informe Litoral<\/title>\n<meta name=\"robots\" content=\"index, follow, max-snippet:-1, max-image-preview:large, max-video-preview:-1\" \/>\n<link rel=\"canonical\" href=\"https:\/\/informelitoral.com.ar\/tragedia-aerea-en-hong-kong-avion-de-carga-se-salio-de-la-pista-cayo-al-mar-y-causo-dos-muertos\/\" \/>\n<meta property=\"og:locale\" content=\"es_ES\" \/>\n<meta property=\"og:type\" content=\"article\" \/>\n<meta property=\"og:title\" content=\"Tragedia a\u00e9rea en Hong Kong: avi\u00f3n de carga se sali\u00f3 de la pista, cay\u00f3 al mar y caus\u00f3 dos muertos - Informe Litoral\" \/>\n<meta property=\"og:description\" content=\"El Boeing 747, operado por ACT Airlines, impact\u00f3 un veh\u00edculo terrestre del aeropuerto durante su aterrizaje, provocando la muerte de dos operarios e hiriendo a los cuatro tripulantes.\" \/>\n<meta property=\"og:url\" content=\"https:\/\/informelitoral.com.ar\/tragedia-aerea-en-hong-kong-avion-de-carga-se-salio-de-la-pista-cayo-al-mar-y-causo-dos-muertos\/\" \/>\n<meta property=\"og:site_name\" content=\"Informe Litoral\" \/>\n<meta property=\"article:publisher\" content=\"https:\/\/www.facebook.com\/informelitoral\/\" \/>\n<meta property=\"article:published_time\" content=\"2025-10-20T14:54:46+00:00\" \/>\n<meta property=\"article:modified_time\" content=\"2025-10-20T14:59:21+00:00\" \/>\n<meta property=\"og:image\" content=\"https:\/\/elonce-media.elonce.com\/fotos\/2025\/10\/20\/e_1760963421_76656.webp\" \/><meta property=\"og:image\" content=\"https:\/\/elonce-media.elonce.com\/fotos\/2025\/10\/20\/e_1760963421_76656.webp\" \/>\n\t<meta property=\"og:image:width\" content=\"900\" \/>\n\t<meta property=\"og:image:height\" content=\"600\" \/>\n\t<meta property=\"og:image:type\" content=\"image\/jpeg\" \/>\n<meta name=\"author\" content=\"Sebastian\" \/>\n<meta name=\"twitter:card\" content=\"summary_large_image\" \/>\n<meta name=\"twitter:image\" content=\"https:\/\/elonce-media.elonce.com\/fotos\/2025\/10\/20\/e_1760963421_76656.webp\" \/>\n<meta name=\"twitter:creator\" content=\"@InformeLitoral\" \/>\n<meta name=\"twitter:site\" content=\"@InformeLitoral\" \/>\n<meta name=\"twitter:label1\" content=\"Escrito por\" \/>\n\t<meta name=\"twitter:data1\" content=\"Sebastian\" \/>\n\t<meta name=\"twitter:label2\" content=\"Tiempo de lectura\" \/>\n\t<meta name=\"twitter:data2\" content=\"2 minutos\" \/>\n<script type=\"application\/ld+json\" class=\"yoast-schema-graph\">{\"@context\":\"https:\\\/\\\/schema.org\",\"@graph\":[{\"@type\":\"Article\",\"@id\":\"https:\\\/\\\/informelitoral.com.ar\\\/tragedia-aerea-en-hong-kong-avion-de-carga-se-salio-de-la-pista-cayo-al-mar-y-causo-dos-muertos\\\/#article\",\"isPartOf\":{\"@id\":\"https:\\\/\\\/informelitoral.com.ar\\\/tragedia-aerea-en-hong-kong-avion-de-carga-se-salio-de-la-pista-cayo-al-mar-y-causo-dos-muertos\\\/\"},\"author\":{\"name\":\"Sebastian\",\"@id\":\"https:\\\/\\\/informelitoral.com.ar\\\/#\\\/schema\\\/person\\\/f05f9f461677119578717524b127d6d5\"},\"headline\":\"Tragedia a\u00e9rea en Hong Kong: avi\u00f3n de carga se sali\u00f3 de la pista, cay\u00f3 al mar y caus\u00f3 dos muertos\",\"datePublished\":\"2025-10-20T14:54:46+00:00\",\"dateModified\":\"2025-10-20T14:59:21+00:00\",\"mainEntityOfPage\":{\"@id\":\"https:\\\/\\\/informelitoral.com.ar\\\/tragedia-aerea-en-hong-kong-avion-de-carga-se-salio-de-la-pista-cayo-al-mar-y-causo-dos-muertos\\\/\"},\"wordCount\":342,\"commentCount\":0,\"publisher\":{\"@id\":\"https:\\\/\\\/informelitoral.com.ar\\\/#organization\"},\"image\":{\"@id\":\"https:\\\/\\\/informelitoral.com.ar\\\/tragedia-aerea-en-hong-kong-avion-de-carga-se-salio-de-la-pista-cayo-al-mar-y-causo-dos-muertos\\\/#primaryimage\"},\"thumbnailUrl\":\"https:\\\/\\\/elonce-media.elonce.com\\\/fotos\\\/2025\\\/10\\\/20\\\/e_1760963421_76656.webp\",\"keywords\":[\"Avion\",\"Fallecidos\",\"Hong Kong\",\"Mar\"],\"articleSection\":[\"Internacionales\"],\"inLanguage\":\"es\",\"potentialAction\":[{\"@type\":\"CommentAction\",\"name\":\"Comment\",\"target\":[\"https:\\\/\\\/informelitoral.com.ar\\\/tragedia-aerea-en-hong-kong-avion-de-carga-se-salio-de-la-pista-cayo-al-mar-y-causo-dos-muertos\\\/#respond\"]}]},{\"@type\":\"WebPage\",\"@id\":\"https:\\\/\\\/informelitoral.com.ar\\\/tragedia-aerea-en-hong-kong-avion-de-carga-se-salio-de-la-pista-cayo-al-mar-y-causo-dos-muertos\\\/\",\"url\":\"https:\\\/\\\/informelitoral.com.ar\\\/tragedia-aerea-en-hong-kong-avion-de-carga-se-salio-de-la-pista-cayo-al-mar-y-causo-dos-muertos\\\/\",\"name\":\"Tragedia a\u00e9rea en Hong Kong: avi\u00f3n de carga se sali\u00f3 de la pista, cay\u00f3 al mar y caus\u00f3 dos muertos - Informe Litoral\",\"isPartOf\":{\"@id\":\"https:\\\/\\\/informelitoral.com.ar\\\/#website\"},\"primaryImageOfPage\":{\"@id\":\"https:\\\/\\\/informelitoral.com.ar\\\/tragedia-aerea-en-hong-kong-avion-de-carga-se-salio-de-la-pista-cayo-al-mar-y-causo-dos-muertos\\\/#primaryimage\"},\"image\":{\"@id\":\"https:\\\/\\\/informelitoral.com.ar\\\/tragedia-aerea-en-hong-kong-avion-de-carga-se-salio-de-la-pista-cayo-al-mar-y-causo-dos-muertos\\\/#primaryimage\"},\"thumbnailUrl\":\"https:\\\/\\\/elonce-media.elonce.com\\\/fotos\\\/2025\\\/10\\\/20\\\/e_1760963421_76656.webp\",\"datePublished\":\"2025-10-20T14:54:46+00:00\",\"dateModified\":\"2025-10-20T14:59:21+00:00\",\"breadcrumb\":{\"@id\":\"https:\\\/\\\/informelitoral.com.ar\\\/tragedia-aerea-en-hong-kong-avion-de-carga-se-salio-de-la-pista-cayo-al-mar-y-causo-dos-muertos\\\/#breadcrumb\"},\"inLanguage\":\"es\",\"potentialAction\":[{\"@type\":\"ReadAction\",\"target\":[\"https:\\\/\\\/informelitoral.com.ar\\\/tragedia-aerea-en-hong-kong-avion-de-carga-se-salio-de-la-pista-cayo-al-mar-y-causo-dos-muertos\\\/\"]}]},{\"@type\":\"ImageObject\",\"inLanguage\":\"es\",\"@id\":\"https:\\\/\\\/informelitoral.com.ar\\\/tragedia-aerea-en-hong-kong-avion-de-carga-se-salio-de-la-pista-cayo-al-mar-y-causo-dos-muertos\\\/#primaryimage\",\"url\":\"https:\\\/\\\/elonce-media.elonce.com\\\/fotos\\\/2025\\\/10\\\/20\\\/e_1760963421_76656.webp\",\"contentUrl\":\"https:\\\/\\\/elonce-media.elonce.com\\\/fotos\\\/2025\\\/10\\\/20\\\/e_1760963421_76656.webp\",\"width\":\"900\",\"height\":\"600\"},{\"@type\":\"BreadcrumbList\",\"@id\":\"https:\\\/\\\/informelitoral.com.ar\\\/tragedia-aerea-en-hong-kong-avion-de-carga-se-salio-de-la-pista-cayo-al-mar-y-causo-dos-muertos\\\/#breadcrumb\",\"itemListElement\":[{\"@type\":\"ListItem\",\"position\":1,\"name\":\"Portada\",\"item\":\"https:\\\/\\\/informelitoral.com.ar\\\/\"},{\"@type\":\"ListItem\",\"position\":2,\"name\":\"Tragedia a\u00e9rea en Hong Kong: avi\u00f3n de carga se sali\u00f3 de la pista, cay\u00f3 al mar y caus\u00f3 dos muertos\"}]},{\"@type\":\"WebSite\",\"@id\":\"https:\\\/\\\/informelitoral.com.ar\\\/#website\",\"url\":\"https:\\\/\\\/informelitoral.com.ar\\\/\",\"name\":\"Informe Litoral\",\"description\":\"&quot;Nos informamos&quot; \",\"publisher\":{\"@id\":\"https:\\\/\\\/informelitoral.com.ar\\\/#organization\"},\"potentialAction\":[{\"@type\":\"SearchAction\",\"target\":{\"@type\":\"EntryPoint\",\"urlTemplate\":\"https:\\\/\\\/informelitoral.com.ar\\\/?s={search_term_string}\"},\"query-input\":{\"@type\":\"PropertyValueSpecification\",\"valueRequired\":true,\"valueName\":\"search_term_string\"}}],\"inLanguage\":\"es\"},{\"@type\":\"Organization\",\"@id\":\"https:\\\/\\\/informelitoral.com.ar\\\/#organization\",\"name\":\"Informe Litoral\",\"url\":\"https:\\\/\\\/informelitoral.com.ar\\\/\",\"logo\":{\"@type\":\"ImageObject\",\"inLanguage\":\"es\",\"@id\":\"https:\\\/\\\/informelitoral.com.ar\\\/#\\\/schema\\\/logo\\\/image\\\/\",\"url\":\"https:\\\/\\\/informelitoral.com.ar\\\/%77%70%2d%63%6f%6e%74%65%6e%74\\\/uploads\\\/2021\\\/01\\\/circulo.png\",\"contentUrl\":\"https:\\\/\\\/informelitoral.com.ar\\\/%77%70%2d%63%6f%6e%74%65%6e%74\\\/uploads\\\/2021\\\/01\\\/circulo.png\",\"width\":723,\"height\":731,\"caption\":\"Informe Litoral\"},\"image\":{\"@id\":\"https:\\\/\\\/informelitoral.com.ar\\\/#\\\/schema\\\/logo\\\/image\\\/\"},\"sameAs\":[\"https:\\\/\\\/www.facebook.com\\\/informelitoral\\\/\",\"https:\\\/\\\/x.com\\\/InformeLitoral\",\"https:\\\/\\\/www.instagram.com\\\/informelitoral\\\/\",\"https:\\\/\\\/www.youtube.com\\\/channel\\\/UCua4Qvz8Icb6MYqhoq9xLXw\"]},{\"@type\":\"Person\",\"@id\":\"https:\\\/\\\/informelitoral.com.ar\\\/#\\\/schema\\\/person\\\/f05f9f461677119578717524b127d6d5\",\"name\":\"Sebastian\",\"image\":{\"@type\":\"ImageObject\",\"inLanguage\":\"es\",\"@id\":\"https:\\\/\\\/secure.gravatar.com\\\/avatar\\\/b71bf7481d447dfb9583c7f2798e7cc64de6efb9067b74633ed8c31059a3bd82?s=96&d=mm&r=g\",\"url\":\"https:\\\/\\\/secure.gravatar.com\\\/avatar\\\/b71bf7481d447dfb9583c7f2798e7cc64de6efb9067b74633ed8c31059a3bd82?s=96&d=mm&r=g\",\"contentUrl\":\"https:\\\/\\\/secure.gravatar.com\\\/avatar\\\/b71bf7481d447dfb9583c7f2798e7cc64de6efb9067b74633ed8c31059a3bd82?s=96&d=mm&r=g\",\"caption\":\"Sebastian\"},\"url\":\"https:\\\/\\\/informelitoral.com.ar\\\/author\\\/sebastian\\\/\"}]}<\/script>","yoast_head_json":{"title":"Tragedia a\u00e9rea en Hong Kong: avi\u00f3n de carga se sali\u00f3 de la pista, cay\u00f3 al mar y caus\u00f3 dos muertos - Informe Litoral","robots":{"index":"index","follow":"follow","max-snippet":"max-snippet:-1","max-image-preview":"max-image-preview:large","max-video-preview":"max-video-preview:-1"},"canonical":"https:\/\/informelitoral.com.ar\/tragedia-aerea-en-hong-kong-avion-de-carga-se-salio-de-la-pista-cayo-al-mar-y-causo-dos-muertos\/","og_locale":"es_ES","og_type":"article","og_title":"Tragedia a\u00e9rea en Hong Kong: avi\u00f3n de carga se sali\u00f3 de la pista, cay\u00f3 al mar y caus\u00f3 dos muertos - Informe Litoral","og_description":"El Boeing 747, operado por ACT Airlines, impact\u00f3 un veh\u00edculo terrestre del aeropuerto durante su aterrizaje, provocando la muerte de dos operarios e hiriendo a los cuatro tripulantes.","og_url":"https:\/\/informelitoral.com.ar\/tragedia-aerea-en-hong-kong-avion-de-carga-se-salio-de-la-pista-cayo-al-mar-y-causo-dos-muertos\/","og_site_name":"Informe Litoral","article_publisher":"https:\/\/www.facebook.com\/informelitoral\/","article_published_time":"2025-10-20T14:54:46+00:00","article_modified_time":"2025-10-20T14:59:21+00:00","og_image":[{"url":"https:\/\/elonce-media.elonce.com\/fotos\/2025\/10\/20\/e_1760963421_76656.webp","type":"","width":"","height":""},{"width":900,"height":600,"url":"https:\/\/elonce-media.elonce.com\/fotos\/2025\/10\/20\/e_1760963421_76656.webp","type":"image\/jpeg"}],"author":"Sebastian","twitter_card":"summary_large_image","twitter_image":"https:\/\/elonce-media.elonce.com\/fotos\/2025\/10\/20\/e_1760963421_76656.webp","twitter_creator":"@InformeLitoral","twitter_site":"@InformeLitoral","twitter_misc":{"Escrito por":"Sebastian","Tiempo de lectura":"2 minutos"},"schema":{"@context":"https:\/\/schema.org","@graph":[{"@type":"Article","@id":"https:\/\/informelitoral.com.ar\/tragedia-aerea-en-hong-kong-avion-de-carga-se-salio-de-la-pista-cayo-al-mar-y-causo-dos-muertos\/#article","isPartOf":{"@id":"https:\/\/informelitoral.com.ar\/tragedia-aerea-en-hong-kong-avion-de-carga-se-salio-de-la-pista-cayo-al-mar-y-causo-dos-muertos\/"},"author":{"name":"Sebastian","@id":"https:\/\/informelitoral.com.ar\/#\/schema\/person\/f05f9f461677119578717524b127d6d5"},"headline":"Tragedia a\u00e9rea en Hong Kong: avi\u00f3n de carga se sali\u00f3 de la pista, cay\u00f3 al mar y caus\u00f3 dos muertos","datePublished":"2025-10-20T14:54:46+00:00","dateModified":"2025-10-20T14:59:21+00:00","mainEntityOfPage":{"@id":"https:\/\/informelitoral.com.ar\/tragedia-aerea-en-hong-kong-avion-de-carga-se-salio-de-la-pista-cayo-al-mar-y-causo-dos-muertos\/"},"wordCount":342,"commentCount":0,"publisher":{"@id":"https:\/\/informelitoral.com.ar\/#organization"},"image":{"@id":"https:\/\/informelitoral.com.ar\/tragedia-aerea-en-hong-kong-avion-de-carga-se-salio-de-la-pista-cayo-al-mar-y-causo-dos-muertos\/#primaryimage"},"thumbnailUrl":"https:\/\/elonce-media.elonce.com\/fotos\/2025\/10\/20\/e_1760963421_76656.webp","keywords":["Avion","Fallecidos","Hong Kong","Mar"],"articleSection":["Internacionales"],"inLanguage":"es","potentialAction":[{"@type":"CommentAction","name":"Comment","target":["https:\/\/informelitoral.com.ar\/tragedia-aerea-en-hong-kong-avion-de-carga-se-salio-de-la-pista-cayo-al-mar-y-causo-dos-muertos\/#respond"]}]},{"@type":"WebPage","@id":"https:\/\/informelitoral.com.ar\/tragedia-aerea-en-hong-kong-avion-de-carga-se-salio-de-la-pista-cayo-al-mar-y-causo-dos-muertos\/","url":"https:\/\/informelitoral.com.ar\/tragedia-aerea-en-hong-kong-avion-de-carga-se-salio-de-la-pista-cayo-al-mar-y-causo-dos-muertos\/","name":"Tragedia a\u00e9rea en Hong Kong: avi\u00f3n de carga se sali\u00f3 de la pista, cay\u00f3 al mar y caus\u00f3 dos muertos - Informe Litoral","isPartOf":{"@id":"https:\/\/informelitoral.com.ar\/#website"},"primaryImageOfPage":{"@id":"https:\/\/informelitoral.com.ar\/tragedia-aerea-en-hong-kong-avion-de-carga-se-salio-de-la-pista-cayo-al-mar-y-causo-dos-muertos\/#primaryimage"},"image":{"@id":"https:\/\/informelitoral.com.ar\/tragedia-aerea-en-hong-kong-avion-de-carga-se-salio-de-la-pista-cayo-al-mar-y-causo-dos-muertos\/#primaryimage"},"thumbnailUrl":"https:\/\/elonce-media.elonce.com\/fotos\/2025\/10\/20\/e_1760963421_76656.webp","datePublished":"2025-10-20T14:54:46+00:00","dateModified":"2025-10-20T14:59:21+00:00","breadcrumb":{"@id":"https:\/\/informelitoral.com.ar\/tragedia-aerea-en-hong-kong-avion-de-carga-se-salio-de-la-pista-cayo-al-mar-y-causo-dos-muertos\/#breadcrumb"},"inLanguage":"es","potentialAction":[{"@type":"ReadAction","target":["https:\/\/informelitoral.com.ar\/tragedia-aerea-en-hong-kong-avion-de-carga-se-salio-de-la-pista-cayo-al-mar-y-causo-dos-muertos\/"]}]},{"@type":"ImageObject","inLanguage":"es","@id":"https:\/\/informelitoral.com.ar\/tragedia-aerea-en-hong-kong-avion-de-carga-se-salio-de-la-pista-cayo-al-mar-y-causo-dos-muertos\/#primaryimage","url":"https:\/\/elonce-media.elonce.com\/fotos\/2025\/10\/20\/e_1760963421_76656.webp","contentUrl":"https:\/\/elonce-media.elonce.com\/fotos\/2025\/10\/20\/e_1760963421_76656.webp","width":"900","height":"600"},{"@type":"BreadcrumbList","@id":"https:\/\/informelitoral.com.ar\/tragedia-aerea-en-hong-kong-avion-de-carga-se-salio-de-la-pista-cayo-al-mar-y-causo-dos-muertos\/#breadcrumb","itemListElement":[{"@type":"ListItem","position":1,"name":"Portada","item":"https:\/\/informelitoral.com.ar\/"},{"@type":"ListItem","position":2,"name":"Tragedia a\u00e9rea en Hong Kong: avi\u00f3n de carga se sali\u00f3 de la pista, cay\u00f3 al mar y caus\u00f3 dos muertos"}]},{"@type":"WebSite","@id":"https:\/\/informelitoral.com.ar\/#website","url":"https:\/\/informelitoral.com.ar\/","name":"Informe Litoral","description":"&quot;Nos informamos&quot; ","publisher":{"@id":"https:\/\/informelitoral.com.ar\/#organization"},"potentialAction":[{"@type":"SearchAction","target":{"@type":"EntryPoint","urlTemplate":"https:\/\/informelitoral.com.ar\/?s={search_term_string}"},"query-input":{"@type":"PropertyValueSpecification","valueRequired":true,"valueName":"search_term_string"}}],"inLanguage":"es"},{"@type":"Organization","@id":"https:\/\/informelitoral.com.ar\/#organization","name":"Informe Litoral","url":"https:\/\/informelitoral.com.ar\/","logo":{"@type":"ImageObject","inLanguage":"es","@id":"https:\/\/informelitoral.com.ar\/#\/schema\/logo\/image\/","url":"https:\/\/informelitoral.com.ar\/%77%70%2d%63%6f%6e%74%65%6e%74\/uploads\/2021\/01\/circulo.png","contentUrl":"https:\/\/informelitoral.com.ar\/%77%70%2d%63%6f%6e%74%65%6e%74\/uploads\/2021\/01\/circulo.png","width":723,"height":731,"caption":"Informe Litoral"},"image":{"@id":"https:\/\/informelitoral.com.ar\/#\/schema\/logo\/image\/"},"sameAs":["https:\/\/www.facebook.com\/informelitoral\/","https:\/\/x.com\/InformeLitoral","https:\/\/www.instagram.com\/informelitoral\/","https:\/\/www.youtube.com\/channel\/UCua4Qvz8Icb6MYqhoq9xLXw"]},{"@type":"Person","@id":"https:\/\/informelitoral.com.ar\/#\/schema\/person\/f05f9f461677119578717524b127d6d5","name":"Sebastian","image":{"@type":"ImageObject","inLanguage":"es","@id":"https:\/\/secure.gravatar.com\/avatar\/b71bf7481d447dfb9583c7f2798e7cc64de6efb9067b74633ed8c31059a3bd82?s=96&d=mm&r=g","url":"https:\/\/secure.gravatar.com\/avatar\/b71bf7481d447dfb9583c7f2798e7cc64de6efb9067b74633ed8c31059a3bd82?s=96&d=mm&r=g","contentUrl":"https:\/\/secure.gravatar.com\/avatar\/b71bf7481d447dfb9583c7f2798e7cc64de6efb9067b74633ed8c31059a3bd82?s=96&d=mm&r=g","caption":"Sebastian"},"url":"https:\/\/informelitoral.com.ar\/author\/sebastian\/"}]}},"fifu_image_url":"https:\/\/elonce-media.elonce.com\/fotos\/2025\/10\/20\/e_1760963421_76656.webp","_links":{"self":[{"href":"https:\/\/informelitoral.com.ar\/%77%70%2d%6a%73%6f%6e\/wp\/v2\/posts\/237538","targetHints":{"allow":["GET"]}}],"collection":[{"href":"https:\/\/informelitoral.com.ar\/%77%70%2d%6a%73%6f%6e\/wp\/v2\/posts"}],"about":[{"href":"https:\/\/informelitoral.com.ar\/%77%70%2d%6a%73%6f%6e\/wp\/v2\/types\/post"}],"author":[{"embeddable":true,"href":"https:\/\/informelitoral.com.ar\/%77%70%2d%6a%73%6f%6e\/wp\/v2\/users\/8"}],"replies":[{"embeddable":true,"href":"https:\/\/informelitoral.com.ar\/%77%70%2d%6a%73%6f%6e\/wp\/v2\/comments?post=237538"}],"version-history":[{"count":4,"href":"https:\/\/informelitoral.com.ar\/%77%70%2d%6a%73%6f%6e\/wp\/v2\/posts\/237538\/revisions"}],"predecessor-version":[{"id":237543,"href":"https:\/\/informelitoral.com.ar\/%77%70%2d%6a%73%6f%6e\/wp\/v2\/posts\/237538\/revisions\/237543"}],"wp:featuredmedia":[{"embeddable":true,"href":"https:\/\/informelitoral.com.ar\/%77%70%2d%6a%73%6f%6e\/wp\/v2\/media\/237541"}],"wp:attachment":[{"href":"https:\/\/informelitoral.com.ar\/%77%70%2d%6a%73%6f%6e\/wp\/v2\/media?parent=237538"}],"wp:term":[{"taxonomy":"category","embeddable":true,"href":"https:\/\/informelitoral.com.ar\/%77%70%2d%6a%73%6f%6e\/wp\/v2\/categories?post=237538"},{"taxonomy":"post_tag","embeddable":true,"href":"https:\/\/informelitoral.com.ar\/%77%70%2d%6a%73%6f%6e\/wp\/v2\/tags?post=237538"}],"curies":[{"name":"wp","href":"https:\/\/api.w.org\/{rel}","templated":true}]}}