{"id":237411,"date":"2025-10-18T05:16:05","date_gmt":"2025-10-18T08:16:05","guid":{"rendered":"https:\/\/informelitoral.com.ar\/?p=237411"},"modified":"2025-10-18T12:22:07","modified_gmt":"2025-10-18T15:22:07","slug":"la-conduccion-del-centro-de-jubilados-cuestiona-la-prestacion-de-servicios-de-la-oser","status":"publish","type":"post","link":"https:\/\/informelitoral.com.ar\/la-conduccion-del-centro-de-jubilados-cuestiona-la-prestacion-de-servicios-de-la-oser\/","title":{"rendered":"La conducci\u00f3n del Centro de Jubilados cuestiona la prestaci\u00f3n de servicios de la Oser"},"content":{"rendered":"<p><strong>El Centro de Jubilados y Pensionados Provinciales de Paran\u00e1, a trav\u00e9s de su comisi\u00f3n directiva, expres\u00f3 su malestar por las reiteradas irregularidades en las prestaciones de salud que brinda la Obra Social de Entre R\u00edos (Oser).<\/strong><\/p>\n<p>El reclamo surge debido a los problemas que enfrentan diariamente jubilados y pensionados para poder autorizar diferentes prestaciones de salud y la entrega de medicamentos que son necesarios para poder sostener distintos tratamientos.<\/p>\n<p>\u201cEs un total maltrato a los jubilados, con largas colas de espera y un proceso interminable de tr\u00e1mites por el nuevo sistema de medicamentos y las auditor\u00edas de las prestaciones. Sacaron de las agencias los m\u00e9dicos auditores, en vez de simplificar las gestiones la complican con la medida que han tomado\u201d, sostuvo la presidenta del Centro,<strong> Griselda Ledesma.<\/strong><\/p>\n<p>Bajo ese enfoque, responsabiliz\u00f3 por esta situaci\u00f3n al presidente de la Oser, <strong>Mariano Gallegos,<\/strong> teniendo en cuenta que \u201clos jubilados aportamos durante los a\u00f1os de activos y seguimos aportando para que nos den los servicios que necesitamos en tiempo y forma, para que nos den soluciones, no para que nos traigan problemas\u201d.<\/p>\n<p>Seg\u00fan Ledesma \u201ctodo lo que se dijo que se iba a mejorar, no se ve, estamos peor que antes\u201d. En ese marco record\u00f3 que con la llegada nueva obra social se eliminaron adem\u00e1s servicios de odontolog\u00eda y de podolog\u00eda.<\/p>\n<p>En esa l\u00ednea consider\u00f3: \u201cCreemos que lo est\u00e1n haciendo a prop\u00f3sito, porque con las demoras de las autorizaciones de las prestaciones y de los medicamentos, los afiliados terminan cansados y los que pueden terminan pagando en forma particular, y ese dinero no sale de la obra social\u201d.<\/p>\n<p>Ledesma observ\u00f3 adem\u00e1s que para autorizar las prestaciones, en las agencias \u00abescanean los pedidos m\u00e9dicos y a su vez solicitan a los afiliados-jubilados un correo electr\u00f3nico para comunicar en 48 o 72 horas que el pedido m\u00e9dico est\u00e1 autorizado. No todos los jubilados tienen un correo electr\u00f3nico; nos siguen dejando afuera del sistema\u00bb.<\/p>\n<p>Del mismo modo, el vicepresidente de la entidad,<strong> Mario Huss<\/strong>, exigi\u00f3 que \u201cpongan los auditores en las delegaciones de la Oser para agilizar las autorizaciones de prestaciones; este tipo de tr\u00e1mite demora una semana. Adem\u00e1s han retirado medicamentos cr\u00f3nicos y el reintegro de \u00f3pticos, lo cual afecta mucho al sector de jubilados y pensionados\u201d.<\/p>\n<h6><em><strong>Del archivo:\u00a0<a href=\"https:\/\/informelitoral.com.ar\/oser-lanzo-el-cuda-para-agilizar-autorizaciones-y-derivaciones\/\" target=\"_blank\" rel=\"noopener\">OSER lanz\u00f3 el CUDA para agilizar autorizaciones y derivaciones<\/a><\/strong><\/em><\/h6>\n<h6><em><strong><a href=\"https:\/\/informelitoral.com.ar\/fortalecen-el-monitoreo-del-dengue-en-parana-con-ovitrampas\/\" target=\"_blank\" rel=\"noopener\">Fortalecen el monitoreo del dengue en Paran\u00e1 con ovitrampas<\/a><\/strong><\/em><\/h6>\n","protected":false},"excerpt":{"rendered":"<p>Los jubilados y pensionados de Paran\u00e1 reclaman mejoras en la atenci\u00f3n y en la autorizaci\u00f3n tanto de prestaciones como de medicamentos. Advierten que la obra social \u201cquit\u00f3 el reintegro de \u00f3pticas y el porcentaje de cobertura en medicamentos, que del 70% pas\u00f3 en su mayor\u00eda al 40%\u201d.<\/p>\n","protected":false},"author":2,"featured_media":237412,"comment_status":"open","ping_status":"open","sticky":false,"template":"","format":"standard","meta":{"fifu_image_url":"https:\/\/lh3.googleusercontent.com\/drive-storage\/AJQWtBPqWdLyfhZR3UMcSUTYja66Q8t_naeRd6zcDgbSsCHyrm3G559rOaneS7UFIaBMebD-TB1iFQlPQnT55_J-IPaKEhK2wDGiqu2uTI8rzkpoMg=w2048","fifu_image_alt":"","footnotes":""},"categories":[1597],"tags":[102,2979,1618,5732,45],"class_list":{"0":"post-237411","1":"post","2":"type-post","3":"status-publish","4":"format-standard","5":"has-post-thumbnail","7":"category-parana","8":"tag-jubilados","9":"tag-jubilados-y-pensionados","10":"tag-obra-social","11":"tag-oser","12":"tag-parana"},"yoast_head":"<title>La conducci\u00f3n del Centro de Jubilados cuestiona la prestaci\u00f3n de servicios de la Oser - Informe Litoral<\/title>\n<meta name=\"robots\" content=\"index, follow, max-snippet:-1, max-image-preview:large, max-video-preview:-1\" \/>\n<link rel=\"canonical\" href=\"https:\/\/informelitoral.com.ar\/la-conduccion-del-centro-de-jubilados-cuestiona-la-prestacion-de-servicios-de-la-oser\/\" \/>\n<meta property=\"og:locale\" content=\"es_ES\" \/>\n<meta property=\"og:type\" content=\"article\" \/>\n<meta property=\"og:title\" content=\"La conducci\u00f3n del Centro de Jubilados cuestiona la prestaci\u00f3n de servicios de la Oser - Informe Litoral\" \/>\n<meta property=\"og:description\" content=\"Los jubilados y pensionados de Paran\u00e1 reclaman mejoras en la atenci\u00f3n y en la autorizaci\u00f3n tanto de prestaciones como de medicamentos. Advierten que la obra social \u201cquit\u00f3 el reintegro de \u00f3pticas y el porcentaje de cobertura en medicamentos, que del 70% pas\u00f3 en su mayor\u00eda al 40%\u201d.\" \/>\n<meta property=\"og:url\" content=\"https:\/\/informelitoral.com.ar\/la-conduccion-del-centro-de-jubilados-cuestiona-la-prestacion-de-servicios-de-la-oser\/\" \/>\n<meta property=\"og:site_name\" content=\"Informe Litoral\" \/>\n<meta property=\"article:publisher\" content=\"https:\/\/www.facebook.com\/informelitoral\/\" \/>\n<meta property=\"article:published_time\" content=\"2025-10-18T08:16:05+00:00\" \/>\n<meta property=\"article:modified_time\" content=\"2025-10-18T15:22:07+00:00\" \/>\n<meta property=\"og:image\" content=\"https:\/\/lh3.googleusercontent.com\/drive-storage\/AJQWtBPqWdLyfhZR3UMcSUTYja66Q8t_naeRd6zcDgbSsCHyrm3G559rOaneS7UFIaBMebD-TB1iFQlPQnT55_J-IPaKEhK2wDGiqu2uTI8rzkpoMg=w2048\" \/><meta property=\"og:image\" content=\"https:\/\/lh3.googleusercontent.com\/drive-storage\/AJQWtBPqWdLyfhZR3UMcSUTYja66Q8t_naeRd6zcDgbSsCHyrm3G559rOaneS7UFIaBMebD-TB1iFQlPQnT55_J-IPaKEhK2wDGiqu2uTI8rzkpoMg=w2048\" \/>\n\t<meta property=\"og:image:width\" content=\"660\" \/>\n\t<meta property=\"og:image:height\" content=\"330\" \/>\n\t<meta property=\"og:image:type\" content=\"image\/jpeg\" \/>\n<meta name=\"author\" content=\"Gonzalo Schmidt\" \/>\n<meta name=\"twitter:card\" content=\"summary_large_image\" \/>\n<meta name=\"twitter:image\" content=\"https:\/\/lh3.googleusercontent.com\/drive-storage\/AJQWtBPqWdLyfhZR3UMcSUTYja66Q8t_naeRd6zcDgbSsCHyrm3G559rOaneS7UFIaBMebD-TB1iFQlPQnT55_J-IPaKEhK2wDGiqu2uTI8rzkpoMg=w2048\" \/>\n<meta name=\"twitter:creator\" content=\"@InformeLitoral\" \/>\n<meta name=\"twitter:site\" content=\"@InformeLitoral\" \/>\n<meta name=\"twitter:label1\" content=\"Escrito por\" \/>\n\t<meta name=\"twitter:data1\" content=\"Gonzalo Schmidt\" \/>\n\t<meta name=\"twitter:label2\" content=\"Tiempo de lectura\" \/>\n\t<meta name=\"twitter:data2\" content=\"2 minutos\" \/>\n<script type=\"application\/ld+json\" class=\"yoast-schema-graph\">{\"@context\":\"https:\\\/\\\/schema.org\",\"@graph\":[{\"@type\":\"Article\",\"@id\":\"https:\\\/\\\/informelitoral.com.ar\\\/la-conduccion-del-centro-de-jubilados-cuestiona-la-prestacion-de-servicios-de-la-oser\\\/#article\",\"isPartOf\":{\"@id\":\"https:\\\/\\\/informelitoral.com.ar\\\/la-conduccion-del-centro-de-jubilados-cuestiona-la-prestacion-de-servicios-de-la-oser\\\/\"},\"author\":{\"name\":\"Gonzalo Schmidt\",\"@id\":\"https:\\\/\\\/informelitoral.com.ar\\\/#\\\/schema\\\/person\\\/b9d00407c836482871ef1d57bf8e3180\"},\"headline\":\"La conducci\u00f3n del Centro de Jubilados cuestiona la prestaci\u00f3n de servicios de la Oser\",\"datePublished\":\"2025-10-18T08:16:05+00:00\",\"dateModified\":\"2025-10-18T15:22:07+00:00\",\"mainEntityOfPage\":{\"@id\":\"https:\\\/\\\/informelitoral.com.ar\\\/la-conduccion-del-centro-de-jubilados-cuestiona-la-prestacion-de-servicios-de-la-oser\\\/\"},\"wordCount\":429,\"commentCount\":0,\"publisher\":{\"@id\":\"https:\\\/\\\/informelitoral.com.ar\\\/#organization\"},\"image\":{\"@id\":\"https:\\\/\\\/informelitoral.com.ar\\\/la-conduccion-del-centro-de-jubilados-cuestiona-la-prestacion-de-servicios-de-la-oser\\\/#primaryimage\"},\"thumbnailUrl\":\"https:\\\/\\\/lh3.googleusercontent.com\\\/drive-storage\\\/AJQWtBPqWdLyfhZR3UMcSUTYja66Q8t_naeRd6zcDgbSsCHyrm3G559rOaneS7UFIaBMebD-TB1iFQlPQnT55_J-IPaKEhK2wDGiqu2uTI8rzkpoMg=w2048\",\"keywords\":[\"Jubilados\",\"Jubilados y Pensionados\",\"Obra Social\",\"OSER\",\"Paran\u00e1\"],\"articleSection\":[\"Paran\u00e1\"],\"inLanguage\":\"es\",\"potentialAction\":[{\"@type\":\"CommentAction\",\"name\":\"Comment\",\"target\":[\"https:\\\/\\\/informelitoral.com.ar\\\/la-conduccion-del-centro-de-jubilados-cuestiona-la-prestacion-de-servicios-de-la-oser\\\/#respond\"]}]},{\"@type\":\"WebPage\",\"@id\":\"https:\\\/\\\/informelitoral.com.ar\\\/la-conduccion-del-centro-de-jubilados-cuestiona-la-prestacion-de-servicios-de-la-oser\\\/\",\"url\":\"https:\\\/\\\/informelitoral.com.ar\\\/la-conduccion-del-centro-de-jubilados-cuestiona-la-prestacion-de-servicios-de-la-oser\\\/\",\"name\":\"La conducci\u00f3n del Centro de Jubilados cuestiona la prestaci\u00f3n de servicios de la Oser - Informe Litoral\",\"isPartOf\":{\"@id\":\"https:\\\/\\\/informelitoral.com.ar\\\/#website\"},\"primaryImageOfPage\":{\"@id\":\"https:\\\/\\\/informelitoral.com.ar\\\/la-conduccion-del-centro-de-jubilados-cuestiona-la-prestacion-de-servicios-de-la-oser\\\/#primaryimage\"},\"image\":{\"@id\":\"https:\\\/\\\/informelitoral.com.ar\\\/la-conduccion-del-centro-de-jubilados-cuestiona-la-prestacion-de-servicios-de-la-oser\\\/#primaryimage\"},\"thumbnailUrl\":\"https:\\\/\\\/lh3.googleusercontent.com\\\/drive-storage\\\/AJQWtBPqWdLyfhZR3UMcSUTYja66Q8t_naeRd6zcDgbSsCHyrm3G559rOaneS7UFIaBMebD-TB1iFQlPQnT55_J-IPaKEhK2wDGiqu2uTI8rzkpoMg=w2048\",\"datePublished\":\"2025-10-18T08:16:05+00:00\",\"dateModified\":\"2025-10-18T15:22:07+00:00\",\"breadcrumb\":{\"@id\":\"https:\\\/\\\/informelitoral.com.ar\\\/la-conduccion-del-centro-de-jubilados-cuestiona-la-prestacion-de-servicios-de-la-oser\\\/#breadcrumb\"},\"inLanguage\":\"es\",\"potentialAction\":[{\"@type\":\"ReadAction\",\"target\":[\"https:\\\/\\\/informelitoral.com.ar\\\/la-conduccion-del-centro-de-jubilados-cuestiona-la-prestacion-de-servicios-de-la-oser\\\/\"]}]},{\"@type\":\"ImageObject\",\"inLanguage\":\"es\",\"@id\":\"https:\\\/\\\/informelitoral.com.ar\\\/la-conduccion-del-centro-de-jubilados-cuestiona-la-prestacion-de-servicios-de-la-oser\\\/#primaryimage\",\"url\":\"https:\\\/\\\/lh3.googleusercontent.com\\\/drive-storage\\\/AJQWtBPqWdLyfhZR3UMcSUTYja66Q8t_naeRd6zcDgbSsCHyrm3G559rOaneS7UFIaBMebD-TB1iFQlPQnT55_J-IPaKEhK2wDGiqu2uTI8rzkpoMg=w2048\",\"contentUrl\":\"https:\\\/\\\/lh3.googleusercontent.com\\\/drive-storage\\\/AJQWtBPqWdLyfhZR3UMcSUTYja66Q8t_naeRd6zcDgbSsCHyrm3G559rOaneS7UFIaBMebD-TB1iFQlPQnT55_J-IPaKEhK2wDGiqu2uTI8rzkpoMg=w2048\",\"width\":\"660\",\"height\":\"330\"},{\"@type\":\"BreadcrumbList\",\"@id\":\"https:\\\/\\\/informelitoral.com.ar\\\/la-conduccion-del-centro-de-jubilados-cuestiona-la-prestacion-de-servicios-de-la-oser\\\/#breadcrumb\",\"itemListElement\":[{\"@type\":\"ListItem\",\"position\":1,\"name\":\"Portada\",\"item\":\"https:\\\/\\\/informelitoral.com.ar\\\/\"},{\"@type\":\"ListItem\",\"position\":2,\"name\":\"La conducci\u00f3n del Centro de Jubilados cuestiona la prestaci\u00f3n de servicios de la Oser\"}]},{\"@type\":\"WebSite\",\"@id\":\"https:\\\/\\\/informelitoral.com.ar\\\/#website\",\"url\":\"https:\\\/\\\/informelitoral.com.ar\\\/\",\"name\":\"Informe Litoral\",\"description\":\"&quot;Nos informamos&quot; \",\"publisher\":{\"@id\":\"https:\\\/\\\/informelitoral.com.ar\\\/#organization\"},\"potentialAction\":[{\"@type\":\"SearchAction\",\"target\":{\"@type\":\"EntryPoint\",\"urlTemplate\":\"https:\\\/\\\/informelitoral.com.ar\\\/?s={search_term_string}\"},\"query-input\":{\"@type\":\"PropertyValueSpecification\",\"valueRequired\":true,\"valueName\":\"search_term_string\"}}],\"inLanguage\":\"es\"},{\"@type\":\"Organization\",\"@id\":\"https:\\\/\\\/informelitoral.com.ar\\\/#organization\",\"name\":\"Informe Litoral\",\"url\":\"https:\\\/\\\/informelitoral.com.ar\\\/\",\"logo\":{\"@type\":\"ImageObject\",\"inLanguage\":\"es\",\"@id\":\"https:\\\/\\\/informelitoral.com.ar\\\/#\\\/schema\\\/logo\\\/image\\\/\",\"url\":\"https:\\\/\\\/informelitoral.com.ar\\\/%77%70%2d%63%6f%6e%74%65%6e%74\\\/uploads\\\/2021\\\/01\\\/circulo.png\",\"contentUrl\":\"https:\\\/\\\/informelitoral.com.ar\\\/%77%70%2d%63%6f%6e%74%65%6e%74\\\/uploads\\\/2021\\\/01\\\/circulo.png\",\"width\":723,\"height\":731,\"caption\":\"Informe Litoral\"},\"image\":{\"@id\":\"https:\\\/\\\/informelitoral.com.ar\\\/#\\\/schema\\\/logo\\\/image\\\/\"},\"sameAs\":[\"https:\\\/\\\/www.facebook.com\\\/informelitoral\\\/\",\"https:\\\/\\\/x.com\\\/InformeLitoral\",\"https:\\\/\\\/www.instagram.com\\\/informelitoral\\\/\",\"https:\\\/\\\/www.youtube.com\\\/channel\\\/UCua4Qvz8Icb6MYqhoq9xLXw\"]},{\"@type\":\"Person\",\"@id\":\"https:\\\/\\\/informelitoral.com.ar\\\/#\\\/schema\\\/person\\\/b9d00407c836482871ef1d57bf8e3180\",\"name\":\"Gonzalo Schmidt\",\"image\":{\"@type\":\"ImageObject\",\"inLanguage\":\"es\",\"@id\":\"https:\\\/\\\/secure.gravatar.com\\\/avatar\\\/31a1a7b66ff2de83bd0e9fd79d026630d2d99e55e8bfe501287647b4fd9743de?s=96&d=mm&r=g\",\"url\":\"https:\\\/\\\/secure.gravatar.com\\\/avatar\\\/31a1a7b66ff2de83bd0e9fd79d026630d2d99e55e8bfe501287647b4fd9743de?s=96&d=mm&r=g\",\"contentUrl\":\"https:\\\/\\\/secure.gravatar.com\\\/avatar\\\/31a1a7b66ff2de83bd0e9fd79d026630d2d99e55e8bfe501287647b4fd9743de?s=96&d=mm&r=g\",\"caption\":\"Gonzalo Schmidt\"},\"description\":\"Sitio web de noticias de la provincia de Entre R\u00edos, Argentina. Informaci\u00f3n y entretenimiento. Informe Litoral, nos informamos.\",\"sameAs\":[\"http:\\\/\\\/www.isletasnoticias.com.ar\"],\"url\":\"https:\\\/\\\/informelitoral.com.ar\\\/author\\\/gonzalo\\\/\"}]}<\/script>","yoast_head_json":{"title":"La conducci\u00f3n del Centro de Jubilados cuestiona la prestaci\u00f3n de servicios de la Oser - Informe Litoral","robots":{"index":"index","follow":"follow","max-snippet":"max-snippet:-1","max-image-preview":"max-image-preview:large","max-video-preview":"max-video-preview:-1"},"canonical":"https:\/\/informelitoral.com.ar\/la-conduccion-del-centro-de-jubilados-cuestiona-la-prestacion-de-servicios-de-la-oser\/","og_locale":"es_ES","og_type":"article","og_title":"La conducci\u00f3n del Centro de Jubilados cuestiona la prestaci\u00f3n de servicios de la Oser - Informe Litoral","og_description":"Los jubilados y pensionados de Paran\u00e1 reclaman mejoras en la atenci\u00f3n y en la autorizaci\u00f3n tanto de prestaciones como de medicamentos. Advierten que la obra social \u201cquit\u00f3 el reintegro de \u00f3pticas y el porcentaje de cobertura en medicamentos, que del 70% pas\u00f3 en su mayor\u00eda al 40%\u201d.","og_url":"https:\/\/informelitoral.com.ar\/la-conduccion-del-centro-de-jubilados-cuestiona-la-prestacion-de-servicios-de-la-oser\/","og_site_name":"Informe Litoral","article_publisher":"https:\/\/www.facebook.com\/informelitoral\/","article_published_time":"2025-10-18T08:16:05+00:00","article_modified_time":"2025-10-18T15:22:07+00:00","og_image":[{"url":"https:\/\/lh3.googleusercontent.com\/drive-storage\/AJQWtBPqWdLyfhZR3UMcSUTYja66Q8t_naeRd6zcDgbSsCHyrm3G559rOaneS7UFIaBMebD-TB1iFQlPQnT55_J-IPaKEhK2wDGiqu2uTI8rzkpoMg=w2048","type":"","width":"","height":""},{"width":660,"height":330,"url":"https:\/\/lh3.googleusercontent.com\/drive-storage\/AJQWtBPqWdLyfhZR3UMcSUTYja66Q8t_naeRd6zcDgbSsCHyrm3G559rOaneS7UFIaBMebD-TB1iFQlPQnT55_J-IPaKEhK2wDGiqu2uTI8rzkpoMg=w2048","type":"image\/jpeg"}],"author":"Gonzalo Schmidt","twitter_card":"summary_large_image","twitter_image":"https:\/\/lh3.googleusercontent.com\/drive-storage\/AJQWtBPqWdLyfhZR3UMcSUTYja66Q8t_naeRd6zcDgbSsCHyrm3G559rOaneS7UFIaBMebD-TB1iFQlPQnT55_J-IPaKEhK2wDGiqu2uTI8rzkpoMg=w2048","twitter_creator":"@InformeLitoral","twitter_site":"@InformeLitoral","twitter_misc":{"Escrito por":"Gonzalo Schmidt","Tiempo de lectura":"2 minutos"},"schema":{"@context":"https:\/\/schema.org","@graph":[{"@type":"Article","@id":"https:\/\/informelitoral.com.ar\/la-conduccion-del-centro-de-jubilados-cuestiona-la-prestacion-de-servicios-de-la-oser\/#article","isPartOf":{"@id":"https:\/\/informelitoral.com.ar\/la-conduccion-del-centro-de-jubilados-cuestiona-la-prestacion-de-servicios-de-la-oser\/"},"author":{"name":"Gonzalo Schmidt","@id":"https:\/\/informelitoral.com.ar\/#\/schema\/person\/b9d00407c836482871ef1d57bf8e3180"},"headline":"La conducci\u00f3n del Centro de Jubilados cuestiona la prestaci\u00f3n de servicios de la Oser","datePublished":"2025-10-18T08:16:05+00:00","dateModified":"2025-10-18T15:22:07+00:00","mainEntityOfPage":{"@id":"https:\/\/informelitoral.com.ar\/la-conduccion-del-centro-de-jubilados-cuestiona-la-prestacion-de-servicios-de-la-oser\/"},"wordCount":429,"commentCount":0,"publisher":{"@id":"https:\/\/informelitoral.com.ar\/#organization"},"image":{"@id":"https:\/\/informelitoral.com.ar\/la-conduccion-del-centro-de-jubilados-cuestiona-la-prestacion-de-servicios-de-la-oser\/#primaryimage"},"thumbnailUrl":"https:\/\/lh3.googleusercontent.com\/drive-storage\/AJQWtBPqWdLyfhZR3UMcSUTYja66Q8t_naeRd6zcDgbSsCHyrm3G559rOaneS7UFIaBMebD-TB1iFQlPQnT55_J-IPaKEhK2wDGiqu2uTI8rzkpoMg=w2048","keywords":["Jubilados","Jubilados y Pensionados","Obra Social","OSER","Paran\u00e1"],"articleSection":["Paran\u00e1"],"inLanguage":"es","potentialAction":[{"@type":"CommentAction","name":"Comment","target":["https:\/\/informelitoral.com.ar\/la-conduccion-del-centro-de-jubilados-cuestiona-la-prestacion-de-servicios-de-la-oser\/#respond"]}]},{"@type":"WebPage","@id":"https:\/\/informelitoral.com.ar\/la-conduccion-del-centro-de-jubilados-cuestiona-la-prestacion-de-servicios-de-la-oser\/","url":"https:\/\/informelitoral.com.ar\/la-conduccion-del-centro-de-jubilados-cuestiona-la-prestacion-de-servicios-de-la-oser\/","name":"La conducci\u00f3n del Centro de Jubilados cuestiona la prestaci\u00f3n de servicios de la Oser - Informe Litoral","isPartOf":{"@id":"https:\/\/informelitoral.com.ar\/#website"},"primaryImageOfPage":{"@id":"https:\/\/informelitoral.com.ar\/la-conduccion-del-centro-de-jubilados-cuestiona-la-prestacion-de-servicios-de-la-oser\/#primaryimage"},"image":{"@id":"https:\/\/informelitoral.com.ar\/la-conduccion-del-centro-de-jubilados-cuestiona-la-prestacion-de-servicios-de-la-oser\/#primaryimage"},"thumbnailUrl":"https:\/\/lh3.googleusercontent.com\/drive-storage\/AJQWtBPqWdLyfhZR3UMcSUTYja66Q8t_naeRd6zcDgbSsCHyrm3G559rOaneS7UFIaBMebD-TB1iFQlPQnT55_J-IPaKEhK2wDGiqu2uTI8rzkpoMg=w2048","datePublished":"2025-10-18T08:16:05+00:00","dateModified":"2025-10-18T15:22:07+00:00","breadcrumb":{"@id":"https:\/\/informelitoral.com.ar\/la-conduccion-del-centro-de-jubilados-cuestiona-la-prestacion-de-servicios-de-la-oser\/#breadcrumb"},"inLanguage":"es","potentialAction":[{"@type":"ReadAction","target":["https:\/\/informelitoral.com.ar\/la-conduccion-del-centro-de-jubilados-cuestiona-la-prestacion-de-servicios-de-la-oser\/"]}]},{"@type":"ImageObject","inLanguage":"es","@id":"https:\/\/informelitoral.com.ar\/la-conduccion-del-centro-de-jubilados-cuestiona-la-prestacion-de-servicios-de-la-oser\/#primaryimage","url":"https:\/\/lh3.googleusercontent.com\/drive-storage\/AJQWtBPqWdLyfhZR3UMcSUTYja66Q8t_naeRd6zcDgbSsCHyrm3G559rOaneS7UFIaBMebD-TB1iFQlPQnT55_J-IPaKEhK2wDGiqu2uTI8rzkpoMg=w2048","contentUrl":"https:\/\/lh3.googleusercontent.com\/drive-storage\/AJQWtBPqWdLyfhZR3UMcSUTYja66Q8t_naeRd6zcDgbSsCHyrm3G559rOaneS7UFIaBMebD-TB1iFQlPQnT55_J-IPaKEhK2wDGiqu2uTI8rzkpoMg=w2048","width":"660","height":"330"},{"@type":"BreadcrumbList","@id":"https:\/\/informelitoral.com.ar\/la-conduccion-del-centro-de-jubilados-cuestiona-la-prestacion-de-servicios-de-la-oser\/#breadcrumb","itemListElement":[{"@type":"ListItem","position":1,"name":"Portada","item":"https:\/\/informelitoral.com.ar\/"},{"@type":"ListItem","position":2,"name":"La conducci\u00f3n del Centro de Jubilados cuestiona la prestaci\u00f3n de servicios de la Oser"}]},{"@type":"WebSite","@id":"https:\/\/informelitoral.com.ar\/#website","url":"https:\/\/informelitoral.com.ar\/","name":"Informe Litoral","description":"&quot;Nos informamos&quot; ","publisher":{"@id":"https:\/\/informelitoral.com.ar\/#organization"},"potentialAction":[{"@type":"SearchAction","target":{"@type":"EntryPoint","urlTemplate":"https:\/\/informelitoral.com.ar\/?s={search_term_string}"},"query-input":{"@type":"PropertyValueSpecification","valueRequired":true,"valueName":"search_term_string"}}],"inLanguage":"es"},{"@type":"Organization","@id":"https:\/\/informelitoral.com.ar\/#organization","name":"Informe Litoral","url":"https:\/\/informelitoral.com.ar\/","logo":{"@type":"ImageObject","inLanguage":"es","@id":"https:\/\/informelitoral.com.ar\/#\/schema\/logo\/image\/","url":"https:\/\/informelitoral.com.ar\/%77%70%2d%63%6f%6e%74%65%6e%74\/uploads\/2021\/01\/circulo.png","contentUrl":"https:\/\/informelitoral.com.ar\/%77%70%2d%63%6f%6e%74%65%6e%74\/uploads\/2021\/01\/circulo.png","width":723,"height":731,"caption":"Informe Litoral"},"image":{"@id":"https:\/\/informelitoral.com.ar\/#\/schema\/logo\/image\/"},"sameAs":["https:\/\/www.facebook.com\/informelitoral\/","https:\/\/x.com\/InformeLitoral","https:\/\/www.instagram.com\/informelitoral\/","https:\/\/www.youtube.com\/channel\/UCua4Qvz8Icb6MYqhoq9xLXw"]},{"@type":"Person","@id":"https:\/\/informelitoral.com.ar\/#\/schema\/person\/b9d00407c836482871ef1d57bf8e3180","name":"Gonzalo Schmidt","image":{"@type":"ImageObject","inLanguage":"es","@id":"https:\/\/secure.gravatar.com\/avatar\/31a1a7b66ff2de83bd0e9fd79d026630d2d99e55e8bfe501287647b4fd9743de?s=96&d=mm&r=g","url":"https:\/\/secure.gravatar.com\/avatar\/31a1a7b66ff2de83bd0e9fd79d026630d2d99e55e8bfe501287647b4fd9743de?s=96&d=mm&r=g","contentUrl":"https:\/\/secure.gravatar.com\/avatar\/31a1a7b66ff2de83bd0e9fd79d026630d2d99e55e8bfe501287647b4fd9743de?s=96&d=mm&r=g","caption":"Gonzalo Schmidt"},"description":"Sitio web de noticias de la provincia de Entre R\u00edos, Argentina. Informaci\u00f3n y entretenimiento. Informe Litoral, nos informamos.","sameAs":["http:\/\/www.isletasnoticias.com.ar"],"url":"https:\/\/informelitoral.com.ar\/author\/gonzalo\/"}]}},"fifu_image_url":"https:\/\/lh3.googleusercontent.com\/drive-storage\/AJQWtBPqWdLyfhZR3UMcSUTYja66Q8t_naeRd6zcDgbSsCHyrm3G559rOaneS7UFIaBMebD-TB1iFQlPQnT55_J-IPaKEhK2wDGiqu2uTI8rzkpoMg=w2048","_links":{"self":[{"href":"https:\/\/informelitoral.com.ar\/%77%70%2d%6a%73%6f%6e\/wp\/v2\/posts\/237411","targetHints":{"allow":["GET"]}}],"collection":[{"href":"https:\/\/informelitoral.com.ar\/%77%70%2d%6a%73%6f%6e\/wp\/v2\/posts"}],"about":[{"href":"https:\/\/informelitoral.com.ar\/%77%70%2d%6a%73%6f%6e\/wp\/v2\/types\/post"}],"author":[{"embeddable":true,"href":"https:\/\/informelitoral.com.ar\/%77%70%2d%6a%73%6f%6e\/wp\/v2\/users\/2"}],"replies":[{"embeddable":true,"href":"https:\/\/informelitoral.com.ar\/%77%70%2d%6a%73%6f%6e\/wp\/v2\/comments?post=237411"}],"version-history":[{"count":1,"href":"https:\/\/informelitoral.com.ar\/%77%70%2d%6a%73%6f%6e\/wp\/v2\/posts\/237411\/revisions"}],"predecessor-version":[{"id":237413,"href":"https:\/\/informelitoral.com.ar\/%77%70%2d%6a%73%6f%6e\/wp\/v2\/posts\/237411\/revisions\/237413"}],"wp:featuredmedia":[{"embeddable":true,"href":"https:\/\/informelitoral.com.ar\/%77%70%2d%6a%73%6f%6e\/wp\/v2\/media\/237412"}],"wp:attachment":[{"href":"https:\/\/informelitoral.com.ar\/%77%70%2d%6a%73%6f%6e\/wp\/v2\/media?parent=237411"}],"wp:term":[{"taxonomy":"category","embeddable":true,"href":"https:\/\/informelitoral.com.ar\/%77%70%2d%6a%73%6f%6e\/wp\/v2\/categories?post=237411"},{"taxonomy":"post_tag","embeddable":true,"href":"https:\/\/informelitoral.com.ar\/%77%70%2d%6a%73%6f%6e\/wp\/v2\/tags?post=237411"}],"curies":[{"name":"wp","href":"https:\/\/api.w.org\/{rel}","templated":true}]}}