{"id":237391,"date":"2025-10-18T09:51:37","date_gmt":"2025-10-18T12:51:37","guid":{"rendered":"https:\/\/informelitoral.com.ar\/?p=237391"},"modified":"2025-10-21T12:07:31","modified_gmt":"2025-10-21T15:07:31","slug":"el-campeonato-argentino-de-remo-master-se-realiza-por-primera-vez-en-entre-rios","status":"publish","type":"post","link":"https:\/\/informelitoral.com.ar\/el-campeonato-argentino-de-remo-master-se-realiza-por-primera-vez-en-entre-rios\/","title":{"rendered":"El Campeonato Argentino de Remo M\u00e1ster se realiza por primera vez en Entre R\u00edos"},"content":{"rendered":"<p>La competencia, que por primera vez se desarrolla en territorio entrerriano, tiene lugar en el balneario de Valle Mar\u00eda y re\u00fane a m\u00e1s de 200 remeros m\u00e1ster -con edades que van desde los 27 hasta los 80 a\u00f1os- junto a entrenadores y familiares. Participan clubes de Rosario, Santa Fe, C\u00f3rdoba, Tigre, Z\u00e1rate, San Nicol\u00e1s, Corrientes, La Plata y Paran\u00e1, entre otros.<\/p>\n<h6><em><strong>Nota relacionada:\u00a0<a href=\"https:\/\/informelitoral.com.ar\/valle-maria-inicia-manana-el-campeonato-argentino-de-remo-master\/\" target=\"_blank\" rel=\"noopener\">Valle Mar\u00eda: inicia ma\u00f1ana el Campeonato Argentino de Remo M\u00e1ster<\/a><\/strong><\/em><\/h6>\n<p>El evento es organizado por la Asociaci\u00f3n Argentina de Remeros Aficionados (AARA), el Paran\u00e1 Rowing Club y la Municipalidad de Valle Mar\u00eda, con el apoyo del Gobierno de Entre R\u00edos.<\/p>\n<p>El secretario general de la Gobernaci\u00f3n, <strong>Mauricio Colello,<\/strong> visit\u00f3 el balneario donde dialog\u00f3 con remeros e integrantes de AARA y destac\u00f3 el desarrollo de la competencia nacional como \u00abuna muestra de que cuando todos ponemos un granito de arena las cosas suceden\u00bb. Resalt\u00f3 adem\u00e1s las bondades naturales de la regi\u00f3n al mencionar el espejo de agua de Valle Mar\u00eda que se destaca a nivel pa\u00eds, \u00abes un lugar \u00f3ptimo de condiciones naturales perfectas para darse este campeonato de remo que adem\u00e1s es la primera vez que llega a Entre R\u00edos\u00bb.<\/p>\n<p>Colello hizo hincapi\u00e9 adem\u00e1s en el impacto positivo de la competencia, \u00abno solamente en el fomento del deporte, que para nosotros es una prioridad en el gobierno, sino en todo lo que implica para Valle Mar\u00eda y la zona en t\u00e9rminos del movimiento econ\u00f3mico que se genera producto del turismo\u00bb.<\/p>\n<p><img loading=\"lazy\" decoding=\"async\" class=\"aligncenter size-full wp-image-237739\" src=\"https:\/\/drive.google.com\/thumbnail?id=1mzqn0lCoRhkdSfXaP586DhcuCnsT48GB&amp;sz=w2048\" alt=\"\" width=\"6016\" height=\"4016\" \/><\/p>\n<p>Por su parte, el secretario de Deportes, <strong>Sebasti\u00e1n Uranga<\/strong>, valor\u00f3 la realizaci\u00f3n del evento como \u00abun salto de calidad enorme para la provincia\u00bb, y resalt\u00f3 el compromiso de continuar trabajando \u00aben esta comuni\u00f3n que es provincia, municipio y federaci\u00f3n, algo que buscamos consolidar en todas las \u00e1reas\u00bb.<\/p>\n<p>El intendente de Valle Mar\u00eda, <strong>Mario Sokolovsky,<\/strong> se mostr\u00f3 emocionado y agradecido por la designaci\u00f3n de la localidad como sede. \u00abLos participantes, \u00e1rbitros y el entrenador de la selecci\u00f3n nacional destacan las caracter\u00edsticas del lugar y, sobre todo, de la pista. Nos manifiestan que est\u00e1n dadas las condiciones para aspirar incluso a competencias internacionales. Desde el municipio ponemos todo a disposici\u00f3n, porque adem\u00e1s la actividad tur\u00edstica viene creciendo mucho en nuestra zona\u00bb, se\u00f1al\u00f3.<\/p>\n<p>Tambi\u00e9n el presidente de la Comisi\u00f3n de Remo Indoor, <strong>Fabricio San Mart\u00edn,<\/strong> expres\u00f3 su entusiasmo: \u00abComo remero estoy muy feliz por esta nueva pista y por el apoyo de las autoridades. Todos los competidores est\u00e1n encantados y esperan poder volver en pr\u00f3ximas oportunidades, porque no hay muchas pistas como esta en el pa\u00eds\u00bb.<\/p>\n<p>Entre los participantes se destacan remeros con trayectoria ol\u00edmpica, lo que otorga al certamen una jerarqu\u00eda especial. Uno de ellos, <strong>Marcelo Lommo,<\/strong> campe\u00f3n sudamericano de remo m\u00e1ster y representante del Club Regatas La Plata, asegur\u00f3: \u00abEsto realmente es un para\u00edso para nosotros. Conoc\u00ed el lugar hace un a\u00f1o y lo primero que dije fue `c\u00f3mo no se practica remo ac\u00e1\u00bf. Las instalaciones y condiciones naturales del lugar son \u00f3ptimas\u00bb.<\/p>\n<p>La jornada del viernes debi\u00f3 ser interrumpida al mediod\u00eda por las intensas r\u00e1fagas de viento que impidieron que los remeros pudieran\u00a0competir. El cronograma se retomar\u00e1 en las primeras horas del s\u00e1bado y se extender\u00e1 durante toda la jornada.<\/p>\n<h6><em><strong>Del archivo:\u00a0<a href=\"https:\/\/informelitoral.com.ar\/diamante-profesionales-se-capacitaron-sobre-el-cuidado-integral-a-personas-mayores\/\" target=\"_blank\" rel=\"noopener\">Diamante: profesionales se capacitaron sobre el cuidado integral a personas mayores<\/a><\/strong><\/em><\/h6>\n","protected":false},"excerpt":{"rendered":"<p>M\u00e1s de 200 competidores de todo el pa\u00eds participan este fin de semana del Campeonato Argentino de Remo M\u00e1ster 2025 en Valle Mar\u00eda, con el acompa\u00f1amiento del Gobierno de Entre R\u00edos.<\/p>\n","protected":false},"author":2,"featured_media":237732,"comment_status":"open","ping_status":"open","sticky":false,"template":"","format":"standard","meta":{"fifu_image_url":"","fifu_image_alt":"","footnotes":""},"categories":[5,4590],"tags":[2590,5656,5059,61],"class_list":{"0":"post-237391","1":"post","2":"type-post","3":"status-publish","4":"format-standard","5":"has-post-thumbnail","7":"category-zonales","8":"category-valle-maria","9":"tag-balneario-de-valle-maria","10":"tag-mauricio-colello","11":"tag-remo","12":"tag-valle-maria"},"yoast_head":"<title>El Campeonato Argentino de Remo M\u00e1ster se realiza por primera vez en Entre R\u00edos - Informe Litoral<\/title>\n<meta name=\"robots\" content=\"index, follow, max-snippet:-1, max-image-preview:large, max-video-preview:-1\" \/>\n<link rel=\"canonical\" href=\"https:\/\/informelitoral.com.ar\/el-campeonato-argentino-de-remo-master-se-realiza-por-primera-vez-en-entre-rios\/\" \/>\n<meta property=\"og:locale\" content=\"es_ES\" \/>\n<meta property=\"og:type\" content=\"article\" \/>\n<meta property=\"og:title\" content=\"El Campeonato Argentino de Remo M\u00e1ster se realiza por primera vez en Entre R\u00edos - Informe Litoral\" \/>\n<meta property=\"og:description\" content=\"M\u00e1s de 200 competidores de todo el pa\u00eds participan este fin de semana del Campeonato Argentino de Remo M\u00e1ster 2025 en Valle Mar\u00eda, con el acompa\u00f1amiento del Gobierno de Entre R\u00edos.\" \/>\n<meta property=\"og:url\" content=\"https:\/\/informelitoral.com.ar\/el-campeonato-argentino-de-remo-master-se-realiza-por-primera-vez-en-entre-rios\/\" \/>\n<meta property=\"og:site_name\" content=\"Informe Litoral\" \/>\n<meta property=\"article:publisher\" content=\"https:\/\/www.facebook.com\/informelitoral\/\" \/>\n<meta property=\"article:published_time\" content=\"2025-10-18T12:51:37+00:00\" \/>\n<meta property=\"article:modified_time\" content=\"2025-10-21T15:07:31+00:00\" \/>\n<meta property=\"og:image\" content=\"https:\/\/drive.google.com\/https:\/\/lh3.googleusercontent.com\/drive-storage\/AJQWtBMbKMdLIwHd7ye2lj8E5Ae4-nEIvc0N2hIS5Gn_ayvwUIsKmhVQrYBI4xXwWSSzTk0-hHC222wdb7G6iiH63rBlu4W5f53VMjZYQtFg4ObqMQ=256-h256\" \/>\n\t<meta property=\"og:image:width\" content=\"1024\" \/>\n\t<meta property=\"og:image:height\" content=\"1024\" \/>\n\t<meta property=\"og:image:type\" content=\"image\/jpeg\" \/>\n<meta name=\"author\" content=\"Gonzalo Schmidt\" \/>\n<meta name=\"twitter:card\" content=\"summary_large_image\" \/>\n<meta name=\"twitter:creator\" content=\"@InformeLitoral\" \/>\n<meta name=\"twitter:site\" content=\"@InformeLitoral\" \/>\n<meta name=\"twitter:label1\" content=\"Escrito por\" \/>\n\t<meta name=\"twitter:data1\" content=\"Gonzalo Schmidt\" \/>\n\t<meta name=\"twitter:label2\" content=\"Tiempo de lectura\" \/>\n\t<meta name=\"twitter:data2\" content=\"3 minutos\" \/>\n<script type=\"application\/ld+json\" class=\"yoast-schema-graph\">{\"@context\":\"https:\\\/\\\/schema.org\",\"@graph\":[{\"@type\":\"Article\",\"@id\":\"https:\\\/\\\/informelitoral.com.ar\\\/el-campeonato-argentino-de-remo-master-se-realiza-por-primera-vez-en-entre-rios\\\/#article\",\"isPartOf\":{\"@id\":\"https:\\\/\\\/informelitoral.com.ar\\\/el-campeonato-argentino-de-remo-master-se-realiza-por-primera-vez-en-entre-rios\\\/\"},\"author\":{\"name\":\"Gonzalo Schmidt\",\"@id\":\"https:\\\/\\\/informelitoral.com.ar\\\/#\\\/schema\\\/person\\\/b9d00407c836482871ef1d57bf8e3180\"},\"headline\":\"El Campeonato Argentino de Remo M\u00e1ster se realiza por primera vez en Entre R\u00edos\",\"datePublished\":\"2025-10-18T12:51:37+00:00\",\"dateModified\":\"2025-10-21T15:07:31+00:00\",\"mainEntityOfPage\":{\"@id\":\"https:\\\/\\\/informelitoral.com.ar\\\/el-campeonato-argentino-de-remo-master-se-realiza-por-primera-vez-en-entre-rios\\\/\"},\"wordCount\":604,\"commentCount\":0,\"publisher\":{\"@id\":\"https:\\\/\\\/informelitoral.com.ar\\\/#organization\"},\"image\":{\"@id\":\"https:\\\/\\\/informelitoral.com.ar\\\/el-campeonato-argentino-de-remo-master-se-realiza-por-primera-vez-en-entre-rios\\\/#primaryimage\"},\"thumbnailUrl\":\"https:\\\/\\\/drive.google.com\\\/thumbnail?id=1aSTr3JZM7mGNJBuIPDJfiWtchb6wAlXX&sz=w2048\",\"keywords\":[\"Balneario de Valle Mar\u00eda\",\"Mauricio Colello\",\"Remo\",\"Valle Mar\u00eda\"],\"articleSection\":[\"Departamento Diamante\",\"Valle Mar\u00eda\"],\"inLanguage\":\"es\",\"potentialAction\":[{\"@type\":\"CommentAction\",\"name\":\"Comment\",\"target\":[\"https:\\\/\\\/informelitoral.com.ar\\\/el-campeonato-argentino-de-remo-master-se-realiza-por-primera-vez-en-entre-rios\\\/#respond\"]}]},{\"@type\":\"WebPage\",\"@id\":\"https:\\\/\\\/informelitoral.com.ar\\\/el-campeonato-argentino-de-remo-master-se-realiza-por-primera-vez-en-entre-rios\\\/\",\"url\":\"https:\\\/\\\/informelitoral.com.ar\\\/el-campeonato-argentino-de-remo-master-se-realiza-por-primera-vez-en-entre-rios\\\/\",\"name\":\"El Campeonato Argentino de Remo M\u00e1ster se realiza por primera vez en Entre R\u00edos - Informe Litoral\",\"isPartOf\":{\"@id\":\"https:\\\/\\\/informelitoral.com.ar\\\/#website\"},\"primaryImageOfPage\":{\"@id\":\"https:\\\/\\\/informelitoral.com.ar\\\/el-campeonato-argentino-de-remo-master-se-realiza-por-primera-vez-en-entre-rios\\\/#primaryimage\"},\"image\":{\"@id\":\"https:\\\/\\\/informelitoral.com.ar\\\/el-campeonato-argentino-de-remo-master-se-realiza-por-primera-vez-en-entre-rios\\\/#primaryimage\"},\"thumbnailUrl\":\"https:\\\/\\\/drive.google.com\\\/thumbnail?id=1aSTr3JZM7mGNJBuIPDJfiWtchb6wAlXX&sz=w2048\",\"datePublished\":\"2025-10-18T12:51:37+00:00\",\"dateModified\":\"2025-10-21T15:07:31+00:00\",\"breadcrumb\":{\"@id\":\"https:\\\/\\\/informelitoral.com.ar\\\/el-campeonato-argentino-de-remo-master-se-realiza-por-primera-vez-en-entre-rios\\\/#breadcrumb\"},\"inLanguage\":\"es\",\"potentialAction\":[{\"@type\":\"ReadAction\",\"target\":[\"https:\\\/\\\/informelitoral.com.ar\\\/el-campeonato-argentino-de-remo-master-se-realiza-por-primera-vez-en-entre-rios\\\/\"]}]},{\"@type\":\"ImageObject\",\"inLanguage\":\"es\",\"@id\":\"https:\\\/\\\/informelitoral.com.ar\\\/el-campeonato-argentino-de-remo-master-se-realiza-por-primera-vez-en-entre-rios\\\/#primaryimage\",\"url\":\"https:\\\/\\\/drive.google.com\\\/thumbnail?id=1aSTr3JZM7mGNJBuIPDJfiWtchb6wAlXX&sz=w2048\",\"contentUrl\":\"https:\\\/\\\/drive.google.com\\\/thumbnail?id=1aSTr3JZM7mGNJBuIPDJfiWtchb6wAlXX&sz=w2048\",\"width\":6016,\"height\":4016},{\"@type\":\"BreadcrumbList\",\"@id\":\"https:\\\/\\\/informelitoral.com.ar\\\/el-campeonato-argentino-de-remo-master-se-realiza-por-primera-vez-en-entre-rios\\\/#breadcrumb\",\"itemListElement\":[{\"@type\":\"ListItem\",\"position\":1,\"name\":\"Portada\",\"item\":\"https:\\\/\\\/informelitoral.com.ar\\\/\"},{\"@type\":\"ListItem\",\"position\":2,\"name\":\"El Campeonato Argentino de Remo M\u00e1ster se realiza por primera vez en Entre R\u00edos\"}]},{\"@type\":\"WebSite\",\"@id\":\"https:\\\/\\\/informelitoral.com.ar\\\/#website\",\"url\":\"https:\\\/\\\/informelitoral.com.ar\\\/\",\"name\":\"Informe Litoral\",\"description\":\"&quot;Nos informamos&quot; \",\"publisher\":{\"@id\":\"https:\\\/\\\/informelitoral.com.ar\\\/#organization\"},\"potentialAction\":[{\"@type\":\"SearchAction\",\"target\":{\"@type\":\"EntryPoint\",\"urlTemplate\":\"https:\\\/\\\/informelitoral.com.ar\\\/?s={search_term_string}\"},\"query-input\":{\"@type\":\"PropertyValueSpecification\",\"valueRequired\":true,\"valueName\":\"search_term_string\"}}],\"inLanguage\":\"es\"},{\"@type\":\"Organization\",\"@id\":\"https:\\\/\\\/informelitoral.com.ar\\\/#organization\",\"name\":\"Informe Litoral\",\"url\":\"https:\\\/\\\/informelitoral.com.ar\\\/\",\"logo\":{\"@type\":\"ImageObject\",\"inLanguage\":\"es\",\"@id\":\"https:\\\/\\\/informelitoral.com.ar\\\/#\\\/schema\\\/logo\\\/image\\\/\",\"url\":\"https:\\\/\\\/informelitoral.com.ar\\\/%77%70%2d%63%6f%6e%74%65%6e%74\\\/uploads\\\/2021\\\/01\\\/circulo.png\",\"contentUrl\":\"https:\\\/\\\/informelitoral.com.ar\\\/%77%70%2d%63%6f%6e%74%65%6e%74\\\/uploads\\\/2021\\\/01\\\/circulo.png\",\"width\":723,\"height\":731,\"caption\":\"Informe Litoral\"},\"image\":{\"@id\":\"https:\\\/\\\/informelitoral.com.ar\\\/#\\\/schema\\\/logo\\\/image\\\/\"},\"sameAs\":[\"https:\\\/\\\/www.facebook.com\\\/informelitoral\\\/\",\"https:\\\/\\\/x.com\\\/InformeLitoral\",\"https:\\\/\\\/www.instagram.com\\\/informelitoral\\\/\",\"https:\\\/\\\/www.youtube.com\\\/channel\\\/UCua4Qvz8Icb6MYqhoq9xLXw\"]},{\"@type\":\"Person\",\"@id\":\"https:\\\/\\\/informelitoral.com.ar\\\/#\\\/schema\\\/person\\\/b9d00407c836482871ef1d57bf8e3180\",\"name\":\"Gonzalo Schmidt\",\"image\":{\"@type\":\"ImageObject\",\"inLanguage\":\"es\",\"@id\":\"https:\\\/\\\/secure.gravatar.com\\\/avatar\\\/31a1a7b66ff2de83bd0e9fd79d026630d2d99e55e8bfe501287647b4fd9743de?s=96&d=mm&r=g\",\"url\":\"https:\\\/\\\/secure.gravatar.com\\\/avatar\\\/31a1a7b66ff2de83bd0e9fd79d026630d2d99e55e8bfe501287647b4fd9743de?s=96&d=mm&r=g\",\"contentUrl\":\"https:\\\/\\\/secure.gravatar.com\\\/avatar\\\/31a1a7b66ff2de83bd0e9fd79d026630d2d99e55e8bfe501287647b4fd9743de?s=96&d=mm&r=g\",\"caption\":\"Gonzalo Schmidt\"},\"description\":\"Sitio web de noticias de la provincia de Entre R\u00edos, Argentina. Informaci\u00f3n y entretenimiento. Informe Litoral, nos informamos.\",\"sameAs\":[\"http:\\\/\\\/www.isletasnoticias.com.ar\"],\"url\":\"https:\\\/\\\/informelitoral.com.ar\\\/author\\\/gonzalo\\\/\"}]}<\/script>","yoast_head_json":{"title":"El Campeonato Argentino de Remo M\u00e1ster se realiza por primera vez en Entre R\u00edos - Informe Litoral","robots":{"index":"index","follow":"follow","max-snippet":"max-snippet:-1","max-image-preview":"max-image-preview:large","max-video-preview":"max-video-preview:-1"},"canonical":"https:\/\/informelitoral.com.ar\/el-campeonato-argentino-de-remo-master-se-realiza-por-primera-vez-en-entre-rios\/","og_locale":"es_ES","og_type":"article","og_title":"El Campeonato Argentino de Remo M\u00e1ster se realiza por primera vez en Entre R\u00edos - Informe Litoral","og_description":"M\u00e1s de 200 competidores de todo el pa\u00eds participan este fin de semana del Campeonato Argentino de Remo M\u00e1ster 2025 en Valle Mar\u00eda, con el acompa\u00f1amiento del Gobierno de Entre R\u00edos.","og_url":"https:\/\/informelitoral.com.ar\/el-campeonato-argentino-de-remo-master-se-realiza-por-primera-vez-en-entre-rios\/","og_site_name":"Informe Litoral","article_publisher":"https:\/\/www.facebook.com\/informelitoral\/","article_published_time":"2025-10-18T12:51:37+00:00","article_modified_time":"2025-10-21T15:07:31+00:00","og_image":[{"width":1024,"height":1024,"url":"https:\/\/drive.google.com\/https:\/\/lh3.googleusercontent.com\/drive-storage\/AJQWtBMbKMdLIwHd7ye2lj8E5Ae4-nEIvc0N2hIS5Gn_ayvwUIsKmhVQrYBI4xXwWSSzTk0-hHC222wdb7G6iiH63rBlu4W5f53VMjZYQtFg4ObqMQ=256-h256","type":"image\/jpeg"}],"author":"Gonzalo Schmidt","twitter_card":"summary_large_image","twitter_creator":"@InformeLitoral","twitter_site":"@InformeLitoral","twitter_misc":{"Escrito por":"Gonzalo Schmidt","Tiempo de lectura":"3 minutos"},"schema":{"@context":"https:\/\/schema.org","@graph":[{"@type":"Article","@id":"https:\/\/informelitoral.com.ar\/el-campeonato-argentino-de-remo-master-se-realiza-por-primera-vez-en-entre-rios\/#article","isPartOf":{"@id":"https:\/\/informelitoral.com.ar\/el-campeonato-argentino-de-remo-master-se-realiza-por-primera-vez-en-entre-rios\/"},"author":{"name":"Gonzalo Schmidt","@id":"https:\/\/informelitoral.com.ar\/#\/schema\/person\/b9d00407c836482871ef1d57bf8e3180"},"headline":"El Campeonato Argentino de Remo M\u00e1ster se realiza por primera vez en Entre R\u00edos","datePublished":"2025-10-18T12:51:37+00:00","dateModified":"2025-10-21T15:07:31+00:00","mainEntityOfPage":{"@id":"https:\/\/informelitoral.com.ar\/el-campeonato-argentino-de-remo-master-se-realiza-por-primera-vez-en-entre-rios\/"},"wordCount":604,"commentCount":0,"publisher":{"@id":"https:\/\/informelitoral.com.ar\/#organization"},"image":{"@id":"https:\/\/informelitoral.com.ar\/el-campeonato-argentino-de-remo-master-se-realiza-por-primera-vez-en-entre-rios\/#primaryimage"},"thumbnailUrl":"https:\/\/drive.google.com\/thumbnail?id=1aSTr3JZM7mGNJBuIPDJfiWtchb6wAlXX&sz=w2048","keywords":["Balneario de Valle Mar\u00eda","Mauricio Colello","Remo","Valle Mar\u00eda"],"articleSection":["Departamento Diamante","Valle Mar\u00eda"],"inLanguage":"es","potentialAction":[{"@type":"CommentAction","name":"Comment","target":["https:\/\/informelitoral.com.ar\/el-campeonato-argentino-de-remo-master-se-realiza-por-primera-vez-en-entre-rios\/#respond"]}]},{"@type":"WebPage","@id":"https:\/\/informelitoral.com.ar\/el-campeonato-argentino-de-remo-master-se-realiza-por-primera-vez-en-entre-rios\/","url":"https:\/\/informelitoral.com.ar\/el-campeonato-argentino-de-remo-master-se-realiza-por-primera-vez-en-entre-rios\/","name":"El Campeonato Argentino de Remo M\u00e1ster se realiza por primera vez en Entre R\u00edos - Informe Litoral","isPartOf":{"@id":"https:\/\/informelitoral.com.ar\/#website"},"primaryImageOfPage":{"@id":"https:\/\/informelitoral.com.ar\/el-campeonato-argentino-de-remo-master-se-realiza-por-primera-vez-en-entre-rios\/#primaryimage"},"image":{"@id":"https:\/\/informelitoral.com.ar\/el-campeonato-argentino-de-remo-master-se-realiza-por-primera-vez-en-entre-rios\/#primaryimage"},"thumbnailUrl":"https:\/\/drive.google.com\/thumbnail?id=1aSTr3JZM7mGNJBuIPDJfiWtchb6wAlXX&sz=w2048","datePublished":"2025-10-18T12:51:37+00:00","dateModified":"2025-10-21T15:07:31+00:00","breadcrumb":{"@id":"https:\/\/informelitoral.com.ar\/el-campeonato-argentino-de-remo-master-se-realiza-por-primera-vez-en-entre-rios\/#breadcrumb"},"inLanguage":"es","potentialAction":[{"@type":"ReadAction","target":["https:\/\/informelitoral.com.ar\/el-campeonato-argentino-de-remo-master-se-realiza-por-primera-vez-en-entre-rios\/"]}]},{"@type":"ImageObject","inLanguage":"es","@id":"https:\/\/informelitoral.com.ar\/el-campeonato-argentino-de-remo-master-se-realiza-por-primera-vez-en-entre-rios\/#primaryimage","url":"https:\/\/drive.google.com\/thumbnail?id=1aSTr3JZM7mGNJBuIPDJfiWtchb6wAlXX&sz=w2048","contentUrl":"https:\/\/drive.google.com\/thumbnail?id=1aSTr3JZM7mGNJBuIPDJfiWtchb6wAlXX&sz=w2048","width":6016,"height":4016},{"@type":"BreadcrumbList","@id":"https:\/\/informelitoral.com.ar\/el-campeonato-argentino-de-remo-master-se-realiza-por-primera-vez-en-entre-rios\/#breadcrumb","itemListElement":[{"@type":"ListItem","position":1,"name":"Portada","item":"https:\/\/informelitoral.com.ar\/"},{"@type":"ListItem","position":2,"name":"El Campeonato Argentino de Remo M\u00e1ster se realiza por primera vez en Entre R\u00edos"}]},{"@type":"WebSite","@id":"https:\/\/informelitoral.com.ar\/#website","url":"https:\/\/informelitoral.com.ar\/","name":"Informe Litoral","description":"&quot;Nos informamos&quot; ","publisher":{"@id":"https:\/\/informelitoral.com.ar\/#organization"},"potentialAction":[{"@type":"SearchAction","target":{"@type":"EntryPoint","urlTemplate":"https:\/\/informelitoral.com.ar\/?s={search_term_string}"},"query-input":{"@type":"PropertyValueSpecification","valueRequired":true,"valueName":"search_term_string"}}],"inLanguage":"es"},{"@type":"Organization","@id":"https:\/\/informelitoral.com.ar\/#organization","name":"Informe Litoral","url":"https:\/\/informelitoral.com.ar\/","logo":{"@type":"ImageObject","inLanguage":"es","@id":"https:\/\/informelitoral.com.ar\/#\/schema\/logo\/image\/","url":"https:\/\/informelitoral.com.ar\/%77%70%2d%63%6f%6e%74%65%6e%74\/uploads\/2021\/01\/circulo.png","contentUrl":"https:\/\/informelitoral.com.ar\/%77%70%2d%63%6f%6e%74%65%6e%74\/uploads\/2021\/01\/circulo.png","width":723,"height":731,"caption":"Informe Litoral"},"image":{"@id":"https:\/\/informelitoral.com.ar\/#\/schema\/logo\/image\/"},"sameAs":["https:\/\/www.facebook.com\/informelitoral\/","https:\/\/x.com\/InformeLitoral","https:\/\/www.instagram.com\/informelitoral\/","https:\/\/www.youtube.com\/channel\/UCua4Qvz8Icb6MYqhoq9xLXw"]},{"@type":"Person","@id":"https:\/\/informelitoral.com.ar\/#\/schema\/person\/b9d00407c836482871ef1d57bf8e3180","name":"Gonzalo Schmidt","image":{"@type":"ImageObject","inLanguage":"es","@id":"https:\/\/secure.gravatar.com\/avatar\/31a1a7b66ff2de83bd0e9fd79d026630d2d99e55e8bfe501287647b4fd9743de?s=96&d=mm&r=g","url":"https:\/\/secure.gravatar.com\/avatar\/31a1a7b66ff2de83bd0e9fd79d026630d2d99e55e8bfe501287647b4fd9743de?s=96&d=mm&r=g","contentUrl":"https:\/\/secure.gravatar.com\/avatar\/31a1a7b66ff2de83bd0e9fd79d026630d2d99e55e8bfe501287647b4fd9743de?s=96&d=mm&r=g","caption":"Gonzalo Schmidt"},"description":"Sitio web de noticias de la provincia de Entre R\u00edos, Argentina. Informaci\u00f3n y entretenimiento. Informe Litoral, nos informamos.","sameAs":["http:\/\/www.isletasnoticias.com.ar"],"url":"https:\/\/informelitoral.com.ar\/author\/gonzalo\/"}]}},"_links":{"self":[{"href":"https:\/\/informelitoral.com.ar\/%77%70%2d%6a%73%6f%6e\/wp\/v2\/posts\/237391","targetHints":{"allow":["GET"]}}],"collection":[{"href":"https:\/\/informelitoral.com.ar\/%77%70%2d%6a%73%6f%6e\/wp\/v2\/posts"}],"about":[{"href":"https:\/\/informelitoral.com.ar\/%77%70%2d%6a%73%6f%6e\/wp\/v2\/types\/post"}],"author":[{"embeddable":true,"href":"https:\/\/informelitoral.com.ar\/%77%70%2d%6a%73%6f%6e\/wp\/v2\/users\/2"}],"replies":[{"embeddable":true,"href":"https:\/\/informelitoral.com.ar\/%77%70%2d%6a%73%6f%6e\/wp\/v2\/comments?post=237391"}],"version-history":[{"count":4,"href":"https:\/\/informelitoral.com.ar\/%77%70%2d%6a%73%6f%6e\/wp\/v2\/posts\/237391\/revisions"}],"predecessor-version":[{"id":237740,"href":"https:\/\/informelitoral.com.ar\/%77%70%2d%6a%73%6f%6e\/wp\/v2\/posts\/237391\/revisions\/237740"}],"wp:featuredmedia":[{"embeddable":true,"href":"https:\/\/informelitoral.com.ar\/%77%70%2d%6a%73%6f%6e\/wp\/v2\/media\/237732"}],"wp:attachment":[{"href":"https:\/\/informelitoral.com.ar\/%77%70%2d%6a%73%6f%6e\/wp\/v2\/media?parent=237391"}],"wp:term":[{"taxonomy":"category","embeddable":true,"href":"https:\/\/informelitoral.com.ar\/%77%70%2d%6a%73%6f%6e\/wp\/v2\/categories?post=237391"},{"taxonomy":"post_tag","embeddable":true,"href":"https:\/\/informelitoral.com.ar\/%77%70%2d%6a%73%6f%6e\/wp\/v2\/tags?post=237391"}],"curies":[{"name":"wp","href":"https:\/\/api.w.org\/{rel}","templated":true}]}}