{"id":2370,"date":"2013-07-06T08:20:30","date_gmt":"2013-07-06T11:20:30","guid":{"rendered":"http:\/\/www.isletasnoticias.com.ar\/?p=2370"},"modified":"2013-07-08T14:37:57","modified_gmt":"2013-07-08T17:37:57","slug":"raul-rodriguez-adelanto-algunos-detalles-de-el-festival-de-la-gloria","status":"publish","type":"post","link":"https:\/\/informelitoral.com.ar\/raul-rodriguez-adelanto-algunos-detalles-de-el-festival-de-la-gloria\/","title":{"rendered":"Ra\u00fal Rodr\u00edguez adelant\u00f3 algunos detalles de \u201cEl Festival de la Gloria\u201d"},"content":{"rendered":"<p><b>\u00a0 Ese es el t\u00edtulo del libro que est\u00e1 escribiendo <i>Ra\u00fal Omar Rodr\u00edguez<\/i>, quien en di\u00e1logo con <i>ISLETAS NOTICIAS<\/i>, brind\u00f3 algunos detalles de la obra que relatar\u00e1 los primeros pasos del Festival Nacional de Jineteada y Folklore, que ahora se realiza en Diamante.<\/b><\/p>\n<p style=\"text-align: left;\"><a href=\"http:\/\/www.isletasnoticias.com.ar\/%77%70%2d%63%6f%6e%74%65%6e%74\/uploads\/2013\/07\/la-gloria.jpg\"><img loading=\"lazy\" decoding=\"async\" class=\"size-medium wp-image-2371 aligncenter\" title=\"Ingreso al Establecimiento &quot;La Gloria&quot; en Costa Grande. Imagen gentileza Ra\u00fal Rodr\u00edguez.\" alt=\"la gloria\" src=\"http:\/\/www.isletasnoticias.com.ar\/%77%70%2d%63%6f%6e%74%65%6e%74\/uploads\/2013\/07\/la-gloria-300x225.jpg\" width=\"300\" height=\"225\" srcset=\"https:\/\/informelitoral.com.ar\/%77%70%2d%63%6f%6e%74%65%6e%74\/uploads\/2013\/07\/la-gloria-300x225.jpg 300w, https:\/\/informelitoral.com.ar\/%77%70%2d%63%6f%6e%74%65%6e%74\/uploads\/2013\/07\/la-gloria.jpg 960w\" sizes=\"auto, (max-width: 300px) 100vw, 300px\" \/><\/a><\/p>\n<p>Eran cerca de las 12 de la noche del jueves 04, cuando <b><i>ISLETAS NOTICIAS<\/i><\/b>, se comunic\u00f3 telef\u00f3nicamente con <b>Ra\u00fal Omar Rodr\u00edguez<\/b>, quien justo se encontraba haciendo correcciones a su primer libro, \u201cEl Festival de la Gloria\u201d. Rodr\u00edguez, es conocido en Isletas, ya que durante varios a\u00f1os estuvo al frente del Destacamento Policial Cuatro Bocas, pero adem\u00e1s de polic\u00eda, hace sus veces de actor, poeta y ahora le toca escribir su primer libro, auspiciado por la Direcci\u00f3n de Cultura de Diamante.<\/p>\n<p>El t\u00edtulo de la obra hace referencia al establecimiento hom\u00f3nimo, de la familia de Lisardo Gieco de Costa Grande, donde se realiz\u00f3 por primera vez, lo que luego pas\u00f3 a ser uno de los eventos tradicionales m\u00e1s reconocidos del pa\u00eds; el Festival Nacional de Jineteada y Folklore de Diamante. Teniendo en cuenta que es la primera vez que escribe un libro, Rodr\u00edguez reconoci\u00f3 que \u201cfue algo nuevo, porque si bien escrib\u00eda poes\u00edas y obras de teatro, es la primera vez que me toca realizar un trabajo de este tipo,\u00a0 por lo que es un importante cambio y a la vez un lindo desaf\u00edo.\u201d Examin\u00f3 el diamantino y se mostr\u00f3 a la expectativa de cuando se publique, \u201chabr\u00e1 que esperar como lo recibe la gente\u201d.<\/p>\n<p>La finalidad del libro es hacer un reconocimiento a los pioneros del Festival, que se inici\u00f3 en el establecimiento \u201cLa Gloria\u201d de la localidad de Costa Grande.\u00a0 Rodr\u00edguez adelant\u00f3 que el libro \u201cya est\u00e1 pr\u00e1cticamente listo, justamente estamos en la etapa de correcciones\u201d. En cuanto a los detalles y el contenido de la obra, sostuvo que \u201cno es muy extensa, ya que tiene aproximadamente unas 80 p\u00e1ginas, en las cuales se encontrar\u00e1n muchas im\u00e1genes, testimonios y tampoco faltar\u00e1n los versos\u201d, se content\u00f3 Ra\u00fal y remarc\u00f3: \u201cLa idea es que aquellos que vivieron esa \u00e9poca la vuelvan a\u00a0 recordar a trav\u00e9s de las p\u00e1ginas y quienes no lo vieron conozcan c\u00f3mo fueron los comienzos del Festival\u201d.<\/p>\n<p><b><a href=\"http:\/\/www.isletasnoticias.com.ar\/%77%70%2d%63%6f%6e%74%65%6e%74\/uploads\/2013\/07\/raul.jpg\"><img loading=\"lazy\" decoding=\"async\" class=\"size-medium wp-image-2374 alignright\" title=\"Ra\u00fal Rodr\u00edguez durante una entrevista mientras era el jefe del Destacamento Cuatro Bocas.\" alt=\"raul\" src=\"http:\/\/www.isletasnoticias.com.ar\/%77%70%2d%63%6f%6e%74%65%6e%74\/uploads\/2013\/07\/raul-300x192.jpg\" width=\"300\" height=\"192\" srcset=\"https:\/\/informelitoral.com.ar\/%77%70%2d%63%6f%6e%74%65%6e%74\/uploads\/2013\/07\/raul-300x192.jpg 300w, https:\/\/informelitoral.com.ar\/%77%70%2d%63%6f%6e%74%65%6e%74\/uploads\/2013\/07\/raul.jpg 720w\" sizes=\"auto, (max-width: 300px) 100vw, 300px\" \/><\/a><\/b><\/p>\n<p>El autor de &#8216;El Festival de la Gloria&#8217;, cont\u00f3 que si bien el predio estaba en Costa Grande, el evento tuvo una importante relaci\u00f3n con Isletas, ya que tambi\u00e9n \u201cera organizado y llevado adelante por gente de isletas\u201d. Resalt\u00f3, por lo que aparecer\u00e1n nombres e instituciones de esta localidad del Departamento.<\/p>\n<p>Finalmente Rodr\u00edguez aprovech\u00f3 para agradecer a la Direcci\u00f3n de Cultura de la ciudad blanca por la iniciativa y el auspicio de \u00a0la obra y adelant\u00f3 que la idea es presentar el libro tanto en la Escuela N\u00b0 27 \u201cHoracio Mann,\u201d como as\u00ed tambi\u00e9n en la 32 \u201cMariano Moreno\u201d, porque de all\u00ed proven\u00edan los primeros organizadores del festival.<\/p>\n","protected":false},"excerpt":{"rendered":"<p>&nbsp; Ese es el t&iacute;tulo del libro que est&aacute; escribiendo Ra&uacute;l Omar Rodr&iacute;guez, quien en di&aacute;logo con ISLETAS NOTICIAS, brind&oacute; algunos detalles de la obra que relatar&aacute; los primeros pasos del Festival Nacional de Jineteada y Folklore, que ahora se realiza en Diamante. Eran cerca de las 12 de la noche del jueves 04, cuando [&hellip;]<\/p>\n","protected":false},"author":2,"featured_media":0,"comment_status":"open","ping_status":"open","sticky":false,"template":"","format":"standard","meta":{"fifu_image_url":"","fifu_image_alt":"","footnotes":""},"categories":[5,12,4],"tags":[],"class_list":{"0":"post-2370","1":"post","2":"type-post","3":"status-publish","4":"format-standard","6":"category-zonales","7":"category-espectaculos","8":"category-locales"},"yoast_head":"<title>Ra\u00fal Rodr\u00edguez adelant\u00f3 algunos detalles de \u201cEl Festival de la Gloria\u201d - Informe Litoral<\/title>\n<meta name=\"robots\" content=\"index, follow, max-snippet:-1, max-image-preview:large, max-video-preview:-1\" \/>\n<link rel=\"canonical\" href=\"https:\/\/informelitoral.com.ar\/raul-rodriguez-adelanto-algunos-detalles-de-el-festival-de-la-gloria\/\" \/>\n<meta property=\"og:locale\" content=\"es_ES\" \/>\n<meta property=\"og:type\" content=\"article\" \/>\n<meta property=\"og:title\" content=\"Ra\u00fal Rodr\u00edguez adelant\u00f3 algunos detalles de \u201cEl Festival de la Gloria\u201d - Informe Litoral\" \/>\n<meta property=\"og:description\" content=\"&nbsp; Ese es el t&iacute;tulo del libro que est&aacute; escribiendo Ra&uacute;l Omar Rodr&iacute;guez, quien en di&aacute;logo con ISLETAS NOTICIAS, brind&oacute; algunos detalles de la obra que relatar&aacute; los primeros pasos del Festival Nacional de Jineteada y Folklore, que ahora se realiza en Diamante. Eran cerca de las 12 de la noche del jueves 04, cuando [&hellip;]\" \/>\n<meta property=\"og:url\" content=\"https:\/\/informelitoral.com.ar\/raul-rodriguez-adelanto-algunos-detalles-de-el-festival-de-la-gloria\/\" \/>\n<meta property=\"og:site_name\" content=\"Informe Litoral\" \/>\n<meta property=\"article:publisher\" content=\"https:\/\/www.facebook.com\/informelitoral\/\" \/>\n<meta property=\"article:published_time\" content=\"2013-07-06T11:20:30+00:00\" \/>\n<meta property=\"article:modified_time\" content=\"2013-07-08T17:37:57+00:00\" \/>\n<meta property=\"og:image\" content=\"https:\/\/informelitoral.com.ar\/%77%70%2d%63%6f%6e%74%65%6e%74\/uploads\/2013\/07\/la-gloria.jpg\" \/>\n\t<meta property=\"og:image:width\" content=\"960\" \/>\n\t<meta property=\"og:image:height\" content=\"720\" \/>\n\t<meta property=\"og:image:type\" content=\"image\/jpeg\" \/>\n<meta name=\"author\" content=\"Gonzalo Schmidt\" \/>\n<meta name=\"twitter:card\" content=\"summary_large_image\" \/>\n<meta name=\"twitter:creator\" content=\"@InformeLitoral\" \/>\n<meta name=\"twitter:site\" content=\"@InformeLitoral\" \/>\n<meta name=\"twitter:label1\" content=\"Escrito por\" \/>\n\t<meta name=\"twitter:data1\" content=\"Gonzalo Schmidt\" \/>\n\t<meta name=\"twitter:label2\" content=\"Tiempo de lectura\" \/>\n\t<meta name=\"twitter:data2\" content=\"3 minutos\" \/>\n<script type=\"application\/ld+json\" class=\"yoast-schema-graph\">{\"@context\":\"https:\\\/\\\/schema.org\",\"@graph\":[{\"@type\":\"Article\",\"@id\":\"https:\\\/\\\/informelitoral.com.ar\\\/raul-rodriguez-adelanto-algunos-detalles-de-el-festival-de-la-gloria\\\/#article\",\"isPartOf\":{\"@id\":\"https:\\\/\\\/informelitoral.com.ar\\\/raul-rodriguez-adelanto-algunos-detalles-de-el-festival-de-la-gloria\\\/\"},\"author\":{\"name\":\"Gonzalo Schmidt\",\"@id\":\"https:\\\/\\\/informelitoral.com.ar\\\/#\\\/schema\\\/person\\\/b9d00407c836482871ef1d57bf8e3180\"},\"headline\":\"Ra\u00fal Rodr\u00edguez adelant\u00f3 algunos detalles de \u201cEl Festival de la Gloria\u201d\",\"datePublished\":\"2013-07-06T11:20:30+00:00\",\"dateModified\":\"2013-07-08T17:37:57+00:00\",\"mainEntityOfPage\":{\"@id\":\"https:\\\/\\\/informelitoral.com.ar\\\/raul-rodriguez-adelanto-algunos-detalles-de-el-festival-de-la-gloria\\\/\"},\"wordCount\":514,\"commentCount\":0,\"publisher\":{\"@id\":\"https:\\\/\\\/informelitoral.com.ar\\\/#organization\"},\"image\":{\"@id\":\"https:\\\/\\\/informelitoral.com.ar\\\/raul-rodriguez-adelanto-algunos-detalles-de-el-festival-de-la-gloria\\\/#primaryimage\"},\"thumbnailUrl\":\"http:\\\/\\\/www.isletasnoticias.com.ar\\\/%77%70%2d%63%6f%6e%74%65%6e%74\\\/uploads\\\/2013\\\/07\\\/la-gloria-300x225.jpg\",\"articleSection\":[\"Departamento Diamante\",\"Espect\u00e1culos\",\"Isletas\"],\"inLanguage\":\"es\",\"potentialAction\":[{\"@type\":\"CommentAction\",\"name\":\"Comment\",\"target\":[\"https:\\\/\\\/informelitoral.com.ar\\\/raul-rodriguez-adelanto-algunos-detalles-de-el-festival-de-la-gloria\\\/#respond\"]}]},{\"@type\":\"WebPage\",\"@id\":\"https:\\\/\\\/informelitoral.com.ar\\\/raul-rodriguez-adelanto-algunos-detalles-de-el-festival-de-la-gloria\\\/\",\"url\":\"https:\\\/\\\/informelitoral.com.ar\\\/raul-rodriguez-adelanto-algunos-detalles-de-el-festival-de-la-gloria\\\/\",\"name\":\"Ra\u00fal Rodr\u00edguez adelant\u00f3 algunos detalles de \u201cEl Festival de la Gloria\u201d - Informe Litoral\",\"isPartOf\":{\"@id\":\"https:\\\/\\\/informelitoral.com.ar\\\/#website\"},\"primaryImageOfPage\":{\"@id\":\"https:\\\/\\\/informelitoral.com.ar\\\/raul-rodriguez-adelanto-algunos-detalles-de-el-festival-de-la-gloria\\\/#primaryimage\"},\"image\":{\"@id\":\"https:\\\/\\\/informelitoral.com.ar\\\/raul-rodriguez-adelanto-algunos-detalles-de-el-festival-de-la-gloria\\\/#primaryimage\"},\"thumbnailUrl\":\"http:\\\/\\\/www.isletasnoticias.com.ar\\\/%77%70%2d%63%6f%6e%74%65%6e%74\\\/uploads\\\/2013\\\/07\\\/la-gloria-300x225.jpg\",\"datePublished\":\"2013-07-06T11:20:30+00:00\",\"dateModified\":\"2013-07-08T17:37:57+00:00\",\"breadcrumb\":{\"@id\":\"https:\\\/\\\/informelitoral.com.ar\\\/raul-rodriguez-adelanto-algunos-detalles-de-el-festival-de-la-gloria\\\/#breadcrumb\"},\"inLanguage\":\"es\",\"potentialAction\":[{\"@type\":\"ReadAction\",\"target\":[\"https:\\\/\\\/informelitoral.com.ar\\\/raul-rodriguez-adelanto-algunos-detalles-de-el-festival-de-la-gloria\\\/\"]}]},{\"@type\":\"ImageObject\",\"inLanguage\":\"es\",\"@id\":\"https:\\\/\\\/informelitoral.com.ar\\\/raul-rodriguez-adelanto-algunos-detalles-de-el-festival-de-la-gloria\\\/#primaryimage\",\"url\":\"http:\\\/\\\/www.isletasnoticias.com.ar\\\/%77%70%2d%63%6f%6e%74%65%6e%74\\\/uploads\\\/2013\\\/07\\\/la-gloria-300x225.jpg\",\"contentUrl\":\"http:\\\/\\\/www.isletasnoticias.com.ar\\\/%77%70%2d%63%6f%6e%74%65%6e%74\\\/uploads\\\/2013\\\/07\\\/la-gloria-300x225.jpg\"},{\"@type\":\"BreadcrumbList\",\"@id\":\"https:\\\/\\\/informelitoral.com.ar\\\/raul-rodriguez-adelanto-algunos-detalles-de-el-festival-de-la-gloria\\\/#breadcrumb\",\"itemListElement\":[{\"@type\":\"ListItem\",\"position\":1,\"name\":\"Portada\",\"item\":\"https:\\\/\\\/informelitoral.com.ar\\\/\"},{\"@type\":\"ListItem\",\"position\":2,\"name\":\"Ra\u00fal Rodr\u00edguez adelant\u00f3 algunos detalles de \u201cEl Festival de la Gloria\u201d\"}]},{\"@type\":\"WebSite\",\"@id\":\"https:\\\/\\\/informelitoral.com.ar\\\/#website\",\"url\":\"https:\\\/\\\/informelitoral.com.ar\\\/\",\"name\":\"Informe Litoral\",\"description\":\"&quot;Nos informamos&quot; \",\"publisher\":{\"@id\":\"https:\\\/\\\/informelitoral.com.ar\\\/#organization\"},\"potentialAction\":[{\"@type\":\"SearchAction\",\"target\":{\"@type\":\"EntryPoint\",\"urlTemplate\":\"https:\\\/\\\/informelitoral.com.ar\\\/?s={search_term_string}\"},\"query-input\":{\"@type\":\"PropertyValueSpecification\",\"valueRequired\":true,\"valueName\":\"search_term_string\"}}],\"inLanguage\":\"es\"},{\"@type\":\"Organization\",\"@id\":\"https:\\\/\\\/informelitoral.com.ar\\\/#organization\",\"name\":\"Informe Litoral\",\"url\":\"https:\\\/\\\/informelitoral.com.ar\\\/\",\"logo\":{\"@type\":\"ImageObject\",\"inLanguage\":\"es\",\"@id\":\"https:\\\/\\\/informelitoral.com.ar\\\/#\\\/schema\\\/logo\\\/image\\\/\",\"url\":\"https:\\\/\\\/informelitoral.com.ar\\\/%77%70%2d%63%6f%6e%74%65%6e%74\\\/uploads\\\/2021\\\/01\\\/circulo.png\",\"contentUrl\":\"https:\\\/\\\/informelitoral.com.ar\\\/%77%70%2d%63%6f%6e%74%65%6e%74\\\/uploads\\\/2021\\\/01\\\/circulo.png\",\"width\":723,\"height\":731,\"caption\":\"Informe Litoral\"},\"image\":{\"@id\":\"https:\\\/\\\/informelitoral.com.ar\\\/#\\\/schema\\\/logo\\\/image\\\/\"},\"sameAs\":[\"https:\\\/\\\/www.facebook.com\\\/informelitoral\\\/\",\"https:\\\/\\\/x.com\\\/InformeLitoral\",\"https:\\\/\\\/www.instagram.com\\\/informelitoral\\\/\",\"https:\\\/\\\/www.youtube.com\\\/channel\\\/UCua4Qvz8Icb6MYqhoq9xLXw\"]},{\"@type\":\"Person\",\"@id\":\"https:\\\/\\\/informelitoral.com.ar\\\/#\\\/schema\\\/person\\\/b9d00407c836482871ef1d57bf8e3180\",\"name\":\"Gonzalo Schmidt\",\"image\":{\"@type\":\"ImageObject\",\"inLanguage\":\"es\",\"@id\":\"https:\\\/\\\/secure.gravatar.com\\\/avatar\\\/31a1a7b66ff2de83bd0e9fd79d026630d2d99e55e8bfe501287647b4fd9743de?s=96&d=mm&r=g\",\"url\":\"https:\\\/\\\/secure.gravatar.com\\\/avatar\\\/31a1a7b66ff2de83bd0e9fd79d026630d2d99e55e8bfe501287647b4fd9743de?s=96&d=mm&r=g\",\"contentUrl\":\"https:\\\/\\\/secure.gravatar.com\\\/avatar\\\/31a1a7b66ff2de83bd0e9fd79d026630d2d99e55e8bfe501287647b4fd9743de?s=96&d=mm&r=g\",\"caption\":\"Gonzalo Schmidt\"},\"description\":\"Sitio web de noticias de la provincia de Entre R\u00edos, Argentina. Informaci\u00f3n y entretenimiento. Informe Litoral, nos informamos.\",\"sameAs\":[\"http:\\\/\\\/www.isletasnoticias.com.ar\"],\"url\":\"https:\\\/\\\/informelitoral.com.ar\\\/author\\\/gonzalo\\\/\"}]}<\/script>","yoast_head_json":{"title":"Ra\u00fal Rodr\u00edguez adelant\u00f3 algunos detalles de \u201cEl Festival de la Gloria\u201d - Informe Litoral","robots":{"index":"index","follow":"follow","max-snippet":"max-snippet:-1","max-image-preview":"max-image-preview:large","max-video-preview":"max-video-preview:-1"},"canonical":"https:\/\/informelitoral.com.ar\/raul-rodriguez-adelanto-algunos-detalles-de-el-festival-de-la-gloria\/","og_locale":"es_ES","og_type":"article","og_title":"Ra\u00fal Rodr\u00edguez adelant\u00f3 algunos detalles de \u201cEl Festival de la Gloria\u201d - Informe Litoral","og_description":"&nbsp; Ese es el t&iacute;tulo del libro que est&aacute; escribiendo Ra&uacute;l Omar Rodr&iacute;guez, quien en di&aacute;logo con ISLETAS NOTICIAS, brind&oacute; algunos detalles de la obra que relatar&aacute; los primeros pasos del Festival Nacional de Jineteada y Folklore, que ahora se realiza en Diamante. Eran cerca de las 12 de la noche del jueves 04, cuando [&hellip;]","og_url":"https:\/\/informelitoral.com.ar\/raul-rodriguez-adelanto-algunos-detalles-de-el-festival-de-la-gloria\/","og_site_name":"Informe Litoral","article_publisher":"https:\/\/www.facebook.com\/informelitoral\/","article_published_time":"2013-07-06T11:20:30+00:00","article_modified_time":"2013-07-08T17:37:57+00:00","og_image":[{"width":960,"height":720,"url":"https:\/\/informelitoral.com.ar\/%77%70%2d%63%6f%6e%74%65%6e%74\/uploads\/2013\/07\/la-gloria.jpg","type":"image\/jpeg"}],"author":"Gonzalo Schmidt","twitter_card":"summary_large_image","twitter_creator":"@InformeLitoral","twitter_site":"@InformeLitoral","twitter_misc":{"Escrito por":"Gonzalo Schmidt","Tiempo de lectura":"3 minutos"},"schema":{"@context":"https:\/\/schema.org","@graph":[{"@type":"Article","@id":"https:\/\/informelitoral.com.ar\/raul-rodriguez-adelanto-algunos-detalles-de-el-festival-de-la-gloria\/#article","isPartOf":{"@id":"https:\/\/informelitoral.com.ar\/raul-rodriguez-adelanto-algunos-detalles-de-el-festival-de-la-gloria\/"},"author":{"name":"Gonzalo Schmidt","@id":"https:\/\/informelitoral.com.ar\/#\/schema\/person\/b9d00407c836482871ef1d57bf8e3180"},"headline":"Ra\u00fal Rodr\u00edguez adelant\u00f3 algunos detalles de \u201cEl Festival de la Gloria\u201d","datePublished":"2013-07-06T11:20:30+00:00","dateModified":"2013-07-08T17:37:57+00:00","mainEntityOfPage":{"@id":"https:\/\/informelitoral.com.ar\/raul-rodriguez-adelanto-algunos-detalles-de-el-festival-de-la-gloria\/"},"wordCount":514,"commentCount":0,"publisher":{"@id":"https:\/\/informelitoral.com.ar\/#organization"},"image":{"@id":"https:\/\/informelitoral.com.ar\/raul-rodriguez-adelanto-algunos-detalles-de-el-festival-de-la-gloria\/#primaryimage"},"thumbnailUrl":"http:\/\/www.isletasnoticias.com.ar\/%77%70%2d%63%6f%6e%74%65%6e%74\/uploads\/2013\/07\/la-gloria-300x225.jpg","articleSection":["Departamento Diamante","Espect\u00e1culos","Isletas"],"inLanguage":"es","potentialAction":[{"@type":"CommentAction","name":"Comment","target":["https:\/\/informelitoral.com.ar\/raul-rodriguez-adelanto-algunos-detalles-de-el-festival-de-la-gloria\/#respond"]}]},{"@type":"WebPage","@id":"https:\/\/informelitoral.com.ar\/raul-rodriguez-adelanto-algunos-detalles-de-el-festival-de-la-gloria\/","url":"https:\/\/informelitoral.com.ar\/raul-rodriguez-adelanto-algunos-detalles-de-el-festival-de-la-gloria\/","name":"Ra\u00fal Rodr\u00edguez adelant\u00f3 algunos detalles de \u201cEl Festival de la Gloria\u201d - Informe Litoral","isPartOf":{"@id":"https:\/\/informelitoral.com.ar\/#website"},"primaryImageOfPage":{"@id":"https:\/\/informelitoral.com.ar\/raul-rodriguez-adelanto-algunos-detalles-de-el-festival-de-la-gloria\/#primaryimage"},"image":{"@id":"https:\/\/informelitoral.com.ar\/raul-rodriguez-adelanto-algunos-detalles-de-el-festival-de-la-gloria\/#primaryimage"},"thumbnailUrl":"http:\/\/www.isletasnoticias.com.ar\/%77%70%2d%63%6f%6e%74%65%6e%74\/uploads\/2013\/07\/la-gloria-300x225.jpg","datePublished":"2013-07-06T11:20:30+00:00","dateModified":"2013-07-08T17:37:57+00:00","breadcrumb":{"@id":"https:\/\/informelitoral.com.ar\/raul-rodriguez-adelanto-algunos-detalles-de-el-festival-de-la-gloria\/#breadcrumb"},"inLanguage":"es","potentialAction":[{"@type":"ReadAction","target":["https:\/\/informelitoral.com.ar\/raul-rodriguez-adelanto-algunos-detalles-de-el-festival-de-la-gloria\/"]}]},{"@type":"ImageObject","inLanguage":"es","@id":"https:\/\/informelitoral.com.ar\/raul-rodriguez-adelanto-algunos-detalles-de-el-festival-de-la-gloria\/#primaryimage","url":"http:\/\/www.isletasnoticias.com.ar\/%77%70%2d%63%6f%6e%74%65%6e%74\/uploads\/2013\/07\/la-gloria-300x225.jpg","contentUrl":"http:\/\/www.isletasnoticias.com.ar\/%77%70%2d%63%6f%6e%74%65%6e%74\/uploads\/2013\/07\/la-gloria-300x225.jpg"},{"@type":"BreadcrumbList","@id":"https:\/\/informelitoral.com.ar\/raul-rodriguez-adelanto-algunos-detalles-de-el-festival-de-la-gloria\/#breadcrumb","itemListElement":[{"@type":"ListItem","position":1,"name":"Portada","item":"https:\/\/informelitoral.com.ar\/"},{"@type":"ListItem","position":2,"name":"Ra\u00fal Rodr\u00edguez adelant\u00f3 algunos detalles de \u201cEl Festival de la Gloria\u201d"}]},{"@type":"WebSite","@id":"https:\/\/informelitoral.com.ar\/#website","url":"https:\/\/informelitoral.com.ar\/","name":"Informe Litoral","description":"&quot;Nos informamos&quot; ","publisher":{"@id":"https:\/\/informelitoral.com.ar\/#organization"},"potentialAction":[{"@type":"SearchAction","target":{"@type":"EntryPoint","urlTemplate":"https:\/\/informelitoral.com.ar\/?s={search_term_string}"},"query-input":{"@type":"PropertyValueSpecification","valueRequired":true,"valueName":"search_term_string"}}],"inLanguage":"es"},{"@type":"Organization","@id":"https:\/\/informelitoral.com.ar\/#organization","name":"Informe Litoral","url":"https:\/\/informelitoral.com.ar\/","logo":{"@type":"ImageObject","inLanguage":"es","@id":"https:\/\/informelitoral.com.ar\/#\/schema\/logo\/image\/","url":"https:\/\/informelitoral.com.ar\/%77%70%2d%63%6f%6e%74%65%6e%74\/uploads\/2021\/01\/circulo.png","contentUrl":"https:\/\/informelitoral.com.ar\/%77%70%2d%63%6f%6e%74%65%6e%74\/uploads\/2021\/01\/circulo.png","width":723,"height":731,"caption":"Informe Litoral"},"image":{"@id":"https:\/\/informelitoral.com.ar\/#\/schema\/logo\/image\/"},"sameAs":["https:\/\/www.facebook.com\/informelitoral\/","https:\/\/x.com\/InformeLitoral","https:\/\/www.instagram.com\/informelitoral\/","https:\/\/www.youtube.com\/channel\/UCua4Qvz8Icb6MYqhoq9xLXw"]},{"@type":"Person","@id":"https:\/\/informelitoral.com.ar\/#\/schema\/person\/b9d00407c836482871ef1d57bf8e3180","name":"Gonzalo Schmidt","image":{"@type":"ImageObject","inLanguage":"es","@id":"https:\/\/secure.gravatar.com\/avatar\/31a1a7b66ff2de83bd0e9fd79d026630d2d99e55e8bfe501287647b4fd9743de?s=96&d=mm&r=g","url":"https:\/\/secure.gravatar.com\/avatar\/31a1a7b66ff2de83bd0e9fd79d026630d2d99e55e8bfe501287647b4fd9743de?s=96&d=mm&r=g","contentUrl":"https:\/\/secure.gravatar.com\/avatar\/31a1a7b66ff2de83bd0e9fd79d026630d2d99e55e8bfe501287647b4fd9743de?s=96&d=mm&r=g","caption":"Gonzalo Schmidt"},"description":"Sitio web de noticias de la provincia de Entre R\u00edos, Argentina. Informaci\u00f3n y entretenimiento. Informe Litoral, nos informamos.","sameAs":["http:\/\/www.isletasnoticias.com.ar"],"url":"https:\/\/informelitoral.com.ar\/author\/gonzalo\/"}]}},"_links":{"self":[{"href":"https:\/\/informelitoral.com.ar\/%77%70%2d%6a%73%6f%6e\/wp\/v2\/posts\/2370","targetHints":{"allow":["GET"]}}],"collection":[{"href":"https:\/\/informelitoral.com.ar\/%77%70%2d%6a%73%6f%6e\/wp\/v2\/posts"}],"about":[{"href":"https:\/\/informelitoral.com.ar\/%77%70%2d%6a%73%6f%6e\/wp\/v2\/types\/post"}],"author":[{"embeddable":true,"href":"https:\/\/informelitoral.com.ar\/%77%70%2d%6a%73%6f%6e\/wp\/v2\/users\/2"}],"replies":[{"embeddable":true,"href":"https:\/\/informelitoral.com.ar\/%77%70%2d%6a%73%6f%6e\/wp\/v2\/comments?post=2370"}],"version-history":[{"count":0,"href":"https:\/\/informelitoral.com.ar\/%77%70%2d%6a%73%6f%6e\/wp\/v2\/posts\/2370\/revisions"}],"wp:attachment":[{"href":"https:\/\/informelitoral.com.ar\/%77%70%2d%6a%73%6f%6e\/wp\/v2\/media?parent=2370"}],"wp:term":[{"taxonomy":"category","embeddable":true,"href":"https:\/\/informelitoral.com.ar\/%77%70%2d%6a%73%6f%6e\/wp\/v2\/categories?post=2370"},{"taxonomy":"post_tag","embeddable":true,"href":"https:\/\/informelitoral.com.ar\/%77%70%2d%6a%73%6f%6e\/wp\/v2\/tags?post=2370"}],"curies":[{"name":"wp","href":"https:\/\/api.w.org\/{rel}","templated":true}]}}