{"id":236675,"date":"2025-10-13T08:51:37","date_gmt":"2025-10-13T11:51:37","guid":{"rendered":"https:\/\/informelitoral.com.ar\/?p=236675"},"modified":"2025-10-13T08:51:37","modified_gmt":"2025-10-13T11:51:37","slug":"compras-en-chile-exodo-record-de-argentinos-por-el-fin-de-semana-largo","status":"publish","type":"post","link":"https:\/\/informelitoral.com.ar\/compras-en-chile-exodo-record-de-argentinos-por-el-fin-de-semana-largo\/","title":{"rendered":"Compras en Chile: \u00e9xodo r\u00e9cord de Argentinos por el fin de semana largo"},"content":{"rendered":"<p>El fin de semana largo por el D\u00eda del Respeto a la Diversidad Cultural se transform\u00f3 en un <b>\u00e9xodo masivo de argentinos hacia Chile<\/b>, impulsado por la abrumadora diferencia de precios. El <b>Paso Internacional Cristo Redentor<\/b> colaps\u00f3, registrando un operativo de control con m\u00e1s de <b>12.000 personas y 10.000 veh\u00edculos<\/b> cruzando la frontera entre el mi\u00e9rcoles y el viernes.<\/p>\n<p>Las im\u00e1genes de las largas filas se repitieron a lo largo de la semana, con demoras que llegaron a ser de hasta <b>seis horas<\/b>. A pesar de la espera, los turistas argentinos se mostraron dispuestos a soportar el congestionamiento vial con el objetivo de aprovechar las ofertas y precios m\u00e1s convenientes del otro lado de la Cordillera de los Andes.<\/p>\n<p>El principal motor de esta oleada de viajeros sigue siendo el <b>ahorro en productos de consumo masivo y tecnolog\u00eda<\/b>. Ciudades como Los Andes, Vi\u00f1a del Mar y Santiago recibieron una avalancha de compradores en busca de <b>ropa, calzado, tecnolog\u00eda y cosm\u00e9ticos<\/b>.<\/p>\n<p>Las diferencias de precios son significativas y, en algunos casos, alcanzan hasta el <b>50% de descuento<\/b> en comparaci\u00f3n con el mercado local, a pesar de la reciente suba del d\u00f3lar en Argentina:<\/p>\n<ul>\n<li><b>Calzado:<\/b> Una zapatilla de marca como Adidas o Nike, que en Argentina se vende por encima de los $90.000, se encontr\u00f3 en Chile por 26.990 pesos chilenos, lo que equivale aproximadamente a <b>$40.766 pesos argentinos<\/b>.<\/li>\n<li><b>Perfumer\u00eda:<\/b> Un perfume Lanc\u00f4me La Vie Est Belle de 150 ml, cuyo precio en Argentina supera los $250.000, se consegu\u00eda por 92.990 pesos chilenos (aproximadamente <b>$140.454<\/b> argentinos).<\/li>\n<li><b>Tecnolog\u00eda:<\/b> El Smart TV TCL 50\u201d QLED fue uno de los mayores atractivos, vendi\u00e9ndose por 219.990 pesos chilenos (cerca de <b>$332.277 argentinos<\/b>), menos de la mitad de su costo en el mercado argentino.<\/li>\n<\/ul>\n<p>Esta disparidad econ\u00f3mica motiv\u00f3 a miles de argentinos a realizar \u00abviajes rel\u00e1mpago\u00bb de pocos d\u00edas para reabastecerse de productos a precios considerablemente m\u00e1s bajos.<\/p>\n","protected":false},"excerpt":{"rendered":"<p>Largas colas de hasta seis horas en el Paso Cristo Redentor por el masivo cruce en busca de descuentos de hasta el 50% en tecnolog\u00eda y consumo masivo.<\/p>\n","protected":false},"author":8,"featured_media":236676,"comment_status":"open","ping_status":"open","sticky":false,"template":"","format":"standard","meta":{"fifu_image_url":"https:\/\/elonce-media.elonce.com\/fotos\/2025\/10\/11\/m_1760218231_78084.webp","fifu_image_alt":"","footnotes":""},"categories":[1594],"tags":[246,733,260,32],"class_list":{"0":"post-236675","1":"post","2":"type-post","3":"status-publish","4":"format-standard","5":"has-post-thumbnail","7":"category-economia","8":"tag-argentina","9":"tag-chile","10":"tag-compras","11":"tag-precios"},"yoast_head":"<title>Compras en Chile: \u00e9xodo r\u00e9cord de Argentinos por el fin de semana largo - Informe Litoral<\/title>\n<meta name=\"robots\" content=\"index, follow, max-snippet:-1, max-image-preview:large, max-video-preview:-1\" \/>\n<link rel=\"canonical\" href=\"https:\/\/informelitoral.com.ar\/compras-en-chile-exodo-record-de-argentinos-por-el-fin-de-semana-largo\/\" \/>\n<meta property=\"og:locale\" content=\"es_ES\" \/>\n<meta property=\"og:type\" content=\"article\" \/>\n<meta property=\"og:title\" content=\"Compras en Chile: \u00e9xodo r\u00e9cord de Argentinos por el fin de semana largo - Informe Litoral\" \/>\n<meta property=\"og:description\" content=\"Largas colas de hasta seis horas en el Paso Cristo Redentor por el masivo cruce en busca de descuentos de hasta el 50% en tecnolog\u00eda y consumo masivo.\" \/>\n<meta property=\"og:url\" content=\"https:\/\/informelitoral.com.ar\/compras-en-chile-exodo-record-de-argentinos-por-el-fin-de-semana-largo\/\" \/>\n<meta property=\"og:site_name\" content=\"Informe Litoral\" \/>\n<meta property=\"article:publisher\" content=\"https:\/\/www.facebook.com\/informelitoral\/\" \/>\n<meta property=\"article:published_time\" content=\"2025-10-13T11:51:37+00:00\" \/>\n<meta property=\"og:image\" content=\"https:\/\/elonce-media.elonce.com\/fotos\/2025\/10\/11\/m_1760218231_78084.webp\" \/><meta property=\"og:image\" content=\"https:\/\/elonce-media.elonce.com\/fotos\/2025\/10\/11\/m_1760218231_78084.webp\" \/>\n\t<meta property=\"og:image:width\" content=\"765\" \/>\n\t<meta property=\"og:image:height\" content=\"510\" \/>\n\t<meta property=\"og:image:type\" content=\"image\/jpeg\" \/>\n<meta name=\"author\" content=\"Sebastian\" \/>\n<meta name=\"twitter:card\" content=\"summary_large_image\" \/>\n<meta name=\"twitter:image\" content=\"https:\/\/elonce-media.elonce.com\/fotos\/2025\/10\/11\/m_1760218231_78084.webp\" \/>\n<meta name=\"twitter:creator\" content=\"@InformeLitoral\" \/>\n<meta name=\"twitter:site\" content=\"@InformeLitoral\" \/>\n<meta name=\"twitter:label1\" content=\"Escrito por\" \/>\n\t<meta name=\"twitter:data1\" content=\"Sebastian\" \/>\n\t<meta name=\"twitter:label2\" content=\"Tiempo de lectura\" \/>\n\t<meta name=\"twitter:data2\" content=\"2 minutos\" \/>\n<script type=\"application\/ld+json\" class=\"yoast-schema-graph\">{\"@context\":\"https:\\\/\\\/schema.org\",\"@graph\":[{\"@type\":\"Article\",\"@id\":\"https:\\\/\\\/informelitoral.com.ar\\\/compras-en-chile-exodo-record-de-argentinos-por-el-fin-de-semana-largo\\\/#article\",\"isPartOf\":{\"@id\":\"https:\\\/\\\/informelitoral.com.ar\\\/compras-en-chile-exodo-record-de-argentinos-por-el-fin-de-semana-largo\\\/\"},\"author\":{\"name\":\"Sebastian\",\"@id\":\"https:\\\/\\\/informelitoral.com.ar\\\/#\\\/schema\\\/person\\\/f05f9f461677119578717524b127d6d5\"},\"headline\":\"Compras en Chile: \u00e9xodo r\u00e9cord de Argentinos por el fin de semana largo\",\"datePublished\":\"2025-10-13T11:51:37+00:00\",\"mainEntityOfPage\":{\"@id\":\"https:\\\/\\\/informelitoral.com.ar\\\/compras-en-chile-exodo-record-de-argentinos-por-el-fin-de-semana-largo\\\/\"},\"wordCount\":333,\"commentCount\":0,\"publisher\":{\"@id\":\"https:\\\/\\\/informelitoral.com.ar\\\/#organization\"},\"image\":{\"@id\":\"https:\\\/\\\/informelitoral.com.ar\\\/compras-en-chile-exodo-record-de-argentinos-por-el-fin-de-semana-largo\\\/#primaryimage\"},\"thumbnailUrl\":\"https:\\\/\\\/elonce-media.elonce.com\\\/fotos\\\/2025\\\/10\\\/11\\\/m_1760218231_78084.webp\",\"keywords\":[\"Argentina\",\"Chile\",\"Compras\",\"precios\"],\"articleSection\":[\"Econom\u00eda\"],\"inLanguage\":\"es\",\"potentialAction\":[{\"@type\":\"CommentAction\",\"name\":\"Comment\",\"target\":[\"https:\\\/\\\/informelitoral.com.ar\\\/compras-en-chile-exodo-record-de-argentinos-por-el-fin-de-semana-largo\\\/#respond\"]}]},{\"@type\":\"WebPage\",\"@id\":\"https:\\\/\\\/informelitoral.com.ar\\\/compras-en-chile-exodo-record-de-argentinos-por-el-fin-de-semana-largo\\\/\",\"url\":\"https:\\\/\\\/informelitoral.com.ar\\\/compras-en-chile-exodo-record-de-argentinos-por-el-fin-de-semana-largo\\\/\",\"name\":\"Compras en Chile: \u00e9xodo r\u00e9cord de Argentinos por el fin de semana largo - Informe Litoral\",\"isPartOf\":{\"@id\":\"https:\\\/\\\/informelitoral.com.ar\\\/#website\"},\"primaryImageOfPage\":{\"@id\":\"https:\\\/\\\/informelitoral.com.ar\\\/compras-en-chile-exodo-record-de-argentinos-por-el-fin-de-semana-largo\\\/#primaryimage\"},\"image\":{\"@id\":\"https:\\\/\\\/informelitoral.com.ar\\\/compras-en-chile-exodo-record-de-argentinos-por-el-fin-de-semana-largo\\\/#primaryimage\"},\"thumbnailUrl\":\"https:\\\/\\\/elonce-media.elonce.com\\\/fotos\\\/2025\\\/10\\\/11\\\/m_1760218231_78084.webp\",\"datePublished\":\"2025-10-13T11:51:37+00:00\",\"breadcrumb\":{\"@id\":\"https:\\\/\\\/informelitoral.com.ar\\\/compras-en-chile-exodo-record-de-argentinos-por-el-fin-de-semana-largo\\\/#breadcrumb\"},\"inLanguage\":\"es\",\"potentialAction\":[{\"@type\":\"ReadAction\",\"target\":[\"https:\\\/\\\/informelitoral.com.ar\\\/compras-en-chile-exodo-record-de-argentinos-por-el-fin-de-semana-largo\\\/\"]}]},{\"@type\":\"ImageObject\",\"inLanguage\":\"es\",\"@id\":\"https:\\\/\\\/informelitoral.com.ar\\\/compras-en-chile-exodo-record-de-argentinos-por-el-fin-de-semana-largo\\\/#primaryimage\",\"url\":\"https:\\\/\\\/elonce-media.elonce.com\\\/fotos\\\/2025\\\/10\\\/11\\\/m_1760218231_78084.webp\",\"contentUrl\":\"https:\\\/\\\/elonce-media.elonce.com\\\/fotos\\\/2025\\\/10\\\/11\\\/m_1760218231_78084.webp\",\"width\":\"765\",\"height\":\"510\"},{\"@type\":\"BreadcrumbList\",\"@id\":\"https:\\\/\\\/informelitoral.com.ar\\\/compras-en-chile-exodo-record-de-argentinos-por-el-fin-de-semana-largo\\\/#breadcrumb\",\"itemListElement\":[{\"@type\":\"ListItem\",\"position\":1,\"name\":\"Portada\",\"item\":\"https:\\\/\\\/informelitoral.com.ar\\\/\"},{\"@type\":\"ListItem\",\"position\":2,\"name\":\"Compras en Chile: \u00e9xodo r\u00e9cord de Argentinos por el fin de semana largo\"}]},{\"@type\":\"WebSite\",\"@id\":\"https:\\\/\\\/informelitoral.com.ar\\\/#website\",\"url\":\"https:\\\/\\\/informelitoral.com.ar\\\/\",\"name\":\"Informe Litoral\",\"description\":\"&quot;Nos informamos&quot; \",\"publisher\":{\"@id\":\"https:\\\/\\\/informelitoral.com.ar\\\/#organization\"},\"potentialAction\":[{\"@type\":\"SearchAction\",\"target\":{\"@type\":\"EntryPoint\",\"urlTemplate\":\"https:\\\/\\\/informelitoral.com.ar\\\/?s={search_term_string}\"},\"query-input\":{\"@type\":\"PropertyValueSpecification\",\"valueRequired\":true,\"valueName\":\"search_term_string\"}}],\"inLanguage\":\"es\"},{\"@type\":\"Organization\",\"@id\":\"https:\\\/\\\/informelitoral.com.ar\\\/#organization\",\"name\":\"Informe Litoral\",\"url\":\"https:\\\/\\\/informelitoral.com.ar\\\/\",\"logo\":{\"@type\":\"ImageObject\",\"inLanguage\":\"es\",\"@id\":\"https:\\\/\\\/informelitoral.com.ar\\\/#\\\/schema\\\/logo\\\/image\\\/\",\"url\":\"https:\\\/\\\/informelitoral.com.ar\\\/%77%70%2d%63%6f%6e%74%65%6e%74\\\/uploads\\\/2021\\\/01\\\/circulo.png\",\"contentUrl\":\"https:\\\/\\\/informelitoral.com.ar\\\/%77%70%2d%63%6f%6e%74%65%6e%74\\\/uploads\\\/2021\\\/01\\\/circulo.png\",\"width\":723,\"height\":731,\"caption\":\"Informe Litoral\"},\"image\":{\"@id\":\"https:\\\/\\\/informelitoral.com.ar\\\/#\\\/schema\\\/logo\\\/image\\\/\"},\"sameAs\":[\"https:\\\/\\\/www.facebook.com\\\/informelitoral\\\/\",\"https:\\\/\\\/x.com\\\/InformeLitoral\",\"https:\\\/\\\/www.instagram.com\\\/informelitoral\\\/\",\"https:\\\/\\\/www.youtube.com\\\/channel\\\/UCua4Qvz8Icb6MYqhoq9xLXw\"]},{\"@type\":\"Person\",\"@id\":\"https:\\\/\\\/informelitoral.com.ar\\\/#\\\/schema\\\/person\\\/f05f9f461677119578717524b127d6d5\",\"name\":\"Sebastian\",\"image\":{\"@type\":\"ImageObject\",\"inLanguage\":\"es\",\"@id\":\"https:\\\/\\\/secure.gravatar.com\\\/avatar\\\/b71bf7481d447dfb9583c7f2798e7cc64de6efb9067b74633ed8c31059a3bd82?s=96&d=mm&r=g\",\"url\":\"https:\\\/\\\/secure.gravatar.com\\\/avatar\\\/b71bf7481d447dfb9583c7f2798e7cc64de6efb9067b74633ed8c31059a3bd82?s=96&d=mm&r=g\",\"contentUrl\":\"https:\\\/\\\/secure.gravatar.com\\\/avatar\\\/b71bf7481d447dfb9583c7f2798e7cc64de6efb9067b74633ed8c31059a3bd82?s=96&d=mm&r=g\",\"caption\":\"Sebastian\"},\"url\":\"https:\\\/\\\/informelitoral.com.ar\\\/author\\\/sebastian\\\/\"}]}<\/script>","yoast_head_json":{"title":"Compras en Chile: \u00e9xodo r\u00e9cord de Argentinos por el fin de semana largo - Informe Litoral","robots":{"index":"index","follow":"follow","max-snippet":"max-snippet:-1","max-image-preview":"max-image-preview:large","max-video-preview":"max-video-preview:-1"},"canonical":"https:\/\/informelitoral.com.ar\/compras-en-chile-exodo-record-de-argentinos-por-el-fin-de-semana-largo\/","og_locale":"es_ES","og_type":"article","og_title":"Compras en Chile: \u00e9xodo r\u00e9cord de Argentinos por el fin de semana largo - Informe Litoral","og_description":"Largas colas de hasta seis horas en el Paso Cristo Redentor por el masivo cruce en busca de descuentos de hasta el 50% en tecnolog\u00eda y consumo masivo.","og_url":"https:\/\/informelitoral.com.ar\/compras-en-chile-exodo-record-de-argentinos-por-el-fin-de-semana-largo\/","og_site_name":"Informe Litoral","article_publisher":"https:\/\/www.facebook.com\/informelitoral\/","article_published_time":"2025-10-13T11:51:37+00:00","og_image":[{"url":"https:\/\/elonce-media.elonce.com\/fotos\/2025\/10\/11\/m_1760218231_78084.webp","type":"","width":"","height":""},{"width":765,"height":510,"url":"https:\/\/elonce-media.elonce.com\/fotos\/2025\/10\/11\/m_1760218231_78084.webp","type":"image\/jpeg"}],"author":"Sebastian","twitter_card":"summary_large_image","twitter_image":"https:\/\/elonce-media.elonce.com\/fotos\/2025\/10\/11\/m_1760218231_78084.webp","twitter_creator":"@InformeLitoral","twitter_site":"@InformeLitoral","twitter_misc":{"Escrito por":"Sebastian","Tiempo de lectura":"2 minutos"},"schema":{"@context":"https:\/\/schema.org","@graph":[{"@type":"Article","@id":"https:\/\/informelitoral.com.ar\/compras-en-chile-exodo-record-de-argentinos-por-el-fin-de-semana-largo\/#article","isPartOf":{"@id":"https:\/\/informelitoral.com.ar\/compras-en-chile-exodo-record-de-argentinos-por-el-fin-de-semana-largo\/"},"author":{"name":"Sebastian","@id":"https:\/\/informelitoral.com.ar\/#\/schema\/person\/f05f9f461677119578717524b127d6d5"},"headline":"Compras en Chile: \u00e9xodo r\u00e9cord de Argentinos por el fin de semana largo","datePublished":"2025-10-13T11:51:37+00:00","mainEntityOfPage":{"@id":"https:\/\/informelitoral.com.ar\/compras-en-chile-exodo-record-de-argentinos-por-el-fin-de-semana-largo\/"},"wordCount":333,"commentCount":0,"publisher":{"@id":"https:\/\/informelitoral.com.ar\/#organization"},"image":{"@id":"https:\/\/informelitoral.com.ar\/compras-en-chile-exodo-record-de-argentinos-por-el-fin-de-semana-largo\/#primaryimage"},"thumbnailUrl":"https:\/\/elonce-media.elonce.com\/fotos\/2025\/10\/11\/m_1760218231_78084.webp","keywords":["Argentina","Chile","Compras","precios"],"articleSection":["Econom\u00eda"],"inLanguage":"es","potentialAction":[{"@type":"CommentAction","name":"Comment","target":["https:\/\/informelitoral.com.ar\/compras-en-chile-exodo-record-de-argentinos-por-el-fin-de-semana-largo\/#respond"]}]},{"@type":"WebPage","@id":"https:\/\/informelitoral.com.ar\/compras-en-chile-exodo-record-de-argentinos-por-el-fin-de-semana-largo\/","url":"https:\/\/informelitoral.com.ar\/compras-en-chile-exodo-record-de-argentinos-por-el-fin-de-semana-largo\/","name":"Compras en Chile: \u00e9xodo r\u00e9cord de Argentinos por el fin de semana largo - Informe Litoral","isPartOf":{"@id":"https:\/\/informelitoral.com.ar\/#website"},"primaryImageOfPage":{"@id":"https:\/\/informelitoral.com.ar\/compras-en-chile-exodo-record-de-argentinos-por-el-fin-de-semana-largo\/#primaryimage"},"image":{"@id":"https:\/\/informelitoral.com.ar\/compras-en-chile-exodo-record-de-argentinos-por-el-fin-de-semana-largo\/#primaryimage"},"thumbnailUrl":"https:\/\/elonce-media.elonce.com\/fotos\/2025\/10\/11\/m_1760218231_78084.webp","datePublished":"2025-10-13T11:51:37+00:00","breadcrumb":{"@id":"https:\/\/informelitoral.com.ar\/compras-en-chile-exodo-record-de-argentinos-por-el-fin-de-semana-largo\/#breadcrumb"},"inLanguage":"es","potentialAction":[{"@type":"ReadAction","target":["https:\/\/informelitoral.com.ar\/compras-en-chile-exodo-record-de-argentinos-por-el-fin-de-semana-largo\/"]}]},{"@type":"ImageObject","inLanguage":"es","@id":"https:\/\/informelitoral.com.ar\/compras-en-chile-exodo-record-de-argentinos-por-el-fin-de-semana-largo\/#primaryimage","url":"https:\/\/elonce-media.elonce.com\/fotos\/2025\/10\/11\/m_1760218231_78084.webp","contentUrl":"https:\/\/elonce-media.elonce.com\/fotos\/2025\/10\/11\/m_1760218231_78084.webp","width":"765","height":"510"},{"@type":"BreadcrumbList","@id":"https:\/\/informelitoral.com.ar\/compras-en-chile-exodo-record-de-argentinos-por-el-fin-de-semana-largo\/#breadcrumb","itemListElement":[{"@type":"ListItem","position":1,"name":"Portada","item":"https:\/\/informelitoral.com.ar\/"},{"@type":"ListItem","position":2,"name":"Compras en Chile: \u00e9xodo r\u00e9cord de Argentinos por el fin de semana largo"}]},{"@type":"WebSite","@id":"https:\/\/informelitoral.com.ar\/#website","url":"https:\/\/informelitoral.com.ar\/","name":"Informe Litoral","description":"&quot;Nos informamos&quot; ","publisher":{"@id":"https:\/\/informelitoral.com.ar\/#organization"},"potentialAction":[{"@type":"SearchAction","target":{"@type":"EntryPoint","urlTemplate":"https:\/\/informelitoral.com.ar\/?s={search_term_string}"},"query-input":{"@type":"PropertyValueSpecification","valueRequired":true,"valueName":"search_term_string"}}],"inLanguage":"es"},{"@type":"Organization","@id":"https:\/\/informelitoral.com.ar\/#organization","name":"Informe Litoral","url":"https:\/\/informelitoral.com.ar\/","logo":{"@type":"ImageObject","inLanguage":"es","@id":"https:\/\/informelitoral.com.ar\/#\/schema\/logo\/image\/","url":"https:\/\/informelitoral.com.ar\/%77%70%2d%63%6f%6e%74%65%6e%74\/uploads\/2021\/01\/circulo.png","contentUrl":"https:\/\/informelitoral.com.ar\/%77%70%2d%63%6f%6e%74%65%6e%74\/uploads\/2021\/01\/circulo.png","width":723,"height":731,"caption":"Informe Litoral"},"image":{"@id":"https:\/\/informelitoral.com.ar\/#\/schema\/logo\/image\/"},"sameAs":["https:\/\/www.facebook.com\/informelitoral\/","https:\/\/x.com\/InformeLitoral","https:\/\/www.instagram.com\/informelitoral\/","https:\/\/www.youtube.com\/channel\/UCua4Qvz8Icb6MYqhoq9xLXw"]},{"@type":"Person","@id":"https:\/\/informelitoral.com.ar\/#\/schema\/person\/f05f9f461677119578717524b127d6d5","name":"Sebastian","image":{"@type":"ImageObject","inLanguage":"es","@id":"https:\/\/secure.gravatar.com\/avatar\/b71bf7481d447dfb9583c7f2798e7cc64de6efb9067b74633ed8c31059a3bd82?s=96&d=mm&r=g","url":"https:\/\/secure.gravatar.com\/avatar\/b71bf7481d447dfb9583c7f2798e7cc64de6efb9067b74633ed8c31059a3bd82?s=96&d=mm&r=g","contentUrl":"https:\/\/secure.gravatar.com\/avatar\/b71bf7481d447dfb9583c7f2798e7cc64de6efb9067b74633ed8c31059a3bd82?s=96&d=mm&r=g","caption":"Sebastian"},"url":"https:\/\/informelitoral.com.ar\/author\/sebastian\/"}]}},"fifu_image_url":"https:\/\/elonce-media.elonce.com\/fotos\/2025\/10\/11\/m_1760218231_78084.webp","_links":{"self":[{"href":"https:\/\/informelitoral.com.ar\/%77%70%2d%6a%73%6f%6e\/wp\/v2\/posts\/236675","targetHints":{"allow":["GET"]}}],"collection":[{"href":"https:\/\/informelitoral.com.ar\/%77%70%2d%6a%73%6f%6e\/wp\/v2\/posts"}],"about":[{"href":"https:\/\/informelitoral.com.ar\/%77%70%2d%6a%73%6f%6e\/wp\/v2\/types\/post"}],"author":[{"embeddable":true,"href":"https:\/\/informelitoral.com.ar\/%77%70%2d%6a%73%6f%6e\/wp\/v2\/users\/8"}],"replies":[{"embeddable":true,"href":"https:\/\/informelitoral.com.ar\/%77%70%2d%6a%73%6f%6e\/wp\/v2\/comments?post=236675"}],"version-history":[{"count":1,"href":"https:\/\/informelitoral.com.ar\/%77%70%2d%6a%73%6f%6e\/wp\/v2\/posts\/236675\/revisions"}],"predecessor-version":[{"id":236677,"href":"https:\/\/informelitoral.com.ar\/%77%70%2d%6a%73%6f%6e\/wp\/v2\/posts\/236675\/revisions\/236677"}],"wp:featuredmedia":[{"embeddable":true,"href":"https:\/\/informelitoral.com.ar\/%77%70%2d%6a%73%6f%6e\/wp\/v2\/media\/236676"}],"wp:attachment":[{"href":"https:\/\/informelitoral.com.ar\/%77%70%2d%6a%73%6f%6e\/wp\/v2\/media?parent=236675"}],"wp:term":[{"taxonomy":"category","embeddable":true,"href":"https:\/\/informelitoral.com.ar\/%77%70%2d%6a%73%6f%6e\/wp\/v2\/categories?post=236675"},{"taxonomy":"post_tag","embeddable":true,"href":"https:\/\/informelitoral.com.ar\/%77%70%2d%6a%73%6f%6e\/wp\/v2\/tags?post=236675"}],"curies":[{"name":"wp","href":"https:\/\/api.w.org\/{rel}","templated":true}]}}