{"id":2364,"date":"2013-07-05T23:22:02","date_gmt":"2013-07-06T02:22:02","guid":{"rendered":"http:\/\/www.isletasnoticias.com.ar\/?p=2364"},"modified":"2013-07-05T23:30:27","modified_gmt":"2013-07-06T02:30:27","slug":"diamante-grupo-de-jovenes-estudiantes-se-reunieron-para-reclamar-contra-el-aumento-del-boleto-de-colectivos","status":"publish","type":"post","link":"https:\/\/informelitoral.com.ar\/diamante-grupo-de-jovenes-estudiantes-se-reunieron-para-reclamar-contra-el-aumento-del-boleto-de-colectivos\/","title":{"rendered":"Diamante: grupo de jovenes estudiantes se reunieron para reclamar contra el aumento del boleto de colectivos"},"content":{"rendered":"<div><strong>\u00a0 Un grupo de j\u00f3venes estudiantes, que viajan asiduamente en las l\u00edneas Paran\u00e1 \u2013 Diamante se reunieron en la Biblioteca Popular de la mencionada ciudad con el objetivo de estudiar los pasos a seguir y \u00a0llevar el reclamo a las autoridades Municipales, Provinciales, y no descartan hacerlo tambi\u00e9n a las autoridades Nacionales, por el v<\/strong><strong>alor del pasaje de las empresas que realizan dicho trayecto en la actualidad.<\/strong><\/div>\n<p><img loading=\"lazy\" decoding=\"async\" class=\"size-medium wp-image-2365 alignright\" alt=\"05072013688\" src=\"http:\/\/www.isletasnoticias.com.ar\/%77%70%2d%63%6f%6e%74%65%6e%74\/uploads\/2013\/07\/05072013688-300x225.jpg\" width=\"300\" height=\"225\" srcset=\"https:\/\/informelitoral.com.ar\/%77%70%2d%63%6f%6e%74%65%6e%74\/uploads\/2013\/07\/05072013688-300x225.jpg 300w, https:\/\/informelitoral.com.ar\/%77%70%2d%63%6f%6e%74%65%6e%74\/uploads\/2013\/07\/05072013688-1024x768.jpg 1024w, https:\/\/informelitoral.com.ar\/%77%70%2d%63%6f%6e%74%65%6e%74\/uploads\/2013\/07\/05072013688.jpg 1600w\" sizes=\"auto, (max-width: 300px) 100vw, 300px\" \/><\/p>\n<div>El aumento aplicado en los \u00faltimos d\u00edas, iba a traer cola, y quejas de los usuarios que deben viajar para estudiar y tambi\u00e9n de quienes trabajan en la capital de la provincia, ya que ven afectados sus sueldos por los altos costos para llegar hasta sus empleos;\u00a0o bien para aquellas personas que necesitan hacerse un tratamiento m\u00e9dico, entre otras cuestiones.<\/div>\n<div><\/div>\n<div>Los ciudadanos que reclaman, creen sentirse extorsionados por las empresas que realizan dicho trayecto diariamente, y solicitar\u00e1n tanto a la CNRT el excesivo control de las l\u00edneas para que compruebe como no cumplen muchas de las reglas que exige el ente regulador; poniendo como ejemplo lo que realiza la CNRT en las l\u00edneas Santa Fe \u2013 Paran\u00e1.<\/div>\n<div><\/div>\n<div>Adem\u00e1s, ninguna de las empresas public\u00f3 por los medios, tal como establece la ley, el aumento que se realizar\u00eda en estos d\u00edas, y que desat\u00f3 los reclamos en la poblaci\u00f3n diamantina.<\/div>\n<div><\/div>\n<div>La lista de nombres quienes amablemente nos solicitaron a derecho la siguiente nota y publicaci\u00f3n son los siguientes ciudadanos:<\/div>\n<div><\/div>\n<div>\n<p>Facundo Vivas DNI 35.707.593<br \/>\nDar\u00edo Palma DNI 36.732.522<br \/>\nCarlos Aguilar DNI 37.289.060<br \/>\nEmanuel S\u00e1nchez DNI 34.196.513<br \/>\nLaura Maidana DNI 37.567.981<br \/>\nPaula Guzm\u00e1n DNI 38.053.928<br \/>\nD\u00e9bora Bianchi DNI 37.567.810<\/p>\n<p>Fuente:<strong>\u00a0<\/strong><a href=\"http:\/\/www.neonetmusic.com.ar\/\" target=\"_blank\">Neo Net Music<\/a><\/p>\n<\/div>\n","protected":false},"excerpt":{"rendered":"<p>&nbsp; Un grupo de j&oacute;venes estudiantes, que viajan asiduamente en las l&iacute;neas Paran&aacute; &ndash; Diamante se reunieron en la Biblioteca Popular de la mencionada ciudad con el objetivo de estudiar los pasos a seguir y &nbsp;llevar el reclamo a las autoridades Municipales, Provinciales, y no descartan hacerlo tambi&eacute;n a las autoridades Nacionales, por el valor [&hellip;]<\/p>\n","protected":false},"author":2,"featured_media":0,"comment_status":"open","ping_status":"open","sticky":false,"template":"","format":"standard","meta":{"fifu_image_url":"","fifu_image_alt":"","footnotes":""},"categories":[5],"tags":[],"class_list":{"0":"post-2364","1":"post","2":"type-post","3":"status-publish","4":"format-standard","6":"category-zonales"},"yoast_head":"<title>Diamante: grupo de jovenes estudiantes se reunieron para reclamar contra el aumento del boleto de colectivos - Informe Litoral<\/title>\n<meta name=\"robots\" content=\"index, follow, max-snippet:-1, max-image-preview:large, max-video-preview:-1\" \/>\n<link rel=\"canonical\" href=\"https:\/\/informelitoral.com.ar\/diamante-grupo-de-jovenes-estudiantes-se-reunieron-para-reclamar-contra-el-aumento-del-boleto-de-colectivos\/\" \/>\n<meta property=\"og:locale\" content=\"es_ES\" \/>\n<meta property=\"og:type\" content=\"article\" \/>\n<meta property=\"og:title\" content=\"Diamante: grupo de jovenes estudiantes se reunieron para reclamar contra el aumento del boleto de colectivos - Informe Litoral\" \/>\n<meta property=\"og:description\" content=\"&nbsp; Un grupo de j&oacute;venes estudiantes, que viajan asiduamente en las l&iacute;neas Paran&aacute; &ndash; Diamante se reunieron en la Biblioteca Popular de la mencionada ciudad con el objetivo de estudiar los pasos a seguir y &nbsp;llevar el reclamo a las autoridades Municipales, Provinciales, y no descartan hacerlo tambi&eacute;n a las autoridades Nacionales, por el valor [&hellip;]\" \/>\n<meta property=\"og:url\" content=\"https:\/\/informelitoral.com.ar\/diamante-grupo-de-jovenes-estudiantes-se-reunieron-para-reclamar-contra-el-aumento-del-boleto-de-colectivos\/\" \/>\n<meta property=\"og:site_name\" content=\"Informe Litoral\" \/>\n<meta property=\"article:publisher\" content=\"https:\/\/www.facebook.com\/informelitoral\/\" \/>\n<meta property=\"article:published_time\" content=\"2013-07-06T02:22:02+00:00\" \/>\n<meta property=\"article:modified_time\" content=\"2013-07-06T02:30:27+00:00\" \/>\n<meta property=\"og:image\" content=\"https:\/\/informelitoral.com.ar\/%77%70%2d%63%6f%6e%74%65%6e%74\/uploads\/2013\/07\/05072013688.jpg\" \/>\n\t<meta property=\"og:image:width\" content=\"1600\" \/>\n\t<meta property=\"og:image:height\" content=\"1200\" \/>\n\t<meta property=\"og:image:type\" content=\"image\/jpeg\" \/>\n<meta name=\"author\" content=\"Gonzalo Schmidt\" \/>\n<meta name=\"twitter:card\" content=\"summary_large_image\" \/>\n<meta name=\"twitter:creator\" content=\"@InformeLitoral\" \/>\n<meta name=\"twitter:site\" content=\"@InformeLitoral\" \/>\n<meta name=\"twitter:label1\" content=\"Escrito por\" \/>\n\t<meta name=\"twitter:data1\" content=\"Gonzalo Schmidt\" \/>\n\t<meta name=\"twitter:label2\" content=\"Tiempo de lectura\" \/>\n\t<meta name=\"twitter:data2\" content=\"1 minuto\" \/>\n<script type=\"application\/ld+json\" class=\"yoast-schema-graph\">{\"@context\":\"https:\\\/\\\/schema.org\",\"@graph\":[{\"@type\":\"Article\",\"@id\":\"https:\\\/\\\/informelitoral.com.ar\\\/diamante-grupo-de-jovenes-estudiantes-se-reunieron-para-reclamar-contra-el-aumento-del-boleto-de-colectivos\\\/#article\",\"isPartOf\":{\"@id\":\"https:\\\/\\\/informelitoral.com.ar\\\/diamante-grupo-de-jovenes-estudiantes-se-reunieron-para-reclamar-contra-el-aumento-del-boleto-de-colectivos\\\/\"},\"author\":{\"name\":\"Gonzalo Schmidt\",\"@id\":\"https:\\\/\\\/informelitoral.com.ar\\\/#\\\/schema\\\/person\\\/b9d00407c836482871ef1d57bf8e3180\"},\"headline\":\"Diamante: grupo de jovenes estudiantes se reunieron para reclamar contra el aumento del boleto de colectivos\",\"datePublished\":\"2013-07-06T02:22:02+00:00\",\"dateModified\":\"2013-07-06T02:30:27+00:00\",\"mainEntityOfPage\":{\"@id\":\"https:\\\/\\\/informelitoral.com.ar\\\/diamante-grupo-de-jovenes-estudiantes-se-reunieron-para-reclamar-contra-el-aumento-del-boleto-de-colectivos\\\/\"},\"wordCount\":292,\"commentCount\":0,\"publisher\":{\"@id\":\"https:\\\/\\\/informelitoral.com.ar\\\/#organization\"},\"image\":{\"@id\":\"https:\\\/\\\/informelitoral.com.ar\\\/diamante-grupo-de-jovenes-estudiantes-se-reunieron-para-reclamar-contra-el-aumento-del-boleto-de-colectivos\\\/#primaryimage\"},\"thumbnailUrl\":\"http:\\\/\\\/www.isletasnoticias.com.ar\\\/%77%70%2d%63%6f%6e%74%65%6e%74\\\/uploads\\\/2013\\\/07\\\/05072013688-300x225.jpg\",\"articleSection\":[\"Departamento Diamante\"],\"inLanguage\":\"es\",\"potentialAction\":[{\"@type\":\"CommentAction\",\"name\":\"Comment\",\"target\":[\"https:\\\/\\\/informelitoral.com.ar\\\/diamante-grupo-de-jovenes-estudiantes-se-reunieron-para-reclamar-contra-el-aumento-del-boleto-de-colectivos\\\/#respond\"]}]},{\"@type\":\"WebPage\",\"@id\":\"https:\\\/\\\/informelitoral.com.ar\\\/diamante-grupo-de-jovenes-estudiantes-se-reunieron-para-reclamar-contra-el-aumento-del-boleto-de-colectivos\\\/\",\"url\":\"https:\\\/\\\/informelitoral.com.ar\\\/diamante-grupo-de-jovenes-estudiantes-se-reunieron-para-reclamar-contra-el-aumento-del-boleto-de-colectivos\\\/\",\"name\":\"Diamante: grupo de jovenes estudiantes se reunieron para reclamar contra el aumento del boleto de colectivos - Informe Litoral\",\"isPartOf\":{\"@id\":\"https:\\\/\\\/informelitoral.com.ar\\\/#website\"},\"primaryImageOfPage\":{\"@id\":\"https:\\\/\\\/informelitoral.com.ar\\\/diamante-grupo-de-jovenes-estudiantes-se-reunieron-para-reclamar-contra-el-aumento-del-boleto-de-colectivos\\\/#primaryimage\"},\"image\":{\"@id\":\"https:\\\/\\\/informelitoral.com.ar\\\/diamante-grupo-de-jovenes-estudiantes-se-reunieron-para-reclamar-contra-el-aumento-del-boleto-de-colectivos\\\/#primaryimage\"},\"thumbnailUrl\":\"http:\\\/\\\/www.isletasnoticias.com.ar\\\/%77%70%2d%63%6f%6e%74%65%6e%74\\\/uploads\\\/2013\\\/07\\\/05072013688-300x225.jpg\",\"datePublished\":\"2013-07-06T02:22:02+00:00\",\"dateModified\":\"2013-07-06T02:30:27+00:00\",\"breadcrumb\":{\"@id\":\"https:\\\/\\\/informelitoral.com.ar\\\/diamante-grupo-de-jovenes-estudiantes-se-reunieron-para-reclamar-contra-el-aumento-del-boleto-de-colectivos\\\/#breadcrumb\"},\"inLanguage\":\"es\",\"potentialAction\":[{\"@type\":\"ReadAction\",\"target\":[\"https:\\\/\\\/informelitoral.com.ar\\\/diamante-grupo-de-jovenes-estudiantes-se-reunieron-para-reclamar-contra-el-aumento-del-boleto-de-colectivos\\\/\"]}]},{\"@type\":\"ImageObject\",\"inLanguage\":\"es\",\"@id\":\"https:\\\/\\\/informelitoral.com.ar\\\/diamante-grupo-de-jovenes-estudiantes-se-reunieron-para-reclamar-contra-el-aumento-del-boleto-de-colectivos\\\/#primaryimage\",\"url\":\"http:\\\/\\\/www.isletasnoticias.com.ar\\\/%77%70%2d%63%6f%6e%74%65%6e%74\\\/uploads\\\/2013\\\/07\\\/05072013688-300x225.jpg\",\"contentUrl\":\"http:\\\/\\\/www.isletasnoticias.com.ar\\\/%77%70%2d%63%6f%6e%74%65%6e%74\\\/uploads\\\/2013\\\/07\\\/05072013688-300x225.jpg\"},{\"@type\":\"BreadcrumbList\",\"@id\":\"https:\\\/\\\/informelitoral.com.ar\\\/diamante-grupo-de-jovenes-estudiantes-se-reunieron-para-reclamar-contra-el-aumento-del-boleto-de-colectivos\\\/#breadcrumb\",\"itemListElement\":[{\"@type\":\"ListItem\",\"position\":1,\"name\":\"Portada\",\"item\":\"https:\\\/\\\/informelitoral.com.ar\\\/\"},{\"@type\":\"ListItem\",\"position\":2,\"name\":\"Diamante: grupo de jovenes estudiantes se reunieron para reclamar contra el aumento del boleto de colectivos\"}]},{\"@type\":\"WebSite\",\"@id\":\"https:\\\/\\\/informelitoral.com.ar\\\/#website\",\"url\":\"https:\\\/\\\/informelitoral.com.ar\\\/\",\"name\":\"Informe Litoral\",\"description\":\"&quot;Nos informamos&quot; \",\"publisher\":{\"@id\":\"https:\\\/\\\/informelitoral.com.ar\\\/#organization\"},\"potentialAction\":[{\"@type\":\"SearchAction\",\"target\":{\"@type\":\"EntryPoint\",\"urlTemplate\":\"https:\\\/\\\/informelitoral.com.ar\\\/?s={search_term_string}\"},\"query-input\":{\"@type\":\"PropertyValueSpecification\",\"valueRequired\":true,\"valueName\":\"search_term_string\"}}],\"inLanguage\":\"es\"},{\"@type\":\"Organization\",\"@id\":\"https:\\\/\\\/informelitoral.com.ar\\\/#organization\",\"name\":\"Informe Litoral\",\"url\":\"https:\\\/\\\/informelitoral.com.ar\\\/\",\"logo\":{\"@type\":\"ImageObject\",\"inLanguage\":\"es\",\"@id\":\"https:\\\/\\\/informelitoral.com.ar\\\/#\\\/schema\\\/logo\\\/image\\\/\",\"url\":\"https:\\\/\\\/informelitoral.com.ar\\\/%77%70%2d%63%6f%6e%74%65%6e%74\\\/uploads\\\/2021\\\/01\\\/circulo.png\",\"contentUrl\":\"https:\\\/\\\/informelitoral.com.ar\\\/%77%70%2d%63%6f%6e%74%65%6e%74\\\/uploads\\\/2021\\\/01\\\/circulo.png\",\"width\":723,\"height\":731,\"caption\":\"Informe Litoral\"},\"image\":{\"@id\":\"https:\\\/\\\/informelitoral.com.ar\\\/#\\\/schema\\\/logo\\\/image\\\/\"},\"sameAs\":[\"https:\\\/\\\/www.facebook.com\\\/informelitoral\\\/\",\"https:\\\/\\\/x.com\\\/InformeLitoral\",\"https:\\\/\\\/www.instagram.com\\\/informelitoral\\\/\",\"https:\\\/\\\/www.youtube.com\\\/channel\\\/UCua4Qvz8Icb6MYqhoq9xLXw\"]},{\"@type\":\"Person\",\"@id\":\"https:\\\/\\\/informelitoral.com.ar\\\/#\\\/schema\\\/person\\\/b9d00407c836482871ef1d57bf8e3180\",\"name\":\"Gonzalo Schmidt\",\"image\":{\"@type\":\"ImageObject\",\"inLanguage\":\"es\",\"@id\":\"https:\\\/\\\/secure.gravatar.com\\\/avatar\\\/31a1a7b66ff2de83bd0e9fd79d026630d2d99e55e8bfe501287647b4fd9743de?s=96&d=mm&r=g\",\"url\":\"https:\\\/\\\/secure.gravatar.com\\\/avatar\\\/31a1a7b66ff2de83bd0e9fd79d026630d2d99e55e8bfe501287647b4fd9743de?s=96&d=mm&r=g\",\"contentUrl\":\"https:\\\/\\\/secure.gravatar.com\\\/avatar\\\/31a1a7b66ff2de83bd0e9fd79d026630d2d99e55e8bfe501287647b4fd9743de?s=96&d=mm&r=g\",\"caption\":\"Gonzalo Schmidt\"},\"description\":\"Sitio web de noticias de la provincia de Entre R\u00edos, Argentina. Informaci\u00f3n y entretenimiento. Informe Litoral, nos informamos.\",\"sameAs\":[\"http:\\\/\\\/www.isletasnoticias.com.ar\"],\"url\":\"https:\\\/\\\/informelitoral.com.ar\\\/author\\\/gonzalo\\\/\"}]}<\/script>","yoast_head_json":{"title":"Diamante: grupo de jovenes estudiantes se reunieron para reclamar contra el aumento del boleto de colectivos - Informe Litoral","robots":{"index":"index","follow":"follow","max-snippet":"max-snippet:-1","max-image-preview":"max-image-preview:large","max-video-preview":"max-video-preview:-1"},"canonical":"https:\/\/informelitoral.com.ar\/diamante-grupo-de-jovenes-estudiantes-se-reunieron-para-reclamar-contra-el-aumento-del-boleto-de-colectivos\/","og_locale":"es_ES","og_type":"article","og_title":"Diamante: grupo de jovenes estudiantes se reunieron para reclamar contra el aumento del boleto de colectivos - Informe Litoral","og_description":"&nbsp; Un grupo de j&oacute;venes estudiantes, que viajan asiduamente en las l&iacute;neas Paran&aacute; &ndash; Diamante se reunieron en la Biblioteca Popular de la mencionada ciudad con el objetivo de estudiar los pasos a seguir y &nbsp;llevar el reclamo a las autoridades Municipales, Provinciales, y no descartan hacerlo tambi&eacute;n a las autoridades Nacionales, por el valor [&hellip;]","og_url":"https:\/\/informelitoral.com.ar\/diamante-grupo-de-jovenes-estudiantes-se-reunieron-para-reclamar-contra-el-aumento-del-boleto-de-colectivos\/","og_site_name":"Informe Litoral","article_publisher":"https:\/\/www.facebook.com\/informelitoral\/","article_published_time":"2013-07-06T02:22:02+00:00","article_modified_time":"2013-07-06T02:30:27+00:00","og_image":[{"width":1600,"height":1200,"url":"https:\/\/informelitoral.com.ar\/%77%70%2d%63%6f%6e%74%65%6e%74\/uploads\/2013\/07\/05072013688.jpg","type":"image\/jpeg"}],"author":"Gonzalo Schmidt","twitter_card":"summary_large_image","twitter_creator":"@InformeLitoral","twitter_site":"@InformeLitoral","twitter_misc":{"Escrito por":"Gonzalo Schmidt","Tiempo de lectura":"1 minuto"},"schema":{"@context":"https:\/\/schema.org","@graph":[{"@type":"Article","@id":"https:\/\/informelitoral.com.ar\/diamante-grupo-de-jovenes-estudiantes-se-reunieron-para-reclamar-contra-el-aumento-del-boleto-de-colectivos\/#article","isPartOf":{"@id":"https:\/\/informelitoral.com.ar\/diamante-grupo-de-jovenes-estudiantes-se-reunieron-para-reclamar-contra-el-aumento-del-boleto-de-colectivos\/"},"author":{"name":"Gonzalo Schmidt","@id":"https:\/\/informelitoral.com.ar\/#\/schema\/person\/b9d00407c836482871ef1d57bf8e3180"},"headline":"Diamante: grupo de jovenes estudiantes se reunieron para reclamar contra el aumento del boleto de colectivos","datePublished":"2013-07-06T02:22:02+00:00","dateModified":"2013-07-06T02:30:27+00:00","mainEntityOfPage":{"@id":"https:\/\/informelitoral.com.ar\/diamante-grupo-de-jovenes-estudiantes-se-reunieron-para-reclamar-contra-el-aumento-del-boleto-de-colectivos\/"},"wordCount":292,"commentCount":0,"publisher":{"@id":"https:\/\/informelitoral.com.ar\/#organization"},"image":{"@id":"https:\/\/informelitoral.com.ar\/diamante-grupo-de-jovenes-estudiantes-se-reunieron-para-reclamar-contra-el-aumento-del-boleto-de-colectivos\/#primaryimage"},"thumbnailUrl":"http:\/\/www.isletasnoticias.com.ar\/%77%70%2d%63%6f%6e%74%65%6e%74\/uploads\/2013\/07\/05072013688-300x225.jpg","articleSection":["Departamento Diamante"],"inLanguage":"es","potentialAction":[{"@type":"CommentAction","name":"Comment","target":["https:\/\/informelitoral.com.ar\/diamante-grupo-de-jovenes-estudiantes-se-reunieron-para-reclamar-contra-el-aumento-del-boleto-de-colectivos\/#respond"]}]},{"@type":"WebPage","@id":"https:\/\/informelitoral.com.ar\/diamante-grupo-de-jovenes-estudiantes-se-reunieron-para-reclamar-contra-el-aumento-del-boleto-de-colectivos\/","url":"https:\/\/informelitoral.com.ar\/diamante-grupo-de-jovenes-estudiantes-se-reunieron-para-reclamar-contra-el-aumento-del-boleto-de-colectivos\/","name":"Diamante: grupo de jovenes estudiantes se reunieron para reclamar contra el aumento del boleto de colectivos - Informe Litoral","isPartOf":{"@id":"https:\/\/informelitoral.com.ar\/#website"},"primaryImageOfPage":{"@id":"https:\/\/informelitoral.com.ar\/diamante-grupo-de-jovenes-estudiantes-se-reunieron-para-reclamar-contra-el-aumento-del-boleto-de-colectivos\/#primaryimage"},"image":{"@id":"https:\/\/informelitoral.com.ar\/diamante-grupo-de-jovenes-estudiantes-se-reunieron-para-reclamar-contra-el-aumento-del-boleto-de-colectivos\/#primaryimage"},"thumbnailUrl":"http:\/\/www.isletasnoticias.com.ar\/%77%70%2d%63%6f%6e%74%65%6e%74\/uploads\/2013\/07\/05072013688-300x225.jpg","datePublished":"2013-07-06T02:22:02+00:00","dateModified":"2013-07-06T02:30:27+00:00","breadcrumb":{"@id":"https:\/\/informelitoral.com.ar\/diamante-grupo-de-jovenes-estudiantes-se-reunieron-para-reclamar-contra-el-aumento-del-boleto-de-colectivos\/#breadcrumb"},"inLanguage":"es","potentialAction":[{"@type":"ReadAction","target":["https:\/\/informelitoral.com.ar\/diamante-grupo-de-jovenes-estudiantes-se-reunieron-para-reclamar-contra-el-aumento-del-boleto-de-colectivos\/"]}]},{"@type":"ImageObject","inLanguage":"es","@id":"https:\/\/informelitoral.com.ar\/diamante-grupo-de-jovenes-estudiantes-se-reunieron-para-reclamar-contra-el-aumento-del-boleto-de-colectivos\/#primaryimage","url":"http:\/\/www.isletasnoticias.com.ar\/%77%70%2d%63%6f%6e%74%65%6e%74\/uploads\/2013\/07\/05072013688-300x225.jpg","contentUrl":"http:\/\/www.isletasnoticias.com.ar\/%77%70%2d%63%6f%6e%74%65%6e%74\/uploads\/2013\/07\/05072013688-300x225.jpg"},{"@type":"BreadcrumbList","@id":"https:\/\/informelitoral.com.ar\/diamante-grupo-de-jovenes-estudiantes-se-reunieron-para-reclamar-contra-el-aumento-del-boleto-de-colectivos\/#breadcrumb","itemListElement":[{"@type":"ListItem","position":1,"name":"Portada","item":"https:\/\/informelitoral.com.ar\/"},{"@type":"ListItem","position":2,"name":"Diamante: grupo de jovenes estudiantes se reunieron para reclamar contra el aumento del boleto de colectivos"}]},{"@type":"WebSite","@id":"https:\/\/informelitoral.com.ar\/#website","url":"https:\/\/informelitoral.com.ar\/","name":"Informe Litoral","description":"&quot;Nos informamos&quot; ","publisher":{"@id":"https:\/\/informelitoral.com.ar\/#organization"},"potentialAction":[{"@type":"SearchAction","target":{"@type":"EntryPoint","urlTemplate":"https:\/\/informelitoral.com.ar\/?s={search_term_string}"},"query-input":{"@type":"PropertyValueSpecification","valueRequired":true,"valueName":"search_term_string"}}],"inLanguage":"es"},{"@type":"Organization","@id":"https:\/\/informelitoral.com.ar\/#organization","name":"Informe Litoral","url":"https:\/\/informelitoral.com.ar\/","logo":{"@type":"ImageObject","inLanguage":"es","@id":"https:\/\/informelitoral.com.ar\/#\/schema\/logo\/image\/","url":"https:\/\/informelitoral.com.ar\/%77%70%2d%63%6f%6e%74%65%6e%74\/uploads\/2021\/01\/circulo.png","contentUrl":"https:\/\/informelitoral.com.ar\/%77%70%2d%63%6f%6e%74%65%6e%74\/uploads\/2021\/01\/circulo.png","width":723,"height":731,"caption":"Informe Litoral"},"image":{"@id":"https:\/\/informelitoral.com.ar\/#\/schema\/logo\/image\/"},"sameAs":["https:\/\/www.facebook.com\/informelitoral\/","https:\/\/x.com\/InformeLitoral","https:\/\/www.instagram.com\/informelitoral\/","https:\/\/www.youtube.com\/channel\/UCua4Qvz8Icb6MYqhoq9xLXw"]},{"@type":"Person","@id":"https:\/\/informelitoral.com.ar\/#\/schema\/person\/b9d00407c836482871ef1d57bf8e3180","name":"Gonzalo Schmidt","image":{"@type":"ImageObject","inLanguage":"es","@id":"https:\/\/secure.gravatar.com\/avatar\/31a1a7b66ff2de83bd0e9fd79d026630d2d99e55e8bfe501287647b4fd9743de?s=96&d=mm&r=g","url":"https:\/\/secure.gravatar.com\/avatar\/31a1a7b66ff2de83bd0e9fd79d026630d2d99e55e8bfe501287647b4fd9743de?s=96&d=mm&r=g","contentUrl":"https:\/\/secure.gravatar.com\/avatar\/31a1a7b66ff2de83bd0e9fd79d026630d2d99e55e8bfe501287647b4fd9743de?s=96&d=mm&r=g","caption":"Gonzalo Schmidt"},"description":"Sitio web de noticias de la provincia de Entre R\u00edos, Argentina. Informaci\u00f3n y entretenimiento. Informe Litoral, nos informamos.","sameAs":["http:\/\/www.isletasnoticias.com.ar"],"url":"https:\/\/informelitoral.com.ar\/author\/gonzalo\/"}]}},"_links":{"self":[{"href":"https:\/\/informelitoral.com.ar\/%77%70%2d%6a%73%6f%6e\/wp\/v2\/posts\/2364","targetHints":{"allow":["GET"]}}],"collection":[{"href":"https:\/\/informelitoral.com.ar\/%77%70%2d%6a%73%6f%6e\/wp\/v2\/posts"}],"about":[{"href":"https:\/\/informelitoral.com.ar\/%77%70%2d%6a%73%6f%6e\/wp\/v2\/types\/post"}],"author":[{"embeddable":true,"href":"https:\/\/informelitoral.com.ar\/%77%70%2d%6a%73%6f%6e\/wp\/v2\/users\/2"}],"replies":[{"embeddable":true,"href":"https:\/\/informelitoral.com.ar\/%77%70%2d%6a%73%6f%6e\/wp\/v2\/comments?post=2364"}],"version-history":[{"count":0,"href":"https:\/\/informelitoral.com.ar\/%77%70%2d%6a%73%6f%6e\/wp\/v2\/posts\/2364\/revisions"}],"wp:attachment":[{"href":"https:\/\/informelitoral.com.ar\/%77%70%2d%6a%73%6f%6e\/wp\/v2\/media?parent=2364"}],"wp:term":[{"taxonomy":"category","embeddable":true,"href":"https:\/\/informelitoral.com.ar\/%77%70%2d%6a%73%6f%6e\/wp\/v2\/categories?post=2364"},{"taxonomy":"post_tag","embeddable":true,"href":"https:\/\/informelitoral.com.ar\/%77%70%2d%6a%73%6f%6e\/wp\/v2\/tags?post=2364"}],"curies":[{"name":"wp","href":"https:\/\/api.w.org\/{rel}","templated":true}]}}