{"id":236304,"date":"2025-10-08T09:28:47","date_gmt":"2025-10-08T12:28:47","guid":{"rendered":"https:\/\/informelitoral.com.ar\/?p=236304"},"modified":"2025-10-08T09:34:10","modified_gmt":"2025-10-08T12:34:10","slug":"variante-frankenstein-aumento-y-representa-casi-un-tercio-de-casos-de-covid-19-en-argentina","status":"publish","type":"post","link":"https:\/\/informelitoral.com.ar\/variante-frankenstein-aumento-y-representa-casi-un-tercio-de-casos-de-covid-19-en-argentina\/","title":{"rendered":"Variante \u201cFrankenstein\u201d aument\u00f3 y representa casi un tercio de casos de COVID-19 en Argentina"},"content":{"rendered":"<p>El panorama del <b>COVID-19<\/b> en Argentina muestra una creciente circulaci\u00f3n de la <b>variante \u00d3micron<\/b> y sus sublinajes, con un claro avance de la cepa recombinante <b>XFG<\/b>, conocida popularmente como <b>\u201cFrankenstein\u201d<\/b>. Seg\u00fan el \u00faltimo <b>Bolet\u00edn Epidemiol\u00f3gico Nacional (BEN N\u00b0776)<\/b>, casi <b>uno de cada tres casos secuenciados<\/b> ya corresponden a este linaje.<\/p>\n<p>El informe, emitido por el Ministerio de Salud y que abarca de la semana 29 a la 36 de 2025, detalla que de 95 muestras secuenciadas, el linaje <b>XFG represent\u00f3 el 28,4%<\/b> (27 casos), seguido por <b>LP.8.1 con el 15,8%<\/b>. Esta alta positividad del SARS-CoV-2 ya es, incluso, <b>superior a la detectada para la gripe<\/b>.<\/p>\n<p><img decoding=\"async\" src=\"https:\/\/elonce-media.elonce.com\/fotos\/2025\/08\/05\/e_1754388779_23839.webp\" \/><\/p>\n<p>El Laboratorio Nacional de Referencia del ANLIS \u201cDr. Carlos G. Malbr\u00e1n\u201d analiz\u00f3 119 virus recolectados en 16 jurisdicciones. Los resultados confirmaron que el <b>30% de esas muestras correspondieron al linaje XFG<\/b>, mientras que el 54,8% fueron sublinajes sin clasificaci\u00f3n de inter\u00e9s (no VOI\/VUM). Esto ratifica una mayor presencia del sublinaje recombinante en las \u00faltimas semanas.<\/p>\n<p>El Ministerio de Salud aclara que la circulaci\u00f3n del virus es exclusivamente de la <b>variante \u00d3micron<\/b>. Los datos forman parte del monitoreo constante de la Red Nacional de Virus Respiratorios para evaluar la evoluci\u00f3n gen\u00e9tica del virus en el pa\u00eds.<\/p>\n<h2><strong>Otros virus respiratorios y M-Pox<\/strong><\/h2>\n<p>En el contexto general de virus respiratorios, se observa que el <b>Virus Sincicial Respiratorio (VSR)<\/b> sigue siendo el m\u00e1s notificado, aunque la <b>influenza<\/b> registra un descenso. El SARS-CoV-2 presenta un leve ascenso en las detecciones ambulatorias e internaciones a partir de la semana 34. Las notificaciones de bronquiolitis y neumon\u00eda registran una disminuci\u00f3n general comparada con el promedio de los \u00faltimos cinco a\u00f1os.<\/p>\n<p>Respecto a <b>M-pox (viruela del mono)<\/b>, se notificaron <b>18 casos nuevos<\/b> en las \u00faltimas cuatro semanas, sumando un total de 114 casos en el a\u00f1o. La mayor\u00eda de los afectados son varones, con una mediana de edad de 32 a\u00f1os, y se concentran principalmente en la Ciudad de Buenos Aires y la provincia de Buenos Aires. Aunque la emergencia internacional finaliz\u00f3, las autoridades sanitarias enfatizan la importancia de la detecci\u00f3n temprana y el rastreo de contactos, especialmente ante personas con antecedente de viaje a zonas de circulaci\u00f3n del virus.<\/p>\n<h6><em><strong>Del archivo:\u00a0<a href=\"https:\/\/informelitoral.com.ar\/chicharrita-del-maiz-la-red-nacional-de-monitoreo-sigue-firme-y-ya-planifica-el-ciclo-2025-26\/\" target=\"_blank\" rel=\"noopener\">Chicharrita del ma\u00edz: la Red Nacional de Monitoreo sigue firme y ya planifica el ciclo 2025\/26<\/a><\/strong><\/em><\/h6>\n","protected":false},"excerpt":{"rendered":"<p>La circulaci\u00f3n del linaje xfg, que supera la positividad de gripe, confirma el predominio exclusivo de la variante \u00f3micron en el pa\u00eds.<\/p>\n","protected":false},"author":8,"featured_media":236305,"comment_status":"open","ping_status":"open","sticky":false,"template":"","format":"standard","meta":{"fifu_image_url":"https:\/\/cdn1.eldia.com\/082025\/1756297028174.jpg","fifu_image_alt":"","footnotes":""},"categories":[7],"tags":[246,6103,2596],"class_list":{"0":"post-236304","1":"post","2":"type-post","3":"status-publish","4":"format-standard","5":"has-post-thumbnail","7":"category-nacionales","8":"tag-argentina","9":"tag-frankenstein","10":"tag-variante-omicron"},"yoast_head":"<title>Variante \u201cFrankenstein\u201d aument\u00f3 y representa casi un tercio de casos de COVID-19 en Argentina - Informe Litoral<\/title>\n<meta name=\"robots\" content=\"index, follow, max-snippet:-1, max-image-preview:large, max-video-preview:-1\" \/>\n<link rel=\"canonical\" href=\"https:\/\/informelitoral.com.ar\/variante-frankenstein-aumento-y-representa-casi-un-tercio-de-casos-de-covid-19-en-argentina\/\" \/>\n<meta property=\"og:locale\" content=\"es_ES\" \/>\n<meta property=\"og:type\" content=\"article\" \/>\n<meta property=\"og:title\" content=\"Variante \u201cFrankenstein\u201d aument\u00f3 y representa casi un tercio de casos de COVID-19 en Argentina - Informe Litoral\" \/>\n<meta property=\"og:description\" content=\"La circulaci\u00f3n del linaje xfg, que supera la positividad de gripe, confirma el predominio exclusivo de la variante \u00f3micron en el pa\u00eds.\" \/>\n<meta property=\"og:url\" content=\"https:\/\/informelitoral.com.ar\/variante-frankenstein-aumento-y-representa-casi-un-tercio-de-casos-de-covid-19-en-argentina\/\" \/>\n<meta property=\"og:site_name\" content=\"Informe Litoral\" \/>\n<meta property=\"article:publisher\" content=\"https:\/\/www.facebook.com\/informelitoral\/\" \/>\n<meta property=\"article:published_time\" content=\"2025-10-08T12:28:47+00:00\" \/>\n<meta property=\"article:modified_time\" content=\"2025-10-08T12:34:10+00:00\" \/>\n<meta property=\"og:image\" content=\"https:\/\/cdn1.eldia.com\/082025\/1756297028174.jpg\" \/><meta property=\"og:image\" content=\"https:\/\/cdn1.eldia.com\/082025\/1756297028174.jpg\" \/>\n\t<meta property=\"og:image:width\" content=\"939\" \/>\n\t<meta property=\"og:image:height\" content=\"587\" \/>\n\t<meta property=\"og:image:type\" content=\"image\/jpeg\" \/>\n<meta name=\"author\" content=\"Sebastian\" \/>\n<meta name=\"twitter:card\" content=\"summary_large_image\" \/>\n<meta name=\"twitter:image\" content=\"https:\/\/cdn1.eldia.com\/082025\/1756297028174.jpg\" \/>\n<meta name=\"twitter:creator\" content=\"@InformeLitoral\" \/>\n<meta name=\"twitter:site\" content=\"@InformeLitoral\" \/>\n<meta name=\"twitter:label1\" content=\"Escrito por\" \/>\n\t<meta name=\"twitter:data1\" content=\"Sebastian\" \/>\n\t<meta name=\"twitter:label2\" content=\"Tiempo de lectura\" \/>\n\t<meta name=\"twitter:data2\" content=\"3 minutos\" \/>\n<script type=\"application\/ld+json\" class=\"yoast-schema-graph\">{\"@context\":\"https:\\\/\\\/schema.org\",\"@graph\":[{\"@type\":\"Article\",\"@id\":\"https:\\\/\\\/informelitoral.com.ar\\\/variante-frankenstein-aumento-y-representa-casi-un-tercio-de-casos-de-covid-19-en-argentina\\\/#article\",\"isPartOf\":{\"@id\":\"https:\\\/\\\/informelitoral.com.ar\\\/variante-frankenstein-aumento-y-representa-casi-un-tercio-de-casos-de-covid-19-en-argentina\\\/\"},\"author\":{\"name\":\"Sebastian\",\"@id\":\"https:\\\/\\\/informelitoral.com.ar\\\/#\\\/schema\\\/person\\\/f05f9f461677119578717524b127d6d5\"},\"headline\":\"Variante \u201cFrankenstein\u201d aument\u00f3 y representa casi un tercio de casos de COVID-19 en Argentina\",\"datePublished\":\"2025-10-08T12:28:47+00:00\",\"dateModified\":\"2025-10-08T12:34:10+00:00\",\"mainEntityOfPage\":{\"@id\":\"https:\\\/\\\/informelitoral.com.ar\\\/variante-frankenstein-aumento-y-representa-casi-un-tercio-de-casos-de-covid-19-en-argentina\\\/\"},\"wordCount\":395,\"commentCount\":0,\"publisher\":{\"@id\":\"https:\\\/\\\/informelitoral.com.ar\\\/#organization\"},\"image\":{\"@id\":\"https:\\\/\\\/informelitoral.com.ar\\\/variante-frankenstein-aumento-y-representa-casi-un-tercio-de-casos-de-covid-19-en-argentina\\\/#primaryimage\"},\"thumbnailUrl\":\"https:\\\/\\\/cdn1.eldia.com\\\/082025\\\/1756297028174.jpg\",\"keywords\":[\"Argentina\",\"Frankenstein\",\"Variante Omicron\"],\"articleSection\":[\"Nacionales\"],\"inLanguage\":\"es\",\"potentialAction\":[{\"@type\":\"CommentAction\",\"name\":\"Comment\",\"target\":[\"https:\\\/\\\/informelitoral.com.ar\\\/variante-frankenstein-aumento-y-representa-casi-un-tercio-de-casos-de-covid-19-en-argentina\\\/#respond\"]}]},{\"@type\":\"WebPage\",\"@id\":\"https:\\\/\\\/informelitoral.com.ar\\\/variante-frankenstein-aumento-y-representa-casi-un-tercio-de-casos-de-covid-19-en-argentina\\\/\",\"url\":\"https:\\\/\\\/informelitoral.com.ar\\\/variante-frankenstein-aumento-y-representa-casi-un-tercio-de-casos-de-covid-19-en-argentina\\\/\",\"name\":\"Variante \u201cFrankenstein\u201d aument\u00f3 y representa casi un tercio de casos de COVID-19 en Argentina - Informe Litoral\",\"isPartOf\":{\"@id\":\"https:\\\/\\\/informelitoral.com.ar\\\/#website\"},\"primaryImageOfPage\":{\"@id\":\"https:\\\/\\\/informelitoral.com.ar\\\/variante-frankenstein-aumento-y-representa-casi-un-tercio-de-casos-de-covid-19-en-argentina\\\/#primaryimage\"},\"image\":{\"@id\":\"https:\\\/\\\/informelitoral.com.ar\\\/variante-frankenstein-aumento-y-representa-casi-un-tercio-de-casos-de-covid-19-en-argentina\\\/#primaryimage\"},\"thumbnailUrl\":\"https:\\\/\\\/cdn1.eldia.com\\\/082025\\\/1756297028174.jpg\",\"datePublished\":\"2025-10-08T12:28:47+00:00\",\"dateModified\":\"2025-10-08T12:34:10+00:00\",\"breadcrumb\":{\"@id\":\"https:\\\/\\\/informelitoral.com.ar\\\/variante-frankenstein-aumento-y-representa-casi-un-tercio-de-casos-de-covid-19-en-argentina\\\/#breadcrumb\"},\"inLanguage\":\"es\",\"potentialAction\":[{\"@type\":\"ReadAction\",\"target\":[\"https:\\\/\\\/informelitoral.com.ar\\\/variante-frankenstein-aumento-y-representa-casi-un-tercio-de-casos-de-covid-19-en-argentina\\\/\"]}]},{\"@type\":\"ImageObject\",\"inLanguage\":\"es\",\"@id\":\"https:\\\/\\\/informelitoral.com.ar\\\/variante-frankenstein-aumento-y-representa-casi-un-tercio-de-casos-de-covid-19-en-argentina\\\/#primaryimage\",\"url\":\"https:\\\/\\\/cdn1.eldia.com\\\/082025\\\/1756297028174.jpg\",\"contentUrl\":\"https:\\\/\\\/cdn1.eldia.com\\\/082025\\\/1756297028174.jpg\",\"width\":\"939\",\"height\":\"587\"},{\"@type\":\"BreadcrumbList\",\"@id\":\"https:\\\/\\\/informelitoral.com.ar\\\/variante-frankenstein-aumento-y-representa-casi-un-tercio-de-casos-de-covid-19-en-argentina\\\/#breadcrumb\",\"itemListElement\":[{\"@type\":\"ListItem\",\"position\":1,\"name\":\"Portada\",\"item\":\"https:\\\/\\\/informelitoral.com.ar\\\/\"},{\"@type\":\"ListItem\",\"position\":2,\"name\":\"Variante \u201cFrankenstein\u201d aument\u00f3 y representa casi un tercio de casos de COVID-19 en Argentina\"}]},{\"@type\":\"WebSite\",\"@id\":\"https:\\\/\\\/informelitoral.com.ar\\\/#website\",\"url\":\"https:\\\/\\\/informelitoral.com.ar\\\/\",\"name\":\"Informe Litoral\",\"description\":\"&quot;Nos informamos&quot; \",\"publisher\":{\"@id\":\"https:\\\/\\\/informelitoral.com.ar\\\/#organization\"},\"potentialAction\":[{\"@type\":\"SearchAction\",\"target\":{\"@type\":\"EntryPoint\",\"urlTemplate\":\"https:\\\/\\\/informelitoral.com.ar\\\/?s={search_term_string}\"},\"query-input\":{\"@type\":\"PropertyValueSpecification\",\"valueRequired\":true,\"valueName\":\"search_term_string\"}}],\"inLanguage\":\"es\"},{\"@type\":\"Organization\",\"@id\":\"https:\\\/\\\/informelitoral.com.ar\\\/#organization\",\"name\":\"Informe Litoral\",\"url\":\"https:\\\/\\\/informelitoral.com.ar\\\/\",\"logo\":{\"@type\":\"ImageObject\",\"inLanguage\":\"es\",\"@id\":\"https:\\\/\\\/informelitoral.com.ar\\\/#\\\/schema\\\/logo\\\/image\\\/\",\"url\":\"https:\\\/\\\/informelitoral.com.ar\\\/%77%70%2d%63%6f%6e%74%65%6e%74\\\/uploads\\\/2021\\\/01\\\/circulo.png\",\"contentUrl\":\"https:\\\/\\\/informelitoral.com.ar\\\/%77%70%2d%63%6f%6e%74%65%6e%74\\\/uploads\\\/2021\\\/01\\\/circulo.png\",\"width\":723,\"height\":731,\"caption\":\"Informe Litoral\"},\"image\":{\"@id\":\"https:\\\/\\\/informelitoral.com.ar\\\/#\\\/schema\\\/logo\\\/image\\\/\"},\"sameAs\":[\"https:\\\/\\\/www.facebook.com\\\/informelitoral\\\/\",\"https:\\\/\\\/x.com\\\/InformeLitoral\",\"https:\\\/\\\/www.instagram.com\\\/informelitoral\\\/\",\"https:\\\/\\\/www.youtube.com\\\/channel\\\/UCua4Qvz8Icb6MYqhoq9xLXw\"]},{\"@type\":\"Person\",\"@id\":\"https:\\\/\\\/informelitoral.com.ar\\\/#\\\/schema\\\/person\\\/f05f9f461677119578717524b127d6d5\",\"name\":\"Sebastian\",\"image\":{\"@type\":\"ImageObject\",\"inLanguage\":\"es\",\"@id\":\"https:\\\/\\\/secure.gravatar.com\\\/avatar\\\/b71bf7481d447dfb9583c7f2798e7cc64de6efb9067b74633ed8c31059a3bd82?s=96&d=mm&r=g\",\"url\":\"https:\\\/\\\/secure.gravatar.com\\\/avatar\\\/b71bf7481d447dfb9583c7f2798e7cc64de6efb9067b74633ed8c31059a3bd82?s=96&d=mm&r=g\",\"contentUrl\":\"https:\\\/\\\/secure.gravatar.com\\\/avatar\\\/b71bf7481d447dfb9583c7f2798e7cc64de6efb9067b74633ed8c31059a3bd82?s=96&d=mm&r=g\",\"caption\":\"Sebastian\"},\"url\":\"https:\\\/\\\/informelitoral.com.ar\\\/author\\\/sebastian\\\/\"}]}<\/script>","yoast_head_json":{"title":"Variante \u201cFrankenstein\u201d aument\u00f3 y representa casi un tercio de casos de COVID-19 en Argentina - Informe Litoral","robots":{"index":"index","follow":"follow","max-snippet":"max-snippet:-1","max-image-preview":"max-image-preview:large","max-video-preview":"max-video-preview:-1"},"canonical":"https:\/\/informelitoral.com.ar\/variante-frankenstein-aumento-y-representa-casi-un-tercio-de-casos-de-covid-19-en-argentina\/","og_locale":"es_ES","og_type":"article","og_title":"Variante \u201cFrankenstein\u201d aument\u00f3 y representa casi un tercio de casos de COVID-19 en Argentina - Informe Litoral","og_description":"La circulaci\u00f3n del linaje xfg, que supera la positividad de gripe, confirma el predominio exclusivo de la variante \u00f3micron en el pa\u00eds.","og_url":"https:\/\/informelitoral.com.ar\/variante-frankenstein-aumento-y-representa-casi-un-tercio-de-casos-de-covid-19-en-argentina\/","og_site_name":"Informe Litoral","article_publisher":"https:\/\/www.facebook.com\/informelitoral\/","article_published_time":"2025-10-08T12:28:47+00:00","article_modified_time":"2025-10-08T12:34:10+00:00","og_image":[{"url":"https:\/\/cdn1.eldia.com\/082025\/1756297028174.jpg","type":"","width":"","height":""},{"width":939,"height":587,"url":"https:\/\/cdn1.eldia.com\/082025\/1756297028174.jpg","type":"image\/jpeg"}],"author":"Sebastian","twitter_card":"summary_large_image","twitter_image":"https:\/\/cdn1.eldia.com\/082025\/1756297028174.jpg","twitter_creator":"@InformeLitoral","twitter_site":"@InformeLitoral","twitter_misc":{"Escrito por":"Sebastian","Tiempo de lectura":"3 minutos"},"schema":{"@context":"https:\/\/schema.org","@graph":[{"@type":"Article","@id":"https:\/\/informelitoral.com.ar\/variante-frankenstein-aumento-y-representa-casi-un-tercio-de-casos-de-covid-19-en-argentina\/#article","isPartOf":{"@id":"https:\/\/informelitoral.com.ar\/variante-frankenstein-aumento-y-representa-casi-un-tercio-de-casos-de-covid-19-en-argentina\/"},"author":{"name":"Sebastian","@id":"https:\/\/informelitoral.com.ar\/#\/schema\/person\/f05f9f461677119578717524b127d6d5"},"headline":"Variante \u201cFrankenstein\u201d aument\u00f3 y representa casi un tercio de casos de COVID-19 en Argentina","datePublished":"2025-10-08T12:28:47+00:00","dateModified":"2025-10-08T12:34:10+00:00","mainEntityOfPage":{"@id":"https:\/\/informelitoral.com.ar\/variante-frankenstein-aumento-y-representa-casi-un-tercio-de-casos-de-covid-19-en-argentina\/"},"wordCount":395,"commentCount":0,"publisher":{"@id":"https:\/\/informelitoral.com.ar\/#organization"},"image":{"@id":"https:\/\/informelitoral.com.ar\/variante-frankenstein-aumento-y-representa-casi-un-tercio-de-casos-de-covid-19-en-argentina\/#primaryimage"},"thumbnailUrl":"https:\/\/cdn1.eldia.com\/082025\/1756297028174.jpg","keywords":["Argentina","Frankenstein","Variante Omicron"],"articleSection":["Nacionales"],"inLanguage":"es","potentialAction":[{"@type":"CommentAction","name":"Comment","target":["https:\/\/informelitoral.com.ar\/variante-frankenstein-aumento-y-representa-casi-un-tercio-de-casos-de-covid-19-en-argentina\/#respond"]}]},{"@type":"WebPage","@id":"https:\/\/informelitoral.com.ar\/variante-frankenstein-aumento-y-representa-casi-un-tercio-de-casos-de-covid-19-en-argentina\/","url":"https:\/\/informelitoral.com.ar\/variante-frankenstein-aumento-y-representa-casi-un-tercio-de-casos-de-covid-19-en-argentina\/","name":"Variante \u201cFrankenstein\u201d aument\u00f3 y representa casi un tercio de casos de COVID-19 en Argentina - Informe Litoral","isPartOf":{"@id":"https:\/\/informelitoral.com.ar\/#website"},"primaryImageOfPage":{"@id":"https:\/\/informelitoral.com.ar\/variante-frankenstein-aumento-y-representa-casi-un-tercio-de-casos-de-covid-19-en-argentina\/#primaryimage"},"image":{"@id":"https:\/\/informelitoral.com.ar\/variante-frankenstein-aumento-y-representa-casi-un-tercio-de-casos-de-covid-19-en-argentina\/#primaryimage"},"thumbnailUrl":"https:\/\/cdn1.eldia.com\/082025\/1756297028174.jpg","datePublished":"2025-10-08T12:28:47+00:00","dateModified":"2025-10-08T12:34:10+00:00","breadcrumb":{"@id":"https:\/\/informelitoral.com.ar\/variante-frankenstein-aumento-y-representa-casi-un-tercio-de-casos-de-covid-19-en-argentina\/#breadcrumb"},"inLanguage":"es","potentialAction":[{"@type":"ReadAction","target":["https:\/\/informelitoral.com.ar\/variante-frankenstein-aumento-y-representa-casi-un-tercio-de-casos-de-covid-19-en-argentina\/"]}]},{"@type":"ImageObject","inLanguage":"es","@id":"https:\/\/informelitoral.com.ar\/variante-frankenstein-aumento-y-representa-casi-un-tercio-de-casos-de-covid-19-en-argentina\/#primaryimage","url":"https:\/\/cdn1.eldia.com\/082025\/1756297028174.jpg","contentUrl":"https:\/\/cdn1.eldia.com\/082025\/1756297028174.jpg","width":"939","height":"587"},{"@type":"BreadcrumbList","@id":"https:\/\/informelitoral.com.ar\/variante-frankenstein-aumento-y-representa-casi-un-tercio-de-casos-de-covid-19-en-argentina\/#breadcrumb","itemListElement":[{"@type":"ListItem","position":1,"name":"Portada","item":"https:\/\/informelitoral.com.ar\/"},{"@type":"ListItem","position":2,"name":"Variante \u201cFrankenstein\u201d aument\u00f3 y representa casi un tercio de casos de COVID-19 en Argentina"}]},{"@type":"WebSite","@id":"https:\/\/informelitoral.com.ar\/#website","url":"https:\/\/informelitoral.com.ar\/","name":"Informe Litoral","description":"&quot;Nos informamos&quot; ","publisher":{"@id":"https:\/\/informelitoral.com.ar\/#organization"},"potentialAction":[{"@type":"SearchAction","target":{"@type":"EntryPoint","urlTemplate":"https:\/\/informelitoral.com.ar\/?s={search_term_string}"},"query-input":{"@type":"PropertyValueSpecification","valueRequired":true,"valueName":"search_term_string"}}],"inLanguage":"es"},{"@type":"Organization","@id":"https:\/\/informelitoral.com.ar\/#organization","name":"Informe Litoral","url":"https:\/\/informelitoral.com.ar\/","logo":{"@type":"ImageObject","inLanguage":"es","@id":"https:\/\/informelitoral.com.ar\/#\/schema\/logo\/image\/","url":"https:\/\/informelitoral.com.ar\/%77%70%2d%63%6f%6e%74%65%6e%74\/uploads\/2021\/01\/circulo.png","contentUrl":"https:\/\/informelitoral.com.ar\/%77%70%2d%63%6f%6e%74%65%6e%74\/uploads\/2021\/01\/circulo.png","width":723,"height":731,"caption":"Informe Litoral"},"image":{"@id":"https:\/\/informelitoral.com.ar\/#\/schema\/logo\/image\/"},"sameAs":["https:\/\/www.facebook.com\/informelitoral\/","https:\/\/x.com\/InformeLitoral","https:\/\/www.instagram.com\/informelitoral\/","https:\/\/www.youtube.com\/channel\/UCua4Qvz8Icb6MYqhoq9xLXw"]},{"@type":"Person","@id":"https:\/\/informelitoral.com.ar\/#\/schema\/person\/f05f9f461677119578717524b127d6d5","name":"Sebastian","image":{"@type":"ImageObject","inLanguage":"es","@id":"https:\/\/secure.gravatar.com\/avatar\/b71bf7481d447dfb9583c7f2798e7cc64de6efb9067b74633ed8c31059a3bd82?s=96&d=mm&r=g","url":"https:\/\/secure.gravatar.com\/avatar\/b71bf7481d447dfb9583c7f2798e7cc64de6efb9067b74633ed8c31059a3bd82?s=96&d=mm&r=g","contentUrl":"https:\/\/secure.gravatar.com\/avatar\/b71bf7481d447dfb9583c7f2798e7cc64de6efb9067b74633ed8c31059a3bd82?s=96&d=mm&r=g","caption":"Sebastian"},"url":"https:\/\/informelitoral.com.ar\/author\/sebastian\/"}]}},"fifu_image_url":"https:\/\/cdn1.eldia.com\/082025\/1756297028174.jpg","_links":{"self":[{"href":"https:\/\/informelitoral.com.ar\/%77%70%2d%6a%73%6f%6e\/wp\/v2\/posts\/236304","targetHints":{"allow":["GET"]}}],"collection":[{"href":"https:\/\/informelitoral.com.ar\/%77%70%2d%6a%73%6f%6e\/wp\/v2\/posts"}],"about":[{"href":"https:\/\/informelitoral.com.ar\/%77%70%2d%6a%73%6f%6e\/wp\/v2\/types\/post"}],"author":[{"embeddable":true,"href":"https:\/\/informelitoral.com.ar\/%77%70%2d%6a%73%6f%6e\/wp\/v2\/users\/8"}],"replies":[{"embeddable":true,"href":"https:\/\/informelitoral.com.ar\/%77%70%2d%6a%73%6f%6e\/wp\/v2\/comments?post=236304"}],"version-history":[{"count":4,"href":"https:\/\/informelitoral.com.ar\/%77%70%2d%6a%73%6f%6e\/wp\/v2\/posts\/236304\/revisions"}],"predecessor-version":[{"id":236309,"href":"https:\/\/informelitoral.com.ar\/%77%70%2d%6a%73%6f%6e\/wp\/v2\/posts\/236304\/revisions\/236309"}],"wp:featuredmedia":[{"embeddable":true,"href":"https:\/\/informelitoral.com.ar\/%77%70%2d%6a%73%6f%6e\/wp\/v2\/media\/236305"}],"wp:attachment":[{"href":"https:\/\/informelitoral.com.ar\/%77%70%2d%6a%73%6f%6e\/wp\/v2\/media?parent=236304"}],"wp:term":[{"taxonomy":"category","embeddable":true,"href":"https:\/\/informelitoral.com.ar\/%77%70%2d%6a%73%6f%6e\/wp\/v2\/categories?post=236304"},{"taxonomy":"post_tag","embeddable":true,"href":"https:\/\/informelitoral.com.ar\/%77%70%2d%6a%73%6f%6e\/wp\/v2\/tags?post=236304"}],"curies":[{"name":"wp","href":"https:\/\/api.w.org\/{rel}","templated":true}]}}