{"id":23614,"date":"2017-11-01T17:23:19","date_gmt":"2017-11-01T20:23:19","guid":{"rendered":"http:\/\/www.isletasnoticias.com.ar\/?p=23614"},"modified":"2017-11-01T18:01:48","modified_gmt":"2017-11-01T21:01:48","slug":"ramirez-nacion-aprobo-la-toma-del-credito-para-ampliar-al-area-industrial","status":"publish","type":"post","link":"https:\/\/informelitoral.com.ar\/ramirez-nacion-aprobo-la-toma-del-credito-para-ampliar-al-area-industrial\/","title":{"rendered":"Ram\u00edrez: Naci\u00f3n aprob\u00f3 la toma del cr\u00e9dito para ampliar al \u00c1rea Industrial"},"content":{"rendered":"<p><strong>Fue mediante una Resoluci\u00f3n del Ministerio de Hacienda. El intendente<em> Gustavo Vergara,<\/em> la calific\u00f3 como \u00abuna gran oportunidad para todos\u00bb. Esperan que \u00e1ntes de fin de a\u00f1o se resuelva la compra de las 23 hect\u00e1reas.\u00a0<a href=\"http:\/\/www.isletasnoticias.com.ar\/%77%70%2d%63%6f%6e%74%65%6e%74\/uploads\/2017\/11\/Parque-Industrial.jpg\"><img loading=\"lazy\" decoding=\"async\" class=\"aligncenter wp-image-23615 size-large\" src=\"http:\/\/www.isletasnoticias.com.ar\/%77%70%2d%63%6f%6e%74%65%6e%74\/uploads\/2017\/11\/Parque-Industrial-1024x576.jpg\" alt=\"\" width=\"600\" height=\"338\" srcset=\"https:\/\/informelitoral.com.ar\/%77%70%2d%63%6f%6e%74%65%6e%74\/uploads\/2017\/11\/Parque-Industrial-1024x576.jpg 1024w, https:\/\/informelitoral.com.ar\/%77%70%2d%63%6f%6e%74%65%6e%74\/uploads\/2017\/11\/Parque-Industrial-300x169.jpg 300w, https:\/\/informelitoral.com.ar\/%77%70%2d%63%6f%6e%74%65%6e%74\/uploads\/2017\/11\/Parque-Industrial-768x432.jpg 768w, https:\/\/informelitoral.com.ar\/%77%70%2d%63%6f%6e%74%65%6e%74\/uploads\/2017\/11\/Parque-Industrial.jpg 1920w\" sizes=\"auto, (max-width: 600px) 100vw, 600px\" \/><\/a><\/strong><\/p>\n<p>Desde hace a\u00f1os en <strong>General Ram\u00edrez<\/strong> se busca ampliar el<strong> \u00c1rea Industrial,<\/strong> mediante la incorporaci\u00f3n de un predio de<strong> 23 hect\u00e1reas<\/strong>, en manos del Nuevo Banco de Entre R\u00edos.<\/p>\n<p>En los \u00faltimos d\u00edas, mediante la <strong>Resoluci\u00f3n<\/strong> 2017-178-APN-SECH#MHA del <strong>Ministerio de Hacienda de la Naci\u00f3n<\/strong>, se aprob\u00f3 la toma de cr\u00e9dito para incorporar la superficie y permitir la instalaci\u00f3n de nuevos emprendimientos productivos.<\/p>\n<p>Tras conocerse la novedad, el presidente municipal, <strong>Gustavo Vergara<\/strong> expres\u00f3 que \u00abse confirma una noticia que esperamos por mucho tiempo y en la que &#8211; junto al sector privado &#8211; pusimos gran parte de nuestras energ\u00edas, despejando cualquier dificultad\u00bb, dijo.<\/p>\n<p>En ese marco, el intendente destac\u00f3: \u00absi hay algo que nos define a los ramirenses es la laboriosidad, la b\u00fasqueda permanente del progreso. Por eso, <strong>esta es una gran oportunidad para todos, una ventana al futuro\u00bb.<\/strong><\/p>\n<p>Finalmente remarc\u00f3 que \u00aba esta altura ya no quedan dudas, <strong>Ram\u00edrez es una ciudad que se ha puesto en movimiento y con gran decisi\u00f3n<\/strong>\u00ab, se\u00f1al\u00f3 el mandatario municipal de Cambiemos.<\/p>\n<p><strong>Siguientes pasos<\/strong><br \/>\nPara los pr\u00f3ximos d\u00edas se aguarda la finalizaci\u00f3n del correspondiente tr\u00e1mite administrativo en el Banco Central y la firma del Decreto del gobernador, <strong>Gustavo Bordet.<\/strong><\/p>\n<p>Seg\u00fan el texto enviado a <em><strong>IN,<\/strong><\/em> se espera concretar la operaci\u00f3n y la firma de la escritura <strong>antes de fin de a\u00f1o.<\/strong><\/p>\n<p><a href=\"http:\/\/www.isletasnoticias.com.ar\/%77%70%2d%63%6f%6e%74%65%6e%74\/uploads\/2017\/11\/22780428_901662033318053_6382137914260083935_n.jpg\"><img loading=\"lazy\" decoding=\"async\" class=\"size-medium wp-image-23623 alignright\" src=\"http:\/\/www.isletasnoticias.com.ar\/%77%70%2d%63%6f%6e%74%65%6e%74\/uploads\/2017\/11\/22780428_901662033318053_6382137914260083935_n-232x300.jpg\" alt=\"\" width=\"232\" height=\"300\" srcset=\"https:\/\/informelitoral.com.ar\/%77%70%2d%63%6f%6e%74%65%6e%74\/uploads\/2017\/11\/22780428_901662033318053_6382137914260083935_n-232x300.jpg 232w, https:\/\/informelitoral.com.ar\/%77%70%2d%63%6f%6e%74%65%6e%74\/uploads\/2017\/11\/22780428_901662033318053_6382137914260083935_n.jpg 742w\" sizes=\"auto, (max-width: 232px) 100vw, 232px\" \/><\/a><\/p>\n<p><a href=\"http:\/\/www.isletasnoticias.com.ar\/%77%70%2d%63%6f%6e%74%65%6e%74\/uploads\/2017\/11\/22814400_901662026651387_6382747986734453441_n.jpg\"><img loading=\"lazy\" decoding=\"async\" class=\"alignnone size-medium wp-image-23622\" src=\"http:\/\/www.isletasnoticias.com.ar\/%77%70%2d%63%6f%6e%74%65%6e%74\/uploads\/2017\/11\/22814400_901662026651387_6382747986734453441_n-232x300.jpg\" alt=\"\" width=\"232\" height=\"300\" srcset=\"https:\/\/informelitoral.com.ar\/%77%70%2d%63%6f%6e%74%65%6e%74\/uploads\/2017\/11\/22814400_901662026651387_6382747986734453441_n-232x300.jpg 232w, https:\/\/informelitoral.com.ar\/%77%70%2d%63%6f%6e%74%65%6e%74\/uploads\/2017\/11\/22814400_901662026651387_6382747986734453441_n.jpg 742w\" sizes=\"auto, (max-width: 232px) 100vw, 232px\" \/><\/a><\/p>\n<p><em><strong>LEER MAS:\u00a0<\/strong><\/em><\/p>\n<p><strong><a href=\"http:\/\/www.isletasnoticias.com.ar\/?p=21814\">Gustavo Vergara: \u201cPor la ampliaci\u00f3n del \u00c1rea Industrial pasa el futuro desarrollo de la ciudad\u201d<\/a><\/strong><\/p>\n<p><a href=\"http:\/\/www.isletasnoticias.com.ar\/?p=18251\"><strong>Ram\u00edrez: avanzan los acuerdos para ampliar el \u00c1rea Industrial<\/strong><\/a><strong><a href=\"http:\/\/www.isletasnoticias.com.ar\/%77%70%2d%63%6f%6e%74%65%6e%74\/uploads\/2017\/08\/Minimercado-San-Carlos.jpg\"><img loading=\"lazy\" decoding=\"async\" class=\"size-medium wp-image-22803 aligncenter\" src=\"http:\/\/www.isletasnoticias.com.ar\/%77%70%2d%63%6f%6e%74%65%6e%74\/uploads\/2017\/08\/Minimercado-San-Carlos-300x206.jpg\" alt=\"\" width=\"300\" height=\"206\" srcset=\"https:\/\/informelitoral.com.ar\/%77%70%2d%63%6f%6e%74%65%6e%74\/uploads\/2017\/08\/Minimercado-San-Carlos-300x206.jpg 300w, https:\/\/informelitoral.com.ar\/%77%70%2d%63%6f%6e%74%65%6e%74\/uploads\/2017\/08\/Minimercado-San-Carlos.jpg 513w\" sizes=\"auto, (max-width: 300px) 100vw, 300px\" \/><\/a><\/strong><\/p>\n","protected":false},"excerpt":{"rendered":"<p>Fue mediante una Resoluci&oacute;n del Ministerio de Hacienda. El intendente Gustavo Vergara, la calific&oacute; como &laquo;una gran oportunidad para todos&raquo;. Esperan que &aacute;ntes de fin de a&ntilde;o se resuelva la compra de las 23 hect&aacute;reas.&nbsp; Desde hace a&ntilde;os en General Ram&iacute;rez se busca ampliar el &Aacute;rea Industrial, mediante la incorporaci&oacute;n de un predio de 23 [&hellip;]<\/p>\n","protected":false},"author":2,"featured_media":0,"comment_status":"open","ping_status":"open","sticky":false,"template":"","format":"standard","meta":{"fifu_image_url":"","fifu_image_alt":"","footnotes":""},"categories":[5],"tags":[],"class_list":{"0":"post-23614","1":"post","2":"type-post","3":"status-publish","4":"format-standard","6":"category-zonales"},"yoast_head":"<title>Ram\u00edrez: Naci\u00f3n aprob\u00f3 la toma del cr\u00e9dito para ampliar al \u00c1rea Industrial - Informe Litoral<\/title>\n<meta name=\"robots\" content=\"index, follow, max-snippet:-1, max-image-preview:large, max-video-preview:-1\" \/>\n<link rel=\"canonical\" href=\"https:\/\/informelitoral.com.ar\/ramirez-nacion-aprobo-la-toma-del-credito-para-ampliar-al-area-industrial\/\" \/>\n<meta property=\"og:locale\" content=\"es_ES\" \/>\n<meta property=\"og:type\" content=\"article\" \/>\n<meta property=\"og:title\" content=\"Ram\u00edrez: Naci\u00f3n aprob\u00f3 la toma del cr\u00e9dito para ampliar al \u00c1rea Industrial - Informe Litoral\" \/>\n<meta property=\"og:description\" content=\"Fue mediante una Resoluci&oacute;n del Ministerio de Hacienda. El intendente Gustavo Vergara, la calific&oacute; como &laquo;una gran oportunidad para todos&raquo;. Esperan que &aacute;ntes de fin de a&ntilde;o se resuelva la compra de las 23 hect&aacute;reas.&nbsp; Desde hace a&ntilde;os en General Ram&iacute;rez se busca ampliar el &Aacute;rea Industrial, mediante la incorporaci&oacute;n de un predio de 23 [&hellip;]\" \/>\n<meta property=\"og:url\" content=\"https:\/\/informelitoral.com.ar\/ramirez-nacion-aprobo-la-toma-del-credito-para-ampliar-al-area-industrial\/\" \/>\n<meta property=\"og:site_name\" content=\"Informe Litoral\" \/>\n<meta property=\"article:publisher\" content=\"https:\/\/www.facebook.com\/informelitoral\/\" \/>\n<meta property=\"article:published_time\" content=\"2017-11-01T20:23:19+00:00\" \/>\n<meta property=\"article:modified_time\" content=\"2017-11-01T21:01:48+00:00\" \/>\n<meta property=\"og:image\" content=\"https:\/\/informelitoral.com.ar\/%77%70%2d%63%6f%6e%74%65%6e%74\/uploads\/2017\/11\/Parque-Industrial.jpg\" \/>\n\t<meta property=\"og:image:width\" content=\"1920\" \/>\n\t<meta property=\"og:image:height\" content=\"1080\" \/>\n\t<meta property=\"og:image:type\" content=\"image\/jpeg\" \/>\n<meta name=\"author\" content=\"Gonzalo Schmidt\" \/>\n<meta name=\"twitter:card\" content=\"summary_large_image\" \/>\n<meta name=\"twitter:creator\" content=\"@InformeLitoral\" \/>\n<meta name=\"twitter:site\" content=\"@InformeLitoral\" \/>\n<meta name=\"twitter:label1\" content=\"Escrito por\" \/>\n\t<meta name=\"twitter:data1\" content=\"Gonzalo Schmidt\" \/>\n\t<meta name=\"twitter:label2\" content=\"Tiempo de lectura\" \/>\n\t<meta name=\"twitter:data2\" content=\"2 minutos\" \/>\n<script type=\"application\/ld+json\" class=\"yoast-schema-graph\">{\"@context\":\"https:\\\/\\\/schema.org\",\"@graph\":[{\"@type\":\"Article\",\"@id\":\"https:\\\/\\\/informelitoral.com.ar\\\/ramirez-nacion-aprobo-la-toma-del-credito-para-ampliar-al-area-industrial\\\/#article\",\"isPartOf\":{\"@id\":\"https:\\\/\\\/informelitoral.com.ar\\\/ramirez-nacion-aprobo-la-toma-del-credito-para-ampliar-al-area-industrial\\\/\"},\"author\":{\"name\":\"Gonzalo Schmidt\",\"@id\":\"https:\\\/\\\/informelitoral.com.ar\\\/#\\\/schema\\\/person\\\/b9d00407c836482871ef1d57bf8e3180\"},\"headline\":\"Ram\u00edrez: Naci\u00f3n aprob\u00f3 la toma del cr\u00e9dito para ampliar al \u00c1rea Industrial\",\"datePublished\":\"2017-11-01T20:23:19+00:00\",\"dateModified\":\"2017-11-01T21:01:48+00:00\",\"mainEntityOfPage\":{\"@id\":\"https:\\\/\\\/informelitoral.com.ar\\\/ramirez-nacion-aprobo-la-toma-del-credito-para-ampliar-al-area-industrial\\\/\"},\"wordCount\":320,\"commentCount\":0,\"publisher\":{\"@id\":\"https:\\\/\\\/informelitoral.com.ar\\\/#organization\"},\"image\":{\"@id\":\"https:\\\/\\\/informelitoral.com.ar\\\/ramirez-nacion-aprobo-la-toma-del-credito-para-ampliar-al-area-industrial\\\/#primaryimage\"},\"thumbnailUrl\":\"http:\\\/\\\/www.isletasnoticias.com.ar\\\/%77%70%2d%63%6f%6e%74%65%6e%74\\\/uploads\\\/2017\\\/11\\\/Parque-Industrial-1024x576.jpg\",\"articleSection\":[\"Departamento Diamante\"],\"inLanguage\":\"es\",\"potentialAction\":[{\"@type\":\"CommentAction\",\"name\":\"Comment\",\"target\":[\"https:\\\/\\\/informelitoral.com.ar\\\/ramirez-nacion-aprobo-la-toma-del-credito-para-ampliar-al-area-industrial\\\/#respond\"]}]},{\"@type\":\"WebPage\",\"@id\":\"https:\\\/\\\/informelitoral.com.ar\\\/ramirez-nacion-aprobo-la-toma-del-credito-para-ampliar-al-area-industrial\\\/\",\"url\":\"https:\\\/\\\/informelitoral.com.ar\\\/ramirez-nacion-aprobo-la-toma-del-credito-para-ampliar-al-area-industrial\\\/\",\"name\":\"Ram\u00edrez: Naci\u00f3n aprob\u00f3 la toma del cr\u00e9dito para ampliar al \u00c1rea Industrial - Informe Litoral\",\"isPartOf\":{\"@id\":\"https:\\\/\\\/informelitoral.com.ar\\\/#website\"},\"primaryImageOfPage\":{\"@id\":\"https:\\\/\\\/informelitoral.com.ar\\\/ramirez-nacion-aprobo-la-toma-del-credito-para-ampliar-al-area-industrial\\\/#primaryimage\"},\"image\":{\"@id\":\"https:\\\/\\\/informelitoral.com.ar\\\/ramirez-nacion-aprobo-la-toma-del-credito-para-ampliar-al-area-industrial\\\/#primaryimage\"},\"thumbnailUrl\":\"http:\\\/\\\/www.isletasnoticias.com.ar\\\/%77%70%2d%63%6f%6e%74%65%6e%74\\\/uploads\\\/2017\\\/11\\\/Parque-Industrial-1024x576.jpg\",\"datePublished\":\"2017-11-01T20:23:19+00:00\",\"dateModified\":\"2017-11-01T21:01:48+00:00\",\"breadcrumb\":{\"@id\":\"https:\\\/\\\/informelitoral.com.ar\\\/ramirez-nacion-aprobo-la-toma-del-credito-para-ampliar-al-area-industrial\\\/#breadcrumb\"},\"inLanguage\":\"es\",\"potentialAction\":[{\"@type\":\"ReadAction\",\"target\":[\"https:\\\/\\\/informelitoral.com.ar\\\/ramirez-nacion-aprobo-la-toma-del-credito-para-ampliar-al-area-industrial\\\/\"]}]},{\"@type\":\"ImageObject\",\"inLanguage\":\"es\",\"@id\":\"https:\\\/\\\/informelitoral.com.ar\\\/ramirez-nacion-aprobo-la-toma-del-credito-para-ampliar-al-area-industrial\\\/#primaryimage\",\"url\":\"http:\\\/\\\/www.isletasnoticias.com.ar\\\/%77%70%2d%63%6f%6e%74%65%6e%74\\\/uploads\\\/2017\\\/11\\\/Parque-Industrial-1024x576.jpg\",\"contentUrl\":\"http:\\\/\\\/www.isletasnoticias.com.ar\\\/%77%70%2d%63%6f%6e%74%65%6e%74\\\/uploads\\\/2017\\\/11\\\/Parque-Industrial-1024x576.jpg\"},{\"@type\":\"BreadcrumbList\",\"@id\":\"https:\\\/\\\/informelitoral.com.ar\\\/ramirez-nacion-aprobo-la-toma-del-credito-para-ampliar-al-area-industrial\\\/#breadcrumb\",\"itemListElement\":[{\"@type\":\"ListItem\",\"position\":1,\"name\":\"Portada\",\"item\":\"https:\\\/\\\/informelitoral.com.ar\\\/\"},{\"@type\":\"ListItem\",\"position\":2,\"name\":\"Ram\u00edrez: Naci\u00f3n aprob\u00f3 la toma del cr\u00e9dito para ampliar al \u00c1rea Industrial\"}]},{\"@type\":\"WebSite\",\"@id\":\"https:\\\/\\\/informelitoral.com.ar\\\/#website\",\"url\":\"https:\\\/\\\/informelitoral.com.ar\\\/\",\"name\":\"Informe Litoral\",\"description\":\"&quot;Nos informamos&quot; \",\"publisher\":{\"@id\":\"https:\\\/\\\/informelitoral.com.ar\\\/#organization\"},\"potentialAction\":[{\"@type\":\"SearchAction\",\"target\":{\"@type\":\"EntryPoint\",\"urlTemplate\":\"https:\\\/\\\/informelitoral.com.ar\\\/?s={search_term_string}\"},\"query-input\":{\"@type\":\"PropertyValueSpecification\",\"valueRequired\":true,\"valueName\":\"search_term_string\"}}],\"inLanguage\":\"es\"},{\"@type\":\"Organization\",\"@id\":\"https:\\\/\\\/informelitoral.com.ar\\\/#organization\",\"name\":\"Informe Litoral\",\"url\":\"https:\\\/\\\/informelitoral.com.ar\\\/\",\"logo\":{\"@type\":\"ImageObject\",\"inLanguage\":\"es\",\"@id\":\"https:\\\/\\\/informelitoral.com.ar\\\/#\\\/schema\\\/logo\\\/image\\\/\",\"url\":\"https:\\\/\\\/informelitoral.com.ar\\\/%77%70%2d%63%6f%6e%74%65%6e%74\\\/uploads\\\/2021\\\/01\\\/circulo.png\",\"contentUrl\":\"https:\\\/\\\/informelitoral.com.ar\\\/%77%70%2d%63%6f%6e%74%65%6e%74\\\/uploads\\\/2021\\\/01\\\/circulo.png\",\"width\":723,\"height\":731,\"caption\":\"Informe Litoral\"},\"image\":{\"@id\":\"https:\\\/\\\/informelitoral.com.ar\\\/#\\\/schema\\\/logo\\\/image\\\/\"},\"sameAs\":[\"https:\\\/\\\/www.facebook.com\\\/informelitoral\\\/\",\"https:\\\/\\\/x.com\\\/InformeLitoral\",\"https:\\\/\\\/www.instagram.com\\\/informelitoral\\\/\",\"https:\\\/\\\/www.youtube.com\\\/channel\\\/UCua4Qvz8Icb6MYqhoq9xLXw\"]},{\"@type\":\"Person\",\"@id\":\"https:\\\/\\\/informelitoral.com.ar\\\/#\\\/schema\\\/person\\\/b9d00407c836482871ef1d57bf8e3180\",\"name\":\"Gonzalo Schmidt\",\"image\":{\"@type\":\"ImageObject\",\"inLanguage\":\"es\",\"@id\":\"https:\\\/\\\/secure.gravatar.com\\\/avatar\\\/31a1a7b66ff2de83bd0e9fd79d026630d2d99e55e8bfe501287647b4fd9743de?s=96&d=mm&r=g\",\"url\":\"https:\\\/\\\/secure.gravatar.com\\\/avatar\\\/31a1a7b66ff2de83bd0e9fd79d026630d2d99e55e8bfe501287647b4fd9743de?s=96&d=mm&r=g\",\"contentUrl\":\"https:\\\/\\\/secure.gravatar.com\\\/avatar\\\/31a1a7b66ff2de83bd0e9fd79d026630d2d99e55e8bfe501287647b4fd9743de?s=96&d=mm&r=g\",\"caption\":\"Gonzalo Schmidt\"},\"description\":\"Sitio web de noticias de la provincia de Entre R\u00edos, Argentina. Informaci\u00f3n y entretenimiento. Informe Litoral, nos informamos.\",\"sameAs\":[\"http:\\\/\\\/www.isletasnoticias.com.ar\"],\"url\":\"https:\\\/\\\/informelitoral.com.ar\\\/author\\\/gonzalo\\\/\"}]}<\/script>","yoast_head_json":{"title":"Ram\u00edrez: Naci\u00f3n aprob\u00f3 la toma del cr\u00e9dito para ampliar al \u00c1rea Industrial - Informe Litoral","robots":{"index":"index","follow":"follow","max-snippet":"max-snippet:-1","max-image-preview":"max-image-preview:large","max-video-preview":"max-video-preview:-1"},"canonical":"https:\/\/informelitoral.com.ar\/ramirez-nacion-aprobo-la-toma-del-credito-para-ampliar-al-area-industrial\/","og_locale":"es_ES","og_type":"article","og_title":"Ram\u00edrez: Naci\u00f3n aprob\u00f3 la toma del cr\u00e9dito para ampliar al \u00c1rea Industrial - Informe Litoral","og_description":"Fue mediante una Resoluci&oacute;n del Ministerio de Hacienda. El intendente Gustavo Vergara, la calific&oacute; como &laquo;una gran oportunidad para todos&raquo;. Esperan que &aacute;ntes de fin de a&ntilde;o se resuelva la compra de las 23 hect&aacute;reas.&nbsp; Desde hace a&ntilde;os en General Ram&iacute;rez se busca ampliar el &Aacute;rea Industrial, mediante la incorporaci&oacute;n de un predio de 23 [&hellip;]","og_url":"https:\/\/informelitoral.com.ar\/ramirez-nacion-aprobo-la-toma-del-credito-para-ampliar-al-area-industrial\/","og_site_name":"Informe Litoral","article_publisher":"https:\/\/www.facebook.com\/informelitoral\/","article_published_time":"2017-11-01T20:23:19+00:00","article_modified_time":"2017-11-01T21:01:48+00:00","og_image":[{"width":1920,"height":1080,"url":"https:\/\/informelitoral.com.ar\/%77%70%2d%63%6f%6e%74%65%6e%74\/uploads\/2017\/11\/Parque-Industrial.jpg","type":"image\/jpeg"}],"author":"Gonzalo Schmidt","twitter_card":"summary_large_image","twitter_creator":"@InformeLitoral","twitter_site":"@InformeLitoral","twitter_misc":{"Escrito por":"Gonzalo Schmidt","Tiempo de lectura":"2 minutos"},"schema":{"@context":"https:\/\/schema.org","@graph":[{"@type":"Article","@id":"https:\/\/informelitoral.com.ar\/ramirez-nacion-aprobo-la-toma-del-credito-para-ampliar-al-area-industrial\/#article","isPartOf":{"@id":"https:\/\/informelitoral.com.ar\/ramirez-nacion-aprobo-la-toma-del-credito-para-ampliar-al-area-industrial\/"},"author":{"name":"Gonzalo Schmidt","@id":"https:\/\/informelitoral.com.ar\/#\/schema\/person\/b9d00407c836482871ef1d57bf8e3180"},"headline":"Ram\u00edrez: Naci\u00f3n aprob\u00f3 la toma del cr\u00e9dito para ampliar al \u00c1rea Industrial","datePublished":"2017-11-01T20:23:19+00:00","dateModified":"2017-11-01T21:01:48+00:00","mainEntityOfPage":{"@id":"https:\/\/informelitoral.com.ar\/ramirez-nacion-aprobo-la-toma-del-credito-para-ampliar-al-area-industrial\/"},"wordCount":320,"commentCount":0,"publisher":{"@id":"https:\/\/informelitoral.com.ar\/#organization"},"image":{"@id":"https:\/\/informelitoral.com.ar\/ramirez-nacion-aprobo-la-toma-del-credito-para-ampliar-al-area-industrial\/#primaryimage"},"thumbnailUrl":"http:\/\/www.isletasnoticias.com.ar\/%77%70%2d%63%6f%6e%74%65%6e%74\/uploads\/2017\/11\/Parque-Industrial-1024x576.jpg","articleSection":["Departamento Diamante"],"inLanguage":"es","potentialAction":[{"@type":"CommentAction","name":"Comment","target":["https:\/\/informelitoral.com.ar\/ramirez-nacion-aprobo-la-toma-del-credito-para-ampliar-al-area-industrial\/#respond"]}]},{"@type":"WebPage","@id":"https:\/\/informelitoral.com.ar\/ramirez-nacion-aprobo-la-toma-del-credito-para-ampliar-al-area-industrial\/","url":"https:\/\/informelitoral.com.ar\/ramirez-nacion-aprobo-la-toma-del-credito-para-ampliar-al-area-industrial\/","name":"Ram\u00edrez: Naci\u00f3n aprob\u00f3 la toma del cr\u00e9dito para ampliar al \u00c1rea Industrial - Informe Litoral","isPartOf":{"@id":"https:\/\/informelitoral.com.ar\/#website"},"primaryImageOfPage":{"@id":"https:\/\/informelitoral.com.ar\/ramirez-nacion-aprobo-la-toma-del-credito-para-ampliar-al-area-industrial\/#primaryimage"},"image":{"@id":"https:\/\/informelitoral.com.ar\/ramirez-nacion-aprobo-la-toma-del-credito-para-ampliar-al-area-industrial\/#primaryimage"},"thumbnailUrl":"http:\/\/www.isletasnoticias.com.ar\/%77%70%2d%63%6f%6e%74%65%6e%74\/uploads\/2017\/11\/Parque-Industrial-1024x576.jpg","datePublished":"2017-11-01T20:23:19+00:00","dateModified":"2017-11-01T21:01:48+00:00","breadcrumb":{"@id":"https:\/\/informelitoral.com.ar\/ramirez-nacion-aprobo-la-toma-del-credito-para-ampliar-al-area-industrial\/#breadcrumb"},"inLanguage":"es","potentialAction":[{"@type":"ReadAction","target":["https:\/\/informelitoral.com.ar\/ramirez-nacion-aprobo-la-toma-del-credito-para-ampliar-al-area-industrial\/"]}]},{"@type":"ImageObject","inLanguage":"es","@id":"https:\/\/informelitoral.com.ar\/ramirez-nacion-aprobo-la-toma-del-credito-para-ampliar-al-area-industrial\/#primaryimage","url":"http:\/\/www.isletasnoticias.com.ar\/%77%70%2d%63%6f%6e%74%65%6e%74\/uploads\/2017\/11\/Parque-Industrial-1024x576.jpg","contentUrl":"http:\/\/www.isletasnoticias.com.ar\/%77%70%2d%63%6f%6e%74%65%6e%74\/uploads\/2017\/11\/Parque-Industrial-1024x576.jpg"},{"@type":"BreadcrumbList","@id":"https:\/\/informelitoral.com.ar\/ramirez-nacion-aprobo-la-toma-del-credito-para-ampliar-al-area-industrial\/#breadcrumb","itemListElement":[{"@type":"ListItem","position":1,"name":"Portada","item":"https:\/\/informelitoral.com.ar\/"},{"@type":"ListItem","position":2,"name":"Ram\u00edrez: Naci\u00f3n aprob\u00f3 la toma del cr\u00e9dito para ampliar al \u00c1rea Industrial"}]},{"@type":"WebSite","@id":"https:\/\/informelitoral.com.ar\/#website","url":"https:\/\/informelitoral.com.ar\/","name":"Informe Litoral","description":"&quot;Nos informamos&quot; ","publisher":{"@id":"https:\/\/informelitoral.com.ar\/#organization"},"potentialAction":[{"@type":"SearchAction","target":{"@type":"EntryPoint","urlTemplate":"https:\/\/informelitoral.com.ar\/?s={search_term_string}"},"query-input":{"@type":"PropertyValueSpecification","valueRequired":true,"valueName":"search_term_string"}}],"inLanguage":"es"},{"@type":"Organization","@id":"https:\/\/informelitoral.com.ar\/#organization","name":"Informe Litoral","url":"https:\/\/informelitoral.com.ar\/","logo":{"@type":"ImageObject","inLanguage":"es","@id":"https:\/\/informelitoral.com.ar\/#\/schema\/logo\/image\/","url":"https:\/\/informelitoral.com.ar\/%77%70%2d%63%6f%6e%74%65%6e%74\/uploads\/2021\/01\/circulo.png","contentUrl":"https:\/\/informelitoral.com.ar\/%77%70%2d%63%6f%6e%74%65%6e%74\/uploads\/2021\/01\/circulo.png","width":723,"height":731,"caption":"Informe Litoral"},"image":{"@id":"https:\/\/informelitoral.com.ar\/#\/schema\/logo\/image\/"},"sameAs":["https:\/\/www.facebook.com\/informelitoral\/","https:\/\/x.com\/InformeLitoral","https:\/\/www.instagram.com\/informelitoral\/","https:\/\/www.youtube.com\/channel\/UCua4Qvz8Icb6MYqhoq9xLXw"]},{"@type":"Person","@id":"https:\/\/informelitoral.com.ar\/#\/schema\/person\/b9d00407c836482871ef1d57bf8e3180","name":"Gonzalo Schmidt","image":{"@type":"ImageObject","inLanguage":"es","@id":"https:\/\/secure.gravatar.com\/avatar\/31a1a7b66ff2de83bd0e9fd79d026630d2d99e55e8bfe501287647b4fd9743de?s=96&d=mm&r=g","url":"https:\/\/secure.gravatar.com\/avatar\/31a1a7b66ff2de83bd0e9fd79d026630d2d99e55e8bfe501287647b4fd9743de?s=96&d=mm&r=g","contentUrl":"https:\/\/secure.gravatar.com\/avatar\/31a1a7b66ff2de83bd0e9fd79d026630d2d99e55e8bfe501287647b4fd9743de?s=96&d=mm&r=g","caption":"Gonzalo Schmidt"},"description":"Sitio web de noticias de la provincia de Entre R\u00edos, Argentina. Informaci\u00f3n y entretenimiento. Informe Litoral, nos informamos.","sameAs":["http:\/\/www.isletasnoticias.com.ar"],"url":"https:\/\/informelitoral.com.ar\/author\/gonzalo\/"}]}},"_links":{"self":[{"href":"https:\/\/informelitoral.com.ar\/%77%70%2d%6a%73%6f%6e\/wp\/v2\/posts\/23614","targetHints":{"allow":["GET"]}}],"collection":[{"href":"https:\/\/informelitoral.com.ar\/%77%70%2d%6a%73%6f%6e\/wp\/v2\/posts"}],"about":[{"href":"https:\/\/informelitoral.com.ar\/%77%70%2d%6a%73%6f%6e\/wp\/v2\/types\/post"}],"author":[{"embeddable":true,"href":"https:\/\/informelitoral.com.ar\/%77%70%2d%6a%73%6f%6e\/wp\/v2\/users\/2"}],"replies":[{"embeddable":true,"href":"https:\/\/informelitoral.com.ar\/%77%70%2d%6a%73%6f%6e\/wp\/v2\/comments?post=23614"}],"version-history":[{"count":0,"href":"https:\/\/informelitoral.com.ar\/%77%70%2d%6a%73%6f%6e\/wp\/v2\/posts\/23614\/revisions"}],"wp:attachment":[{"href":"https:\/\/informelitoral.com.ar\/%77%70%2d%6a%73%6f%6e\/wp\/v2\/media?parent=23614"}],"wp:term":[{"taxonomy":"category","embeddable":true,"href":"https:\/\/informelitoral.com.ar\/%77%70%2d%6a%73%6f%6e\/wp\/v2\/categories?post=23614"},{"taxonomy":"post_tag","embeddable":true,"href":"https:\/\/informelitoral.com.ar\/%77%70%2d%6a%73%6f%6e\/wp\/v2\/tags?post=23614"}],"curies":[{"name":"wp","href":"https:\/\/api.w.org\/{rel}","templated":true}]}}