{"id":2361,"date":"2013-07-05T22:58:52","date_gmt":"2013-07-06T01:58:52","guid":{"rendered":"http:\/\/www.isletasnoticias.com.ar\/?p=2361"},"modified":"2013-07-05T22:58:52","modified_gmt":"2013-07-06T01:58:52","slug":"valle-maria-asfalto-en-frio-en-calle-arnoldo-janssen","status":"publish","type":"post","link":"https:\/\/informelitoral.com.ar\/valle-maria-asfalto-en-frio-en-calle-arnoldo-janssen\/","title":{"rendered":"Valle Mar\u00eda: asfalto en frio en calle Arnoldo Janssen"},"content":{"rendered":"<div><strong>Desde el \u00e1rea de Obras P\u00fablicas se informa que se coloc\u00f3 asfalto en fr\u00edo en calle Arnoldo Janssen entre Ram\u00edrez y calle 8 de Diciembre.<\/strong><\/div>\n<div><img loading=\"lazy\" decoding=\"async\" class=\"size-medium wp-image-2362 alignleft\" alt=\"SAM_1223\" src=\"http:\/\/www.isletasnoticias.com.ar\/%77%70%2d%63%6f%6e%74%65%6e%74\/uploads\/2013\/07\/SAM_1223-300x225.jpg\" width=\"300\" height=\"225\" srcset=\"https:\/\/informelitoral.com.ar\/%77%70%2d%63%6f%6e%74%65%6e%74\/uploads\/2013\/07\/SAM_1223-300x225.jpg 300w, https:\/\/informelitoral.com.ar\/%77%70%2d%63%6f%6e%74%65%6e%74\/uploads\/2013\/07\/SAM_1223-1024x768.jpg 1024w\" sizes=\"auto, (max-width: 300px) 100vw, 300px\" \/>\u00a0En una gacetilla\u00a0enviada a<em><strong> ISLETAS NOTICIAS<\/strong><\/em>, el intendente de Valle Mar\u00eda,<strong> Arsenio Ortman<\/strong>, expres\u00f3 al respecto: \u201cEs una obra que ven\u00edan reclamando los vecinos desde hace tiempo. El Concejo deliberante aprob\u00f3 la ordenanza del registro de oposici\u00f3n para esa calle, hace un tiempo se adquirieron 200 toneladas de asfalto en fr\u00edo y se empez\u00f3 con esa calle, que es una obra que viene a completar la construcci\u00f3n de cord\u00f3n cuneta que se hizo a\u00f1os anteriores y a colaborar en beneficio de los frentistas\u00bb destac\u00f3 el presidente municipal.<\/p>\n<\/div>\n","protected":false},"excerpt":{"rendered":"<p>Desde el &aacute;rea de Obras P&uacute;blicas se informa que se coloc&oacute; asfalto en fr&iacute;o en calle Arnoldo Janssen entre Ram&iacute;rez y calle 8 de Diciembre. &nbsp;En una gacetilla&nbsp;enviada a ISLETAS NOTICIAS, el intendente de Valle Mar&iacute;a, Arsenio Ortman, expres&oacute; al respecto: &ldquo;Es una obra que ven&iacute;an reclamando los vecinos desde hace tiempo. El Concejo deliberante [&hellip;]<\/p>\n","protected":false},"author":2,"featured_media":0,"comment_status":"open","ping_status":"open","sticky":false,"template":"","format":"standard","meta":{"fifu_image_url":"","fifu_image_alt":"","footnotes":""},"categories":[5],"tags":[],"class_list":{"0":"post-2361","1":"post","2":"type-post","3":"status-publish","4":"format-standard","6":"category-zonales"},"yoast_head":"<title>Valle Mar\u00eda: asfalto en frio en calle Arnoldo Janssen - Informe Litoral<\/title>\n<meta name=\"robots\" content=\"index, follow, max-snippet:-1, max-image-preview:large, max-video-preview:-1\" \/>\n<link rel=\"canonical\" href=\"https:\/\/informelitoral.com.ar\/valle-maria-asfalto-en-frio-en-calle-arnoldo-janssen\/\" \/>\n<meta property=\"og:locale\" content=\"es_ES\" \/>\n<meta property=\"og:type\" content=\"article\" \/>\n<meta property=\"og:title\" content=\"Valle Mar\u00eda: asfalto en frio en calle Arnoldo Janssen - Informe Litoral\" \/>\n<meta property=\"og:description\" content=\"Desde el &aacute;rea de Obras P&uacute;blicas se informa que se coloc&oacute; asfalto en fr&iacute;o en calle Arnoldo Janssen entre Ram&iacute;rez y calle 8 de Diciembre. &nbsp;En una gacetilla&nbsp;enviada a ISLETAS NOTICIAS, el intendente de Valle Mar&iacute;a, Arsenio Ortman, expres&oacute; al respecto: &ldquo;Es una obra que ven&iacute;an reclamando los vecinos desde hace tiempo. El Concejo deliberante [&hellip;]\" \/>\n<meta property=\"og:url\" content=\"https:\/\/informelitoral.com.ar\/valle-maria-asfalto-en-frio-en-calle-arnoldo-janssen\/\" \/>\n<meta property=\"og:site_name\" content=\"Informe Litoral\" \/>\n<meta property=\"article:publisher\" content=\"https:\/\/www.facebook.com\/informelitoral\/\" \/>\n<meta property=\"article:published_time\" content=\"2013-07-06T01:58:52+00:00\" \/>\n<meta property=\"og:image\" content=\"https:\/\/informelitoral.com.ar\/%77%70%2d%63%6f%6e%74%65%6e%74\/uploads\/2013\/07\/SAM_1223.jpg\" \/>\n\t<meta property=\"og:image:width\" content=\"4000\" \/>\n\t<meta property=\"og:image:height\" content=\"3000\" \/>\n\t<meta property=\"og:image:type\" content=\"image\/jpeg\" \/>\n<meta name=\"author\" content=\"Gonzalo Schmidt\" \/>\n<meta name=\"twitter:card\" content=\"summary_large_image\" \/>\n<meta name=\"twitter:creator\" content=\"@InformeLitoral\" \/>\n<meta name=\"twitter:site\" content=\"@InformeLitoral\" \/>\n<meta name=\"twitter:label1\" content=\"Escrito por\" \/>\n\t<meta name=\"twitter:data1\" content=\"Gonzalo Schmidt\" \/>\n\t<meta name=\"twitter:label2\" content=\"Tiempo de lectura\" \/>\n\t<meta name=\"twitter:data2\" content=\"1 minuto\" \/>\n<script type=\"application\/ld+json\" class=\"yoast-schema-graph\">{\"@context\":\"https:\\\/\\\/schema.org\",\"@graph\":[{\"@type\":\"Article\",\"@id\":\"https:\\\/\\\/informelitoral.com.ar\\\/valle-maria-asfalto-en-frio-en-calle-arnoldo-janssen\\\/#article\",\"isPartOf\":{\"@id\":\"https:\\\/\\\/informelitoral.com.ar\\\/valle-maria-asfalto-en-frio-en-calle-arnoldo-janssen\\\/\"},\"author\":{\"name\":\"Gonzalo Schmidt\",\"@id\":\"https:\\\/\\\/informelitoral.com.ar\\\/#\\\/schema\\\/person\\\/b9d00407c836482871ef1d57bf8e3180\"},\"headline\":\"Valle Mar\u00eda: asfalto en frio en calle Arnoldo Janssen\",\"datePublished\":\"2013-07-06T01:58:52+00:00\",\"mainEntityOfPage\":{\"@id\":\"https:\\\/\\\/informelitoral.com.ar\\\/valle-maria-asfalto-en-frio-en-calle-arnoldo-janssen\\\/\"},\"wordCount\":131,\"commentCount\":0,\"publisher\":{\"@id\":\"https:\\\/\\\/informelitoral.com.ar\\\/#organization\"},\"image\":{\"@id\":\"https:\\\/\\\/informelitoral.com.ar\\\/valle-maria-asfalto-en-frio-en-calle-arnoldo-janssen\\\/#primaryimage\"},\"thumbnailUrl\":\"http:\\\/\\\/www.isletasnoticias.com.ar\\\/%77%70%2d%63%6f%6e%74%65%6e%74\\\/uploads\\\/2013\\\/07\\\/SAM_1223-300x225.jpg\",\"articleSection\":[\"Departamento Diamante\"],\"inLanguage\":\"es\",\"potentialAction\":[{\"@type\":\"CommentAction\",\"name\":\"Comment\",\"target\":[\"https:\\\/\\\/informelitoral.com.ar\\\/valle-maria-asfalto-en-frio-en-calle-arnoldo-janssen\\\/#respond\"]}]},{\"@type\":\"WebPage\",\"@id\":\"https:\\\/\\\/informelitoral.com.ar\\\/valle-maria-asfalto-en-frio-en-calle-arnoldo-janssen\\\/\",\"url\":\"https:\\\/\\\/informelitoral.com.ar\\\/valle-maria-asfalto-en-frio-en-calle-arnoldo-janssen\\\/\",\"name\":\"Valle Mar\u00eda: asfalto en frio en calle Arnoldo Janssen - Informe Litoral\",\"isPartOf\":{\"@id\":\"https:\\\/\\\/informelitoral.com.ar\\\/#website\"},\"primaryImageOfPage\":{\"@id\":\"https:\\\/\\\/informelitoral.com.ar\\\/valle-maria-asfalto-en-frio-en-calle-arnoldo-janssen\\\/#primaryimage\"},\"image\":{\"@id\":\"https:\\\/\\\/informelitoral.com.ar\\\/valle-maria-asfalto-en-frio-en-calle-arnoldo-janssen\\\/#primaryimage\"},\"thumbnailUrl\":\"http:\\\/\\\/www.isletasnoticias.com.ar\\\/%77%70%2d%63%6f%6e%74%65%6e%74\\\/uploads\\\/2013\\\/07\\\/SAM_1223-300x225.jpg\",\"datePublished\":\"2013-07-06T01:58:52+00:00\",\"breadcrumb\":{\"@id\":\"https:\\\/\\\/informelitoral.com.ar\\\/valle-maria-asfalto-en-frio-en-calle-arnoldo-janssen\\\/#breadcrumb\"},\"inLanguage\":\"es\",\"potentialAction\":[{\"@type\":\"ReadAction\",\"target\":[\"https:\\\/\\\/informelitoral.com.ar\\\/valle-maria-asfalto-en-frio-en-calle-arnoldo-janssen\\\/\"]}]},{\"@type\":\"ImageObject\",\"inLanguage\":\"es\",\"@id\":\"https:\\\/\\\/informelitoral.com.ar\\\/valle-maria-asfalto-en-frio-en-calle-arnoldo-janssen\\\/#primaryimage\",\"url\":\"http:\\\/\\\/www.isletasnoticias.com.ar\\\/%77%70%2d%63%6f%6e%74%65%6e%74\\\/uploads\\\/2013\\\/07\\\/SAM_1223-300x225.jpg\",\"contentUrl\":\"http:\\\/\\\/www.isletasnoticias.com.ar\\\/%77%70%2d%63%6f%6e%74%65%6e%74\\\/uploads\\\/2013\\\/07\\\/SAM_1223-300x225.jpg\"},{\"@type\":\"BreadcrumbList\",\"@id\":\"https:\\\/\\\/informelitoral.com.ar\\\/valle-maria-asfalto-en-frio-en-calle-arnoldo-janssen\\\/#breadcrumb\",\"itemListElement\":[{\"@type\":\"ListItem\",\"position\":1,\"name\":\"Portada\",\"item\":\"https:\\\/\\\/informelitoral.com.ar\\\/\"},{\"@type\":\"ListItem\",\"position\":2,\"name\":\"Valle Mar\u00eda: asfalto en frio en calle Arnoldo Janssen\"}]},{\"@type\":\"WebSite\",\"@id\":\"https:\\\/\\\/informelitoral.com.ar\\\/#website\",\"url\":\"https:\\\/\\\/informelitoral.com.ar\\\/\",\"name\":\"Informe Litoral\",\"description\":\"&quot;Nos informamos&quot; \",\"publisher\":{\"@id\":\"https:\\\/\\\/informelitoral.com.ar\\\/#organization\"},\"potentialAction\":[{\"@type\":\"SearchAction\",\"target\":{\"@type\":\"EntryPoint\",\"urlTemplate\":\"https:\\\/\\\/informelitoral.com.ar\\\/?s={search_term_string}\"},\"query-input\":{\"@type\":\"PropertyValueSpecification\",\"valueRequired\":true,\"valueName\":\"search_term_string\"}}],\"inLanguage\":\"es\"},{\"@type\":\"Organization\",\"@id\":\"https:\\\/\\\/informelitoral.com.ar\\\/#organization\",\"name\":\"Informe Litoral\",\"url\":\"https:\\\/\\\/informelitoral.com.ar\\\/\",\"logo\":{\"@type\":\"ImageObject\",\"inLanguage\":\"es\",\"@id\":\"https:\\\/\\\/informelitoral.com.ar\\\/#\\\/schema\\\/logo\\\/image\\\/\",\"url\":\"https:\\\/\\\/informelitoral.com.ar\\\/%77%70%2d%63%6f%6e%74%65%6e%74\\\/uploads\\\/2021\\\/01\\\/circulo.png\",\"contentUrl\":\"https:\\\/\\\/informelitoral.com.ar\\\/%77%70%2d%63%6f%6e%74%65%6e%74\\\/uploads\\\/2021\\\/01\\\/circulo.png\",\"width\":723,\"height\":731,\"caption\":\"Informe Litoral\"},\"image\":{\"@id\":\"https:\\\/\\\/informelitoral.com.ar\\\/#\\\/schema\\\/logo\\\/image\\\/\"},\"sameAs\":[\"https:\\\/\\\/www.facebook.com\\\/informelitoral\\\/\",\"https:\\\/\\\/x.com\\\/InformeLitoral\",\"https:\\\/\\\/www.instagram.com\\\/informelitoral\\\/\",\"https:\\\/\\\/www.youtube.com\\\/channel\\\/UCua4Qvz8Icb6MYqhoq9xLXw\"]},{\"@type\":\"Person\",\"@id\":\"https:\\\/\\\/informelitoral.com.ar\\\/#\\\/schema\\\/person\\\/b9d00407c836482871ef1d57bf8e3180\",\"name\":\"Gonzalo Schmidt\",\"image\":{\"@type\":\"ImageObject\",\"inLanguage\":\"es\",\"@id\":\"https:\\\/\\\/secure.gravatar.com\\\/avatar\\\/31a1a7b66ff2de83bd0e9fd79d026630d2d99e55e8bfe501287647b4fd9743de?s=96&d=mm&r=g\",\"url\":\"https:\\\/\\\/secure.gravatar.com\\\/avatar\\\/31a1a7b66ff2de83bd0e9fd79d026630d2d99e55e8bfe501287647b4fd9743de?s=96&d=mm&r=g\",\"contentUrl\":\"https:\\\/\\\/secure.gravatar.com\\\/avatar\\\/31a1a7b66ff2de83bd0e9fd79d026630d2d99e55e8bfe501287647b4fd9743de?s=96&d=mm&r=g\",\"caption\":\"Gonzalo Schmidt\"},\"description\":\"Sitio web de noticias de la provincia de Entre R\u00edos, Argentina. Informaci\u00f3n y entretenimiento. Informe Litoral, nos informamos.\",\"sameAs\":[\"http:\\\/\\\/www.isletasnoticias.com.ar\"],\"url\":\"https:\\\/\\\/informelitoral.com.ar\\\/author\\\/gonzalo\\\/\"}]}<\/script>","yoast_head_json":{"title":"Valle Mar\u00eda: asfalto en frio en calle Arnoldo Janssen - Informe Litoral","robots":{"index":"index","follow":"follow","max-snippet":"max-snippet:-1","max-image-preview":"max-image-preview:large","max-video-preview":"max-video-preview:-1"},"canonical":"https:\/\/informelitoral.com.ar\/valle-maria-asfalto-en-frio-en-calle-arnoldo-janssen\/","og_locale":"es_ES","og_type":"article","og_title":"Valle Mar\u00eda: asfalto en frio en calle Arnoldo Janssen - Informe Litoral","og_description":"Desde el &aacute;rea de Obras P&uacute;blicas se informa que se coloc&oacute; asfalto en fr&iacute;o en calle Arnoldo Janssen entre Ram&iacute;rez y calle 8 de Diciembre. &nbsp;En una gacetilla&nbsp;enviada a ISLETAS NOTICIAS, el intendente de Valle Mar&iacute;a, Arsenio Ortman, expres&oacute; al respecto: &ldquo;Es una obra que ven&iacute;an reclamando los vecinos desde hace tiempo. El Concejo deliberante [&hellip;]","og_url":"https:\/\/informelitoral.com.ar\/valle-maria-asfalto-en-frio-en-calle-arnoldo-janssen\/","og_site_name":"Informe Litoral","article_publisher":"https:\/\/www.facebook.com\/informelitoral\/","article_published_time":"2013-07-06T01:58:52+00:00","og_image":[{"width":4000,"height":3000,"url":"https:\/\/informelitoral.com.ar\/%77%70%2d%63%6f%6e%74%65%6e%74\/uploads\/2013\/07\/SAM_1223.jpg","type":"image\/jpeg"}],"author":"Gonzalo Schmidt","twitter_card":"summary_large_image","twitter_creator":"@InformeLitoral","twitter_site":"@InformeLitoral","twitter_misc":{"Escrito por":"Gonzalo Schmidt","Tiempo de lectura":"1 minuto"},"schema":{"@context":"https:\/\/schema.org","@graph":[{"@type":"Article","@id":"https:\/\/informelitoral.com.ar\/valle-maria-asfalto-en-frio-en-calle-arnoldo-janssen\/#article","isPartOf":{"@id":"https:\/\/informelitoral.com.ar\/valle-maria-asfalto-en-frio-en-calle-arnoldo-janssen\/"},"author":{"name":"Gonzalo Schmidt","@id":"https:\/\/informelitoral.com.ar\/#\/schema\/person\/b9d00407c836482871ef1d57bf8e3180"},"headline":"Valle Mar\u00eda: asfalto en frio en calle Arnoldo Janssen","datePublished":"2013-07-06T01:58:52+00:00","mainEntityOfPage":{"@id":"https:\/\/informelitoral.com.ar\/valle-maria-asfalto-en-frio-en-calle-arnoldo-janssen\/"},"wordCount":131,"commentCount":0,"publisher":{"@id":"https:\/\/informelitoral.com.ar\/#organization"},"image":{"@id":"https:\/\/informelitoral.com.ar\/valle-maria-asfalto-en-frio-en-calle-arnoldo-janssen\/#primaryimage"},"thumbnailUrl":"http:\/\/www.isletasnoticias.com.ar\/%77%70%2d%63%6f%6e%74%65%6e%74\/uploads\/2013\/07\/SAM_1223-300x225.jpg","articleSection":["Departamento Diamante"],"inLanguage":"es","potentialAction":[{"@type":"CommentAction","name":"Comment","target":["https:\/\/informelitoral.com.ar\/valle-maria-asfalto-en-frio-en-calle-arnoldo-janssen\/#respond"]}]},{"@type":"WebPage","@id":"https:\/\/informelitoral.com.ar\/valle-maria-asfalto-en-frio-en-calle-arnoldo-janssen\/","url":"https:\/\/informelitoral.com.ar\/valle-maria-asfalto-en-frio-en-calle-arnoldo-janssen\/","name":"Valle Mar\u00eda: asfalto en frio en calle Arnoldo Janssen - Informe Litoral","isPartOf":{"@id":"https:\/\/informelitoral.com.ar\/#website"},"primaryImageOfPage":{"@id":"https:\/\/informelitoral.com.ar\/valle-maria-asfalto-en-frio-en-calle-arnoldo-janssen\/#primaryimage"},"image":{"@id":"https:\/\/informelitoral.com.ar\/valle-maria-asfalto-en-frio-en-calle-arnoldo-janssen\/#primaryimage"},"thumbnailUrl":"http:\/\/www.isletasnoticias.com.ar\/%77%70%2d%63%6f%6e%74%65%6e%74\/uploads\/2013\/07\/SAM_1223-300x225.jpg","datePublished":"2013-07-06T01:58:52+00:00","breadcrumb":{"@id":"https:\/\/informelitoral.com.ar\/valle-maria-asfalto-en-frio-en-calle-arnoldo-janssen\/#breadcrumb"},"inLanguage":"es","potentialAction":[{"@type":"ReadAction","target":["https:\/\/informelitoral.com.ar\/valle-maria-asfalto-en-frio-en-calle-arnoldo-janssen\/"]}]},{"@type":"ImageObject","inLanguage":"es","@id":"https:\/\/informelitoral.com.ar\/valle-maria-asfalto-en-frio-en-calle-arnoldo-janssen\/#primaryimage","url":"http:\/\/www.isletasnoticias.com.ar\/%77%70%2d%63%6f%6e%74%65%6e%74\/uploads\/2013\/07\/SAM_1223-300x225.jpg","contentUrl":"http:\/\/www.isletasnoticias.com.ar\/%77%70%2d%63%6f%6e%74%65%6e%74\/uploads\/2013\/07\/SAM_1223-300x225.jpg"},{"@type":"BreadcrumbList","@id":"https:\/\/informelitoral.com.ar\/valle-maria-asfalto-en-frio-en-calle-arnoldo-janssen\/#breadcrumb","itemListElement":[{"@type":"ListItem","position":1,"name":"Portada","item":"https:\/\/informelitoral.com.ar\/"},{"@type":"ListItem","position":2,"name":"Valle Mar\u00eda: asfalto en frio en calle Arnoldo Janssen"}]},{"@type":"WebSite","@id":"https:\/\/informelitoral.com.ar\/#website","url":"https:\/\/informelitoral.com.ar\/","name":"Informe Litoral","description":"&quot;Nos informamos&quot; ","publisher":{"@id":"https:\/\/informelitoral.com.ar\/#organization"},"potentialAction":[{"@type":"SearchAction","target":{"@type":"EntryPoint","urlTemplate":"https:\/\/informelitoral.com.ar\/?s={search_term_string}"},"query-input":{"@type":"PropertyValueSpecification","valueRequired":true,"valueName":"search_term_string"}}],"inLanguage":"es"},{"@type":"Organization","@id":"https:\/\/informelitoral.com.ar\/#organization","name":"Informe Litoral","url":"https:\/\/informelitoral.com.ar\/","logo":{"@type":"ImageObject","inLanguage":"es","@id":"https:\/\/informelitoral.com.ar\/#\/schema\/logo\/image\/","url":"https:\/\/informelitoral.com.ar\/%77%70%2d%63%6f%6e%74%65%6e%74\/uploads\/2021\/01\/circulo.png","contentUrl":"https:\/\/informelitoral.com.ar\/%77%70%2d%63%6f%6e%74%65%6e%74\/uploads\/2021\/01\/circulo.png","width":723,"height":731,"caption":"Informe Litoral"},"image":{"@id":"https:\/\/informelitoral.com.ar\/#\/schema\/logo\/image\/"},"sameAs":["https:\/\/www.facebook.com\/informelitoral\/","https:\/\/x.com\/InformeLitoral","https:\/\/www.instagram.com\/informelitoral\/","https:\/\/www.youtube.com\/channel\/UCua4Qvz8Icb6MYqhoq9xLXw"]},{"@type":"Person","@id":"https:\/\/informelitoral.com.ar\/#\/schema\/person\/b9d00407c836482871ef1d57bf8e3180","name":"Gonzalo Schmidt","image":{"@type":"ImageObject","inLanguage":"es","@id":"https:\/\/secure.gravatar.com\/avatar\/31a1a7b66ff2de83bd0e9fd79d026630d2d99e55e8bfe501287647b4fd9743de?s=96&d=mm&r=g","url":"https:\/\/secure.gravatar.com\/avatar\/31a1a7b66ff2de83bd0e9fd79d026630d2d99e55e8bfe501287647b4fd9743de?s=96&d=mm&r=g","contentUrl":"https:\/\/secure.gravatar.com\/avatar\/31a1a7b66ff2de83bd0e9fd79d026630d2d99e55e8bfe501287647b4fd9743de?s=96&d=mm&r=g","caption":"Gonzalo Schmidt"},"description":"Sitio web de noticias de la provincia de Entre R\u00edos, Argentina. Informaci\u00f3n y entretenimiento. Informe Litoral, nos informamos.","sameAs":["http:\/\/www.isletasnoticias.com.ar"],"url":"https:\/\/informelitoral.com.ar\/author\/gonzalo\/"}]}},"_links":{"self":[{"href":"https:\/\/informelitoral.com.ar\/%77%70%2d%6a%73%6f%6e\/wp\/v2\/posts\/2361","targetHints":{"allow":["GET"]}}],"collection":[{"href":"https:\/\/informelitoral.com.ar\/%77%70%2d%6a%73%6f%6e\/wp\/v2\/posts"}],"about":[{"href":"https:\/\/informelitoral.com.ar\/%77%70%2d%6a%73%6f%6e\/wp\/v2\/types\/post"}],"author":[{"embeddable":true,"href":"https:\/\/informelitoral.com.ar\/%77%70%2d%6a%73%6f%6e\/wp\/v2\/users\/2"}],"replies":[{"embeddable":true,"href":"https:\/\/informelitoral.com.ar\/%77%70%2d%6a%73%6f%6e\/wp\/v2\/comments?post=2361"}],"version-history":[{"count":0,"href":"https:\/\/informelitoral.com.ar\/%77%70%2d%6a%73%6f%6e\/wp\/v2\/posts\/2361\/revisions"}],"wp:attachment":[{"href":"https:\/\/informelitoral.com.ar\/%77%70%2d%6a%73%6f%6e\/wp\/v2\/media?parent=2361"}],"wp:term":[{"taxonomy":"category","embeddable":true,"href":"https:\/\/informelitoral.com.ar\/%77%70%2d%6a%73%6f%6e\/wp\/v2\/categories?post=2361"},{"taxonomy":"post_tag","embeddable":true,"href":"https:\/\/informelitoral.com.ar\/%77%70%2d%6a%73%6f%6e\/wp\/v2\/tags?post=2361"}],"curies":[{"name":"wp","href":"https:\/\/api.w.org\/{rel}","templated":true}]}}