{"id":23603,"date":"2017-11-01T07:40:16","date_gmt":"2017-11-01T10:40:16","guid":{"rendered":"http:\/\/www.isletasnoticias.com.ar\/?p=23603"},"modified":"2017-11-01T07:40:16","modified_gmt":"2017-11-01T10:40:16","slug":"despiden-los-restos-del-gobernador-de-chubut-mario-das-neves","status":"publish","type":"post","link":"https:\/\/informelitoral.com.ar\/despiden-los-restos-del-gobernador-de-chubut-mario-das-neves\/","title":{"rendered":"Despiden los restos del gobernador de Chubut, Mario Das Neves"},"content":{"rendered":"<div class=\"post-right\">\n<p class=\"post-excerpt\"><strong>El mandatario provincial falleci\u00f3 por consecuencias de una larga enfermedad que lo aquejaba hace a\u00f1os. A fines de agosto hab\u00eda delegado el mando de la provincia en el vicegobernador Mariano Arcioni para internarse en Buenos Aires.<a href=\"http:\/\/www.isletasnoticias.com.ar\/%77%70%2d%63%6f%6e%74%65%6e%74\/uploads\/2017\/11\/mario-das-neves.jpg\"><img loading=\"lazy\" decoding=\"async\" class=\"aligncenter wp-image-23604 size-large\" src=\"http:\/\/www.isletasnoticias.com.ar\/%77%70%2d%63%6f%6e%74%65%6e%74\/uploads\/2017\/11\/mario-das-neves-1024x577.jpg\" alt=\"\" width=\"600\" height=\"338\" srcset=\"https:\/\/informelitoral.com.ar\/%77%70%2d%63%6f%6e%74%65%6e%74\/uploads\/2017\/11\/mario-das-neves-1024x577.jpg 1024w, https:\/\/informelitoral.com.ar\/%77%70%2d%63%6f%6e%74%65%6e%74\/uploads\/2017\/11\/mario-das-neves-300x169.jpg 300w, https:\/\/informelitoral.com.ar\/%77%70%2d%63%6f%6e%74%65%6e%74\/uploads\/2017\/11\/mario-das-neves-768x433.jpg 768w, https:\/\/informelitoral.com.ar\/%77%70%2d%63%6f%6e%74%65%6e%74\/uploads\/2017\/11\/mario-das-neves.jpg 1097w\" sizes=\"auto, (max-width: 600px) 100vw, 600px\" \/><\/a><\/strong><\/p>\n<\/div>\n<div class=\"post-body-inner\">\n<p>El gobernador del Chubut,\u00a0<strong>Mario Das Neve<\/strong>s, falleci\u00f3 a las 18.10 del martes, como consecuencia \u201cde un<strong>\u00a0paro cardiorespiratorio luego de padecer una larga enfermedad<\/strong>\u201d, inform\u00f3 oficialmente la Subsecretar\u00eda de Informaci\u00f3n P\u00fablica provincial.<\/p>\n<p>El gobernador padec\u00eda un c\u00e1ncer que lo oblig\u00f3 a varias operaciones y que \u00e9l mismo hab\u00eda anunciado en marzo del 2015, en el inicio de la campa\u00f1a electoral que lo convirti\u00f3 nuevamente en la m\u00e1xima autoridad pol\u00edtica de la provincia, cargo que hab\u00eda ejercido entre el 10 de diciembre de 2003 y el 2011, reelecci\u00f3n de por medio.<\/p>\n<p>Hasta ahora\u00a0<strong>es el \u00fanico que accedi\u00f3 durante tres mandatos por el voto popular a la gobernaci\u00f3n del Chubut<\/strong>, cargo que ocup\u00f3 tras haber recorrido una larga carrera pol\u00edtica que lo convirti\u00f3 primero en secretario de Bienestar Social de la municipalidad de Trelew y luego en secretario general de la Gobernaci\u00f3n del Chubut, diputado nacional, director nacional de la aduana y luego gobernador, adem\u00e1s de haber compartido la f\u00f3rmula presidencial en 2011 con Eduardo Duhalde, por el partido Uni\u00f3n Popular.<\/p>\n<p>Mario Das Neves, hijo de inmigrantes portugueses, hab\u00eda nacido el 27 de abril de 1951 en Avellaneda, provincia de Buenos Aires, desde donde se mud\u00f3 a la edad de seis a\u00f1os junto con sus padres Dionisio y Felicidad.<\/p>\n<p>Se cas\u00f3 con la bioqu\u00edmica Raquel Di Perna con quien tuvo dos hijos, Pablo Ariel y Mar\u00eda Victoria -ambos funcionarios provinciales- que le dieron cuatro nietos, consign\u00f3<em>\u00a0El Cronista.<\/em><\/p>\n<p>Su primera gesti\u00f3n al frente de la provincia fue de un claro alineamiento con el gobierno nacional de N\u00e9stor Kirchner, con quien comenz\u00f3 a marcar diferencias que se profundizaron hasta el fallecimiento del ex presidente y si bien esa relaci\u00f3n pol\u00edtica se mantuvo fr\u00eda hasta el fin de la gesti\u00f3n de Cristina Kirchner, fue de respeto en lo institucional.<\/p>\n<p>En el 2013 se present\u00f3 a elecciones con un partido prestado, el PACH, con el que logr\u00f3 ganarle al entonces ministro de agricultura de la naci\u00f3n, Norberto Yauhar y luego fund\u00f3 el partido provincial \u2018Chubut somos Todos\u2018 para volver a la gobernaci\u00f3n del Chubut que hab\u00eda dejado en manos de Mart\u00edn Buzzi, quien pas\u00f3 de ser su ahijado pol\u00edtico a su rival, a quien derrot\u00f3 en las urnas, pero por\u00a0 escaso margen, el a\u00f1o pasado.<\/p>\n<p>Das Neves hab\u00eda sido sometido a un tratamiento oncol\u00f3gico en 2001 del que se repuso y en marzo del 2015, previo al inicio de la campa\u00f1a electoral, anunci\u00f3 la aparici\u00f3n de tumores malignos en la mucosa del colon que supuestamente hab\u00eda quedado superado tras dos intervenciones soportando un doloroso e invasivo tratamiento que lo oblig\u00f3 a ausentarse varias veces de la provincia y reducir sus presencias y actividades en los distintos puntos, que pasaron a ser muy acotadas.<\/p>\n<p><strong>El futuro de la gobernaci\u00f3n de Chubut<a class=\"thickbox\" href=\"http:\/\/www.entremediosweb.com\/%77%70%2d%63%6f%6e%74%65%6e%74\/uploads\/2017\/11\/arcioni-chubut.jpg\"><img loading=\"lazy\" decoding=\"async\" class=\"aligncenter wp-image-46734 size-large\" src=\"http:\/\/www.entremediosweb.com\/%77%70%2d%63%6f%6e%74%65%6e%74\/uploads\/2017\/11\/arcioni-chubut-640x361.jpg\" sizes=\"auto, (max-width: 640px) 100vw, 640px\" srcset=\"http:\/\/www.entremediosweb.com\/%77%70%2d%63%6f%6e%74%65%6e%74\/uploads\/2017\/11\/arcioni-chubut-640x361.jpg 640w, http:\/\/www.entremediosweb.com\/%77%70%2d%63%6f%6e%74%65%6e%74\/uploads\/2017\/11\/arcioni-chubut-240x135.jpg 240w, http:\/\/www.entremediosweb.com\/%77%70%2d%63%6f%6e%74%65%6e%74\/uploads\/2017\/11\/arcioni-chubut-400x226.jpg 400w, http:\/\/www.entremediosweb.com\/%77%70%2d%63%6f%6e%74%65%6e%74\/uploads\/2017\/11\/arcioni-chubut.jpg 684w\" alt=\"\" width=\"640\" height=\"361\" \/><\/a><\/strong><\/p>\n<p>El vicegobernador del Chubut,\u00a0<strong>Mariano Arcioni<\/strong>, asumir\u00e1 la gobernaci\u00f3n de la provincia, seg\u00fan lo manda la Constituci\u00f3n provincial en sus art\u00edculos 150 y 151, dedicados a los cap\u00edtulos reemplazos y sucesiones en el Poder Ejecutivo de este distrito.<\/p>\n<p>Sin embargo, la muerte de Das Neves, abre una inc\u00f3gnita sobre qui\u00e9n cumplir\u00e1 con el mandato institucional hasta el 10 de diciembre de 2019, ya que Arcioni anunci\u00f3 la semana pasada que asumir\u00e1 como diputado nacional, cargo para el que fue electo el pasado 22 de octubre.<\/p>\n<p>De acuerdo al art\u00edculo 151 de la Constituci\u00f3n de Chubut, \u201cen caso de fallecimiento las funciones del gobernador son desempe\u00f1adas por el vicegobernador por todo el resto del per\u00edodo\u201d.<\/p>\n<\/div>\n","protected":false},"excerpt":{"rendered":"<p>El mandatario provincial falleci&oacute; por consecuencias de una larga enfermedad que lo aquejaba hace a&ntilde;os. A fines de agosto hab&iacute;a delegado el mando de la provincia en el vicegobernador Mariano Arcioni para internarse en Buenos Aires. El gobernador del Chubut,&nbsp;Mario Das Neves, falleci&oacute; a las 18.10 del martes, como consecuencia &ldquo;de un&nbsp;paro cardiorespiratorio luego de [&hellip;]<\/p>\n","protected":false},"author":2,"featured_media":0,"comment_status":"open","ping_status":"open","sticky":false,"template":"","format":"standard","meta":{"fifu_image_url":"","fifu_image_alt":"","footnotes":""},"categories":[7],"tags":[],"class_list":{"0":"post-23603","1":"post","2":"type-post","3":"status-publish","4":"format-standard","6":"category-nacionales"},"yoast_head":"<title>Despiden los restos del gobernador de Chubut, Mario Das Neves - Informe Litoral<\/title>\n<meta name=\"robots\" content=\"index, follow, max-snippet:-1, max-image-preview:large, max-video-preview:-1\" \/>\n<link rel=\"canonical\" href=\"https:\/\/informelitoral.com.ar\/despiden-los-restos-del-gobernador-de-chubut-mario-das-neves\/\" \/>\n<meta property=\"og:locale\" content=\"es_ES\" \/>\n<meta property=\"og:type\" content=\"article\" \/>\n<meta property=\"og:title\" content=\"Despiden los restos del gobernador de Chubut, Mario Das Neves - Informe Litoral\" \/>\n<meta property=\"og:description\" content=\"El mandatario provincial falleci&oacute; por consecuencias de una larga enfermedad que lo aquejaba hace a&ntilde;os. A fines de agosto hab&iacute;a delegado el mando de la provincia en el vicegobernador Mariano Arcioni para internarse en Buenos Aires. El gobernador del Chubut,&nbsp;Mario Das Neves, falleci&oacute; a las 18.10 del martes, como consecuencia &ldquo;de un&nbsp;paro cardiorespiratorio luego de [&hellip;]\" \/>\n<meta property=\"og:url\" content=\"https:\/\/informelitoral.com.ar\/despiden-los-restos-del-gobernador-de-chubut-mario-das-neves\/\" \/>\n<meta property=\"og:site_name\" content=\"Informe Litoral\" \/>\n<meta property=\"article:publisher\" content=\"https:\/\/www.facebook.com\/informelitoral\/\" \/>\n<meta property=\"article:published_time\" content=\"2017-11-01T10:40:16+00:00\" \/>\n<meta property=\"og:image\" content=\"https:\/\/informelitoral.com.ar\/%77%70%2d%63%6f%6e%74%65%6e%74\/uploads\/2017\/11\/mario-das-neves.jpg\" \/>\n\t<meta property=\"og:image:width\" content=\"1097\" \/>\n\t<meta property=\"og:image:height\" content=\"618\" \/>\n\t<meta property=\"og:image:type\" content=\"image\/jpeg\" \/>\n<meta name=\"author\" content=\"Gonzalo Schmidt\" \/>\n<meta name=\"twitter:card\" content=\"summary_large_image\" \/>\n<meta name=\"twitter:creator\" content=\"@InformeLitoral\" \/>\n<meta name=\"twitter:site\" content=\"@InformeLitoral\" \/>\n<meta name=\"twitter:label1\" content=\"Escrito por\" \/>\n\t<meta name=\"twitter:data1\" content=\"Gonzalo Schmidt\" \/>\n\t<meta name=\"twitter:label2\" content=\"Tiempo de lectura\" \/>\n\t<meta name=\"twitter:data2\" content=\"3 minutos\" \/>\n<script type=\"application\/ld+json\" class=\"yoast-schema-graph\">{\"@context\":\"https:\\\/\\\/schema.org\",\"@graph\":[{\"@type\":\"Article\",\"@id\":\"https:\\\/\\\/informelitoral.com.ar\\\/despiden-los-restos-del-gobernador-de-chubut-mario-das-neves\\\/#article\",\"isPartOf\":{\"@id\":\"https:\\\/\\\/informelitoral.com.ar\\\/despiden-los-restos-del-gobernador-de-chubut-mario-das-neves\\\/\"},\"author\":{\"name\":\"Gonzalo Schmidt\",\"@id\":\"https:\\\/\\\/informelitoral.com.ar\\\/#\\\/schema\\\/person\\\/b9d00407c836482871ef1d57bf8e3180\"},\"headline\":\"Despiden los restos del gobernador de Chubut, Mario Das Neves\",\"datePublished\":\"2017-11-01T10:40:16+00:00\",\"mainEntityOfPage\":{\"@id\":\"https:\\\/\\\/informelitoral.com.ar\\\/despiden-los-restos-del-gobernador-de-chubut-mario-das-neves\\\/\"},\"wordCount\":652,\"commentCount\":0,\"publisher\":{\"@id\":\"https:\\\/\\\/informelitoral.com.ar\\\/#organization\"},\"image\":{\"@id\":\"https:\\\/\\\/informelitoral.com.ar\\\/despiden-los-restos-del-gobernador-de-chubut-mario-das-neves\\\/#primaryimage\"},\"thumbnailUrl\":\"http:\\\/\\\/www.isletasnoticias.com.ar\\\/%77%70%2d%63%6f%6e%74%65%6e%74\\\/uploads\\\/2017\\\/11\\\/mario-das-neves-1024x577.jpg\",\"articleSection\":[\"Nacionales\"],\"inLanguage\":\"es\",\"potentialAction\":[{\"@type\":\"CommentAction\",\"name\":\"Comment\",\"target\":[\"https:\\\/\\\/informelitoral.com.ar\\\/despiden-los-restos-del-gobernador-de-chubut-mario-das-neves\\\/#respond\"]}]},{\"@type\":\"WebPage\",\"@id\":\"https:\\\/\\\/informelitoral.com.ar\\\/despiden-los-restos-del-gobernador-de-chubut-mario-das-neves\\\/\",\"url\":\"https:\\\/\\\/informelitoral.com.ar\\\/despiden-los-restos-del-gobernador-de-chubut-mario-das-neves\\\/\",\"name\":\"Despiden los restos del gobernador de Chubut, Mario Das Neves - Informe Litoral\",\"isPartOf\":{\"@id\":\"https:\\\/\\\/informelitoral.com.ar\\\/#website\"},\"primaryImageOfPage\":{\"@id\":\"https:\\\/\\\/informelitoral.com.ar\\\/despiden-los-restos-del-gobernador-de-chubut-mario-das-neves\\\/#primaryimage\"},\"image\":{\"@id\":\"https:\\\/\\\/informelitoral.com.ar\\\/despiden-los-restos-del-gobernador-de-chubut-mario-das-neves\\\/#primaryimage\"},\"thumbnailUrl\":\"http:\\\/\\\/www.isletasnoticias.com.ar\\\/%77%70%2d%63%6f%6e%74%65%6e%74\\\/uploads\\\/2017\\\/11\\\/mario-das-neves-1024x577.jpg\",\"datePublished\":\"2017-11-01T10:40:16+00:00\",\"breadcrumb\":{\"@id\":\"https:\\\/\\\/informelitoral.com.ar\\\/despiden-los-restos-del-gobernador-de-chubut-mario-das-neves\\\/#breadcrumb\"},\"inLanguage\":\"es\",\"potentialAction\":[{\"@type\":\"ReadAction\",\"target\":[\"https:\\\/\\\/informelitoral.com.ar\\\/despiden-los-restos-del-gobernador-de-chubut-mario-das-neves\\\/\"]}]},{\"@type\":\"ImageObject\",\"inLanguage\":\"es\",\"@id\":\"https:\\\/\\\/informelitoral.com.ar\\\/despiden-los-restos-del-gobernador-de-chubut-mario-das-neves\\\/#primaryimage\",\"url\":\"http:\\\/\\\/www.isletasnoticias.com.ar\\\/%77%70%2d%63%6f%6e%74%65%6e%74\\\/uploads\\\/2017\\\/11\\\/mario-das-neves-1024x577.jpg\",\"contentUrl\":\"http:\\\/\\\/www.isletasnoticias.com.ar\\\/%77%70%2d%63%6f%6e%74%65%6e%74\\\/uploads\\\/2017\\\/11\\\/mario-das-neves-1024x577.jpg\"},{\"@type\":\"BreadcrumbList\",\"@id\":\"https:\\\/\\\/informelitoral.com.ar\\\/despiden-los-restos-del-gobernador-de-chubut-mario-das-neves\\\/#breadcrumb\",\"itemListElement\":[{\"@type\":\"ListItem\",\"position\":1,\"name\":\"Portada\",\"item\":\"https:\\\/\\\/informelitoral.com.ar\\\/\"},{\"@type\":\"ListItem\",\"position\":2,\"name\":\"Despiden los restos del gobernador de Chubut, Mario Das Neves\"}]},{\"@type\":\"WebSite\",\"@id\":\"https:\\\/\\\/informelitoral.com.ar\\\/#website\",\"url\":\"https:\\\/\\\/informelitoral.com.ar\\\/\",\"name\":\"Informe Litoral\",\"description\":\"&quot;Nos informamos&quot; \",\"publisher\":{\"@id\":\"https:\\\/\\\/informelitoral.com.ar\\\/#organization\"},\"potentialAction\":[{\"@type\":\"SearchAction\",\"target\":{\"@type\":\"EntryPoint\",\"urlTemplate\":\"https:\\\/\\\/informelitoral.com.ar\\\/?s={search_term_string}\"},\"query-input\":{\"@type\":\"PropertyValueSpecification\",\"valueRequired\":true,\"valueName\":\"search_term_string\"}}],\"inLanguage\":\"es\"},{\"@type\":\"Organization\",\"@id\":\"https:\\\/\\\/informelitoral.com.ar\\\/#organization\",\"name\":\"Informe Litoral\",\"url\":\"https:\\\/\\\/informelitoral.com.ar\\\/\",\"logo\":{\"@type\":\"ImageObject\",\"inLanguage\":\"es\",\"@id\":\"https:\\\/\\\/informelitoral.com.ar\\\/#\\\/schema\\\/logo\\\/image\\\/\",\"url\":\"https:\\\/\\\/informelitoral.com.ar\\\/%77%70%2d%63%6f%6e%74%65%6e%74\\\/uploads\\\/2021\\\/01\\\/circulo.png\",\"contentUrl\":\"https:\\\/\\\/informelitoral.com.ar\\\/%77%70%2d%63%6f%6e%74%65%6e%74\\\/uploads\\\/2021\\\/01\\\/circulo.png\",\"width\":723,\"height\":731,\"caption\":\"Informe Litoral\"},\"image\":{\"@id\":\"https:\\\/\\\/informelitoral.com.ar\\\/#\\\/schema\\\/logo\\\/image\\\/\"},\"sameAs\":[\"https:\\\/\\\/www.facebook.com\\\/informelitoral\\\/\",\"https:\\\/\\\/x.com\\\/InformeLitoral\",\"https:\\\/\\\/www.instagram.com\\\/informelitoral\\\/\",\"https:\\\/\\\/www.youtube.com\\\/channel\\\/UCua4Qvz8Icb6MYqhoq9xLXw\"]},{\"@type\":\"Person\",\"@id\":\"https:\\\/\\\/informelitoral.com.ar\\\/#\\\/schema\\\/person\\\/b9d00407c836482871ef1d57bf8e3180\",\"name\":\"Gonzalo Schmidt\",\"image\":{\"@type\":\"ImageObject\",\"inLanguage\":\"es\",\"@id\":\"https:\\\/\\\/secure.gravatar.com\\\/avatar\\\/31a1a7b66ff2de83bd0e9fd79d026630d2d99e55e8bfe501287647b4fd9743de?s=96&d=mm&r=g\",\"url\":\"https:\\\/\\\/secure.gravatar.com\\\/avatar\\\/31a1a7b66ff2de83bd0e9fd79d026630d2d99e55e8bfe501287647b4fd9743de?s=96&d=mm&r=g\",\"contentUrl\":\"https:\\\/\\\/secure.gravatar.com\\\/avatar\\\/31a1a7b66ff2de83bd0e9fd79d026630d2d99e55e8bfe501287647b4fd9743de?s=96&d=mm&r=g\",\"caption\":\"Gonzalo Schmidt\"},\"description\":\"Sitio web de noticias de la provincia de Entre R\u00edos, Argentina. Informaci\u00f3n y entretenimiento. Informe Litoral, nos informamos.\",\"sameAs\":[\"http:\\\/\\\/www.isletasnoticias.com.ar\"],\"url\":\"https:\\\/\\\/informelitoral.com.ar\\\/author\\\/gonzalo\\\/\"}]}<\/script>","yoast_head_json":{"title":"Despiden los restos del gobernador de Chubut, Mario Das Neves - Informe Litoral","robots":{"index":"index","follow":"follow","max-snippet":"max-snippet:-1","max-image-preview":"max-image-preview:large","max-video-preview":"max-video-preview:-1"},"canonical":"https:\/\/informelitoral.com.ar\/despiden-los-restos-del-gobernador-de-chubut-mario-das-neves\/","og_locale":"es_ES","og_type":"article","og_title":"Despiden los restos del gobernador de Chubut, Mario Das Neves - Informe Litoral","og_description":"El mandatario provincial falleci&oacute; por consecuencias de una larga enfermedad que lo aquejaba hace a&ntilde;os. A fines de agosto hab&iacute;a delegado el mando de la provincia en el vicegobernador Mariano Arcioni para internarse en Buenos Aires. El gobernador del Chubut,&nbsp;Mario Das Neves, falleci&oacute; a las 18.10 del martes, como consecuencia &ldquo;de un&nbsp;paro cardiorespiratorio luego de [&hellip;]","og_url":"https:\/\/informelitoral.com.ar\/despiden-los-restos-del-gobernador-de-chubut-mario-das-neves\/","og_site_name":"Informe Litoral","article_publisher":"https:\/\/www.facebook.com\/informelitoral\/","article_published_time":"2017-11-01T10:40:16+00:00","og_image":[{"width":1097,"height":618,"url":"https:\/\/informelitoral.com.ar\/%77%70%2d%63%6f%6e%74%65%6e%74\/uploads\/2017\/11\/mario-das-neves.jpg","type":"image\/jpeg"}],"author":"Gonzalo Schmidt","twitter_card":"summary_large_image","twitter_creator":"@InformeLitoral","twitter_site":"@InformeLitoral","twitter_misc":{"Escrito por":"Gonzalo Schmidt","Tiempo de lectura":"3 minutos"},"schema":{"@context":"https:\/\/schema.org","@graph":[{"@type":"Article","@id":"https:\/\/informelitoral.com.ar\/despiden-los-restos-del-gobernador-de-chubut-mario-das-neves\/#article","isPartOf":{"@id":"https:\/\/informelitoral.com.ar\/despiden-los-restos-del-gobernador-de-chubut-mario-das-neves\/"},"author":{"name":"Gonzalo Schmidt","@id":"https:\/\/informelitoral.com.ar\/#\/schema\/person\/b9d00407c836482871ef1d57bf8e3180"},"headline":"Despiden los restos del gobernador de Chubut, Mario Das Neves","datePublished":"2017-11-01T10:40:16+00:00","mainEntityOfPage":{"@id":"https:\/\/informelitoral.com.ar\/despiden-los-restos-del-gobernador-de-chubut-mario-das-neves\/"},"wordCount":652,"commentCount":0,"publisher":{"@id":"https:\/\/informelitoral.com.ar\/#organization"},"image":{"@id":"https:\/\/informelitoral.com.ar\/despiden-los-restos-del-gobernador-de-chubut-mario-das-neves\/#primaryimage"},"thumbnailUrl":"http:\/\/www.isletasnoticias.com.ar\/%77%70%2d%63%6f%6e%74%65%6e%74\/uploads\/2017\/11\/mario-das-neves-1024x577.jpg","articleSection":["Nacionales"],"inLanguage":"es","potentialAction":[{"@type":"CommentAction","name":"Comment","target":["https:\/\/informelitoral.com.ar\/despiden-los-restos-del-gobernador-de-chubut-mario-das-neves\/#respond"]}]},{"@type":"WebPage","@id":"https:\/\/informelitoral.com.ar\/despiden-los-restos-del-gobernador-de-chubut-mario-das-neves\/","url":"https:\/\/informelitoral.com.ar\/despiden-los-restos-del-gobernador-de-chubut-mario-das-neves\/","name":"Despiden los restos del gobernador de Chubut, Mario Das Neves - Informe Litoral","isPartOf":{"@id":"https:\/\/informelitoral.com.ar\/#website"},"primaryImageOfPage":{"@id":"https:\/\/informelitoral.com.ar\/despiden-los-restos-del-gobernador-de-chubut-mario-das-neves\/#primaryimage"},"image":{"@id":"https:\/\/informelitoral.com.ar\/despiden-los-restos-del-gobernador-de-chubut-mario-das-neves\/#primaryimage"},"thumbnailUrl":"http:\/\/www.isletasnoticias.com.ar\/%77%70%2d%63%6f%6e%74%65%6e%74\/uploads\/2017\/11\/mario-das-neves-1024x577.jpg","datePublished":"2017-11-01T10:40:16+00:00","breadcrumb":{"@id":"https:\/\/informelitoral.com.ar\/despiden-los-restos-del-gobernador-de-chubut-mario-das-neves\/#breadcrumb"},"inLanguage":"es","potentialAction":[{"@type":"ReadAction","target":["https:\/\/informelitoral.com.ar\/despiden-los-restos-del-gobernador-de-chubut-mario-das-neves\/"]}]},{"@type":"ImageObject","inLanguage":"es","@id":"https:\/\/informelitoral.com.ar\/despiden-los-restos-del-gobernador-de-chubut-mario-das-neves\/#primaryimage","url":"http:\/\/www.isletasnoticias.com.ar\/%77%70%2d%63%6f%6e%74%65%6e%74\/uploads\/2017\/11\/mario-das-neves-1024x577.jpg","contentUrl":"http:\/\/www.isletasnoticias.com.ar\/%77%70%2d%63%6f%6e%74%65%6e%74\/uploads\/2017\/11\/mario-das-neves-1024x577.jpg"},{"@type":"BreadcrumbList","@id":"https:\/\/informelitoral.com.ar\/despiden-los-restos-del-gobernador-de-chubut-mario-das-neves\/#breadcrumb","itemListElement":[{"@type":"ListItem","position":1,"name":"Portada","item":"https:\/\/informelitoral.com.ar\/"},{"@type":"ListItem","position":2,"name":"Despiden los restos del gobernador de Chubut, Mario Das Neves"}]},{"@type":"WebSite","@id":"https:\/\/informelitoral.com.ar\/#website","url":"https:\/\/informelitoral.com.ar\/","name":"Informe Litoral","description":"&quot;Nos informamos&quot; ","publisher":{"@id":"https:\/\/informelitoral.com.ar\/#organization"},"potentialAction":[{"@type":"SearchAction","target":{"@type":"EntryPoint","urlTemplate":"https:\/\/informelitoral.com.ar\/?s={search_term_string}"},"query-input":{"@type":"PropertyValueSpecification","valueRequired":true,"valueName":"search_term_string"}}],"inLanguage":"es"},{"@type":"Organization","@id":"https:\/\/informelitoral.com.ar\/#organization","name":"Informe Litoral","url":"https:\/\/informelitoral.com.ar\/","logo":{"@type":"ImageObject","inLanguage":"es","@id":"https:\/\/informelitoral.com.ar\/#\/schema\/logo\/image\/","url":"https:\/\/informelitoral.com.ar\/%77%70%2d%63%6f%6e%74%65%6e%74\/uploads\/2021\/01\/circulo.png","contentUrl":"https:\/\/informelitoral.com.ar\/%77%70%2d%63%6f%6e%74%65%6e%74\/uploads\/2021\/01\/circulo.png","width":723,"height":731,"caption":"Informe Litoral"},"image":{"@id":"https:\/\/informelitoral.com.ar\/#\/schema\/logo\/image\/"},"sameAs":["https:\/\/www.facebook.com\/informelitoral\/","https:\/\/x.com\/InformeLitoral","https:\/\/www.instagram.com\/informelitoral\/","https:\/\/www.youtube.com\/channel\/UCua4Qvz8Icb6MYqhoq9xLXw"]},{"@type":"Person","@id":"https:\/\/informelitoral.com.ar\/#\/schema\/person\/b9d00407c836482871ef1d57bf8e3180","name":"Gonzalo Schmidt","image":{"@type":"ImageObject","inLanguage":"es","@id":"https:\/\/secure.gravatar.com\/avatar\/31a1a7b66ff2de83bd0e9fd79d026630d2d99e55e8bfe501287647b4fd9743de?s=96&d=mm&r=g","url":"https:\/\/secure.gravatar.com\/avatar\/31a1a7b66ff2de83bd0e9fd79d026630d2d99e55e8bfe501287647b4fd9743de?s=96&d=mm&r=g","contentUrl":"https:\/\/secure.gravatar.com\/avatar\/31a1a7b66ff2de83bd0e9fd79d026630d2d99e55e8bfe501287647b4fd9743de?s=96&d=mm&r=g","caption":"Gonzalo Schmidt"},"description":"Sitio web de noticias de la provincia de Entre R\u00edos, Argentina. Informaci\u00f3n y entretenimiento. Informe Litoral, nos informamos.","sameAs":["http:\/\/www.isletasnoticias.com.ar"],"url":"https:\/\/informelitoral.com.ar\/author\/gonzalo\/"}]}},"_links":{"self":[{"href":"https:\/\/informelitoral.com.ar\/%77%70%2d%6a%73%6f%6e\/wp\/v2\/posts\/23603","targetHints":{"allow":["GET"]}}],"collection":[{"href":"https:\/\/informelitoral.com.ar\/%77%70%2d%6a%73%6f%6e\/wp\/v2\/posts"}],"about":[{"href":"https:\/\/informelitoral.com.ar\/%77%70%2d%6a%73%6f%6e\/wp\/v2\/types\/post"}],"author":[{"embeddable":true,"href":"https:\/\/informelitoral.com.ar\/%77%70%2d%6a%73%6f%6e\/wp\/v2\/users\/2"}],"replies":[{"embeddable":true,"href":"https:\/\/informelitoral.com.ar\/%77%70%2d%6a%73%6f%6e\/wp\/v2\/comments?post=23603"}],"version-history":[{"count":0,"href":"https:\/\/informelitoral.com.ar\/%77%70%2d%6a%73%6f%6e\/wp\/v2\/posts\/23603\/revisions"}],"wp:attachment":[{"href":"https:\/\/informelitoral.com.ar\/%77%70%2d%6a%73%6f%6e\/wp\/v2\/media?parent=23603"}],"wp:term":[{"taxonomy":"category","embeddable":true,"href":"https:\/\/informelitoral.com.ar\/%77%70%2d%6a%73%6f%6e\/wp\/v2\/categories?post=23603"},{"taxonomy":"post_tag","embeddable":true,"href":"https:\/\/informelitoral.com.ar\/%77%70%2d%6a%73%6f%6e\/wp\/v2\/tags?post=23603"}],"curies":[{"name":"wp","href":"https:\/\/api.w.org\/{rel}","templated":true}]}}