{"id":236005,"date":"2025-10-03T11:23:47","date_gmt":"2025-10-03T14:23:47","guid":{"rendered":"https:\/\/informelitoral.com.ar\/?p=236005"},"modified":"2025-10-03T11:51:37","modified_gmt":"2025-10-03T14:51:37","slug":"vialidad-intensifica-obras-viales-estrategicas-en-diamante","status":"publish","type":"post","link":"https:\/\/informelitoral.com.ar\/vialidad-intensifica-obras-viales-estrategicas-en-diamante\/","title":{"rendered":"Vialidad intensifica obras viales estrat\u00e9gicas en Diamante"},"content":{"rendered":"<p>El director administrador de la Direcci\u00f3n Provincial de Vialidad (DPV), <b>Exequiel Donda<\/b>, junto a su equipo, realiz\u00f3 este jueves una recorrida de supervisi\u00f3n por distintos frentes de obra en los departamentos Diamante, Paran\u00e1 y La Paz, con el objetivo de constatar el avance de los trabajos en la red vial primaria y secundaria.<\/p>\n<p>Uno de los ejes principales de la visita fue la rehabilitaci\u00f3n de la <b>Ruta Provincial N\u00b0 11<\/b> a la altura de <b>Valle Mar\u00eda<\/b>. All\u00ed, se est\u00e1n ejecutando tareas de <b>bacheo profundo<\/b> (con cemento) y <b>superficial<\/b> (con mezcla asf\u00e1ltica). Estos trabajos son cruciales y continuar\u00e1n en los pr\u00f3ximos d\u00edas hasta la localidad de Oro Verde.<\/p>\n<p>El senador provincial por Diamante, <b>Gustavo Vergara<\/b>, destac\u00f3 la importancia de estas tareas, especialmente ante la inminente temporada agr\u00edcola. \u00abSe est\u00e1 ejecutando un muy buen trabajo de bacheo para recuperar la ruta provincial N\u00b0 11. Esta zona, adem\u00e1s de ser tur\u00edstica, es muy productiva, y teniendo en cuenta que el mes que viene comienza la <b>cosecha fina<\/b>, va a ser muy bueno tener la ruta en condiciones\u00bb, afirm\u00f3.<\/p>\n<p>Por su parte, el intendente de Valle Mar\u00eda, <b>Mario Sokolovsky<\/b>, se mostr\u00f3 \u00abgratamente sorprendido\u00bb por la llegada de las m\u00e1quinas y valor\u00f3 que se haya dado prioridad a esta ruta, que es altamente transitada desde el sur hacia Paran\u00e1.<\/p>\n<h2><strong>Obras avanzadas en rutas y desv\u00edos<\/strong><\/h2>\n<p>Durante la recorrida, Donda tambi\u00e9n supervis\u00f3 otras obras clave:<\/p>\n<ul>\n<li><b>Ruta A 03:<\/b> La rehabilitaci\u00f3n presenta un avance del <b>96 por ciento<\/b> y se est\u00e1n realizando tareas de se\u00f1alamiento horizontal y vertical, adem\u00e1s de la colocaci\u00f3n de barandas de defensa.<\/li>\n<li><b>Desv\u00edo de Tr\u00e1nsito Pesado a Pueblo Brugo:<\/b> Esta obra, vital para la producci\u00f3n y el turismo del departamento Paran\u00e1, ya registra un avance del <b>92%<\/b> en su ejecuci\u00f3n.<\/li>\n<\/ul>\n<h2><strong>Conservaci\u00f3n en la red de caminos rurales<\/strong><\/h2>\n<p>En el departamento Diamante, la DPV tambi\u00e9n constat\u00f3 el avance de los trabajos de <b>conservaci\u00f3n en caminos rurales<\/b>. En la zona de <b>Aldea Spatzenkutter<\/b>, se realiza la reposici\u00f3n de brosa en el camino al cementerio y en aquellos que conectan con emprendimientos productivos.<\/p>\n<p>Otras tareas incluyen el <b>alteo y cuneta<\/b> en la traza terciaria que une Aldea Protestante con Aldea Salto. En Distrito Isletas, se encara el alteo, cuneta, reposici\u00f3n de brosa, perfilado y recambio de dos l\u00edneas de tubos sobre la Ruta Provincial N\u00b0 40. Finalmente, en <b>Puerto Alvear<\/b> se trabaja en la limpieza del camino y la colocaci\u00f3n de tubos para el desv\u00edo del tr\u00e1nsito pesado.<\/p>\n<p>Del recorrido participaron, entre otros, el presidente de la comuna de Aldea Spatzenkutter, Juan Lell, y el jefe de la zonal Diamante de la DPV, Emiliano Chaparro.<\/p>\n","protected":false},"excerpt":{"rendered":"<p>El titular de la DPV, Exequiel Donda, recorri\u00f3 frentes de obra que incluyen la rehabilitaci\u00f3n de la Ruta 11, vital para el turismo y la cosecha fina.<\/p>\n","protected":false},"author":8,"featured_media":236006,"comment_status":"open","ping_status":"open","sticky":false,"template":"","format":"standard","meta":{"fifu_image_url":"","fifu_image_alt":"","footnotes":""},"categories":[5],"tags":[1385,107,1192],"class_list":{"0":"post-236005","1":"post","2":"type-post","3":"status-publish","4":"format-standard","5":"has-post-thumbnail","7":"category-zonales","8":"tag-departamento-diamante","9":"tag-obras-viales","10":"tag-ruta-11"},"yoast_head":"<title>Vialidad intensifica obras viales estrat\u00e9gicas en Diamante - Informe Litoral<\/title>\n<meta name=\"robots\" content=\"index, follow, max-snippet:-1, max-image-preview:large, max-video-preview:-1\" \/>\n<link rel=\"canonical\" href=\"https:\/\/informelitoral.com.ar\/vialidad-intensifica-obras-viales-estrategicas-en-diamante\/\" \/>\n<meta property=\"og:locale\" content=\"es_ES\" \/>\n<meta property=\"og:type\" content=\"article\" \/>\n<meta property=\"og:title\" content=\"Vialidad intensifica obras viales estrat\u00e9gicas en Diamante - Informe Litoral\" \/>\n<meta property=\"og:description\" content=\"El titular de la DPV, Exequiel Donda, recorri\u00f3 frentes de obra que incluyen la rehabilitaci\u00f3n de la Ruta 11, vital para el turismo y la cosecha fina.\" \/>\n<meta property=\"og:url\" content=\"https:\/\/informelitoral.com.ar\/vialidad-intensifica-obras-viales-estrategicas-en-diamante\/\" \/>\n<meta property=\"og:site_name\" content=\"Informe Litoral\" \/>\n<meta property=\"article:publisher\" content=\"https:\/\/www.facebook.com\/informelitoral\/\" \/>\n<meta property=\"article:published_time\" content=\"2025-10-03T14:23:47+00:00\" \/>\n<meta property=\"article:modified_time\" content=\"2025-10-03T14:51:37+00:00\" \/>\n<meta property=\"og:image\" content=\"https:\/\/informelitoral.com.ar\/%77%70%2d%63%6f%6e%74%65%6e%74\/uploads\/2025\/10\/25-10-02_recorrida_0001.jpg\" \/>\n\t<meta property=\"og:image:width\" content=\"1920\" \/>\n\t<meta property=\"og:image:height\" content=\"1280\" \/>\n\t<meta property=\"og:image:type\" content=\"image\/jpeg\" \/>\n<meta name=\"author\" content=\"Sebastian\" \/>\n<meta name=\"twitter:card\" content=\"summary_large_image\" \/>\n<meta name=\"twitter:creator\" content=\"@InformeLitoral\" \/>\n<meta name=\"twitter:site\" content=\"@InformeLitoral\" \/>\n<meta name=\"twitter:label1\" content=\"Escrito por\" \/>\n\t<meta name=\"twitter:data1\" content=\"Sebastian\" \/>\n\t<meta name=\"twitter:label2\" content=\"Tiempo de lectura\" \/>\n\t<meta name=\"twitter:data2\" content=\"3 minutos\" \/>\n<script type=\"application\/ld+json\" class=\"yoast-schema-graph\">{\"@context\":\"https:\\\/\\\/schema.org\",\"@graph\":[{\"@type\":\"Article\",\"@id\":\"https:\\\/\\\/informelitoral.com.ar\\\/vialidad-intensifica-obras-viales-estrategicas-en-diamante\\\/#article\",\"isPartOf\":{\"@id\":\"https:\\\/\\\/informelitoral.com.ar\\\/vialidad-intensifica-obras-viales-estrategicas-en-diamante\\\/\"},\"author\":{\"name\":\"Sebastian\",\"@id\":\"https:\\\/\\\/informelitoral.com.ar\\\/#\\\/schema\\\/person\\\/f05f9f461677119578717524b127d6d5\"},\"headline\":\"Vialidad intensifica obras viales estrat\u00e9gicas en Diamante\",\"datePublished\":\"2025-10-03T14:23:47+00:00\",\"dateModified\":\"2025-10-03T14:51:37+00:00\",\"mainEntityOfPage\":{\"@id\":\"https:\\\/\\\/informelitoral.com.ar\\\/vialidad-intensifica-obras-viales-estrategicas-en-diamante\\\/\"},\"wordCount\":465,\"commentCount\":0,\"publisher\":{\"@id\":\"https:\\\/\\\/informelitoral.com.ar\\\/#organization\"},\"image\":{\"@id\":\"https:\\\/\\\/informelitoral.com.ar\\\/vialidad-intensifica-obras-viales-estrategicas-en-diamante\\\/#primaryimage\"},\"thumbnailUrl\":\"https:\\\/\\\/informelitoral.com.ar\\\/%77%70%2d%63%6f%6e%74%65%6e%74\\\/uploads\\\/2025\\\/10\\\/25-10-02_recorrida_0001.jpg\",\"keywords\":[\"Departamento Diamante\",\"Obras viales\",\"Ruta 11\"],\"articleSection\":[\"Departamento Diamante\"],\"inLanguage\":\"es\",\"potentialAction\":[{\"@type\":\"CommentAction\",\"name\":\"Comment\",\"target\":[\"https:\\\/\\\/informelitoral.com.ar\\\/vialidad-intensifica-obras-viales-estrategicas-en-diamante\\\/#respond\"]}]},{\"@type\":\"WebPage\",\"@id\":\"https:\\\/\\\/informelitoral.com.ar\\\/vialidad-intensifica-obras-viales-estrategicas-en-diamante\\\/\",\"url\":\"https:\\\/\\\/informelitoral.com.ar\\\/vialidad-intensifica-obras-viales-estrategicas-en-diamante\\\/\",\"name\":\"Vialidad intensifica obras viales estrat\u00e9gicas en Diamante - Informe Litoral\",\"isPartOf\":{\"@id\":\"https:\\\/\\\/informelitoral.com.ar\\\/#website\"},\"primaryImageOfPage\":{\"@id\":\"https:\\\/\\\/informelitoral.com.ar\\\/vialidad-intensifica-obras-viales-estrategicas-en-diamante\\\/#primaryimage\"},\"image\":{\"@id\":\"https:\\\/\\\/informelitoral.com.ar\\\/vialidad-intensifica-obras-viales-estrategicas-en-diamante\\\/#primaryimage\"},\"thumbnailUrl\":\"https:\\\/\\\/informelitoral.com.ar\\\/%77%70%2d%63%6f%6e%74%65%6e%74\\\/uploads\\\/2025\\\/10\\\/25-10-02_recorrida_0001.jpg\",\"datePublished\":\"2025-10-03T14:23:47+00:00\",\"dateModified\":\"2025-10-03T14:51:37+00:00\",\"breadcrumb\":{\"@id\":\"https:\\\/\\\/informelitoral.com.ar\\\/vialidad-intensifica-obras-viales-estrategicas-en-diamante\\\/#breadcrumb\"},\"inLanguage\":\"es\",\"potentialAction\":[{\"@type\":\"ReadAction\",\"target\":[\"https:\\\/\\\/informelitoral.com.ar\\\/vialidad-intensifica-obras-viales-estrategicas-en-diamante\\\/\"]}]},{\"@type\":\"ImageObject\",\"inLanguage\":\"es\",\"@id\":\"https:\\\/\\\/informelitoral.com.ar\\\/vialidad-intensifica-obras-viales-estrategicas-en-diamante\\\/#primaryimage\",\"url\":\"https:\\\/\\\/informelitoral.com.ar\\\/%77%70%2d%63%6f%6e%74%65%6e%74\\\/uploads\\\/2025\\\/10\\\/25-10-02_recorrida_0001.jpg\",\"contentUrl\":\"https:\\\/\\\/informelitoral.com.ar\\\/%77%70%2d%63%6f%6e%74%65%6e%74\\\/uploads\\\/2025\\\/10\\\/25-10-02_recorrida_0001.jpg\",\"width\":1920,\"height\":1280},{\"@type\":\"BreadcrumbList\",\"@id\":\"https:\\\/\\\/informelitoral.com.ar\\\/vialidad-intensifica-obras-viales-estrategicas-en-diamante\\\/#breadcrumb\",\"itemListElement\":[{\"@type\":\"ListItem\",\"position\":1,\"name\":\"Portada\",\"item\":\"https:\\\/\\\/informelitoral.com.ar\\\/\"},{\"@type\":\"ListItem\",\"position\":2,\"name\":\"Vialidad intensifica obras viales estrat\u00e9gicas en Diamante\"}]},{\"@type\":\"WebSite\",\"@id\":\"https:\\\/\\\/informelitoral.com.ar\\\/#website\",\"url\":\"https:\\\/\\\/informelitoral.com.ar\\\/\",\"name\":\"Informe Litoral\",\"description\":\"&quot;Nos informamos&quot; \",\"publisher\":{\"@id\":\"https:\\\/\\\/informelitoral.com.ar\\\/#organization\"},\"potentialAction\":[{\"@type\":\"SearchAction\",\"target\":{\"@type\":\"EntryPoint\",\"urlTemplate\":\"https:\\\/\\\/informelitoral.com.ar\\\/?s={search_term_string}\"},\"query-input\":{\"@type\":\"PropertyValueSpecification\",\"valueRequired\":true,\"valueName\":\"search_term_string\"}}],\"inLanguage\":\"es\"},{\"@type\":\"Organization\",\"@id\":\"https:\\\/\\\/informelitoral.com.ar\\\/#organization\",\"name\":\"Informe Litoral\",\"url\":\"https:\\\/\\\/informelitoral.com.ar\\\/\",\"logo\":{\"@type\":\"ImageObject\",\"inLanguage\":\"es\",\"@id\":\"https:\\\/\\\/informelitoral.com.ar\\\/#\\\/schema\\\/logo\\\/image\\\/\",\"url\":\"https:\\\/\\\/informelitoral.com.ar\\\/%77%70%2d%63%6f%6e%74%65%6e%74\\\/uploads\\\/2021\\\/01\\\/circulo.png\",\"contentUrl\":\"https:\\\/\\\/informelitoral.com.ar\\\/%77%70%2d%63%6f%6e%74%65%6e%74\\\/uploads\\\/2021\\\/01\\\/circulo.png\",\"width\":723,\"height\":731,\"caption\":\"Informe Litoral\"},\"image\":{\"@id\":\"https:\\\/\\\/informelitoral.com.ar\\\/#\\\/schema\\\/logo\\\/image\\\/\"},\"sameAs\":[\"https:\\\/\\\/www.facebook.com\\\/informelitoral\\\/\",\"https:\\\/\\\/x.com\\\/InformeLitoral\",\"https:\\\/\\\/www.instagram.com\\\/informelitoral\\\/\",\"https:\\\/\\\/www.youtube.com\\\/channel\\\/UCua4Qvz8Icb6MYqhoq9xLXw\"]},{\"@type\":\"Person\",\"@id\":\"https:\\\/\\\/informelitoral.com.ar\\\/#\\\/schema\\\/person\\\/f05f9f461677119578717524b127d6d5\",\"name\":\"Sebastian\",\"image\":{\"@type\":\"ImageObject\",\"inLanguage\":\"es\",\"@id\":\"https:\\\/\\\/secure.gravatar.com\\\/avatar\\\/b71bf7481d447dfb9583c7f2798e7cc64de6efb9067b74633ed8c31059a3bd82?s=96&d=mm&r=g\",\"url\":\"https:\\\/\\\/secure.gravatar.com\\\/avatar\\\/b71bf7481d447dfb9583c7f2798e7cc64de6efb9067b74633ed8c31059a3bd82?s=96&d=mm&r=g\",\"contentUrl\":\"https:\\\/\\\/secure.gravatar.com\\\/avatar\\\/b71bf7481d447dfb9583c7f2798e7cc64de6efb9067b74633ed8c31059a3bd82?s=96&d=mm&r=g\",\"caption\":\"Sebastian\"},\"url\":\"https:\\\/\\\/informelitoral.com.ar\\\/author\\\/sebastian\\\/\"}]}<\/script>","yoast_head_json":{"title":"Vialidad intensifica obras viales estrat\u00e9gicas en Diamante - Informe Litoral","robots":{"index":"index","follow":"follow","max-snippet":"max-snippet:-1","max-image-preview":"max-image-preview:large","max-video-preview":"max-video-preview:-1"},"canonical":"https:\/\/informelitoral.com.ar\/vialidad-intensifica-obras-viales-estrategicas-en-diamante\/","og_locale":"es_ES","og_type":"article","og_title":"Vialidad intensifica obras viales estrat\u00e9gicas en Diamante - Informe Litoral","og_description":"El titular de la DPV, Exequiel Donda, recorri\u00f3 frentes de obra que incluyen la rehabilitaci\u00f3n de la Ruta 11, vital para el turismo y la cosecha fina.","og_url":"https:\/\/informelitoral.com.ar\/vialidad-intensifica-obras-viales-estrategicas-en-diamante\/","og_site_name":"Informe Litoral","article_publisher":"https:\/\/www.facebook.com\/informelitoral\/","article_published_time":"2025-10-03T14:23:47+00:00","article_modified_time":"2025-10-03T14:51:37+00:00","og_image":[{"width":1920,"height":1280,"url":"https:\/\/informelitoral.com.ar\/%77%70%2d%63%6f%6e%74%65%6e%74\/uploads\/2025\/10\/25-10-02_recorrida_0001.jpg","type":"image\/jpeg"}],"author":"Sebastian","twitter_card":"summary_large_image","twitter_creator":"@InformeLitoral","twitter_site":"@InformeLitoral","twitter_misc":{"Escrito por":"Sebastian","Tiempo de lectura":"3 minutos"},"schema":{"@context":"https:\/\/schema.org","@graph":[{"@type":"Article","@id":"https:\/\/informelitoral.com.ar\/vialidad-intensifica-obras-viales-estrategicas-en-diamante\/#article","isPartOf":{"@id":"https:\/\/informelitoral.com.ar\/vialidad-intensifica-obras-viales-estrategicas-en-diamante\/"},"author":{"name":"Sebastian","@id":"https:\/\/informelitoral.com.ar\/#\/schema\/person\/f05f9f461677119578717524b127d6d5"},"headline":"Vialidad intensifica obras viales estrat\u00e9gicas en Diamante","datePublished":"2025-10-03T14:23:47+00:00","dateModified":"2025-10-03T14:51:37+00:00","mainEntityOfPage":{"@id":"https:\/\/informelitoral.com.ar\/vialidad-intensifica-obras-viales-estrategicas-en-diamante\/"},"wordCount":465,"commentCount":0,"publisher":{"@id":"https:\/\/informelitoral.com.ar\/#organization"},"image":{"@id":"https:\/\/informelitoral.com.ar\/vialidad-intensifica-obras-viales-estrategicas-en-diamante\/#primaryimage"},"thumbnailUrl":"https:\/\/informelitoral.com.ar\/%77%70%2d%63%6f%6e%74%65%6e%74\/uploads\/2025\/10\/25-10-02_recorrida_0001.jpg","keywords":["Departamento Diamante","Obras viales","Ruta 11"],"articleSection":["Departamento Diamante"],"inLanguage":"es","potentialAction":[{"@type":"CommentAction","name":"Comment","target":["https:\/\/informelitoral.com.ar\/vialidad-intensifica-obras-viales-estrategicas-en-diamante\/#respond"]}]},{"@type":"WebPage","@id":"https:\/\/informelitoral.com.ar\/vialidad-intensifica-obras-viales-estrategicas-en-diamante\/","url":"https:\/\/informelitoral.com.ar\/vialidad-intensifica-obras-viales-estrategicas-en-diamante\/","name":"Vialidad intensifica obras viales estrat\u00e9gicas en Diamante - Informe Litoral","isPartOf":{"@id":"https:\/\/informelitoral.com.ar\/#website"},"primaryImageOfPage":{"@id":"https:\/\/informelitoral.com.ar\/vialidad-intensifica-obras-viales-estrategicas-en-diamante\/#primaryimage"},"image":{"@id":"https:\/\/informelitoral.com.ar\/vialidad-intensifica-obras-viales-estrategicas-en-diamante\/#primaryimage"},"thumbnailUrl":"https:\/\/informelitoral.com.ar\/%77%70%2d%63%6f%6e%74%65%6e%74\/uploads\/2025\/10\/25-10-02_recorrida_0001.jpg","datePublished":"2025-10-03T14:23:47+00:00","dateModified":"2025-10-03T14:51:37+00:00","breadcrumb":{"@id":"https:\/\/informelitoral.com.ar\/vialidad-intensifica-obras-viales-estrategicas-en-diamante\/#breadcrumb"},"inLanguage":"es","potentialAction":[{"@type":"ReadAction","target":["https:\/\/informelitoral.com.ar\/vialidad-intensifica-obras-viales-estrategicas-en-diamante\/"]}]},{"@type":"ImageObject","inLanguage":"es","@id":"https:\/\/informelitoral.com.ar\/vialidad-intensifica-obras-viales-estrategicas-en-diamante\/#primaryimage","url":"https:\/\/informelitoral.com.ar\/%77%70%2d%63%6f%6e%74%65%6e%74\/uploads\/2025\/10\/25-10-02_recorrida_0001.jpg","contentUrl":"https:\/\/informelitoral.com.ar\/%77%70%2d%63%6f%6e%74%65%6e%74\/uploads\/2025\/10\/25-10-02_recorrida_0001.jpg","width":1920,"height":1280},{"@type":"BreadcrumbList","@id":"https:\/\/informelitoral.com.ar\/vialidad-intensifica-obras-viales-estrategicas-en-diamante\/#breadcrumb","itemListElement":[{"@type":"ListItem","position":1,"name":"Portada","item":"https:\/\/informelitoral.com.ar\/"},{"@type":"ListItem","position":2,"name":"Vialidad intensifica obras viales estrat\u00e9gicas en Diamante"}]},{"@type":"WebSite","@id":"https:\/\/informelitoral.com.ar\/#website","url":"https:\/\/informelitoral.com.ar\/","name":"Informe Litoral","description":"&quot;Nos informamos&quot; ","publisher":{"@id":"https:\/\/informelitoral.com.ar\/#organization"},"potentialAction":[{"@type":"SearchAction","target":{"@type":"EntryPoint","urlTemplate":"https:\/\/informelitoral.com.ar\/?s={search_term_string}"},"query-input":{"@type":"PropertyValueSpecification","valueRequired":true,"valueName":"search_term_string"}}],"inLanguage":"es"},{"@type":"Organization","@id":"https:\/\/informelitoral.com.ar\/#organization","name":"Informe Litoral","url":"https:\/\/informelitoral.com.ar\/","logo":{"@type":"ImageObject","inLanguage":"es","@id":"https:\/\/informelitoral.com.ar\/#\/schema\/logo\/image\/","url":"https:\/\/informelitoral.com.ar\/%77%70%2d%63%6f%6e%74%65%6e%74\/uploads\/2021\/01\/circulo.png","contentUrl":"https:\/\/informelitoral.com.ar\/%77%70%2d%63%6f%6e%74%65%6e%74\/uploads\/2021\/01\/circulo.png","width":723,"height":731,"caption":"Informe Litoral"},"image":{"@id":"https:\/\/informelitoral.com.ar\/#\/schema\/logo\/image\/"},"sameAs":["https:\/\/www.facebook.com\/informelitoral\/","https:\/\/x.com\/InformeLitoral","https:\/\/www.instagram.com\/informelitoral\/","https:\/\/www.youtube.com\/channel\/UCua4Qvz8Icb6MYqhoq9xLXw"]},{"@type":"Person","@id":"https:\/\/informelitoral.com.ar\/#\/schema\/person\/f05f9f461677119578717524b127d6d5","name":"Sebastian","image":{"@type":"ImageObject","inLanguage":"es","@id":"https:\/\/secure.gravatar.com\/avatar\/b71bf7481d447dfb9583c7f2798e7cc64de6efb9067b74633ed8c31059a3bd82?s=96&d=mm&r=g","url":"https:\/\/secure.gravatar.com\/avatar\/b71bf7481d447dfb9583c7f2798e7cc64de6efb9067b74633ed8c31059a3bd82?s=96&d=mm&r=g","contentUrl":"https:\/\/secure.gravatar.com\/avatar\/b71bf7481d447dfb9583c7f2798e7cc64de6efb9067b74633ed8c31059a3bd82?s=96&d=mm&r=g","caption":"Sebastian"},"url":"https:\/\/informelitoral.com.ar\/author\/sebastian\/"}]}},"_links":{"self":[{"href":"https:\/\/informelitoral.com.ar\/%77%70%2d%6a%73%6f%6e\/wp\/v2\/posts\/236005","targetHints":{"allow":["GET"]}}],"collection":[{"href":"https:\/\/informelitoral.com.ar\/%77%70%2d%6a%73%6f%6e\/wp\/v2\/posts"}],"about":[{"href":"https:\/\/informelitoral.com.ar\/%77%70%2d%6a%73%6f%6e\/wp\/v2\/types\/post"}],"author":[{"embeddable":true,"href":"https:\/\/informelitoral.com.ar\/%77%70%2d%6a%73%6f%6e\/wp\/v2\/users\/8"}],"replies":[{"embeddable":true,"href":"https:\/\/informelitoral.com.ar\/%77%70%2d%6a%73%6f%6e\/wp\/v2\/comments?post=236005"}],"version-history":[{"count":1,"href":"https:\/\/informelitoral.com.ar\/%77%70%2d%6a%73%6f%6e\/wp\/v2\/posts\/236005\/revisions"}],"predecessor-version":[{"id":236007,"href":"https:\/\/informelitoral.com.ar\/%77%70%2d%6a%73%6f%6e\/wp\/v2\/posts\/236005\/revisions\/236007"}],"wp:featuredmedia":[{"embeddable":true,"href":"https:\/\/informelitoral.com.ar\/%77%70%2d%6a%73%6f%6e\/wp\/v2\/media\/236006"}],"wp:attachment":[{"href":"https:\/\/informelitoral.com.ar\/%77%70%2d%6a%73%6f%6e\/wp\/v2\/media?parent=236005"}],"wp:term":[{"taxonomy":"category","embeddable":true,"href":"https:\/\/informelitoral.com.ar\/%77%70%2d%6a%73%6f%6e\/wp\/v2\/categories?post=236005"},{"taxonomy":"post_tag","embeddable":true,"href":"https:\/\/informelitoral.com.ar\/%77%70%2d%6a%73%6f%6e\/wp\/v2\/tags?post=236005"}],"curies":[{"name":"wp","href":"https:\/\/api.w.org\/{rel}","templated":true}]}}