{"id":23600,"date":"2017-11-01T07:33:29","date_gmt":"2017-11-01T10:33:29","guid":{"rendered":"http:\/\/www.isletasnoticias.com.ar\/?p=23600"},"modified":"2017-11-01T07:33:29","modified_gmt":"2017-11-01T10:33:29","slug":"etchevehere-es-el-nuevo-ministro-de-agroindustria","status":"publish","type":"post","link":"https:\/\/informelitoral.com.ar\/etchevehere-es-el-nuevo-ministro-de-agroindustria\/","title":{"rendered":"Etchevehere es el nuevo ministro de Agroindustria"},"content":{"rendered":"<div class=\"post-right\">\n<p class=\"post-excerpt\"><strong><em>Luis Etchevehere<\/em> fue nombrado este martes como nuevo ministro de Agroindustria. El paranaense, hasta el momento titular de la Sociedad Rural Argentina, ocupar\u00e1 el puesto que ostentaba <em>Ricardo Buryaile.<a href=\"http:\/\/www.isletasnoticias.com.ar\/%77%70%2d%63%6f%6e%74%65%6e%74\/uploads\/2017\/11\/LUIS-ETCHEVEHERE.jpg\"><img loading=\"lazy\" decoding=\"async\" class=\"aligncenter wp-image-23601 size-full\" src=\"http:\/\/www.isletasnoticias.com.ar\/%77%70%2d%63%6f%6e%74%65%6e%74\/uploads\/2017\/11\/LUIS-ETCHEVEHERE.jpg\" alt=\"\" width=\"948\" height=\"533\" srcset=\"https:\/\/informelitoral.com.ar\/%77%70%2d%63%6f%6e%74%65%6e%74\/uploads\/2017\/11\/LUIS-ETCHEVEHERE.jpg 948w, https:\/\/informelitoral.com.ar\/%77%70%2d%63%6f%6e%74%65%6e%74\/uploads\/2017\/11\/LUIS-ETCHEVEHERE-300x169.jpg 300w, https:\/\/informelitoral.com.ar\/%77%70%2d%63%6f%6e%74%65%6e%74\/uploads\/2017\/11\/LUIS-ETCHEVEHERE-768x432.jpg 768w\" sizes=\"auto, (max-width: 948px) 100vw, 948px\" \/><\/a><\/em><\/strong><\/p>\n<\/div>\n<div class=\"post-body-inner\">\n<p>En una conferencia de prensa que tuvo lugar el martes al mediod\u00eda, el\u00a0<strong>jefe de Gabinete Marcos Pe\u00f1a<\/strong>\u00a0hizo el anuncio de un\u00a0<strong>cambio en el Ministerio de Agroindustria<\/strong>. Ricardo\u00a0<strong>Buryaile ya no ser\u00e1 m\u00e1s el encargado de este sector<\/strong>, sino que\u00a0<strong>el mando corresponder\u00e1 al paranaense Luis Miguel Etchevehere<\/strong>.<\/p>\n<p>El\u00a0<strong>hasta ayer titular de la Sociedad Rural Argentina<\/strong>\u00a0deber\u00e1 reemplazar al ex ministro, que\u00a0<strong>ser\u00e1 embajador ante la Uni\u00f3n Europea<\/strong>, tarea encomendada por el Ejecutivo. \u201cEs una tarea muy importante para nosotros en esta etapa de negociaci\u00f3n con el Mercosur\u201d, manifest\u00f3 Pe\u00f1a que indic\u00f3 que uno de los temas m\u00e1s sensibles a tratar es el agropecuario. \u201cHa sido un excelente ministro\u201d, defini\u00f3.<\/p>\n<p>Esta salida se produce\u00a0<strong>justo despu\u00e9s de la del ministro de Salud, Jorge Lemus<\/strong>, que\u00a0ser\u00e1 reemplazado por Adolfo Rubinstein, que se desempe\u00f1\u00f3 como su viceministro. Lemus, por su parte,\u00a0<strong>permanecer\u00e1 como asesor del Ejecutivo<\/strong>, con el que trabaja desde su \u00e9poca gobernando la Ciudad Aut\u00f3noma de Buenos Aires.<\/p>\n<p>Todo esto ocurre\u00a0<strong>luego del acto eleccionario desarrollado el 22 de octubre<\/strong>, ocasi\u00f3n en la que el jefe de Gabinete hab\u00eda indicado que no habr\u00eda modificaciones en el plantel de ministros. Ante esta situaci\u00f3n y la consulta sobre si habr\u00e1 m\u00e1s cambios, Pe\u00f1a coment\u00f3 que en t\u00e9rminos de modificaci\u00f3n de estructura podr\u00edan aparecer algunas iniciativas que est\u00e1n trabajando y que ser\u00e1n comunicadas por \u00e9l y el ministro de Modernizaci\u00f3n, Andr\u00e9s Ibarra.<\/p>\n<p>Para finalizar, el jefe de gabinete expres\u00f3:\u00a0\u201cSon buenos para todos estos desaf\u00edos de reformismo y que en algunos casos se pueda ir renovando el equipo y la energ\u00eda de la gesti\u00f3n. Lemus y Buryaile son dos excelentes personas que han cumplido una gran tarea, y en un equipo puede haber cambios de funciones y de roles\u201d, reprodujo<em> Infobae.<\/em><\/p>\n<\/div>\n","protected":false},"excerpt":{"rendered":"<p>Luis Etchevehere fue nombrado este martes como nuevo ministro de Agroindustria. El paranaense, hasta el momento titular de la Sociedad Rural Argentina, ocupar&aacute; el puesto que ostentaba Ricardo Buryaile. En una conferencia de prensa que tuvo lugar el martes al mediod&iacute;a, el&nbsp;jefe de Gabinete Marcos Pe&ntilde;a&nbsp;hizo el anuncio de un&nbsp;cambio en el Ministerio de Agroindustria. [&hellip;]<\/p>\n","protected":false},"author":2,"featured_media":0,"comment_status":"open","ping_status":"open","sticky":false,"template":"","format":"standard","meta":{"fifu_image_url":"","fifu_image_alt":"","footnotes":""},"categories":[10,7,16],"tags":[],"class_list":{"0":"post-23600","1":"post","2":"type-post","3":"status-publish","4":"format-standard","6":"category-campo","7":"category-nacionales","8":"category-politi"},"yoast_head":"<title>Etchevehere es el nuevo ministro de Agroindustria - Informe Litoral<\/title>\n<meta name=\"robots\" content=\"index, follow, max-snippet:-1, max-image-preview:large, max-video-preview:-1\" \/>\n<link rel=\"canonical\" href=\"https:\/\/informelitoral.com.ar\/etchevehere-es-el-nuevo-ministro-de-agroindustria\/\" \/>\n<meta property=\"og:locale\" content=\"es_ES\" \/>\n<meta property=\"og:type\" content=\"article\" \/>\n<meta property=\"og:title\" content=\"Etchevehere es el nuevo ministro de Agroindustria - Informe Litoral\" \/>\n<meta property=\"og:description\" content=\"Luis Etchevehere fue nombrado este martes como nuevo ministro de Agroindustria. El paranaense, hasta el momento titular de la Sociedad Rural Argentina, ocupar&aacute; el puesto que ostentaba Ricardo Buryaile. En una conferencia de prensa que tuvo lugar el martes al mediod&iacute;a, el&nbsp;jefe de Gabinete Marcos Pe&ntilde;a&nbsp;hizo el anuncio de un&nbsp;cambio en el Ministerio de Agroindustria. [&hellip;]\" \/>\n<meta property=\"og:url\" content=\"https:\/\/informelitoral.com.ar\/etchevehere-es-el-nuevo-ministro-de-agroindustria\/\" \/>\n<meta property=\"og:site_name\" content=\"Informe Litoral\" \/>\n<meta property=\"article:publisher\" content=\"https:\/\/www.facebook.com\/informelitoral\/\" \/>\n<meta property=\"article:published_time\" content=\"2017-11-01T10:33:29+00:00\" \/>\n<meta property=\"og:image\" content=\"https:\/\/informelitoral.com.ar\/%77%70%2d%63%6f%6e%74%65%6e%74\/uploads\/2017\/11\/LUIS-ETCHEVEHERE.jpg\" \/>\n\t<meta property=\"og:image:width\" content=\"948\" \/>\n\t<meta property=\"og:image:height\" content=\"533\" \/>\n\t<meta property=\"og:image:type\" content=\"image\/jpeg\" \/>\n<meta name=\"author\" content=\"Gonzalo Schmidt\" \/>\n<meta name=\"twitter:card\" content=\"summary_large_image\" \/>\n<meta name=\"twitter:creator\" content=\"@InformeLitoral\" \/>\n<meta name=\"twitter:site\" content=\"@InformeLitoral\" \/>\n<meta name=\"twitter:label1\" content=\"Escrito por\" \/>\n\t<meta name=\"twitter:data1\" content=\"Gonzalo Schmidt\" \/>\n\t<meta name=\"twitter:label2\" content=\"Tiempo de lectura\" \/>\n\t<meta name=\"twitter:data2\" content=\"2 minutos\" \/>\n<script type=\"application\/ld+json\" class=\"yoast-schema-graph\">{\"@context\":\"https:\\\/\\\/schema.org\",\"@graph\":[{\"@type\":\"Article\",\"@id\":\"https:\\\/\\\/informelitoral.com.ar\\\/etchevehere-es-el-nuevo-ministro-de-agroindustria\\\/#article\",\"isPartOf\":{\"@id\":\"https:\\\/\\\/informelitoral.com.ar\\\/etchevehere-es-el-nuevo-ministro-de-agroindustria\\\/\"},\"author\":{\"name\":\"Gonzalo Schmidt\",\"@id\":\"https:\\\/\\\/informelitoral.com.ar\\\/#\\\/schema\\\/person\\\/b9d00407c836482871ef1d57bf8e3180\"},\"headline\":\"Etchevehere es el nuevo ministro de Agroindustria\",\"datePublished\":\"2017-11-01T10:33:29+00:00\",\"mainEntityOfPage\":{\"@id\":\"https:\\\/\\\/informelitoral.com.ar\\\/etchevehere-es-el-nuevo-ministro-de-agroindustria\\\/\"},\"wordCount\":352,\"commentCount\":0,\"publisher\":{\"@id\":\"https:\\\/\\\/informelitoral.com.ar\\\/#organization\"},\"image\":{\"@id\":\"https:\\\/\\\/informelitoral.com.ar\\\/etchevehere-es-el-nuevo-ministro-de-agroindustria\\\/#primaryimage\"},\"thumbnailUrl\":\"http:\\\/\\\/www.isletasnoticias.com.ar\\\/%77%70%2d%63%6f%6e%74%65%6e%74\\\/uploads\\\/2017\\\/11\\\/LUIS-ETCHEVEHERE.jpg\",\"articleSection\":[\"Campo\",\"Nacionales\",\"Politica\"],\"inLanguage\":\"es\",\"potentialAction\":[{\"@type\":\"CommentAction\",\"name\":\"Comment\",\"target\":[\"https:\\\/\\\/informelitoral.com.ar\\\/etchevehere-es-el-nuevo-ministro-de-agroindustria\\\/#respond\"]}]},{\"@type\":\"WebPage\",\"@id\":\"https:\\\/\\\/informelitoral.com.ar\\\/etchevehere-es-el-nuevo-ministro-de-agroindustria\\\/\",\"url\":\"https:\\\/\\\/informelitoral.com.ar\\\/etchevehere-es-el-nuevo-ministro-de-agroindustria\\\/\",\"name\":\"Etchevehere es el nuevo ministro de Agroindustria - Informe Litoral\",\"isPartOf\":{\"@id\":\"https:\\\/\\\/informelitoral.com.ar\\\/#website\"},\"primaryImageOfPage\":{\"@id\":\"https:\\\/\\\/informelitoral.com.ar\\\/etchevehere-es-el-nuevo-ministro-de-agroindustria\\\/#primaryimage\"},\"image\":{\"@id\":\"https:\\\/\\\/informelitoral.com.ar\\\/etchevehere-es-el-nuevo-ministro-de-agroindustria\\\/#primaryimage\"},\"thumbnailUrl\":\"http:\\\/\\\/www.isletasnoticias.com.ar\\\/%77%70%2d%63%6f%6e%74%65%6e%74\\\/uploads\\\/2017\\\/11\\\/LUIS-ETCHEVEHERE.jpg\",\"datePublished\":\"2017-11-01T10:33:29+00:00\",\"breadcrumb\":{\"@id\":\"https:\\\/\\\/informelitoral.com.ar\\\/etchevehere-es-el-nuevo-ministro-de-agroindustria\\\/#breadcrumb\"},\"inLanguage\":\"es\",\"potentialAction\":[{\"@type\":\"ReadAction\",\"target\":[\"https:\\\/\\\/informelitoral.com.ar\\\/etchevehere-es-el-nuevo-ministro-de-agroindustria\\\/\"]}]},{\"@type\":\"ImageObject\",\"inLanguage\":\"es\",\"@id\":\"https:\\\/\\\/informelitoral.com.ar\\\/etchevehere-es-el-nuevo-ministro-de-agroindustria\\\/#primaryimage\",\"url\":\"http:\\\/\\\/www.isletasnoticias.com.ar\\\/%77%70%2d%63%6f%6e%74%65%6e%74\\\/uploads\\\/2017\\\/11\\\/LUIS-ETCHEVEHERE.jpg\",\"contentUrl\":\"http:\\\/\\\/www.isletasnoticias.com.ar\\\/%77%70%2d%63%6f%6e%74%65%6e%74\\\/uploads\\\/2017\\\/11\\\/LUIS-ETCHEVEHERE.jpg\"},{\"@type\":\"BreadcrumbList\",\"@id\":\"https:\\\/\\\/informelitoral.com.ar\\\/etchevehere-es-el-nuevo-ministro-de-agroindustria\\\/#breadcrumb\",\"itemListElement\":[{\"@type\":\"ListItem\",\"position\":1,\"name\":\"Portada\",\"item\":\"https:\\\/\\\/informelitoral.com.ar\\\/\"},{\"@type\":\"ListItem\",\"position\":2,\"name\":\"Etchevehere es el nuevo ministro de Agroindustria\"}]},{\"@type\":\"WebSite\",\"@id\":\"https:\\\/\\\/informelitoral.com.ar\\\/#website\",\"url\":\"https:\\\/\\\/informelitoral.com.ar\\\/\",\"name\":\"Informe Litoral\",\"description\":\"&quot;Nos informamos&quot; \",\"publisher\":{\"@id\":\"https:\\\/\\\/informelitoral.com.ar\\\/#organization\"},\"potentialAction\":[{\"@type\":\"SearchAction\",\"target\":{\"@type\":\"EntryPoint\",\"urlTemplate\":\"https:\\\/\\\/informelitoral.com.ar\\\/?s={search_term_string}\"},\"query-input\":{\"@type\":\"PropertyValueSpecification\",\"valueRequired\":true,\"valueName\":\"search_term_string\"}}],\"inLanguage\":\"es\"},{\"@type\":\"Organization\",\"@id\":\"https:\\\/\\\/informelitoral.com.ar\\\/#organization\",\"name\":\"Informe Litoral\",\"url\":\"https:\\\/\\\/informelitoral.com.ar\\\/\",\"logo\":{\"@type\":\"ImageObject\",\"inLanguage\":\"es\",\"@id\":\"https:\\\/\\\/informelitoral.com.ar\\\/#\\\/schema\\\/logo\\\/image\\\/\",\"url\":\"https:\\\/\\\/informelitoral.com.ar\\\/%77%70%2d%63%6f%6e%74%65%6e%74\\\/uploads\\\/2021\\\/01\\\/circulo.png\",\"contentUrl\":\"https:\\\/\\\/informelitoral.com.ar\\\/%77%70%2d%63%6f%6e%74%65%6e%74\\\/uploads\\\/2021\\\/01\\\/circulo.png\",\"width\":723,\"height\":731,\"caption\":\"Informe Litoral\"},\"image\":{\"@id\":\"https:\\\/\\\/informelitoral.com.ar\\\/#\\\/schema\\\/logo\\\/image\\\/\"},\"sameAs\":[\"https:\\\/\\\/www.facebook.com\\\/informelitoral\\\/\",\"https:\\\/\\\/x.com\\\/InformeLitoral\",\"https:\\\/\\\/www.instagram.com\\\/informelitoral\\\/\",\"https:\\\/\\\/www.youtube.com\\\/channel\\\/UCua4Qvz8Icb6MYqhoq9xLXw\"]},{\"@type\":\"Person\",\"@id\":\"https:\\\/\\\/informelitoral.com.ar\\\/#\\\/schema\\\/person\\\/b9d00407c836482871ef1d57bf8e3180\",\"name\":\"Gonzalo Schmidt\",\"image\":{\"@type\":\"ImageObject\",\"inLanguage\":\"es\",\"@id\":\"https:\\\/\\\/secure.gravatar.com\\\/avatar\\\/31a1a7b66ff2de83bd0e9fd79d026630d2d99e55e8bfe501287647b4fd9743de?s=96&d=mm&r=g\",\"url\":\"https:\\\/\\\/secure.gravatar.com\\\/avatar\\\/31a1a7b66ff2de83bd0e9fd79d026630d2d99e55e8bfe501287647b4fd9743de?s=96&d=mm&r=g\",\"contentUrl\":\"https:\\\/\\\/secure.gravatar.com\\\/avatar\\\/31a1a7b66ff2de83bd0e9fd79d026630d2d99e55e8bfe501287647b4fd9743de?s=96&d=mm&r=g\",\"caption\":\"Gonzalo Schmidt\"},\"description\":\"Sitio web de noticias de la provincia de Entre R\u00edos, Argentina. Informaci\u00f3n y entretenimiento. Informe Litoral, nos informamos.\",\"sameAs\":[\"http:\\\/\\\/www.isletasnoticias.com.ar\"],\"url\":\"https:\\\/\\\/informelitoral.com.ar\\\/author\\\/gonzalo\\\/\"}]}<\/script>","yoast_head_json":{"title":"Etchevehere es el nuevo ministro de Agroindustria - Informe Litoral","robots":{"index":"index","follow":"follow","max-snippet":"max-snippet:-1","max-image-preview":"max-image-preview:large","max-video-preview":"max-video-preview:-1"},"canonical":"https:\/\/informelitoral.com.ar\/etchevehere-es-el-nuevo-ministro-de-agroindustria\/","og_locale":"es_ES","og_type":"article","og_title":"Etchevehere es el nuevo ministro de Agroindustria - Informe Litoral","og_description":"Luis Etchevehere fue nombrado este martes como nuevo ministro de Agroindustria. El paranaense, hasta el momento titular de la Sociedad Rural Argentina, ocupar&aacute; el puesto que ostentaba Ricardo Buryaile. En una conferencia de prensa que tuvo lugar el martes al mediod&iacute;a, el&nbsp;jefe de Gabinete Marcos Pe&ntilde;a&nbsp;hizo el anuncio de un&nbsp;cambio en el Ministerio de Agroindustria. [&hellip;]","og_url":"https:\/\/informelitoral.com.ar\/etchevehere-es-el-nuevo-ministro-de-agroindustria\/","og_site_name":"Informe Litoral","article_publisher":"https:\/\/www.facebook.com\/informelitoral\/","article_published_time":"2017-11-01T10:33:29+00:00","og_image":[{"width":948,"height":533,"url":"https:\/\/informelitoral.com.ar\/%77%70%2d%63%6f%6e%74%65%6e%74\/uploads\/2017\/11\/LUIS-ETCHEVEHERE.jpg","type":"image\/jpeg"}],"author":"Gonzalo Schmidt","twitter_card":"summary_large_image","twitter_creator":"@InformeLitoral","twitter_site":"@InformeLitoral","twitter_misc":{"Escrito por":"Gonzalo Schmidt","Tiempo de lectura":"2 minutos"},"schema":{"@context":"https:\/\/schema.org","@graph":[{"@type":"Article","@id":"https:\/\/informelitoral.com.ar\/etchevehere-es-el-nuevo-ministro-de-agroindustria\/#article","isPartOf":{"@id":"https:\/\/informelitoral.com.ar\/etchevehere-es-el-nuevo-ministro-de-agroindustria\/"},"author":{"name":"Gonzalo Schmidt","@id":"https:\/\/informelitoral.com.ar\/#\/schema\/person\/b9d00407c836482871ef1d57bf8e3180"},"headline":"Etchevehere es el nuevo ministro de Agroindustria","datePublished":"2017-11-01T10:33:29+00:00","mainEntityOfPage":{"@id":"https:\/\/informelitoral.com.ar\/etchevehere-es-el-nuevo-ministro-de-agroindustria\/"},"wordCount":352,"commentCount":0,"publisher":{"@id":"https:\/\/informelitoral.com.ar\/#organization"},"image":{"@id":"https:\/\/informelitoral.com.ar\/etchevehere-es-el-nuevo-ministro-de-agroindustria\/#primaryimage"},"thumbnailUrl":"http:\/\/www.isletasnoticias.com.ar\/%77%70%2d%63%6f%6e%74%65%6e%74\/uploads\/2017\/11\/LUIS-ETCHEVEHERE.jpg","articleSection":["Campo","Nacionales","Politica"],"inLanguage":"es","potentialAction":[{"@type":"CommentAction","name":"Comment","target":["https:\/\/informelitoral.com.ar\/etchevehere-es-el-nuevo-ministro-de-agroindustria\/#respond"]}]},{"@type":"WebPage","@id":"https:\/\/informelitoral.com.ar\/etchevehere-es-el-nuevo-ministro-de-agroindustria\/","url":"https:\/\/informelitoral.com.ar\/etchevehere-es-el-nuevo-ministro-de-agroindustria\/","name":"Etchevehere es el nuevo ministro de Agroindustria - Informe Litoral","isPartOf":{"@id":"https:\/\/informelitoral.com.ar\/#website"},"primaryImageOfPage":{"@id":"https:\/\/informelitoral.com.ar\/etchevehere-es-el-nuevo-ministro-de-agroindustria\/#primaryimage"},"image":{"@id":"https:\/\/informelitoral.com.ar\/etchevehere-es-el-nuevo-ministro-de-agroindustria\/#primaryimage"},"thumbnailUrl":"http:\/\/www.isletasnoticias.com.ar\/%77%70%2d%63%6f%6e%74%65%6e%74\/uploads\/2017\/11\/LUIS-ETCHEVEHERE.jpg","datePublished":"2017-11-01T10:33:29+00:00","breadcrumb":{"@id":"https:\/\/informelitoral.com.ar\/etchevehere-es-el-nuevo-ministro-de-agroindustria\/#breadcrumb"},"inLanguage":"es","potentialAction":[{"@type":"ReadAction","target":["https:\/\/informelitoral.com.ar\/etchevehere-es-el-nuevo-ministro-de-agroindustria\/"]}]},{"@type":"ImageObject","inLanguage":"es","@id":"https:\/\/informelitoral.com.ar\/etchevehere-es-el-nuevo-ministro-de-agroindustria\/#primaryimage","url":"http:\/\/www.isletasnoticias.com.ar\/%77%70%2d%63%6f%6e%74%65%6e%74\/uploads\/2017\/11\/LUIS-ETCHEVEHERE.jpg","contentUrl":"http:\/\/www.isletasnoticias.com.ar\/%77%70%2d%63%6f%6e%74%65%6e%74\/uploads\/2017\/11\/LUIS-ETCHEVEHERE.jpg"},{"@type":"BreadcrumbList","@id":"https:\/\/informelitoral.com.ar\/etchevehere-es-el-nuevo-ministro-de-agroindustria\/#breadcrumb","itemListElement":[{"@type":"ListItem","position":1,"name":"Portada","item":"https:\/\/informelitoral.com.ar\/"},{"@type":"ListItem","position":2,"name":"Etchevehere es el nuevo ministro de Agroindustria"}]},{"@type":"WebSite","@id":"https:\/\/informelitoral.com.ar\/#website","url":"https:\/\/informelitoral.com.ar\/","name":"Informe Litoral","description":"&quot;Nos informamos&quot; ","publisher":{"@id":"https:\/\/informelitoral.com.ar\/#organization"},"potentialAction":[{"@type":"SearchAction","target":{"@type":"EntryPoint","urlTemplate":"https:\/\/informelitoral.com.ar\/?s={search_term_string}"},"query-input":{"@type":"PropertyValueSpecification","valueRequired":true,"valueName":"search_term_string"}}],"inLanguage":"es"},{"@type":"Organization","@id":"https:\/\/informelitoral.com.ar\/#organization","name":"Informe Litoral","url":"https:\/\/informelitoral.com.ar\/","logo":{"@type":"ImageObject","inLanguage":"es","@id":"https:\/\/informelitoral.com.ar\/#\/schema\/logo\/image\/","url":"https:\/\/informelitoral.com.ar\/%77%70%2d%63%6f%6e%74%65%6e%74\/uploads\/2021\/01\/circulo.png","contentUrl":"https:\/\/informelitoral.com.ar\/%77%70%2d%63%6f%6e%74%65%6e%74\/uploads\/2021\/01\/circulo.png","width":723,"height":731,"caption":"Informe Litoral"},"image":{"@id":"https:\/\/informelitoral.com.ar\/#\/schema\/logo\/image\/"},"sameAs":["https:\/\/www.facebook.com\/informelitoral\/","https:\/\/x.com\/InformeLitoral","https:\/\/www.instagram.com\/informelitoral\/","https:\/\/www.youtube.com\/channel\/UCua4Qvz8Icb6MYqhoq9xLXw"]},{"@type":"Person","@id":"https:\/\/informelitoral.com.ar\/#\/schema\/person\/b9d00407c836482871ef1d57bf8e3180","name":"Gonzalo Schmidt","image":{"@type":"ImageObject","inLanguage":"es","@id":"https:\/\/secure.gravatar.com\/avatar\/31a1a7b66ff2de83bd0e9fd79d026630d2d99e55e8bfe501287647b4fd9743de?s=96&d=mm&r=g","url":"https:\/\/secure.gravatar.com\/avatar\/31a1a7b66ff2de83bd0e9fd79d026630d2d99e55e8bfe501287647b4fd9743de?s=96&d=mm&r=g","contentUrl":"https:\/\/secure.gravatar.com\/avatar\/31a1a7b66ff2de83bd0e9fd79d026630d2d99e55e8bfe501287647b4fd9743de?s=96&d=mm&r=g","caption":"Gonzalo Schmidt"},"description":"Sitio web de noticias de la provincia de Entre R\u00edos, Argentina. Informaci\u00f3n y entretenimiento. Informe Litoral, nos informamos.","sameAs":["http:\/\/www.isletasnoticias.com.ar"],"url":"https:\/\/informelitoral.com.ar\/author\/gonzalo\/"}]}},"_links":{"self":[{"href":"https:\/\/informelitoral.com.ar\/%77%70%2d%6a%73%6f%6e\/wp\/v2\/posts\/23600","targetHints":{"allow":["GET"]}}],"collection":[{"href":"https:\/\/informelitoral.com.ar\/%77%70%2d%6a%73%6f%6e\/wp\/v2\/posts"}],"about":[{"href":"https:\/\/informelitoral.com.ar\/%77%70%2d%6a%73%6f%6e\/wp\/v2\/types\/post"}],"author":[{"embeddable":true,"href":"https:\/\/informelitoral.com.ar\/%77%70%2d%6a%73%6f%6e\/wp\/v2\/users\/2"}],"replies":[{"embeddable":true,"href":"https:\/\/informelitoral.com.ar\/%77%70%2d%6a%73%6f%6e\/wp\/v2\/comments?post=23600"}],"version-history":[{"count":0,"href":"https:\/\/informelitoral.com.ar\/%77%70%2d%6a%73%6f%6e\/wp\/v2\/posts\/23600\/revisions"}],"wp:attachment":[{"href":"https:\/\/informelitoral.com.ar\/%77%70%2d%6a%73%6f%6e\/wp\/v2\/media?parent=23600"}],"wp:term":[{"taxonomy":"category","embeddable":true,"href":"https:\/\/informelitoral.com.ar\/%77%70%2d%6a%73%6f%6e\/wp\/v2\/categories?post=23600"},{"taxonomy":"post_tag","embeddable":true,"href":"https:\/\/informelitoral.com.ar\/%77%70%2d%6a%73%6f%6e\/wp\/v2\/tags?post=23600"}],"curies":[{"name":"wp","href":"https:\/\/api.w.org\/{rel}","templated":true}]}}