{"id":23596,"date":"2017-10-31T11:16:21","date_gmt":"2017-10-31T14:16:21","guid":{"rendered":"http:\/\/www.isletasnoticias.com.ar\/?p=23596"},"modified":"2017-11-01T17:35:29","modified_gmt":"2017-11-01T20:35:29","slug":"ramirez-la-ganadera-realizo-una-jornada-con-nuevo-asociados","status":"publish","type":"post","link":"https:\/\/informelitoral.com.ar\/ramirez-la-ganadera-realizo-una-jornada-con-nuevo-asociados\/","title":{"rendered":"Ram\u00edrez: La Ganadera realiz\u00f3 una jornada con nuevos asociados"},"content":{"rendered":"<p><strong>La cooperativa ramirense le dio la bienvenida a flamantes socios de\u00a0Crespo, Diamante, Galarza, Camps, Paran\u00e1 y Ram\u00edrez. Se realizaron capacitaciones e intercambios de experiencias.\u00a0<a href=\"http:\/\/www.isletasnoticias.com.ar\/%77%70%2d%63%6f%6e%74%65%6e%74\/uploads\/2016\/10\/La-Ganadera.jpg\"><img loading=\"lazy\" decoding=\"async\" class=\"aligncenter wp-image-18600 size-full\" src=\"http:\/\/www.isletasnoticias.com.ar\/%77%70%2d%63%6f%6e%74%65%6e%74\/uploads\/2016\/10\/La-Ganadera.jpg\" alt=\"\" width=\"640\" height=\"480\" srcset=\"https:\/\/informelitoral.com.ar\/%77%70%2d%63%6f%6e%74%65%6e%74\/uploads\/2016\/10\/La-Ganadera.jpg 640w, https:\/\/informelitoral.com.ar\/%77%70%2d%63%6f%6e%74%65%6e%74\/uploads\/2016\/10\/La-Ganadera-300x225.jpg 300w\" sizes=\"auto, (max-width: 640px) 100vw, 640px\" \/><\/a><\/strong><\/p>\n<p>En el quincho de la Feria Ram\u00edrez de Cooperativa La Ganadera, se realiz\u00f3 una nueva jornada anual con las personas que se asociaron durante el ejercicio anterior a la entidad. Los socios provenientes de Crespo, Diamante, Galarza, Camps, Paran\u00e1 y General Ram\u00edrez; fueron acompa\u00f1ados por el consejero Ger\u00f3nimo Gareis y los martilleros Hugo Brunner y Horacio Bauer.<\/p>\n<p>Despu\u00e9s de la introducci\u00f3n del Martillero P\u00fablico Hugo Brunner, se dieron a conocer los objetivos generales de la capacitaci\u00f3n: determinar las funciones del asociado y dirigente cooperativo, tarea que realiz\u00f3 el T\u00e9cnico en Cooperativismo Ra\u00fal Erhardt.<a href=\"http:\/\/www.isletasnoticias.com.ar\/%77%70%2d%63%6f%6e%74%65%6e%74\/uploads\/2017\/10\/P1020406.jpg\"><img loading=\"lazy\" decoding=\"async\" class=\"aligncenter wp-image-23597 size-large\" src=\"http:\/\/www.isletasnoticias.com.ar\/%77%70%2d%63%6f%6e%74%65%6e%74\/uploads\/2017\/10\/P1020406-1024x768.jpg\" alt=\"\" width=\"600\" height=\"450\" srcset=\"https:\/\/informelitoral.com.ar\/%77%70%2d%63%6f%6e%74%65%6e%74\/uploads\/2017\/10\/P1020406-1024x768.jpg 1024w, https:\/\/informelitoral.com.ar\/%77%70%2d%63%6f%6e%74%65%6e%74\/uploads\/2017\/10\/P1020406-300x225.jpg 300w, https:\/\/informelitoral.com.ar\/%77%70%2d%63%6f%6e%74%65%6e%74\/uploads\/2017\/10\/P1020406-768x576.jpg 768w\" sizes=\"auto, (max-width: 600px) 100vw, 600px\" \/><\/a><\/p>\n<p>Reconocida la evoluci\u00f3n en el tiempo del cooperativismo en el mundo y en Argentina, \u00abse consideraron los \u00f3rganos sociales en las entidades cooperativas, derechos, deberes y requisitos de los asociados, funciones deberes y atribuciones de los consejeros y s\u00edndicos, an\u00e1lisis de los componentes del Balance General y dem\u00e1s documentaci\u00f3n a considerar en Asambleas Ordinarias\u00bb, se indic\u00f3 en un comunicado enviado a <strong><em>IN.<\/em><\/strong><\/p>\n<p>Por otro lado \u00abse analizaron los distintos tipos de cooperativas, su distribuci\u00f3n geogr\u00e1fica, esquema federativo de las cooperativas agropecuarias, con especial menci\u00f3n de la primer cooperativa agropecuaria de segundo grado en el pais -Federaci\u00f3n Entrerriana de Cooperativas-\u00a0 cofundadora de CONINAGRO y FUCOFA\u00bb.<\/p>\n<p>Finalmente y despu\u00e9s de mencionar cualidades de dirigentes y lideres cooperativos se trabaj\u00f3 con normas de participaci\u00f3n en reuniones sumado a dos aspectos importantes: Comunicaci\u00f3n y la Negociaci\u00f3n.<\/p>\n<p>\u00abLos reunidos realizaron diversos aportes por su vinculaci\u00f3n a otras entidades e intercambiaron con sus pares sus experiencias individuales como agricultores y ganaderos de las distintas zonas de donde proven\u00edan, donde todos salieron fortalecidos por las relaciones establecidas en la jornada\u00bb, valoraron desde La Ganadera.<a href=\"http:\/\/www.isletasnoticias.com.ar\/%77%70%2d%63%6f%6e%74%65%6e%74\/uploads\/2017\/03\/slide-web-la-ganadera-marzo.jpg\"><img loading=\"lazy\" decoding=\"async\" class=\"size-medium wp-image-20862 aligncenter\" src=\"http:\/\/www.isletasnoticias.com.ar\/%77%70%2d%63%6f%6e%74%65%6e%74\/uploads\/2017\/03\/slide-web-la-ganadera-marzo-300x133.jpg\" alt=\"\" width=\"300\" height=\"133\" srcset=\"https:\/\/informelitoral.com.ar\/%77%70%2d%63%6f%6e%74%65%6e%74\/uploads\/2017\/03\/slide-web-la-ganadera-marzo-300x133.jpg 300w, https:\/\/informelitoral.com.ar\/%77%70%2d%63%6f%6e%74%65%6e%74\/uploads\/2017\/03\/slide-web-la-ganadera-marzo.jpg 664w\" sizes=\"auto, (max-width: 300px) 100vw, 300px\" \/><\/a><\/p>\n","protected":false},"excerpt":{"rendered":"<p>La cooperativa ramirense le dio la bienvenida a flamantes socios de&nbsp;Crespo, Diamante, Galarza, Camps, Paran&aacute; y Ram&iacute;rez. Se realizaron capacitaciones e intercambios de experiencias.&nbsp; En el quincho de la Feria Ram&iacute;rez de Cooperativa La Ganadera, se realiz&oacute; una nueva jornada anual con las personas que se asociaron durante el ejercicio anterior a la entidad. Los [&hellip;]<\/p>\n","protected":false},"author":2,"featured_media":0,"comment_status":"open","ping_status":"open","sticky":false,"template":"","format":"standard","meta":{"fifu_image_url":"","fifu_image_alt":"","footnotes":""},"categories":[10,5],"tags":[],"class_list":{"0":"post-23596","1":"post","2":"type-post","3":"status-publish","4":"format-standard","6":"category-campo","7":"category-zonales"},"yoast_head":"<title>Ram\u00edrez: La Ganadera realiz\u00f3 una jornada con nuevos asociados - Informe Litoral<\/title>\n<meta name=\"robots\" content=\"index, follow, max-snippet:-1, max-image-preview:large, max-video-preview:-1\" \/>\n<link rel=\"canonical\" href=\"https:\/\/informelitoral.com.ar\/ramirez-la-ganadera-realizo-una-jornada-con-nuevo-asociados\/\" \/>\n<meta property=\"og:locale\" content=\"es_ES\" \/>\n<meta property=\"og:type\" content=\"article\" \/>\n<meta property=\"og:title\" content=\"Ram\u00edrez: La Ganadera realiz\u00f3 una jornada con nuevos asociados - Informe Litoral\" \/>\n<meta property=\"og:description\" content=\"La cooperativa ramirense le dio la bienvenida a flamantes socios de&nbsp;Crespo, Diamante, Galarza, Camps, Paran&aacute; y Ram&iacute;rez. Se realizaron capacitaciones e intercambios de experiencias.&nbsp; En el quincho de la Feria Ram&iacute;rez de Cooperativa La Ganadera, se realiz&oacute; una nueva jornada anual con las personas que se asociaron durante el ejercicio anterior a la entidad. Los [&hellip;]\" \/>\n<meta property=\"og:url\" content=\"https:\/\/informelitoral.com.ar\/ramirez-la-ganadera-realizo-una-jornada-con-nuevo-asociados\/\" \/>\n<meta property=\"og:site_name\" content=\"Informe Litoral\" \/>\n<meta property=\"article:publisher\" content=\"https:\/\/www.facebook.com\/informelitoral\/\" \/>\n<meta property=\"article:published_time\" content=\"2017-10-31T14:16:21+00:00\" \/>\n<meta property=\"article:modified_time\" content=\"2017-11-01T20:35:29+00:00\" \/>\n<meta property=\"og:image\" content=\"https:\/\/informelitoral.com.ar\/%77%70%2d%63%6f%6e%74%65%6e%74\/uploads\/2016\/10\/La-Ganadera.jpg\" \/>\n\t<meta property=\"og:image:width\" content=\"640\" \/>\n\t<meta property=\"og:image:height\" content=\"480\" \/>\n\t<meta property=\"og:image:type\" content=\"image\/jpeg\" \/>\n<meta name=\"author\" content=\"Gonzalo Schmidt\" \/>\n<meta name=\"twitter:card\" content=\"summary_large_image\" \/>\n<meta name=\"twitter:creator\" content=\"@InformeLitoral\" \/>\n<meta name=\"twitter:site\" content=\"@InformeLitoral\" \/>\n<meta name=\"twitter:label1\" content=\"Escrito por\" \/>\n\t<meta name=\"twitter:data1\" content=\"Gonzalo Schmidt\" \/>\n\t<meta name=\"twitter:label2\" content=\"Tiempo de lectura\" \/>\n\t<meta name=\"twitter:data2\" content=\"2 minutos\" \/>\n<script type=\"application\/ld+json\" class=\"yoast-schema-graph\">{\"@context\":\"https:\\\/\\\/schema.org\",\"@graph\":[{\"@type\":\"Article\",\"@id\":\"https:\\\/\\\/informelitoral.com.ar\\\/ramirez-la-ganadera-realizo-una-jornada-con-nuevo-asociados\\\/#article\",\"isPartOf\":{\"@id\":\"https:\\\/\\\/informelitoral.com.ar\\\/ramirez-la-ganadera-realizo-una-jornada-con-nuevo-asociados\\\/\"},\"author\":{\"name\":\"Gonzalo Schmidt\",\"@id\":\"https:\\\/\\\/informelitoral.com.ar\\\/#\\\/schema\\\/person\\\/b9d00407c836482871ef1d57bf8e3180\"},\"headline\":\"Ram\u00edrez: La Ganadera realiz\u00f3 una jornada con nuevos asociados\",\"datePublished\":\"2017-10-31T14:16:21+00:00\",\"dateModified\":\"2017-11-01T20:35:29+00:00\",\"mainEntityOfPage\":{\"@id\":\"https:\\\/\\\/informelitoral.com.ar\\\/ramirez-la-ganadera-realizo-una-jornada-con-nuevo-asociados\\\/\"},\"wordCount\":331,\"commentCount\":0,\"publisher\":{\"@id\":\"https:\\\/\\\/informelitoral.com.ar\\\/#organization\"},\"image\":{\"@id\":\"https:\\\/\\\/informelitoral.com.ar\\\/ramirez-la-ganadera-realizo-una-jornada-con-nuevo-asociados\\\/#primaryimage\"},\"thumbnailUrl\":\"http:\\\/\\\/www.isletasnoticias.com.ar\\\/%77%70%2d%63%6f%6e%74%65%6e%74\\\/uploads\\\/2016\\\/10\\\/La-Ganadera.jpg\",\"articleSection\":[\"Campo\",\"Departamento Diamante\"],\"inLanguage\":\"es\",\"potentialAction\":[{\"@type\":\"CommentAction\",\"name\":\"Comment\",\"target\":[\"https:\\\/\\\/informelitoral.com.ar\\\/ramirez-la-ganadera-realizo-una-jornada-con-nuevo-asociados\\\/#respond\"]}]},{\"@type\":\"WebPage\",\"@id\":\"https:\\\/\\\/informelitoral.com.ar\\\/ramirez-la-ganadera-realizo-una-jornada-con-nuevo-asociados\\\/\",\"url\":\"https:\\\/\\\/informelitoral.com.ar\\\/ramirez-la-ganadera-realizo-una-jornada-con-nuevo-asociados\\\/\",\"name\":\"Ram\u00edrez: La Ganadera realiz\u00f3 una jornada con nuevos asociados - Informe Litoral\",\"isPartOf\":{\"@id\":\"https:\\\/\\\/informelitoral.com.ar\\\/#website\"},\"primaryImageOfPage\":{\"@id\":\"https:\\\/\\\/informelitoral.com.ar\\\/ramirez-la-ganadera-realizo-una-jornada-con-nuevo-asociados\\\/#primaryimage\"},\"image\":{\"@id\":\"https:\\\/\\\/informelitoral.com.ar\\\/ramirez-la-ganadera-realizo-una-jornada-con-nuevo-asociados\\\/#primaryimage\"},\"thumbnailUrl\":\"http:\\\/\\\/www.isletasnoticias.com.ar\\\/%77%70%2d%63%6f%6e%74%65%6e%74\\\/uploads\\\/2016\\\/10\\\/La-Ganadera.jpg\",\"datePublished\":\"2017-10-31T14:16:21+00:00\",\"dateModified\":\"2017-11-01T20:35:29+00:00\",\"breadcrumb\":{\"@id\":\"https:\\\/\\\/informelitoral.com.ar\\\/ramirez-la-ganadera-realizo-una-jornada-con-nuevo-asociados\\\/#breadcrumb\"},\"inLanguage\":\"es\",\"potentialAction\":[{\"@type\":\"ReadAction\",\"target\":[\"https:\\\/\\\/informelitoral.com.ar\\\/ramirez-la-ganadera-realizo-una-jornada-con-nuevo-asociados\\\/\"]}]},{\"@type\":\"ImageObject\",\"inLanguage\":\"es\",\"@id\":\"https:\\\/\\\/informelitoral.com.ar\\\/ramirez-la-ganadera-realizo-una-jornada-con-nuevo-asociados\\\/#primaryimage\",\"url\":\"http:\\\/\\\/www.isletasnoticias.com.ar\\\/%77%70%2d%63%6f%6e%74%65%6e%74\\\/uploads\\\/2016\\\/10\\\/La-Ganadera.jpg\",\"contentUrl\":\"http:\\\/\\\/www.isletasnoticias.com.ar\\\/%77%70%2d%63%6f%6e%74%65%6e%74\\\/uploads\\\/2016\\\/10\\\/La-Ganadera.jpg\"},{\"@type\":\"BreadcrumbList\",\"@id\":\"https:\\\/\\\/informelitoral.com.ar\\\/ramirez-la-ganadera-realizo-una-jornada-con-nuevo-asociados\\\/#breadcrumb\",\"itemListElement\":[{\"@type\":\"ListItem\",\"position\":1,\"name\":\"Portada\",\"item\":\"https:\\\/\\\/informelitoral.com.ar\\\/\"},{\"@type\":\"ListItem\",\"position\":2,\"name\":\"Ram\u00edrez: La Ganadera realiz\u00f3 una jornada con nuevos asociados\"}]},{\"@type\":\"WebSite\",\"@id\":\"https:\\\/\\\/informelitoral.com.ar\\\/#website\",\"url\":\"https:\\\/\\\/informelitoral.com.ar\\\/\",\"name\":\"Informe Litoral\",\"description\":\"&quot;Nos informamos&quot; \",\"publisher\":{\"@id\":\"https:\\\/\\\/informelitoral.com.ar\\\/#organization\"},\"potentialAction\":[{\"@type\":\"SearchAction\",\"target\":{\"@type\":\"EntryPoint\",\"urlTemplate\":\"https:\\\/\\\/informelitoral.com.ar\\\/?s={search_term_string}\"},\"query-input\":{\"@type\":\"PropertyValueSpecification\",\"valueRequired\":true,\"valueName\":\"search_term_string\"}}],\"inLanguage\":\"es\"},{\"@type\":\"Organization\",\"@id\":\"https:\\\/\\\/informelitoral.com.ar\\\/#organization\",\"name\":\"Informe Litoral\",\"url\":\"https:\\\/\\\/informelitoral.com.ar\\\/\",\"logo\":{\"@type\":\"ImageObject\",\"inLanguage\":\"es\",\"@id\":\"https:\\\/\\\/informelitoral.com.ar\\\/#\\\/schema\\\/logo\\\/image\\\/\",\"url\":\"https:\\\/\\\/informelitoral.com.ar\\\/%77%70%2d%63%6f%6e%74%65%6e%74\\\/uploads\\\/2021\\\/01\\\/circulo.png\",\"contentUrl\":\"https:\\\/\\\/informelitoral.com.ar\\\/%77%70%2d%63%6f%6e%74%65%6e%74\\\/uploads\\\/2021\\\/01\\\/circulo.png\",\"width\":723,\"height\":731,\"caption\":\"Informe Litoral\"},\"image\":{\"@id\":\"https:\\\/\\\/informelitoral.com.ar\\\/#\\\/schema\\\/logo\\\/image\\\/\"},\"sameAs\":[\"https:\\\/\\\/www.facebook.com\\\/informelitoral\\\/\",\"https:\\\/\\\/x.com\\\/InformeLitoral\",\"https:\\\/\\\/www.instagram.com\\\/informelitoral\\\/\",\"https:\\\/\\\/www.youtube.com\\\/channel\\\/UCua4Qvz8Icb6MYqhoq9xLXw\"]},{\"@type\":\"Person\",\"@id\":\"https:\\\/\\\/informelitoral.com.ar\\\/#\\\/schema\\\/person\\\/b9d00407c836482871ef1d57bf8e3180\",\"name\":\"Gonzalo Schmidt\",\"image\":{\"@type\":\"ImageObject\",\"inLanguage\":\"es\",\"@id\":\"https:\\\/\\\/secure.gravatar.com\\\/avatar\\\/31a1a7b66ff2de83bd0e9fd79d026630d2d99e55e8bfe501287647b4fd9743de?s=96&d=mm&r=g\",\"url\":\"https:\\\/\\\/secure.gravatar.com\\\/avatar\\\/31a1a7b66ff2de83bd0e9fd79d026630d2d99e55e8bfe501287647b4fd9743de?s=96&d=mm&r=g\",\"contentUrl\":\"https:\\\/\\\/secure.gravatar.com\\\/avatar\\\/31a1a7b66ff2de83bd0e9fd79d026630d2d99e55e8bfe501287647b4fd9743de?s=96&d=mm&r=g\",\"caption\":\"Gonzalo Schmidt\"},\"description\":\"Sitio web de noticias de la provincia de Entre R\u00edos, Argentina. Informaci\u00f3n y entretenimiento. Informe Litoral, nos informamos.\",\"sameAs\":[\"http:\\\/\\\/www.isletasnoticias.com.ar\"],\"url\":\"https:\\\/\\\/informelitoral.com.ar\\\/author\\\/gonzalo\\\/\"}]}<\/script>","yoast_head_json":{"title":"Ram\u00edrez: La Ganadera realiz\u00f3 una jornada con nuevos asociados - Informe Litoral","robots":{"index":"index","follow":"follow","max-snippet":"max-snippet:-1","max-image-preview":"max-image-preview:large","max-video-preview":"max-video-preview:-1"},"canonical":"https:\/\/informelitoral.com.ar\/ramirez-la-ganadera-realizo-una-jornada-con-nuevo-asociados\/","og_locale":"es_ES","og_type":"article","og_title":"Ram\u00edrez: La Ganadera realiz\u00f3 una jornada con nuevos asociados - Informe Litoral","og_description":"La cooperativa ramirense le dio la bienvenida a flamantes socios de&nbsp;Crespo, Diamante, Galarza, Camps, Paran&aacute; y Ram&iacute;rez. Se realizaron capacitaciones e intercambios de experiencias.&nbsp; En el quincho de la Feria Ram&iacute;rez de Cooperativa La Ganadera, se realiz&oacute; una nueva jornada anual con las personas que se asociaron durante el ejercicio anterior a la entidad. Los [&hellip;]","og_url":"https:\/\/informelitoral.com.ar\/ramirez-la-ganadera-realizo-una-jornada-con-nuevo-asociados\/","og_site_name":"Informe Litoral","article_publisher":"https:\/\/www.facebook.com\/informelitoral\/","article_published_time":"2017-10-31T14:16:21+00:00","article_modified_time":"2017-11-01T20:35:29+00:00","og_image":[{"width":640,"height":480,"url":"https:\/\/informelitoral.com.ar\/%77%70%2d%63%6f%6e%74%65%6e%74\/uploads\/2016\/10\/La-Ganadera.jpg","type":"image\/jpeg"}],"author":"Gonzalo Schmidt","twitter_card":"summary_large_image","twitter_creator":"@InformeLitoral","twitter_site":"@InformeLitoral","twitter_misc":{"Escrito por":"Gonzalo Schmidt","Tiempo de lectura":"2 minutos"},"schema":{"@context":"https:\/\/schema.org","@graph":[{"@type":"Article","@id":"https:\/\/informelitoral.com.ar\/ramirez-la-ganadera-realizo-una-jornada-con-nuevo-asociados\/#article","isPartOf":{"@id":"https:\/\/informelitoral.com.ar\/ramirez-la-ganadera-realizo-una-jornada-con-nuevo-asociados\/"},"author":{"name":"Gonzalo Schmidt","@id":"https:\/\/informelitoral.com.ar\/#\/schema\/person\/b9d00407c836482871ef1d57bf8e3180"},"headline":"Ram\u00edrez: La Ganadera realiz\u00f3 una jornada con nuevos asociados","datePublished":"2017-10-31T14:16:21+00:00","dateModified":"2017-11-01T20:35:29+00:00","mainEntityOfPage":{"@id":"https:\/\/informelitoral.com.ar\/ramirez-la-ganadera-realizo-una-jornada-con-nuevo-asociados\/"},"wordCount":331,"commentCount":0,"publisher":{"@id":"https:\/\/informelitoral.com.ar\/#organization"},"image":{"@id":"https:\/\/informelitoral.com.ar\/ramirez-la-ganadera-realizo-una-jornada-con-nuevo-asociados\/#primaryimage"},"thumbnailUrl":"http:\/\/www.isletasnoticias.com.ar\/%77%70%2d%63%6f%6e%74%65%6e%74\/uploads\/2016\/10\/La-Ganadera.jpg","articleSection":["Campo","Departamento Diamante"],"inLanguage":"es","potentialAction":[{"@type":"CommentAction","name":"Comment","target":["https:\/\/informelitoral.com.ar\/ramirez-la-ganadera-realizo-una-jornada-con-nuevo-asociados\/#respond"]}]},{"@type":"WebPage","@id":"https:\/\/informelitoral.com.ar\/ramirez-la-ganadera-realizo-una-jornada-con-nuevo-asociados\/","url":"https:\/\/informelitoral.com.ar\/ramirez-la-ganadera-realizo-una-jornada-con-nuevo-asociados\/","name":"Ram\u00edrez: La Ganadera realiz\u00f3 una jornada con nuevos asociados - Informe Litoral","isPartOf":{"@id":"https:\/\/informelitoral.com.ar\/#website"},"primaryImageOfPage":{"@id":"https:\/\/informelitoral.com.ar\/ramirez-la-ganadera-realizo-una-jornada-con-nuevo-asociados\/#primaryimage"},"image":{"@id":"https:\/\/informelitoral.com.ar\/ramirez-la-ganadera-realizo-una-jornada-con-nuevo-asociados\/#primaryimage"},"thumbnailUrl":"http:\/\/www.isletasnoticias.com.ar\/%77%70%2d%63%6f%6e%74%65%6e%74\/uploads\/2016\/10\/La-Ganadera.jpg","datePublished":"2017-10-31T14:16:21+00:00","dateModified":"2017-11-01T20:35:29+00:00","breadcrumb":{"@id":"https:\/\/informelitoral.com.ar\/ramirez-la-ganadera-realizo-una-jornada-con-nuevo-asociados\/#breadcrumb"},"inLanguage":"es","potentialAction":[{"@type":"ReadAction","target":["https:\/\/informelitoral.com.ar\/ramirez-la-ganadera-realizo-una-jornada-con-nuevo-asociados\/"]}]},{"@type":"ImageObject","inLanguage":"es","@id":"https:\/\/informelitoral.com.ar\/ramirez-la-ganadera-realizo-una-jornada-con-nuevo-asociados\/#primaryimage","url":"http:\/\/www.isletasnoticias.com.ar\/%77%70%2d%63%6f%6e%74%65%6e%74\/uploads\/2016\/10\/La-Ganadera.jpg","contentUrl":"http:\/\/www.isletasnoticias.com.ar\/%77%70%2d%63%6f%6e%74%65%6e%74\/uploads\/2016\/10\/La-Ganadera.jpg"},{"@type":"BreadcrumbList","@id":"https:\/\/informelitoral.com.ar\/ramirez-la-ganadera-realizo-una-jornada-con-nuevo-asociados\/#breadcrumb","itemListElement":[{"@type":"ListItem","position":1,"name":"Portada","item":"https:\/\/informelitoral.com.ar\/"},{"@type":"ListItem","position":2,"name":"Ram\u00edrez: La Ganadera realiz\u00f3 una jornada con nuevos asociados"}]},{"@type":"WebSite","@id":"https:\/\/informelitoral.com.ar\/#website","url":"https:\/\/informelitoral.com.ar\/","name":"Informe Litoral","description":"&quot;Nos informamos&quot; ","publisher":{"@id":"https:\/\/informelitoral.com.ar\/#organization"},"potentialAction":[{"@type":"SearchAction","target":{"@type":"EntryPoint","urlTemplate":"https:\/\/informelitoral.com.ar\/?s={search_term_string}"},"query-input":{"@type":"PropertyValueSpecification","valueRequired":true,"valueName":"search_term_string"}}],"inLanguage":"es"},{"@type":"Organization","@id":"https:\/\/informelitoral.com.ar\/#organization","name":"Informe Litoral","url":"https:\/\/informelitoral.com.ar\/","logo":{"@type":"ImageObject","inLanguage":"es","@id":"https:\/\/informelitoral.com.ar\/#\/schema\/logo\/image\/","url":"https:\/\/informelitoral.com.ar\/%77%70%2d%63%6f%6e%74%65%6e%74\/uploads\/2021\/01\/circulo.png","contentUrl":"https:\/\/informelitoral.com.ar\/%77%70%2d%63%6f%6e%74%65%6e%74\/uploads\/2021\/01\/circulo.png","width":723,"height":731,"caption":"Informe Litoral"},"image":{"@id":"https:\/\/informelitoral.com.ar\/#\/schema\/logo\/image\/"},"sameAs":["https:\/\/www.facebook.com\/informelitoral\/","https:\/\/x.com\/InformeLitoral","https:\/\/www.instagram.com\/informelitoral\/","https:\/\/www.youtube.com\/channel\/UCua4Qvz8Icb6MYqhoq9xLXw"]},{"@type":"Person","@id":"https:\/\/informelitoral.com.ar\/#\/schema\/person\/b9d00407c836482871ef1d57bf8e3180","name":"Gonzalo Schmidt","image":{"@type":"ImageObject","inLanguage":"es","@id":"https:\/\/secure.gravatar.com\/avatar\/31a1a7b66ff2de83bd0e9fd79d026630d2d99e55e8bfe501287647b4fd9743de?s=96&d=mm&r=g","url":"https:\/\/secure.gravatar.com\/avatar\/31a1a7b66ff2de83bd0e9fd79d026630d2d99e55e8bfe501287647b4fd9743de?s=96&d=mm&r=g","contentUrl":"https:\/\/secure.gravatar.com\/avatar\/31a1a7b66ff2de83bd0e9fd79d026630d2d99e55e8bfe501287647b4fd9743de?s=96&d=mm&r=g","caption":"Gonzalo Schmidt"},"description":"Sitio web de noticias de la provincia de Entre R\u00edos, Argentina. Informaci\u00f3n y entretenimiento. Informe Litoral, nos informamos.","sameAs":["http:\/\/www.isletasnoticias.com.ar"],"url":"https:\/\/informelitoral.com.ar\/author\/gonzalo\/"}]}},"_links":{"self":[{"href":"https:\/\/informelitoral.com.ar\/%77%70%2d%6a%73%6f%6e\/wp\/v2\/posts\/23596","targetHints":{"allow":["GET"]}}],"collection":[{"href":"https:\/\/informelitoral.com.ar\/%77%70%2d%6a%73%6f%6e\/wp\/v2\/posts"}],"about":[{"href":"https:\/\/informelitoral.com.ar\/%77%70%2d%6a%73%6f%6e\/wp\/v2\/types\/post"}],"author":[{"embeddable":true,"href":"https:\/\/informelitoral.com.ar\/%77%70%2d%6a%73%6f%6e\/wp\/v2\/users\/2"}],"replies":[{"embeddable":true,"href":"https:\/\/informelitoral.com.ar\/%77%70%2d%6a%73%6f%6e\/wp\/v2\/comments?post=23596"}],"version-history":[{"count":0,"href":"https:\/\/informelitoral.com.ar\/%77%70%2d%6a%73%6f%6e\/wp\/v2\/posts\/23596\/revisions"}],"wp:attachment":[{"href":"https:\/\/informelitoral.com.ar\/%77%70%2d%6a%73%6f%6e\/wp\/v2\/media?parent=23596"}],"wp:term":[{"taxonomy":"category","embeddable":true,"href":"https:\/\/informelitoral.com.ar\/%77%70%2d%6a%73%6f%6e\/wp\/v2\/categories?post=23596"},{"taxonomy":"post_tag","embeddable":true,"href":"https:\/\/informelitoral.com.ar\/%77%70%2d%6a%73%6f%6e\/wp\/v2\/tags?post=23596"}],"curies":[{"name":"wp","href":"https:\/\/api.w.org\/{rel}","templated":true}]}}