{"id":23593,"date":"2017-10-31T10:51:59","date_gmt":"2017-10-31T13:51:59","guid":{"rendered":"http:\/\/www.isletasnoticias.com.ar\/?p=23593"},"modified":"2017-10-31T10:51:59","modified_gmt":"2017-10-31T13:51:59","slug":"como-es-el-convenio-laboral-que-firmo-el-gobierno-nacional-con-el-gremio-y-la-industria-lechera","status":"publish","type":"post","link":"https:\/\/informelitoral.com.ar\/como-es-el-convenio-laboral-que-firmo-el-gobierno-nacional-con-el-gremio-y-la-industria-lechera\/","title":{"rendered":"C\u00f3mo es el convenio laboral que firm\u00f3 el Gobierno Nacional con el gremio y la industria lechera"},"content":{"rendered":"<p><strong>Se establecer\u00e1 un nuevo esquema de premios por presentismo y puntualidad, habr\u00e1 capacitaciones para trabajadores y modernizar\u00e1n las categor\u00edas. Triaca, Cabrera y Buryaile estuvieron en el acto.<a href=\"http:\/\/www.isletasnoticias.com.ar\/%77%70%2d%63%6f%6e%74%65%6e%74\/uploads\/2017\/10\/industria-lechera.jpg\"><img loading=\"lazy\" decoding=\"async\" class=\"aligncenter wp-image-23594 size-full\" src=\"http:\/\/www.isletasnoticias.com.ar\/%77%70%2d%63%6f%6e%74%65%6e%74\/uploads\/2017\/10\/industria-lechera.jpg\" alt=\"\" width=\"645\" height=\"430\" srcset=\"https:\/\/informelitoral.com.ar\/%77%70%2d%63%6f%6e%74%65%6e%74\/uploads\/2017\/10\/industria-lechera.jpg 645w, https:\/\/informelitoral.com.ar\/%77%70%2d%63%6f%6e%74%65%6e%74\/uploads\/2017\/10\/industria-lechera-300x200.jpg 300w\" sizes=\"auto, (max-width: 645px) 100vw, 645px\" \/><\/a><\/strong><\/p>\n<p>En el marco de la agenda de reformas que el presidente Mauricio Macri present\u00f3 ayer en el CCK, el Gobierno Nacional y los representantes de las empresas de la industria lechera junto con el sindicato del sector firmaron un nuevo convenio laboral para reducir costos e impulsar la producci\u00f3n y el empleo.<\/p>\n<p>Se trata de un acuerdo entre los ministerios de Producci\u00f3n,\u00a0de Trabajo y\u00a0de Agroindustria con el Centro de la Industria Lechera (CIL) y la Asociaci\u00f3n de Peque\u00f1as y Medianas Empresas L\u00e1cteas (APYMEL) y la\u00a0Asociaci\u00f3n de Trabajadores de la Industria Lechera de la Rep\u00fablica Argentina (ATILRA), en medio de la fuerte crisis que afronta la actividad desde hace ya varios a\u00f1os, tanto por la ca\u00edda del precio internacional como por las inundaciones, la suba de costos y los problemas financieros de las grandes firmas, como es el caso de SanCor.<\/p>\n<p><strong>Los \u00edtems que se reformar\u00e1n<\/strong><\/p>\n<p>En primer lugar, las c\u00e1maras empresarias y el sindicato\u00a0trabajar\u00e1n en la capacitaci\u00f3n de los trabajadores, por lo que conformar\u00e1n un programa de actividades para mejorar las habilidades de los empleados y modernizar\u00a0las tareas, con la incorporaci\u00f3n de nueva tecnolog\u00eda.<\/p>\n<p>Como segundo punto, se establecer\u00e1 un nuevo esquema de premios por presentismo y puntualidad. Se introducir\u00e1 el principio de \u201cmultifuncionalidad\u201d, con el fin de lograr mayor competitividad y posibilitar el desarrollo de los trabajadores. Tambi\u00e9n se permitir\u00e1 incorporar empleados por plazo fijo, lo que significa\u00a0aquellos para necesidades productivas acotadas en el tiempo, y se crear\u00e1 la figura de trabajadores a tiempo parcial, solamente los s\u00e1bados, domingos y feriados.<\/p>\n<p>Por \u00faltimo,\u00a0se excluir\u00e1n del convenio las actividades que no se correspondan con las normales, espec\u00edficas y propias del sector. Y se asumir\u00e1 el compromiso de modernizar las categor\u00edas y el escalaf\u00f3n, por lo que se abrir\u00e1\u00a0una instancia de negociaci\u00f3n para adecuar las categor\u00edas, acorde a la nueva tecnolog\u00eda y nuevos procesos industriales.<\/p>\n<p>Como antecedente, cabe recordar que el pasado 5 de mayo se firm\u00f3\u00a0un acuerdo para reducir sustancialmente los montos del aporte extraordinario que realizan las empresas al sindicato por trabajador por mes: para empresas Pymes (de hasta 70 trabajadores) la suma qued\u00f3 en $750 y para las grandes se fij\u00f3 en $1.500. Originalmente los aportes eran de $3.700 para todas las empresas, sin distinci\u00f3n entre grandes y pymes.<\/p>\n<p>Las modificaciones se dan despu\u00e9s de casi\u00a030 a\u00f1os, dado que el marco normativo databa de 1988.<\/p>\n<p><strong>Un sector muy relevante en la econom\u00eda<\/strong><\/p>\n<p>La industria l\u00e1ctea es vital para el desarrollo productivo de las provincias de Santa Fe, C\u00f3rdoba, Entre R\u00edos y Buenos Aires y para la salud y alimentaci\u00f3n de toda la poblaci\u00f3n argentina. \u201cEstas cuatro provincias centralizan el 96% de los establecimientos tamberos, el 96% del ganado lechero y contribuyen con el 97% de la producci\u00f3n l\u00e1ctea nacional\u201d, remarc\u00f3 el Ministerio de Agroindustria en un comunicado oficial, donde\u00a0estim\u00f3 adem\u00e1s que la cadena l\u00e1ctea est\u00e1 conformada por m\u00e1s de 35.800 mil trabajadores.<\/p>\n<p>Por su parte, Jorge Triaca consider\u00f3 que el acuerdo se trat\u00f3 de \u201cun paso importante para impulsar toda la potencialidad que tiene el sector, trabajando en conjunto con el foco puesto en producir m\u00e1s y mejor. Se lleg\u00f3 al consenso necesario para establecer las prioridades para generar m\u00e1s posibilidades para el sector y crear nuevos puestos de trabajo\u201d.<\/p>\n<p>\u201cDebemos celebrar la firma de este convenio ya que significa un verdadero logro luego de casi 30 a\u00f1os que no se abre la discusi\u00f3n de un convenio colectivo. Esto significa mayor previsibilidad y reglas claras que permitan aprovechar las oportunidades que da el mercado y proyectar a largo plazo para en todos los eslabones de la cadena\u201d, expres\u00f3 el ministro Ricardo Buryaile.<\/p>\n<p>En tanto, para Francisco Cabrera \u201ceste acuerdo se logr\u00f3 con el trabajo coordinado con la industria, tanto con las empresas PyMEs como con las grandes, y el sindicato. Es muy importante haber logrado avanzar en un sector que estuvo paralizado y que hoy empieza a dar pasos para avanzar en conservar el empleo y multiplicar sus posibilidades de crecer. Es un paso m\u00e1s dentro de muchos que se est\u00e1n dando para que la industria argentina sea m\u00e1s competitiva. Creemos que en el mediano plazo ser\u00e1 un factor de mejora en la competencia del sector\u201d. <em>(Infocampo)<\/em><\/p>\n","protected":false},"excerpt":{"rendered":"<p>Se establecer&aacute; un nuevo esquema de premios por presentismo y puntualidad, habr&aacute; capacitaciones para trabajadores y modernizar&aacute;n las categor&iacute;as. Triaca, Cabrera y Buryaile estuvieron en el acto. En el marco de la agenda de reformas que el presidente Mauricio Macri present&oacute; ayer en el CCK, el Gobierno Nacional y los representantes de las empresas de [&hellip;]<\/p>\n","protected":false},"author":2,"featured_media":0,"comment_status":"open","ping_status":"open","sticky":false,"template":"","format":"standard","meta":{"fifu_image_url":"","fifu_image_alt":"","footnotes":""},"categories":[10,7],"tags":[],"class_list":{"0":"post-23593","1":"post","2":"type-post","3":"status-publish","4":"format-standard","6":"category-campo","7":"category-nacionales"},"yoast_head":"<title>C\u00f3mo es el convenio laboral que firm\u00f3 el Gobierno Nacional con el gremio y la industria lechera - Informe Litoral<\/title>\n<meta name=\"robots\" content=\"index, follow, max-snippet:-1, max-image-preview:large, max-video-preview:-1\" \/>\n<link rel=\"canonical\" href=\"https:\/\/informelitoral.com.ar\/como-es-el-convenio-laboral-que-firmo-el-gobierno-nacional-con-el-gremio-y-la-industria-lechera\/\" \/>\n<meta property=\"og:locale\" content=\"es_ES\" \/>\n<meta property=\"og:type\" content=\"article\" \/>\n<meta property=\"og:title\" content=\"C\u00f3mo es el convenio laboral que firm\u00f3 el Gobierno Nacional con el gremio y la industria lechera - Informe Litoral\" \/>\n<meta property=\"og:description\" content=\"Se establecer&aacute; un nuevo esquema de premios por presentismo y puntualidad, habr&aacute; capacitaciones para trabajadores y modernizar&aacute;n las categor&iacute;as. Triaca, Cabrera y Buryaile estuvieron en el acto. En el marco de la agenda de reformas que el presidente Mauricio Macri present&oacute; ayer en el CCK, el Gobierno Nacional y los representantes de las empresas de [&hellip;]\" \/>\n<meta property=\"og:url\" content=\"https:\/\/informelitoral.com.ar\/como-es-el-convenio-laboral-que-firmo-el-gobierno-nacional-con-el-gremio-y-la-industria-lechera\/\" \/>\n<meta property=\"og:site_name\" content=\"Informe Litoral\" \/>\n<meta property=\"article:publisher\" content=\"https:\/\/www.facebook.com\/informelitoral\/\" \/>\n<meta property=\"article:published_time\" content=\"2017-10-31T13:51:59+00:00\" \/>\n<meta property=\"og:image\" content=\"https:\/\/informelitoral.com.ar\/%77%70%2d%63%6f%6e%74%65%6e%74\/uploads\/2017\/10\/industria-lechera.jpg\" \/>\n\t<meta property=\"og:image:width\" content=\"645\" \/>\n\t<meta property=\"og:image:height\" content=\"430\" \/>\n\t<meta property=\"og:image:type\" content=\"image\/jpeg\" \/>\n<meta name=\"author\" content=\"Gonzalo Schmidt\" \/>\n<meta name=\"twitter:card\" content=\"summary_large_image\" \/>\n<meta name=\"twitter:creator\" content=\"@InformeLitoral\" \/>\n<meta name=\"twitter:site\" content=\"@InformeLitoral\" \/>\n<meta name=\"twitter:label1\" content=\"Escrito por\" \/>\n\t<meta name=\"twitter:data1\" content=\"Gonzalo Schmidt\" \/>\n\t<meta name=\"twitter:label2\" content=\"Tiempo de lectura\" \/>\n\t<meta name=\"twitter:data2\" content=\"4 minutos\" \/>\n<script type=\"application\/ld+json\" class=\"yoast-schema-graph\">{\"@context\":\"https:\\\/\\\/schema.org\",\"@graph\":[{\"@type\":\"Article\",\"@id\":\"https:\\\/\\\/informelitoral.com.ar\\\/como-es-el-convenio-laboral-que-firmo-el-gobierno-nacional-con-el-gremio-y-la-industria-lechera\\\/#article\",\"isPartOf\":{\"@id\":\"https:\\\/\\\/informelitoral.com.ar\\\/como-es-el-convenio-laboral-que-firmo-el-gobierno-nacional-con-el-gremio-y-la-industria-lechera\\\/\"},\"author\":{\"name\":\"Gonzalo Schmidt\",\"@id\":\"https:\\\/\\\/informelitoral.com.ar\\\/#\\\/schema\\\/person\\\/b9d00407c836482871ef1d57bf8e3180\"},\"headline\":\"C\u00f3mo es el convenio laboral que firm\u00f3 el Gobierno Nacional con el gremio y la industria lechera\",\"datePublished\":\"2017-10-31T13:51:59+00:00\",\"mainEntityOfPage\":{\"@id\":\"https:\\\/\\\/informelitoral.com.ar\\\/como-es-el-convenio-laboral-que-firmo-el-gobierno-nacional-con-el-gremio-y-la-industria-lechera\\\/\"},\"wordCount\":781,\"commentCount\":0,\"publisher\":{\"@id\":\"https:\\\/\\\/informelitoral.com.ar\\\/#organization\"},\"image\":{\"@id\":\"https:\\\/\\\/informelitoral.com.ar\\\/como-es-el-convenio-laboral-que-firmo-el-gobierno-nacional-con-el-gremio-y-la-industria-lechera\\\/#primaryimage\"},\"thumbnailUrl\":\"http:\\\/\\\/www.isletasnoticias.com.ar\\\/%77%70%2d%63%6f%6e%74%65%6e%74\\\/uploads\\\/2017\\\/10\\\/industria-lechera.jpg\",\"articleSection\":[\"Campo\",\"Nacionales\"],\"inLanguage\":\"es\",\"potentialAction\":[{\"@type\":\"CommentAction\",\"name\":\"Comment\",\"target\":[\"https:\\\/\\\/informelitoral.com.ar\\\/como-es-el-convenio-laboral-que-firmo-el-gobierno-nacional-con-el-gremio-y-la-industria-lechera\\\/#respond\"]}]},{\"@type\":\"WebPage\",\"@id\":\"https:\\\/\\\/informelitoral.com.ar\\\/como-es-el-convenio-laboral-que-firmo-el-gobierno-nacional-con-el-gremio-y-la-industria-lechera\\\/\",\"url\":\"https:\\\/\\\/informelitoral.com.ar\\\/como-es-el-convenio-laboral-que-firmo-el-gobierno-nacional-con-el-gremio-y-la-industria-lechera\\\/\",\"name\":\"C\u00f3mo es el convenio laboral que firm\u00f3 el Gobierno Nacional con el gremio y la industria lechera - Informe Litoral\",\"isPartOf\":{\"@id\":\"https:\\\/\\\/informelitoral.com.ar\\\/#website\"},\"primaryImageOfPage\":{\"@id\":\"https:\\\/\\\/informelitoral.com.ar\\\/como-es-el-convenio-laboral-que-firmo-el-gobierno-nacional-con-el-gremio-y-la-industria-lechera\\\/#primaryimage\"},\"image\":{\"@id\":\"https:\\\/\\\/informelitoral.com.ar\\\/como-es-el-convenio-laboral-que-firmo-el-gobierno-nacional-con-el-gremio-y-la-industria-lechera\\\/#primaryimage\"},\"thumbnailUrl\":\"http:\\\/\\\/www.isletasnoticias.com.ar\\\/%77%70%2d%63%6f%6e%74%65%6e%74\\\/uploads\\\/2017\\\/10\\\/industria-lechera.jpg\",\"datePublished\":\"2017-10-31T13:51:59+00:00\",\"breadcrumb\":{\"@id\":\"https:\\\/\\\/informelitoral.com.ar\\\/como-es-el-convenio-laboral-que-firmo-el-gobierno-nacional-con-el-gremio-y-la-industria-lechera\\\/#breadcrumb\"},\"inLanguage\":\"es\",\"potentialAction\":[{\"@type\":\"ReadAction\",\"target\":[\"https:\\\/\\\/informelitoral.com.ar\\\/como-es-el-convenio-laboral-que-firmo-el-gobierno-nacional-con-el-gremio-y-la-industria-lechera\\\/\"]}]},{\"@type\":\"ImageObject\",\"inLanguage\":\"es\",\"@id\":\"https:\\\/\\\/informelitoral.com.ar\\\/como-es-el-convenio-laboral-que-firmo-el-gobierno-nacional-con-el-gremio-y-la-industria-lechera\\\/#primaryimage\",\"url\":\"http:\\\/\\\/www.isletasnoticias.com.ar\\\/%77%70%2d%63%6f%6e%74%65%6e%74\\\/uploads\\\/2017\\\/10\\\/industria-lechera.jpg\",\"contentUrl\":\"http:\\\/\\\/www.isletasnoticias.com.ar\\\/%77%70%2d%63%6f%6e%74%65%6e%74\\\/uploads\\\/2017\\\/10\\\/industria-lechera.jpg\"},{\"@type\":\"BreadcrumbList\",\"@id\":\"https:\\\/\\\/informelitoral.com.ar\\\/como-es-el-convenio-laboral-que-firmo-el-gobierno-nacional-con-el-gremio-y-la-industria-lechera\\\/#breadcrumb\",\"itemListElement\":[{\"@type\":\"ListItem\",\"position\":1,\"name\":\"Portada\",\"item\":\"https:\\\/\\\/informelitoral.com.ar\\\/\"},{\"@type\":\"ListItem\",\"position\":2,\"name\":\"C\u00f3mo es el convenio laboral que firm\u00f3 el Gobierno Nacional con el gremio y la industria lechera\"}]},{\"@type\":\"WebSite\",\"@id\":\"https:\\\/\\\/informelitoral.com.ar\\\/#website\",\"url\":\"https:\\\/\\\/informelitoral.com.ar\\\/\",\"name\":\"Informe Litoral\",\"description\":\"&quot;Nos informamos&quot; \",\"publisher\":{\"@id\":\"https:\\\/\\\/informelitoral.com.ar\\\/#organization\"},\"potentialAction\":[{\"@type\":\"SearchAction\",\"target\":{\"@type\":\"EntryPoint\",\"urlTemplate\":\"https:\\\/\\\/informelitoral.com.ar\\\/?s={search_term_string}\"},\"query-input\":{\"@type\":\"PropertyValueSpecification\",\"valueRequired\":true,\"valueName\":\"search_term_string\"}}],\"inLanguage\":\"es\"},{\"@type\":\"Organization\",\"@id\":\"https:\\\/\\\/informelitoral.com.ar\\\/#organization\",\"name\":\"Informe Litoral\",\"url\":\"https:\\\/\\\/informelitoral.com.ar\\\/\",\"logo\":{\"@type\":\"ImageObject\",\"inLanguage\":\"es\",\"@id\":\"https:\\\/\\\/informelitoral.com.ar\\\/#\\\/schema\\\/logo\\\/image\\\/\",\"url\":\"https:\\\/\\\/informelitoral.com.ar\\\/%77%70%2d%63%6f%6e%74%65%6e%74\\\/uploads\\\/2021\\\/01\\\/circulo.png\",\"contentUrl\":\"https:\\\/\\\/informelitoral.com.ar\\\/%77%70%2d%63%6f%6e%74%65%6e%74\\\/uploads\\\/2021\\\/01\\\/circulo.png\",\"width\":723,\"height\":731,\"caption\":\"Informe Litoral\"},\"image\":{\"@id\":\"https:\\\/\\\/informelitoral.com.ar\\\/#\\\/schema\\\/logo\\\/image\\\/\"},\"sameAs\":[\"https:\\\/\\\/www.facebook.com\\\/informelitoral\\\/\",\"https:\\\/\\\/x.com\\\/InformeLitoral\",\"https:\\\/\\\/www.instagram.com\\\/informelitoral\\\/\",\"https:\\\/\\\/www.youtube.com\\\/channel\\\/UCua4Qvz8Icb6MYqhoq9xLXw\"]},{\"@type\":\"Person\",\"@id\":\"https:\\\/\\\/informelitoral.com.ar\\\/#\\\/schema\\\/person\\\/b9d00407c836482871ef1d57bf8e3180\",\"name\":\"Gonzalo Schmidt\",\"image\":{\"@type\":\"ImageObject\",\"inLanguage\":\"es\",\"@id\":\"https:\\\/\\\/secure.gravatar.com\\\/avatar\\\/31a1a7b66ff2de83bd0e9fd79d026630d2d99e55e8bfe501287647b4fd9743de?s=96&d=mm&r=g\",\"url\":\"https:\\\/\\\/secure.gravatar.com\\\/avatar\\\/31a1a7b66ff2de83bd0e9fd79d026630d2d99e55e8bfe501287647b4fd9743de?s=96&d=mm&r=g\",\"contentUrl\":\"https:\\\/\\\/secure.gravatar.com\\\/avatar\\\/31a1a7b66ff2de83bd0e9fd79d026630d2d99e55e8bfe501287647b4fd9743de?s=96&d=mm&r=g\",\"caption\":\"Gonzalo Schmidt\"},\"description\":\"Sitio web de noticias de la provincia de Entre R\u00edos, Argentina. Informaci\u00f3n y entretenimiento. Informe Litoral, nos informamos.\",\"sameAs\":[\"http:\\\/\\\/www.isletasnoticias.com.ar\"],\"url\":\"https:\\\/\\\/informelitoral.com.ar\\\/author\\\/gonzalo\\\/\"}]}<\/script>","yoast_head_json":{"title":"C\u00f3mo es el convenio laboral que firm\u00f3 el Gobierno Nacional con el gremio y la industria lechera - Informe Litoral","robots":{"index":"index","follow":"follow","max-snippet":"max-snippet:-1","max-image-preview":"max-image-preview:large","max-video-preview":"max-video-preview:-1"},"canonical":"https:\/\/informelitoral.com.ar\/como-es-el-convenio-laboral-que-firmo-el-gobierno-nacional-con-el-gremio-y-la-industria-lechera\/","og_locale":"es_ES","og_type":"article","og_title":"C\u00f3mo es el convenio laboral que firm\u00f3 el Gobierno Nacional con el gremio y la industria lechera - Informe Litoral","og_description":"Se establecer&aacute; un nuevo esquema de premios por presentismo y puntualidad, habr&aacute; capacitaciones para trabajadores y modernizar&aacute;n las categor&iacute;as. Triaca, Cabrera y Buryaile estuvieron en el acto. En el marco de la agenda de reformas que el presidente Mauricio Macri present&oacute; ayer en el CCK, el Gobierno Nacional y los representantes de las empresas de [&hellip;]","og_url":"https:\/\/informelitoral.com.ar\/como-es-el-convenio-laboral-que-firmo-el-gobierno-nacional-con-el-gremio-y-la-industria-lechera\/","og_site_name":"Informe Litoral","article_publisher":"https:\/\/www.facebook.com\/informelitoral\/","article_published_time":"2017-10-31T13:51:59+00:00","og_image":[{"width":645,"height":430,"url":"https:\/\/informelitoral.com.ar\/%77%70%2d%63%6f%6e%74%65%6e%74\/uploads\/2017\/10\/industria-lechera.jpg","type":"image\/jpeg"}],"author":"Gonzalo Schmidt","twitter_card":"summary_large_image","twitter_creator":"@InformeLitoral","twitter_site":"@InformeLitoral","twitter_misc":{"Escrito por":"Gonzalo Schmidt","Tiempo de lectura":"4 minutos"},"schema":{"@context":"https:\/\/schema.org","@graph":[{"@type":"Article","@id":"https:\/\/informelitoral.com.ar\/como-es-el-convenio-laboral-que-firmo-el-gobierno-nacional-con-el-gremio-y-la-industria-lechera\/#article","isPartOf":{"@id":"https:\/\/informelitoral.com.ar\/como-es-el-convenio-laboral-que-firmo-el-gobierno-nacional-con-el-gremio-y-la-industria-lechera\/"},"author":{"name":"Gonzalo Schmidt","@id":"https:\/\/informelitoral.com.ar\/#\/schema\/person\/b9d00407c836482871ef1d57bf8e3180"},"headline":"C\u00f3mo es el convenio laboral que firm\u00f3 el Gobierno Nacional con el gremio y la industria lechera","datePublished":"2017-10-31T13:51:59+00:00","mainEntityOfPage":{"@id":"https:\/\/informelitoral.com.ar\/como-es-el-convenio-laboral-que-firmo-el-gobierno-nacional-con-el-gremio-y-la-industria-lechera\/"},"wordCount":781,"commentCount":0,"publisher":{"@id":"https:\/\/informelitoral.com.ar\/#organization"},"image":{"@id":"https:\/\/informelitoral.com.ar\/como-es-el-convenio-laboral-que-firmo-el-gobierno-nacional-con-el-gremio-y-la-industria-lechera\/#primaryimage"},"thumbnailUrl":"http:\/\/www.isletasnoticias.com.ar\/%77%70%2d%63%6f%6e%74%65%6e%74\/uploads\/2017\/10\/industria-lechera.jpg","articleSection":["Campo","Nacionales"],"inLanguage":"es","potentialAction":[{"@type":"CommentAction","name":"Comment","target":["https:\/\/informelitoral.com.ar\/como-es-el-convenio-laboral-que-firmo-el-gobierno-nacional-con-el-gremio-y-la-industria-lechera\/#respond"]}]},{"@type":"WebPage","@id":"https:\/\/informelitoral.com.ar\/como-es-el-convenio-laboral-que-firmo-el-gobierno-nacional-con-el-gremio-y-la-industria-lechera\/","url":"https:\/\/informelitoral.com.ar\/como-es-el-convenio-laboral-que-firmo-el-gobierno-nacional-con-el-gremio-y-la-industria-lechera\/","name":"C\u00f3mo es el convenio laboral que firm\u00f3 el Gobierno Nacional con el gremio y la industria lechera - Informe Litoral","isPartOf":{"@id":"https:\/\/informelitoral.com.ar\/#website"},"primaryImageOfPage":{"@id":"https:\/\/informelitoral.com.ar\/como-es-el-convenio-laboral-que-firmo-el-gobierno-nacional-con-el-gremio-y-la-industria-lechera\/#primaryimage"},"image":{"@id":"https:\/\/informelitoral.com.ar\/como-es-el-convenio-laboral-que-firmo-el-gobierno-nacional-con-el-gremio-y-la-industria-lechera\/#primaryimage"},"thumbnailUrl":"http:\/\/www.isletasnoticias.com.ar\/%77%70%2d%63%6f%6e%74%65%6e%74\/uploads\/2017\/10\/industria-lechera.jpg","datePublished":"2017-10-31T13:51:59+00:00","breadcrumb":{"@id":"https:\/\/informelitoral.com.ar\/como-es-el-convenio-laboral-que-firmo-el-gobierno-nacional-con-el-gremio-y-la-industria-lechera\/#breadcrumb"},"inLanguage":"es","potentialAction":[{"@type":"ReadAction","target":["https:\/\/informelitoral.com.ar\/como-es-el-convenio-laboral-que-firmo-el-gobierno-nacional-con-el-gremio-y-la-industria-lechera\/"]}]},{"@type":"ImageObject","inLanguage":"es","@id":"https:\/\/informelitoral.com.ar\/como-es-el-convenio-laboral-que-firmo-el-gobierno-nacional-con-el-gremio-y-la-industria-lechera\/#primaryimage","url":"http:\/\/www.isletasnoticias.com.ar\/%77%70%2d%63%6f%6e%74%65%6e%74\/uploads\/2017\/10\/industria-lechera.jpg","contentUrl":"http:\/\/www.isletasnoticias.com.ar\/%77%70%2d%63%6f%6e%74%65%6e%74\/uploads\/2017\/10\/industria-lechera.jpg"},{"@type":"BreadcrumbList","@id":"https:\/\/informelitoral.com.ar\/como-es-el-convenio-laboral-que-firmo-el-gobierno-nacional-con-el-gremio-y-la-industria-lechera\/#breadcrumb","itemListElement":[{"@type":"ListItem","position":1,"name":"Portada","item":"https:\/\/informelitoral.com.ar\/"},{"@type":"ListItem","position":2,"name":"C\u00f3mo es el convenio laboral que firm\u00f3 el Gobierno Nacional con el gremio y la industria lechera"}]},{"@type":"WebSite","@id":"https:\/\/informelitoral.com.ar\/#website","url":"https:\/\/informelitoral.com.ar\/","name":"Informe Litoral","description":"&quot;Nos informamos&quot; ","publisher":{"@id":"https:\/\/informelitoral.com.ar\/#organization"},"potentialAction":[{"@type":"SearchAction","target":{"@type":"EntryPoint","urlTemplate":"https:\/\/informelitoral.com.ar\/?s={search_term_string}"},"query-input":{"@type":"PropertyValueSpecification","valueRequired":true,"valueName":"search_term_string"}}],"inLanguage":"es"},{"@type":"Organization","@id":"https:\/\/informelitoral.com.ar\/#organization","name":"Informe Litoral","url":"https:\/\/informelitoral.com.ar\/","logo":{"@type":"ImageObject","inLanguage":"es","@id":"https:\/\/informelitoral.com.ar\/#\/schema\/logo\/image\/","url":"https:\/\/informelitoral.com.ar\/%77%70%2d%63%6f%6e%74%65%6e%74\/uploads\/2021\/01\/circulo.png","contentUrl":"https:\/\/informelitoral.com.ar\/%77%70%2d%63%6f%6e%74%65%6e%74\/uploads\/2021\/01\/circulo.png","width":723,"height":731,"caption":"Informe Litoral"},"image":{"@id":"https:\/\/informelitoral.com.ar\/#\/schema\/logo\/image\/"},"sameAs":["https:\/\/www.facebook.com\/informelitoral\/","https:\/\/x.com\/InformeLitoral","https:\/\/www.instagram.com\/informelitoral\/","https:\/\/www.youtube.com\/channel\/UCua4Qvz8Icb6MYqhoq9xLXw"]},{"@type":"Person","@id":"https:\/\/informelitoral.com.ar\/#\/schema\/person\/b9d00407c836482871ef1d57bf8e3180","name":"Gonzalo Schmidt","image":{"@type":"ImageObject","inLanguage":"es","@id":"https:\/\/secure.gravatar.com\/avatar\/31a1a7b66ff2de83bd0e9fd79d026630d2d99e55e8bfe501287647b4fd9743de?s=96&d=mm&r=g","url":"https:\/\/secure.gravatar.com\/avatar\/31a1a7b66ff2de83bd0e9fd79d026630d2d99e55e8bfe501287647b4fd9743de?s=96&d=mm&r=g","contentUrl":"https:\/\/secure.gravatar.com\/avatar\/31a1a7b66ff2de83bd0e9fd79d026630d2d99e55e8bfe501287647b4fd9743de?s=96&d=mm&r=g","caption":"Gonzalo Schmidt"},"description":"Sitio web de noticias de la provincia de Entre R\u00edos, Argentina. Informaci\u00f3n y entretenimiento. Informe Litoral, nos informamos.","sameAs":["http:\/\/www.isletasnoticias.com.ar"],"url":"https:\/\/informelitoral.com.ar\/author\/gonzalo\/"}]}},"_links":{"self":[{"href":"https:\/\/informelitoral.com.ar\/%77%70%2d%6a%73%6f%6e\/wp\/v2\/posts\/23593","targetHints":{"allow":["GET"]}}],"collection":[{"href":"https:\/\/informelitoral.com.ar\/%77%70%2d%6a%73%6f%6e\/wp\/v2\/posts"}],"about":[{"href":"https:\/\/informelitoral.com.ar\/%77%70%2d%6a%73%6f%6e\/wp\/v2\/types\/post"}],"author":[{"embeddable":true,"href":"https:\/\/informelitoral.com.ar\/%77%70%2d%6a%73%6f%6e\/wp\/v2\/users\/2"}],"replies":[{"embeddable":true,"href":"https:\/\/informelitoral.com.ar\/%77%70%2d%6a%73%6f%6e\/wp\/v2\/comments?post=23593"}],"version-history":[{"count":0,"href":"https:\/\/informelitoral.com.ar\/%77%70%2d%6a%73%6f%6e\/wp\/v2\/posts\/23593\/revisions"}],"wp:attachment":[{"href":"https:\/\/informelitoral.com.ar\/%77%70%2d%6a%73%6f%6e\/wp\/v2\/media?parent=23593"}],"wp:term":[{"taxonomy":"category","embeddable":true,"href":"https:\/\/informelitoral.com.ar\/%77%70%2d%6a%73%6f%6e\/wp\/v2\/categories?post=23593"},{"taxonomy":"post_tag","embeddable":true,"href":"https:\/\/informelitoral.com.ar\/%77%70%2d%6a%73%6f%6e\/wp\/v2\/tags?post=23593"}],"curies":[{"name":"wp","href":"https:\/\/api.w.org\/{rel}","templated":true}]}}