{"id":23590,"date":"2017-10-31T07:44:41","date_gmt":"2017-10-31T10:44:41","guid":{"rendered":"http:\/\/www.isletasnoticias.com.ar\/?p=23590"},"modified":"2017-10-31T07:44:41","modified_gmt":"2017-10-31T10:44:41","slug":"bordet-reducira-a-cinco-la-cantidad-de-ministerios","status":"publish","type":"post","link":"https:\/\/informelitoral.com.ar\/bordet-reducira-a-cinco-la-cantidad-de-ministerios\/","title":{"rendered":"Bordet reducir\u00e1 a cinco la cantidad de ministerios"},"content":{"rendered":"<div class=\"post-right\">\n<p class=\"post-excerpt\"><strong>El gobernador entrerriano lo ratific\u00f3 tras participar, ayer, del acto encabezado por el presidente <em>Mauricio Macri.<\/em> Respecto a las reformas que propone Naci\u00f3n, el entrerriano dijo que comparte los aspectos generales aunque prefiri\u00f3 ser cauto con las medidas particulares. Tambi\u00e9n adelant\u00f3 que convocar\u00e1 a los bloques legislativos para acordar una agenda de trabajo de aqu\u00ed a fin de a\u00f1o.<a href=\"http:\/\/www.isletasnoticias.com.ar\/%77%70%2d%63%6f%6e%74%65%6e%74\/uploads\/2017\/10\/gustavo-bordet-con-macri.jpg\"><img loading=\"lazy\" decoding=\"async\" class=\"aligncenter wp-image-23591 size-full\" src=\"http:\/\/www.isletasnoticias.com.ar\/%77%70%2d%63%6f%6e%74%65%6e%74\/uploads\/2017\/10\/gustavo-bordet-con-macri.jpg\" alt=\"\" width=\"640\" height=\"360\" srcset=\"https:\/\/informelitoral.com.ar\/%77%70%2d%63%6f%6e%74%65%6e%74\/uploads\/2017\/10\/gustavo-bordet-con-macri.jpg 640w, https:\/\/informelitoral.com.ar\/%77%70%2d%63%6f%6e%74%65%6e%74\/uploads\/2017\/10\/gustavo-bordet-con-macri-300x169.jpg 300w\" sizes=\"auto, (max-width: 640px) 100vw, 640px\" \/><\/a><\/strong><\/p>\n<\/div>\n<div class=\"post-body-inner\">\n<p>El gobernador\u00a0<strong>Gustavo Bordet<\/strong>\u00a0se refiri\u00f3 al discurso del presidente\u00a0<strong>Mauricio Macri<\/strong>\u00a0y sostuvo que \u201c<strong>en los principios generales estamos de acuerdo<\/strong>\u201d, aunque advirti\u00f3 que \u201chabr\u00e1 que ver en particular c\u00f3mo se dan cada uno de los temas\u201d.<\/p>\n<p>Tambi\u00e9n ratific\u00f3 que se reducir\u00e1 a cinco la cantidad de ministerios de la provincia y que convocar\u00e1 a los bloques legislativos para consensuar agenda de ac\u00e1 a fin de a\u00f1o.<\/p>\n<p>En referencia a las reformas en el Estado provincial, el mandatario indic\u00f3 que \u201ctodav\u00eda hay algunas modificaciones que estamos estudiando y trabajando con vistas a\u00a0<strong>mejorar la calidad de la gesti\u00f3n y a buscar un sistema de administraci\u00f3n que sea m\u00e1s \u00e1gil y mucho menos costoso, con muchos menos funcionarios<\/strong>\u201d.<\/p>\n<p>En ese contexto, Bordet adelant\u00f3 que se eliminar\u00e1n \u201cmuchas secretar\u00edas van a pasar a ser subsecretar\u00edas, muchas subsecretar\u00edas van a pasar a ser direcciones, muchas direcciones van a pasar a ser \u00e1reas, porque entendemos que<strong>\u00a0hay que lograr de alg\u00fan modo contener el gasto p\u00fablico, que es algo que venimos haciendo sin que esto signifique que sea a base del esfuerzo de los trabajadores.<\/strong>\u00a0Algo que siempre hemos mantenido y nunca hemos despedido a ning\u00fan trabajador\u201d.<\/p>\n<p><strong>\u201cCon cinco ministerios la provincia funciona bien.<\/strong>\u00a0Va a funcionar mejor, incluso, porque est\u00e1 concentrado un poder de administraci\u00f3n que es mucho m\u00e1s f\u00e1cil y \u00e1gil, en definitiva, llevarlo a la pr\u00e1ctica\u201d, argument\u00f3 Bordet, y en esa l\u00ednea agreg\u00f3: \u201cpretendemos que sea mucho m\u00e1s funcional, con responsabilidades bien marcadas y espec\u00edficas.\u00a0<strong>El recambio de funcionarios que hemos hechos obedece a esa l\u00f3gica. Pr\u00e1cticamente no hemos nombrado funcionarios nuevos, salvo en aquellos lugares donde obviamente por la funci\u00f3n resultaba imprescindible nombrarlos\u201d.<\/strong><\/p>\n<p><b>Convocatoria legislativa<\/b><\/p>\n<p>Por \u00faltimo, el mandatario afirm\u00f3 que \u201cvamos a trabajar fuertemente en la gesti\u00f3n\u201d y resalt\u00f3 que \u201ctenemos una muy buena consideraci\u00f3n de la opini\u00f3n p\u00fablica, y es lo que no queremos defraudar, porque es para lo que me eligieron y eligieron a los que integran mi gesti\u00f3n\u201d.<\/p>\n<p>\u201cLas elecciones ya pasaron, los problemas quedan y hay que resolverlos. Ahora estamos resolviendo los problemas, tenemos mucho trabajo por delante\u201d, dijo Bordet y adelant\u00f3 que \u201c<strong>esta semana estoy convocando a los bloques legislativos para avanzar en una agenda que nos sentemos a trabajar antes de fin de a\u00f1o<\/strong>\u201d.<\/p>\n<p>\u201cHay una ley, la m\u00e1s importante, que es la de presupuesto. Pero tambi\u00e9n hay otras leyes, nos espera un trabajo muy arduo por delante y creo que no corresponde hacer ning\u00fan tipo de especulaci\u00f3n pol\u00edtica sobre el futuro y menos a m\u00ed, que me toca gobernar\u201d, concluy\u00f3 el mandatario provincial.<\/p>\n<p><strong>El discurso de Macri<a class=\"thickbox\" href=\"http:\/\/www.entremediosweb.com\/%77%70%2d%63%6f%6e%74%65%6e%74\/uploads\/2017\/10\/1509403463jpg.jpg\"><img loading=\"lazy\" decoding=\"async\" class=\"aligncenter wp-image-46664 size-large\" src=\"http:\/\/www.entremediosweb.com\/%77%70%2d%63%6f%6e%74%65%6e%74\/uploads\/2017\/10\/1509403463jpg-640x418.jpg\" sizes=\"auto, (max-width: 640px) 100vw, 640px\" srcset=\"http:\/\/www.entremediosweb.com\/%77%70%2d%63%6f%6e%74%65%6e%74\/uploads\/2017\/10\/1509403463jpg-640x418.jpg 640w, http:\/\/www.entremediosweb.com\/%77%70%2d%63%6f%6e%74%65%6e%74\/uploads\/2017\/10\/1509403463jpg-240x157.jpg 240w, http:\/\/www.entremediosweb.com\/%77%70%2d%63%6f%6e%74%65%6e%74\/uploads\/2017\/10\/1509403463jpg-400x261.jpg 400w, http:\/\/www.entremediosweb.com\/%77%70%2d%63%6f%6e%74%65%6e%74\/uploads\/2017\/10\/1509403463jpg-768x501.jpg 768w\" alt=\"\" width=\"640\" height=\"418\" \/><\/a><\/strong><\/p>\n<p>Respecto al discurso que brind\u00f3 ayer al mediod\u00eda el presidente de la Naci\u00f3n, Bordet expres\u00f3: \u201cNo podemos estar en desacuerdo con aspectos que son b\u00e1sicos para que Argentina pueda encaminarse en un rumbo decidido para tener la estabilidad necesaria\u201d, sostuvo el lunes. Tambi\u00e9n se\u00f1al\u00f3 que \u201c<strong>cada una de los tres postulados b\u00e1sicos que plante\u00f3 el presidente tienen que ser explicitados<\/strong>\u201d.<\/p>\n<p>\u201cAc\u00e1 se habl\u00f3 de reforma tributaria y reci\u00e9n se va a dar a conocer el mi\u00e9rcoles, entonces ah\u00ed analizaremos\u201d, ejemplific\u00f3 Bordet en di\u00e1logo con\u00a0<em>FM Litoral<\/em>\u00a0y reiter\u00f3 que \u201chabr\u00e1 que ver en particular cuando analicemos los alcances de cada uno de los temas que se plantean como prioritarios para la b\u00fasqueda de estos consensos b\u00e1sicos\u201d.<\/p>\n<p>En ese sentido, Bordet que estuvo presente durante el discurso que el presidente Macri ofreci\u00f3 en el Centro Cultural Kirchner se mostr\u00f3 con \u201cmuy buena expectativa\u201d ante la convocatoria \u201ca todos los sectores\u201d. \u201c<strong>Se necesita de un acuerdo que, por otro lado, lo venimos planteando los gobernadores meses atr\u00e1s.<\/strong>\u00a0Superada esta instancia electoral, creo que es un momento apropiado\u201d.<\/p>\n<p>Bordet tambi\u00e9n sostuvo que las metas de<strong>\u00a0responsabilidad fiscal<\/strong>\u00a0no son \u201cs\u00f3lo para las provincias, sino tambi\u00e9n para la Naci\u00f3n\u201d. \u201cCreo que es que hay que avanzar en un esquema de reformas que compensen grav\u00e1menes o impuestos, o tasas que son distorsivas para aquellas otras que puedan ser m\u00e1s progresivas\u201d, agreg\u00f3.<\/p>\n<p>En esa l\u00ednea se expres\u00f3 por \u201c<strong>encontrar un equilibrio que permita que quienes tienen activa participaci\u00f3n en los procesos productivos tengan beneficio, y quienes no tengan que tributar<\/strong>\u201d, y destac\u00f3 que \u201cen Entre R\u00edos tenemos un esquema donde la industria no paga ingresos brutos\u201d.<\/p>\n<p>En cuanto a la reforma tributaria en la provincia, Bordet sostuvo que\u00a0<strong>\u201cprimero hay que ver el contenido de la reforma tributaria del gobierno nacional<\/strong>, ver hasta d\u00f3nde se avanza con las provincias, cu\u00e1l es la propuesta; y por otro lado, que no nos genere un d\u00e9ficit de caja en las provincias. Creo que este es el equilibrio que tenemos que alcanzar y a partir de ah\u00ed plantear esta reforma tributaria en la provincia de Entre R\u00edos\u201d.<\/p>\n<p>\u201cLas provincias argentinas han tenido muy malas experiencias, sobre todo en los a\u00f1os \u00b490 cuando el entonces ministro Cavallo transfiri\u00f3 una cantidad de servicios, como el caso de educaci\u00f3n o la salud a las provincias, y no s\u00f3lo no transfiri\u00f3 los recursos sino que tambi\u00e9n se los apropi\u00f3. Uno siempre tiene que ceder cuando hay alguna negociaci\u00f3n, lo que queremos saber es cu\u00e1l es la parte que cede tambi\u00e9n como contrapartida el gobierno nacional\u201d, explic\u00f3 el mandatario.<\/p>\n<\/div>\n","protected":false},"excerpt":{"rendered":"<p>El gobernador entrerriano lo ratific&oacute; tras participar, ayer, del acto encabezado por el presidente Mauricio Macri. Respecto a las reformas que propone Naci&oacute;n, el entrerriano dijo que comparte los aspectos generales aunque prefiri&oacute; ser cauto con las medidas particulares. Tambi&eacute;n adelant&oacute; que convocar&aacute; a los bloques legislativos para acordar una agenda de trabajo de aqu&iacute; [&hellip;]<\/p>\n","protected":false},"author":2,"featured_media":0,"comment_status":"open","ping_status":"open","sticky":false,"template":"","format":"standard","meta":{"fifu_image_url":"","fifu_image_alt":"","footnotes":""},"categories":[6,16],"tags":[],"class_list":{"0":"post-23590","1":"post","2":"type-post","3":"status-publish","4":"format-standard","6":"category-entre-rios","7":"category-politi"},"yoast_head":"<title>Bordet reducir\u00e1 a cinco la cantidad de ministerios - Informe Litoral<\/title>\n<meta name=\"robots\" content=\"index, follow, max-snippet:-1, max-image-preview:large, max-video-preview:-1\" \/>\n<link rel=\"canonical\" href=\"https:\/\/informelitoral.com.ar\/bordet-reducira-a-cinco-la-cantidad-de-ministerios\/\" \/>\n<meta property=\"og:locale\" content=\"es_ES\" \/>\n<meta property=\"og:type\" content=\"article\" \/>\n<meta property=\"og:title\" content=\"Bordet reducir\u00e1 a cinco la cantidad de ministerios - Informe Litoral\" \/>\n<meta property=\"og:description\" content=\"El gobernador entrerriano lo ratific&oacute; tras participar, ayer, del acto encabezado por el presidente Mauricio Macri. Respecto a las reformas que propone Naci&oacute;n, el entrerriano dijo que comparte los aspectos generales aunque prefiri&oacute; ser cauto con las medidas particulares. Tambi&eacute;n adelant&oacute; que convocar&aacute; a los bloques legislativos para acordar una agenda de trabajo de aqu&iacute; [&hellip;]\" \/>\n<meta property=\"og:url\" content=\"https:\/\/informelitoral.com.ar\/bordet-reducira-a-cinco-la-cantidad-de-ministerios\/\" \/>\n<meta property=\"og:site_name\" content=\"Informe Litoral\" \/>\n<meta property=\"article:publisher\" content=\"https:\/\/www.facebook.com\/informelitoral\/\" \/>\n<meta property=\"article:published_time\" content=\"2017-10-31T10:44:41+00:00\" \/>\n<meta property=\"og:image\" content=\"https:\/\/informelitoral.com.ar\/%77%70%2d%63%6f%6e%74%65%6e%74\/uploads\/2017\/10\/gustavo-bordet-con-macri.jpg\" \/>\n\t<meta property=\"og:image:width\" content=\"640\" \/>\n\t<meta property=\"og:image:height\" content=\"360\" \/>\n\t<meta property=\"og:image:type\" content=\"image\/jpeg\" \/>\n<meta name=\"author\" content=\"Gonzalo Schmidt\" \/>\n<meta name=\"twitter:card\" content=\"summary_large_image\" \/>\n<meta name=\"twitter:creator\" content=\"@InformeLitoral\" \/>\n<meta name=\"twitter:site\" content=\"@InformeLitoral\" \/>\n<meta name=\"twitter:label1\" content=\"Escrito por\" \/>\n\t<meta name=\"twitter:data1\" content=\"Gonzalo Schmidt\" \/>\n\t<meta name=\"twitter:label2\" content=\"Tiempo de lectura\" \/>\n\t<meta name=\"twitter:data2\" content=\"5 minutos\" \/>\n<script type=\"application\/ld+json\" class=\"yoast-schema-graph\">{\"@context\":\"https:\\\/\\\/schema.org\",\"@graph\":[{\"@type\":\"Article\",\"@id\":\"https:\\\/\\\/informelitoral.com.ar\\\/bordet-reducira-a-cinco-la-cantidad-de-ministerios\\\/#article\",\"isPartOf\":{\"@id\":\"https:\\\/\\\/informelitoral.com.ar\\\/bordet-reducira-a-cinco-la-cantidad-de-ministerios\\\/\"},\"author\":{\"name\":\"Gonzalo Schmidt\",\"@id\":\"https:\\\/\\\/informelitoral.com.ar\\\/#\\\/schema\\\/person\\\/b9d00407c836482871ef1d57bf8e3180\"},\"headline\":\"Bordet reducir\u00e1 a cinco la cantidad de ministerios\",\"datePublished\":\"2017-10-31T10:44:41+00:00\",\"mainEntityOfPage\":{\"@id\":\"https:\\\/\\\/informelitoral.com.ar\\\/bordet-reducira-a-cinco-la-cantidad-de-ministerios\\\/\"},\"wordCount\":986,\"commentCount\":0,\"publisher\":{\"@id\":\"https:\\\/\\\/informelitoral.com.ar\\\/#organization\"},\"image\":{\"@id\":\"https:\\\/\\\/informelitoral.com.ar\\\/bordet-reducira-a-cinco-la-cantidad-de-ministerios\\\/#primaryimage\"},\"thumbnailUrl\":\"http:\\\/\\\/www.isletasnoticias.com.ar\\\/%77%70%2d%63%6f%6e%74%65%6e%74\\\/uploads\\\/2017\\\/10\\\/gustavo-bordet-con-macri.jpg\",\"articleSection\":[\"Entre R\u00edos\",\"Politica\"],\"inLanguage\":\"es\",\"potentialAction\":[{\"@type\":\"CommentAction\",\"name\":\"Comment\",\"target\":[\"https:\\\/\\\/informelitoral.com.ar\\\/bordet-reducira-a-cinco-la-cantidad-de-ministerios\\\/#respond\"]}]},{\"@type\":\"WebPage\",\"@id\":\"https:\\\/\\\/informelitoral.com.ar\\\/bordet-reducira-a-cinco-la-cantidad-de-ministerios\\\/\",\"url\":\"https:\\\/\\\/informelitoral.com.ar\\\/bordet-reducira-a-cinco-la-cantidad-de-ministerios\\\/\",\"name\":\"Bordet reducir\u00e1 a cinco la cantidad de ministerios - Informe Litoral\",\"isPartOf\":{\"@id\":\"https:\\\/\\\/informelitoral.com.ar\\\/#website\"},\"primaryImageOfPage\":{\"@id\":\"https:\\\/\\\/informelitoral.com.ar\\\/bordet-reducira-a-cinco-la-cantidad-de-ministerios\\\/#primaryimage\"},\"image\":{\"@id\":\"https:\\\/\\\/informelitoral.com.ar\\\/bordet-reducira-a-cinco-la-cantidad-de-ministerios\\\/#primaryimage\"},\"thumbnailUrl\":\"http:\\\/\\\/www.isletasnoticias.com.ar\\\/%77%70%2d%63%6f%6e%74%65%6e%74\\\/uploads\\\/2017\\\/10\\\/gustavo-bordet-con-macri.jpg\",\"datePublished\":\"2017-10-31T10:44:41+00:00\",\"breadcrumb\":{\"@id\":\"https:\\\/\\\/informelitoral.com.ar\\\/bordet-reducira-a-cinco-la-cantidad-de-ministerios\\\/#breadcrumb\"},\"inLanguage\":\"es\",\"potentialAction\":[{\"@type\":\"ReadAction\",\"target\":[\"https:\\\/\\\/informelitoral.com.ar\\\/bordet-reducira-a-cinco-la-cantidad-de-ministerios\\\/\"]}]},{\"@type\":\"ImageObject\",\"inLanguage\":\"es\",\"@id\":\"https:\\\/\\\/informelitoral.com.ar\\\/bordet-reducira-a-cinco-la-cantidad-de-ministerios\\\/#primaryimage\",\"url\":\"http:\\\/\\\/www.isletasnoticias.com.ar\\\/%77%70%2d%63%6f%6e%74%65%6e%74\\\/uploads\\\/2017\\\/10\\\/gustavo-bordet-con-macri.jpg\",\"contentUrl\":\"http:\\\/\\\/www.isletasnoticias.com.ar\\\/%77%70%2d%63%6f%6e%74%65%6e%74\\\/uploads\\\/2017\\\/10\\\/gustavo-bordet-con-macri.jpg\"},{\"@type\":\"BreadcrumbList\",\"@id\":\"https:\\\/\\\/informelitoral.com.ar\\\/bordet-reducira-a-cinco-la-cantidad-de-ministerios\\\/#breadcrumb\",\"itemListElement\":[{\"@type\":\"ListItem\",\"position\":1,\"name\":\"Portada\",\"item\":\"https:\\\/\\\/informelitoral.com.ar\\\/\"},{\"@type\":\"ListItem\",\"position\":2,\"name\":\"Bordet reducir\u00e1 a cinco la cantidad de ministerios\"}]},{\"@type\":\"WebSite\",\"@id\":\"https:\\\/\\\/informelitoral.com.ar\\\/#website\",\"url\":\"https:\\\/\\\/informelitoral.com.ar\\\/\",\"name\":\"Informe Litoral\",\"description\":\"&quot;Nos informamos&quot; \",\"publisher\":{\"@id\":\"https:\\\/\\\/informelitoral.com.ar\\\/#organization\"},\"potentialAction\":[{\"@type\":\"SearchAction\",\"target\":{\"@type\":\"EntryPoint\",\"urlTemplate\":\"https:\\\/\\\/informelitoral.com.ar\\\/?s={search_term_string}\"},\"query-input\":{\"@type\":\"PropertyValueSpecification\",\"valueRequired\":true,\"valueName\":\"search_term_string\"}}],\"inLanguage\":\"es\"},{\"@type\":\"Organization\",\"@id\":\"https:\\\/\\\/informelitoral.com.ar\\\/#organization\",\"name\":\"Informe Litoral\",\"url\":\"https:\\\/\\\/informelitoral.com.ar\\\/\",\"logo\":{\"@type\":\"ImageObject\",\"inLanguage\":\"es\",\"@id\":\"https:\\\/\\\/informelitoral.com.ar\\\/#\\\/schema\\\/logo\\\/image\\\/\",\"url\":\"https:\\\/\\\/informelitoral.com.ar\\\/%77%70%2d%63%6f%6e%74%65%6e%74\\\/uploads\\\/2021\\\/01\\\/circulo.png\",\"contentUrl\":\"https:\\\/\\\/informelitoral.com.ar\\\/%77%70%2d%63%6f%6e%74%65%6e%74\\\/uploads\\\/2021\\\/01\\\/circulo.png\",\"width\":723,\"height\":731,\"caption\":\"Informe Litoral\"},\"image\":{\"@id\":\"https:\\\/\\\/informelitoral.com.ar\\\/#\\\/schema\\\/logo\\\/image\\\/\"},\"sameAs\":[\"https:\\\/\\\/www.facebook.com\\\/informelitoral\\\/\",\"https:\\\/\\\/x.com\\\/InformeLitoral\",\"https:\\\/\\\/www.instagram.com\\\/informelitoral\\\/\",\"https:\\\/\\\/www.youtube.com\\\/channel\\\/UCua4Qvz8Icb6MYqhoq9xLXw\"]},{\"@type\":\"Person\",\"@id\":\"https:\\\/\\\/informelitoral.com.ar\\\/#\\\/schema\\\/person\\\/b9d00407c836482871ef1d57bf8e3180\",\"name\":\"Gonzalo Schmidt\",\"image\":{\"@type\":\"ImageObject\",\"inLanguage\":\"es\",\"@id\":\"https:\\\/\\\/secure.gravatar.com\\\/avatar\\\/31a1a7b66ff2de83bd0e9fd79d026630d2d99e55e8bfe501287647b4fd9743de?s=96&d=mm&r=g\",\"url\":\"https:\\\/\\\/secure.gravatar.com\\\/avatar\\\/31a1a7b66ff2de83bd0e9fd79d026630d2d99e55e8bfe501287647b4fd9743de?s=96&d=mm&r=g\",\"contentUrl\":\"https:\\\/\\\/secure.gravatar.com\\\/avatar\\\/31a1a7b66ff2de83bd0e9fd79d026630d2d99e55e8bfe501287647b4fd9743de?s=96&d=mm&r=g\",\"caption\":\"Gonzalo Schmidt\"},\"description\":\"Sitio web de noticias de la provincia de Entre R\u00edos, Argentina. Informaci\u00f3n y entretenimiento. Informe Litoral, nos informamos.\",\"sameAs\":[\"http:\\\/\\\/www.isletasnoticias.com.ar\"],\"url\":\"https:\\\/\\\/informelitoral.com.ar\\\/author\\\/gonzalo\\\/\"}]}<\/script>","yoast_head_json":{"title":"Bordet reducir\u00e1 a cinco la cantidad de ministerios - Informe Litoral","robots":{"index":"index","follow":"follow","max-snippet":"max-snippet:-1","max-image-preview":"max-image-preview:large","max-video-preview":"max-video-preview:-1"},"canonical":"https:\/\/informelitoral.com.ar\/bordet-reducira-a-cinco-la-cantidad-de-ministerios\/","og_locale":"es_ES","og_type":"article","og_title":"Bordet reducir\u00e1 a cinco la cantidad de ministerios - Informe Litoral","og_description":"El gobernador entrerriano lo ratific&oacute; tras participar, ayer, del acto encabezado por el presidente Mauricio Macri. Respecto a las reformas que propone Naci&oacute;n, el entrerriano dijo que comparte los aspectos generales aunque prefiri&oacute; ser cauto con las medidas particulares. Tambi&eacute;n adelant&oacute; que convocar&aacute; a los bloques legislativos para acordar una agenda de trabajo de aqu&iacute; [&hellip;]","og_url":"https:\/\/informelitoral.com.ar\/bordet-reducira-a-cinco-la-cantidad-de-ministerios\/","og_site_name":"Informe Litoral","article_publisher":"https:\/\/www.facebook.com\/informelitoral\/","article_published_time":"2017-10-31T10:44:41+00:00","og_image":[{"width":640,"height":360,"url":"https:\/\/informelitoral.com.ar\/%77%70%2d%63%6f%6e%74%65%6e%74\/uploads\/2017\/10\/gustavo-bordet-con-macri.jpg","type":"image\/jpeg"}],"author":"Gonzalo Schmidt","twitter_card":"summary_large_image","twitter_creator":"@InformeLitoral","twitter_site":"@InformeLitoral","twitter_misc":{"Escrito por":"Gonzalo Schmidt","Tiempo de lectura":"5 minutos"},"schema":{"@context":"https:\/\/schema.org","@graph":[{"@type":"Article","@id":"https:\/\/informelitoral.com.ar\/bordet-reducira-a-cinco-la-cantidad-de-ministerios\/#article","isPartOf":{"@id":"https:\/\/informelitoral.com.ar\/bordet-reducira-a-cinco-la-cantidad-de-ministerios\/"},"author":{"name":"Gonzalo Schmidt","@id":"https:\/\/informelitoral.com.ar\/#\/schema\/person\/b9d00407c836482871ef1d57bf8e3180"},"headline":"Bordet reducir\u00e1 a cinco la cantidad de ministerios","datePublished":"2017-10-31T10:44:41+00:00","mainEntityOfPage":{"@id":"https:\/\/informelitoral.com.ar\/bordet-reducira-a-cinco-la-cantidad-de-ministerios\/"},"wordCount":986,"commentCount":0,"publisher":{"@id":"https:\/\/informelitoral.com.ar\/#organization"},"image":{"@id":"https:\/\/informelitoral.com.ar\/bordet-reducira-a-cinco-la-cantidad-de-ministerios\/#primaryimage"},"thumbnailUrl":"http:\/\/www.isletasnoticias.com.ar\/%77%70%2d%63%6f%6e%74%65%6e%74\/uploads\/2017\/10\/gustavo-bordet-con-macri.jpg","articleSection":["Entre R\u00edos","Politica"],"inLanguage":"es","potentialAction":[{"@type":"CommentAction","name":"Comment","target":["https:\/\/informelitoral.com.ar\/bordet-reducira-a-cinco-la-cantidad-de-ministerios\/#respond"]}]},{"@type":"WebPage","@id":"https:\/\/informelitoral.com.ar\/bordet-reducira-a-cinco-la-cantidad-de-ministerios\/","url":"https:\/\/informelitoral.com.ar\/bordet-reducira-a-cinco-la-cantidad-de-ministerios\/","name":"Bordet reducir\u00e1 a cinco la cantidad de ministerios - Informe Litoral","isPartOf":{"@id":"https:\/\/informelitoral.com.ar\/#website"},"primaryImageOfPage":{"@id":"https:\/\/informelitoral.com.ar\/bordet-reducira-a-cinco-la-cantidad-de-ministerios\/#primaryimage"},"image":{"@id":"https:\/\/informelitoral.com.ar\/bordet-reducira-a-cinco-la-cantidad-de-ministerios\/#primaryimage"},"thumbnailUrl":"http:\/\/www.isletasnoticias.com.ar\/%77%70%2d%63%6f%6e%74%65%6e%74\/uploads\/2017\/10\/gustavo-bordet-con-macri.jpg","datePublished":"2017-10-31T10:44:41+00:00","breadcrumb":{"@id":"https:\/\/informelitoral.com.ar\/bordet-reducira-a-cinco-la-cantidad-de-ministerios\/#breadcrumb"},"inLanguage":"es","potentialAction":[{"@type":"ReadAction","target":["https:\/\/informelitoral.com.ar\/bordet-reducira-a-cinco-la-cantidad-de-ministerios\/"]}]},{"@type":"ImageObject","inLanguage":"es","@id":"https:\/\/informelitoral.com.ar\/bordet-reducira-a-cinco-la-cantidad-de-ministerios\/#primaryimage","url":"http:\/\/www.isletasnoticias.com.ar\/%77%70%2d%63%6f%6e%74%65%6e%74\/uploads\/2017\/10\/gustavo-bordet-con-macri.jpg","contentUrl":"http:\/\/www.isletasnoticias.com.ar\/%77%70%2d%63%6f%6e%74%65%6e%74\/uploads\/2017\/10\/gustavo-bordet-con-macri.jpg"},{"@type":"BreadcrumbList","@id":"https:\/\/informelitoral.com.ar\/bordet-reducira-a-cinco-la-cantidad-de-ministerios\/#breadcrumb","itemListElement":[{"@type":"ListItem","position":1,"name":"Portada","item":"https:\/\/informelitoral.com.ar\/"},{"@type":"ListItem","position":2,"name":"Bordet reducir\u00e1 a cinco la cantidad de ministerios"}]},{"@type":"WebSite","@id":"https:\/\/informelitoral.com.ar\/#website","url":"https:\/\/informelitoral.com.ar\/","name":"Informe Litoral","description":"&quot;Nos informamos&quot; ","publisher":{"@id":"https:\/\/informelitoral.com.ar\/#organization"},"potentialAction":[{"@type":"SearchAction","target":{"@type":"EntryPoint","urlTemplate":"https:\/\/informelitoral.com.ar\/?s={search_term_string}"},"query-input":{"@type":"PropertyValueSpecification","valueRequired":true,"valueName":"search_term_string"}}],"inLanguage":"es"},{"@type":"Organization","@id":"https:\/\/informelitoral.com.ar\/#organization","name":"Informe Litoral","url":"https:\/\/informelitoral.com.ar\/","logo":{"@type":"ImageObject","inLanguage":"es","@id":"https:\/\/informelitoral.com.ar\/#\/schema\/logo\/image\/","url":"https:\/\/informelitoral.com.ar\/%77%70%2d%63%6f%6e%74%65%6e%74\/uploads\/2021\/01\/circulo.png","contentUrl":"https:\/\/informelitoral.com.ar\/%77%70%2d%63%6f%6e%74%65%6e%74\/uploads\/2021\/01\/circulo.png","width":723,"height":731,"caption":"Informe Litoral"},"image":{"@id":"https:\/\/informelitoral.com.ar\/#\/schema\/logo\/image\/"},"sameAs":["https:\/\/www.facebook.com\/informelitoral\/","https:\/\/x.com\/InformeLitoral","https:\/\/www.instagram.com\/informelitoral\/","https:\/\/www.youtube.com\/channel\/UCua4Qvz8Icb6MYqhoq9xLXw"]},{"@type":"Person","@id":"https:\/\/informelitoral.com.ar\/#\/schema\/person\/b9d00407c836482871ef1d57bf8e3180","name":"Gonzalo Schmidt","image":{"@type":"ImageObject","inLanguage":"es","@id":"https:\/\/secure.gravatar.com\/avatar\/31a1a7b66ff2de83bd0e9fd79d026630d2d99e55e8bfe501287647b4fd9743de?s=96&d=mm&r=g","url":"https:\/\/secure.gravatar.com\/avatar\/31a1a7b66ff2de83bd0e9fd79d026630d2d99e55e8bfe501287647b4fd9743de?s=96&d=mm&r=g","contentUrl":"https:\/\/secure.gravatar.com\/avatar\/31a1a7b66ff2de83bd0e9fd79d026630d2d99e55e8bfe501287647b4fd9743de?s=96&d=mm&r=g","caption":"Gonzalo Schmidt"},"description":"Sitio web de noticias de la provincia de Entre R\u00edos, Argentina. Informaci\u00f3n y entretenimiento. Informe Litoral, nos informamos.","sameAs":["http:\/\/www.isletasnoticias.com.ar"],"url":"https:\/\/informelitoral.com.ar\/author\/gonzalo\/"}]}},"_links":{"self":[{"href":"https:\/\/informelitoral.com.ar\/%77%70%2d%6a%73%6f%6e\/wp\/v2\/posts\/23590","targetHints":{"allow":["GET"]}}],"collection":[{"href":"https:\/\/informelitoral.com.ar\/%77%70%2d%6a%73%6f%6e\/wp\/v2\/posts"}],"about":[{"href":"https:\/\/informelitoral.com.ar\/%77%70%2d%6a%73%6f%6e\/wp\/v2\/types\/post"}],"author":[{"embeddable":true,"href":"https:\/\/informelitoral.com.ar\/%77%70%2d%6a%73%6f%6e\/wp\/v2\/users\/2"}],"replies":[{"embeddable":true,"href":"https:\/\/informelitoral.com.ar\/%77%70%2d%6a%73%6f%6e\/wp\/v2\/comments?post=23590"}],"version-history":[{"count":0,"href":"https:\/\/informelitoral.com.ar\/%77%70%2d%6a%73%6f%6e\/wp\/v2\/posts\/23590\/revisions"}],"wp:attachment":[{"href":"https:\/\/informelitoral.com.ar\/%77%70%2d%6a%73%6f%6e\/wp\/v2\/media?parent=23590"}],"wp:term":[{"taxonomy":"category","embeddable":true,"href":"https:\/\/informelitoral.com.ar\/%77%70%2d%6a%73%6f%6e\/wp\/v2\/categories?post=23590"},{"taxonomy":"post_tag","embeddable":true,"href":"https:\/\/informelitoral.com.ar\/%77%70%2d%6a%73%6f%6e\/wp\/v2\/tags?post=23590"}],"curies":[{"name":"wp","href":"https:\/\/api.w.org\/{rel}","templated":true}]}}