{"id":2358,"date":"2013-07-05T22:46:05","date_gmt":"2013-07-06T01:46:05","guid":{"rendered":"http:\/\/www.isletasnoticias.com.ar\/?p=2358"},"modified":"2013-07-05T22:46:05","modified_gmt":"2013-07-06T01:46:05","slug":"monge-propone-facultar-a-municipios-a-realizar-acuerdos-en-materia-internacional","status":"publish","type":"post","link":"https:\/\/informelitoral.com.ar\/monge-propone-facultar-a-municipios-a-realizar-acuerdos-en-materia-internacional\/","title":{"rendered":"Monge propone facultar a municipios a realizar acuerdos en materia internacional"},"content":{"rendered":"<p><strong>Ingres\u00f3 en la C\u00e1mara de Diputados un proyecto de ley por el que se pretende otorgar atribuciones a los municipios entrerrianos para que puedan \u201crealizar gestiones y celebrar acuerdos internacionales para la satisfacci\u00f3n de sus intereses, respetando las facultades de los gobiernos federal y provincial\u201d.<\/strong><\/p>\n<p><img loading=\"lazy\" decoding=\"async\" class=\"size-medium wp-image-2359 alignright\" alt=\"monje\" src=\"http:\/\/www.isletasnoticias.com.ar\/%77%70%2d%63%6f%6e%74%65%6e%74\/uploads\/2013\/07\/monje-300x262.jpg\" width=\"300\" height=\"262\" srcset=\"https:\/\/informelitoral.com.ar\/%77%70%2d%63%6f%6e%74%65%6e%74\/uploads\/2013\/07\/monje-300x262.jpg 300w, https:\/\/informelitoral.com.ar\/%77%70%2d%63%6f%6e%74%65%6e%74\/uploads\/2013\/07\/monje.jpg 549w\" sizes=\"auto, (max-width: 300px) 100vw, 300px\" \/><\/p>\n<div>El proyecto, de autor\u00eda del diputado <strong>Jorge Monge<\/strong> (UCR, Diamante), propone reglamentar el inciso B del art\u00edculo 242 de la Constituci\u00f3n provincial, incorporando al texto del art\u00edculo 11\u00ba de la ley org\u00e1nica de municipios n\u00famero 10.027, uno nuevo con las facultades de \u201crealizar gestiones y celebrar acuerdos en el orden internacional para la satisfacci\u00f3n de sus intereses, respetando las facultades de los gobiernos federal y provincial\u201d, confirm\u00f3 el legislador.<\/div>\n<div><\/div>\n<div>El legislador se refiri\u00f3 a los detalles del proyecto: \u201cla reglamentaci\u00f3n de las facultades de los gobiernos locales en materia de relaciones internacionales, es una cuesti\u00f3n que trasciende lo te\u00f3rico y acad\u00e9mico\u201d, dijo Monge.<\/div>\n<div><\/div>\n<div>Adem\u00e1s, record\u00f3 que \u201cEntre R\u00edos es un estado que limita con la hermana Rep\u00fablica Oriental del Uruguay y se ubica muy cercana a Brasil, lo que establece posibilidades ciertas y concretas de realizar relaciones y convenios internacionales. Por eso resulta trascendente que este camino de la integraci\u00f3n y cooperaci\u00f3n internacional para los municipios entrerrianos, encuentre reglamentada dicha cl\u00e1usula constitucional en la ley org\u00e1nica de municipios vigente\u201d, dado que \u201clos municipios despliegan cada vez m\u00e1s una apreciable actividad de cooperaci\u00f3n con independencia de las fronteras estatales, actividad cuya clave es la promoci\u00f3n de la cooperaci\u00f3n, la solidaridad entre las ciudades, m\u00e1s all\u00e1 y con independencia de los limites pol\u00edticos impuestos por la construcci\u00f3n estatal del mundo internacional\u201d.<\/div>\n<div><\/div>\n<div>Para el diputado, \u201cla globalizaci\u00f3n y la revoluci\u00f3n tecnol\u00f3gica, particularmente en materia de comunicaciones, ha llevado en materia de relaciones internacionales a que la nueva realidad haya desbordado la teor\u00eda jur\u00eddica ya que no obstante que para el derecho internacional p\u00fablico, la subjetividad internacional \u2013 en materia de Estados \u2013 sigue teniendo como fundamento la soberan\u00eda\u201d.<\/div>\n<div><\/div>\n<div>Por eso, \u201clas personas jur\u00eddicas internacionales por antonomasia son los Estados nacionales, y puede afirmarse que la situaci\u00f3n jur\u00eddica cl\u00e1sica contrasta vivamente con la realidad pr\u00e1ctica \u2013 y no de ahora \u2013 sino que es algo que viene produci\u00e9ndose y desarroll\u00e1ndose desde hace varios lustros en tanto la realidad de las relaciones internacionales, en concreto, tiene a los municipios o entes locales como nuevos actores de la escena\u201d.<\/div>\n<div><\/div>\n<div><strong>Quienes acompa\u00f1an<\/strong><br \/>\nLa iniciativa de Monge tiene el acompa\u00f1amiento de los diputados <strong>\u00c1ngel V\u00e1zquez<\/strong> y<strong> Laura Stratta<\/strong> (FPV); <strong>Rosario Romero<\/strong> y <strong>Fabi\u00e1n Flores<\/strong> (Evita Militante) y <strong>Fuad Sosa<\/strong> (UCR).<\/div>\n","protected":false},"excerpt":{"rendered":"<p>Ingres&oacute; en la C&aacute;mara de Diputados un proyecto de ley por el que se pretende otorgar atribuciones a los municipios entrerrianos para que puedan &ldquo;realizar gestiones y celebrar acuerdos internacionales para la satisfacci&oacute;n de sus intereses, respetando las facultades de los gobiernos federal y provincial&rdquo;. El proyecto, de autor&iacute;a del diputado Jorge Monge (UCR, Diamante), [&hellip;]<\/p>\n","protected":false},"author":2,"featured_media":0,"comment_status":"open","ping_status":"open","sticky":false,"template":"","format":"standard","meta":{"fifu_image_url":"","fifu_image_alt":"","footnotes":""},"categories":[5,6,16],"tags":[],"class_list":{"0":"post-2358","1":"post","2":"type-post","3":"status-publish","4":"format-standard","6":"category-zonales","7":"category-entre-rios","8":"category-politi"},"yoast_head":"<title>Monge propone facultar a municipios a realizar acuerdos en materia internacional - Informe Litoral<\/title>\n<meta name=\"robots\" content=\"index, follow, max-snippet:-1, max-image-preview:large, max-video-preview:-1\" \/>\n<link rel=\"canonical\" href=\"https:\/\/informelitoral.com.ar\/monge-propone-facultar-a-municipios-a-realizar-acuerdos-en-materia-internacional\/\" \/>\n<meta property=\"og:locale\" content=\"es_ES\" \/>\n<meta property=\"og:type\" content=\"article\" \/>\n<meta property=\"og:title\" content=\"Monge propone facultar a municipios a realizar acuerdos en materia internacional - Informe Litoral\" \/>\n<meta property=\"og:description\" content=\"Ingres&oacute; en la C&aacute;mara de Diputados un proyecto de ley por el que se pretende otorgar atribuciones a los municipios entrerrianos para que puedan &ldquo;realizar gestiones y celebrar acuerdos internacionales para la satisfacci&oacute;n de sus intereses, respetando las facultades de los gobiernos federal y provincial&rdquo;. El proyecto, de autor&iacute;a del diputado Jorge Monge (UCR, Diamante), [&hellip;]\" \/>\n<meta property=\"og:url\" content=\"https:\/\/informelitoral.com.ar\/monge-propone-facultar-a-municipios-a-realizar-acuerdos-en-materia-internacional\/\" \/>\n<meta property=\"og:site_name\" content=\"Informe Litoral\" \/>\n<meta property=\"article:publisher\" content=\"https:\/\/www.facebook.com\/informelitoral\/\" \/>\n<meta property=\"article:published_time\" content=\"2013-07-06T01:46:05+00:00\" \/>\n<meta property=\"og:image\" content=\"https:\/\/informelitoral.com.ar\/%77%70%2d%63%6f%6e%74%65%6e%74\/uploads\/2013\/07\/monje.jpg\" \/>\n\t<meta property=\"og:image:width\" content=\"549\" \/>\n\t<meta property=\"og:image:height\" content=\"480\" \/>\n\t<meta property=\"og:image:type\" content=\"image\/jpeg\" \/>\n<meta name=\"author\" content=\"Gonzalo Schmidt\" \/>\n<meta name=\"twitter:card\" content=\"summary_large_image\" \/>\n<meta name=\"twitter:creator\" content=\"@InformeLitoral\" \/>\n<meta name=\"twitter:site\" content=\"@InformeLitoral\" \/>\n<meta name=\"twitter:label1\" content=\"Escrito por\" \/>\n\t<meta name=\"twitter:data1\" content=\"Gonzalo Schmidt\" \/>\n\t<meta name=\"twitter:label2\" content=\"Tiempo de lectura\" \/>\n\t<meta name=\"twitter:data2\" content=\"2 minutos\" \/>\n<script type=\"application\/ld+json\" class=\"yoast-schema-graph\">{\"@context\":\"https:\\\/\\\/schema.org\",\"@graph\":[{\"@type\":\"Article\",\"@id\":\"https:\\\/\\\/informelitoral.com.ar\\\/monge-propone-facultar-a-municipios-a-realizar-acuerdos-en-materia-internacional\\\/#article\",\"isPartOf\":{\"@id\":\"https:\\\/\\\/informelitoral.com.ar\\\/monge-propone-facultar-a-municipios-a-realizar-acuerdos-en-materia-internacional\\\/\"},\"author\":{\"name\":\"Gonzalo Schmidt\",\"@id\":\"https:\\\/\\\/informelitoral.com.ar\\\/#\\\/schema\\\/person\\\/b9d00407c836482871ef1d57bf8e3180\"},\"headline\":\"Monge propone facultar a municipios a realizar acuerdos en materia internacional\",\"datePublished\":\"2013-07-06T01:46:05+00:00\",\"mainEntityOfPage\":{\"@id\":\"https:\\\/\\\/informelitoral.com.ar\\\/monge-propone-facultar-a-municipios-a-realizar-acuerdos-en-materia-internacional\\\/\"},\"wordCount\":466,\"commentCount\":0,\"publisher\":{\"@id\":\"https:\\\/\\\/informelitoral.com.ar\\\/#organization\"},\"image\":{\"@id\":\"https:\\\/\\\/informelitoral.com.ar\\\/monge-propone-facultar-a-municipios-a-realizar-acuerdos-en-materia-internacional\\\/#primaryimage\"},\"thumbnailUrl\":\"http:\\\/\\\/www.isletasnoticias.com.ar\\\/%77%70%2d%63%6f%6e%74%65%6e%74\\\/uploads\\\/2013\\\/07\\\/monje-300x262.jpg\",\"articleSection\":[\"Departamento Diamante\",\"Entre R\u00edos\",\"Politica\"],\"inLanguage\":\"es\",\"potentialAction\":[{\"@type\":\"CommentAction\",\"name\":\"Comment\",\"target\":[\"https:\\\/\\\/informelitoral.com.ar\\\/monge-propone-facultar-a-municipios-a-realizar-acuerdos-en-materia-internacional\\\/#respond\"]}]},{\"@type\":\"WebPage\",\"@id\":\"https:\\\/\\\/informelitoral.com.ar\\\/monge-propone-facultar-a-municipios-a-realizar-acuerdos-en-materia-internacional\\\/\",\"url\":\"https:\\\/\\\/informelitoral.com.ar\\\/monge-propone-facultar-a-municipios-a-realizar-acuerdos-en-materia-internacional\\\/\",\"name\":\"Monge propone facultar a municipios a realizar acuerdos en materia internacional - Informe Litoral\",\"isPartOf\":{\"@id\":\"https:\\\/\\\/informelitoral.com.ar\\\/#website\"},\"primaryImageOfPage\":{\"@id\":\"https:\\\/\\\/informelitoral.com.ar\\\/monge-propone-facultar-a-municipios-a-realizar-acuerdos-en-materia-internacional\\\/#primaryimage\"},\"image\":{\"@id\":\"https:\\\/\\\/informelitoral.com.ar\\\/monge-propone-facultar-a-municipios-a-realizar-acuerdos-en-materia-internacional\\\/#primaryimage\"},\"thumbnailUrl\":\"http:\\\/\\\/www.isletasnoticias.com.ar\\\/%77%70%2d%63%6f%6e%74%65%6e%74\\\/uploads\\\/2013\\\/07\\\/monje-300x262.jpg\",\"datePublished\":\"2013-07-06T01:46:05+00:00\",\"breadcrumb\":{\"@id\":\"https:\\\/\\\/informelitoral.com.ar\\\/monge-propone-facultar-a-municipios-a-realizar-acuerdos-en-materia-internacional\\\/#breadcrumb\"},\"inLanguage\":\"es\",\"potentialAction\":[{\"@type\":\"ReadAction\",\"target\":[\"https:\\\/\\\/informelitoral.com.ar\\\/monge-propone-facultar-a-municipios-a-realizar-acuerdos-en-materia-internacional\\\/\"]}]},{\"@type\":\"ImageObject\",\"inLanguage\":\"es\",\"@id\":\"https:\\\/\\\/informelitoral.com.ar\\\/monge-propone-facultar-a-municipios-a-realizar-acuerdos-en-materia-internacional\\\/#primaryimage\",\"url\":\"http:\\\/\\\/www.isletasnoticias.com.ar\\\/%77%70%2d%63%6f%6e%74%65%6e%74\\\/uploads\\\/2013\\\/07\\\/monje-300x262.jpg\",\"contentUrl\":\"http:\\\/\\\/www.isletasnoticias.com.ar\\\/%77%70%2d%63%6f%6e%74%65%6e%74\\\/uploads\\\/2013\\\/07\\\/monje-300x262.jpg\"},{\"@type\":\"BreadcrumbList\",\"@id\":\"https:\\\/\\\/informelitoral.com.ar\\\/monge-propone-facultar-a-municipios-a-realizar-acuerdos-en-materia-internacional\\\/#breadcrumb\",\"itemListElement\":[{\"@type\":\"ListItem\",\"position\":1,\"name\":\"Portada\",\"item\":\"https:\\\/\\\/informelitoral.com.ar\\\/\"},{\"@type\":\"ListItem\",\"position\":2,\"name\":\"Monge propone facultar a municipios a realizar acuerdos en materia internacional\"}]},{\"@type\":\"WebSite\",\"@id\":\"https:\\\/\\\/informelitoral.com.ar\\\/#website\",\"url\":\"https:\\\/\\\/informelitoral.com.ar\\\/\",\"name\":\"Informe Litoral\",\"description\":\"&quot;Nos informamos&quot; \",\"publisher\":{\"@id\":\"https:\\\/\\\/informelitoral.com.ar\\\/#organization\"},\"potentialAction\":[{\"@type\":\"SearchAction\",\"target\":{\"@type\":\"EntryPoint\",\"urlTemplate\":\"https:\\\/\\\/informelitoral.com.ar\\\/?s={search_term_string}\"},\"query-input\":{\"@type\":\"PropertyValueSpecification\",\"valueRequired\":true,\"valueName\":\"search_term_string\"}}],\"inLanguage\":\"es\"},{\"@type\":\"Organization\",\"@id\":\"https:\\\/\\\/informelitoral.com.ar\\\/#organization\",\"name\":\"Informe Litoral\",\"url\":\"https:\\\/\\\/informelitoral.com.ar\\\/\",\"logo\":{\"@type\":\"ImageObject\",\"inLanguage\":\"es\",\"@id\":\"https:\\\/\\\/informelitoral.com.ar\\\/#\\\/schema\\\/logo\\\/image\\\/\",\"url\":\"https:\\\/\\\/informelitoral.com.ar\\\/%77%70%2d%63%6f%6e%74%65%6e%74\\\/uploads\\\/2021\\\/01\\\/circulo.png\",\"contentUrl\":\"https:\\\/\\\/informelitoral.com.ar\\\/%77%70%2d%63%6f%6e%74%65%6e%74\\\/uploads\\\/2021\\\/01\\\/circulo.png\",\"width\":723,\"height\":731,\"caption\":\"Informe Litoral\"},\"image\":{\"@id\":\"https:\\\/\\\/informelitoral.com.ar\\\/#\\\/schema\\\/logo\\\/image\\\/\"},\"sameAs\":[\"https:\\\/\\\/www.facebook.com\\\/informelitoral\\\/\",\"https:\\\/\\\/x.com\\\/InformeLitoral\",\"https:\\\/\\\/www.instagram.com\\\/informelitoral\\\/\",\"https:\\\/\\\/www.youtube.com\\\/channel\\\/UCua4Qvz8Icb6MYqhoq9xLXw\"]},{\"@type\":\"Person\",\"@id\":\"https:\\\/\\\/informelitoral.com.ar\\\/#\\\/schema\\\/person\\\/b9d00407c836482871ef1d57bf8e3180\",\"name\":\"Gonzalo Schmidt\",\"image\":{\"@type\":\"ImageObject\",\"inLanguage\":\"es\",\"@id\":\"https:\\\/\\\/secure.gravatar.com\\\/avatar\\\/31a1a7b66ff2de83bd0e9fd79d026630d2d99e55e8bfe501287647b4fd9743de?s=96&d=mm&r=g\",\"url\":\"https:\\\/\\\/secure.gravatar.com\\\/avatar\\\/31a1a7b66ff2de83bd0e9fd79d026630d2d99e55e8bfe501287647b4fd9743de?s=96&d=mm&r=g\",\"contentUrl\":\"https:\\\/\\\/secure.gravatar.com\\\/avatar\\\/31a1a7b66ff2de83bd0e9fd79d026630d2d99e55e8bfe501287647b4fd9743de?s=96&d=mm&r=g\",\"caption\":\"Gonzalo Schmidt\"},\"description\":\"Sitio web de noticias de la provincia de Entre R\u00edos, Argentina. Informaci\u00f3n y entretenimiento. Informe Litoral, nos informamos.\",\"sameAs\":[\"http:\\\/\\\/www.isletasnoticias.com.ar\"],\"url\":\"https:\\\/\\\/informelitoral.com.ar\\\/author\\\/gonzalo\\\/\"}]}<\/script>","yoast_head_json":{"title":"Monge propone facultar a municipios a realizar acuerdos en materia internacional - Informe Litoral","robots":{"index":"index","follow":"follow","max-snippet":"max-snippet:-1","max-image-preview":"max-image-preview:large","max-video-preview":"max-video-preview:-1"},"canonical":"https:\/\/informelitoral.com.ar\/monge-propone-facultar-a-municipios-a-realizar-acuerdos-en-materia-internacional\/","og_locale":"es_ES","og_type":"article","og_title":"Monge propone facultar a municipios a realizar acuerdos en materia internacional - Informe Litoral","og_description":"Ingres&oacute; en la C&aacute;mara de Diputados un proyecto de ley por el que se pretende otorgar atribuciones a los municipios entrerrianos para que puedan &ldquo;realizar gestiones y celebrar acuerdos internacionales para la satisfacci&oacute;n de sus intereses, respetando las facultades de los gobiernos federal y provincial&rdquo;. El proyecto, de autor&iacute;a del diputado Jorge Monge (UCR, Diamante), [&hellip;]","og_url":"https:\/\/informelitoral.com.ar\/monge-propone-facultar-a-municipios-a-realizar-acuerdos-en-materia-internacional\/","og_site_name":"Informe Litoral","article_publisher":"https:\/\/www.facebook.com\/informelitoral\/","article_published_time":"2013-07-06T01:46:05+00:00","og_image":[{"width":549,"height":480,"url":"https:\/\/informelitoral.com.ar\/%77%70%2d%63%6f%6e%74%65%6e%74\/uploads\/2013\/07\/monje.jpg","type":"image\/jpeg"}],"author":"Gonzalo Schmidt","twitter_card":"summary_large_image","twitter_creator":"@InformeLitoral","twitter_site":"@InformeLitoral","twitter_misc":{"Escrito por":"Gonzalo Schmidt","Tiempo de lectura":"2 minutos"},"schema":{"@context":"https:\/\/schema.org","@graph":[{"@type":"Article","@id":"https:\/\/informelitoral.com.ar\/monge-propone-facultar-a-municipios-a-realizar-acuerdos-en-materia-internacional\/#article","isPartOf":{"@id":"https:\/\/informelitoral.com.ar\/monge-propone-facultar-a-municipios-a-realizar-acuerdos-en-materia-internacional\/"},"author":{"name":"Gonzalo Schmidt","@id":"https:\/\/informelitoral.com.ar\/#\/schema\/person\/b9d00407c836482871ef1d57bf8e3180"},"headline":"Monge propone facultar a municipios a realizar acuerdos en materia internacional","datePublished":"2013-07-06T01:46:05+00:00","mainEntityOfPage":{"@id":"https:\/\/informelitoral.com.ar\/monge-propone-facultar-a-municipios-a-realizar-acuerdos-en-materia-internacional\/"},"wordCount":466,"commentCount":0,"publisher":{"@id":"https:\/\/informelitoral.com.ar\/#organization"},"image":{"@id":"https:\/\/informelitoral.com.ar\/monge-propone-facultar-a-municipios-a-realizar-acuerdos-en-materia-internacional\/#primaryimage"},"thumbnailUrl":"http:\/\/www.isletasnoticias.com.ar\/%77%70%2d%63%6f%6e%74%65%6e%74\/uploads\/2013\/07\/monje-300x262.jpg","articleSection":["Departamento Diamante","Entre R\u00edos","Politica"],"inLanguage":"es","potentialAction":[{"@type":"CommentAction","name":"Comment","target":["https:\/\/informelitoral.com.ar\/monge-propone-facultar-a-municipios-a-realizar-acuerdos-en-materia-internacional\/#respond"]}]},{"@type":"WebPage","@id":"https:\/\/informelitoral.com.ar\/monge-propone-facultar-a-municipios-a-realizar-acuerdos-en-materia-internacional\/","url":"https:\/\/informelitoral.com.ar\/monge-propone-facultar-a-municipios-a-realizar-acuerdos-en-materia-internacional\/","name":"Monge propone facultar a municipios a realizar acuerdos en materia internacional - Informe Litoral","isPartOf":{"@id":"https:\/\/informelitoral.com.ar\/#website"},"primaryImageOfPage":{"@id":"https:\/\/informelitoral.com.ar\/monge-propone-facultar-a-municipios-a-realizar-acuerdos-en-materia-internacional\/#primaryimage"},"image":{"@id":"https:\/\/informelitoral.com.ar\/monge-propone-facultar-a-municipios-a-realizar-acuerdos-en-materia-internacional\/#primaryimage"},"thumbnailUrl":"http:\/\/www.isletasnoticias.com.ar\/%77%70%2d%63%6f%6e%74%65%6e%74\/uploads\/2013\/07\/monje-300x262.jpg","datePublished":"2013-07-06T01:46:05+00:00","breadcrumb":{"@id":"https:\/\/informelitoral.com.ar\/monge-propone-facultar-a-municipios-a-realizar-acuerdos-en-materia-internacional\/#breadcrumb"},"inLanguage":"es","potentialAction":[{"@type":"ReadAction","target":["https:\/\/informelitoral.com.ar\/monge-propone-facultar-a-municipios-a-realizar-acuerdos-en-materia-internacional\/"]}]},{"@type":"ImageObject","inLanguage":"es","@id":"https:\/\/informelitoral.com.ar\/monge-propone-facultar-a-municipios-a-realizar-acuerdos-en-materia-internacional\/#primaryimage","url":"http:\/\/www.isletasnoticias.com.ar\/%77%70%2d%63%6f%6e%74%65%6e%74\/uploads\/2013\/07\/monje-300x262.jpg","contentUrl":"http:\/\/www.isletasnoticias.com.ar\/%77%70%2d%63%6f%6e%74%65%6e%74\/uploads\/2013\/07\/monje-300x262.jpg"},{"@type":"BreadcrumbList","@id":"https:\/\/informelitoral.com.ar\/monge-propone-facultar-a-municipios-a-realizar-acuerdos-en-materia-internacional\/#breadcrumb","itemListElement":[{"@type":"ListItem","position":1,"name":"Portada","item":"https:\/\/informelitoral.com.ar\/"},{"@type":"ListItem","position":2,"name":"Monge propone facultar a municipios a realizar acuerdos en materia internacional"}]},{"@type":"WebSite","@id":"https:\/\/informelitoral.com.ar\/#website","url":"https:\/\/informelitoral.com.ar\/","name":"Informe Litoral","description":"&quot;Nos informamos&quot; ","publisher":{"@id":"https:\/\/informelitoral.com.ar\/#organization"},"potentialAction":[{"@type":"SearchAction","target":{"@type":"EntryPoint","urlTemplate":"https:\/\/informelitoral.com.ar\/?s={search_term_string}"},"query-input":{"@type":"PropertyValueSpecification","valueRequired":true,"valueName":"search_term_string"}}],"inLanguage":"es"},{"@type":"Organization","@id":"https:\/\/informelitoral.com.ar\/#organization","name":"Informe Litoral","url":"https:\/\/informelitoral.com.ar\/","logo":{"@type":"ImageObject","inLanguage":"es","@id":"https:\/\/informelitoral.com.ar\/#\/schema\/logo\/image\/","url":"https:\/\/informelitoral.com.ar\/%77%70%2d%63%6f%6e%74%65%6e%74\/uploads\/2021\/01\/circulo.png","contentUrl":"https:\/\/informelitoral.com.ar\/%77%70%2d%63%6f%6e%74%65%6e%74\/uploads\/2021\/01\/circulo.png","width":723,"height":731,"caption":"Informe Litoral"},"image":{"@id":"https:\/\/informelitoral.com.ar\/#\/schema\/logo\/image\/"},"sameAs":["https:\/\/www.facebook.com\/informelitoral\/","https:\/\/x.com\/InformeLitoral","https:\/\/www.instagram.com\/informelitoral\/","https:\/\/www.youtube.com\/channel\/UCua4Qvz8Icb6MYqhoq9xLXw"]},{"@type":"Person","@id":"https:\/\/informelitoral.com.ar\/#\/schema\/person\/b9d00407c836482871ef1d57bf8e3180","name":"Gonzalo Schmidt","image":{"@type":"ImageObject","inLanguage":"es","@id":"https:\/\/secure.gravatar.com\/avatar\/31a1a7b66ff2de83bd0e9fd79d026630d2d99e55e8bfe501287647b4fd9743de?s=96&d=mm&r=g","url":"https:\/\/secure.gravatar.com\/avatar\/31a1a7b66ff2de83bd0e9fd79d026630d2d99e55e8bfe501287647b4fd9743de?s=96&d=mm&r=g","contentUrl":"https:\/\/secure.gravatar.com\/avatar\/31a1a7b66ff2de83bd0e9fd79d026630d2d99e55e8bfe501287647b4fd9743de?s=96&d=mm&r=g","caption":"Gonzalo Schmidt"},"description":"Sitio web de noticias de la provincia de Entre R\u00edos, Argentina. Informaci\u00f3n y entretenimiento. Informe Litoral, nos informamos.","sameAs":["http:\/\/www.isletasnoticias.com.ar"],"url":"https:\/\/informelitoral.com.ar\/author\/gonzalo\/"}]}},"_links":{"self":[{"href":"https:\/\/informelitoral.com.ar\/%77%70%2d%6a%73%6f%6e\/wp\/v2\/posts\/2358","targetHints":{"allow":["GET"]}}],"collection":[{"href":"https:\/\/informelitoral.com.ar\/%77%70%2d%6a%73%6f%6e\/wp\/v2\/posts"}],"about":[{"href":"https:\/\/informelitoral.com.ar\/%77%70%2d%6a%73%6f%6e\/wp\/v2\/types\/post"}],"author":[{"embeddable":true,"href":"https:\/\/informelitoral.com.ar\/%77%70%2d%6a%73%6f%6e\/wp\/v2\/users\/2"}],"replies":[{"embeddable":true,"href":"https:\/\/informelitoral.com.ar\/%77%70%2d%6a%73%6f%6e\/wp\/v2\/comments?post=2358"}],"version-history":[{"count":0,"href":"https:\/\/informelitoral.com.ar\/%77%70%2d%6a%73%6f%6e\/wp\/v2\/posts\/2358\/revisions"}],"wp:attachment":[{"href":"https:\/\/informelitoral.com.ar\/%77%70%2d%6a%73%6f%6e\/wp\/v2\/media?parent=2358"}],"wp:term":[{"taxonomy":"category","embeddable":true,"href":"https:\/\/informelitoral.com.ar\/%77%70%2d%6a%73%6f%6e\/wp\/v2\/categories?post=2358"},{"taxonomy":"post_tag","embeddable":true,"href":"https:\/\/informelitoral.com.ar\/%77%70%2d%6a%73%6f%6e\/wp\/v2\/tags?post=2358"}],"curies":[{"name":"wp","href":"https:\/\/api.w.org\/{rel}","templated":true}]}}