{"id":23579,"date":"2017-10-30T12:37:57","date_gmt":"2017-10-30T15:37:57","guid":{"rendered":"http:\/\/www.isletasnoticias.com.ar\/?p=23579"},"modified":"2017-10-30T12:37:57","modified_gmt":"2017-10-30T15:37:57","slug":"que-dice-el-nuevo-protocolo-para-detener-a-personas-lgbt","status":"publish","type":"post","link":"https:\/\/informelitoral.com.ar\/que-dice-el-nuevo-protocolo-para-detener-a-personas-lgbt\/","title":{"rendered":"Qu\u00e9 dice el nuevo protocolo para detener a personas LGBT"},"content":{"rendered":"<div class=\"post-right\">\n<p class=\"post-excerpt\"><strong>El Ministerio de Seguridad estableci\u00f3 una serie de pautas orientadas al respeto de la identidad de g\u00e9nero. La resoluci\u00f3n fue publicada este lunes en el Bolet\u00edn Oficial. Entre otros puntos, el\u00a0efectivo debe \u00abconsultar a la persona a requisar cu\u00e1l es su auto percepci\u00f3n de g\u00e9nero\u00bb.<a href=\"http:\/\/www.isletasnoticias.com.ar\/%77%70%2d%63%6f%6e%74%65%6e%74\/uploads\/2017\/10\/LGTB.jpg\"><img loading=\"lazy\" decoding=\"async\" class=\"aligncenter wp-image-23580 size-large\" src=\"http:\/\/www.isletasnoticias.com.ar\/%77%70%2d%63%6f%6e%74%65%6e%74\/uploads\/2017\/10\/LGTB-1024x640.jpg\" alt=\"\" width=\"600\" height=\"375\" srcset=\"https:\/\/informelitoral.com.ar\/%77%70%2d%63%6f%6e%74%65%6e%74\/uploads\/2017\/10\/LGTB-1024x640.jpg 1024w, https:\/\/informelitoral.com.ar\/%77%70%2d%63%6f%6e%74%65%6e%74\/uploads\/2017\/10\/LGTB-300x188.jpg 300w, https:\/\/informelitoral.com.ar\/%77%70%2d%63%6f%6e%74%65%6e%74\/uploads\/2017\/10\/LGTB-768x480.jpg 768w, https:\/\/informelitoral.com.ar\/%77%70%2d%63%6f%6e%74%65%6e%74\/uploads\/2017\/10\/LGTB.jpg 1200w\" sizes=\"auto, (max-width: 600px) 100vw, 600px\" \/><\/a><\/strong><\/p>\n<\/div>\n<div class=\"post-body-inner\">\n<div class=\"row\">\n<div class=\"col-xs-12 col-print-12\">\n<p class=\"element element-paragraph\">El Ministerio de Seguridad aprob\u00f3 el denominado\u00a0<strong>\u201cProtocolo General de Actuaci\u00f3n de Registros Personales y Detenci\u00f3n para Personas Pertenecientes al Colectivo L.G.B.T\u201d<\/strong>\u00a0que utilizar\u00e1n las\u00a0fuerzas policiales y de seguridad federales.<\/p>\n<\/div>\n<\/div>\n<div class=\"row\">\n<div class=\"col-xs-12 col-print-12\">\n<p class=\"element element-paragraph\">La medida est\u00e1 plasmada en la Resoluci\u00f3n 1149-E\/2017, que fue publicada en el Bolet\u00edn Oficial de este lunes con la firma de Patricia Bullrich. El mismo texto tambi\u00e9n aprueba el modelo sugerido de\u00a0<strong>\u201cActa de Detenci\u00f3n y Notificaci\u00f3n de Derechos\u201d<\/strong>\u00a0y las<strong>\u00a0\u201cPautas M\u00ednimas de Actuaci\u00f3n para Registros Personales y Detenci\u00f3n en la V\u00eda P\u00fablica de Personas Pertenecientes al Colectivo L.G.B.T\u201d<\/strong>.<\/p>\n<\/div>\n<\/div>\n<div class=\"row\">\n<div class=\"col-xs-12 col-print-12\">\n<p class=\"element element-paragraph\">En los argumentos, el Ministerio record\u00f3 que Ley N\u00b0 26.743 establece que \u201ctoda persona tiene derecho al reconocimiento de su identidad de g\u00e9nero, al libre desarrollo de su persona conforme su identidad de g\u00e9nero y a ser tratada conforme a ella y, en particular, a ser identificada de ese modo en los instrumentos que acreditan su identidad respecto de el\/los nombre\/s de pila, imagen y sexo con los que all\u00ed es registrada\u201d.<\/p>\n<\/div>\n<\/div>\n<div class=\"row\">\n<div class=\"col-xs-12 col-print-12\">\n<p class=\"element element-paragraph\">\u201cEn este sentido, resulta oportuno y conveniente establecer un protocolo de actuaci\u00f3n general para las fuerzas policiales y de seguridad federales al momento de la detenci\u00f3n de una persona perteneciente al colectivo L.G.B.T\u201d, complet\u00f3 la cartera que maneja Bullrich.<\/p>\n<\/div>\n<\/div>\n<div class=\"row\">\n<div class=\"col-xs-12 col-print-12\">\n<p class=\"element element-paragraph\">El protocolo, que figura en el Anexo 1 de la resoluci\u00f3n, detalla en nueve p\u00e1ginas\u00a0<strong>en qu\u00e9 casos las fuerzas de seguridad pueden privar de la libertad a una persona y\u00a0cu\u00e1les son los actos iniciales de la aprehensi\u00f3n (aseguramiento, comunicaci\u00f3n de derechos, confecci\u00f3n del acta de detenci\u00f3n\u2026)<\/strong>.<\/p>\n<\/div>\n<\/div>\n<div class=\"row\">\n<div class=\"col-xs-12 col-print-12\">\n<p class=\"element element-paragraph\">El texto indica, por ejemplo, que \u201cla persona detenida<strong>\u00a0ser\u00e1 alojada seg\u00fan el g\u00e9nero autopercibido<\/strong>, en una celda separada si entiende que existe un riesgo potencial para su integridad, dignidad u\u00a0otros derechos o si, al momento de informar su g\u00e9nero, no se identifica con ninguno del binomio masculino\/femenino\u201d.<\/p>\n<\/div>\n<\/div>\n<div class=\"row\">\n<div class=\"col-xs-12 col-print-12\">\n<p class=\"element element-paragraph\">En otro de los puntos se precisa que \u201clas personas\u00a0(\u2026) que necesiten utilizar instalaciones diferenciadas por sexo en las dependencias (ej. Sanitarios),\u00a0<strong>ser\u00e1n consultadas sobre si desean hacer uso de las instalaciones femeninas o masculinas<\/strong>\u201c.<\/p>\n<\/div>\n<\/div>\n<div class=\"row\">\n<div class=\"col-xs-12 col-print-12\">\n<p class=\"element element-paragraph\">Por otro lado, fue modificado el modelo de acta de detenci\u00f3n para asegurar que la aprehensi\u00f3n \u201cevite una mayor afectaci\u00f3n de los derechos de la persona que por su naturaleza implica el accionar policial y se garantice el respeto de la identidad de g\u00e9nero\u201d.<\/p>\n<\/div>\n<\/div>\n<div class=\"row\">\n<div class=\"col-xs-12 col-print-12\">\n<p class=\"element element-paragraph\">Adem\u00e1s, el Ministerio de Seguridad impuso una serie de pautas que los agentes deben seguir\u00a0al tratar\u00a0con\u00a0personas LGBT y fij\u00f3 las condiciones en las que debe llevarse a cabo la requisa en esos casos.<\/p>\n<\/div>\n<\/div>\n<div class=\"row\">\n<div class=\"col-xs-12 col-print-12\">\n<p class=\"element element-paragraph\">\u201cAnte la presencia de una persona que haya optado por un g\u00e9nero que difiera de su condici\u00f3n biol\u00f3gica, o bien cuando el personal policial advierta tal circunstancia, deber\u00e1 dispensarle el trato correspondiente al g\u00e9nero auto percibido,\u00a0<strong>respetando aquel nombre de pila con el cual se sienta identificado, sin perjuicio de la documentaci\u00f3n que exhiba<\/strong>\u201c, dice uno de los puntos. Y aclara que \u201cen caso de no poseer la documentaci\u00f3n se actuar\u00e1 de igual manera, o sea por el nombre de pila con el cual se identifique y por el g\u00e9nero con el cual se auto perciba y exprese oportunamente\u201d.<\/p>\n<\/div>\n<\/div>\n<div class=\"row\">\n<div class=\"col-xs-12 col-print-12\">\n<p class=\"element element-paragraph\">El texto remarca que\u00a0<strong>el\u00a0efectivo debe \u201cconsultar a la persona a requisar cu\u00e1l es su auto percepci\u00f3n de g\u00e9nero\u201d<\/strong>\u00a0de manera que coincida el g\u00e9nero del polic\u00eda que encabeza el procedimiento\u00a0\u201ca fin de garantizar su dignidad y preservar su intimidad\u201d. La pregunta sobre la autopercepci\u00f3n debe realizarse con\u00a0<strong>\u201ctono calmo y voz clara\u201d<\/strong>, reza la norma.<\/p>\n<\/div>\n<\/div>\n<div class=\"row\">\n<div class=\"col-xs-12 col-print-12\">\n<p class=\"element element-paragraph\">\u201cNo se debe definir con anterioridad t\u00e9rminos que prestablezcan g\u00e9nero \u2014remarca el texto\u2014. Si bien la obligatoriedad del funcionario interviniente es dirigirse a la persona por el nombre de pila adoptado, aun si este no figurase en su documentaci\u00f3n, esto no estrictamente define el g\u00e9nero de la Persona a Registrar\u201d.<\/p>\n<\/div>\n<\/div>\n<div class=\"row\">\n<div class=\"col-xs-12 col-print-12\">\n<p class=\"element element-paragraph\">Adem\u00e1s, indica: \u201cSe procurar\u00e1 contar con testigos de id\u00e9ntico g\u00e9nero de aquel optueado por el requisado, a fin de no menoscabar su derecho a la intimidad\u201d.\u00a0<em>(Fuente: Infobae)<\/em><\/p>\n<\/div>\n<\/div>\n<\/div>\n","protected":false},"excerpt":{"rendered":"<p>El Ministerio de Seguridad estableci&oacute; una serie de pautas orientadas al respeto de la identidad de g&eacute;nero. La resoluci&oacute;n fue publicada este lunes en el Bolet&iacute;n Oficial. Entre otros puntos, el&nbsp;efectivo debe &laquo;consultar a la persona a requisar cu&aacute;l es su auto percepci&oacute;n de g&eacute;nero&raquo;. El Ministerio de Seguridad aprob&oacute; el denominado&nbsp;&ldquo;Protocolo General de Actuaci&oacute;n [&hellip;]<\/p>\n","protected":false},"author":2,"featured_media":0,"comment_status":"open","ping_status":"open","sticky":false,"template":"","format":"standard","meta":{"fifu_image_url":"","fifu_image_alt":"","footnotes":""},"categories":[7],"tags":[],"class_list":{"0":"post-23579","1":"post","2":"type-post","3":"status-publish","4":"format-standard","6":"category-nacionales"},"yoast_head":"<title>Qu\u00e9 dice el nuevo protocolo para detener a personas LGBT - Informe Litoral<\/title>\n<meta name=\"robots\" content=\"index, follow, max-snippet:-1, max-image-preview:large, max-video-preview:-1\" \/>\n<link rel=\"canonical\" href=\"https:\/\/informelitoral.com.ar\/que-dice-el-nuevo-protocolo-para-detener-a-personas-lgbt\/\" \/>\n<meta property=\"og:locale\" content=\"es_ES\" \/>\n<meta property=\"og:type\" content=\"article\" \/>\n<meta property=\"og:title\" content=\"Qu\u00e9 dice el nuevo protocolo para detener a personas LGBT - Informe Litoral\" \/>\n<meta property=\"og:description\" content=\"El Ministerio de Seguridad estableci&oacute; una serie de pautas orientadas al respeto de la identidad de g&eacute;nero. La resoluci&oacute;n fue publicada este lunes en el Bolet&iacute;n Oficial. Entre otros puntos, el&nbsp;efectivo debe &laquo;consultar a la persona a requisar cu&aacute;l es su auto percepci&oacute;n de g&eacute;nero&raquo;. El Ministerio de Seguridad aprob&oacute; el denominado&nbsp;&ldquo;Protocolo General de Actuaci&oacute;n [&hellip;]\" \/>\n<meta property=\"og:url\" content=\"https:\/\/informelitoral.com.ar\/que-dice-el-nuevo-protocolo-para-detener-a-personas-lgbt\/\" \/>\n<meta property=\"og:site_name\" content=\"Informe Litoral\" \/>\n<meta property=\"article:publisher\" content=\"https:\/\/www.facebook.com\/informelitoral\/\" \/>\n<meta property=\"article:published_time\" content=\"2017-10-30T15:37:57+00:00\" \/>\n<meta property=\"og:image\" content=\"https:\/\/informelitoral.com.ar\/%77%70%2d%63%6f%6e%74%65%6e%74\/uploads\/2017\/10\/LGTB.jpg\" \/>\n\t<meta property=\"og:image:width\" content=\"1200\" \/>\n\t<meta property=\"og:image:height\" content=\"750\" \/>\n\t<meta property=\"og:image:type\" content=\"image\/jpeg\" \/>\n<meta name=\"author\" content=\"Gonzalo Schmidt\" \/>\n<meta name=\"twitter:card\" content=\"summary_large_image\" \/>\n<meta name=\"twitter:creator\" content=\"@InformeLitoral\" \/>\n<meta name=\"twitter:site\" content=\"@InformeLitoral\" \/>\n<meta name=\"twitter:label1\" content=\"Escrito por\" \/>\n\t<meta name=\"twitter:data1\" content=\"Gonzalo Schmidt\" \/>\n\t<meta name=\"twitter:label2\" content=\"Tiempo de lectura\" \/>\n\t<meta name=\"twitter:data2\" content=\"4 minutos\" \/>\n<script type=\"application\/ld+json\" class=\"yoast-schema-graph\">{\"@context\":\"https:\\\/\\\/schema.org\",\"@graph\":[{\"@type\":\"Article\",\"@id\":\"https:\\\/\\\/informelitoral.com.ar\\\/que-dice-el-nuevo-protocolo-para-detener-a-personas-lgbt\\\/#article\",\"isPartOf\":{\"@id\":\"https:\\\/\\\/informelitoral.com.ar\\\/que-dice-el-nuevo-protocolo-para-detener-a-personas-lgbt\\\/\"},\"author\":{\"name\":\"Gonzalo Schmidt\",\"@id\":\"https:\\\/\\\/informelitoral.com.ar\\\/#\\\/schema\\\/person\\\/b9d00407c836482871ef1d57bf8e3180\"},\"headline\":\"Qu\u00e9 dice el nuevo protocolo para detener a personas LGBT\",\"datePublished\":\"2017-10-30T15:37:57+00:00\",\"mainEntityOfPage\":{\"@id\":\"https:\\\/\\\/informelitoral.com.ar\\\/que-dice-el-nuevo-protocolo-para-detener-a-personas-lgbt\\\/\"},\"wordCount\":775,\"commentCount\":0,\"publisher\":{\"@id\":\"https:\\\/\\\/informelitoral.com.ar\\\/#organization\"},\"image\":{\"@id\":\"https:\\\/\\\/informelitoral.com.ar\\\/que-dice-el-nuevo-protocolo-para-detener-a-personas-lgbt\\\/#primaryimage\"},\"thumbnailUrl\":\"http:\\\/\\\/www.isletasnoticias.com.ar\\\/%77%70%2d%63%6f%6e%74%65%6e%74\\\/uploads\\\/2017\\\/10\\\/LGTB-1024x640.jpg\",\"articleSection\":[\"Nacionales\"],\"inLanguage\":\"es\",\"potentialAction\":[{\"@type\":\"CommentAction\",\"name\":\"Comment\",\"target\":[\"https:\\\/\\\/informelitoral.com.ar\\\/que-dice-el-nuevo-protocolo-para-detener-a-personas-lgbt\\\/#respond\"]}]},{\"@type\":\"WebPage\",\"@id\":\"https:\\\/\\\/informelitoral.com.ar\\\/que-dice-el-nuevo-protocolo-para-detener-a-personas-lgbt\\\/\",\"url\":\"https:\\\/\\\/informelitoral.com.ar\\\/que-dice-el-nuevo-protocolo-para-detener-a-personas-lgbt\\\/\",\"name\":\"Qu\u00e9 dice el nuevo protocolo para detener a personas LGBT - Informe Litoral\",\"isPartOf\":{\"@id\":\"https:\\\/\\\/informelitoral.com.ar\\\/#website\"},\"primaryImageOfPage\":{\"@id\":\"https:\\\/\\\/informelitoral.com.ar\\\/que-dice-el-nuevo-protocolo-para-detener-a-personas-lgbt\\\/#primaryimage\"},\"image\":{\"@id\":\"https:\\\/\\\/informelitoral.com.ar\\\/que-dice-el-nuevo-protocolo-para-detener-a-personas-lgbt\\\/#primaryimage\"},\"thumbnailUrl\":\"http:\\\/\\\/www.isletasnoticias.com.ar\\\/%77%70%2d%63%6f%6e%74%65%6e%74\\\/uploads\\\/2017\\\/10\\\/LGTB-1024x640.jpg\",\"datePublished\":\"2017-10-30T15:37:57+00:00\",\"breadcrumb\":{\"@id\":\"https:\\\/\\\/informelitoral.com.ar\\\/que-dice-el-nuevo-protocolo-para-detener-a-personas-lgbt\\\/#breadcrumb\"},\"inLanguage\":\"es\",\"potentialAction\":[{\"@type\":\"ReadAction\",\"target\":[\"https:\\\/\\\/informelitoral.com.ar\\\/que-dice-el-nuevo-protocolo-para-detener-a-personas-lgbt\\\/\"]}]},{\"@type\":\"ImageObject\",\"inLanguage\":\"es\",\"@id\":\"https:\\\/\\\/informelitoral.com.ar\\\/que-dice-el-nuevo-protocolo-para-detener-a-personas-lgbt\\\/#primaryimage\",\"url\":\"http:\\\/\\\/www.isletasnoticias.com.ar\\\/%77%70%2d%63%6f%6e%74%65%6e%74\\\/uploads\\\/2017\\\/10\\\/LGTB-1024x640.jpg\",\"contentUrl\":\"http:\\\/\\\/www.isletasnoticias.com.ar\\\/%77%70%2d%63%6f%6e%74%65%6e%74\\\/uploads\\\/2017\\\/10\\\/LGTB-1024x640.jpg\"},{\"@type\":\"BreadcrumbList\",\"@id\":\"https:\\\/\\\/informelitoral.com.ar\\\/que-dice-el-nuevo-protocolo-para-detener-a-personas-lgbt\\\/#breadcrumb\",\"itemListElement\":[{\"@type\":\"ListItem\",\"position\":1,\"name\":\"Portada\",\"item\":\"https:\\\/\\\/informelitoral.com.ar\\\/\"},{\"@type\":\"ListItem\",\"position\":2,\"name\":\"Qu\u00e9 dice el nuevo protocolo para detener a personas LGBT\"}]},{\"@type\":\"WebSite\",\"@id\":\"https:\\\/\\\/informelitoral.com.ar\\\/#website\",\"url\":\"https:\\\/\\\/informelitoral.com.ar\\\/\",\"name\":\"Informe Litoral\",\"description\":\"&quot;Nos informamos&quot; \",\"publisher\":{\"@id\":\"https:\\\/\\\/informelitoral.com.ar\\\/#organization\"},\"potentialAction\":[{\"@type\":\"SearchAction\",\"target\":{\"@type\":\"EntryPoint\",\"urlTemplate\":\"https:\\\/\\\/informelitoral.com.ar\\\/?s={search_term_string}\"},\"query-input\":{\"@type\":\"PropertyValueSpecification\",\"valueRequired\":true,\"valueName\":\"search_term_string\"}}],\"inLanguage\":\"es\"},{\"@type\":\"Organization\",\"@id\":\"https:\\\/\\\/informelitoral.com.ar\\\/#organization\",\"name\":\"Informe Litoral\",\"url\":\"https:\\\/\\\/informelitoral.com.ar\\\/\",\"logo\":{\"@type\":\"ImageObject\",\"inLanguage\":\"es\",\"@id\":\"https:\\\/\\\/informelitoral.com.ar\\\/#\\\/schema\\\/logo\\\/image\\\/\",\"url\":\"https:\\\/\\\/informelitoral.com.ar\\\/%77%70%2d%63%6f%6e%74%65%6e%74\\\/uploads\\\/2021\\\/01\\\/circulo.png\",\"contentUrl\":\"https:\\\/\\\/informelitoral.com.ar\\\/%77%70%2d%63%6f%6e%74%65%6e%74\\\/uploads\\\/2021\\\/01\\\/circulo.png\",\"width\":723,\"height\":731,\"caption\":\"Informe Litoral\"},\"image\":{\"@id\":\"https:\\\/\\\/informelitoral.com.ar\\\/#\\\/schema\\\/logo\\\/image\\\/\"},\"sameAs\":[\"https:\\\/\\\/www.facebook.com\\\/informelitoral\\\/\",\"https:\\\/\\\/x.com\\\/InformeLitoral\",\"https:\\\/\\\/www.instagram.com\\\/informelitoral\\\/\",\"https:\\\/\\\/www.youtube.com\\\/channel\\\/UCua4Qvz8Icb6MYqhoq9xLXw\"]},{\"@type\":\"Person\",\"@id\":\"https:\\\/\\\/informelitoral.com.ar\\\/#\\\/schema\\\/person\\\/b9d00407c836482871ef1d57bf8e3180\",\"name\":\"Gonzalo Schmidt\",\"image\":{\"@type\":\"ImageObject\",\"inLanguage\":\"es\",\"@id\":\"https:\\\/\\\/secure.gravatar.com\\\/avatar\\\/31a1a7b66ff2de83bd0e9fd79d026630d2d99e55e8bfe501287647b4fd9743de?s=96&d=mm&r=g\",\"url\":\"https:\\\/\\\/secure.gravatar.com\\\/avatar\\\/31a1a7b66ff2de83bd0e9fd79d026630d2d99e55e8bfe501287647b4fd9743de?s=96&d=mm&r=g\",\"contentUrl\":\"https:\\\/\\\/secure.gravatar.com\\\/avatar\\\/31a1a7b66ff2de83bd0e9fd79d026630d2d99e55e8bfe501287647b4fd9743de?s=96&d=mm&r=g\",\"caption\":\"Gonzalo Schmidt\"},\"description\":\"Sitio web de noticias de la provincia de Entre R\u00edos, Argentina. Informaci\u00f3n y entretenimiento. Informe Litoral, nos informamos.\",\"sameAs\":[\"http:\\\/\\\/www.isletasnoticias.com.ar\"],\"url\":\"https:\\\/\\\/informelitoral.com.ar\\\/author\\\/gonzalo\\\/\"}]}<\/script>","yoast_head_json":{"title":"Qu\u00e9 dice el nuevo protocolo para detener a personas LGBT - Informe Litoral","robots":{"index":"index","follow":"follow","max-snippet":"max-snippet:-1","max-image-preview":"max-image-preview:large","max-video-preview":"max-video-preview:-1"},"canonical":"https:\/\/informelitoral.com.ar\/que-dice-el-nuevo-protocolo-para-detener-a-personas-lgbt\/","og_locale":"es_ES","og_type":"article","og_title":"Qu\u00e9 dice el nuevo protocolo para detener a personas LGBT - Informe Litoral","og_description":"El Ministerio de Seguridad estableci&oacute; una serie de pautas orientadas al respeto de la identidad de g&eacute;nero. La resoluci&oacute;n fue publicada este lunes en el Bolet&iacute;n Oficial. Entre otros puntos, el&nbsp;efectivo debe &laquo;consultar a la persona a requisar cu&aacute;l es su auto percepci&oacute;n de g&eacute;nero&raquo;. El Ministerio de Seguridad aprob&oacute; el denominado&nbsp;&ldquo;Protocolo General de Actuaci&oacute;n [&hellip;]","og_url":"https:\/\/informelitoral.com.ar\/que-dice-el-nuevo-protocolo-para-detener-a-personas-lgbt\/","og_site_name":"Informe Litoral","article_publisher":"https:\/\/www.facebook.com\/informelitoral\/","article_published_time":"2017-10-30T15:37:57+00:00","og_image":[{"width":1200,"height":750,"url":"https:\/\/informelitoral.com.ar\/%77%70%2d%63%6f%6e%74%65%6e%74\/uploads\/2017\/10\/LGTB.jpg","type":"image\/jpeg"}],"author":"Gonzalo Schmidt","twitter_card":"summary_large_image","twitter_creator":"@InformeLitoral","twitter_site":"@InformeLitoral","twitter_misc":{"Escrito por":"Gonzalo Schmidt","Tiempo de lectura":"4 minutos"},"schema":{"@context":"https:\/\/schema.org","@graph":[{"@type":"Article","@id":"https:\/\/informelitoral.com.ar\/que-dice-el-nuevo-protocolo-para-detener-a-personas-lgbt\/#article","isPartOf":{"@id":"https:\/\/informelitoral.com.ar\/que-dice-el-nuevo-protocolo-para-detener-a-personas-lgbt\/"},"author":{"name":"Gonzalo Schmidt","@id":"https:\/\/informelitoral.com.ar\/#\/schema\/person\/b9d00407c836482871ef1d57bf8e3180"},"headline":"Qu\u00e9 dice el nuevo protocolo para detener a personas LGBT","datePublished":"2017-10-30T15:37:57+00:00","mainEntityOfPage":{"@id":"https:\/\/informelitoral.com.ar\/que-dice-el-nuevo-protocolo-para-detener-a-personas-lgbt\/"},"wordCount":775,"commentCount":0,"publisher":{"@id":"https:\/\/informelitoral.com.ar\/#organization"},"image":{"@id":"https:\/\/informelitoral.com.ar\/que-dice-el-nuevo-protocolo-para-detener-a-personas-lgbt\/#primaryimage"},"thumbnailUrl":"http:\/\/www.isletasnoticias.com.ar\/%77%70%2d%63%6f%6e%74%65%6e%74\/uploads\/2017\/10\/LGTB-1024x640.jpg","articleSection":["Nacionales"],"inLanguage":"es","potentialAction":[{"@type":"CommentAction","name":"Comment","target":["https:\/\/informelitoral.com.ar\/que-dice-el-nuevo-protocolo-para-detener-a-personas-lgbt\/#respond"]}]},{"@type":"WebPage","@id":"https:\/\/informelitoral.com.ar\/que-dice-el-nuevo-protocolo-para-detener-a-personas-lgbt\/","url":"https:\/\/informelitoral.com.ar\/que-dice-el-nuevo-protocolo-para-detener-a-personas-lgbt\/","name":"Qu\u00e9 dice el nuevo protocolo para detener a personas LGBT - Informe Litoral","isPartOf":{"@id":"https:\/\/informelitoral.com.ar\/#website"},"primaryImageOfPage":{"@id":"https:\/\/informelitoral.com.ar\/que-dice-el-nuevo-protocolo-para-detener-a-personas-lgbt\/#primaryimage"},"image":{"@id":"https:\/\/informelitoral.com.ar\/que-dice-el-nuevo-protocolo-para-detener-a-personas-lgbt\/#primaryimage"},"thumbnailUrl":"http:\/\/www.isletasnoticias.com.ar\/%77%70%2d%63%6f%6e%74%65%6e%74\/uploads\/2017\/10\/LGTB-1024x640.jpg","datePublished":"2017-10-30T15:37:57+00:00","breadcrumb":{"@id":"https:\/\/informelitoral.com.ar\/que-dice-el-nuevo-protocolo-para-detener-a-personas-lgbt\/#breadcrumb"},"inLanguage":"es","potentialAction":[{"@type":"ReadAction","target":["https:\/\/informelitoral.com.ar\/que-dice-el-nuevo-protocolo-para-detener-a-personas-lgbt\/"]}]},{"@type":"ImageObject","inLanguage":"es","@id":"https:\/\/informelitoral.com.ar\/que-dice-el-nuevo-protocolo-para-detener-a-personas-lgbt\/#primaryimage","url":"http:\/\/www.isletasnoticias.com.ar\/%77%70%2d%63%6f%6e%74%65%6e%74\/uploads\/2017\/10\/LGTB-1024x640.jpg","contentUrl":"http:\/\/www.isletasnoticias.com.ar\/%77%70%2d%63%6f%6e%74%65%6e%74\/uploads\/2017\/10\/LGTB-1024x640.jpg"},{"@type":"BreadcrumbList","@id":"https:\/\/informelitoral.com.ar\/que-dice-el-nuevo-protocolo-para-detener-a-personas-lgbt\/#breadcrumb","itemListElement":[{"@type":"ListItem","position":1,"name":"Portada","item":"https:\/\/informelitoral.com.ar\/"},{"@type":"ListItem","position":2,"name":"Qu\u00e9 dice el nuevo protocolo para detener a personas LGBT"}]},{"@type":"WebSite","@id":"https:\/\/informelitoral.com.ar\/#website","url":"https:\/\/informelitoral.com.ar\/","name":"Informe Litoral","description":"&quot;Nos informamos&quot; ","publisher":{"@id":"https:\/\/informelitoral.com.ar\/#organization"},"potentialAction":[{"@type":"SearchAction","target":{"@type":"EntryPoint","urlTemplate":"https:\/\/informelitoral.com.ar\/?s={search_term_string}"},"query-input":{"@type":"PropertyValueSpecification","valueRequired":true,"valueName":"search_term_string"}}],"inLanguage":"es"},{"@type":"Organization","@id":"https:\/\/informelitoral.com.ar\/#organization","name":"Informe Litoral","url":"https:\/\/informelitoral.com.ar\/","logo":{"@type":"ImageObject","inLanguage":"es","@id":"https:\/\/informelitoral.com.ar\/#\/schema\/logo\/image\/","url":"https:\/\/informelitoral.com.ar\/%77%70%2d%63%6f%6e%74%65%6e%74\/uploads\/2021\/01\/circulo.png","contentUrl":"https:\/\/informelitoral.com.ar\/%77%70%2d%63%6f%6e%74%65%6e%74\/uploads\/2021\/01\/circulo.png","width":723,"height":731,"caption":"Informe Litoral"},"image":{"@id":"https:\/\/informelitoral.com.ar\/#\/schema\/logo\/image\/"},"sameAs":["https:\/\/www.facebook.com\/informelitoral\/","https:\/\/x.com\/InformeLitoral","https:\/\/www.instagram.com\/informelitoral\/","https:\/\/www.youtube.com\/channel\/UCua4Qvz8Icb6MYqhoq9xLXw"]},{"@type":"Person","@id":"https:\/\/informelitoral.com.ar\/#\/schema\/person\/b9d00407c836482871ef1d57bf8e3180","name":"Gonzalo Schmidt","image":{"@type":"ImageObject","inLanguage":"es","@id":"https:\/\/secure.gravatar.com\/avatar\/31a1a7b66ff2de83bd0e9fd79d026630d2d99e55e8bfe501287647b4fd9743de?s=96&d=mm&r=g","url":"https:\/\/secure.gravatar.com\/avatar\/31a1a7b66ff2de83bd0e9fd79d026630d2d99e55e8bfe501287647b4fd9743de?s=96&d=mm&r=g","contentUrl":"https:\/\/secure.gravatar.com\/avatar\/31a1a7b66ff2de83bd0e9fd79d026630d2d99e55e8bfe501287647b4fd9743de?s=96&d=mm&r=g","caption":"Gonzalo Schmidt"},"description":"Sitio web de noticias de la provincia de Entre R\u00edos, Argentina. Informaci\u00f3n y entretenimiento. Informe Litoral, nos informamos.","sameAs":["http:\/\/www.isletasnoticias.com.ar"],"url":"https:\/\/informelitoral.com.ar\/author\/gonzalo\/"}]}},"_links":{"self":[{"href":"https:\/\/informelitoral.com.ar\/%77%70%2d%6a%73%6f%6e\/wp\/v2\/posts\/23579","targetHints":{"allow":["GET"]}}],"collection":[{"href":"https:\/\/informelitoral.com.ar\/%77%70%2d%6a%73%6f%6e\/wp\/v2\/posts"}],"about":[{"href":"https:\/\/informelitoral.com.ar\/%77%70%2d%6a%73%6f%6e\/wp\/v2\/types\/post"}],"author":[{"embeddable":true,"href":"https:\/\/informelitoral.com.ar\/%77%70%2d%6a%73%6f%6e\/wp\/v2\/users\/2"}],"replies":[{"embeddable":true,"href":"https:\/\/informelitoral.com.ar\/%77%70%2d%6a%73%6f%6e\/wp\/v2\/comments?post=23579"}],"version-history":[{"count":0,"href":"https:\/\/informelitoral.com.ar\/%77%70%2d%6a%73%6f%6e\/wp\/v2\/posts\/23579\/revisions"}],"wp:attachment":[{"href":"https:\/\/informelitoral.com.ar\/%77%70%2d%6a%73%6f%6e\/wp\/v2\/media?parent=23579"}],"wp:term":[{"taxonomy":"category","embeddable":true,"href":"https:\/\/informelitoral.com.ar\/%77%70%2d%6a%73%6f%6e\/wp\/v2\/categories?post=23579"},{"taxonomy":"post_tag","embeddable":true,"href":"https:\/\/informelitoral.com.ar\/%77%70%2d%6a%73%6f%6e\/wp\/v2\/tags?post=23579"}],"curies":[{"name":"wp","href":"https:\/\/api.w.org\/{rel}","templated":true}]}}