{"id":235628,"date":"2025-10-01T09:33:47","date_gmt":"2025-10-01T12:33:47","guid":{"rendered":"https:\/\/informelitoral.com.ar\/?p=235628"},"modified":"2025-10-01T09:37:00","modified_gmt":"2025-10-01T12:37:00","slug":"la-derrota-es-exclusivamente-responsabilidad-mia-mascherano-se-disculpo-con-sus-jugadores","status":"publish","type":"post","link":"https:\/\/informelitoral.com.ar\/la-derrota-es-exclusivamente-responsabilidad-mia-mascherano-se-disculpo-con-sus-jugadores\/","title":{"rendered":"\u00abLa derrota es exclusivamente responsabilidad m\u00eda\u00bb: Mascherano se disculp\u00f3 con sus jugadores"},"content":{"rendered":"<div id=\"chat-history\" class=\"chat-history-scroll-container\">\n<div id=\"a3ba977e41e74e6c\" class=\"conversation-container message-actions-hover-boundary ng-star-inserted\">\n<div>\n<div class=\"response-container ng-tns-c4260875380-45 response-container-with-gpi ng-star-inserted response-container-has-multiple-responses\" data-hveid=\"1\">\n<div class=\"presented-response-container ng-tns-c4260875380-45\">\n<div class=\"response-container-content ng-tns-c4260875380-45\">\n<div class=\"response-content ng-tns-c4260875380-45\">\n<div id=\"model-response-message-contentr_a3ba977e41e74e6c\" class=\"markdown markdown-main-panel enable-updated-hr-color\" dir=\"ltr\">\n<p><b>Inter Miami<\/b> de <b>Lionel Messi<\/b> sufri\u00f3 una dura e inesperada derrota por 5-3 ante <b>Chicago Fire<\/b> en la Major League Soccer (MLS). Tras el encuentro, el entrenador argentino <b>Javier Mascherano<\/b> compareci\u00f3 ante la prensa y asumi\u00f3 toda la responsabilidad, pidiendo disculpas a sus jugadores por el mal planteamiento inicial del equipo.<\/p>\n<h6><em><strong>Del archivo:\u00a0<a href=\"https:\/\/informelitoral.com.ar\/river-se-aferra-a-la-copa-argentina-en-medio-de-una-crisis\/\" target=\"_blank\" rel=\"noopener\">River se aferra a la Copa Argentina en medio de una crisis<\/a><\/strong><\/em><\/h6>\n<h2><strong>\u00abRegalamos una primera parte\u00bb<\/strong><\/h2>\n<p>El \u00abJefecito\u00bb no se anduvo con rodeos al evaluar el desempe\u00f1o de su equipo, que volvi\u00f3 a recibir cinco goles en un partido, esta vez como local.<\/p>\n<p>El t\u00e9cnico fue enf\u00e1tico en se\u00f1alarse como el \u00fanico responsable de la ca\u00edda: \u00abEs una l\u00e1stima, no por cuesti\u00f3n de nombre, sino de planteamiento. <b>Hoy no pude ayudarlos desde ese lugar, esta derrota es exclusivamente responsabilidad m\u00eda<\/b>\u00ab, insisti\u00f3.<\/p>\n<p><img loading=\"lazy\" decoding=\"async\" class=\"\" src=\"https:\/\/www.mundodeportivo.com\/files\/image_449_220\/files\/fp\/uploads\/2025\/10\/01\/68dcb6f27db70.r_d.837-451-3358.jpeg\" alt=\"Mascherano enton\u00f3 el mea culpa tras el KO ante Chicago Fire\" width=\"694\" height=\"340\" \/><\/p>\n<h2><strong>Goles y posici\u00f3n en la tabla<\/strong><\/h2>\n<p>Inter Miami, que tuvo a Messi como titular, cay\u00f3 ante los goles de Dje D\u2019Avilla, Jonathan Dean, Rominigue Kouam\u00e9, Justin Reynolds y Brian Guti\u00e9rrez para Chicago Fire. Por el lado local, los descuentos llegaron gracias al gol de <b>Toto Avil\u00e9s<\/b> y un <b>doblete de Luis Su\u00e1rez<\/b>.<\/p>\n<p>Con esta derrota, las \u00abGarzas\u00bb se mantienen en la cuarta posici\u00f3n de la Conferencia Este. Adem\u00e1s, esta fue la tercera vez en la temporada que el equipo recibe cinco goles, siendo la primera en condici\u00f3n de local, un dato que subraya los problemas defensivos que arrastra el equipo.<\/p>\n<h2><strong>Reconocimiento de fallas estrat\u00e9gicas<\/strong><\/h2>\n<p>Mascherano reafirm\u00f3 que la falla estuvo en la estrategia inicial, lo que lo oblig\u00f3 a realizar cambios t\u00e1cticos durante el desarrollo del juego.<\/p>\n<p>\u00abLa responsabilidad es m\u00eda por el <b>mal planteamiento que hice en el primer tiempo<\/b>. Cuando uno tiene que cambiar a mitad del partido es porque claramente pens\u00f3 una cosa y se dio totalmente lo opuesto\u00bb, explic\u00f3 el entrenador argentino. Finalmente, concluy\u00f3 con un mensaje de mejora para el futuro del equipo: \u00abTenemos muchas cosas que mejorar, creo que lo dej\u00e9 bastante claro. <b>El primero, yo<\/b>\u00ab, sentenci\u00f3.(<em>TN<\/em>)<\/p>\n<\/div>\n<\/div>\n<\/div>\n<\/div>\n<\/div>\n<\/div>\n<\/div>\n<\/div>\n<div class=\"input-area-container ng-trigger ng-trigger-inputAreaAnimation\">\n<div class=\"input-area ng-tns-c2268596275-5\" data-node-type=\"input-area\">\n<div class=\"text-input-field ng-tns-c2268596275-5\">\n<div class=\"text-input-field_textarea-wrapper ng-tns-c2268596275-5\">\n<div class=\"text-input-field-main-area ng-tns-c2268596275-5\">\n<div class=\"text-input-field_textarea-inner ng-tns-c2268596275-5\">\n<div class=\"ql-editor textarea new-input-ui ql-blank\" role=\"textbox\" contenteditable=\"true\" data-gramm=\"false\" aria-multiline=\"true\" aria-label=\"Ingresa una instrucci\u00f3n aqu\u00ed\" data-placeholder=\"Tras el furor que desat\u00f3 el\u00a0streaming\u00a0de la\u00a0expedici\u00f3n cient\u00edfica del Conicet al ca\u00f1\u00f3n submarino Mar del Plata\u00a0con el\u00a0buque\u00a0Falkor (too) del Schmidt Ocean Institute, este martes empieza una nueva navegaci\u00f3n con fines cient\u00edficos por aguas argentinas, con un nuevo equipo interdisciplinario de especialistas del Conicet con profesionales internacionales. Entre el 30 de septiembre y el 30 de octubre, el grupo se propone estudiar\u00a0el sistema de ca\u00f1ones Bah\u00eda Blanca, ubicado frente a la costa de Viedma, en la provincia de\u00a0R\u00edo Negro, y luego avanzar hacia los ca\u00f1ones Almirante Brown, frente a\u00a0Chubut. Trump, en guerra con la ciencia: qu\u00e9 dicen las investigaciones sobre el paracetamol y el autismo En esta nueva campa\u00f1a de exploraci\u00f3n oce\u00e1nica, conducida por la ocean\u00f3grafa\u00a0Silvia Romero,\u00a0se investigar\u00e1 el ca\u00f1\u00f3n submarino que se encuentra\u00a0a 500 kil\u00f3metros de las costas de Viedma y Rawson. La investigadora del Servicio de Hidrograf\u00eda Nava (SHN) y profesora del Departamento de Ciencias de la Atm\u00f3sfera y los Oc\u00e9anos (DCAO) de la Facultad de Ciencias Exactas y Naturales de la Universidad de Buenos Aires (UBA) confirm\u00f3 que\u00a0la misi\u00f3n se transmitir\u00e1\u00a0en vivo y en directo para todo el p\u00fablico por el canal de YouTube del\u00a0Schmidt Ocean Institute. Romero remarc\u00f3 el enorme valor que tiene para la ciencia poder investigar c\u00f3mo interact\u00faa la Corriente de Malvinas en los ca\u00f1ones submarinos del margen continental. &quot;Ahora bien, estos dos ca\u00f1ones,\u00a0a diferencia del de Mar del Plata, donde se realiz\u00f3 la expedici\u00f3n anterior, no son ciegos, sino que inciden sobre el margen superior, justo donde termina la plataforma y se inicia el talud.\u00a0Nuestra hip\u00f3tesis es que tienen un impacto decisivo al facilitar el intercambio de aguas de la Corriente de Malvinas\u201d, explic\u00f3. La &quot;estrella culona&quot; fue protagonista de la expedici\u00f3n submarina al Ca\u00f1\u00f3n del Mar del Plata. Un instrumento importante que se utilizar\u00e1 esta vez es uno que aport\u00f3 el SHN:\u00a0una boya oceanogr\u00e1fica\u00a0equipada con distintos sensores meteorol\u00f3gicos que quedar\u00e1 fija en un lugar y\u00a0captar\u00e1 la velocidad de la corriente en cada estrato desde la superficie hasta el fondo,\u00a0la temperatura y otros par\u00e1metros. Adem\u00e1s, seg\u00fan adelant\u00f3 Romero, se arrojar\u00e1n en puntos espec\u00edficos\u00a0una serie de boyas derivantes que llevan un GPS\u00a0para calcular c\u00f3mo se va modificando el rumbo de las masas de agua m\u00e1s superficiales. Estas mediciones se completar\u00e1n con la\u00a0recolecci\u00f3n de especies planct\u00f3nicas\u00a0mediante redes dise\u00f1adas a tal fin. Esta nueva misi\u00f3n tiene el respaldo del\u00a0Schmidt Ocean Institute\u00a0y el financiamiento de la\u00a0Fundaci\u00f3n Williams, el SHN, el Instituto Nacional de Investigaci\u00f3n y Desarrollo Pesquero (INIDEP) y varios institutos del Consejo Nacional de Investigaciones Cient\u00edficas y T\u00e9cnicas (CONICET). El buque Falkor viene re realizar un recorrido por las profundidades del oc\u00e9ano Atl\u00e1ntico en las cercan\u00edas de la capital de Uruguay, Montevideo.\u00a0 El \u00e9xito de la misi\u00f3n submarina del Conicet en Mar del Plata El \u00e9xito de la misi\u00f3n argentina durante julio y agosto\u00a0a una profundidad de 3.900 metros en el ca\u00f1\u00f3n submarino Mar del Plata\u00a0no se tradujo \u00fanicamente en grandes hallazgos cient\u00edficos, sino en\u00a0la necesaria promoci\u00f3n de la ciencia y la educaci\u00f3n argentina.\u00a0 La campa\u00f1a cient\u00edfica \u201cTalud Continental IV\u201d,\u00a0para capturar im\u00e1genes submarinas en alta definici\u00f3n con un\u00a0robot de \u00faltima tecnolog\u00eda como el (ROV) SuBastian, y recolectar muestras sin alterar el entorno, inici\u00f3 el 23 de julio y concluy\u00f3 a principios de agosto. La investigaci\u00f3n, liderada por un equipo de instituciones argentinas con el respaldo del Consejo Nacional de Investigaciones Cient\u00edficas y T\u00e9cnicas (CONICET), se llev\u00f3 adelante con la participaci\u00f3n de m\u00e1s de\u00a020 investigadores argentinos y un gran grupo de especialistas de otros pa\u00edses:\u00a0todos ellos se adentraron por varios d\u00edas consecutivos en las aguas del Mar Argentino, a 300 kil\u00f3metros de la costa bonaerense, a bordo del\u00a0buque de investigaci\u00f3n Falkor (too). La expedici\u00f3n al ca\u00f1\u00f3n submarino Mar del Plata fue sensaci\u00f3n en redes sociales. El objetivo de esta misi\u00f3n era estudiar la distribuci\u00f3n de especies y su relaci\u00f3n con variables ambientales, topogr\u00e1ficas y oceanogr\u00e1ficas, entre otras. Adem\u00e1s, gracias al\u00a0streaming\u00a0muchos usuarios pod\u00edan comprender las maravillas del oc\u00e9ano marino al encontrar una enorme variedad de\u00a0moluscos, peces, cangrejos, estrellas de mar, medusas, an\u00e9monas, caracoles, entre otros. Es decir, que m\u00e1s all\u00e1 del objetivo principal, los cient\u00edficos del Conicet y los propios investigadores del Schimid Ocean Institute se sorprendieron a lo largo de esas semanas con\u00a0otro fen\u00f3meno social\u00a0de gran importancia: la enorme repercusi\u00f3n que tuvo la difusi\u00f3n de este contenido de forma gratuita y masiva en la comunidad argentina.\u00a0M\u00e1s unas 60.000 personas se llegaron a conectar en simult\u00e1neo a un vivo para acompa\u00f1ar a los cient\u00edficos en su tarea y aprender sobre las maravillas de la biolog\u00eda marina. Los fines de semana eran los d\u00edas en los que m\u00e1s espectadores reun\u00edan.\u00a0Por otro lado, fue la primera vez que una campa\u00f1a cient\u00edfica argentina se transmiti\u00f3 en vivo.\u00a0 La expedici\u00f3n del Conicet al ca\u00f1\u00f3n de Mar del Plata bati\u00f3 r\u00e9cords de visualizaciones. Aquella transmisi\u00f3n\u00a0bati\u00f3 todos los r\u00e9cords de participaci\u00f3n del Schmidt Ocean Institute: mientras que la mayor\u00eda de las inmersiones de otras campa\u00f1as tienen una media de alrededor de cuatro mil visualizaciones;\u00a0esta expedici\u00f3n tuvo una media de quinientas mil visualizaciones por inmersi\u00f3n,\u00a0con un total de casi 18 millones de visualizaciones en tres semanas. \u201cEsta expedici\u00f3n ha sido una experiencia \u00fanica en la vida, y\u00a0me siento honrado de compartirla con colegas con los que he trabajado durante una d\u00e9cada\u201d, afirm\u00f3\u00a0Daniel Lauretta, jefe de la expedici\u00f3n y cient\u00edfico del Conicet y del Museo Argentino de Ciencias Naturales Bernardino Rivadavia (MACN, CONICET). \u201cLa calidad de las im\u00e1genes captadas por el ROV SuBastian ha sido excepcional y nos ayud\u00f3 a comprender mejor la complejidad de este h\u00e1bitat y la extraordinaria biodiversidad que alberga\u201d. El equipo que lider\u00f3 esta expedici\u00f3n llevaba\u00a0m\u00e1s de una d\u00e9cada estudiando la zona: la campa\u00f1a dio continuidad a las expediciones Talud Continental I, II y III, realizadas a bordo del Buque Oceanogr\u00e1fico Puerto Deseado del CONICET, que permitieron describir decenas de nuevas especies y revelaron una diversidad inesperada en corales de aguas fr\u00edas, moluscos, equinodermos, ascidias, crust\u00e1ceos, peces de profundidad y sus par\u00e1sitos. En aquellas oportunidades las muestras se recog\u00edan con redes y rastras. Entre julio y agosto \u00faltimos, en cambio, fue la primera vez que vieron el fondo marino en directo. Algunas de las muestras tomadas por la expedici\u00f3n del Conicet al ca\u00f1\u00f3n submarino de Mar del Plata. En esa oportunidad, el equipo cient\u00edfico\u00a0document\u00f3 una rica biodiversidad, incluyendo arrecifes de coral a una profundidad de 1014 metros (m\u00e1s de media milla), compuestos por\u00a0Bathelia candida, una especie de coral p\u00e9treo que forma h\u00e1bitats. A 1500 metros de profundidad (casi una milla), encontraron un extenso campo de\u00a0Anthomastus sp. rojo, un coral blando de aguas profundas.\u00a0 En total,\u00a0los cient\u00edficos sospechan que descubrieron m\u00e1s de cuarenta nuevas especies, entre las que se incluyen an\u00e9monas de mar, pepinos de mar, erizos de mar, caracoles, corales y crinoideos, entre otros. Pero confirmar las nuevas especies\u00a0llevar\u00e1 tiempo, ya que tendr\u00e1n que compararlas con animales conocidos. Las\u00a0muestras recogidas\u00a0durante la expedici\u00f3n submarina fueron transportadas al Museo Argentino de Ciencias Naturales (MACN) de la Ciudad de Buenos Aires, donde est\u00e1n siendo estudiadas.\u00a0 \u201cAhora viene una etapa de trabajo de laboratorio y de computadora. En el caso de la taxonom\u00eda, por ejemplo, estamos reconociendo las especies nuevas y describiendo lo que vimos, revisando g\u00e9neros, familias, literatura para hacer comparaciones, y esa etapa nos puede tomar meses o a\u00f1os\u201d, explic\u00f3 Lauretta. \u201cEn cuanto a los primeros resultados de micropl\u00e1sticos y carbono azul, van a llevar al menos seis meses. Y lo que estimamos va a tomar m\u00e1s tiempo ser\u00e1\u00a0analizar las doscientas horas de filmaci\u00f3n\u00a0que trajimos registradas\u201d.escribi una noticia con titulo subtitulo y desarrollo\"><\/div>\n<\/div>\n<\/div>\n<\/div>\n<\/div>\n<\/div>\n<\/div>\n","protected":false},"excerpt":{"rendered":"<p>El DT de Inter Miami, con autocr\u00edtica total, asumi\u00f3 los errores de planteamiento tras la ins\u00f3lita ca\u00edda 5-3 ante Chicago Fire en la MLS, pese al doblete de Luis Su\u00e1rez.<\/p>\n","protected":false},"author":8,"featured_media":235629,"comment_status":"open","ping_status":"open","sticky":false,"template":"","format":"standard","meta":{"fifu_image_url":"https:\/\/media.mdzol.com\/p\/1ff764212e631e37034bf55dce641f1a\/adjuntos\/373\/imagenes\/001\/639\/0001639758\/760x0\/1800x642:1820x662\/portada-javier-mascherano.jpg","fifu_image_alt":"","footnotes":""},"categories":[13],"tags":[4249,5371],"class_list":{"0":"post-235628","1":"post","2":"type-post","3":"status-publish","4":"format-standard","5":"has-post-thumbnail","7":"category-deportes","8":"tag-inter-miami","9":"tag-javier-mascherano"},"yoast_head":"<title>&quot;La derrota es exclusivamente responsabilidad m\u00eda&quot;: Mascherano se disculp\u00f3 con sus jugadores - Informe Litoral<\/title>\n<meta name=\"robots\" content=\"index, follow, max-snippet:-1, max-image-preview:large, max-video-preview:-1\" \/>\n<link rel=\"canonical\" href=\"https:\/\/informelitoral.com.ar\/la-derrota-es-exclusivamente-responsabilidad-mia-mascherano-se-disculpo-con-sus-jugadores\/\" \/>\n<meta property=\"og:locale\" content=\"es_ES\" \/>\n<meta property=\"og:type\" content=\"article\" \/>\n<meta property=\"og:title\" content=\"&quot;La derrota es exclusivamente responsabilidad m\u00eda&quot;: Mascherano se disculp\u00f3 con sus jugadores - Informe Litoral\" \/>\n<meta property=\"og:description\" content=\"El DT de Inter Miami, con autocr\u00edtica total, asumi\u00f3 los errores de planteamiento tras la ins\u00f3lita ca\u00edda 5-3 ante Chicago Fire en la MLS, pese al doblete de Luis Su\u00e1rez.\" \/>\n<meta property=\"og:url\" content=\"https:\/\/informelitoral.com.ar\/la-derrota-es-exclusivamente-responsabilidad-mia-mascherano-se-disculpo-con-sus-jugadores\/\" \/>\n<meta property=\"og:site_name\" content=\"Informe Litoral\" \/>\n<meta property=\"article:publisher\" content=\"https:\/\/www.facebook.com\/informelitoral\/\" \/>\n<meta property=\"article:published_time\" content=\"2025-10-01T12:33:47+00:00\" \/>\n<meta property=\"article:modified_time\" content=\"2025-10-01T12:37:00+00:00\" \/>\n<meta property=\"og:image\" content=\"https:\/\/media.mdzol.com\/p\/1ff764212e631e37034bf55dce641f1a\/adjuntos\/373\/imagenes\/001\/639\/0001639758\/760x0\/1800x642:1820x662\/portada-javier-mascherano.jpg\" \/><meta property=\"og:image\" content=\"https:\/\/media.mdzol.com\/p\/1ff764212e631e37034bf55dce641f1a\/adjuntos\/373\/imagenes\/001\/639\/0001639758\/760x0\/1800x642:1820x662\/portada-javier-mascherano.jpg\" \/>\n\t<meta property=\"og:image:width\" content=\"760\" \/>\n\t<meta property=\"og:image:height\" content=\"431\" \/>\n\t<meta property=\"og:image:type\" content=\"image\/jpeg\" \/>\n<meta name=\"author\" content=\"Sebastian\" \/>\n<meta name=\"twitter:card\" content=\"summary_large_image\" \/>\n<meta name=\"twitter:image\" content=\"https:\/\/media.mdzol.com\/p\/1ff764212e631e37034bf55dce641f1a\/adjuntos\/373\/imagenes\/001\/639\/0001639758\/760x0\/1800x642:1820x662\/portada-javier-mascherano.jpg\" \/>\n<meta name=\"twitter:creator\" content=\"@InformeLitoral\" \/>\n<meta name=\"twitter:site\" content=\"@InformeLitoral\" \/>\n<meta name=\"twitter:label1\" content=\"Escrito por\" \/>\n\t<meta name=\"twitter:data1\" content=\"Sebastian\" \/>\n\t<meta name=\"twitter:label2\" content=\"Tiempo de lectura\" \/>\n\t<meta name=\"twitter:data2\" content=\"2 minutos\" \/>\n<script type=\"application\/ld+json\" class=\"yoast-schema-graph\">{\"@context\":\"https:\\\/\\\/schema.org\",\"@graph\":[{\"@type\":\"Article\",\"@id\":\"https:\\\/\\\/informelitoral.com.ar\\\/la-derrota-es-exclusivamente-responsabilidad-mia-mascherano-se-disculpo-con-sus-jugadores\\\/#article\",\"isPartOf\":{\"@id\":\"https:\\\/\\\/informelitoral.com.ar\\\/la-derrota-es-exclusivamente-responsabilidad-mia-mascherano-se-disculpo-con-sus-jugadores\\\/\"},\"author\":{\"name\":\"Sebastian\",\"@id\":\"https:\\\/\\\/informelitoral.com.ar\\\/#\\\/schema\\\/person\\\/f05f9f461677119578717524b127d6d5\"},\"headline\":\"\u00abLa derrota es exclusivamente responsabilidad m\u00eda\u00bb: Mascherano se disculp\u00f3 con sus jugadores\",\"datePublished\":\"2025-10-01T12:33:47+00:00\",\"dateModified\":\"2025-10-01T12:37:00+00:00\",\"mainEntityOfPage\":{\"@id\":\"https:\\\/\\\/informelitoral.com.ar\\\/la-derrota-es-exclusivamente-responsabilidad-mia-mascherano-se-disculpo-con-sus-jugadores\\\/\"},\"wordCount\":360,\"commentCount\":0,\"publisher\":{\"@id\":\"https:\\\/\\\/informelitoral.com.ar\\\/#organization\"},\"image\":{\"@id\":\"https:\\\/\\\/informelitoral.com.ar\\\/la-derrota-es-exclusivamente-responsabilidad-mia-mascherano-se-disculpo-con-sus-jugadores\\\/#primaryimage\"},\"thumbnailUrl\":\"https:\\\/\\\/media.mdzol.com\\\/p\\\/1ff764212e631e37034bf55dce641f1a\\\/adjuntos\\\/373\\\/imagenes\\\/001\\\/639\\\/0001639758\\\/760x0\\\/1800x642:1820x662\\\/portada-javier-mascherano.jpg\",\"keywords\":[\"Inter Miami\",\"Javier Mascherano\"],\"articleSection\":[\"Deportes\"],\"inLanguage\":\"es\",\"potentialAction\":[{\"@type\":\"CommentAction\",\"name\":\"Comment\",\"target\":[\"https:\\\/\\\/informelitoral.com.ar\\\/la-derrota-es-exclusivamente-responsabilidad-mia-mascherano-se-disculpo-con-sus-jugadores\\\/#respond\"]}]},{\"@type\":\"WebPage\",\"@id\":\"https:\\\/\\\/informelitoral.com.ar\\\/la-derrota-es-exclusivamente-responsabilidad-mia-mascherano-se-disculpo-con-sus-jugadores\\\/\",\"url\":\"https:\\\/\\\/informelitoral.com.ar\\\/la-derrota-es-exclusivamente-responsabilidad-mia-mascherano-se-disculpo-con-sus-jugadores\\\/\",\"name\":\"\\\"La derrota es exclusivamente responsabilidad m\u00eda\\\": Mascherano se disculp\u00f3 con sus jugadores - Informe Litoral\",\"isPartOf\":{\"@id\":\"https:\\\/\\\/informelitoral.com.ar\\\/#website\"},\"primaryImageOfPage\":{\"@id\":\"https:\\\/\\\/informelitoral.com.ar\\\/la-derrota-es-exclusivamente-responsabilidad-mia-mascherano-se-disculpo-con-sus-jugadores\\\/#primaryimage\"},\"image\":{\"@id\":\"https:\\\/\\\/informelitoral.com.ar\\\/la-derrota-es-exclusivamente-responsabilidad-mia-mascherano-se-disculpo-con-sus-jugadores\\\/#primaryimage\"},\"thumbnailUrl\":\"https:\\\/\\\/media.mdzol.com\\\/p\\\/1ff764212e631e37034bf55dce641f1a\\\/adjuntos\\\/373\\\/imagenes\\\/001\\\/639\\\/0001639758\\\/760x0\\\/1800x642:1820x662\\\/portada-javier-mascherano.jpg\",\"datePublished\":\"2025-10-01T12:33:47+00:00\",\"dateModified\":\"2025-10-01T12:37:00+00:00\",\"breadcrumb\":{\"@id\":\"https:\\\/\\\/informelitoral.com.ar\\\/la-derrota-es-exclusivamente-responsabilidad-mia-mascherano-se-disculpo-con-sus-jugadores\\\/#breadcrumb\"},\"inLanguage\":\"es\",\"potentialAction\":[{\"@type\":\"ReadAction\",\"target\":[\"https:\\\/\\\/informelitoral.com.ar\\\/la-derrota-es-exclusivamente-responsabilidad-mia-mascherano-se-disculpo-con-sus-jugadores\\\/\"]}]},{\"@type\":\"ImageObject\",\"inLanguage\":\"es\",\"@id\":\"https:\\\/\\\/informelitoral.com.ar\\\/la-derrota-es-exclusivamente-responsabilidad-mia-mascherano-se-disculpo-con-sus-jugadores\\\/#primaryimage\",\"url\":\"https:\\\/\\\/media.mdzol.com\\\/p\\\/1ff764212e631e37034bf55dce641f1a\\\/adjuntos\\\/373\\\/imagenes\\\/001\\\/639\\\/0001639758\\\/760x0\\\/1800x642:1820x662\\\/portada-javier-mascherano.jpg\",\"contentUrl\":\"https:\\\/\\\/media.mdzol.com\\\/p\\\/1ff764212e631e37034bf55dce641f1a\\\/adjuntos\\\/373\\\/imagenes\\\/001\\\/639\\\/0001639758\\\/760x0\\\/1800x642:1820x662\\\/portada-javier-mascherano.jpg\",\"width\":\"760\",\"height\":\"431\"},{\"@type\":\"BreadcrumbList\",\"@id\":\"https:\\\/\\\/informelitoral.com.ar\\\/la-derrota-es-exclusivamente-responsabilidad-mia-mascherano-se-disculpo-con-sus-jugadores\\\/#breadcrumb\",\"itemListElement\":[{\"@type\":\"ListItem\",\"position\":1,\"name\":\"Portada\",\"item\":\"https:\\\/\\\/informelitoral.com.ar\\\/\"},{\"@type\":\"ListItem\",\"position\":2,\"name\":\"\u00abLa derrota es exclusivamente responsabilidad m\u00eda\u00bb: Mascherano se disculp\u00f3 con sus jugadores\"}]},{\"@type\":\"WebSite\",\"@id\":\"https:\\\/\\\/informelitoral.com.ar\\\/#website\",\"url\":\"https:\\\/\\\/informelitoral.com.ar\\\/\",\"name\":\"Informe Litoral\",\"description\":\"&quot;Nos informamos&quot; \",\"publisher\":{\"@id\":\"https:\\\/\\\/informelitoral.com.ar\\\/#organization\"},\"potentialAction\":[{\"@type\":\"SearchAction\",\"target\":{\"@type\":\"EntryPoint\",\"urlTemplate\":\"https:\\\/\\\/informelitoral.com.ar\\\/?s={search_term_string}\"},\"query-input\":{\"@type\":\"PropertyValueSpecification\",\"valueRequired\":true,\"valueName\":\"search_term_string\"}}],\"inLanguage\":\"es\"},{\"@type\":\"Organization\",\"@id\":\"https:\\\/\\\/informelitoral.com.ar\\\/#organization\",\"name\":\"Informe Litoral\",\"url\":\"https:\\\/\\\/informelitoral.com.ar\\\/\",\"logo\":{\"@type\":\"ImageObject\",\"inLanguage\":\"es\",\"@id\":\"https:\\\/\\\/informelitoral.com.ar\\\/#\\\/schema\\\/logo\\\/image\\\/\",\"url\":\"https:\\\/\\\/informelitoral.com.ar\\\/%77%70%2d%63%6f%6e%74%65%6e%74\\\/uploads\\\/2021\\\/01\\\/circulo.png\",\"contentUrl\":\"https:\\\/\\\/informelitoral.com.ar\\\/%77%70%2d%63%6f%6e%74%65%6e%74\\\/uploads\\\/2021\\\/01\\\/circulo.png\",\"width\":723,\"height\":731,\"caption\":\"Informe Litoral\"},\"image\":{\"@id\":\"https:\\\/\\\/informelitoral.com.ar\\\/#\\\/schema\\\/logo\\\/image\\\/\"},\"sameAs\":[\"https:\\\/\\\/www.facebook.com\\\/informelitoral\\\/\",\"https:\\\/\\\/x.com\\\/InformeLitoral\",\"https:\\\/\\\/www.instagram.com\\\/informelitoral\\\/\",\"https:\\\/\\\/www.youtube.com\\\/channel\\\/UCua4Qvz8Icb6MYqhoq9xLXw\"]},{\"@type\":\"Person\",\"@id\":\"https:\\\/\\\/informelitoral.com.ar\\\/#\\\/schema\\\/person\\\/f05f9f461677119578717524b127d6d5\",\"name\":\"Sebastian\",\"image\":{\"@type\":\"ImageObject\",\"inLanguage\":\"es\",\"@id\":\"https:\\\/\\\/secure.gravatar.com\\\/avatar\\\/b71bf7481d447dfb9583c7f2798e7cc64de6efb9067b74633ed8c31059a3bd82?s=96&d=mm&r=g\",\"url\":\"https:\\\/\\\/secure.gravatar.com\\\/avatar\\\/b71bf7481d447dfb9583c7f2798e7cc64de6efb9067b74633ed8c31059a3bd82?s=96&d=mm&r=g\",\"contentUrl\":\"https:\\\/\\\/secure.gravatar.com\\\/avatar\\\/b71bf7481d447dfb9583c7f2798e7cc64de6efb9067b74633ed8c31059a3bd82?s=96&d=mm&r=g\",\"caption\":\"Sebastian\"},\"url\":\"https:\\\/\\\/informelitoral.com.ar\\\/author\\\/sebastian\\\/\"}]}<\/script>","yoast_head_json":{"title":"\"La derrota es exclusivamente responsabilidad m\u00eda\": Mascherano se disculp\u00f3 con sus jugadores - Informe Litoral","robots":{"index":"index","follow":"follow","max-snippet":"max-snippet:-1","max-image-preview":"max-image-preview:large","max-video-preview":"max-video-preview:-1"},"canonical":"https:\/\/informelitoral.com.ar\/la-derrota-es-exclusivamente-responsabilidad-mia-mascherano-se-disculpo-con-sus-jugadores\/","og_locale":"es_ES","og_type":"article","og_title":"\"La derrota es exclusivamente responsabilidad m\u00eda\": Mascherano se disculp\u00f3 con sus jugadores - Informe Litoral","og_description":"El DT de Inter Miami, con autocr\u00edtica total, asumi\u00f3 los errores de planteamiento tras la ins\u00f3lita ca\u00edda 5-3 ante Chicago Fire en la MLS, pese al doblete de Luis Su\u00e1rez.","og_url":"https:\/\/informelitoral.com.ar\/la-derrota-es-exclusivamente-responsabilidad-mia-mascherano-se-disculpo-con-sus-jugadores\/","og_site_name":"Informe Litoral","article_publisher":"https:\/\/www.facebook.com\/informelitoral\/","article_published_time":"2025-10-01T12:33:47+00:00","article_modified_time":"2025-10-01T12:37:00+00:00","og_image":[{"url":"https:\/\/media.mdzol.com\/p\/1ff764212e631e37034bf55dce641f1a\/adjuntos\/373\/imagenes\/001\/639\/0001639758\/760x0\/1800x642:1820x662\/portada-javier-mascherano.jpg","type":"","width":"","height":""},{"width":760,"height":431,"url":"https:\/\/media.mdzol.com\/p\/1ff764212e631e37034bf55dce641f1a\/adjuntos\/373\/imagenes\/001\/639\/0001639758\/760x0\/1800x642:1820x662\/portada-javier-mascherano.jpg","type":"image\/jpeg"}],"author":"Sebastian","twitter_card":"summary_large_image","twitter_image":"https:\/\/media.mdzol.com\/p\/1ff764212e631e37034bf55dce641f1a\/adjuntos\/373\/imagenes\/001\/639\/0001639758\/760x0\/1800x642:1820x662\/portada-javier-mascherano.jpg","twitter_creator":"@InformeLitoral","twitter_site":"@InformeLitoral","twitter_misc":{"Escrito por":"Sebastian","Tiempo de lectura":"2 minutos"},"schema":{"@context":"https:\/\/schema.org","@graph":[{"@type":"Article","@id":"https:\/\/informelitoral.com.ar\/la-derrota-es-exclusivamente-responsabilidad-mia-mascherano-se-disculpo-con-sus-jugadores\/#article","isPartOf":{"@id":"https:\/\/informelitoral.com.ar\/la-derrota-es-exclusivamente-responsabilidad-mia-mascherano-se-disculpo-con-sus-jugadores\/"},"author":{"name":"Sebastian","@id":"https:\/\/informelitoral.com.ar\/#\/schema\/person\/f05f9f461677119578717524b127d6d5"},"headline":"\u00abLa derrota es exclusivamente responsabilidad m\u00eda\u00bb: Mascherano se disculp\u00f3 con sus jugadores","datePublished":"2025-10-01T12:33:47+00:00","dateModified":"2025-10-01T12:37:00+00:00","mainEntityOfPage":{"@id":"https:\/\/informelitoral.com.ar\/la-derrota-es-exclusivamente-responsabilidad-mia-mascherano-se-disculpo-con-sus-jugadores\/"},"wordCount":360,"commentCount":0,"publisher":{"@id":"https:\/\/informelitoral.com.ar\/#organization"},"image":{"@id":"https:\/\/informelitoral.com.ar\/la-derrota-es-exclusivamente-responsabilidad-mia-mascherano-se-disculpo-con-sus-jugadores\/#primaryimage"},"thumbnailUrl":"https:\/\/media.mdzol.com\/p\/1ff764212e631e37034bf55dce641f1a\/adjuntos\/373\/imagenes\/001\/639\/0001639758\/760x0\/1800x642:1820x662\/portada-javier-mascherano.jpg","keywords":["Inter Miami","Javier Mascherano"],"articleSection":["Deportes"],"inLanguage":"es","potentialAction":[{"@type":"CommentAction","name":"Comment","target":["https:\/\/informelitoral.com.ar\/la-derrota-es-exclusivamente-responsabilidad-mia-mascherano-se-disculpo-con-sus-jugadores\/#respond"]}]},{"@type":"WebPage","@id":"https:\/\/informelitoral.com.ar\/la-derrota-es-exclusivamente-responsabilidad-mia-mascherano-se-disculpo-con-sus-jugadores\/","url":"https:\/\/informelitoral.com.ar\/la-derrota-es-exclusivamente-responsabilidad-mia-mascherano-se-disculpo-con-sus-jugadores\/","name":"\"La derrota es exclusivamente responsabilidad m\u00eda\": Mascherano se disculp\u00f3 con sus jugadores - Informe Litoral","isPartOf":{"@id":"https:\/\/informelitoral.com.ar\/#website"},"primaryImageOfPage":{"@id":"https:\/\/informelitoral.com.ar\/la-derrota-es-exclusivamente-responsabilidad-mia-mascherano-se-disculpo-con-sus-jugadores\/#primaryimage"},"image":{"@id":"https:\/\/informelitoral.com.ar\/la-derrota-es-exclusivamente-responsabilidad-mia-mascherano-se-disculpo-con-sus-jugadores\/#primaryimage"},"thumbnailUrl":"https:\/\/media.mdzol.com\/p\/1ff764212e631e37034bf55dce641f1a\/adjuntos\/373\/imagenes\/001\/639\/0001639758\/760x0\/1800x642:1820x662\/portada-javier-mascherano.jpg","datePublished":"2025-10-01T12:33:47+00:00","dateModified":"2025-10-01T12:37:00+00:00","breadcrumb":{"@id":"https:\/\/informelitoral.com.ar\/la-derrota-es-exclusivamente-responsabilidad-mia-mascherano-se-disculpo-con-sus-jugadores\/#breadcrumb"},"inLanguage":"es","potentialAction":[{"@type":"ReadAction","target":["https:\/\/informelitoral.com.ar\/la-derrota-es-exclusivamente-responsabilidad-mia-mascherano-se-disculpo-con-sus-jugadores\/"]}]},{"@type":"ImageObject","inLanguage":"es","@id":"https:\/\/informelitoral.com.ar\/la-derrota-es-exclusivamente-responsabilidad-mia-mascherano-se-disculpo-con-sus-jugadores\/#primaryimage","url":"https:\/\/media.mdzol.com\/p\/1ff764212e631e37034bf55dce641f1a\/adjuntos\/373\/imagenes\/001\/639\/0001639758\/760x0\/1800x642:1820x662\/portada-javier-mascherano.jpg","contentUrl":"https:\/\/media.mdzol.com\/p\/1ff764212e631e37034bf55dce641f1a\/adjuntos\/373\/imagenes\/001\/639\/0001639758\/760x0\/1800x642:1820x662\/portada-javier-mascherano.jpg","width":"760","height":"431"},{"@type":"BreadcrumbList","@id":"https:\/\/informelitoral.com.ar\/la-derrota-es-exclusivamente-responsabilidad-mia-mascherano-se-disculpo-con-sus-jugadores\/#breadcrumb","itemListElement":[{"@type":"ListItem","position":1,"name":"Portada","item":"https:\/\/informelitoral.com.ar\/"},{"@type":"ListItem","position":2,"name":"\u00abLa derrota es exclusivamente responsabilidad m\u00eda\u00bb: Mascherano se disculp\u00f3 con sus jugadores"}]},{"@type":"WebSite","@id":"https:\/\/informelitoral.com.ar\/#website","url":"https:\/\/informelitoral.com.ar\/","name":"Informe Litoral","description":"&quot;Nos informamos&quot; ","publisher":{"@id":"https:\/\/informelitoral.com.ar\/#organization"},"potentialAction":[{"@type":"SearchAction","target":{"@type":"EntryPoint","urlTemplate":"https:\/\/informelitoral.com.ar\/?s={search_term_string}"},"query-input":{"@type":"PropertyValueSpecification","valueRequired":true,"valueName":"search_term_string"}}],"inLanguage":"es"},{"@type":"Organization","@id":"https:\/\/informelitoral.com.ar\/#organization","name":"Informe Litoral","url":"https:\/\/informelitoral.com.ar\/","logo":{"@type":"ImageObject","inLanguage":"es","@id":"https:\/\/informelitoral.com.ar\/#\/schema\/logo\/image\/","url":"https:\/\/informelitoral.com.ar\/%77%70%2d%63%6f%6e%74%65%6e%74\/uploads\/2021\/01\/circulo.png","contentUrl":"https:\/\/informelitoral.com.ar\/%77%70%2d%63%6f%6e%74%65%6e%74\/uploads\/2021\/01\/circulo.png","width":723,"height":731,"caption":"Informe Litoral"},"image":{"@id":"https:\/\/informelitoral.com.ar\/#\/schema\/logo\/image\/"},"sameAs":["https:\/\/www.facebook.com\/informelitoral\/","https:\/\/x.com\/InformeLitoral","https:\/\/www.instagram.com\/informelitoral\/","https:\/\/www.youtube.com\/channel\/UCua4Qvz8Icb6MYqhoq9xLXw"]},{"@type":"Person","@id":"https:\/\/informelitoral.com.ar\/#\/schema\/person\/f05f9f461677119578717524b127d6d5","name":"Sebastian","image":{"@type":"ImageObject","inLanguage":"es","@id":"https:\/\/secure.gravatar.com\/avatar\/b71bf7481d447dfb9583c7f2798e7cc64de6efb9067b74633ed8c31059a3bd82?s=96&d=mm&r=g","url":"https:\/\/secure.gravatar.com\/avatar\/b71bf7481d447dfb9583c7f2798e7cc64de6efb9067b74633ed8c31059a3bd82?s=96&d=mm&r=g","contentUrl":"https:\/\/secure.gravatar.com\/avatar\/b71bf7481d447dfb9583c7f2798e7cc64de6efb9067b74633ed8c31059a3bd82?s=96&d=mm&r=g","caption":"Sebastian"},"url":"https:\/\/informelitoral.com.ar\/author\/sebastian\/"}]}},"fifu_image_url":"https:\/\/media.mdzol.com\/p\/1ff764212e631e37034bf55dce641f1a\/adjuntos\/373\/imagenes\/001\/639\/0001639758\/760x0\/1800x642:1820x662\/portada-javier-mascherano.jpg","_links":{"self":[{"href":"https:\/\/informelitoral.com.ar\/%77%70%2d%6a%73%6f%6e\/wp\/v2\/posts\/235628","targetHints":{"allow":["GET"]}}],"collection":[{"href":"https:\/\/informelitoral.com.ar\/%77%70%2d%6a%73%6f%6e\/wp\/v2\/posts"}],"about":[{"href":"https:\/\/informelitoral.com.ar\/%77%70%2d%6a%73%6f%6e\/wp\/v2\/types\/post"}],"author":[{"embeddable":true,"href":"https:\/\/informelitoral.com.ar\/%77%70%2d%6a%73%6f%6e\/wp\/v2\/users\/8"}],"replies":[{"embeddable":true,"href":"https:\/\/informelitoral.com.ar\/%77%70%2d%6a%73%6f%6e\/wp\/v2\/comments?post=235628"}],"version-history":[{"count":3,"href":"https:\/\/informelitoral.com.ar\/%77%70%2d%6a%73%6f%6e\/wp\/v2\/posts\/235628\/revisions"}],"predecessor-version":[{"id":235632,"href":"https:\/\/informelitoral.com.ar\/%77%70%2d%6a%73%6f%6e\/wp\/v2\/posts\/235628\/revisions\/235632"}],"wp:featuredmedia":[{"embeddable":true,"href":"https:\/\/informelitoral.com.ar\/%77%70%2d%6a%73%6f%6e\/wp\/v2\/media\/235629"}],"wp:attachment":[{"href":"https:\/\/informelitoral.com.ar\/%77%70%2d%6a%73%6f%6e\/wp\/v2\/media?parent=235628"}],"wp:term":[{"taxonomy":"category","embeddable":true,"href":"https:\/\/informelitoral.com.ar\/%77%70%2d%6a%73%6f%6e\/wp\/v2\/categories?post=235628"},{"taxonomy":"post_tag","embeddable":true,"href":"https:\/\/informelitoral.com.ar\/%77%70%2d%6a%73%6f%6e\/wp\/v2\/tags?post=235628"}],"curies":[{"name":"wp","href":"https:\/\/api.w.org\/{rel}","templated":true}]}}