{"id":235524,"date":"2025-09-30T10:53:24","date_gmt":"2025-09-30T13:53:24","guid":{"rendered":"https:\/\/informelitoral.com.ar\/?p=235524"},"modified":"2025-09-30T13:12:37","modified_gmt":"2025-09-30T16:12:37","slug":"rechazaron-un-amparo-contra-jineteadas-en-oro-verde","status":"publish","type":"post","link":"https:\/\/informelitoral.com.ar\/rechazaron-un-amparo-contra-jineteadas-en-oro-verde\/","title":{"rendered":"Rechazaron un amparo contra jineteadas en Oro Verde"},"content":{"rendered":"<p>El juez de Paz de Oro Verde, Mariano Ram\u00f3n Jurado, ha resuelto rechazar los recursos de amparo presentados por las organizaciones proteccionistas <b>Asociaci\u00f3n Ecoguay<\/b> y la <b>Agrupaci\u00f3n Conciencia Animal Entre R\u00edos<\/b>. Ambas entidades, junto a una decena de adherentes, buscaban la suspensi\u00f3n de la jineteada y doma tradicional que tuvo lugar el pasado 17 de agosto, alegando actos de maltrato y crueldad hacia los caballos.<\/p>\n<h2><strong>Argumentos del juez y la defensa<\/strong><\/h2>\n<p>El fallo del magistrado se bas\u00f3 en la falta de pruebas concretas que acreditaran los actos de crueldad denunciados. En su sentencia, Jurado sostuvo que el material probatorio presentado no gener\u00f3 \u00abduda que torne aplicable\u00bb el principio de protecci\u00f3n animal en este caso. El juez remarc\u00f3 que la actividad, que se ha venido realizando durante casi una d\u00e9cada, cumple con la <b>Ley Provincial N.\u00ba 10.740<\/b> de Rescate, Protecci\u00f3n y Promoci\u00f3n de la Cultura Tradicional Entrerriana. Esta normativa establece requisitos de seguridad y control veterinario para este tipo de eventos.<\/p>\n<p>La defensa del municipio, a cargo del apoderado legal Cristian Erm\u00e1cora, present\u00f3 documentaci\u00f3n que acreditaba la autorizaci\u00f3n municipal para el evento. Erm\u00e1cora detall\u00f3 que los organizadores adjuntaron pruebas sobre la intervenci\u00f3n de m\u00e9dicos veterinarios, la contrataci\u00f3n de un seguro y la cobertura de ambulancia. Adem\u00e1s, el municipio hab\u00eda notificado a la Comisar\u00eda local sobre la realizaci\u00f3n del evento y los servicios de seguridad contratados, lo que demuestra el cumplimiento de los protocolos establecidos por la ley provincial.(<em>Con informaci\u00f3n de APFDigital<\/em>)<\/p>\n","protected":false},"excerpt":{"rendered":"<p>La justicia desestim\u00f3 el pedido de organizaciones proteccionistas que buscaban prohibir la actividad, ampar\u00e1ndose en la legislaci\u00f3n provincial.<\/p>\n","protected":false},"author":8,"featured_media":174066,"comment_status":"open","ping_status":"open","sticky":false,"template":"","format":"standard","meta":{"fifu_image_url":"","fifu_image_alt":"","footnotes":""},"categories":[16,9],"tags":[2822,174],"class_list":{"0":"post-235524","1":"post","2":"type-post","3":"status-publish","4":"format-standard","5":"has-post-thumbnail","7":"category-politi","8":"category-sociedad","9":"tag-jineteada","10":"tag-oro-verde"},"yoast_head":"<title>Rechazaron un amparo contra jineteadas en Oro Verde - Informe Litoral<\/title>\n<meta name=\"robots\" content=\"index, follow, max-snippet:-1, max-image-preview:large, max-video-preview:-1\" \/>\n<link rel=\"canonical\" href=\"https:\/\/informelitoral.com.ar\/rechazaron-un-amparo-contra-jineteadas-en-oro-verde\/\" \/>\n<meta property=\"og:locale\" content=\"es_ES\" \/>\n<meta property=\"og:type\" content=\"article\" \/>\n<meta property=\"og:title\" content=\"Rechazaron un amparo contra jineteadas en Oro Verde - Informe Litoral\" \/>\n<meta property=\"og:description\" content=\"La justicia desestim\u00f3 el pedido de organizaciones proteccionistas que buscaban prohibir la actividad, ampar\u00e1ndose en la legislaci\u00f3n provincial.\" \/>\n<meta property=\"og:url\" content=\"https:\/\/informelitoral.com.ar\/rechazaron-un-amparo-contra-jineteadas-en-oro-verde\/\" \/>\n<meta property=\"og:site_name\" content=\"Informe Litoral\" \/>\n<meta property=\"article:publisher\" content=\"https:\/\/www.facebook.com\/informelitoral\/\" \/>\n<meta property=\"article:published_time\" content=\"2025-09-30T13:53:24+00:00\" \/>\n<meta property=\"article:modified_time\" content=\"2025-09-30T16:12:37+00:00\" \/>\n<meta property=\"og:image\" content=\"https:\/\/informelitoral.com.ar\/%77%70%2d%63%6f%6e%74%65%6e%74\/uploads\/2023\/11\/rc52-jineteada-en-rio-colorado.webp\" \/>\n\t<meta property=\"og:image:width\" content=\"2492\" \/>\n\t<meta property=\"og:image:height\" content=\"1576\" \/>\n\t<meta property=\"og:image:type\" content=\"image\/webp\" \/>\n<meta name=\"author\" content=\"Sebastian\" \/>\n<meta name=\"twitter:card\" content=\"summary_large_image\" \/>\n<meta name=\"twitter:creator\" content=\"@InformeLitoral\" \/>\n<meta name=\"twitter:site\" content=\"@InformeLitoral\" \/>\n<meta name=\"twitter:label1\" content=\"Escrito por\" \/>\n\t<meta name=\"twitter:data1\" content=\"Sebastian\" \/>\n\t<meta name=\"twitter:label2\" content=\"Tiempo de lectura\" \/>\n\t<meta name=\"twitter:data2\" content=\"2 minutos\" \/>\n<script type=\"application\/ld+json\" class=\"yoast-schema-graph\">{\"@context\":\"https:\\\/\\\/schema.org\",\"@graph\":[{\"@type\":\"Article\",\"@id\":\"https:\\\/\\\/informelitoral.com.ar\\\/rechazaron-un-amparo-contra-jineteadas-en-oro-verde\\\/#article\",\"isPartOf\":{\"@id\":\"https:\\\/\\\/informelitoral.com.ar\\\/rechazaron-un-amparo-contra-jineteadas-en-oro-verde\\\/\"},\"author\":{\"name\":\"Sebastian\",\"@id\":\"https:\\\/\\\/informelitoral.com.ar\\\/#\\\/schema\\\/person\\\/f05f9f461677119578717524b127d6d5\"},\"headline\":\"Rechazaron un amparo contra jineteadas en Oro Verde\",\"datePublished\":\"2025-09-30T13:53:24+00:00\",\"dateModified\":\"2025-09-30T16:12:37+00:00\",\"mainEntityOfPage\":{\"@id\":\"https:\\\/\\\/informelitoral.com.ar\\\/rechazaron-un-amparo-contra-jineteadas-en-oro-verde\\\/\"},\"wordCount\":268,\"commentCount\":0,\"publisher\":{\"@id\":\"https:\\\/\\\/informelitoral.com.ar\\\/#organization\"},\"image\":{\"@id\":\"https:\\\/\\\/informelitoral.com.ar\\\/rechazaron-un-amparo-contra-jineteadas-en-oro-verde\\\/#primaryimage\"},\"thumbnailUrl\":\"https:\\\/\\\/informelitoral.com.ar\\\/%77%70%2d%63%6f%6e%74%65%6e%74\\\/uploads\\\/2023\\\/11\\\/rc52-jineteada-en-rio-colorado.webp\",\"keywords\":[\"Jineteada\",\"Oro Verde\"],\"articleSection\":[\"Politica\",\"Sociedad\"],\"inLanguage\":\"es\",\"potentialAction\":[{\"@type\":\"CommentAction\",\"name\":\"Comment\",\"target\":[\"https:\\\/\\\/informelitoral.com.ar\\\/rechazaron-un-amparo-contra-jineteadas-en-oro-verde\\\/#respond\"]}]},{\"@type\":\"WebPage\",\"@id\":\"https:\\\/\\\/informelitoral.com.ar\\\/rechazaron-un-amparo-contra-jineteadas-en-oro-verde\\\/\",\"url\":\"https:\\\/\\\/informelitoral.com.ar\\\/rechazaron-un-amparo-contra-jineteadas-en-oro-verde\\\/\",\"name\":\"Rechazaron un amparo contra jineteadas en Oro Verde - Informe Litoral\",\"isPartOf\":{\"@id\":\"https:\\\/\\\/informelitoral.com.ar\\\/#website\"},\"primaryImageOfPage\":{\"@id\":\"https:\\\/\\\/informelitoral.com.ar\\\/rechazaron-un-amparo-contra-jineteadas-en-oro-verde\\\/#primaryimage\"},\"image\":{\"@id\":\"https:\\\/\\\/informelitoral.com.ar\\\/rechazaron-un-amparo-contra-jineteadas-en-oro-verde\\\/#primaryimage\"},\"thumbnailUrl\":\"https:\\\/\\\/informelitoral.com.ar\\\/%77%70%2d%63%6f%6e%74%65%6e%74\\\/uploads\\\/2023\\\/11\\\/rc52-jineteada-en-rio-colorado.webp\",\"datePublished\":\"2025-09-30T13:53:24+00:00\",\"dateModified\":\"2025-09-30T16:12:37+00:00\",\"breadcrumb\":{\"@id\":\"https:\\\/\\\/informelitoral.com.ar\\\/rechazaron-un-amparo-contra-jineteadas-en-oro-verde\\\/#breadcrumb\"},\"inLanguage\":\"es\",\"potentialAction\":[{\"@type\":\"ReadAction\",\"target\":[\"https:\\\/\\\/informelitoral.com.ar\\\/rechazaron-un-amparo-contra-jineteadas-en-oro-verde\\\/\"]}]},{\"@type\":\"ImageObject\",\"inLanguage\":\"es\",\"@id\":\"https:\\\/\\\/informelitoral.com.ar\\\/rechazaron-un-amparo-contra-jineteadas-en-oro-verde\\\/#primaryimage\",\"url\":\"https:\\\/\\\/informelitoral.com.ar\\\/%77%70%2d%63%6f%6e%74%65%6e%74\\\/uploads\\\/2023\\\/11\\\/rc52-jineteada-en-rio-colorado.webp\",\"contentUrl\":\"https:\\\/\\\/informelitoral.com.ar\\\/%77%70%2d%63%6f%6e%74%65%6e%74\\\/uploads\\\/2023\\\/11\\\/rc52-jineteada-en-rio-colorado.webp\",\"width\":2492,\"height\":1576},{\"@type\":\"BreadcrumbList\",\"@id\":\"https:\\\/\\\/informelitoral.com.ar\\\/rechazaron-un-amparo-contra-jineteadas-en-oro-verde\\\/#breadcrumb\",\"itemListElement\":[{\"@type\":\"ListItem\",\"position\":1,\"name\":\"Portada\",\"item\":\"https:\\\/\\\/informelitoral.com.ar\\\/\"},{\"@type\":\"ListItem\",\"position\":2,\"name\":\"Rechazaron un amparo contra jineteadas en Oro Verde\"}]},{\"@type\":\"WebSite\",\"@id\":\"https:\\\/\\\/informelitoral.com.ar\\\/#website\",\"url\":\"https:\\\/\\\/informelitoral.com.ar\\\/\",\"name\":\"Informe Litoral\",\"description\":\"&quot;Nos informamos&quot; \",\"publisher\":{\"@id\":\"https:\\\/\\\/informelitoral.com.ar\\\/#organization\"},\"potentialAction\":[{\"@type\":\"SearchAction\",\"target\":{\"@type\":\"EntryPoint\",\"urlTemplate\":\"https:\\\/\\\/informelitoral.com.ar\\\/?s={search_term_string}\"},\"query-input\":{\"@type\":\"PropertyValueSpecification\",\"valueRequired\":true,\"valueName\":\"search_term_string\"}}],\"inLanguage\":\"es\"},{\"@type\":\"Organization\",\"@id\":\"https:\\\/\\\/informelitoral.com.ar\\\/#organization\",\"name\":\"Informe Litoral\",\"url\":\"https:\\\/\\\/informelitoral.com.ar\\\/\",\"logo\":{\"@type\":\"ImageObject\",\"inLanguage\":\"es\",\"@id\":\"https:\\\/\\\/informelitoral.com.ar\\\/#\\\/schema\\\/logo\\\/image\\\/\",\"url\":\"https:\\\/\\\/informelitoral.com.ar\\\/%77%70%2d%63%6f%6e%74%65%6e%74\\\/uploads\\\/2021\\\/01\\\/circulo.png\",\"contentUrl\":\"https:\\\/\\\/informelitoral.com.ar\\\/%77%70%2d%63%6f%6e%74%65%6e%74\\\/uploads\\\/2021\\\/01\\\/circulo.png\",\"width\":723,\"height\":731,\"caption\":\"Informe Litoral\"},\"image\":{\"@id\":\"https:\\\/\\\/informelitoral.com.ar\\\/#\\\/schema\\\/logo\\\/image\\\/\"},\"sameAs\":[\"https:\\\/\\\/www.facebook.com\\\/informelitoral\\\/\",\"https:\\\/\\\/x.com\\\/InformeLitoral\",\"https:\\\/\\\/www.instagram.com\\\/informelitoral\\\/\",\"https:\\\/\\\/www.youtube.com\\\/channel\\\/UCua4Qvz8Icb6MYqhoq9xLXw\"]},{\"@type\":\"Person\",\"@id\":\"https:\\\/\\\/informelitoral.com.ar\\\/#\\\/schema\\\/person\\\/f05f9f461677119578717524b127d6d5\",\"name\":\"Sebastian\",\"image\":{\"@type\":\"ImageObject\",\"inLanguage\":\"es\",\"@id\":\"https:\\\/\\\/secure.gravatar.com\\\/avatar\\\/b71bf7481d447dfb9583c7f2798e7cc64de6efb9067b74633ed8c31059a3bd82?s=96&d=mm&r=g\",\"url\":\"https:\\\/\\\/secure.gravatar.com\\\/avatar\\\/b71bf7481d447dfb9583c7f2798e7cc64de6efb9067b74633ed8c31059a3bd82?s=96&d=mm&r=g\",\"contentUrl\":\"https:\\\/\\\/secure.gravatar.com\\\/avatar\\\/b71bf7481d447dfb9583c7f2798e7cc64de6efb9067b74633ed8c31059a3bd82?s=96&d=mm&r=g\",\"caption\":\"Sebastian\"},\"url\":\"https:\\\/\\\/informelitoral.com.ar\\\/author\\\/sebastian\\\/\"}]}<\/script>","yoast_head_json":{"title":"Rechazaron un amparo contra jineteadas en Oro Verde - Informe Litoral","robots":{"index":"index","follow":"follow","max-snippet":"max-snippet:-1","max-image-preview":"max-image-preview:large","max-video-preview":"max-video-preview:-1"},"canonical":"https:\/\/informelitoral.com.ar\/rechazaron-un-amparo-contra-jineteadas-en-oro-verde\/","og_locale":"es_ES","og_type":"article","og_title":"Rechazaron un amparo contra jineteadas en Oro Verde - Informe Litoral","og_description":"La justicia desestim\u00f3 el pedido de organizaciones proteccionistas que buscaban prohibir la actividad, ampar\u00e1ndose en la legislaci\u00f3n provincial.","og_url":"https:\/\/informelitoral.com.ar\/rechazaron-un-amparo-contra-jineteadas-en-oro-verde\/","og_site_name":"Informe Litoral","article_publisher":"https:\/\/www.facebook.com\/informelitoral\/","article_published_time":"2025-09-30T13:53:24+00:00","article_modified_time":"2025-09-30T16:12:37+00:00","og_image":[{"width":2492,"height":1576,"url":"https:\/\/informelitoral.com.ar\/%77%70%2d%63%6f%6e%74%65%6e%74\/uploads\/2023\/11\/rc52-jineteada-en-rio-colorado.webp","type":"image\/webp"}],"author":"Sebastian","twitter_card":"summary_large_image","twitter_creator":"@InformeLitoral","twitter_site":"@InformeLitoral","twitter_misc":{"Escrito por":"Sebastian","Tiempo de lectura":"2 minutos"},"schema":{"@context":"https:\/\/schema.org","@graph":[{"@type":"Article","@id":"https:\/\/informelitoral.com.ar\/rechazaron-un-amparo-contra-jineteadas-en-oro-verde\/#article","isPartOf":{"@id":"https:\/\/informelitoral.com.ar\/rechazaron-un-amparo-contra-jineteadas-en-oro-verde\/"},"author":{"name":"Sebastian","@id":"https:\/\/informelitoral.com.ar\/#\/schema\/person\/f05f9f461677119578717524b127d6d5"},"headline":"Rechazaron un amparo contra jineteadas en Oro Verde","datePublished":"2025-09-30T13:53:24+00:00","dateModified":"2025-09-30T16:12:37+00:00","mainEntityOfPage":{"@id":"https:\/\/informelitoral.com.ar\/rechazaron-un-amparo-contra-jineteadas-en-oro-verde\/"},"wordCount":268,"commentCount":0,"publisher":{"@id":"https:\/\/informelitoral.com.ar\/#organization"},"image":{"@id":"https:\/\/informelitoral.com.ar\/rechazaron-un-amparo-contra-jineteadas-en-oro-verde\/#primaryimage"},"thumbnailUrl":"https:\/\/informelitoral.com.ar\/%77%70%2d%63%6f%6e%74%65%6e%74\/uploads\/2023\/11\/rc52-jineteada-en-rio-colorado.webp","keywords":["Jineteada","Oro Verde"],"articleSection":["Politica","Sociedad"],"inLanguage":"es","potentialAction":[{"@type":"CommentAction","name":"Comment","target":["https:\/\/informelitoral.com.ar\/rechazaron-un-amparo-contra-jineteadas-en-oro-verde\/#respond"]}]},{"@type":"WebPage","@id":"https:\/\/informelitoral.com.ar\/rechazaron-un-amparo-contra-jineteadas-en-oro-verde\/","url":"https:\/\/informelitoral.com.ar\/rechazaron-un-amparo-contra-jineteadas-en-oro-verde\/","name":"Rechazaron un amparo contra jineteadas en Oro Verde - Informe Litoral","isPartOf":{"@id":"https:\/\/informelitoral.com.ar\/#website"},"primaryImageOfPage":{"@id":"https:\/\/informelitoral.com.ar\/rechazaron-un-amparo-contra-jineteadas-en-oro-verde\/#primaryimage"},"image":{"@id":"https:\/\/informelitoral.com.ar\/rechazaron-un-amparo-contra-jineteadas-en-oro-verde\/#primaryimage"},"thumbnailUrl":"https:\/\/informelitoral.com.ar\/%77%70%2d%63%6f%6e%74%65%6e%74\/uploads\/2023\/11\/rc52-jineteada-en-rio-colorado.webp","datePublished":"2025-09-30T13:53:24+00:00","dateModified":"2025-09-30T16:12:37+00:00","breadcrumb":{"@id":"https:\/\/informelitoral.com.ar\/rechazaron-un-amparo-contra-jineteadas-en-oro-verde\/#breadcrumb"},"inLanguage":"es","potentialAction":[{"@type":"ReadAction","target":["https:\/\/informelitoral.com.ar\/rechazaron-un-amparo-contra-jineteadas-en-oro-verde\/"]}]},{"@type":"ImageObject","inLanguage":"es","@id":"https:\/\/informelitoral.com.ar\/rechazaron-un-amparo-contra-jineteadas-en-oro-verde\/#primaryimage","url":"https:\/\/informelitoral.com.ar\/%77%70%2d%63%6f%6e%74%65%6e%74\/uploads\/2023\/11\/rc52-jineteada-en-rio-colorado.webp","contentUrl":"https:\/\/informelitoral.com.ar\/%77%70%2d%63%6f%6e%74%65%6e%74\/uploads\/2023\/11\/rc52-jineteada-en-rio-colorado.webp","width":2492,"height":1576},{"@type":"BreadcrumbList","@id":"https:\/\/informelitoral.com.ar\/rechazaron-un-amparo-contra-jineteadas-en-oro-verde\/#breadcrumb","itemListElement":[{"@type":"ListItem","position":1,"name":"Portada","item":"https:\/\/informelitoral.com.ar\/"},{"@type":"ListItem","position":2,"name":"Rechazaron un amparo contra jineteadas en Oro Verde"}]},{"@type":"WebSite","@id":"https:\/\/informelitoral.com.ar\/#website","url":"https:\/\/informelitoral.com.ar\/","name":"Informe Litoral","description":"&quot;Nos informamos&quot; ","publisher":{"@id":"https:\/\/informelitoral.com.ar\/#organization"},"potentialAction":[{"@type":"SearchAction","target":{"@type":"EntryPoint","urlTemplate":"https:\/\/informelitoral.com.ar\/?s={search_term_string}"},"query-input":{"@type":"PropertyValueSpecification","valueRequired":true,"valueName":"search_term_string"}}],"inLanguage":"es"},{"@type":"Organization","@id":"https:\/\/informelitoral.com.ar\/#organization","name":"Informe Litoral","url":"https:\/\/informelitoral.com.ar\/","logo":{"@type":"ImageObject","inLanguage":"es","@id":"https:\/\/informelitoral.com.ar\/#\/schema\/logo\/image\/","url":"https:\/\/informelitoral.com.ar\/%77%70%2d%63%6f%6e%74%65%6e%74\/uploads\/2021\/01\/circulo.png","contentUrl":"https:\/\/informelitoral.com.ar\/%77%70%2d%63%6f%6e%74%65%6e%74\/uploads\/2021\/01\/circulo.png","width":723,"height":731,"caption":"Informe Litoral"},"image":{"@id":"https:\/\/informelitoral.com.ar\/#\/schema\/logo\/image\/"},"sameAs":["https:\/\/www.facebook.com\/informelitoral\/","https:\/\/x.com\/InformeLitoral","https:\/\/www.instagram.com\/informelitoral\/","https:\/\/www.youtube.com\/channel\/UCua4Qvz8Icb6MYqhoq9xLXw"]},{"@type":"Person","@id":"https:\/\/informelitoral.com.ar\/#\/schema\/person\/f05f9f461677119578717524b127d6d5","name":"Sebastian","image":{"@type":"ImageObject","inLanguage":"es","@id":"https:\/\/secure.gravatar.com\/avatar\/b71bf7481d447dfb9583c7f2798e7cc64de6efb9067b74633ed8c31059a3bd82?s=96&d=mm&r=g","url":"https:\/\/secure.gravatar.com\/avatar\/b71bf7481d447dfb9583c7f2798e7cc64de6efb9067b74633ed8c31059a3bd82?s=96&d=mm&r=g","contentUrl":"https:\/\/secure.gravatar.com\/avatar\/b71bf7481d447dfb9583c7f2798e7cc64de6efb9067b74633ed8c31059a3bd82?s=96&d=mm&r=g","caption":"Sebastian"},"url":"https:\/\/informelitoral.com.ar\/author\/sebastian\/"}]}},"_links":{"self":[{"href":"https:\/\/informelitoral.com.ar\/%77%70%2d%6a%73%6f%6e\/wp\/v2\/posts\/235524","targetHints":{"allow":["GET"]}}],"collection":[{"href":"https:\/\/informelitoral.com.ar\/%77%70%2d%6a%73%6f%6e\/wp\/v2\/posts"}],"about":[{"href":"https:\/\/informelitoral.com.ar\/%77%70%2d%6a%73%6f%6e\/wp\/v2\/types\/post"}],"author":[{"embeddable":true,"href":"https:\/\/informelitoral.com.ar\/%77%70%2d%6a%73%6f%6e\/wp\/v2\/users\/8"}],"replies":[{"embeddable":true,"href":"https:\/\/informelitoral.com.ar\/%77%70%2d%6a%73%6f%6e\/wp\/v2\/comments?post=235524"}],"version-history":[{"count":1,"href":"https:\/\/informelitoral.com.ar\/%77%70%2d%6a%73%6f%6e\/wp\/v2\/posts\/235524\/revisions"}],"predecessor-version":[{"id":235525,"href":"https:\/\/informelitoral.com.ar\/%77%70%2d%6a%73%6f%6e\/wp\/v2\/posts\/235524\/revisions\/235525"}],"wp:featuredmedia":[{"embeddable":true,"href":"https:\/\/informelitoral.com.ar\/%77%70%2d%6a%73%6f%6e\/wp\/v2\/media\/174066"}],"wp:attachment":[{"href":"https:\/\/informelitoral.com.ar\/%77%70%2d%6a%73%6f%6e\/wp\/v2\/media?parent=235524"}],"wp:term":[{"taxonomy":"category","embeddable":true,"href":"https:\/\/informelitoral.com.ar\/%77%70%2d%6a%73%6f%6e\/wp\/v2\/categories?post=235524"},{"taxonomy":"post_tag","embeddable":true,"href":"https:\/\/informelitoral.com.ar\/%77%70%2d%6a%73%6f%6e\/wp\/v2\/tags?post=235524"}],"curies":[{"name":"wp","href":"https:\/\/api.w.org\/{rel}","templated":true}]}}