{"id":2355,"date":"2013-07-05T21:42:55","date_gmt":"2013-07-06T00:42:55","guid":{"rendered":"http:\/\/www.isletasnoticias.com.ar\/?p=2355"},"modified":"2013-07-05T21:42:55","modified_gmt":"2013-07-06T00:42:55","slug":"se-licita-una-obra-de-electrificacion-rural-para-entre-rios-por-casi-100-millones-de-pesos","status":"publish","type":"post","link":"https:\/\/informelitoral.com.ar\/se-licita-una-obra-de-electrificacion-rural-para-entre-rios-por-casi-100-millones-de-pesos\/","title":{"rendered":"Se licita una obra de electrificaci\u00f3n rural para Entre R\u00edos por casi 100 millones de pesos"},"content":{"rendered":"<p><strong>\u00abEstos son los programas que dotan a la provincia de la infraestructura necesaria para facilitar una agricultura de calidad y la sustentabilidad de una econom\u00eda regional tan importante como la arrocera\u00bb, dijo este jueves el gobernador <em>Sergio Urribarri<\/em> luego que el gobierno nacional le notificara la autorizaci\u00f3n del Banco Mundial para licitar la obra de electrificaci\u00f3n rural de las zonas El Redom\u00f3n y Paso Miraflores en los departamentos Federaci\u00f3n y Concordia. En una superficie de alrededor de 5000 hect\u00e1reas se podr\u00e1 acceder al servicio.<\/strong><\/p>\n<p><img loading=\"lazy\" decoding=\"async\" class=\"size-full wp-image-2356 alignleft\" alt=\"electrificacion rural 1\" src=\"http:\/\/www.isletasnoticias.com.ar\/%77%70%2d%63%6f%6e%74%65%6e%74\/uploads\/2013\/07\/electrificacion-rural-1.jpg\" width=\"275\" height=\"184\" \/><\/p>\n<p>\u00abEntre R\u00edos ya es una de las provincia mejor servidas con electricidad en la zona rural y esto es un gran orgullo porque no s\u00f3lo se proveer\u00e1 al sector productivo de un servicio demandado, sino que ofrece un salto de calidad de vida enorme\u00a0para nuestra querida gente de campo \u00ab, expres\u00f3 Urribarri.<\/p>\n<p>\u00abEn la historia de la provincia, se trata de la obra m\u00e1s grande que se haya ejecutado en materia de electrificaci\u00f3n rural\u201d, destac\u00f3 el gobernador. Con el inicio de los procesos licitatorios de esta obra, en Entre R\u00edos \u00abse estar\u00e1n ejecutando simult\u00e1neamente cuatro obras a trav\u00e9s del Prosap: el acueducto de Villa del Rosario; el gasoducto productivo de los departamentos Diamante y Paran\u00e1; caminos rurales y, ahora, la electrificaci\u00f3n rural en El Redom\u00f3n y Paso Miraflores\u201d.<\/p>\n<p>\u00abEstas cosas son las que nos distinguen. Mi gobierno siempre estuvo con la gente de campo y este es un hecho concreto que lo demuestra. A veces cruzamos con algunos dirigentes, pero con los productores la relaci\u00f3n fue siempre excelente\u00bb, agreg\u00f3 el mandatario.<\/p>\n<p>La obra ser\u00e1 financiada por el Banco Mundial a trav\u00e9s de a trav\u00e9s del Programa de Servicios Agr\u00edcolas Provinciales (Prosap). En su totalidad contempla una inversi\u00f3n de 95.348.565 pesos, seg\u00fan el presupuesto oficial.<\/p>\n<p>En una nota que dirigi\u00f3 al gobernador <strong>Sergio Urribarri,<\/strong> el titular del Prosap, <strong>Jorge Neme<\/strong>, le informa que el Banco Mundial aprueba los pliegos de la licitaci\u00f3n p\u00fablica internacional para la obra de electrificaci\u00f3n rural de las zonas arroceras de El Redom\u00f3n y Paso Miraflores.<\/p>\n<p>La obra de electrificaci\u00f3n rural en esta zona de los departamentos Concordia y sectores menores ubicados en el departamento Federaci\u00f3n apunta, entre sus objetivos, a incrementar los ingresos de origen agropecuario con potencialidad para el desarrollo productivo, en zonas aptas para el cultivo del arroz.<\/p>\n<p>Con el tendido de las redes en El Redom\u00f3n y Paso Miraflores se ampliar\u00e1 la cobertura del servicio de electricidad por redes convencionales a los productores localizados en zonas arroceras del departamento Concordia y Federaci\u00f3n. Este servicio, por la disminuci\u00f3n de costo de bombeo que produce en los pozos (al reemplazar gasoil por electricidad), incentivar\u00e1 a la innovaci\u00f3n en el sector arrocero.<\/p>\n","protected":false},"excerpt":{"rendered":"<p>&laquo;Estos son los programas que dotan a la provincia de la infraestructura necesaria para facilitar una agricultura de calidad y la sustentabilidad de una econom&iacute;a regional tan importante como la arrocera&raquo;, dijo este jueves el gobernador Sergio Urribarri luego que el gobierno nacional le notificara la autorizaci&oacute;n del Banco Mundial para licitar la obra de [&hellip;]<\/p>\n","protected":false},"author":2,"featured_media":0,"comment_status":"open","ping_status":"open","sticky":false,"template":"","format":"standard","meta":{"fifu_image_url":"","fifu_image_alt":"","footnotes":""},"categories":[6],"tags":[],"class_list":{"0":"post-2355","1":"post","2":"type-post","3":"status-publish","4":"format-standard","6":"category-entre-rios"},"yoast_head":"<title>Se licita una obra de electrificaci\u00f3n rural para Entre R\u00edos por casi 100 millones de pesos - Informe Litoral<\/title>\n<meta name=\"robots\" content=\"index, follow, max-snippet:-1, max-image-preview:large, max-video-preview:-1\" \/>\n<link rel=\"canonical\" href=\"https:\/\/informelitoral.com.ar\/se-licita-una-obra-de-electrificacion-rural-para-entre-rios-por-casi-100-millones-de-pesos\/\" \/>\n<meta property=\"og:locale\" content=\"es_ES\" \/>\n<meta property=\"og:type\" content=\"article\" \/>\n<meta property=\"og:title\" content=\"Se licita una obra de electrificaci\u00f3n rural para Entre R\u00edos por casi 100 millones de pesos - Informe Litoral\" \/>\n<meta property=\"og:description\" content=\"&laquo;Estos son los programas que dotan a la provincia de la infraestructura necesaria para facilitar una agricultura de calidad y la sustentabilidad de una econom&iacute;a regional tan importante como la arrocera&raquo;, dijo este jueves el gobernador Sergio Urribarri luego que el gobierno nacional le notificara la autorizaci&oacute;n del Banco Mundial para licitar la obra de [&hellip;]\" \/>\n<meta property=\"og:url\" content=\"https:\/\/informelitoral.com.ar\/se-licita-una-obra-de-electrificacion-rural-para-entre-rios-por-casi-100-millones-de-pesos\/\" \/>\n<meta property=\"og:site_name\" content=\"Informe Litoral\" \/>\n<meta property=\"article:publisher\" content=\"https:\/\/www.facebook.com\/informelitoral\/\" \/>\n<meta property=\"article:published_time\" content=\"2013-07-06T00:42:55+00:00\" \/>\n<meta property=\"og:image\" content=\"https:\/\/informelitoral.com.ar\/%77%70%2d%63%6f%6e%74%65%6e%74\/uploads\/2013\/07\/electrificacion-rural-1.jpg\" \/>\n\t<meta property=\"og:image:width\" content=\"275\" \/>\n\t<meta property=\"og:image:height\" content=\"184\" \/>\n\t<meta property=\"og:image:type\" content=\"image\/jpeg\" \/>\n<meta name=\"author\" content=\"Gonzalo Schmidt\" \/>\n<meta name=\"twitter:card\" content=\"summary_large_image\" \/>\n<meta name=\"twitter:creator\" content=\"@InformeLitoral\" \/>\n<meta name=\"twitter:site\" content=\"@InformeLitoral\" \/>\n<meta name=\"twitter:label1\" content=\"Escrito por\" \/>\n\t<meta name=\"twitter:data1\" content=\"Gonzalo Schmidt\" \/>\n\t<meta name=\"twitter:label2\" content=\"Tiempo de lectura\" \/>\n\t<meta name=\"twitter:data2\" content=\"2 minutos\" \/>\n<script type=\"application\/ld+json\" class=\"yoast-schema-graph\">{\"@context\":\"https:\\\/\\\/schema.org\",\"@graph\":[{\"@type\":\"Article\",\"@id\":\"https:\\\/\\\/informelitoral.com.ar\\\/se-licita-una-obra-de-electrificacion-rural-para-entre-rios-por-casi-100-millones-de-pesos\\\/#article\",\"isPartOf\":{\"@id\":\"https:\\\/\\\/informelitoral.com.ar\\\/se-licita-una-obra-de-electrificacion-rural-para-entre-rios-por-casi-100-millones-de-pesos\\\/\"},\"author\":{\"name\":\"Gonzalo Schmidt\",\"@id\":\"https:\\\/\\\/informelitoral.com.ar\\\/#\\\/schema\\\/person\\\/b9d00407c836482871ef1d57bf8e3180\"},\"headline\":\"Se licita una obra de electrificaci\u00f3n rural para Entre R\u00edos por casi 100 millones de pesos\",\"datePublished\":\"2013-07-06T00:42:55+00:00\",\"mainEntityOfPage\":{\"@id\":\"https:\\\/\\\/informelitoral.com.ar\\\/se-licita-una-obra-de-electrificacion-rural-para-entre-rios-por-casi-100-millones-de-pesos\\\/\"},\"wordCount\":487,\"commentCount\":0,\"publisher\":{\"@id\":\"https:\\\/\\\/informelitoral.com.ar\\\/#organization\"},\"image\":{\"@id\":\"https:\\\/\\\/informelitoral.com.ar\\\/se-licita-una-obra-de-electrificacion-rural-para-entre-rios-por-casi-100-millones-de-pesos\\\/#primaryimage\"},\"thumbnailUrl\":\"http:\\\/\\\/www.isletasnoticias.com.ar\\\/%77%70%2d%63%6f%6e%74%65%6e%74\\\/uploads\\\/2013\\\/07\\\/electrificacion-rural-1.jpg\",\"articleSection\":[\"Entre R\u00edos\"],\"inLanguage\":\"es\",\"potentialAction\":[{\"@type\":\"CommentAction\",\"name\":\"Comment\",\"target\":[\"https:\\\/\\\/informelitoral.com.ar\\\/se-licita-una-obra-de-electrificacion-rural-para-entre-rios-por-casi-100-millones-de-pesos\\\/#respond\"]}]},{\"@type\":\"WebPage\",\"@id\":\"https:\\\/\\\/informelitoral.com.ar\\\/se-licita-una-obra-de-electrificacion-rural-para-entre-rios-por-casi-100-millones-de-pesos\\\/\",\"url\":\"https:\\\/\\\/informelitoral.com.ar\\\/se-licita-una-obra-de-electrificacion-rural-para-entre-rios-por-casi-100-millones-de-pesos\\\/\",\"name\":\"Se licita una obra de electrificaci\u00f3n rural para Entre R\u00edos por casi 100 millones de pesos - Informe Litoral\",\"isPartOf\":{\"@id\":\"https:\\\/\\\/informelitoral.com.ar\\\/#website\"},\"primaryImageOfPage\":{\"@id\":\"https:\\\/\\\/informelitoral.com.ar\\\/se-licita-una-obra-de-electrificacion-rural-para-entre-rios-por-casi-100-millones-de-pesos\\\/#primaryimage\"},\"image\":{\"@id\":\"https:\\\/\\\/informelitoral.com.ar\\\/se-licita-una-obra-de-electrificacion-rural-para-entre-rios-por-casi-100-millones-de-pesos\\\/#primaryimage\"},\"thumbnailUrl\":\"http:\\\/\\\/www.isletasnoticias.com.ar\\\/%77%70%2d%63%6f%6e%74%65%6e%74\\\/uploads\\\/2013\\\/07\\\/electrificacion-rural-1.jpg\",\"datePublished\":\"2013-07-06T00:42:55+00:00\",\"breadcrumb\":{\"@id\":\"https:\\\/\\\/informelitoral.com.ar\\\/se-licita-una-obra-de-electrificacion-rural-para-entre-rios-por-casi-100-millones-de-pesos\\\/#breadcrumb\"},\"inLanguage\":\"es\",\"potentialAction\":[{\"@type\":\"ReadAction\",\"target\":[\"https:\\\/\\\/informelitoral.com.ar\\\/se-licita-una-obra-de-electrificacion-rural-para-entre-rios-por-casi-100-millones-de-pesos\\\/\"]}]},{\"@type\":\"ImageObject\",\"inLanguage\":\"es\",\"@id\":\"https:\\\/\\\/informelitoral.com.ar\\\/se-licita-una-obra-de-electrificacion-rural-para-entre-rios-por-casi-100-millones-de-pesos\\\/#primaryimage\",\"url\":\"http:\\\/\\\/www.isletasnoticias.com.ar\\\/%77%70%2d%63%6f%6e%74%65%6e%74\\\/uploads\\\/2013\\\/07\\\/electrificacion-rural-1.jpg\",\"contentUrl\":\"http:\\\/\\\/www.isletasnoticias.com.ar\\\/%77%70%2d%63%6f%6e%74%65%6e%74\\\/uploads\\\/2013\\\/07\\\/electrificacion-rural-1.jpg\"},{\"@type\":\"BreadcrumbList\",\"@id\":\"https:\\\/\\\/informelitoral.com.ar\\\/se-licita-una-obra-de-electrificacion-rural-para-entre-rios-por-casi-100-millones-de-pesos\\\/#breadcrumb\",\"itemListElement\":[{\"@type\":\"ListItem\",\"position\":1,\"name\":\"Portada\",\"item\":\"https:\\\/\\\/informelitoral.com.ar\\\/\"},{\"@type\":\"ListItem\",\"position\":2,\"name\":\"Se licita una obra de electrificaci\u00f3n rural para Entre R\u00edos por casi 100 millones de pesos\"}]},{\"@type\":\"WebSite\",\"@id\":\"https:\\\/\\\/informelitoral.com.ar\\\/#website\",\"url\":\"https:\\\/\\\/informelitoral.com.ar\\\/\",\"name\":\"Informe Litoral\",\"description\":\"&quot;Nos informamos&quot; \",\"publisher\":{\"@id\":\"https:\\\/\\\/informelitoral.com.ar\\\/#organization\"},\"potentialAction\":[{\"@type\":\"SearchAction\",\"target\":{\"@type\":\"EntryPoint\",\"urlTemplate\":\"https:\\\/\\\/informelitoral.com.ar\\\/?s={search_term_string}\"},\"query-input\":{\"@type\":\"PropertyValueSpecification\",\"valueRequired\":true,\"valueName\":\"search_term_string\"}}],\"inLanguage\":\"es\"},{\"@type\":\"Organization\",\"@id\":\"https:\\\/\\\/informelitoral.com.ar\\\/#organization\",\"name\":\"Informe Litoral\",\"url\":\"https:\\\/\\\/informelitoral.com.ar\\\/\",\"logo\":{\"@type\":\"ImageObject\",\"inLanguage\":\"es\",\"@id\":\"https:\\\/\\\/informelitoral.com.ar\\\/#\\\/schema\\\/logo\\\/image\\\/\",\"url\":\"https:\\\/\\\/informelitoral.com.ar\\\/%77%70%2d%63%6f%6e%74%65%6e%74\\\/uploads\\\/2021\\\/01\\\/circulo.png\",\"contentUrl\":\"https:\\\/\\\/informelitoral.com.ar\\\/%77%70%2d%63%6f%6e%74%65%6e%74\\\/uploads\\\/2021\\\/01\\\/circulo.png\",\"width\":723,\"height\":731,\"caption\":\"Informe Litoral\"},\"image\":{\"@id\":\"https:\\\/\\\/informelitoral.com.ar\\\/#\\\/schema\\\/logo\\\/image\\\/\"},\"sameAs\":[\"https:\\\/\\\/www.facebook.com\\\/informelitoral\\\/\",\"https:\\\/\\\/x.com\\\/InformeLitoral\",\"https:\\\/\\\/www.instagram.com\\\/informelitoral\\\/\",\"https:\\\/\\\/www.youtube.com\\\/channel\\\/UCua4Qvz8Icb6MYqhoq9xLXw\"]},{\"@type\":\"Person\",\"@id\":\"https:\\\/\\\/informelitoral.com.ar\\\/#\\\/schema\\\/person\\\/b9d00407c836482871ef1d57bf8e3180\",\"name\":\"Gonzalo Schmidt\",\"image\":{\"@type\":\"ImageObject\",\"inLanguage\":\"es\",\"@id\":\"https:\\\/\\\/secure.gravatar.com\\\/avatar\\\/31a1a7b66ff2de83bd0e9fd79d026630d2d99e55e8bfe501287647b4fd9743de?s=96&d=mm&r=g\",\"url\":\"https:\\\/\\\/secure.gravatar.com\\\/avatar\\\/31a1a7b66ff2de83bd0e9fd79d026630d2d99e55e8bfe501287647b4fd9743de?s=96&d=mm&r=g\",\"contentUrl\":\"https:\\\/\\\/secure.gravatar.com\\\/avatar\\\/31a1a7b66ff2de83bd0e9fd79d026630d2d99e55e8bfe501287647b4fd9743de?s=96&d=mm&r=g\",\"caption\":\"Gonzalo Schmidt\"},\"description\":\"Sitio web de noticias de la provincia de Entre R\u00edos, Argentina. Informaci\u00f3n y entretenimiento. Informe Litoral, nos informamos.\",\"sameAs\":[\"http:\\\/\\\/www.isletasnoticias.com.ar\"],\"url\":\"https:\\\/\\\/informelitoral.com.ar\\\/author\\\/gonzalo\\\/\"}]}<\/script>","yoast_head_json":{"title":"Se licita una obra de electrificaci\u00f3n rural para Entre R\u00edos por casi 100 millones de pesos - Informe Litoral","robots":{"index":"index","follow":"follow","max-snippet":"max-snippet:-1","max-image-preview":"max-image-preview:large","max-video-preview":"max-video-preview:-1"},"canonical":"https:\/\/informelitoral.com.ar\/se-licita-una-obra-de-electrificacion-rural-para-entre-rios-por-casi-100-millones-de-pesos\/","og_locale":"es_ES","og_type":"article","og_title":"Se licita una obra de electrificaci\u00f3n rural para Entre R\u00edos por casi 100 millones de pesos - Informe Litoral","og_description":"&laquo;Estos son los programas que dotan a la provincia de la infraestructura necesaria para facilitar una agricultura de calidad y la sustentabilidad de una econom&iacute;a regional tan importante como la arrocera&raquo;, dijo este jueves el gobernador Sergio Urribarri luego que el gobierno nacional le notificara la autorizaci&oacute;n del Banco Mundial para licitar la obra de [&hellip;]","og_url":"https:\/\/informelitoral.com.ar\/se-licita-una-obra-de-electrificacion-rural-para-entre-rios-por-casi-100-millones-de-pesos\/","og_site_name":"Informe Litoral","article_publisher":"https:\/\/www.facebook.com\/informelitoral\/","article_published_time":"2013-07-06T00:42:55+00:00","og_image":[{"width":275,"height":184,"url":"https:\/\/informelitoral.com.ar\/%77%70%2d%63%6f%6e%74%65%6e%74\/uploads\/2013\/07\/electrificacion-rural-1.jpg","type":"image\/jpeg"}],"author":"Gonzalo Schmidt","twitter_card":"summary_large_image","twitter_creator":"@InformeLitoral","twitter_site":"@InformeLitoral","twitter_misc":{"Escrito por":"Gonzalo Schmidt","Tiempo de lectura":"2 minutos"},"schema":{"@context":"https:\/\/schema.org","@graph":[{"@type":"Article","@id":"https:\/\/informelitoral.com.ar\/se-licita-una-obra-de-electrificacion-rural-para-entre-rios-por-casi-100-millones-de-pesos\/#article","isPartOf":{"@id":"https:\/\/informelitoral.com.ar\/se-licita-una-obra-de-electrificacion-rural-para-entre-rios-por-casi-100-millones-de-pesos\/"},"author":{"name":"Gonzalo Schmidt","@id":"https:\/\/informelitoral.com.ar\/#\/schema\/person\/b9d00407c836482871ef1d57bf8e3180"},"headline":"Se licita una obra de electrificaci\u00f3n rural para Entre R\u00edos por casi 100 millones de pesos","datePublished":"2013-07-06T00:42:55+00:00","mainEntityOfPage":{"@id":"https:\/\/informelitoral.com.ar\/se-licita-una-obra-de-electrificacion-rural-para-entre-rios-por-casi-100-millones-de-pesos\/"},"wordCount":487,"commentCount":0,"publisher":{"@id":"https:\/\/informelitoral.com.ar\/#organization"},"image":{"@id":"https:\/\/informelitoral.com.ar\/se-licita-una-obra-de-electrificacion-rural-para-entre-rios-por-casi-100-millones-de-pesos\/#primaryimage"},"thumbnailUrl":"http:\/\/www.isletasnoticias.com.ar\/%77%70%2d%63%6f%6e%74%65%6e%74\/uploads\/2013\/07\/electrificacion-rural-1.jpg","articleSection":["Entre R\u00edos"],"inLanguage":"es","potentialAction":[{"@type":"CommentAction","name":"Comment","target":["https:\/\/informelitoral.com.ar\/se-licita-una-obra-de-electrificacion-rural-para-entre-rios-por-casi-100-millones-de-pesos\/#respond"]}]},{"@type":"WebPage","@id":"https:\/\/informelitoral.com.ar\/se-licita-una-obra-de-electrificacion-rural-para-entre-rios-por-casi-100-millones-de-pesos\/","url":"https:\/\/informelitoral.com.ar\/se-licita-una-obra-de-electrificacion-rural-para-entre-rios-por-casi-100-millones-de-pesos\/","name":"Se licita una obra de electrificaci\u00f3n rural para Entre R\u00edos por casi 100 millones de pesos - Informe Litoral","isPartOf":{"@id":"https:\/\/informelitoral.com.ar\/#website"},"primaryImageOfPage":{"@id":"https:\/\/informelitoral.com.ar\/se-licita-una-obra-de-electrificacion-rural-para-entre-rios-por-casi-100-millones-de-pesos\/#primaryimage"},"image":{"@id":"https:\/\/informelitoral.com.ar\/se-licita-una-obra-de-electrificacion-rural-para-entre-rios-por-casi-100-millones-de-pesos\/#primaryimage"},"thumbnailUrl":"http:\/\/www.isletasnoticias.com.ar\/%77%70%2d%63%6f%6e%74%65%6e%74\/uploads\/2013\/07\/electrificacion-rural-1.jpg","datePublished":"2013-07-06T00:42:55+00:00","breadcrumb":{"@id":"https:\/\/informelitoral.com.ar\/se-licita-una-obra-de-electrificacion-rural-para-entre-rios-por-casi-100-millones-de-pesos\/#breadcrumb"},"inLanguage":"es","potentialAction":[{"@type":"ReadAction","target":["https:\/\/informelitoral.com.ar\/se-licita-una-obra-de-electrificacion-rural-para-entre-rios-por-casi-100-millones-de-pesos\/"]}]},{"@type":"ImageObject","inLanguage":"es","@id":"https:\/\/informelitoral.com.ar\/se-licita-una-obra-de-electrificacion-rural-para-entre-rios-por-casi-100-millones-de-pesos\/#primaryimage","url":"http:\/\/www.isletasnoticias.com.ar\/%77%70%2d%63%6f%6e%74%65%6e%74\/uploads\/2013\/07\/electrificacion-rural-1.jpg","contentUrl":"http:\/\/www.isletasnoticias.com.ar\/%77%70%2d%63%6f%6e%74%65%6e%74\/uploads\/2013\/07\/electrificacion-rural-1.jpg"},{"@type":"BreadcrumbList","@id":"https:\/\/informelitoral.com.ar\/se-licita-una-obra-de-electrificacion-rural-para-entre-rios-por-casi-100-millones-de-pesos\/#breadcrumb","itemListElement":[{"@type":"ListItem","position":1,"name":"Portada","item":"https:\/\/informelitoral.com.ar\/"},{"@type":"ListItem","position":2,"name":"Se licita una obra de electrificaci\u00f3n rural para Entre R\u00edos por casi 100 millones de pesos"}]},{"@type":"WebSite","@id":"https:\/\/informelitoral.com.ar\/#website","url":"https:\/\/informelitoral.com.ar\/","name":"Informe Litoral","description":"&quot;Nos informamos&quot; ","publisher":{"@id":"https:\/\/informelitoral.com.ar\/#organization"},"potentialAction":[{"@type":"SearchAction","target":{"@type":"EntryPoint","urlTemplate":"https:\/\/informelitoral.com.ar\/?s={search_term_string}"},"query-input":{"@type":"PropertyValueSpecification","valueRequired":true,"valueName":"search_term_string"}}],"inLanguage":"es"},{"@type":"Organization","@id":"https:\/\/informelitoral.com.ar\/#organization","name":"Informe Litoral","url":"https:\/\/informelitoral.com.ar\/","logo":{"@type":"ImageObject","inLanguage":"es","@id":"https:\/\/informelitoral.com.ar\/#\/schema\/logo\/image\/","url":"https:\/\/informelitoral.com.ar\/%77%70%2d%63%6f%6e%74%65%6e%74\/uploads\/2021\/01\/circulo.png","contentUrl":"https:\/\/informelitoral.com.ar\/%77%70%2d%63%6f%6e%74%65%6e%74\/uploads\/2021\/01\/circulo.png","width":723,"height":731,"caption":"Informe Litoral"},"image":{"@id":"https:\/\/informelitoral.com.ar\/#\/schema\/logo\/image\/"},"sameAs":["https:\/\/www.facebook.com\/informelitoral\/","https:\/\/x.com\/InformeLitoral","https:\/\/www.instagram.com\/informelitoral\/","https:\/\/www.youtube.com\/channel\/UCua4Qvz8Icb6MYqhoq9xLXw"]},{"@type":"Person","@id":"https:\/\/informelitoral.com.ar\/#\/schema\/person\/b9d00407c836482871ef1d57bf8e3180","name":"Gonzalo Schmidt","image":{"@type":"ImageObject","inLanguage":"es","@id":"https:\/\/secure.gravatar.com\/avatar\/31a1a7b66ff2de83bd0e9fd79d026630d2d99e55e8bfe501287647b4fd9743de?s=96&d=mm&r=g","url":"https:\/\/secure.gravatar.com\/avatar\/31a1a7b66ff2de83bd0e9fd79d026630d2d99e55e8bfe501287647b4fd9743de?s=96&d=mm&r=g","contentUrl":"https:\/\/secure.gravatar.com\/avatar\/31a1a7b66ff2de83bd0e9fd79d026630d2d99e55e8bfe501287647b4fd9743de?s=96&d=mm&r=g","caption":"Gonzalo Schmidt"},"description":"Sitio web de noticias de la provincia de Entre R\u00edos, Argentina. Informaci\u00f3n y entretenimiento. Informe Litoral, nos informamos.","sameAs":["http:\/\/www.isletasnoticias.com.ar"],"url":"https:\/\/informelitoral.com.ar\/author\/gonzalo\/"}]}},"_links":{"self":[{"href":"https:\/\/informelitoral.com.ar\/%77%70%2d%6a%73%6f%6e\/wp\/v2\/posts\/2355","targetHints":{"allow":["GET"]}}],"collection":[{"href":"https:\/\/informelitoral.com.ar\/%77%70%2d%6a%73%6f%6e\/wp\/v2\/posts"}],"about":[{"href":"https:\/\/informelitoral.com.ar\/%77%70%2d%6a%73%6f%6e\/wp\/v2\/types\/post"}],"author":[{"embeddable":true,"href":"https:\/\/informelitoral.com.ar\/%77%70%2d%6a%73%6f%6e\/wp\/v2\/users\/2"}],"replies":[{"embeddable":true,"href":"https:\/\/informelitoral.com.ar\/%77%70%2d%6a%73%6f%6e\/wp\/v2\/comments?post=2355"}],"version-history":[{"count":0,"href":"https:\/\/informelitoral.com.ar\/%77%70%2d%6a%73%6f%6e\/wp\/v2\/posts\/2355\/revisions"}],"wp:attachment":[{"href":"https:\/\/informelitoral.com.ar\/%77%70%2d%6a%73%6f%6e\/wp\/v2\/media?parent=2355"}],"wp:term":[{"taxonomy":"category","embeddable":true,"href":"https:\/\/informelitoral.com.ar\/%77%70%2d%6a%73%6f%6e\/wp\/v2\/categories?post=2355"},{"taxonomy":"post_tag","embeddable":true,"href":"https:\/\/informelitoral.com.ar\/%77%70%2d%6a%73%6f%6e\/wp\/v2\/tags?post=2355"}],"curies":[{"name":"wp","href":"https:\/\/api.w.org\/{rel}","templated":true}]}}