{"id":235493,"date":"2025-09-30T09:51:33","date_gmt":"2025-09-30T12:51:33","guid":{"rendered":"https:\/\/informelitoral.com.ar\/?p=235493"},"modified":"2025-09-30T09:51:33","modified_gmt":"2025-09-30T12:51:33","slug":"plagas-del-maiz-evolucionan-adopcion-de-tecnologia-y-clima-desafian-el-manejo-agricola","status":"publish","type":"post","link":"https:\/\/informelitoral.com.ar\/plagas-del-maiz-evolucionan-adopcion-de-tecnologia-y-clima-desafian-el-manejo-agricola\/","title":{"rendered":"Plagas del ma\u00edz evolucionan: adopci\u00f3n de tecnolog\u00eda y clima desaf\u00edan el manejo agr\u00edcola"},"content":{"rendered":"<p>Las plagas que afectan el cultivo de <b>ma\u00edz<\/b> no han cambiado en esencia, pero su <b>comportamiento, adaptabilidad y capacidad de resistencia<\/b> se est\u00e1n modificando dr\u00e1sticamente debido a tres factores clave: el aumento de la superficie sembrada, el uso extendido de la tecnolog\u00eda <b>Bt<\/b> y las variaciones clim\u00e1ticas.<\/p>\n<p><b>Diego Szwarc<\/b>, investigador del INTA Reconquista, advirti\u00f3 que el futuro de la producci\u00f3n depende de c\u00f3mo se dise\u00f1en los sistemas agr\u00edcolas, m\u00e1s que de la plaga individual. \u201cLas plagas no cambian solas, se <b>adaptan y evolucionan<\/b> de acuerdo con el agroecosistema\u201d, se\u00f1al\u00f3 el especialista.<\/p>\n<h2><strong>La \u201cgran sobreviviente\u201d y nuevas amenazas<\/strong><\/h2>\n<p>La adopci\u00f3n masiva de ma\u00edces con tecnolog\u00eda Bt ha reconfigurado el mapa de amenazas, pero no ha eliminado los desaf\u00edos:<\/p>\n<ul>\n<li><b>Barrenador de la Ca\u00f1a (<i>Diatraea saccharalis<\/i>):<\/b> Pas\u00f3 de ser una plaga clave a una <b>secundaria o amenaza localizada<\/b>. Si bien la tecnolog\u00eda Bt la controla bien, persiste en ma\u00edces no-Bt, sorgo y ca\u00f1a de az\u00facar, con casos de resistencia documentados en la regi\u00f3n.<\/li>\n<li><b>Cogollera (<i>Spodoptera frugiperda<\/i>):<\/b> Es calificada como la <b>\u201cgran sobreviviente\u201d<\/b> debido a su plasticidad alimentaria, generaciones que se superponen casi todo el a\u00f1o y su documentada <b>resistencia m\u00faltiple<\/b> a algunos eventos Bt e insecticidas en Argentina y Brasil. Esto exige un manejo proactivo para demorar la aparici\u00f3n de m\u00e1s resistencia.<\/li>\n<li><b>Oruga de la Espiga (<i>Helicoverpa zea<\/i>):<\/b> Muestra una <b>alta incidencia (hasta 98%)<\/b> en ma\u00edces tard\u00edos que utilizan tecnolog\u00eda Bt. Esta plaga es cr\u00edtica, ya que sus da\u00f1os directos favorecen la proliferaci\u00f3n de <b>hongos y la contaminaci\u00f3n por micotoxinas<\/b>.<\/li>\n<li><b>Chicharrita del Ma\u00edz (<i>Dalbulus maidis<\/i>):<\/b> Es la <b>plaga emergente<\/b> m\u00e1s preocupante. En la campa\u00f1a 2023\/24, se <b>expandi\u00f3 hacia el centro y sur<\/b> de la zona maicera, favorecida por un invierno benigno y el escalonamiento de siembras. El especialista indic\u00f3 que a\u00fan se necesita generar conocimiento para manejar eficientemente el complejo de virus que transmite.<\/li>\n<\/ul>\n<h2><strong>Hacia el manejo integrado del Agroecosistema<\/strong><\/h2>\n<p>Frente a este complejo panorama, Szwarc remarc\u00f3 que la \u00fanica soluci\u00f3n viable es el <b>Manejo Integrado de Plagas (MIP)<\/b> con una visi\u00f3n <b>sist\u00e9mica u hol\u00edstica<\/b>. Esto implica ir mucho m\u00e1s all\u00e1 del control qu\u00edmico.<\/p>\n<p>El investigador propone acciones concretas para dise\u00f1ar un agroecosistema m\u00e1s resiliente: <b>diversificaci\u00f3n de siembras<\/b>, <b>rotaciones<\/b>, uso de <b>cultivos de servicio<\/b> y fortalecimiento del <b>control biol\u00f3gico<\/b> (tanto con bioinsumos como a trav\u00e9s del dise\u00f1o del paisaje). Tambi\u00e9n destac\u00f3 la necesidad de <b>refugios<\/b> en cultivos Bt y la <b>aplicaci\u00f3n responsable<\/b> de fitosanitarios.<\/p>\n","protected":false},"excerpt":{"rendered":"<p>Investigadores del INTA advierten que el aumento de siembra y el uso de ma\u00edz Bt est\u00e1n forzando a las plagas a modificar su comportamiento. Expertos llaman a un Manejo Integrado de Plagas con visi\u00f3n sist\u00e9mica.<\/p>\n","protected":false},"author":8,"featured_media":200457,"comment_status":"open","ping_status":"open","sticky":false,"template":"","format":"standard","meta":{"fifu_image_url":"","fifu_image_alt":"","footnotes":""},"categories":[10],"tags":[160,273,325],"class_list":{"0":"post-235493","1":"post","2":"type-post","3":"status-publish","4":"format-standard","5":"has-post-thumbnail","7":"category-campo","8":"tag-inta","9":"tag-maiz","10":"tag-plagas"},"yoast_head":"<title>Plagas del ma\u00edz evolucionan: adopci\u00f3n de tecnolog\u00eda y clima desaf\u00edan el manejo agr\u00edcola - Informe Litoral<\/title>\n<meta name=\"robots\" content=\"index, follow, max-snippet:-1, max-image-preview:large, max-video-preview:-1\" \/>\n<link rel=\"canonical\" href=\"https:\/\/informelitoral.com.ar\/plagas-del-maiz-evolucionan-adopcion-de-tecnologia-y-clima-desafian-el-manejo-agricola\/\" \/>\n<meta property=\"og:locale\" content=\"es_ES\" \/>\n<meta property=\"og:type\" content=\"article\" \/>\n<meta property=\"og:title\" content=\"Plagas del ma\u00edz evolucionan: adopci\u00f3n de tecnolog\u00eda y clima desaf\u00edan el manejo agr\u00edcola - Informe Litoral\" \/>\n<meta property=\"og:description\" content=\"Investigadores del INTA advierten que el aumento de siembra y el uso de ma\u00edz Bt est\u00e1n forzando a las plagas a modificar su comportamiento. Expertos llaman a un Manejo Integrado de Plagas con visi\u00f3n sist\u00e9mica.\" \/>\n<meta property=\"og:url\" content=\"https:\/\/informelitoral.com.ar\/plagas-del-maiz-evolucionan-adopcion-de-tecnologia-y-clima-desafian-el-manejo-agricola\/\" \/>\n<meta property=\"og:site_name\" content=\"Informe Litoral\" \/>\n<meta property=\"article:publisher\" content=\"https:\/\/www.facebook.com\/informelitoral\/\" \/>\n<meta property=\"article:published_time\" content=\"2025-09-30T12:51:33+00:00\" \/>\n<meta property=\"og:image\" content=\"https:\/\/informelitoral.com.ar\/%77%70%2d%63%6f%6e%74%65%6e%74\/uploads\/2024\/10\/chicharrita-maiz-de-rossi.png\" \/>\n\t<meta property=\"og:image:width\" content=\"1275\" \/>\n\t<meta property=\"og:image:height\" content=\"727\" \/>\n\t<meta property=\"og:image:type\" content=\"image\/png\" \/>\n<meta name=\"author\" content=\"Sebastian\" \/>\n<meta name=\"twitter:card\" content=\"summary_large_image\" \/>\n<meta name=\"twitter:creator\" content=\"@InformeLitoral\" \/>\n<meta name=\"twitter:site\" content=\"@InformeLitoral\" \/>\n<meta name=\"twitter:label1\" content=\"Escrito por\" \/>\n\t<meta name=\"twitter:data1\" content=\"Sebastian\" \/>\n\t<meta name=\"twitter:label2\" content=\"Tiempo de lectura\" \/>\n\t<meta name=\"twitter:data2\" content=\"2 minutos\" \/>\n<script type=\"application\/ld+json\" class=\"yoast-schema-graph\">{\"@context\":\"https:\\\/\\\/schema.org\",\"@graph\":[{\"@type\":\"Article\",\"@id\":\"https:\\\/\\\/informelitoral.com.ar\\\/plagas-del-maiz-evolucionan-adopcion-de-tecnologia-y-clima-desafian-el-manejo-agricola\\\/#article\",\"isPartOf\":{\"@id\":\"https:\\\/\\\/informelitoral.com.ar\\\/plagas-del-maiz-evolucionan-adopcion-de-tecnologia-y-clima-desafian-el-manejo-agricola\\\/\"},\"author\":{\"name\":\"Sebastian\",\"@id\":\"https:\\\/\\\/informelitoral.com.ar\\\/#\\\/schema\\\/person\\\/f05f9f461677119578717524b127d6d5\"},\"headline\":\"Plagas del ma\u00edz evolucionan: adopci\u00f3n de tecnolog\u00eda y clima desaf\u00edan el manejo agr\u00edcola\",\"datePublished\":\"2025-09-30T12:51:33+00:00\",\"mainEntityOfPage\":{\"@id\":\"https:\\\/\\\/informelitoral.com.ar\\\/plagas-del-maiz-evolucionan-adopcion-de-tecnologia-y-clima-desafian-el-manejo-agricola\\\/\"},\"wordCount\":457,\"commentCount\":0,\"publisher\":{\"@id\":\"https:\\\/\\\/informelitoral.com.ar\\\/#organization\"},\"image\":{\"@id\":\"https:\\\/\\\/informelitoral.com.ar\\\/plagas-del-maiz-evolucionan-adopcion-de-tecnologia-y-clima-desafian-el-manejo-agricola\\\/#primaryimage\"},\"thumbnailUrl\":\"https:\\\/\\\/informelitoral.com.ar\\\/%77%70%2d%63%6f%6e%74%65%6e%74\\\/uploads\\\/2024\\\/10\\\/chicharrita-maiz-de-rossi.png\",\"keywords\":[\"INTA\",\"Ma\u00edz\",\"Plagas\"],\"articleSection\":[\"Campo\"],\"inLanguage\":\"es\",\"potentialAction\":[{\"@type\":\"CommentAction\",\"name\":\"Comment\",\"target\":[\"https:\\\/\\\/informelitoral.com.ar\\\/plagas-del-maiz-evolucionan-adopcion-de-tecnologia-y-clima-desafian-el-manejo-agricola\\\/#respond\"]}]},{\"@type\":\"WebPage\",\"@id\":\"https:\\\/\\\/informelitoral.com.ar\\\/plagas-del-maiz-evolucionan-adopcion-de-tecnologia-y-clima-desafian-el-manejo-agricola\\\/\",\"url\":\"https:\\\/\\\/informelitoral.com.ar\\\/plagas-del-maiz-evolucionan-adopcion-de-tecnologia-y-clima-desafian-el-manejo-agricola\\\/\",\"name\":\"Plagas del ma\u00edz evolucionan: adopci\u00f3n de tecnolog\u00eda y clima desaf\u00edan el manejo agr\u00edcola - Informe Litoral\",\"isPartOf\":{\"@id\":\"https:\\\/\\\/informelitoral.com.ar\\\/#website\"},\"primaryImageOfPage\":{\"@id\":\"https:\\\/\\\/informelitoral.com.ar\\\/plagas-del-maiz-evolucionan-adopcion-de-tecnologia-y-clima-desafian-el-manejo-agricola\\\/#primaryimage\"},\"image\":{\"@id\":\"https:\\\/\\\/informelitoral.com.ar\\\/plagas-del-maiz-evolucionan-adopcion-de-tecnologia-y-clima-desafian-el-manejo-agricola\\\/#primaryimage\"},\"thumbnailUrl\":\"https:\\\/\\\/informelitoral.com.ar\\\/%77%70%2d%63%6f%6e%74%65%6e%74\\\/uploads\\\/2024\\\/10\\\/chicharrita-maiz-de-rossi.png\",\"datePublished\":\"2025-09-30T12:51:33+00:00\",\"breadcrumb\":{\"@id\":\"https:\\\/\\\/informelitoral.com.ar\\\/plagas-del-maiz-evolucionan-adopcion-de-tecnologia-y-clima-desafian-el-manejo-agricola\\\/#breadcrumb\"},\"inLanguage\":\"es\",\"potentialAction\":[{\"@type\":\"ReadAction\",\"target\":[\"https:\\\/\\\/informelitoral.com.ar\\\/plagas-del-maiz-evolucionan-adopcion-de-tecnologia-y-clima-desafian-el-manejo-agricola\\\/\"]}]},{\"@type\":\"ImageObject\",\"inLanguage\":\"es\",\"@id\":\"https:\\\/\\\/informelitoral.com.ar\\\/plagas-del-maiz-evolucionan-adopcion-de-tecnologia-y-clima-desafian-el-manejo-agricola\\\/#primaryimage\",\"url\":\"https:\\\/\\\/informelitoral.com.ar\\\/%77%70%2d%63%6f%6e%74%65%6e%74\\\/uploads\\\/2024\\\/10\\\/chicharrita-maiz-de-rossi.png\",\"contentUrl\":\"https:\\\/\\\/informelitoral.com.ar\\\/%77%70%2d%63%6f%6e%74%65%6e%74\\\/uploads\\\/2024\\\/10\\\/chicharrita-maiz-de-rossi.png\",\"width\":1275,\"height\":727},{\"@type\":\"BreadcrumbList\",\"@id\":\"https:\\\/\\\/informelitoral.com.ar\\\/plagas-del-maiz-evolucionan-adopcion-de-tecnologia-y-clima-desafian-el-manejo-agricola\\\/#breadcrumb\",\"itemListElement\":[{\"@type\":\"ListItem\",\"position\":1,\"name\":\"Portada\",\"item\":\"https:\\\/\\\/informelitoral.com.ar\\\/\"},{\"@type\":\"ListItem\",\"position\":2,\"name\":\"Plagas del ma\u00edz evolucionan: adopci\u00f3n de tecnolog\u00eda y clima desaf\u00edan el manejo agr\u00edcola\"}]},{\"@type\":\"WebSite\",\"@id\":\"https:\\\/\\\/informelitoral.com.ar\\\/#website\",\"url\":\"https:\\\/\\\/informelitoral.com.ar\\\/\",\"name\":\"Informe Litoral\",\"description\":\"&quot;Nos informamos&quot; \",\"publisher\":{\"@id\":\"https:\\\/\\\/informelitoral.com.ar\\\/#organization\"},\"potentialAction\":[{\"@type\":\"SearchAction\",\"target\":{\"@type\":\"EntryPoint\",\"urlTemplate\":\"https:\\\/\\\/informelitoral.com.ar\\\/?s={search_term_string}\"},\"query-input\":{\"@type\":\"PropertyValueSpecification\",\"valueRequired\":true,\"valueName\":\"search_term_string\"}}],\"inLanguage\":\"es\"},{\"@type\":\"Organization\",\"@id\":\"https:\\\/\\\/informelitoral.com.ar\\\/#organization\",\"name\":\"Informe Litoral\",\"url\":\"https:\\\/\\\/informelitoral.com.ar\\\/\",\"logo\":{\"@type\":\"ImageObject\",\"inLanguage\":\"es\",\"@id\":\"https:\\\/\\\/informelitoral.com.ar\\\/#\\\/schema\\\/logo\\\/image\\\/\",\"url\":\"https:\\\/\\\/informelitoral.com.ar\\\/%77%70%2d%63%6f%6e%74%65%6e%74\\\/uploads\\\/2021\\\/01\\\/circulo.png\",\"contentUrl\":\"https:\\\/\\\/informelitoral.com.ar\\\/%77%70%2d%63%6f%6e%74%65%6e%74\\\/uploads\\\/2021\\\/01\\\/circulo.png\",\"width\":723,\"height\":731,\"caption\":\"Informe Litoral\"},\"image\":{\"@id\":\"https:\\\/\\\/informelitoral.com.ar\\\/#\\\/schema\\\/logo\\\/image\\\/\"},\"sameAs\":[\"https:\\\/\\\/www.facebook.com\\\/informelitoral\\\/\",\"https:\\\/\\\/x.com\\\/InformeLitoral\",\"https:\\\/\\\/www.instagram.com\\\/informelitoral\\\/\",\"https:\\\/\\\/www.youtube.com\\\/channel\\\/UCua4Qvz8Icb6MYqhoq9xLXw\"]},{\"@type\":\"Person\",\"@id\":\"https:\\\/\\\/informelitoral.com.ar\\\/#\\\/schema\\\/person\\\/f05f9f461677119578717524b127d6d5\",\"name\":\"Sebastian\",\"image\":{\"@type\":\"ImageObject\",\"inLanguage\":\"es\",\"@id\":\"https:\\\/\\\/secure.gravatar.com\\\/avatar\\\/b71bf7481d447dfb9583c7f2798e7cc64de6efb9067b74633ed8c31059a3bd82?s=96&d=mm&r=g\",\"url\":\"https:\\\/\\\/secure.gravatar.com\\\/avatar\\\/b71bf7481d447dfb9583c7f2798e7cc64de6efb9067b74633ed8c31059a3bd82?s=96&d=mm&r=g\",\"contentUrl\":\"https:\\\/\\\/secure.gravatar.com\\\/avatar\\\/b71bf7481d447dfb9583c7f2798e7cc64de6efb9067b74633ed8c31059a3bd82?s=96&d=mm&r=g\",\"caption\":\"Sebastian\"},\"url\":\"https:\\\/\\\/informelitoral.com.ar\\\/author\\\/sebastian\\\/\"}]}<\/script>","yoast_head_json":{"title":"Plagas del ma\u00edz evolucionan: adopci\u00f3n de tecnolog\u00eda y clima desaf\u00edan el manejo agr\u00edcola - Informe Litoral","robots":{"index":"index","follow":"follow","max-snippet":"max-snippet:-1","max-image-preview":"max-image-preview:large","max-video-preview":"max-video-preview:-1"},"canonical":"https:\/\/informelitoral.com.ar\/plagas-del-maiz-evolucionan-adopcion-de-tecnologia-y-clima-desafian-el-manejo-agricola\/","og_locale":"es_ES","og_type":"article","og_title":"Plagas del ma\u00edz evolucionan: adopci\u00f3n de tecnolog\u00eda y clima desaf\u00edan el manejo agr\u00edcola - Informe Litoral","og_description":"Investigadores del INTA advierten que el aumento de siembra y el uso de ma\u00edz Bt est\u00e1n forzando a las plagas a modificar su comportamiento. Expertos llaman a un Manejo Integrado de Plagas con visi\u00f3n sist\u00e9mica.","og_url":"https:\/\/informelitoral.com.ar\/plagas-del-maiz-evolucionan-adopcion-de-tecnologia-y-clima-desafian-el-manejo-agricola\/","og_site_name":"Informe Litoral","article_publisher":"https:\/\/www.facebook.com\/informelitoral\/","article_published_time":"2025-09-30T12:51:33+00:00","og_image":[{"width":1275,"height":727,"url":"https:\/\/informelitoral.com.ar\/%77%70%2d%63%6f%6e%74%65%6e%74\/uploads\/2024\/10\/chicharrita-maiz-de-rossi.png","type":"image\/png"}],"author":"Sebastian","twitter_card":"summary_large_image","twitter_creator":"@InformeLitoral","twitter_site":"@InformeLitoral","twitter_misc":{"Escrito por":"Sebastian","Tiempo de lectura":"2 minutos"},"schema":{"@context":"https:\/\/schema.org","@graph":[{"@type":"Article","@id":"https:\/\/informelitoral.com.ar\/plagas-del-maiz-evolucionan-adopcion-de-tecnologia-y-clima-desafian-el-manejo-agricola\/#article","isPartOf":{"@id":"https:\/\/informelitoral.com.ar\/plagas-del-maiz-evolucionan-adopcion-de-tecnologia-y-clima-desafian-el-manejo-agricola\/"},"author":{"name":"Sebastian","@id":"https:\/\/informelitoral.com.ar\/#\/schema\/person\/f05f9f461677119578717524b127d6d5"},"headline":"Plagas del ma\u00edz evolucionan: adopci\u00f3n de tecnolog\u00eda y clima desaf\u00edan el manejo agr\u00edcola","datePublished":"2025-09-30T12:51:33+00:00","mainEntityOfPage":{"@id":"https:\/\/informelitoral.com.ar\/plagas-del-maiz-evolucionan-adopcion-de-tecnologia-y-clima-desafian-el-manejo-agricola\/"},"wordCount":457,"commentCount":0,"publisher":{"@id":"https:\/\/informelitoral.com.ar\/#organization"},"image":{"@id":"https:\/\/informelitoral.com.ar\/plagas-del-maiz-evolucionan-adopcion-de-tecnologia-y-clima-desafian-el-manejo-agricola\/#primaryimage"},"thumbnailUrl":"https:\/\/informelitoral.com.ar\/%77%70%2d%63%6f%6e%74%65%6e%74\/uploads\/2024\/10\/chicharrita-maiz-de-rossi.png","keywords":["INTA","Ma\u00edz","Plagas"],"articleSection":["Campo"],"inLanguage":"es","potentialAction":[{"@type":"CommentAction","name":"Comment","target":["https:\/\/informelitoral.com.ar\/plagas-del-maiz-evolucionan-adopcion-de-tecnologia-y-clima-desafian-el-manejo-agricola\/#respond"]}]},{"@type":"WebPage","@id":"https:\/\/informelitoral.com.ar\/plagas-del-maiz-evolucionan-adopcion-de-tecnologia-y-clima-desafian-el-manejo-agricola\/","url":"https:\/\/informelitoral.com.ar\/plagas-del-maiz-evolucionan-adopcion-de-tecnologia-y-clima-desafian-el-manejo-agricola\/","name":"Plagas del ma\u00edz evolucionan: adopci\u00f3n de tecnolog\u00eda y clima desaf\u00edan el manejo agr\u00edcola - Informe Litoral","isPartOf":{"@id":"https:\/\/informelitoral.com.ar\/#website"},"primaryImageOfPage":{"@id":"https:\/\/informelitoral.com.ar\/plagas-del-maiz-evolucionan-adopcion-de-tecnologia-y-clima-desafian-el-manejo-agricola\/#primaryimage"},"image":{"@id":"https:\/\/informelitoral.com.ar\/plagas-del-maiz-evolucionan-adopcion-de-tecnologia-y-clima-desafian-el-manejo-agricola\/#primaryimage"},"thumbnailUrl":"https:\/\/informelitoral.com.ar\/%77%70%2d%63%6f%6e%74%65%6e%74\/uploads\/2024\/10\/chicharrita-maiz-de-rossi.png","datePublished":"2025-09-30T12:51:33+00:00","breadcrumb":{"@id":"https:\/\/informelitoral.com.ar\/plagas-del-maiz-evolucionan-adopcion-de-tecnologia-y-clima-desafian-el-manejo-agricola\/#breadcrumb"},"inLanguage":"es","potentialAction":[{"@type":"ReadAction","target":["https:\/\/informelitoral.com.ar\/plagas-del-maiz-evolucionan-adopcion-de-tecnologia-y-clima-desafian-el-manejo-agricola\/"]}]},{"@type":"ImageObject","inLanguage":"es","@id":"https:\/\/informelitoral.com.ar\/plagas-del-maiz-evolucionan-adopcion-de-tecnologia-y-clima-desafian-el-manejo-agricola\/#primaryimage","url":"https:\/\/informelitoral.com.ar\/%77%70%2d%63%6f%6e%74%65%6e%74\/uploads\/2024\/10\/chicharrita-maiz-de-rossi.png","contentUrl":"https:\/\/informelitoral.com.ar\/%77%70%2d%63%6f%6e%74%65%6e%74\/uploads\/2024\/10\/chicharrita-maiz-de-rossi.png","width":1275,"height":727},{"@type":"BreadcrumbList","@id":"https:\/\/informelitoral.com.ar\/plagas-del-maiz-evolucionan-adopcion-de-tecnologia-y-clima-desafian-el-manejo-agricola\/#breadcrumb","itemListElement":[{"@type":"ListItem","position":1,"name":"Portada","item":"https:\/\/informelitoral.com.ar\/"},{"@type":"ListItem","position":2,"name":"Plagas del ma\u00edz evolucionan: adopci\u00f3n de tecnolog\u00eda y clima desaf\u00edan el manejo agr\u00edcola"}]},{"@type":"WebSite","@id":"https:\/\/informelitoral.com.ar\/#website","url":"https:\/\/informelitoral.com.ar\/","name":"Informe Litoral","description":"&quot;Nos informamos&quot; ","publisher":{"@id":"https:\/\/informelitoral.com.ar\/#organization"},"potentialAction":[{"@type":"SearchAction","target":{"@type":"EntryPoint","urlTemplate":"https:\/\/informelitoral.com.ar\/?s={search_term_string}"},"query-input":{"@type":"PropertyValueSpecification","valueRequired":true,"valueName":"search_term_string"}}],"inLanguage":"es"},{"@type":"Organization","@id":"https:\/\/informelitoral.com.ar\/#organization","name":"Informe Litoral","url":"https:\/\/informelitoral.com.ar\/","logo":{"@type":"ImageObject","inLanguage":"es","@id":"https:\/\/informelitoral.com.ar\/#\/schema\/logo\/image\/","url":"https:\/\/informelitoral.com.ar\/%77%70%2d%63%6f%6e%74%65%6e%74\/uploads\/2021\/01\/circulo.png","contentUrl":"https:\/\/informelitoral.com.ar\/%77%70%2d%63%6f%6e%74%65%6e%74\/uploads\/2021\/01\/circulo.png","width":723,"height":731,"caption":"Informe Litoral"},"image":{"@id":"https:\/\/informelitoral.com.ar\/#\/schema\/logo\/image\/"},"sameAs":["https:\/\/www.facebook.com\/informelitoral\/","https:\/\/x.com\/InformeLitoral","https:\/\/www.instagram.com\/informelitoral\/","https:\/\/www.youtube.com\/channel\/UCua4Qvz8Icb6MYqhoq9xLXw"]},{"@type":"Person","@id":"https:\/\/informelitoral.com.ar\/#\/schema\/person\/f05f9f461677119578717524b127d6d5","name":"Sebastian","image":{"@type":"ImageObject","inLanguage":"es","@id":"https:\/\/secure.gravatar.com\/avatar\/b71bf7481d447dfb9583c7f2798e7cc64de6efb9067b74633ed8c31059a3bd82?s=96&d=mm&r=g","url":"https:\/\/secure.gravatar.com\/avatar\/b71bf7481d447dfb9583c7f2798e7cc64de6efb9067b74633ed8c31059a3bd82?s=96&d=mm&r=g","contentUrl":"https:\/\/secure.gravatar.com\/avatar\/b71bf7481d447dfb9583c7f2798e7cc64de6efb9067b74633ed8c31059a3bd82?s=96&d=mm&r=g","caption":"Sebastian"},"url":"https:\/\/informelitoral.com.ar\/author\/sebastian\/"}]}},"_links":{"self":[{"href":"https:\/\/informelitoral.com.ar\/%77%70%2d%6a%73%6f%6e\/wp\/v2\/posts\/235493","targetHints":{"allow":["GET"]}}],"collection":[{"href":"https:\/\/informelitoral.com.ar\/%77%70%2d%6a%73%6f%6e\/wp\/v2\/posts"}],"about":[{"href":"https:\/\/informelitoral.com.ar\/%77%70%2d%6a%73%6f%6e\/wp\/v2\/types\/post"}],"author":[{"embeddable":true,"href":"https:\/\/informelitoral.com.ar\/%77%70%2d%6a%73%6f%6e\/wp\/v2\/users\/8"}],"replies":[{"embeddable":true,"href":"https:\/\/informelitoral.com.ar\/%77%70%2d%6a%73%6f%6e\/wp\/v2\/comments?post=235493"}],"version-history":[{"count":1,"href":"https:\/\/informelitoral.com.ar\/%77%70%2d%6a%73%6f%6e\/wp\/v2\/posts\/235493\/revisions"}],"predecessor-version":[{"id":235494,"href":"https:\/\/informelitoral.com.ar\/%77%70%2d%6a%73%6f%6e\/wp\/v2\/posts\/235493\/revisions\/235494"}],"wp:featuredmedia":[{"embeddable":true,"href":"https:\/\/informelitoral.com.ar\/%77%70%2d%6a%73%6f%6e\/wp\/v2\/media\/200457"}],"wp:attachment":[{"href":"https:\/\/informelitoral.com.ar\/%77%70%2d%6a%73%6f%6e\/wp\/v2\/media?parent=235493"}],"wp:term":[{"taxonomy":"category","embeddable":true,"href":"https:\/\/informelitoral.com.ar\/%77%70%2d%6a%73%6f%6e\/wp\/v2\/categories?post=235493"},{"taxonomy":"post_tag","embeddable":true,"href":"https:\/\/informelitoral.com.ar\/%77%70%2d%6a%73%6f%6e\/wp\/v2\/tags?post=235493"}],"curies":[{"name":"wp","href":"https:\/\/api.w.org\/{rel}","templated":true}]}}