{"id":235308,"date":"2025-09-26T12:09:28","date_gmt":"2025-09-26T15:09:28","guid":{"rendered":"https:\/\/informelitoral.com.ar\/?p=235308"},"modified":"2025-09-26T15:45:23","modified_gmt":"2025-09-26T18:45:23","slug":"el-gobierno-dio-por-finalizado-el-retenciones-cero-al-agro-tras-alcanzar-la-meta-de-liquidacion","status":"publish","type":"post","link":"https:\/\/informelitoral.com.ar\/el-gobierno-dio-por-finalizado-el-retenciones-cero-al-agro-tras-alcanzar-la-meta-de-liquidacion\/","title":{"rendered":"Finaliz\u00f3 el esquema de \u00abretenciones cero\u00bb tras alcanzar la meta de liquidaci\u00f3n"},"content":{"rendered":"<p>La <b>Agencia de Recaudaci\u00f3n y Control Aduanero (ARCA)<\/b> confirm\u00f3 que, a \u00faltima hora del mi\u00e9rcoles, se dio por finalizado el beneficio temporal de \u00abretenciones cero\u00bb a las exportaciones del sector agropecuario. La medida, que estuvo vigente durante los \u00faltimos d\u00edas, ces\u00f3 luego de que el Gobierno alcanzara la meta establecida de <b>U$S 7.000 millones<\/b> en Declaraciones Juradas de Ventas al Exterior (DJVE).<\/p>\n<p>De esta forma, a partir del jueves por la ma\u00f1ana, volvieron a aplicarse los derechos de exportaci\u00f3n que reg\u00edan anteriormente. Esto implica que la <b>soja<\/b> (principal generadora de divisas) regresa a una al\u00edcuota del <b>26%<\/b>, mientras que el <b>ma\u00edz y el trigo<\/b> vuelven al <b>9,5%<\/b>.<\/p>\n<p>El fin del r\u00e9gimen especial gener\u00f3 <b>fuerte malestar en el sector rural<\/b>, que denunci\u00f3 no haber podido acceder a los beneficios de la medida. Seg\u00fan los productores, la ventana de \u00abretenciones cero\u00bb fue aprovechada casi exclusivamente por las <b>grandes empresas exportadoras<\/b>, permiti\u00e9ndoles liquidar divisas sin el gravamen y quedando ahora en una \u00abcondici\u00f3n ventajosa\u00bb para comprar granos a precios m\u00e1s bajos a los agricultores.<\/p>\n<p>En este contexto, la consultora FyO difundi\u00f3 un <i>ranking<\/i> que muestra que las <b>cinco primeras posiciones en DJVE<\/b> durante la vigencia del beneficio fueron ocupadas por grandes <b>multinacionales<\/b> del sector. La <b>soja<\/b> (principalmente en forma de harina y poroto) y el <b>trigo<\/b> fueron los productos que lideraron el volumen de las declaraciones.<\/p>\n<p>Pese a las cr\u00edticas del ruralismo, referentes de las grandes agroexportadoras hab\u00edan celebrado la medida durante el reciente Seminario Acsoja en Rosario. Empresarios de compa\u00f1\u00edas como <b>Aceitera General Deheza (AGD), COFCO, LDC y Molinos Agro<\/b> destacaron el impacto positivo del r\u00e9gimen especial.<\/p>\n<p><b>Alfonso Romero<\/b> de COFCO, se\u00f1al\u00f3 que, en un entorno de precios bajos, \u00abla competitividad es muy importante\u00bb, y que esta medida \u00abTodo suma para ser competitivos como pa\u00eds\u00bb. Por su parte, <b>Luis Font\u00e1n<\/b> de AGD, consider\u00f3 que la medida \u00abmarca una tendencia hacia donde se quiere ir, es algo positivo\u00bb y que fomenta la eficiencia estructural del sector.<\/p>\n<p>La medida cumpli\u00f3 su objetivo fiscal inmediato, permitiendo al Gobierno recaudar divisas de manera urgente, pero a su vez evidenci\u00f3 una <b>profunda brecha<\/b> en la cadena de valor entre los grandes jugadores del comercio exterior y los productores primarios.(<em>Infocampo<\/em>)<\/p>\n","protected":false},"excerpt":{"rendered":"<p>Se cumpli\u00f3 el objetivo de U$S 7.000 millones en Declaraciones Juradas de Ventas al Exterior (DJVE), volviendo a regir las al\u00edcuotas anteriores. Productores expresan malestar, acusando que solo benefici\u00f3 a grandes exportadoras.<\/p>\n","protected":false},"author":8,"featured_media":120336,"comment_status":"open","ping_status":"open","sticky":false,"template":"","format":"standard","meta":{"fifu_image_url":"","fifu_image_alt":"","footnotes":""},"categories":[10],"tags":[5292,6076,73],"class_list":{"0":"post-235308","1":"post","2":"type-post","3":"status-publish","4":"format-standard","5":"has-post-thumbnail","7":"category-campo","8":"tag-arca","9":"tag-retenciones-cero","10":"tag-soja"},"yoast_head":"<title>Finaliz\u00f3 el esquema de &quot;retenciones cero&quot; tras alcanzar la meta de liquidaci\u00f3n - Informe Litoral<\/title>\n<meta name=\"robots\" content=\"index, follow, max-snippet:-1, max-image-preview:large, max-video-preview:-1\" \/>\n<link rel=\"canonical\" href=\"https:\/\/informelitoral.com.ar\/el-gobierno-dio-por-finalizado-el-retenciones-cero-al-agro-tras-alcanzar-la-meta-de-liquidacion\/\" \/>\n<meta property=\"og:locale\" content=\"es_ES\" \/>\n<meta property=\"og:type\" content=\"article\" \/>\n<meta property=\"og:title\" content=\"Finaliz\u00f3 el esquema de &quot;retenciones cero&quot; tras alcanzar la meta de liquidaci\u00f3n - Informe Litoral\" \/>\n<meta property=\"og:description\" content=\"Se cumpli\u00f3 el objetivo de U$S 7.000 millones en Declaraciones Juradas de Ventas al Exterior (DJVE), volviendo a regir las al\u00edcuotas anteriores. Productores expresan malestar, acusando que solo benefici\u00f3 a grandes exportadoras.\" \/>\n<meta property=\"og:url\" content=\"https:\/\/informelitoral.com.ar\/el-gobierno-dio-por-finalizado-el-retenciones-cero-al-agro-tras-alcanzar-la-meta-de-liquidacion\/\" \/>\n<meta property=\"og:site_name\" content=\"Informe Litoral\" \/>\n<meta property=\"article:publisher\" content=\"https:\/\/www.facebook.com\/informelitoral\/\" \/>\n<meta property=\"article:published_time\" content=\"2025-09-26T15:09:28+00:00\" \/>\n<meta property=\"article:modified_time\" content=\"2025-09-26T18:45:23+00:00\" \/>\n<meta property=\"og:image\" content=\"https:\/\/informelitoral.com.ar\/%77%70%2d%63%6f%6e%74%65%6e%74\/uploads\/2023\/02\/5a8ddf3cbaa68_soja-950x633-1-950x633-1.jpg\" \/>\n\t<meta property=\"og:image:width\" content=\"950\" \/>\n\t<meta property=\"og:image:height\" content=\"633\" \/>\n\t<meta property=\"og:image:type\" content=\"image\/jpeg\" \/>\n<meta name=\"author\" content=\"Sebastian\" \/>\n<meta name=\"twitter:card\" content=\"summary_large_image\" \/>\n<meta name=\"twitter:creator\" content=\"@InformeLitoral\" \/>\n<meta name=\"twitter:site\" content=\"@InformeLitoral\" \/>\n<meta name=\"twitter:label1\" content=\"Escrito por\" \/>\n\t<meta name=\"twitter:data1\" content=\"Sebastian\" \/>\n\t<meta name=\"twitter:label2\" content=\"Tiempo de lectura\" \/>\n\t<meta name=\"twitter:data2\" content=\"2 minutos\" \/>\n<script type=\"application\/ld+json\" class=\"yoast-schema-graph\">{\"@context\":\"https:\\\/\\\/schema.org\",\"@graph\":[{\"@type\":\"Article\",\"@id\":\"https:\\\/\\\/informelitoral.com.ar\\\/el-gobierno-dio-por-finalizado-el-retenciones-cero-al-agro-tras-alcanzar-la-meta-de-liquidacion\\\/#article\",\"isPartOf\":{\"@id\":\"https:\\\/\\\/informelitoral.com.ar\\\/el-gobierno-dio-por-finalizado-el-retenciones-cero-al-agro-tras-alcanzar-la-meta-de-liquidacion\\\/\"},\"author\":{\"name\":\"Sebastian\",\"@id\":\"https:\\\/\\\/informelitoral.com.ar\\\/#\\\/schema\\\/person\\\/f05f9f461677119578717524b127d6d5\"},\"headline\":\"Finaliz\u00f3 el esquema de \u00abretenciones cero\u00bb tras alcanzar la meta de liquidaci\u00f3n\",\"datePublished\":\"2025-09-26T15:09:28+00:00\",\"dateModified\":\"2025-09-26T18:45:23+00:00\",\"mainEntityOfPage\":{\"@id\":\"https:\\\/\\\/informelitoral.com.ar\\\/el-gobierno-dio-por-finalizado-el-retenciones-cero-al-agro-tras-alcanzar-la-meta-de-liquidacion\\\/\"},\"wordCount\":394,\"commentCount\":0,\"publisher\":{\"@id\":\"https:\\\/\\\/informelitoral.com.ar\\\/#organization\"},\"image\":{\"@id\":\"https:\\\/\\\/informelitoral.com.ar\\\/el-gobierno-dio-por-finalizado-el-retenciones-cero-al-agro-tras-alcanzar-la-meta-de-liquidacion\\\/#primaryimage\"},\"thumbnailUrl\":\"https:\\\/\\\/informelitoral.com.ar\\\/%77%70%2d%63%6f%6e%74%65%6e%74\\\/uploads\\\/2023\\\/02\\\/5a8ddf3cbaa68_soja-950x633-1-950x633-1.jpg\",\"keywords\":[\"Arca\",\"Retenciones Cero\",\"Soja\"],\"articleSection\":[\"Campo\"],\"inLanguage\":\"es\",\"potentialAction\":[{\"@type\":\"CommentAction\",\"name\":\"Comment\",\"target\":[\"https:\\\/\\\/informelitoral.com.ar\\\/el-gobierno-dio-por-finalizado-el-retenciones-cero-al-agro-tras-alcanzar-la-meta-de-liquidacion\\\/#respond\"]}]},{\"@type\":\"WebPage\",\"@id\":\"https:\\\/\\\/informelitoral.com.ar\\\/el-gobierno-dio-por-finalizado-el-retenciones-cero-al-agro-tras-alcanzar-la-meta-de-liquidacion\\\/\",\"url\":\"https:\\\/\\\/informelitoral.com.ar\\\/el-gobierno-dio-por-finalizado-el-retenciones-cero-al-agro-tras-alcanzar-la-meta-de-liquidacion\\\/\",\"name\":\"Finaliz\u00f3 el esquema de \\\"retenciones cero\\\" tras alcanzar la meta de liquidaci\u00f3n - Informe Litoral\",\"isPartOf\":{\"@id\":\"https:\\\/\\\/informelitoral.com.ar\\\/#website\"},\"primaryImageOfPage\":{\"@id\":\"https:\\\/\\\/informelitoral.com.ar\\\/el-gobierno-dio-por-finalizado-el-retenciones-cero-al-agro-tras-alcanzar-la-meta-de-liquidacion\\\/#primaryimage\"},\"image\":{\"@id\":\"https:\\\/\\\/informelitoral.com.ar\\\/el-gobierno-dio-por-finalizado-el-retenciones-cero-al-agro-tras-alcanzar-la-meta-de-liquidacion\\\/#primaryimage\"},\"thumbnailUrl\":\"https:\\\/\\\/informelitoral.com.ar\\\/%77%70%2d%63%6f%6e%74%65%6e%74\\\/uploads\\\/2023\\\/02\\\/5a8ddf3cbaa68_soja-950x633-1-950x633-1.jpg\",\"datePublished\":\"2025-09-26T15:09:28+00:00\",\"dateModified\":\"2025-09-26T18:45:23+00:00\",\"breadcrumb\":{\"@id\":\"https:\\\/\\\/informelitoral.com.ar\\\/el-gobierno-dio-por-finalizado-el-retenciones-cero-al-agro-tras-alcanzar-la-meta-de-liquidacion\\\/#breadcrumb\"},\"inLanguage\":\"es\",\"potentialAction\":[{\"@type\":\"ReadAction\",\"target\":[\"https:\\\/\\\/informelitoral.com.ar\\\/el-gobierno-dio-por-finalizado-el-retenciones-cero-al-agro-tras-alcanzar-la-meta-de-liquidacion\\\/\"]}]},{\"@type\":\"ImageObject\",\"inLanguage\":\"es\",\"@id\":\"https:\\\/\\\/informelitoral.com.ar\\\/el-gobierno-dio-por-finalizado-el-retenciones-cero-al-agro-tras-alcanzar-la-meta-de-liquidacion\\\/#primaryimage\",\"url\":\"https:\\\/\\\/informelitoral.com.ar\\\/%77%70%2d%63%6f%6e%74%65%6e%74\\\/uploads\\\/2023\\\/02\\\/5a8ddf3cbaa68_soja-950x633-1-950x633-1.jpg\",\"contentUrl\":\"https:\\\/\\\/informelitoral.com.ar\\\/%77%70%2d%63%6f%6e%74%65%6e%74\\\/uploads\\\/2023\\\/02\\\/5a8ddf3cbaa68_soja-950x633-1-950x633-1.jpg\",\"width\":950,\"height\":633},{\"@type\":\"BreadcrumbList\",\"@id\":\"https:\\\/\\\/informelitoral.com.ar\\\/el-gobierno-dio-por-finalizado-el-retenciones-cero-al-agro-tras-alcanzar-la-meta-de-liquidacion\\\/#breadcrumb\",\"itemListElement\":[{\"@type\":\"ListItem\",\"position\":1,\"name\":\"Portada\",\"item\":\"https:\\\/\\\/informelitoral.com.ar\\\/\"},{\"@type\":\"ListItem\",\"position\":2,\"name\":\"Finaliz\u00f3 el esquema de \u00abretenciones cero\u00bb tras alcanzar la meta de liquidaci\u00f3n\"}]},{\"@type\":\"WebSite\",\"@id\":\"https:\\\/\\\/informelitoral.com.ar\\\/#website\",\"url\":\"https:\\\/\\\/informelitoral.com.ar\\\/\",\"name\":\"Informe Litoral\",\"description\":\"&quot;Nos informamos&quot; \",\"publisher\":{\"@id\":\"https:\\\/\\\/informelitoral.com.ar\\\/#organization\"},\"potentialAction\":[{\"@type\":\"SearchAction\",\"target\":{\"@type\":\"EntryPoint\",\"urlTemplate\":\"https:\\\/\\\/informelitoral.com.ar\\\/?s={search_term_string}\"},\"query-input\":{\"@type\":\"PropertyValueSpecification\",\"valueRequired\":true,\"valueName\":\"search_term_string\"}}],\"inLanguage\":\"es\"},{\"@type\":\"Organization\",\"@id\":\"https:\\\/\\\/informelitoral.com.ar\\\/#organization\",\"name\":\"Informe Litoral\",\"url\":\"https:\\\/\\\/informelitoral.com.ar\\\/\",\"logo\":{\"@type\":\"ImageObject\",\"inLanguage\":\"es\",\"@id\":\"https:\\\/\\\/informelitoral.com.ar\\\/#\\\/schema\\\/logo\\\/image\\\/\",\"url\":\"https:\\\/\\\/informelitoral.com.ar\\\/%77%70%2d%63%6f%6e%74%65%6e%74\\\/uploads\\\/2021\\\/01\\\/circulo.png\",\"contentUrl\":\"https:\\\/\\\/informelitoral.com.ar\\\/%77%70%2d%63%6f%6e%74%65%6e%74\\\/uploads\\\/2021\\\/01\\\/circulo.png\",\"width\":723,\"height\":731,\"caption\":\"Informe Litoral\"},\"image\":{\"@id\":\"https:\\\/\\\/informelitoral.com.ar\\\/#\\\/schema\\\/logo\\\/image\\\/\"},\"sameAs\":[\"https:\\\/\\\/www.facebook.com\\\/informelitoral\\\/\",\"https:\\\/\\\/x.com\\\/InformeLitoral\",\"https:\\\/\\\/www.instagram.com\\\/informelitoral\\\/\",\"https:\\\/\\\/www.youtube.com\\\/channel\\\/UCua4Qvz8Icb6MYqhoq9xLXw\"]},{\"@type\":\"Person\",\"@id\":\"https:\\\/\\\/informelitoral.com.ar\\\/#\\\/schema\\\/person\\\/f05f9f461677119578717524b127d6d5\",\"name\":\"Sebastian\",\"image\":{\"@type\":\"ImageObject\",\"inLanguage\":\"es\",\"@id\":\"https:\\\/\\\/secure.gravatar.com\\\/avatar\\\/b71bf7481d447dfb9583c7f2798e7cc64de6efb9067b74633ed8c31059a3bd82?s=96&d=mm&r=g\",\"url\":\"https:\\\/\\\/secure.gravatar.com\\\/avatar\\\/b71bf7481d447dfb9583c7f2798e7cc64de6efb9067b74633ed8c31059a3bd82?s=96&d=mm&r=g\",\"contentUrl\":\"https:\\\/\\\/secure.gravatar.com\\\/avatar\\\/b71bf7481d447dfb9583c7f2798e7cc64de6efb9067b74633ed8c31059a3bd82?s=96&d=mm&r=g\",\"caption\":\"Sebastian\"},\"url\":\"https:\\\/\\\/informelitoral.com.ar\\\/author\\\/sebastian\\\/\"}]}<\/script>","yoast_head_json":{"title":"Finaliz\u00f3 el esquema de \"retenciones cero\" tras alcanzar la meta de liquidaci\u00f3n - Informe Litoral","robots":{"index":"index","follow":"follow","max-snippet":"max-snippet:-1","max-image-preview":"max-image-preview:large","max-video-preview":"max-video-preview:-1"},"canonical":"https:\/\/informelitoral.com.ar\/el-gobierno-dio-por-finalizado-el-retenciones-cero-al-agro-tras-alcanzar-la-meta-de-liquidacion\/","og_locale":"es_ES","og_type":"article","og_title":"Finaliz\u00f3 el esquema de \"retenciones cero\" tras alcanzar la meta de liquidaci\u00f3n - Informe Litoral","og_description":"Se cumpli\u00f3 el objetivo de U$S 7.000 millones en Declaraciones Juradas de Ventas al Exterior (DJVE), volviendo a regir las al\u00edcuotas anteriores. Productores expresan malestar, acusando que solo benefici\u00f3 a grandes exportadoras.","og_url":"https:\/\/informelitoral.com.ar\/el-gobierno-dio-por-finalizado-el-retenciones-cero-al-agro-tras-alcanzar-la-meta-de-liquidacion\/","og_site_name":"Informe Litoral","article_publisher":"https:\/\/www.facebook.com\/informelitoral\/","article_published_time":"2025-09-26T15:09:28+00:00","article_modified_time":"2025-09-26T18:45:23+00:00","og_image":[{"width":950,"height":633,"url":"https:\/\/informelitoral.com.ar\/%77%70%2d%63%6f%6e%74%65%6e%74\/uploads\/2023\/02\/5a8ddf3cbaa68_soja-950x633-1-950x633-1.jpg","type":"image\/jpeg"}],"author":"Sebastian","twitter_card":"summary_large_image","twitter_creator":"@InformeLitoral","twitter_site":"@InformeLitoral","twitter_misc":{"Escrito por":"Sebastian","Tiempo de lectura":"2 minutos"},"schema":{"@context":"https:\/\/schema.org","@graph":[{"@type":"Article","@id":"https:\/\/informelitoral.com.ar\/el-gobierno-dio-por-finalizado-el-retenciones-cero-al-agro-tras-alcanzar-la-meta-de-liquidacion\/#article","isPartOf":{"@id":"https:\/\/informelitoral.com.ar\/el-gobierno-dio-por-finalizado-el-retenciones-cero-al-agro-tras-alcanzar-la-meta-de-liquidacion\/"},"author":{"name":"Sebastian","@id":"https:\/\/informelitoral.com.ar\/#\/schema\/person\/f05f9f461677119578717524b127d6d5"},"headline":"Finaliz\u00f3 el esquema de \u00abretenciones cero\u00bb tras alcanzar la meta de liquidaci\u00f3n","datePublished":"2025-09-26T15:09:28+00:00","dateModified":"2025-09-26T18:45:23+00:00","mainEntityOfPage":{"@id":"https:\/\/informelitoral.com.ar\/el-gobierno-dio-por-finalizado-el-retenciones-cero-al-agro-tras-alcanzar-la-meta-de-liquidacion\/"},"wordCount":394,"commentCount":0,"publisher":{"@id":"https:\/\/informelitoral.com.ar\/#organization"},"image":{"@id":"https:\/\/informelitoral.com.ar\/el-gobierno-dio-por-finalizado-el-retenciones-cero-al-agro-tras-alcanzar-la-meta-de-liquidacion\/#primaryimage"},"thumbnailUrl":"https:\/\/informelitoral.com.ar\/%77%70%2d%63%6f%6e%74%65%6e%74\/uploads\/2023\/02\/5a8ddf3cbaa68_soja-950x633-1-950x633-1.jpg","keywords":["Arca","Retenciones Cero","Soja"],"articleSection":["Campo"],"inLanguage":"es","potentialAction":[{"@type":"CommentAction","name":"Comment","target":["https:\/\/informelitoral.com.ar\/el-gobierno-dio-por-finalizado-el-retenciones-cero-al-agro-tras-alcanzar-la-meta-de-liquidacion\/#respond"]}]},{"@type":"WebPage","@id":"https:\/\/informelitoral.com.ar\/el-gobierno-dio-por-finalizado-el-retenciones-cero-al-agro-tras-alcanzar-la-meta-de-liquidacion\/","url":"https:\/\/informelitoral.com.ar\/el-gobierno-dio-por-finalizado-el-retenciones-cero-al-agro-tras-alcanzar-la-meta-de-liquidacion\/","name":"Finaliz\u00f3 el esquema de \"retenciones cero\" tras alcanzar la meta de liquidaci\u00f3n - Informe Litoral","isPartOf":{"@id":"https:\/\/informelitoral.com.ar\/#website"},"primaryImageOfPage":{"@id":"https:\/\/informelitoral.com.ar\/el-gobierno-dio-por-finalizado-el-retenciones-cero-al-agro-tras-alcanzar-la-meta-de-liquidacion\/#primaryimage"},"image":{"@id":"https:\/\/informelitoral.com.ar\/el-gobierno-dio-por-finalizado-el-retenciones-cero-al-agro-tras-alcanzar-la-meta-de-liquidacion\/#primaryimage"},"thumbnailUrl":"https:\/\/informelitoral.com.ar\/%77%70%2d%63%6f%6e%74%65%6e%74\/uploads\/2023\/02\/5a8ddf3cbaa68_soja-950x633-1-950x633-1.jpg","datePublished":"2025-09-26T15:09:28+00:00","dateModified":"2025-09-26T18:45:23+00:00","breadcrumb":{"@id":"https:\/\/informelitoral.com.ar\/el-gobierno-dio-por-finalizado-el-retenciones-cero-al-agro-tras-alcanzar-la-meta-de-liquidacion\/#breadcrumb"},"inLanguage":"es","potentialAction":[{"@type":"ReadAction","target":["https:\/\/informelitoral.com.ar\/el-gobierno-dio-por-finalizado-el-retenciones-cero-al-agro-tras-alcanzar-la-meta-de-liquidacion\/"]}]},{"@type":"ImageObject","inLanguage":"es","@id":"https:\/\/informelitoral.com.ar\/el-gobierno-dio-por-finalizado-el-retenciones-cero-al-agro-tras-alcanzar-la-meta-de-liquidacion\/#primaryimage","url":"https:\/\/informelitoral.com.ar\/%77%70%2d%63%6f%6e%74%65%6e%74\/uploads\/2023\/02\/5a8ddf3cbaa68_soja-950x633-1-950x633-1.jpg","contentUrl":"https:\/\/informelitoral.com.ar\/%77%70%2d%63%6f%6e%74%65%6e%74\/uploads\/2023\/02\/5a8ddf3cbaa68_soja-950x633-1-950x633-1.jpg","width":950,"height":633},{"@type":"BreadcrumbList","@id":"https:\/\/informelitoral.com.ar\/el-gobierno-dio-por-finalizado-el-retenciones-cero-al-agro-tras-alcanzar-la-meta-de-liquidacion\/#breadcrumb","itemListElement":[{"@type":"ListItem","position":1,"name":"Portada","item":"https:\/\/informelitoral.com.ar\/"},{"@type":"ListItem","position":2,"name":"Finaliz\u00f3 el esquema de \u00abretenciones cero\u00bb tras alcanzar la meta de liquidaci\u00f3n"}]},{"@type":"WebSite","@id":"https:\/\/informelitoral.com.ar\/#website","url":"https:\/\/informelitoral.com.ar\/","name":"Informe Litoral","description":"&quot;Nos informamos&quot; ","publisher":{"@id":"https:\/\/informelitoral.com.ar\/#organization"},"potentialAction":[{"@type":"SearchAction","target":{"@type":"EntryPoint","urlTemplate":"https:\/\/informelitoral.com.ar\/?s={search_term_string}"},"query-input":{"@type":"PropertyValueSpecification","valueRequired":true,"valueName":"search_term_string"}}],"inLanguage":"es"},{"@type":"Organization","@id":"https:\/\/informelitoral.com.ar\/#organization","name":"Informe Litoral","url":"https:\/\/informelitoral.com.ar\/","logo":{"@type":"ImageObject","inLanguage":"es","@id":"https:\/\/informelitoral.com.ar\/#\/schema\/logo\/image\/","url":"https:\/\/informelitoral.com.ar\/%77%70%2d%63%6f%6e%74%65%6e%74\/uploads\/2021\/01\/circulo.png","contentUrl":"https:\/\/informelitoral.com.ar\/%77%70%2d%63%6f%6e%74%65%6e%74\/uploads\/2021\/01\/circulo.png","width":723,"height":731,"caption":"Informe Litoral"},"image":{"@id":"https:\/\/informelitoral.com.ar\/#\/schema\/logo\/image\/"},"sameAs":["https:\/\/www.facebook.com\/informelitoral\/","https:\/\/x.com\/InformeLitoral","https:\/\/www.instagram.com\/informelitoral\/","https:\/\/www.youtube.com\/channel\/UCua4Qvz8Icb6MYqhoq9xLXw"]},{"@type":"Person","@id":"https:\/\/informelitoral.com.ar\/#\/schema\/person\/f05f9f461677119578717524b127d6d5","name":"Sebastian","image":{"@type":"ImageObject","inLanguage":"es","@id":"https:\/\/secure.gravatar.com\/avatar\/b71bf7481d447dfb9583c7f2798e7cc64de6efb9067b74633ed8c31059a3bd82?s=96&d=mm&r=g","url":"https:\/\/secure.gravatar.com\/avatar\/b71bf7481d447dfb9583c7f2798e7cc64de6efb9067b74633ed8c31059a3bd82?s=96&d=mm&r=g","contentUrl":"https:\/\/secure.gravatar.com\/avatar\/b71bf7481d447dfb9583c7f2798e7cc64de6efb9067b74633ed8c31059a3bd82?s=96&d=mm&r=g","caption":"Sebastian"},"url":"https:\/\/informelitoral.com.ar\/author\/sebastian\/"}]}},"_links":{"self":[{"href":"https:\/\/informelitoral.com.ar\/%77%70%2d%6a%73%6f%6e\/wp\/v2\/posts\/235308","targetHints":{"allow":["GET"]}}],"collection":[{"href":"https:\/\/informelitoral.com.ar\/%77%70%2d%6a%73%6f%6e\/wp\/v2\/posts"}],"about":[{"href":"https:\/\/informelitoral.com.ar\/%77%70%2d%6a%73%6f%6e\/wp\/v2\/types\/post"}],"author":[{"embeddable":true,"href":"https:\/\/informelitoral.com.ar\/%77%70%2d%6a%73%6f%6e\/wp\/v2\/users\/8"}],"replies":[{"embeddable":true,"href":"https:\/\/informelitoral.com.ar\/%77%70%2d%6a%73%6f%6e\/wp\/v2\/comments?post=235308"}],"version-history":[{"count":4,"href":"https:\/\/informelitoral.com.ar\/%77%70%2d%6a%73%6f%6e\/wp\/v2\/posts\/235308\/revisions"}],"predecessor-version":[{"id":235316,"href":"https:\/\/informelitoral.com.ar\/%77%70%2d%6a%73%6f%6e\/wp\/v2\/posts\/235308\/revisions\/235316"}],"wp:featuredmedia":[{"embeddable":true,"href":"https:\/\/informelitoral.com.ar\/%77%70%2d%6a%73%6f%6e\/wp\/v2\/media\/120336"}],"wp:attachment":[{"href":"https:\/\/informelitoral.com.ar\/%77%70%2d%6a%73%6f%6e\/wp\/v2\/media?parent=235308"}],"wp:term":[{"taxonomy":"category","embeddable":true,"href":"https:\/\/informelitoral.com.ar\/%77%70%2d%6a%73%6f%6e\/wp\/v2\/categories?post=235308"},{"taxonomy":"post_tag","embeddable":true,"href":"https:\/\/informelitoral.com.ar\/%77%70%2d%6a%73%6f%6e\/wp\/v2\/tags?post=235308"}],"curies":[{"name":"wp","href":"https:\/\/api.w.org\/{rel}","templated":true}]}}