{"id":235265,"date":"2025-09-26T10:12:51","date_gmt":"2025-09-26T13:12:51","guid":{"rendered":"https:\/\/informelitoral.com.ar\/?p=235265"},"modified":"2025-09-26T10:14:35","modified_gmt":"2025-09-26T13:14:35","slug":"estudiantes-quedo-fuera-flamengo-completa-las-semifinales-de-la-copa-libertadores","status":"publish","type":"post","link":"https:\/\/informelitoral.com.ar\/estudiantes-quedo-fuera-flamengo-completa-las-semifinales-de-la-copa-libertadores\/","title":{"rendered":"Estudiantes qued\u00f3 fuera: Flamengo completa las semifinales de la Copa Libertadores"},"content":{"rendered":"<p>La <b>Copa Libertadores<\/b> tiene a sus cuatro contendientes definitivos. La ronda de cuartos de final concluy\u00f3 con la dram\u00e1tica eliminaci\u00f3n de <b>Estudiantes de La Plata<\/b>, que cay\u00f3 ante <b>Flamengo<\/b> en la tanda de penales en el Estadio UNO. La actuaci\u00f3n decisiva del arquero brasile\u00f1o, <b>Agust\u00edn Rossi<\/b>, fue fundamental para que el \u00abFla\u00bb sellara su pase a la siguiente ronda.<\/p>\n<p>El triunfo de Flamengo estableci\u00f3 uno de los cruces de semifinales: el equipo carioca se medir\u00e1 ante <b>Racing Club<\/b>, que viene de dejar en el camino a V\u00e9lez Sarsfield.<\/p>\n<h2><strong>Palmeiras y LDU: la otra llave<\/strong><\/h2>\n<p>Del otro lado del cuadro, el favoritismo se dividi\u00f3. <b>Palmeiras<\/b> confirm\u00f3 su poder\u00edo al superar con un global de 5-2 a <b>River Plate<\/b>, reafirmando su candidatura al t\u00edtulo.<\/p>\n<p>El equipo brasile\u00f1o tendr\u00e1 como rival a <b>Liga de Quito (LDU)<\/b>, que protagoniz\u00f3 una de las sorpresas al eliminar a Sao Paulo.<\/p>\n<p>Las <b>semifinales<\/b> se jugar\u00e1n en partidos de ida y vuelta durante las semanas del <b>21 y 28 de octubre<\/b>. Estudiantes, que se despidi\u00f3 con m\u00e1s de 3.5 millones de d\u00f3lares acumulados en premios, deber\u00e1 ahora concentrarse en el torneo local para asegurar su presencia en copas internacionales en 2026.<\/p>\n<p><b>Cruces de Semifinales:<\/b><\/p>\n<ul>\n<li><b>Flamengo vs. Racing Club<\/b><\/li>\n<li><b>Palmeiras vs. Liga de Quito<\/b><\/li>\n<\/ul>\n<p>(<em>Infobae<\/em>)<\/p>\n","protected":false},"excerpt":{"rendered":"<p>El \u00abFla\u00bb, con Rossi como h\u00e9roe en penales, enfrentar\u00e1 a Racing. Palmeiras y LDU disputar\u00e1n la otra llave en el camino a la final de Lima.<\/p>\n","protected":false},"author":8,"featured_media":197071,"comment_status":"open","ping_status":"open","sticky":false,"template":"","format":"standard","meta":{"fifu_image_url":"","fifu_image_alt":"","footnotes":""},"categories":[13],"tags":[400,6074],"class_list":{"0":"post-235265","1":"post","2":"type-post","3":"status-publish","4":"format-standard","5":"has-post-thumbnail","7":"category-deportes","8":"tag-copa-libertadores","9":"tag-flamengo"},"yoast_head":"<title>Estudiantes qued\u00f3 fuera: Flamengo completa las semifinales de la Copa Libertadores - Informe Litoral<\/title>\n<meta name=\"robots\" content=\"index, follow, max-snippet:-1, max-image-preview:large, max-video-preview:-1\" \/>\n<link rel=\"canonical\" href=\"https:\/\/informelitoral.com.ar\/estudiantes-quedo-fuera-flamengo-completa-las-semifinales-de-la-copa-libertadores\/\" \/>\n<meta property=\"og:locale\" content=\"es_ES\" \/>\n<meta property=\"og:type\" content=\"article\" \/>\n<meta property=\"og:title\" content=\"Estudiantes qued\u00f3 fuera: Flamengo completa las semifinales de la Copa Libertadores - Informe Litoral\" \/>\n<meta property=\"og:description\" content=\"El &quot;Fla&quot;, con Rossi como h\u00e9roe en penales, enfrentar\u00e1 a Racing. Palmeiras y LDU disputar\u00e1n la otra llave en el camino a la final de Lima.\" \/>\n<meta property=\"og:url\" content=\"https:\/\/informelitoral.com.ar\/estudiantes-quedo-fuera-flamengo-completa-las-semifinales-de-la-copa-libertadores\/\" \/>\n<meta property=\"og:site_name\" content=\"Informe Litoral\" \/>\n<meta property=\"article:publisher\" content=\"https:\/\/www.facebook.com\/informelitoral\/\" \/>\n<meta property=\"article:published_time\" content=\"2025-09-26T13:12:51+00:00\" \/>\n<meta property=\"article:modified_time\" content=\"2025-09-26T13:14:35+00:00\" \/>\n<meta property=\"og:image\" content=\"https:\/\/informelitoral.com.ar\/%77%70%2d%63%6f%6e%74%65%6e%74\/uploads\/2024\/09\/trofeo-copa-libertadoresjpg.webp\" \/>\n\t<meta property=\"og:image:width\" content=\"1200\" \/>\n\t<meta property=\"og:image:height\" content=\"675\" \/>\n\t<meta property=\"og:image:type\" content=\"image\/webp\" \/>\n<meta name=\"author\" content=\"Sebastian\" \/>\n<meta name=\"twitter:card\" content=\"summary_large_image\" \/>\n<meta name=\"twitter:creator\" content=\"@InformeLitoral\" \/>\n<meta name=\"twitter:site\" content=\"@InformeLitoral\" \/>\n<meta name=\"twitter:label1\" content=\"Escrito por\" \/>\n\t<meta name=\"twitter:data1\" content=\"Sebastian\" \/>\n\t<meta name=\"twitter:label2\" content=\"Tiempo de lectura\" \/>\n\t<meta name=\"twitter:data2\" content=\"2 minutos\" \/>\n<script type=\"application\/ld+json\" class=\"yoast-schema-graph\">{\"@context\":\"https:\\\/\\\/schema.org\",\"@graph\":[{\"@type\":\"Article\",\"@id\":\"https:\\\/\\\/informelitoral.com.ar\\\/estudiantes-quedo-fuera-flamengo-completa-las-semifinales-de-la-copa-libertadores\\\/#article\",\"isPartOf\":{\"@id\":\"https:\\\/\\\/informelitoral.com.ar\\\/estudiantes-quedo-fuera-flamengo-completa-las-semifinales-de-la-copa-libertadores\\\/\"},\"author\":{\"name\":\"Sebastian\",\"@id\":\"https:\\\/\\\/informelitoral.com.ar\\\/#\\\/schema\\\/person\\\/f05f9f461677119578717524b127d6d5\"},\"headline\":\"Estudiantes qued\u00f3 fuera: Flamengo completa las semifinales de la Copa Libertadores\",\"datePublished\":\"2025-09-26T13:12:51+00:00\",\"dateModified\":\"2025-09-26T13:14:35+00:00\",\"mainEntityOfPage\":{\"@id\":\"https:\\\/\\\/informelitoral.com.ar\\\/estudiantes-quedo-fuera-flamengo-completa-las-semifinales-de-la-copa-libertadores\\\/\"},\"wordCount\":225,\"commentCount\":0,\"publisher\":{\"@id\":\"https:\\\/\\\/informelitoral.com.ar\\\/#organization\"},\"image\":{\"@id\":\"https:\\\/\\\/informelitoral.com.ar\\\/estudiantes-quedo-fuera-flamengo-completa-las-semifinales-de-la-copa-libertadores\\\/#primaryimage\"},\"thumbnailUrl\":\"https:\\\/\\\/informelitoral.com.ar\\\/%77%70%2d%63%6f%6e%74%65%6e%74\\\/uploads\\\/2024\\\/09\\\/trofeo-copa-libertadoresjpg.webp\",\"keywords\":[\"Copa Libertadores\",\"Flamengo\"],\"articleSection\":[\"Deportes\"],\"inLanguage\":\"es\",\"potentialAction\":[{\"@type\":\"CommentAction\",\"name\":\"Comment\",\"target\":[\"https:\\\/\\\/informelitoral.com.ar\\\/estudiantes-quedo-fuera-flamengo-completa-las-semifinales-de-la-copa-libertadores\\\/#respond\"]}]},{\"@type\":\"WebPage\",\"@id\":\"https:\\\/\\\/informelitoral.com.ar\\\/estudiantes-quedo-fuera-flamengo-completa-las-semifinales-de-la-copa-libertadores\\\/\",\"url\":\"https:\\\/\\\/informelitoral.com.ar\\\/estudiantes-quedo-fuera-flamengo-completa-las-semifinales-de-la-copa-libertadores\\\/\",\"name\":\"Estudiantes qued\u00f3 fuera: Flamengo completa las semifinales de la Copa Libertadores - Informe Litoral\",\"isPartOf\":{\"@id\":\"https:\\\/\\\/informelitoral.com.ar\\\/#website\"},\"primaryImageOfPage\":{\"@id\":\"https:\\\/\\\/informelitoral.com.ar\\\/estudiantes-quedo-fuera-flamengo-completa-las-semifinales-de-la-copa-libertadores\\\/#primaryimage\"},\"image\":{\"@id\":\"https:\\\/\\\/informelitoral.com.ar\\\/estudiantes-quedo-fuera-flamengo-completa-las-semifinales-de-la-copa-libertadores\\\/#primaryimage\"},\"thumbnailUrl\":\"https:\\\/\\\/informelitoral.com.ar\\\/%77%70%2d%63%6f%6e%74%65%6e%74\\\/uploads\\\/2024\\\/09\\\/trofeo-copa-libertadoresjpg.webp\",\"datePublished\":\"2025-09-26T13:12:51+00:00\",\"dateModified\":\"2025-09-26T13:14:35+00:00\",\"breadcrumb\":{\"@id\":\"https:\\\/\\\/informelitoral.com.ar\\\/estudiantes-quedo-fuera-flamengo-completa-las-semifinales-de-la-copa-libertadores\\\/#breadcrumb\"},\"inLanguage\":\"es\",\"potentialAction\":[{\"@type\":\"ReadAction\",\"target\":[\"https:\\\/\\\/informelitoral.com.ar\\\/estudiantes-quedo-fuera-flamengo-completa-las-semifinales-de-la-copa-libertadores\\\/\"]}]},{\"@type\":\"ImageObject\",\"inLanguage\":\"es\",\"@id\":\"https:\\\/\\\/informelitoral.com.ar\\\/estudiantes-quedo-fuera-flamengo-completa-las-semifinales-de-la-copa-libertadores\\\/#primaryimage\",\"url\":\"https:\\\/\\\/informelitoral.com.ar\\\/%77%70%2d%63%6f%6e%74%65%6e%74\\\/uploads\\\/2024\\\/09\\\/trofeo-copa-libertadoresjpg.webp\",\"contentUrl\":\"https:\\\/\\\/informelitoral.com.ar\\\/%77%70%2d%63%6f%6e%74%65%6e%74\\\/uploads\\\/2024\\\/09\\\/trofeo-copa-libertadoresjpg.webp\",\"width\":1200,\"height\":675},{\"@type\":\"BreadcrumbList\",\"@id\":\"https:\\\/\\\/informelitoral.com.ar\\\/estudiantes-quedo-fuera-flamengo-completa-las-semifinales-de-la-copa-libertadores\\\/#breadcrumb\",\"itemListElement\":[{\"@type\":\"ListItem\",\"position\":1,\"name\":\"Portada\",\"item\":\"https:\\\/\\\/informelitoral.com.ar\\\/\"},{\"@type\":\"ListItem\",\"position\":2,\"name\":\"Estudiantes qued\u00f3 fuera: Flamengo completa las semifinales de la Copa Libertadores\"}]},{\"@type\":\"WebSite\",\"@id\":\"https:\\\/\\\/informelitoral.com.ar\\\/#website\",\"url\":\"https:\\\/\\\/informelitoral.com.ar\\\/\",\"name\":\"Informe Litoral\",\"description\":\"&quot;Nos informamos&quot; \",\"publisher\":{\"@id\":\"https:\\\/\\\/informelitoral.com.ar\\\/#organization\"},\"potentialAction\":[{\"@type\":\"SearchAction\",\"target\":{\"@type\":\"EntryPoint\",\"urlTemplate\":\"https:\\\/\\\/informelitoral.com.ar\\\/?s={search_term_string}\"},\"query-input\":{\"@type\":\"PropertyValueSpecification\",\"valueRequired\":true,\"valueName\":\"search_term_string\"}}],\"inLanguage\":\"es\"},{\"@type\":\"Organization\",\"@id\":\"https:\\\/\\\/informelitoral.com.ar\\\/#organization\",\"name\":\"Informe Litoral\",\"url\":\"https:\\\/\\\/informelitoral.com.ar\\\/\",\"logo\":{\"@type\":\"ImageObject\",\"inLanguage\":\"es\",\"@id\":\"https:\\\/\\\/informelitoral.com.ar\\\/#\\\/schema\\\/logo\\\/image\\\/\",\"url\":\"https:\\\/\\\/informelitoral.com.ar\\\/%77%70%2d%63%6f%6e%74%65%6e%74\\\/uploads\\\/2021\\\/01\\\/circulo.png\",\"contentUrl\":\"https:\\\/\\\/informelitoral.com.ar\\\/%77%70%2d%63%6f%6e%74%65%6e%74\\\/uploads\\\/2021\\\/01\\\/circulo.png\",\"width\":723,\"height\":731,\"caption\":\"Informe Litoral\"},\"image\":{\"@id\":\"https:\\\/\\\/informelitoral.com.ar\\\/#\\\/schema\\\/logo\\\/image\\\/\"},\"sameAs\":[\"https:\\\/\\\/www.facebook.com\\\/informelitoral\\\/\",\"https:\\\/\\\/x.com\\\/InformeLitoral\",\"https:\\\/\\\/www.instagram.com\\\/informelitoral\\\/\",\"https:\\\/\\\/www.youtube.com\\\/channel\\\/UCua4Qvz8Icb6MYqhoq9xLXw\"]},{\"@type\":\"Person\",\"@id\":\"https:\\\/\\\/informelitoral.com.ar\\\/#\\\/schema\\\/person\\\/f05f9f461677119578717524b127d6d5\",\"name\":\"Sebastian\",\"image\":{\"@type\":\"ImageObject\",\"inLanguage\":\"es\",\"@id\":\"https:\\\/\\\/secure.gravatar.com\\\/avatar\\\/b71bf7481d447dfb9583c7f2798e7cc64de6efb9067b74633ed8c31059a3bd82?s=96&d=mm&r=g\",\"url\":\"https:\\\/\\\/secure.gravatar.com\\\/avatar\\\/b71bf7481d447dfb9583c7f2798e7cc64de6efb9067b74633ed8c31059a3bd82?s=96&d=mm&r=g\",\"contentUrl\":\"https:\\\/\\\/secure.gravatar.com\\\/avatar\\\/b71bf7481d447dfb9583c7f2798e7cc64de6efb9067b74633ed8c31059a3bd82?s=96&d=mm&r=g\",\"caption\":\"Sebastian\"},\"url\":\"https:\\\/\\\/informelitoral.com.ar\\\/author\\\/sebastian\\\/\"}]}<\/script>","yoast_head_json":{"title":"Estudiantes qued\u00f3 fuera: Flamengo completa las semifinales de la Copa Libertadores - Informe Litoral","robots":{"index":"index","follow":"follow","max-snippet":"max-snippet:-1","max-image-preview":"max-image-preview:large","max-video-preview":"max-video-preview:-1"},"canonical":"https:\/\/informelitoral.com.ar\/estudiantes-quedo-fuera-flamengo-completa-las-semifinales-de-la-copa-libertadores\/","og_locale":"es_ES","og_type":"article","og_title":"Estudiantes qued\u00f3 fuera: Flamengo completa las semifinales de la Copa Libertadores - Informe Litoral","og_description":"El \"Fla\", con Rossi como h\u00e9roe en penales, enfrentar\u00e1 a Racing. Palmeiras y LDU disputar\u00e1n la otra llave en el camino a la final de Lima.","og_url":"https:\/\/informelitoral.com.ar\/estudiantes-quedo-fuera-flamengo-completa-las-semifinales-de-la-copa-libertadores\/","og_site_name":"Informe Litoral","article_publisher":"https:\/\/www.facebook.com\/informelitoral\/","article_published_time":"2025-09-26T13:12:51+00:00","article_modified_time":"2025-09-26T13:14:35+00:00","og_image":[{"width":1200,"height":675,"url":"https:\/\/informelitoral.com.ar\/%77%70%2d%63%6f%6e%74%65%6e%74\/uploads\/2024\/09\/trofeo-copa-libertadoresjpg.webp","type":"image\/webp"}],"author":"Sebastian","twitter_card":"summary_large_image","twitter_creator":"@InformeLitoral","twitter_site":"@InformeLitoral","twitter_misc":{"Escrito por":"Sebastian","Tiempo de lectura":"2 minutos"},"schema":{"@context":"https:\/\/schema.org","@graph":[{"@type":"Article","@id":"https:\/\/informelitoral.com.ar\/estudiantes-quedo-fuera-flamengo-completa-las-semifinales-de-la-copa-libertadores\/#article","isPartOf":{"@id":"https:\/\/informelitoral.com.ar\/estudiantes-quedo-fuera-flamengo-completa-las-semifinales-de-la-copa-libertadores\/"},"author":{"name":"Sebastian","@id":"https:\/\/informelitoral.com.ar\/#\/schema\/person\/f05f9f461677119578717524b127d6d5"},"headline":"Estudiantes qued\u00f3 fuera: Flamengo completa las semifinales de la Copa Libertadores","datePublished":"2025-09-26T13:12:51+00:00","dateModified":"2025-09-26T13:14:35+00:00","mainEntityOfPage":{"@id":"https:\/\/informelitoral.com.ar\/estudiantes-quedo-fuera-flamengo-completa-las-semifinales-de-la-copa-libertadores\/"},"wordCount":225,"commentCount":0,"publisher":{"@id":"https:\/\/informelitoral.com.ar\/#organization"},"image":{"@id":"https:\/\/informelitoral.com.ar\/estudiantes-quedo-fuera-flamengo-completa-las-semifinales-de-la-copa-libertadores\/#primaryimage"},"thumbnailUrl":"https:\/\/informelitoral.com.ar\/%77%70%2d%63%6f%6e%74%65%6e%74\/uploads\/2024\/09\/trofeo-copa-libertadoresjpg.webp","keywords":["Copa Libertadores","Flamengo"],"articleSection":["Deportes"],"inLanguage":"es","potentialAction":[{"@type":"CommentAction","name":"Comment","target":["https:\/\/informelitoral.com.ar\/estudiantes-quedo-fuera-flamengo-completa-las-semifinales-de-la-copa-libertadores\/#respond"]}]},{"@type":"WebPage","@id":"https:\/\/informelitoral.com.ar\/estudiantes-quedo-fuera-flamengo-completa-las-semifinales-de-la-copa-libertadores\/","url":"https:\/\/informelitoral.com.ar\/estudiantes-quedo-fuera-flamengo-completa-las-semifinales-de-la-copa-libertadores\/","name":"Estudiantes qued\u00f3 fuera: Flamengo completa las semifinales de la Copa Libertadores - Informe Litoral","isPartOf":{"@id":"https:\/\/informelitoral.com.ar\/#website"},"primaryImageOfPage":{"@id":"https:\/\/informelitoral.com.ar\/estudiantes-quedo-fuera-flamengo-completa-las-semifinales-de-la-copa-libertadores\/#primaryimage"},"image":{"@id":"https:\/\/informelitoral.com.ar\/estudiantes-quedo-fuera-flamengo-completa-las-semifinales-de-la-copa-libertadores\/#primaryimage"},"thumbnailUrl":"https:\/\/informelitoral.com.ar\/%77%70%2d%63%6f%6e%74%65%6e%74\/uploads\/2024\/09\/trofeo-copa-libertadoresjpg.webp","datePublished":"2025-09-26T13:12:51+00:00","dateModified":"2025-09-26T13:14:35+00:00","breadcrumb":{"@id":"https:\/\/informelitoral.com.ar\/estudiantes-quedo-fuera-flamengo-completa-las-semifinales-de-la-copa-libertadores\/#breadcrumb"},"inLanguage":"es","potentialAction":[{"@type":"ReadAction","target":["https:\/\/informelitoral.com.ar\/estudiantes-quedo-fuera-flamengo-completa-las-semifinales-de-la-copa-libertadores\/"]}]},{"@type":"ImageObject","inLanguage":"es","@id":"https:\/\/informelitoral.com.ar\/estudiantes-quedo-fuera-flamengo-completa-las-semifinales-de-la-copa-libertadores\/#primaryimage","url":"https:\/\/informelitoral.com.ar\/%77%70%2d%63%6f%6e%74%65%6e%74\/uploads\/2024\/09\/trofeo-copa-libertadoresjpg.webp","contentUrl":"https:\/\/informelitoral.com.ar\/%77%70%2d%63%6f%6e%74%65%6e%74\/uploads\/2024\/09\/trofeo-copa-libertadoresjpg.webp","width":1200,"height":675},{"@type":"BreadcrumbList","@id":"https:\/\/informelitoral.com.ar\/estudiantes-quedo-fuera-flamengo-completa-las-semifinales-de-la-copa-libertadores\/#breadcrumb","itemListElement":[{"@type":"ListItem","position":1,"name":"Portada","item":"https:\/\/informelitoral.com.ar\/"},{"@type":"ListItem","position":2,"name":"Estudiantes qued\u00f3 fuera: Flamengo completa las semifinales de la Copa Libertadores"}]},{"@type":"WebSite","@id":"https:\/\/informelitoral.com.ar\/#website","url":"https:\/\/informelitoral.com.ar\/","name":"Informe Litoral","description":"&quot;Nos informamos&quot; ","publisher":{"@id":"https:\/\/informelitoral.com.ar\/#organization"},"potentialAction":[{"@type":"SearchAction","target":{"@type":"EntryPoint","urlTemplate":"https:\/\/informelitoral.com.ar\/?s={search_term_string}"},"query-input":{"@type":"PropertyValueSpecification","valueRequired":true,"valueName":"search_term_string"}}],"inLanguage":"es"},{"@type":"Organization","@id":"https:\/\/informelitoral.com.ar\/#organization","name":"Informe Litoral","url":"https:\/\/informelitoral.com.ar\/","logo":{"@type":"ImageObject","inLanguage":"es","@id":"https:\/\/informelitoral.com.ar\/#\/schema\/logo\/image\/","url":"https:\/\/informelitoral.com.ar\/%77%70%2d%63%6f%6e%74%65%6e%74\/uploads\/2021\/01\/circulo.png","contentUrl":"https:\/\/informelitoral.com.ar\/%77%70%2d%63%6f%6e%74%65%6e%74\/uploads\/2021\/01\/circulo.png","width":723,"height":731,"caption":"Informe Litoral"},"image":{"@id":"https:\/\/informelitoral.com.ar\/#\/schema\/logo\/image\/"},"sameAs":["https:\/\/www.facebook.com\/informelitoral\/","https:\/\/x.com\/InformeLitoral","https:\/\/www.instagram.com\/informelitoral\/","https:\/\/www.youtube.com\/channel\/UCua4Qvz8Icb6MYqhoq9xLXw"]},{"@type":"Person","@id":"https:\/\/informelitoral.com.ar\/#\/schema\/person\/f05f9f461677119578717524b127d6d5","name":"Sebastian","image":{"@type":"ImageObject","inLanguage":"es","@id":"https:\/\/secure.gravatar.com\/avatar\/b71bf7481d447dfb9583c7f2798e7cc64de6efb9067b74633ed8c31059a3bd82?s=96&d=mm&r=g","url":"https:\/\/secure.gravatar.com\/avatar\/b71bf7481d447dfb9583c7f2798e7cc64de6efb9067b74633ed8c31059a3bd82?s=96&d=mm&r=g","contentUrl":"https:\/\/secure.gravatar.com\/avatar\/b71bf7481d447dfb9583c7f2798e7cc64de6efb9067b74633ed8c31059a3bd82?s=96&d=mm&r=g","caption":"Sebastian"},"url":"https:\/\/informelitoral.com.ar\/author\/sebastian\/"}]}},"_links":{"self":[{"href":"https:\/\/informelitoral.com.ar\/%77%70%2d%6a%73%6f%6e\/wp\/v2\/posts\/235265","targetHints":{"allow":["GET"]}}],"collection":[{"href":"https:\/\/informelitoral.com.ar\/%77%70%2d%6a%73%6f%6e\/wp\/v2\/posts"}],"about":[{"href":"https:\/\/informelitoral.com.ar\/%77%70%2d%6a%73%6f%6e\/wp\/v2\/types\/post"}],"author":[{"embeddable":true,"href":"https:\/\/informelitoral.com.ar\/%77%70%2d%6a%73%6f%6e\/wp\/v2\/users\/8"}],"replies":[{"embeddable":true,"href":"https:\/\/informelitoral.com.ar\/%77%70%2d%6a%73%6f%6e\/wp\/v2\/comments?post=235265"}],"version-history":[{"count":2,"href":"https:\/\/informelitoral.com.ar\/%77%70%2d%6a%73%6f%6e\/wp\/v2\/posts\/235265\/revisions"}],"predecessor-version":[{"id":235267,"href":"https:\/\/informelitoral.com.ar\/%77%70%2d%6a%73%6f%6e\/wp\/v2\/posts\/235265\/revisions\/235267"}],"wp:featuredmedia":[{"embeddable":true,"href":"https:\/\/informelitoral.com.ar\/%77%70%2d%6a%73%6f%6e\/wp\/v2\/media\/197071"}],"wp:attachment":[{"href":"https:\/\/informelitoral.com.ar\/%77%70%2d%6a%73%6f%6e\/wp\/v2\/media?parent=235265"}],"wp:term":[{"taxonomy":"category","embeddable":true,"href":"https:\/\/informelitoral.com.ar\/%77%70%2d%6a%73%6f%6e\/wp\/v2\/categories?post=235265"},{"taxonomy":"post_tag","embeddable":true,"href":"https:\/\/informelitoral.com.ar\/%77%70%2d%6a%73%6f%6e\/wp\/v2\/tags?post=235265"}],"curies":[{"name":"wp","href":"https:\/\/api.w.org\/{rel}","templated":true}]}}