{"id":235259,"date":"2025-09-26T10:05:52","date_gmt":"2025-09-26T13:05:52","guid":{"rendered":"https:\/\/informelitoral.com.ar\/?p=235259"},"modified":"2025-09-26T10:06:56","modified_gmt":"2025-09-26T13:06:56","slug":"aluani-y-berisso-inauguraron-un-espacio-de-exposicion-de-productos-de-manos-entrerrianas","status":"publish","type":"post","link":"https:\/\/informelitoral.com.ar\/aluani-y-berisso-inauguraron-un-espacio-de-exposicion-de-productos-de-manos-entrerrianas\/","title":{"rendered":"Aluani y Berisso inauguraron un espacio de exposici\u00f3n de productos de Manos Entrerrianas"},"content":{"rendered":"<p>Este jueves por la ma\u00f1ana, la vicegobernadora de la provincia, Alicia Aluani, recibi\u00f3 en su despacho a la ministra de Desarrollo Humano de Entre R\u00edos, Ver\u00f3nica Berisso; al secretario de Gesti\u00f3n Social, Pablo Omarini, junto a funcionarios del \u00e1rea Brenda Labat, coordinadora General; Mat\u00edas Becker, coordinador Territorial y Sebasti\u00e1n Bressan, coordinador de Fortalecimiento y las emprendedoras Nancy Bill y Adriana Lara Beltzer. Tambi\u00e9n particip\u00f3 del encuentro Julieta Sosa, coordinadora de la C\u00e1mara del Senado.<\/p>\n<p>Seguidamente, en la sala de la Vicegobernaci\u00f3n, qued\u00f3 inaugurado un espacio de exposici\u00f3n para visibilizar la producci\u00f3n local, valorar y fortalecer la identidad cultural de nuestra provincia, permitiendo acercar a la comunidad el valor del trabajo emprendedor.<\/p>\n<h2><strong>Acompa\u00f1amos y valoramos lo nuestro<\/strong><\/h2>\n<p>En la oportunidad, Aluani destac\u00f3 al programa Manos Entrerrianas que \u201cvisibiliza y fortalece el talento local, y pone en valor lo nuestro\u201d, subray\u00f3 la mandataria tras resaltar el trabajo de las y los emprendedores que \u201ccon dedicaci\u00f3n y creatividad, transforman las materias primas haciendo productos \u00fanicos y de calidad\u201d. \u201cCada producto refleja la identidad y riqueza de nuestra provincia, generando desarrollo, instancias de consumo responsable, empleo genuino y orgullo entrerriano\u201d, afirm\u00f3.<br \/>\nPor su parte, la ministra Berisso dijo: \u201cEstamos muy contentos de concretar este espacio en conjunto con la vicegobernadora, porque nos permite fortalecer la visualizaci\u00f3n de Manos Entrerrianas, la marca provincial que nos llena de orgullo\u201d.<br \/>\nEn tanto, el secretario Omarini valor\u00f3 el encuentro y la inauguraci\u00f3n de la vitrina que permite \u201cmostrar productos aut\u00f3ctonos de la provincia y de nuestros emprendedores\u201d. Y agreg\u00f3: \u201cLa vicegobernadora, que es la embajadora de la marca, acompa\u00f1a esta iniciativa y para nosotros es muy importante que los productos entrerrianos sean visibilizados\u201d.<br \/>\nLuego, las emprendedoras Nancy Bill y Adriana Lara Beltzer, agradecieron el recibimiento y valoraron el acompa\u00f1amiento de la vicegobernadora.<\/p>\n<h2><strong>Productos exhibidos<\/strong><\/h2>\n<p>De Col\u00f3n: conjunto de mate, media tapa y bombilla con engarce de amatista y citrino (Federico G\u00f3mez Pedreira \u2013 ETOA Taller de Oficios).<br \/>\nDe Paran\u00e1: poncho \u201cGeograf\u00eda del Encuentro\u201d (Alejandra Asensio- Telar del R\u00edo). Juego del Mate y Juego Aves Argentinas (Iv\u00e1n Taylor \u2013 El Equipo Azul). Juego de terrazo (Nancy Bill \u2013 Dulce Carmela). Campana sahumadora con plato y cuenco de barro (Adriana Lara Beltzer \u2013 Ur\u00fa \u00e9 Net\u00e9la).<br \/>\nDe San Benito: reloj mapa Entre R\u00edos (Esteban Enrique \u2013 Dise\u00f1arte creaciones).<br \/>\nDe Urdinarrain: pashmina con aplicaci\u00f3n de ecoprint (Daniela Spiewak \u2013 Bruma Tintes Naturales).<\/p>\n<h6><em><strong>Del archivo: <a href=\"https:\/\/informelitoral.com.ar\/alicia-aluani-acompano-a-la-comunidad-de-federal-en-su-145o-aniversario\/\" target=\"_blank\" rel=\"noopener\">Alicia Aluani acompa\u00f1\u00f3 a la comunidad de Federal en su 145\u00ba Aniversario<\/a><\/strong><\/em><\/h6>\n","protected":false},"excerpt":{"rendered":"<p>La vicegobernadora Alicia Aluani se reuni\u00f3 con la ministra de Desarrollo Humano, Ver\u00f3nica Berisso; el secretario de Gesti\u00f3n Social, Pablo Omarini; junto a funcionarios del \u00e1rea y emprendedores. Luego, en la sala de la Vicegobernaci\u00f3n, qued\u00f3 inaugurado un espacio de exposici\u00f3n de productos de la marca Manos Entrerrianas.<\/p>\n","protected":false},"author":8,"featured_media":235260,"comment_status":"open","ping_status":"open","sticky":false,"template":"","format":"standard","meta":{"fifu_image_url":"https:\/\/www.senadoer.gob.ar\/wp-content\/uploads\/2025\/09\/WhatsApp-Image-2025-09-25-at-11.33.48-860x573.jpeg","fifu_image_alt":"","footnotes":""},"categories":[16],"tags":[4462,175],"class_list":{"0":"post-235259","1":"post","2":"type-post","3":"status-publish","4":"format-standard","5":"has-post-thumbnail","7":"category-politi","8":"tag-alicia-aluani","9":"tag-inauguracion"},"yoast_head":"<title>Aluani y Berisso inauguraron un espacio de exposici\u00f3n de productos de Manos Entrerrianas - Informe Litoral<\/title>\n<meta name=\"robots\" content=\"index, follow, max-snippet:-1, max-image-preview:large, max-video-preview:-1\" \/>\n<link rel=\"canonical\" href=\"https:\/\/informelitoral.com.ar\/aluani-y-berisso-inauguraron-un-espacio-de-exposicion-de-productos-de-manos-entrerrianas\/\" \/>\n<meta property=\"og:locale\" content=\"es_ES\" \/>\n<meta property=\"og:type\" content=\"article\" \/>\n<meta property=\"og:title\" content=\"Aluani y Berisso inauguraron un espacio de exposici\u00f3n de productos de Manos Entrerrianas - Informe Litoral\" \/>\n<meta property=\"og:description\" content=\"La vicegobernadora Alicia Aluani se reuni\u00f3 con la ministra de Desarrollo Humano, Ver\u00f3nica Berisso; el secretario de Gesti\u00f3n Social, Pablo Omarini; junto a funcionarios del \u00e1rea y emprendedores. Luego, en la sala de la Vicegobernaci\u00f3n, qued\u00f3 inaugurado un espacio de exposici\u00f3n de productos de la marca Manos Entrerrianas.\" \/>\n<meta property=\"og:url\" content=\"https:\/\/informelitoral.com.ar\/aluani-y-berisso-inauguraron-un-espacio-de-exposicion-de-productos-de-manos-entrerrianas\/\" \/>\n<meta property=\"og:site_name\" content=\"Informe Litoral\" \/>\n<meta property=\"article:publisher\" content=\"https:\/\/www.facebook.com\/informelitoral\/\" \/>\n<meta property=\"article:published_time\" content=\"2025-09-26T13:05:52+00:00\" \/>\n<meta property=\"article:modified_time\" content=\"2025-09-26T13:06:56+00:00\" \/>\n<meta property=\"og:image\" content=\"https:\/\/www.senadoer.gob.ar\/%77%70%2d%63%6f%6e%74%65%6e%74\/uploads\/2025\/09\/WhatsApp-Image-2025-09-25-at-11.33.48-860x573.jpeg\" \/><meta property=\"og:image\" content=\"https:\/\/www.senadoer.gob.ar\/%77%70%2d%63%6f%6e%74%65%6e%74\/uploads\/2025\/09\/WhatsApp-Image-2025-09-25-at-11.33.48-860x573.jpeg\" \/>\n\t<meta property=\"og:image:width\" content=\"860\" \/>\n\t<meta property=\"og:image:height\" content=\"573\" \/>\n\t<meta property=\"og:image:type\" content=\"image\/jpeg\" \/>\n<meta name=\"author\" content=\"Sebastian\" \/>\n<meta name=\"twitter:card\" content=\"summary_large_image\" \/>\n<meta name=\"twitter:image\" content=\"https:\/\/www.senadoer.gob.ar\/%77%70%2d%63%6f%6e%74%65%6e%74\/uploads\/2025\/09\/WhatsApp-Image-2025-09-25-at-11.33.48-860x573.jpeg\" \/>\n<meta name=\"twitter:creator\" content=\"@InformeLitoral\" \/>\n<meta name=\"twitter:site\" content=\"@InformeLitoral\" \/>\n<meta name=\"twitter:label1\" content=\"Escrito por\" \/>\n\t<meta name=\"twitter:data1\" content=\"Sebastian\" \/>\n\t<meta name=\"twitter:label2\" content=\"Tiempo de lectura\" \/>\n\t<meta name=\"twitter:data2\" content=\"3 minutos\" \/>\n<script type=\"application\/ld+json\" class=\"yoast-schema-graph\">{\"@context\":\"https:\\\/\\\/schema.org\",\"@graph\":[{\"@type\":\"Article\",\"@id\":\"https:\\\/\\\/informelitoral.com.ar\\\/aluani-y-berisso-inauguraron-un-espacio-de-exposicion-de-productos-de-manos-entrerrianas\\\/#article\",\"isPartOf\":{\"@id\":\"https:\\\/\\\/informelitoral.com.ar\\\/aluani-y-berisso-inauguraron-un-espacio-de-exposicion-de-productos-de-manos-entrerrianas\\\/\"},\"author\":{\"name\":\"Sebastian\",\"@id\":\"https:\\\/\\\/informelitoral.com.ar\\\/#\\\/schema\\\/person\\\/f05f9f461677119578717524b127d6d5\"},\"headline\":\"Aluani y Berisso inauguraron un espacio de exposici\u00f3n de productos de Manos Entrerrianas\",\"datePublished\":\"2025-09-26T13:05:52+00:00\",\"dateModified\":\"2025-09-26T13:06:56+00:00\",\"mainEntityOfPage\":{\"@id\":\"https:\\\/\\\/informelitoral.com.ar\\\/aluani-y-berisso-inauguraron-un-espacio-de-exposicion-de-productos-de-manos-entrerrianas\\\/\"},\"wordCount\":438,\"commentCount\":0,\"publisher\":{\"@id\":\"https:\\\/\\\/informelitoral.com.ar\\\/#organization\"},\"image\":{\"@id\":\"https:\\\/\\\/informelitoral.com.ar\\\/aluani-y-berisso-inauguraron-un-espacio-de-exposicion-de-productos-de-manos-entrerrianas\\\/#primaryimage\"},\"thumbnailUrl\":\"https:\\\/\\\/www.senadoer.gob.ar\\\/%77%70%2d%63%6f%6e%74%65%6e%74\\\/uploads\\\/2025\\\/09\\\/WhatsApp-Image-2025-09-25-at-11.33.48-860x573.jpeg\",\"keywords\":[\"Alicia Aluani\",\"Inauguraci\u00f3n\"],\"articleSection\":[\"Politica\"],\"inLanguage\":\"es\",\"potentialAction\":[{\"@type\":\"CommentAction\",\"name\":\"Comment\",\"target\":[\"https:\\\/\\\/informelitoral.com.ar\\\/aluani-y-berisso-inauguraron-un-espacio-de-exposicion-de-productos-de-manos-entrerrianas\\\/#respond\"]}]},{\"@type\":\"WebPage\",\"@id\":\"https:\\\/\\\/informelitoral.com.ar\\\/aluani-y-berisso-inauguraron-un-espacio-de-exposicion-de-productos-de-manos-entrerrianas\\\/\",\"url\":\"https:\\\/\\\/informelitoral.com.ar\\\/aluani-y-berisso-inauguraron-un-espacio-de-exposicion-de-productos-de-manos-entrerrianas\\\/\",\"name\":\"Aluani y Berisso inauguraron un espacio de exposici\u00f3n de productos de Manos Entrerrianas - Informe Litoral\",\"isPartOf\":{\"@id\":\"https:\\\/\\\/informelitoral.com.ar\\\/#website\"},\"primaryImageOfPage\":{\"@id\":\"https:\\\/\\\/informelitoral.com.ar\\\/aluani-y-berisso-inauguraron-un-espacio-de-exposicion-de-productos-de-manos-entrerrianas\\\/#primaryimage\"},\"image\":{\"@id\":\"https:\\\/\\\/informelitoral.com.ar\\\/aluani-y-berisso-inauguraron-un-espacio-de-exposicion-de-productos-de-manos-entrerrianas\\\/#primaryimage\"},\"thumbnailUrl\":\"https:\\\/\\\/www.senadoer.gob.ar\\\/%77%70%2d%63%6f%6e%74%65%6e%74\\\/uploads\\\/2025\\\/09\\\/WhatsApp-Image-2025-09-25-at-11.33.48-860x573.jpeg\",\"datePublished\":\"2025-09-26T13:05:52+00:00\",\"dateModified\":\"2025-09-26T13:06:56+00:00\",\"breadcrumb\":{\"@id\":\"https:\\\/\\\/informelitoral.com.ar\\\/aluani-y-berisso-inauguraron-un-espacio-de-exposicion-de-productos-de-manos-entrerrianas\\\/#breadcrumb\"},\"inLanguage\":\"es\",\"potentialAction\":[{\"@type\":\"ReadAction\",\"target\":[\"https:\\\/\\\/informelitoral.com.ar\\\/aluani-y-berisso-inauguraron-un-espacio-de-exposicion-de-productos-de-manos-entrerrianas\\\/\"]}]},{\"@type\":\"ImageObject\",\"inLanguage\":\"es\",\"@id\":\"https:\\\/\\\/informelitoral.com.ar\\\/aluani-y-berisso-inauguraron-un-espacio-de-exposicion-de-productos-de-manos-entrerrianas\\\/#primaryimage\",\"url\":\"https:\\\/\\\/www.senadoer.gob.ar\\\/%77%70%2d%63%6f%6e%74%65%6e%74\\\/uploads\\\/2025\\\/09\\\/WhatsApp-Image-2025-09-25-at-11.33.48-860x573.jpeg\",\"contentUrl\":\"https:\\\/\\\/www.senadoer.gob.ar\\\/%77%70%2d%63%6f%6e%74%65%6e%74\\\/uploads\\\/2025\\\/09\\\/WhatsApp-Image-2025-09-25-at-11.33.48-860x573.jpeg\",\"width\":\"860\",\"height\":\"573\"},{\"@type\":\"BreadcrumbList\",\"@id\":\"https:\\\/\\\/informelitoral.com.ar\\\/aluani-y-berisso-inauguraron-un-espacio-de-exposicion-de-productos-de-manos-entrerrianas\\\/#breadcrumb\",\"itemListElement\":[{\"@type\":\"ListItem\",\"position\":1,\"name\":\"Portada\",\"item\":\"https:\\\/\\\/informelitoral.com.ar\\\/\"},{\"@type\":\"ListItem\",\"position\":2,\"name\":\"Aluani y Berisso inauguraron un espacio de exposici\u00f3n de productos de Manos Entrerrianas\"}]},{\"@type\":\"WebSite\",\"@id\":\"https:\\\/\\\/informelitoral.com.ar\\\/#website\",\"url\":\"https:\\\/\\\/informelitoral.com.ar\\\/\",\"name\":\"Informe Litoral\",\"description\":\"&quot;Nos informamos&quot; \",\"publisher\":{\"@id\":\"https:\\\/\\\/informelitoral.com.ar\\\/#organization\"},\"potentialAction\":[{\"@type\":\"SearchAction\",\"target\":{\"@type\":\"EntryPoint\",\"urlTemplate\":\"https:\\\/\\\/informelitoral.com.ar\\\/?s={search_term_string}\"},\"query-input\":{\"@type\":\"PropertyValueSpecification\",\"valueRequired\":true,\"valueName\":\"search_term_string\"}}],\"inLanguage\":\"es\"},{\"@type\":\"Organization\",\"@id\":\"https:\\\/\\\/informelitoral.com.ar\\\/#organization\",\"name\":\"Informe Litoral\",\"url\":\"https:\\\/\\\/informelitoral.com.ar\\\/\",\"logo\":{\"@type\":\"ImageObject\",\"inLanguage\":\"es\",\"@id\":\"https:\\\/\\\/informelitoral.com.ar\\\/#\\\/schema\\\/logo\\\/image\\\/\",\"url\":\"https:\\\/\\\/informelitoral.com.ar\\\/%77%70%2d%63%6f%6e%74%65%6e%74\\\/uploads\\\/2021\\\/01\\\/circulo.png\",\"contentUrl\":\"https:\\\/\\\/informelitoral.com.ar\\\/%77%70%2d%63%6f%6e%74%65%6e%74\\\/uploads\\\/2021\\\/01\\\/circulo.png\",\"width\":723,\"height\":731,\"caption\":\"Informe Litoral\"},\"image\":{\"@id\":\"https:\\\/\\\/informelitoral.com.ar\\\/#\\\/schema\\\/logo\\\/image\\\/\"},\"sameAs\":[\"https:\\\/\\\/www.facebook.com\\\/informelitoral\\\/\",\"https:\\\/\\\/x.com\\\/InformeLitoral\",\"https:\\\/\\\/www.instagram.com\\\/informelitoral\\\/\",\"https:\\\/\\\/www.youtube.com\\\/channel\\\/UCua4Qvz8Icb6MYqhoq9xLXw\"]},{\"@type\":\"Person\",\"@id\":\"https:\\\/\\\/informelitoral.com.ar\\\/#\\\/schema\\\/person\\\/f05f9f461677119578717524b127d6d5\",\"name\":\"Sebastian\",\"image\":{\"@type\":\"ImageObject\",\"inLanguage\":\"es\",\"@id\":\"https:\\\/\\\/secure.gravatar.com\\\/avatar\\\/b71bf7481d447dfb9583c7f2798e7cc64de6efb9067b74633ed8c31059a3bd82?s=96&d=mm&r=g\",\"url\":\"https:\\\/\\\/secure.gravatar.com\\\/avatar\\\/b71bf7481d447dfb9583c7f2798e7cc64de6efb9067b74633ed8c31059a3bd82?s=96&d=mm&r=g\",\"contentUrl\":\"https:\\\/\\\/secure.gravatar.com\\\/avatar\\\/b71bf7481d447dfb9583c7f2798e7cc64de6efb9067b74633ed8c31059a3bd82?s=96&d=mm&r=g\",\"caption\":\"Sebastian\"},\"url\":\"https:\\\/\\\/informelitoral.com.ar\\\/author\\\/sebastian\\\/\"}]}<\/script>","yoast_head_json":{"title":"Aluani y Berisso inauguraron un espacio de exposici\u00f3n de productos de Manos Entrerrianas - Informe Litoral","robots":{"index":"index","follow":"follow","max-snippet":"max-snippet:-1","max-image-preview":"max-image-preview:large","max-video-preview":"max-video-preview:-1"},"canonical":"https:\/\/informelitoral.com.ar\/aluani-y-berisso-inauguraron-un-espacio-de-exposicion-de-productos-de-manos-entrerrianas\/","og_locale":"es_ES","og_type":"article","og_title":"Aluani y Berisso inauguraron un espacio de exposici\u00f3n de productos de Manos Entrerrianas - Informe Litoral","og_description":"La vicegobernadora Alicia Aluani se reuni\u00f3 con la ministra de Desarrollo Humano, Ver\u00f3nica Berisso; el secretario de Gesti\u00f3n Social, Pablo Omarini; junto a funcionarios del \u00e1rea y emprendedores. Luego, en la sala de la Vicegobernaci\u00f3n, qued\u00f3 inaugurado un espacio de exposici\u00f3n de productos de la marca Manos Entrerrianas.","og_url":"https:\/\/informelitoral.com.ar\/aluani-y-berisso-inauguraron-un-espacio-de-exposicion-de-productos-de-manos-entrerrianas\/","og_site_name":"Informe Litoral","article_publisher":"https:\/\/www.facebook.com\/informelitoral\/","article_published_time":"2025-09-26T13:05:52+00:00","article_modified_time":"2025-09-26T13:06:56+00:00","og_image":[{"url":"https:\/\/www.senadoer.gob.ar\/wp-content\/uploads\/2025\/09\/WhatsApp-Image-2025-09-25-at-11.33.48-860x573.jpeg","type":"","width":"","height":""},{"width":860,"height":573,"url":"https:\/\/www.senadoer.gob.ar\/wp-content\/uploads\/2025\/09\/WhatsApp-Image-2025-09-25-at-11.33.48-860x573.jpeg","type":"image\/jpeg"}],"author":"Sebastian","twitter_card":"summary_large_image","twitter_image":"https:\/\/www.senadoer.gob.ar\/wp-content\/uploads\/2025\/09\/WhatsApp-Image-2025-09-25-at-11.33.48-860x573.jpeg","twitter_creator":"@InformeLitoral","twitter_site":"@InformeLitoral","twitter_misc":{"Escrito por":"Sebastian","Tiempo de lectura":"3 minutos"},"schema":{"@context":"https:\/\/schema.org","@graph":[{"@type":"Article","@id":"https:\/\/informelitoral.com.ar\/aluani-y-berisso-inauguraron-un-espacio-de-exposicion-de-productos-de-manos-entrerrianas\/#article","isPartOf":{"@id":"https:\/\/informelitoral.com.ar\/aluani-y-berisso-inauguraron-un-espacio-de-exposicion-de-productos-de-manos-entrerrianas\/"},"author":{"name":"Sebastian","@id":"https:\/\/informelitoral.com.ar\/#\/schema\/person\/f05f9f461677119578717524b127d6d5"},"headline":"Aluani y Berisso inauguraron un espacio de exposici\u00f3n de productos de Manos Entrerrianas","datePublished":"2025-09-26T13:05:52+00:00","dateModified":"2025-09-26T13:06:56+00:00","mainEntityOfPage":{"@id":"https:\/\/informelitoral.com.ar\/aluani-y-berisso-inauguraron-un-espacio-de-exposicion-de-productos-de-manos-entrerrianas\/"},"wordCount":438,"commentCount":0,"publisher":{"@id":"https:\/\/informelitoral.com.ar\/#organization"},"image":{"@id":"https:\/\/informelitoral.com.ar\/aluani-y-berisso-inauguraron-un-espacio-de-exposicion-de-productos-de-manos-entrerrianas\/#primaryimage"},"thumbnailUrl":"https:\/\/www.senadoer.gob.ar\/%77%70%2d%63%6f%6e%74%65%6e%74\/uploads\/2025\/09\/WhatsApp-Image-2025-09-25-at-11.33.48-860x573.jpeg","keywords":["Alicia Aluani","Inauguraci\u00f3n"],"articleSection":["Politica"],"inLanguage":"es","potentialAction":[{"@type":"CommentAction","name":"Comment","target":["https:\/\/informelitoral.com.ar\/aluani-y-berisso-inauguraron-un-espacio-de-exposicion-de-productos-de-manos-entrerrianas\/#respond"]}]},{"@type":"WebPage","@id":"https:\/\/informelitoral.com.ar\/aluani-y-berisso-inauguraron-un-espacio-de-exposicion-de-productos-de-manos-entrerrianas\/","url":"https:\/\/informelitoral.com.ar\/aluani-y-berisso-inauguraron-un-espacio-de-exposicion-de-productos-de-manos-entrerrianas\/","name":"Aluani y Berisso inauguraron un espacio de exposici\u00f3n de productos de Manos Entrerrianas - Informe Litoral","isPartOf":{"@id":"https:\/\/informelitoral.com.ar\/#website"},"primaryImageOfPage":{"@id":"https:\/\/informelitoral.com.ar\/aluani-y-berisso-inauguraron-un-espacio-de-exposicion-de-productos-de-manos-entrerrianas\/#primaryimage"},"image":{"@id":"https:\/\/informelitoral.com.ar\/aluani-y-berisso-inauguraron-un-espacio-de-exposicion-de-productos-de-manos-entrerrianas\/#primaryimage"},"thumbnailUrl":"https:\/\/www.senadoer.gob.ar\/%77%70%2d%63%6f%6e%74%65%6e%74\/uploads\/2025\/09\/WhatsApp-Image-2025-09-25-at-11.33.48-860x573.jpeg","datePublished":"2025-09-26T13:05:52+00:00","dateModified":"2025-09-26T13:06:56+00:00","breadcrumb":{"@id":"https:\/\/informelitoral.com.ar\/aluani-y-berisso-inauguraron-un-espacio-de-exposicion-de-productos-de-manos-entrerrianas\/#breadcrumb"},"inLanguage":"es","potentialAction":[{"@type":"ReadAction","target":["https:\/\/informelitoral.com.ar\/aluani-y-berisso-inauguraron-un-espacio-de-exposicion-de-productos-de-manos-entrerrianas\/"]}]},{"@type":"ImageObject","inLanguage":"es","@id":"https:\/\/informelitoral.com.ar\/aluani-y-berisso-inauguraron-un-espacio-de-exposicion-de-productos-de-manos-entrerrianas\/#primaryimage","url":"https:\/\/www.senadoer.gob.ar\/%77%70%2d%63%6f%6e%74%65%6e%74\/uploads\/2025\/09\/WhatsApp-Image-2025-09-25-at-11.33.48-860x573.jpeg","contentUrl":"https:\/\/www.senadoer.gob.ar\/%77%70%2d%63%6f%6e%74%65%6e%74\/uploads\/2025\/09\/WhatsApp-Image-2025-09-25-at-11.33.48-860x573.jpeg","width":"860","height":"573"},{"@type":"BreadcrumbList","@id":"https:\/\/informelitoral.com.ar\/aluani-y-berisso-inauguraron-un-espacio-de-exposicion-de-productos-de-manos-entrerrianas\/#breadcrumb","itemListElement":[{"@type":"ListItem","position":1,"name":"Portada","item":"https:\/\/informelitoral.com.ar\/"},{"@type":"ListItem","position":2,"name":"Aluani y Berisso inauguraron un espacio de exposici\u00f3n de productos de Manos Entrerrianas"}]},{"@type":"WebSite","@id":"https:\/\/informelitoral.com.ar\/#website","url":"https:\/\/informelitoral.com.ar\/","name":"Informe Litoral","description":"&quot;Nos informamos&quot; ","publisher":{"@id":"https:\/\/informelitoral.com.ar\/#organization"},"potentialAction":[{"@type":"SearchAction","target":{"@type":"EntryPoint","urlTemplate":"https:\/\/informelitoral.com.ar\/?s={search_term_string}"},"query-input":{"@type":"PropertyValueSpecification","valueRequired":true,"valueName":"search_term_string"}}],"inLanguage":"es"},{"@type":"Organization","@id":"https:\/\/informelitoral.com.ar\/#organization","name":"Informe Litoral","url":"https:\/\/informelitoral.com.ar\/","logo":{"@type":"ImageObject","inLanguage":"es","@id":"https:\/\/informelitoral.com.ar\/#\/schema\/logo\/image\/","url":"https:\/\/informelitoral.com.ar\/%77%70%2d%63%6f%6e%74%65%6e%74\/uploads\/2021\/01\/circulo.png","contentUrl":"https:\/\/informelitoral.com.ar\/%77%70%2d%63%6f%6e%74%65%6e%74\/uploads\/2021\/01\/circulo.png","width":723,"height":731,"caption":"Informe Litoral"},"image":{"@id":"https:\/\/informelitoral.com.ar\/#\/schema\/logo\/image\/"},"sameAs":["https:\/\/www.facebook.com\/informelitoral\/","https:\/\/x.com\/InformeLitoral","https:\/\/www.instagram.com\/informelitoral\/","https:\/\/www.youtube.com\/channel\/UCua4Qvz8Icb6MYqhoq9xLXw"]},{"@type":"Person","@id":"https:\/\/informelitoral.com.ar\/#\/schema\/person\/f05f9f461677119578717524b127d6d5","name":"Sebastian","image":{"@type":"ImageObject","inLanguage":"es","@id":"https:\/\/secure.gravatar.com\/avatar\/b71bf7481d447dfb9583c7f2798e7cc64de6efb9067b74633ed8c31059a3bd82?s=96&d=mm&r=g","url":"https:\/\/secure.gravatar.com\/avatar\/b71bf7481d447dfb9583c7f2798e7cc64de6efb9067b74633ed8c31059a3bd82?s=96&d=mm&r=g","contentUrl":"https:\/\/secure.gravatar.com\/avatar\/b71bf7481d447dfb9583c7f2798e7cc64de6efb9067b74633ed8c31059a3bd82?s=96&d=mm&r=g","caption":"Sebastian"},"url":"https:\/\/informelitoral.com.ar\/author\/sebastian\/"}]}},"fifu_image_url":"https:\/\/www.senadoer.gob.ar\/wp-content\/uploads\/2025\/09\/WhatsApp-Image-2025-09-25-at-11.33.48-860x573.jpeg","_links":{"self":[{"href":"https:\/\/informelitoral.com.ar\/%77%70%2d%6a%73%6f%6e\/wp\/v2\/posts\/235259","targetHints":{"allow":["GET"]}}],"collection":[{"href":"https:\/\/informelitoral.com.ar\/%77%70%2d%6a%73%6f%6e\/wp\/v2\/posts"}],"about":[{"href":"https:\/\/informelitoral.com.ar\/%77%70%2d%6a%73%6f%6e\/wp\/v2\/types\/post"}],"author":[{"embeddable":true,"href":"https:\/\/informelitoral.com.ar\/%77%70%2d%6a%73%6f%6e\/wp\/v2\/users\/8"}],"replies":[{"embeddable":true,"href":"https:\/\/informelitoral.com.ar\/%77%70%2d%6a%73%6f%6e\/wp\/v2\/comments?post=235259"}],"version-history":[{"count":2,"href":"https:\/\/informelitoral.com.ar\/%77%70%2d%6a%73%6f%6e\/wp\/v2\/posts\/235259\/revisions"}],"predecessor-version":[{"id":235262,"href":"https:\/\/informelitoral.com.ar\/%77%70%2d%6a%73%6f%6e\/wp\/v2\/posts\/235259\/revisions\/235262"}],"wp:featuredmedia":[{"embeddable":true,"href":"https:\/\/informelitoral.com.ar\/%77%70%2d%6a%73%6f%6e\/wp\/v2\/media\/235260"}],"wp:attachment":[{"href":"https:\/\/informelitoral.com.ar\/%77%70%2d%6a%73%6f%6e\/wp\/v2\/media?parent=235259"}],"wp:term":[{"taxonomy":"category","embeddable":true,"href":"https:\/\/informelitoral.com.ar\/%77%70%2d%6a%73%6f%6e\/wp\/v2\/categories?post=235259"},{"taxonomy":"post_tag","embeddable":true,"href":"https:\/\/informelitoral.com.ar\/%77%70%2d%6a%73%6f%6e\/wp\/v2\/tags?post=235259"}],"curies":[{"name":"wp","href":"https:\/\/api.w.org\/{rel}","templated":true}]}}