{"id":235245,"date":"2025-09-26T09:52:39","date_gmt":"2025-09-26T12:52:39","guid":{"rendered":"https:\/\/informelitoral.com.ar\/?p=235245"},"modified":"2025-09-26T09:53:02","modified_gmt":"2025-09-26T12:53:02","slug":"accidente-en-segui-choque-entre-camion-y-moto-dejo-un-herido-leve","status":"publish","type":"post","link":"https:\/\/informelitoral.com.ar\/accidente-en-segui-choque-entre-camion-y-moto-dejo-un-herido-leve\/","title":{"rendered":"Accidente en Segu\u00ed: choque entre cami\u00f3n y moto dej\u00f3 un herido leve"},"content":{"rendered":"<p>Un siniestro vial se registr\u00f3 este jueves por la tarde en la esquina de <strong>Gregorio Battisti<\/strong> y <strong>Sargento Cabral<\/strong>, en <strong>Segu\u00ed<\/strong>, dejando como saldo una persona lesionada. La colisi\u00f3n se produjo entre un cami\u00f3n y una motocicleta.<\/p>\n<p>El cami\u00f3n era conducido por un chofer oriundo de <strong>Nogoy\u00e1<\/strong>, mientras que la moto estaba al mando de un joven domiciliado en la comunidad seguiense.<\/p>\n<p>A ra\u00edz del fuerte impacto, el motociclista debi\u00f3 ser trasladado al nosocomio local. All\u00ed se confirm\u00f3 que, si bien presentaba una herida en la cara, las lesiones constatadas no revisten gravedad. Las autoridades est\u00e1n a cargo de la investigaci\u00f3n para determinar las causas exactas del accidente.(<em>Con informaci\u00f3n de Desde Crespo<\/em>)<\/p>\n","protected":false},"excerpt":{"rendered":"<p>Un joven motociclista fue trasladado al hospital con lesiones faciales, pero no de gravedad, tras colisionar con un cami\u00f3n en la zona c\u00e9ntrica.<\/p>\n","protected":false},"author":8,"featured_media":235246,"comment_status":"open","ping_status":"open","sticky":false,"template":"","format":"standard","meta":{"fifu_image_url":"https:\/\/admin.desdeentrerios.com.ar\/wp-content\/uploads\/2025\/09\/moto.jpg","fifu_image_alt":"","footnotes":""},"categories":[14],"tags":[304,3163,944],"class_list":{"0":"post-235245","1":"post","2":"type-post","3":"status-publish","4":"format-standard","5":"has-post-thumbnail","7":"category-policiales","8":"tag-accidente-vial","9":"tag-herido","10":"tag-segui"},"yoast_head":"<title>Accidente en Segu\u00ed: choque entre cami\u00f3n y moto dej\u00f3 un herido leve - Informe Litoral<\/title>\n<meta name=\"robots\" content=\"index, follow, max-snippet:-1, max-image-preview:large, max-video-preview:-1\" \/>\n<link rel=\"canonical\" href=\"https:\/\/informelitoral.com.ar\/accidente-en-segui-choque-entre-camion-y-moto-dejo-un-herido-leve\/\" \/>\n<meta property=\"og:locale\" content=\"es_ES\" \/>\n<meta property=\"og:type\" content=\"article\" \/>\n<meta property=\"og:title\" content=\"Accidente en Segu\u00ed: choque entre cami\u00f3n y moto dej\u00f3 un herido leve - Informe Litoral\" \/>\n<meta property=\"og:description\" content=\"Un joven motociclista fue trasladado al hospital con lesiones faciales, pero no de gravedad, tras colisionar con un cami\u00f3n en la zona c\u00e9ntrica.\" \/>\n<meta property=\"og:url\" content=\"https:\/\/informelitoral.com.ar\/accidente-en-segui-choque-entre-camion-y-moto-dejo-un-herido-leve\/\" \/>\n<meta property=\"og:site_name\" content=\"Informe Litoral\" \/>\n<meta property=\"article:publisher\" content=\"https:\/\/www.facebook.com\/informelitoral\/\" \/>\n<meta property=\"article:published_time\" content=\"2025-09-26T12:52:39+00:00\" \/>\n<meta property=\"article:modified_time\" content=\"2025-09-26T12:53:02+00:00\" \/>\n<meta property=\"og:image\" content=\"https:\/\/admin.desdeentrerios.com.ar\/%77%70%2d%63%6f%6e%74%65%6e%74\/uploads\/2025\/09\/moto.jpg\" \/><meta property=\"og:image\" content=\"https:\/\/admin.desdeentrerios.com.ar\/%77%70%2d%63%6f%6e%74%65%6e%74\/uploads\/2025\/09\/moto.jpg\" \/>\n\t<meta property=\"og:image:width\" content=\"1249\" \/>\n\t<meta property=\"og:image:height\" content=\"656\" \/>\n\t<meta property=\"og:image:type\" content=\"image\/jpeg\" \/>\n<meta name=\"author\" content=\"Sebastian\" \/>\n<meta name=\"twitter:card\" content=\"summary_large_image\" \/>\n<meta name=\"twitter:image\" content=\"https:\/\/admin.desdeentrerios.com.ar\/%77%70%2d%63%6f%6e%74%65%6e%74\/uploads\/2025\/09\/moto.jpg\" \/>\n<meta name=\"twitter:creator\" content=\"@InformeLitoral\" \/>\n<meta name=\"twitter:site\" content=\"@InformeLitoral\" \/>\n<meta name=\"twitter:label1\" content=\"Escrito por\" \/>\n\t<meta name=\"twitter:data1\" content=\"Sebastian\" \/>\n\t<meta name=\"twitter:label2\" content=\"Tiempo de lectura\" \/>\n\t<meta name=\"twitter:data2\" content=\"1 minuto\" \/>\n<script type=\"application\/ld+json\" class=\"yoast-schema-graph\">{\"@context\":\"https:\\\/\\\/schema.org\",\"@graph\":[{\"@type\":\"Article\",\"@id\":\"https:\\\/\\\/informelitoral.com.ar\\\/accidente-en-segui-choque-entre-camion-y-moto-dejo-un-herido-leve\\\/#article\",\"isPartOf\":{\"@id\":\"https:\\\/\\\/informelitoral.com.ar\\\/accidente-en-segui-choque-entre-camion-y-moto-dejo-un-herido-leve\\\/\"},\"author\":{\"name\":\"Sebastian\",\"@id\":\"https:\\\/\\\/informelitoral.com.ar\\\/#\\\/schema\\\/person\\\/f05f9f461677119578717524b127d6d5\"},\"headline\":\"Accidente en Segu\u00ed: choque entre cami\u00f3n y moto dej\u00f3 un herido leve\",\"datePublished\":\"2025-09-26T12:52:39+00:00\",\"dateModified\":\"2025-09-26T12:53:02+00:00\",\"mainEntityOfPage\":{\"@id\":\"https:\\\/\\\/informelitoral.com.ar\\\/accidente-en-segui-choque-entre-camion-y-moto-dejo-un-herido-leve\\\/\"},\"wordCount\":133,\"commentCount\":0,\"publisher\":{\"@id\":\"https:\\\/\\\/informelitoral.com.ar\\\/#organization\"},\"image\":{\"@id\":\"https:\\\/\\\/informelitoral.com.ar\\\/accidente-en-segui-choque-entre-camion-y-moto-dejo-un-herido-leve\\\/#primaryimage\"},\"thumbnailUrl\":\"https:\\\/\\\/admin.desdeentrerios.com.ar\\\/%77%70%2d%63%6f%6e%74%65%6e%74\\\/uploads\\\/2025\\\/09\\\/moto.jpg\",\"keywords\":[\"Accidente vial\",\"Herido\",\"Segu\u00ed\"],\"articleSection\":[\"Policiales\"],\"inLanguage\":\"es\",\"potentialAction\":[{\"@type\":\"CommentAction\",\"name\":\"Comment\",\"target\":[\"https:\\\/\\\/informelitoral.com.ar\\\/accidente-en-segui-choque-entre-camion-y-moto-dejo-un-herido-leve\\\/#respond\"]}]},{\"@type\":\"WebPage\",\"@id\":\"https:\\\/\\\/informelitoral.com.ar\\\/accidente-en-segui-choque-entre-camion-y-moto-dejo-un-herido-leve\\\/\",\"url\":\"https:\\\/\\\/informelitoral.com.ar\\\/accidente-en-segui-choque-entre-camion-y-moto-dejo-un-herido-leve\\\/\",\"name\":\"Accidente en Segu\u00ed: choque entre cami\u00f3n y moto dej\u00f3 un herido leve - Informe Litoral\",\"isPartOf\":{\"@id\":\"https:\\\/\\\/informelitoral.com.ar\\\/#website\"},\"primaryImageOfPage\":{\"@id\":\"https:\\\/\\\/informelitoral.com.ar\\\/accidente-en-segui-choque-entre-camion-y-moto-dejo-un-herido-leve\\\/#primaryimage\"},\"image\":{\"@id\":\"https:\\\/\\\/informelitoral.com.ar\\\/accidente-en-segui-choque-entre-camion-y-moto-dejo-un-herido-leve\\\/#primaryimage\"},\"thumbnailUrl\":\"https:\\\/\\\/admin.desdeentrerios.com.ar\\\/%77%70%2d%63%6f%6e%74%65%6e%74\\\/uploads\\\/2025\\\/09\\\/moto.jpg\",\"datePublished\":\"2025-09-26T12:52:39+00:00\",\"dateModified\":\"2025-09-26T12:53:02+00:00\",\"breadcrumb\":{\"@id\":\"https:\\\/\\\/informelitoral.com.ar\\\/accidente-en-segui-choque-entre-camion-y-moto-dejo-un-herido-leve\\\/#breadcrumb\"},\"inLanguage\":\"es\",\"potentialAction\":[{\"@type\":\"ReadAction\",\"target\":[\"https:\\\/\\\/informelitoral.com.ar\\\/accidente-en-segui-choque-entre-camion-y-moto-dejo-un-herido-leve\\\/\"]}]},{\"@type\":\"ImageObject\",\"inLanguage\":\"es\",\"@id\":\"https:\\\/\\\/informelitoral.com.ar\\\/accidente-en-segui-choque-entre-camion-y-moto-dejo-un-herido-leve\\\/#primaryimage\",\"url\":\"https:\\\/\\\/admin.desdeentrerios.com.ar\\\/%77%70%2d%63%6f%6e%74%65%6e%74\\\/uploads\\\/2025\\\/09\\\/moto.jpg\",\"contentUrl\":\"https:\\\/\\\/admin.desdeentrerios.com.ar\\\/%77%70%2d%63%6f%6e%74%65%6e%74\\\/uploads\\\/2025\\\/09\\\/moto.jpg\",\"width\":\"1249\",\"height\":\"656\"},{\"@type\":\"BreadcrumbList\",\"@id\":\"https:\\\/\\\/informelitoral.com.ar\\\/accidente-en-segui-choque-entre-camion-y-moto-dejo-un-herido-leve\\\/#breadcrumb\",\"itemListElement\":[{\"@type\":\"ListItem\",\"position\":1,\"name\":\"Portada\",\"item\":\"https:\\\/\\\/informelitoral.com.ar\\\/\"},{\"@type\":\"ListItem\",\"position\":2,\"name\":\"Accidente en Segu\u00ed: choque entre cami\u00f3n y moto dej\u00f3 un herido leve\"}]},{\"@type\":\"WebSite\",\"@id\":\"https:\\\/\\\/informelitoral.com.ar\\\/#website\",\"url\":\"https:\\\/\\\/informelitoral.com.ar\\\/\",\"name\":\"Informe Litoral\",\"description\":\"&quot;Nos informamos&quot; \",\"publisher\":{\"@id\":\"https:\\\/\\\/informelitoral.com.ar\\\/#organization\"},\"potentialAction\":[{\"@type\":\"SearchAction\",\"target\":{\"@type\":\"EntryPoint\",\"urlTemplate\":\"https:\\\/\\\/informelitoral.com.ar\\\/?s={search_term_string}\"},\"query-input\":{\"@type\":\"PropertyValueSpecification\",\"valueRequired\":true,\"valueName\":\"search_term_string\"}}],\"inLanguage\":\"es\"},{\"@type\":\"Organization\",\"@id\":\"https:\\\/\\\/informelitoral.com.ar\\\/#organization\",\"name\":\"Informe Litoral\",\"url\":\"https:\\\/\\\/informelitoral.com.ar\\\/\",\"logo\":{\"@type\":\"ImageObject\",\"inLanguage\":\"es\",\"@id\":\"https:\\\/\\\/informelitoral.com.ar\\\/#\\\/schema\\\/logo\\\/image\\\/\",\"url\":\"https:\\\/\\\/informelitoral.com.ar\\\/%77%70%2d%63%6f%6e%74%65%6e%74\\\/uploads\\\/2021\\\/01\\\/circulo.png\",\"contentUrl\":\"https:\\\/\\\/informelitoral.com.ar\\\/%77%70%2d%63%6f%6e%74%65%6e%74\\\/uploads\\\/2021\\\/01\\\/circulo.png\",\"width\":723,\"height\":731,\"caption\":\"Informe Litoral\"},\"image\":{\"@id\":\"https:\\\/\\\/informelitoral.com.ar\\\/#\\\/schema\\\/logo\\\/image\\\/\"},\"sameAs\":[\"https:\\\/\\\/www.facebook.com\\\/informelitoral\\\/\",\"https:\\\/\\\/x.com\\\/InformeLitoral\",\"https:\\\/\\\/www.instagram.com\\\/informelitoral\\\/\",\"https:\\\/\\\/www.youtube.com\\\/channel\\\/UCua4Qvz8Icb6MYqhoq9xLXw\"]},{\"@type\":\"Person\",\"@id\":\"https:\\\/\\\/informelitoral.com.ar\\\/#\\\/schema\\\/person\\\/f05f9f461677119578717524b127d6d5\",\"name\":\"Sebastian\",\"image\":{\"@type\":\"ImageObject\",\"inLanguage\":\"es\",\"@id\":\"https:\\\/\\\/secure.gravatar.com\\\/avatar\\\/b71bf7481d447dfb9583c7f2798e7cc64de6efb9067b74633ed8c31059a3bd82?s=96&d=mm&r=g\",\"url\":\"https:\\\/\\\/secure.gravatar.com\\\/avatar\\\/b71bf7481d447dfb9583c7f2798e7cc64de6efb9067b74633ed8c31059a3bd82?s=96&d=mm&r=g\",\"contentUrl\":\"https:\\\/\\\/secure.gravatar.com\\\/avatar\\\/b71bf7481d447dfb9583c7f2798e7cc64de6efb9067b74633ed8c31059a3bd82?s=96&d=mm&r=g\",\"caption\":\"Sebastian\"},\"url\":\"https:\\\/\\\/informelitoral.com.ar\\\/author\\\/sebastian\\\/\"}]}<\/script>","yoast_head_json":{"title":"Accidente en Segu\u00ed: choque entre cami\u00f3n y moto dej\u00f3 un herido leve - Informe Litoral","robots":{"index":"index","follow":"follow","max-snippet":"max-snippet:-1","max-image-preview":"max-image-preview:large","max-video-preview":"max-video-preview:-1"},"canonical":"https:\/\/informelitoral.com.ar\/accidente-en-segui-choque-entre-camion-y-moto-dejo-un-herido-leve\/","og_locale":"es_ES","og_type":"article","og_title":"Accidente en Segu\u00ed: choque entre cami\u00f3n y moto dej\u00f3 un herido leve - Informe Litoral","og_description":"Un joven motociclista fue trasladado al hospital con lesiones faciales, pero no de gravedad, tras colisionar con un cami\u00f3n en la zona c\u00e9ntrica.","og_url":"https:\/\/informelitoral.com.ar\/accidente-en-segui-choque-entre-camion-y-moto-dejo-un-herido-leve\/","og_site_name":"Informe Litoral","article_publisher":"https:\/\/www.facebook.com\/informelitoral\/","article_published_time":"2025-09-26T12:52:39+00:00","article_modified_time":"2025-09-26T12:53:02+00:00","og_image":[{"url":"https:\/\/admin.desdeentrerios.com.ar\/wp-content\/uploads\/2025\/09\/moto.jpg","type":"","width":"","height":""},{"width":1249,"height":656,"url":"https:\/\/admin.desdeentrerios.com.ar\/wp-content\/uploads\/2025\/09\/moto.jpg","type":"image\/jpeg"}],"author":"Sebastian","twitter_card":"summary_large_image","twitter_image":"https:\/\/admin.desdeentrerios.com.ar\/wp-content\/uploads\/2025\/09\/moto.jpg","twitter_creator":"@InformeLitoral","twitter_site":"@InformeLitoral","twitter_misc":{"Escrito por":"Sebastian","Tiempo de lectura":"1 minuto"},"schema":{"@context":"https:\/\/schema.org","@graph":[{"@type":"Article","@id":"https:\/\/informelitoral.com.ar\/accidente-en-segui-choque-entre-camion-y-moto-dejo-un-herido-leve\/#article","isPartOf":{"@id":"https:\/\/informelitoral.com.ar\/accidente-en-segui-choque-entre-camion-y-moto-dejo-un-herido-leve\/"},"author":{"name":"Sebastian","@id":"https:\/\/informelitoral.com.ar\/#\/schema\/person\/f05f9f461677119578717524b127d6d5"},"headline":"Accidente en Segu\u00ed: choque entre cami\u00f3n y moto dej\u00f3 un herido leve","datePublished":"2025-09-26T12:52:39+00:00","dateModified":"2025-09-26T12:53:02+00:00","mainEntityOfPage":{"@id":"https:\/\/informelitoral.com.ar\/accidente-en-segui-choque-entre-camion-y-moto-dejo-un-herido-leve\/"},"wordCount":133,"commentCount":0,"publisher":{"@id":"https:\/\/informelitoral.com.ar\/#organization"},"image":{"@id":"https:\/\/informelitoral.com.ar\/accidente-en-segui-choque-entre-camion-y-moto-dejo-un-herido-leve\/#primaryimage"},"thumbnailUrl":"https:\/\/admin.desdeentrerios.com.ar\/%77%70%2d%63%6f%6e%74%65%6e%74\/uploads\/2025\/09\/moto.jpg","keywords":["Accidente vial","Herido","Segu\u00ed"],"articleSection":["Policiales"],"inLanguage":"es","potentialAction":[{"@type":"CommentAction","name":"Comment","target":["https:\/\/informelitoral.com.ar\/accidente-en-segui-choque-entre-camion-y-moto-dejo-un-herido-leve\/#respond"]}]},{"@type":"WebPage","@id":"https:\/\/informelitoral.com.ar\/accidente-en-segui-choque-entre-camion-y-moto-dejo-un-herido-leve\/","url":"https:\/\/informelitoral.com.ar\/accidente-en-segui-choque-entre-camion-y-moto-dejo-un-herido-leve\/","name":"Accidente en Segu\u00ed: choque entre cami\u00f3n y moto dej\u00f3 un herido leve - Informe Litoral","isPartOf":{"@id":"https:\/\/informelitoral.com.ar\/#website"},"primaryImageOfPage":{"@id":"https:\/\/informelitoral.com.ar\/accidente-en-segui-choque-entre-camion-y-moto-dejo-un-herido-leve\/#primaryimage"},"image":{"@id":"https:\/\/informelitoral.com.ar\/accidente-en-segui-choque-entre-camion-y-moto-dejo-un-herido-leve\/#primaryimage"},"thumbnailUrl":"https:\/\/admin.desdeentrerios.com.ar\/%77%70%2d%63%6f%6e%74%65%6e%74\/uploads\/2025\/09\/moto.jpg","datePublished":"2025-09-26T12:52:39+00:00","dateModified":"2025-09-26T12:53:02+00:00","breadcrumb":{"@id":"https:\/\/informelitoral.com.ar\/accidente-en-segui-choque-entre-camion-y-moto-dejo-un-herido-leve\/#breadcrumb"},"inLanguage":"es","potentialAction":[{"@type":"ReadAction","target":["https:\/\/informelitoral.com.ar\/accidente-en-segui-choque-entre-camion-y-moto-dejo-un-herido-leve\/"]}]},{"@type":"ImageObject","inLanguage":"es","@id":"https:\/\/informelitoral.com.ar\/accidente-en-segui-choque-entre-camion-y-moto-dejo-un-herido-leve\/#primaryimage","url":"https:\/\/admin.desdeentrerios.com.ar\/%77%70%2d%63%6f%6e%74%65%6e%74\/uploads\/2025\/09\/moto.jpg","contentUrl":"https:\/\/admin.desdeentrerios.com.ar\/%77%70%2d%63%6f%6e%74%65%6e%74\/uploads\/2025\/09\/moto.jpg","width":"1249","height":"656"},{"@type":"BreadcrumbList","@id":"https:\/\/informelitoral.com.ar\/accidente-en-segui-choque-entre-camion-y-moto-dejo-un-herido-leve\/#breadcrumb","itemListElement":[{"@type":"ListItem","position":1,"name":"Portada","item":"https:\/\/informelitoral.com.ar\/"},{"@type":"ListItem","position":2,"name":"Accidente en Segu\u00ed: choque entre cami\u00f3n y moto dej\u00f3 un herido leve"}]},{"@type":"WebSite","@id":"https:\/\/informelitoral.com.ar\/#website","url":"https:\/\/informelitoral.com.ar\/","name":"Informe Litoral","description":"&quot;Nos informamos&quot; ","publisher":{"@id":"https:\/\/informelitoral.com.ar\/#organization"},"potentialAction":[{"@type":"SearchAction","target":{"@type":"EntryPoint","urlTemplate":"https:\/\/informelitoral.com.ar\/?s={search_term_string}"},"query-input":{"@type":"PropertyValueSpecification","valueRequired":true,"valueName":"search_term_string"}}],"inLanguage":"es"},{"@type":"Organization","@id":"https:\/\/informelitoral.com.ar\/#organization","name":"Informe Litoral","url":"https:\/\/informelitoral.com.ar\/","logo":{"@type":"ImageObject","inLanguage":"es","@id":"https:\/\/informelitoral.com.ar\/#\/schema\/logo\/image\/","url":"https:\/\/informelitoral.com.ar\/%77%70%2d%63%6f%6e%74%65%6e%74\/uploads\/2021\/01\/circulo.png","contentUrl":"https:\/\/informelitoral.com.ar\/%77%70%2d%63%6f%6e%74%65%6e%74\/uploads\/2021\/01\/circulo.png","width":723,"height":731,"caption":"Informe Litoral"},"image":{"@id":"https:\/\/informelitoral.com.ar\/#\/schema\/logo\/image\/"},"sameAs":["https:\/\/www.facebook.com\/informelitoral\/","https:\/\/x.com\/InformeLitoral","https:\/\/www.instagram.com\/informelitoral\/","https:\/\/www.youtube.com\/channel\/UCua4Qvz8Icb6MYqhoq9xLXw"]},{"@type":"Person","@id":"https:\/\/informelitoral.com.ar\/#\/schema\/person\/f05f9f461677119578717524b127d6d5","name":"Sebastian","image":{"@type":"ImageObject","inLanguage":"es","@id":"https:\/\/secure.gravatar.com\/avatar\/b71bf7481d447dfb9583c7f2798e7cc64de6efb9067b74633ed8c31059a3bd82?s=96&d=mm&r=g","url":"https:\/\/secure.gravatar.com\/avatar\/b71bf7481d447dfb9583c7f2798e7cc64de6efb9067b74633ed8c31059a3bd82?s=96&d=mm&r=g","contentUrl":"https:\/\/secure.gravatar.com\/avatar\/b71bf7481d447dfb9583c7f2798e7cc64de6efb9067b74633ed8c31059a3bd82?s=96&d=mm&r=g","caption":"Sebastian"},"url":"https:\/\/informelitoral.com.ar\/author\/sebastian\/"}]}},"fifu_image_url":"https:\/\/admin.desdeentrerios.com.ar\/wp-content\/uploads\/2025\/09\/moto.jpg","_links":{"self":[{"href":"https:\/\/informelitoral.com.ar\/%77%70%2d%6a%73%6f%6e\/wp\/v2\/posts\/235245","targetHints":{"allow":["GET"]}}],"collection":[{"href":"https:\/\/informelitoral.com.ar\/%77%70%2d%6a%73%6f%6e\/wp\/v2\/posts"}],"about":[{"href":"https:\/\/informelitoral.com.ar\/%77%70%2d%6a%73%6f%6e\/wp\/v2\/types\/post"}],"author":[{"embeddable":true,"href":"https:\/\/informelitoral.com.ar\/%77%70%2d%6a%73%6f%6e\/wp\/v2\/users\/8"}],"replies":[{"embeddable":true,"href":"https:\/\/informelitoral.com.ar\/%77%70%2d%6a%73%6f%6e\/wp\/v2\/comments?post=235245"}],"version-history":[{"count":2,"href":"https:\/\/informelitoral.com.ar\/%77%70%2d%6a%73%6f%6e\/wp\/v2\/posts\/235245\/revisions"}],"predecessor-version":[{"id":235248,"href":"https:\/\/informelitoral.com.ar\/%77%70%2d%6a%73%6f%6e\/wp\/v2\/posts\/235245\/revisions\/235248"}],"wp:featuredmedia":[{"embeddable":true,"href":"https:\/\/informelitoral.com.ar\/%77%70%2d%6a%73%6f%6e\/wp\/v2\/media\/235246"}],"wp:attachment":[{"href":"https:\/\/informelitoral.com.ar\/%77%70%2d%6a%73%6f%6e\/wp\/v2\/media?parent=235245"}],"wp:term":[{"taxonomy":"category","embeddable":true,"href":"https:\/\/informelitoral.com.ar\/%77%70%2d%6a%73%6f%6e\/wp\/v2\/categories?post=235245"},{"taxonomy":"post_tag","embeddable":true,"href":"https:\/\/informelitoral.com.ar\/%77%70%2d%6a%73%6f%6e\/wp\/v2\/tags?post=235245"}],"curies":[{"name":"wp","href":"https:\/\/api.w.org\/{rel}","templated":true}]}}