{"id":235205,"date":"2025-09-26T08:27:34","date_gmt":"2025-09-26T11:27:34","guid":{"rendered":"https:\/\/informelitoral.com.ar\/?p=235205"},"modified":"2025-09-26T12:38:02","modified_gmt":"2025-09-26T15:38:02","slug":"nuevos-topes-y-aumentos-en-asignaciones-familiares-de-anses-a-partir-de-octubre","status":"publish","type":"post","link":"https:\/\/informelitoral.com.ar\/nuevos-topes-y-aumentos-en-asignaciones-familiares-de-anses-a-partir-de-octubre\/","title":{"rendered":"Nuevos topes y aumentos en asignaciones familiares de ANSES a partir de octubre"},"content":{"rendered":"<p>La <b>Administraci\u00f3n Nacional de la Seguridad Social (ANSES)<\/b> oficializ\u00f3, a trav\u00e9s de la Resoluci\u00f3n 318\/2025, un <b>incremento del 1,88%<\/b> en los montos de las Asignaciones Familiares y en los l\u00edmites de ingresos del grupo familiar, con vigencia a partir de <b>octubre de 2025<\/b>.<\/p>\n<p>Sin embargo, la medida introduce una modificaci\u00f3n clave en los topes de ingresos que impactar\u00e1 en la percepci\u00f3n del beneficio por parte de miles de familias. El <b>Ingreso M\u00e1ximo del Grupo Familiar (IGF)<\/b> total se fij\u00f3 en <b>$4.807.226<\/b>.<\/p>\n<h6><em><strong>Del archivo:\u00a0<a href=\"https:\/\/informelitoral.com.ar\/los-aumentos-de-las-prepagas-en-octubre-seran-del-19-en-promedio\/\" target=\"_blank\" rel=\"noopener\">Los aumentos de las prepagas en octubre ser\u00e1n del 1,9% en promedio<\/a><\/strong><\/em><\/h6>\n<h2><b>El l\u00edmite individual que excluye del cobro<\/b><\/h2>\n<p>La novedad m\u00e1s relevante es la <b>exclusi\u00f3n del cobro<\/b> de las asignaciones familiares si uno solo de los integrantes del grupo familiar percibe un ingreso superior a <b>$2.403.613<\/b>, aun cuando la suma total de los ingresos familiares (IGF) no supere el m\u00e1ximo de $4.807.226. ANSES busca as\u00ed focalizar la ayuda social en las familias con ingresos m\u00e1s bajos.<\/p>\n<h2><b>Nuevos montos de asignaciones<\/b><\/h2>\n<p>Con la actualizaci\u00f3n, la <b>Asignaci\u00f3n Universal por Hijo (AUH)<\/b> y la <b>Asignaci\u00f3n Universal por Embarazo (AUE)<\/b> ascender\u00e1n a <b>$117.252<\/b>. En el caso de AUH con hijos con discapacidad, el monto ser\u00e1 de <b>$381.791<\/b>.<\/p>\n<p>Para los <b>trabajadores en relaci\u00f3n de dependencia<\/b>, los montos de las asignaciones por hijo y prenatal variar\u00e1n seg\u00fan el rango de Ingreso del Grupo Familiar (IGF):<\/p>\n<ul>\n<li><b>Rango I (hasta $907.793):<\/b> <b>$58.631<\/b> por hijo.<\/li>\n<li><b>Rango II ($907.793,01 a $1.331.368):<\/b> <b>$39.548<\/b> por hijo.<\/li>\n<li><b>Rango III ($1.331.368,01 a $1.537.111):<\/b> <b>$23.920<\/b> por hijo.<\/li>\n<li><b>Rango IV ($1.537.111,01 a $4.807.226):<\/b> <b>$12.340<\/b> por hijo.<\/li>\n<\/ul>\n<h2><b>Otros beneficios ajustados<\/b><\/h2>\n<p>Otros beneficios tambi\u00e9n ver\u00e1n un aumento en sus montos, manteniendo el l\u00edmite general de Ingreso General Familiar (IGF) de $4.807.226:<\/p>\n<ul>\n<li><b>Asignaci\u00f3n por Nacimiento:<\/b> <b>$68.341<\/b>.<\/li>\n<li><b>Asignaci\u00f3n por Adopci\u00f3n:<\/b> <b>$408.616<\/b>.<\/li>\n<li><b>Asignaci\u00f3n por Matrimonio:<\/b> <b>$102.330<\/b>.<\/li>\n<\/ul>\n<p>Las autoridades de ANSES remarcaron que el nuevo tope de ingreso individual busca asegurar que las asignaciones familiares sigan siendo un apoyo destinado a la poblaci\u00f3n m\u00e1s vulnerable.<\/p>\n","protected":false},"excerpt":{"rendered":"<p>El incremento del 1,88% rige desde el pr\u00f3ximo mes, pero establece l\u00edmites estrictos para los ingresos individuales y del grupo familiar.<\/p>\n","protected":false},"author":8,"featured_media":72746,"comment_status":"open","ping_status":"open","sticky":false,"template":"","format":"standard","meta":{"fifu_image_url":"","fifu_image_alt":"","footnotes":""},"categories":[1594],"tags":[3259,155],"class_list":{"0":"post-235205","1":"post","2":"type-post","3":"status-publish","4":"format-standard","5":"has-post-thumbnail","7":"category-economia","8":"tag-asignaciones-familiares","9":"tag-aumentos"},"yoast_head":"<title>Nuevos topes y aumentos en asignaciones familiares de ANSES a partir de octubre - Informe Litoral<\/title>\n<meta name=\"robots\" content=\"index, follow, max-snippet:-1, max-image-preview:large, max-video-preview:-1\" \/>\n<link rel=\"canonical\" href=\"https:\/\/informelitoral.com.ar\/nuevos-topes-y-aumentos-en-asignaciones-familiares-de-anses-a-partir-de-octubre\/\" \/>\n<meta property=\"og:locale\" content=\"es_ES\" \/>\n<meta property=\"og:type\" content=\"article\" \/>\n<meta property=\"og:title\" content=\"Nuevos topes y aumentos en asignaciones familiares de ANSES a partir de octubre - Informe Litoral\" \/>\n<meta property=\"og:description\" content=\"El incremento del 1,88% rige desde el pr\u00f3ximo mes, pero establece l\u00edmites estrictos para los ingresos individuales y del grupo familiar.\" \/>\n<meta property=\"og:url\" content=\"https:\/\/informelitoral.com.ar\/nuevos-topes-y-aumentos-en-asignaciones-familiares-de-anses-a-partir-de-octubre\/\" \/>\n<meta property=\"og:site_name\" content=\"Informe Litoral\" \/>\n<meta property=\"article:publisher\" content=\"https:\/\/www.facebook.com\/informelitoral\/\" \/>\n<meta property=\"article:published_time\" content=\"2025-09-26T11:27:34+00:00\" \/>\n<meta property=\"article:modified_time\" content=\"2025-09-26T15:38:02+00:00\" \/>\n<meta property=\"og:image\" content=\"https:\/\/informelitoral.com.ar\/%77%70%2d%63%6f%6e%74%65%6e%74\/uploads\/2022\/03\/anses1200.jpg\" \/>\n\t<meta property=\"og:image:width\" content=\"1200\" \/>\n\t<meta property=\"og:image:height\" content=\"675\" \/>\n\t<meta property=\"og:image:type\" content=\"image\/jpeg\" \/>\n<meta name=\"author\" content=\"Sebastian\" \/>\n<meta name=\"twitter:card\" content=\"summary_large_image\" \/>\n<meta name=\"twitter:creator\" content=\"@InformeLitoral\" \/>\n<meta name=\"twitter:site\" content=\"@InformeLitoral\" \/>\n<meta name=\"twitter:label1\" content=\"Escrito por\" \/>\n\t<meta name=\"twitter:data1\" content=\"Sebastian\" \/>\n\t<meta name=\"twitter:label2\" content=\"Tiempo de lectura\" \/>\n\t<meta name=\"twitter:data2\" content=\"2 minutos\" \/>\n<script type=\"application\/ld+json\" class=\"yoast-schema-graph\">{\"@context\":\"https:\\\/\\\/schema.org\",\"@graph\":[{\"@type\":\"Article\",\"@id\":\"https:\\\/\\\/informelitoral.com.ar\\\/nuevos-topes-y-aumentos-en-asignaciones-familiares-de-anses-a-partir-de-octubre\\\/#article\",\"isPartOf\":{\"@id\":\"https:\\\/\\\/informelitoral.com.ar\\\/nuevos-topes-y-aumentos-en-asignaciones-familiares-de-anses-a-partir-de-octubre\\\/\"},\"author\":{\"name\":\"Sebastian\",\"@id\":\"https:\\\/\\\/informelitoral.com.ar\\\/#\\\/schema\\\/person\\\/f05f9f461677119578717524b127d6d5\"},\"headline\":\"Nuevos topes y aumentos en asignaciones familiares de ANSES a partir de octubre\",\"datePublished\":\"2025-09-26T11:27:34+00:00\",\"dateModified\":\"2025-09-26T15:38:02+00:00\",\"mainEntityOfPage\":{\"@id\":\"https:\\\/\\\/informelitoral.com.ar\\\/nuevos-topes-y-aumentos-en-asignaciones-familiares-de-anses-a-partir-de-octubre\\\/\"},\"wordCount\":335,\"commentCount\":0,\"publisher\":{\"@id\":\"https:\\\/\\\/informelitoral.com.ar\\\/#organization\"},\"image\":{\"@id\":\"https:\\\/\\\/informelitoral.com.ar\\\/nuevos-topes-y-aumentos-en-asignaciones-familiares-de-anses-a-partir-de-octubre\\\/#primaryimage\"},\"thumbnailUrl\":\"https:\\\/\\\/informelitoral.com.ar\\\/%77%70%2d%63%6f%6e%74%65%6e%74\\\/uploads\\\/2022\\\/03\\\/anses1200.jpg\",\"keywords\":[\"Asignaciones familiares\",\"Aumentos\"],\"articleSection\":[\"Econom\u00eda\"],\"inLanguage\":\"es\",\"potentialAction\":[{\"@type\":\"CommentAction\",\"name\":\"Comment\",\"target\":[\"https:\\\/\\\/informelitoral.com.ar\\\/nuevos-topes-y-aumentos-en-asignaciones-familiares-de-anses-a-partir-de-octubre\\\/#respond\"]}]},{\"@type\":\"WebPage\",\"@id\":\"https:\\\/\\\/informelitoral.com.ar\\\/nuevos-topes-y-aumentos-en-asignaciones-familiares-de-anses-a-partir-de-octubre\\\/\",\"url\":\"https:\\\/\\\/informelitoral.com.ar\\\/nuevos-topes-y-aumentos-en-asignaciones-familiares-de-anses-a-partir-de-octubre\\\/\",\"name\":\"Nuevos topes y aumentos en asignaciones familiares de ANSES a partir de octubre - Informe Litoral\",\"isPartOf\":{\"@id\":\"https:\\\/\\\/informelitoral.com.ar\\\/#website\"},\"primaryImageOfPage\":{\"@id\":\"https:\\\/\\\/informelitoral.com.ar\\\/nuevos-topes-y-aumentos-en-asignaciones-familiares-de-anses-a-partir-de-octubre\\\/#primaryimage\"},\"image\":{\"@id\":\"https:\\\/\\\/informelitoral.com.ar\\\/nuevos-topes-y-aumentos-en-asignaciones-familiares-de-anses-a-partir-de-octubre\\\/#primaryimage\"},\"thumbnailUrl\":\"https:\\\/\\\/informelitoral.com.ar\\\/%77%70%2d%63%6f%6e%74%65%6e%74\\\/uploads\\\/2022\\\/03\\\/anses1200.jpg\",\"datePublished\":\"2025-09-26T11:27:34+00:00\",\"dateModified\":\"2025-09-26T15:38:02+00:00\",\"breadcrumb\":{\"@id\":\"https:\\\/\\\/informelitoral.com.ar\\\/nuevos-topes-y-aumentos-en-asignaciones-familiares-de-anses-a-partir-de-octubre\\\/#breadcrumb\"},\"inLanguage\":\"es\",\"potentialAction\":[{\"@type\":\"ReadAction\",\"target\":[\"https:\\\/\\\/informelitoral.com.ar\\\/nuevos-topes-y-aumentos-en-asignaciones-familiares-de-anses-a-partir-de-octubre\\\/\"]}]},{\"@type\":\"ImageObject\",\"inLanguage\":\"es\",\"@id\":\"https:\\\/\\\/informelitoral.com.ar\\\/nuevos-topes-y-aumentos-en-asignaciones-familiares-de-anses-a-partir-de-octubre\\\/#primaryimage\",\"url\":\"https:\\\/\\\/informelitoral.com.ar\\\/%77%70%2d%63%6f%6e%74%65%6e%74\\\/uploads\\\/2022\\\/03\\\/anses1200.jpg\",\"contentUrl\":\"https:\\\/\\\/informelitoral.com.ar\\\/%77%70%2d%63%6f%6e%74%65%6e%74\\\/uploads\\\/2022\\\/03\\\/anses1200.jpg\",\"width\":1200,\"height\":675},{\"@type\":\"BreadcrumbList\",\"@id\":\"https:\\\/\\\/informelitoral.com.ar\\\/nuevos-topes-y-aumentos-en-asignaciones-familiares-de-anses-a-partir-de-octubre\\\/#breadcrumb\",\"itemListElement\":[{\"@type\":\"ListItem\",\"position\":1,\"name\":\"Portada\",\"item\":\"https:\\\/\\\/informelitoral.com.ar\\\/\"},{\"@type\":\"ListItem\",\"position\":2,\"name\":\"Nuevos topes y aumentos en asignaciones familiares de ANSES a partir de octubre\"}]},{\"@type\":\"WebSite\",\"@id\":\"https:\\\/\\\/informelitoral.com.ar\\\/#website\",\"url\":\"https:\\\/\\\/informelitoral.com.ar\\\/\",\"name\":\"Informe Litoral\",\"description\":\"&quot;Nos informamos&quot; \",\"publisher\":{\"@id\":\"https:\\\/\\\/informelitoral.com.ar\\\/#organization\"},\"potentialAction\":[{\"@type\":\"SearchAction\",\"target\":{\"@type\":\"EntryPoint\",\"urlTemplate\":\"https:\\\/\\\/informelitoral.com.ar\\\/?s={search_term_string}\"},\"query-input\":{\"@type\":\"PropertyValueSpecification\",\"valueRequired\":true,\"valueName\":\"search_term_string\"}}],\"inLanguage\":\"es\"},{\"@type\":\"Organization\",\"@id\":\"https:\\\/\\\/informelitoral.com.ar\\\/#organization\",\"name\":\"Informe Litoral\",\"url\":\"https:\\\/\\\/informelitoral.com.ar\\\/\",\"logo\":{\"@type\":\"ImageObject\",\"inLanguage\":\"es\",\"@id\":\"https:\\\/\\\/informelitoral.com.ar\\\/#\\\/schema\\\/logo\\\/image\\\/\",\"url\":\"https:\\\/\\\/informelitoral.com.ar\\\/%77%70%2d%63%6f%6e%74%65%6e%74\\\/uploads\\\/2021\\\/01\\\/circulo.png\",\"contentUrl\":\"https:\\\/\\\/informelitoral.com.ar\\\/%77%70%2d%63%6f%6e%74%65%6e%74\\\/uploads\\\/2021\\\/01\\\/circulo.png\",\"width\":723,\"height\":731,\"caption\":\"Informe Litoral\"},\"image\":{\"@id\":\"https:\\\/\\\/informelitoral.com.ar\\\/#\\\/schema\\\/logo\\\/image\\\/\"},\"sameAs\":[\"https:\\\/\\\/www.facebook.com\\\/informelitoral\\\/\",\"https:\\\/\\\/x.com\\\/InformeLitoral\",\"https:\\\/\\\/www.instagram.com\\\/informelitoral\\\/\",\"https:\\\/\\\/www.youtube.com\\\/channel\\\/UCua4Qvz8Icb6MYqhoq9xLXw\"]},{\"@type\":\"Person\",\"@id\":\"https:\\\/\\\/informelitoral.com.ar\\\/#\\\/schema\\\/person\\\/f05f9f461677119578717524b127d6d5\",\"name\":\"Sebastian\",\"image\":{\"@type\":\"ImageObject\",\"inLanguage\":\"es\",\"@id\":\"https:\\\/\\\/secure.gravatar.com\\\/avatar\\\/b71bf7481d447dfb9583c7f2798e7cc64de6efb9067b74633ed8c31059a3bd82?s=96&d=mm&r=g\",\"url\":\"https:\\\/\\\/secure.gravatar.com\\\/avatar\\\/b71bf7481d447dfb9583c7f2798e7cc64de6efb9067b74633ed8c31059a3bd82?s=96&d=mm&r=g\",\"contentUrl\":\"https:\\\/\\\/secure.gravatar.com\\\/avatar\\\/b71bf7481d447dfb9583c7f2798e7cc64de6efb9067b74633ed8c31059a3bd82?s=96&d=mm&r=g\",\"caption\":\"Sebastian\"},\"url\":\"https:\\\/\\\/informelitoral.com.ar\\\/author\\\/sebastian\\\/\"}]}<\/script>","yoast_head_json":{"title":"Nuevos topes y aumentos en asignaciones familiares de ANSES a partir de octubre - Informe Litoral","robots":{"index":"index","follow":"follow","max-snippet":"max-snippet:-1","max-image-preview":"max-image-preview:large","max-video-preview":"max-video-preview:-1"},"canonical":"https:\/\/informelitoral.com.ar\/nuevos-topes-y-aumentos-en-asignaciones-familiares-de-anses-a-partir-de-octubre\/","og_locale":"es_ES","og_type":"article","og_title":"Nuevos topes y aumentos en asignaciones familiares de ANSES a partir de octubre - Informe Litoral","og_description":"El incremento del 1,88% rige desde el pr\u00f3ximo mes, pero establece l\u00edmites estrictos para los ingresos individuales y del grupo familiar.","og_url":"https:\/\/informelitoral.com.ar\/nuevos-topes-y-aumentos-en-asignaciones-familiares-de-anses-a-partir-de-octubre\/","og_site_name":"Informe Litoral","article_publisher":"https:\/\/www.facebook.com\/informelitoral\/","article_published_time":"2025-09-26T11:27:34+00:00","article_modified_time":"2025-09-26T15:38:02+00:00","og_image":[{"width":1200,"height":675,"url":"https:\/\/informelitoral.com.ar\/%77%70%2d%63%6f%6e%74%65%6e%74\/uploads\/2022\/03\/anses1200.jpg","type":"image\/jpeg"}],"author":"Sebastian","twitter_card":"summary_large_image","twitter_creator":"@InformeLitoral","twitter_site":"@InformeLitoral","twitter_misc":{"Escrito por":"Sebastian","Tiempo de lectura":"2 minutos"},"schema":{"@context":"https:\/\/schema.org","@graph":[{"@type":"Article","@id":"https:\/\/informelitoral.com.ar\/nuevos-topes-y-aumentos-en-asignaciones-familiares-de-anses-a-partir-de-octubre\/#article","isPartOf":{"@id":"https:\/\/informelitoral.com.ar\/nuevos-topes-y-aumentos-en-asignaciones-familiares-de-anses-a-partir-de-octubre\/"},"author":{"name":"Sebastian","@id":"https:\/\/informelitoral.com.ar\/#\/schema\/person\/f05f9f461677119578717524b127d6d5"},"headline":"Nuevos topes y aumentos en asignaciones familiares de ANSES a partir de octubre","datePublished":"2025-09-26T11:27:34+00:00","dateModified":"2025-09-26T15:38:02+00:00","mainEntityOfPage":{"@id":"https:\/\/informelitoral.com.ar\/nuevos-topes-y-aumentos-en-asignaciones-familiares-de-anses-a-partir-de-octubre\/"},"wordCount":335,"commentCount":0,"publisher":{"@id":"https:\/\/informelitoral.com.ar\/#organization"},"image":{"@id":"https:\/\/informelitoral.com.ar\/nuevos-topes-y-aumentos-en-asignaciones-familiares-de-anses-a-partir-de-octubre\/#primaryimage"},"thumbnailUrl":"https:\/\/informelitoral.com.ar\/%77%70%2d%63%6f%6e%74%65%6e%74\/uploads\/2022\/03\/anses1200.jpg","keywords":["Asignaciones familiares","Aumentos"],"articleSection":["Econom\u00eda"],"inLanguage":"es","potentialAction":[{"@type":"CommentAction","name":"Comment","target":["https:\/\/informelitoral.com.ar\/nuevos-topes-y-aumentos-en-asignaciones-familiares-de-anses-a-partir-de-octubre\/#respond"]}]},{"@type":"WebPage","@id":"https:\/\/informelitoral.com.ar\/nuevos-topes-y-aumentos-en-asignaciones-familiares-de-anses-a-partir-de-octubre\/","url":"https:\/\/informelitoral.com.ar\/nuevos-topes-y-aumentos-en-asignaciones-familiares-de-anses-a-partir-de-octubre\/","name":"Nuevos topes y aumentos en asignaciones familiares de ANSES a partir de octubre - Informe Litoral","isPartOf":{"@id":"https:\/\/informelitoral.com.ar\/#website"},"primaryImageOfPage":{"@id":"https:\/\/informelitoral.com.ar\/nuevos-topes-y-aumentos-en-asignaciones-familiares-de-anses-a-partir-de-octubre\/#primaryimage"},"image":{"@id":"https:\/\/informelitoral.com.ar\/nuevos-topes-y-aumentos-en-asignaciones-familiares-de-anses-a-partir-de-octubre\/#primaryimage"},"thumbnailUrl":"https:\/\/informelitoral.com.ar\/%77%70%2d%63%6f%6e%74%65%6e%74\/uploads\/2022\/03\/anses1200.jpg","datePublished":"2025-09-26T11:27:34+00:00","dateModified":"2025-09-26T15:38:02+00:00","breadcrumb":{"@id":"https:\/\/informelitoral.com.ar\/nuevos-topes-y-aumentos-en-asignaciones-familiares-de-anses-a-partir-de-octubre\/#breadcrumb"},"inLanguage":"es","potentialAction":[{"@type":"ReadAction","target":["https:\/\/informelitoral.com.ar\/nuevos-topes-y-aumentos-en-asignaciones-familiares-de-anses-a-partir-de-octubre\/"]}]},{"@type":"ImageObject","inLanguage":"es","@id":"https:\/\/informelitoral.com.ar\/nuevos-topes-y-aumentos-en-asignaciones-familiares-de-anses-a-partir-de-octubre\/#primaryimage","url":"https:\/\/informelitoral.com.ar\/%77%70%2d%63%6f%6e%74%65%6e%74\/uploads\/2022\/03\/anses1200.jpg","contentUrl":"https:\/\/informelitoral.com.ar\/%77%70%2d%63%6f%6e%74%65%6e%74\/uploads\/2022\/03\/anses1200.jpg","width":1200,"height":675},{"@type":"BreadcrumbList","@id":"https:\/\/informelitoral.com.ar\/nuevos-topes-y-aumentos-en-asignaciones-familiares-de-anses-a-partir-de-octubre\/#breadcrumb","itemListElement":[{"@type":"ListItem","position":1,"name":"Portada","item":"https:\/\/informelitoral.com.ar\/"},{"@type":"ListItem","position":2,"name":"Nuevos topes y aumentos en asignaciones familiares de ANSES a partir de octubre"}]},{"@type":"WebSite","@id":"https:\/\/informelitoral.com.ar\/#website","url":"https:\/\/informelitoral.com.ar\/","name":"Informe Litoral","description":"&quot;Nos informamos&quot; ","publisher":{"@id":"https:\/\/informelitoral.com.ar\/#organization"},"potentialAction":[{"@type":"SearchAction","target":{"@type":"EntryPoint","urlTemplate":"https:\/\/informelitoral.com.ar\/?s={search_term_string}"},"query-input":{"@type":"PropertyValueSpecification","valueRequired":true,"valueName":"search_term_string"}}],"inLanguage":"es"},{"@type":"Organization","@id":"https:\/\/informelitoral.com.ar\/#organization","name":"Informe Litoral","url":"https:\/\/informelitoral.com.ar\/","logo":{"@type":"ImageObject","inLanguage":"es","@id":"https:\/\/informelitoral.com.ar\/#\/schema\/logo\/image\/","url":"https:\/\/informelitoral.com.ar\/%77%70%2d%63%6f%6e%74%65%6e%74\/uploads\/2021\/01\/circulo.png","contentUrl":"https:\/\/informelitoral.com.ar\/%77%70%2d%63%6f%6e%74%65%6e%74\/uploads\/2021\/01\/circulo.png","width":723,"height":731,"caption":"Informe Litoral"},"image":{"@id":"https:\/\/informelitoral.com.ar\/#\/schema\/logo\/image\/"},"sameAs":["https:\/\/www.facebook.com\/informelitoral\/","https:\/\/x.com\/InformeLitoral","https:\/\/www.instagram.com\/informelitoral\/","https:\/\/www.youtube.com\/channel\/UCua4Qvz8Icb6MYqhoq9xLXw"]},{"@type":"Person","@id":"https:\/\/informelitoral.com.ar\/#\/schema\/person\/f05f9f461677119578717524b127d6d5","name":"Sebastian","image":{"@type":"ImageObject","inLanguage":"es","@id":"https:\/\/secure.gravatar.com\/avatar\/b71bf7481d447dfb9583c7f2798e7cc64de6efb9067b74633ed8c31059a3bd82?s=96&d=mm&r=g","url":"https:\/\/secure.gravatar.com\/avatar\/b71bf7481d447dfb9583c7f2798e7cc64de6efb9067b74633ed8c31059a3bd82?s=96&d=mm&r=g","contentUrl":"https:\/\/secure.gravatar.com\/avatar\/b71bf7481d447dfb9583c7f2798e7cc64de6efb9067b74633ed8c31059a3bd82?s=96&d=mm&r=g","caption":"Sebastian"},"url":"https:\/\/informelitoral.com.ar\/author\/sebastian\/"}]}},"_links":{"self":[{"href":"https:\/\/informelitoral.com.ar\/%77%70%2d%6a%73%6f%6e\/wp\/v2\/posts\/235205","targetHints":{"allow":["GET"]}}],"collection":[{"href":"https:\/\/informelitoral.com.ar\/%77%70%2d%6a%73%6f%6e\/wp\/v2\/posts"}],"about":[{"href":"https:\/\/informelitoral.com.ar\/%77%70%2d%6a%73%6f%6e\/wp\/v2\/types\/post"}],"author":[{"embeddable":true,"href":"https:\/\/informelitoral.com.ar\/%77%70%2d%6a%73%6f%6e\/wp\/v2\/users\/8"}],"replies":[{"embeddable":true,"href":"https:\/\/informelitoral.com.ar\/%77%70%2d%6a%73%6f%6e\/wp\/v2\/comments?post=235205"}],"version-history":[{"count":3,"href":"https:\/\/informelitoral.com.ar\/%77%70%2d%6a%73%6f%6e\/wp\/v2\/posts\/235205\/revisions"}],"predecessor-version":[{"id":235315,"href":"https:\/\/informelitoral.com.ar\/%77%70%2d%6a%73%6f%6e\/wp\/v2\/posts\/235205\/revisions\/235315"}],"wp:featuredmedia":[{"embeddable":true,"href":"https:\/\/informelitoral.com.ar\/%77%70%2d%6a%73%6f%6e\/wp\/v2\/media\/72746"}],"wp:attachment":[{"href":"https:\/\/informelitoral.com.ar\/%77%70%2d%6a%73%6f%6e\/wp\/v2\/media?parent=235205"}],"wp:term":[{"taxonomy":"category","embeddable":true,"href":"https:\/\/informelitoral.com.ar\/%77%70%2d%6a%73%6f%6e\/wp\/v2\/categories?post=235205"},{"taxonomy":"post_tag","embeddable":true,"href":"https:\/\/informelitoral.com.ar\/%77%70%2d%6a%73%6f%6e\/wp\/v2\/tags?post=235205"}],"curies":[{"name":"wp","href":"https:\/\/api.w.org\/{rel}","templated":true}]}}