{"id":2352,"date":"2013-07-05T21:25:53","date_gmt":"2013-07-06T00:25:53","guid":{"rendered":"http:\/\/www.isletasnoticias.com.ar\/?p=2352"},"modified":"2013-07-05T21:25:53","modified_gmt":"2013-07-06T00:25:53","slug":"buzzi-y-etchevehere-dicen-que-habra-que-importar-trigo-desde-uruguay-a-fin-de-ano","status":"publish","type":"post","link":"https:\/\/informelitoral.com.ar\/buzzi-y-etchevehere-dicen-que-habra-que-importar-trigo-desde-uruguay-a-fin-de-ano\/","title":{"rendered":"Buzzi y Etchevehere dicen que habr\u00e1 que importar trigo desde Uruguay a fin de a\u00f1o"},"content":{"rendered":"<p><strong>Los l\u00edderes de la Federaci\u00f3n Agraria y de la Sociedad Rural coincidieron en que los productores no tienen m\u00e1s trigo para vender y vaticinaron problemas para los \u00faltimos meses de 2013 y para el 2014: \u00abEs un papelon\u00bb.<\/strong><\/p>\n<p><img loading=\"lazy\" decoding=\"async\" class=\"size-medium wp-image-2353 alignright\" alt=\"buzi\" src=\"http:\/\/www.isletasnoticias.com.ar\/%77%70%2d%63%6f%6e%74%65%6e%74\/uploads\/2013\/07\/buzi-300x133.jpg\" width=\"300\" height=\"133\" srcset=\"https:\/\/informelitoral.com.ar\/%77%70%2d%63%6f%6e%74%65%6e%74\/uploads\/2013\/07\/buzi-300x133.jpg 300w, https:\/\/informelitoral.com.ar\/%77%70%2d%63%6f%6e%74%65%6e%74\/uploads\/2013\/07\/buzi.jpg 960w\" sizes=\"auto, (max-width: 300px) 100vw, 300px\" \/><\/p>\n<p>\u00abLos exportadores tienen una porci\u00f3n de trigo, es cierto. Pero ojo que la disponibilidad es muy escasa. Hay riesgo de que lleguemos a diciembre, el mes en el que se cosecha, y por todas las barrabasadas del poronga Moreno terminemos importando trigo desde Uruguay\u00bb, declar\u00f3<strong> Eduardo Buzzi<\/strong> en di\u00e1logo con radio <em>Mitre<\/em>, seg\u00fan publica<em> Infobae.<\/em><br \/>\nDe ese modo el funcionario se refiri\u00f3 a las dificultades en el mercado interno de trigo y a las \u00faltimas medidas adoptadas por el Secretario de Comercio Interior con el objetivo de bajar el precio de la harina y, consecuentemente, de los productos panificados.<\/p>\n<p>Buzzi vaticin\u00f3 que en el corto plazo \u00abel trigo va a aparecer\u00bb y probablemente la pr\u00f3xima semana el mercado \u00abtienda a normalizarse\u00bb. \u00abComo pas\u00f3 con el d\u00f3lar blue, las actitudes prepotentes de esta naturaleza surten alg\u00fan efecto de corto plazo, pero queda claro que el m\u00e9todo es equivocado\u00bb, enfatiz\u00f3.<\/p>\n<p>El titular de la Federaci\u00f3n Agraria record\u00f3 que \u00abel poco y mal trigo\u00bb que se cosech\u00f3 el a\u00f1o pasado ya fue vendido, por lo que desestim\u00f3 que la Ley de Abastecimiento sea utilizada para sancionar a productores agropecuarios. \u00abEl se\u00f1or Moreno es un fracasado y queda demostrado con la prepotencia en la que se llevan las pol\u00edticas en el pa\u00eds\u00bb, suscribi\u00f3.<\/p>\n<p>En la misma l\u00ednea, el titular de la Sociedad Rural,<strong> Luis Etchehevere<\/strong>,\u00a0 record\u00f3 que el a\u00f1o pasado se vendieron 9 millones de toneladas de trigo, cuando el mercado interno necesita 6 para un correcto abastecimiento.<\/p>\n<p>\u00abLamentablemente no sabemos d\u00f3nde est\u00e1 el trigo. Eso se lo deben preguntar al secretario Moreno, a los exportadores y a los molineros\u00bb, indic\u00f3.<\/p>\n<p>El ruralista pronostic\u00f3 que el a\u00f1o pr\u00f3ximo habr\u00eda mayores inconvenientes ya que muchos productores tienen previsto dejar de orientar sus campos al trigo, ya que los precios a futuro est\u00e1n por debajo de los 200 d\u00f3lares.<\/p>\n<p>\u00abHoy el productor est\u00e1 sacando cuentas para ver si siembra o no trigo. Muy poca gente va a sembrar trigo. Las \u00e1reas van a estar retringidas siempre y cuando no cambien estas pol\u00edticas\u00bb, complet\u00f3.<\/p>\n","protected":false},"excerpt":{"rendered":"<p>Los l&iacute;deres de la Federaci&oacute;n Agraria y de la Sociedad Rural coincidieron en que los productores no tienen m&aacute;s trigo para vender y vaticinaron problemas para los &uacute;ltimos meses de 2013 y para el 2014: &laquo;Es un papelon&raquo;. &laquo;Los exportadores tienen una porci&oacute;n de trigo, es cierto. Pero ojo que la disponibilidad es muy escasa. [&hellip;]<\/p>\n","protected":false},"author":2,"featured_media":0,"comment_status":"open","ping_status":"open","sticky":false,"template":"","format":"standard","meta":{"fifu_image_url":"","fifu_image_alt":"","footnotes":""},"categories":[10],"tags":[],"class_list":{"0":"post-2352","1":"post","2":"type-post","3":"status-publish","4":"format-standard","6":"category-campo"},"yoast_head":"<title>Buzzi y Etchevehere dicen que habr\u00e1 que importar trigo desde Uruguay a fin de a\u00f1o - Informe Litoral<\/title>\n<meta name=\"robots\" content=\"index, follow, max-snippet:-1, max-image-preview:large, max-video-preview:-1\" \/>\n<link rel=\"canonical\" href=\"https:\/\/informelitoral.com.ar\/buzzi-y-etchevehere-dicen-que-habra-que-importar-trigo-desde-uruguay-a-fin-de-ano\/\" \/>\n<meta property=\"og:locale\" content=\"es_ES\" \/>\n<meta property=\"og:type\" content=\"article\" \/>\n<meta property=\"og:title\" content=\"Buzzi y Etchevehere dicen que habr\u00e1 que importar trigo desde Uruguay a fin de a\u00f1o - Informe Litoral\" \/>\n<meta property=\"og:description\" content=\"Los l&iacute;deres de la Federaci&oacute;n Agraria y de la Sociedad Rural coincidieron en que los productores no tienen m&aacute;s trigo para vender y vaticinaron problemas para los &uacute;ltimos meses de 2013 y para el 2014: &laquo;Es un papelon&raquo;. &laquo;Los exportadores tienen una porci&oacute;n de trigo, es cierto. Pero ojo que la disponibilidad es muy escasa. [&hellip;]\" \/>\n<meta property=\"og:url\" content=\"https:\/\/informelitoral.com.ar\/buzzi-y-etchevehere-dicen-que-habra-que-importar-trigo-desde-uruguay-a-fin-de-ano\/\" \/>\n<meta property=\"og:site_name\" content=\"Informe Litoral\" \/>\n<meta property=\"article:publisher\" content=\"https:\/\/www.facebook.com\/informelitoral\/\" \/>\n<meta property=\"article:published_time\" content=\"2013-07-06T00:25:53+00:00\" \/>\n<meta property=\"og:image\" content=\"https:\/\/informelitoral.com.ar\/%77%70%2d%63%6f%6e%74%65%6e%74\/uploads\/2013\/07\/buzi.jpg\" \/>\n\t<meta property=\"og:image:width\" content=\"960\" \/>\n\t<meta property=\"og:image:height\" content=\"426\" \/>\n\t<meta property=\"og:image:type\" content=\"image\/jpeg\" \/>\n<meta name=\"author\" content=\"Gonzalo Schmidt\" \/>\n<meta name=\"twitter:card\" content=\"summary_large_image\" \/>\n<meta name=\"twitter:creator\" content=\"@InformeLitoral\" \/>\n<meta name=\"twitter:site\" content=\"@InformeLitoral\" \/>\n<meta name=\"twitter:label1\" content=\"Escrito por\" \/>\n\t<meta name=\"twitter:data1\" content=\"Gonzalo Schmidt\" \/>\n\t<meta name=\"twitter:label2\" content=\"Tiempo de lectura\" \/>\n\t<meta name=\"twitter:data2\" content=\"2 minutos\" \/>\n<script type=\"application\/ld+json\" class=\"yoast-schema-graph\">{\"@context\":\"https:\\\/\\\/schema.org\",\"@graph\":[{\"@type\":\"Article\",\"@id\":\"https:\\\/\\\/informelitoral.com.ar\\\/buzzi-y-etchevehere-dicen-que-habra-que-importar-trigo-desde-uruguay-a-fin-de-ano\\\/#article\",\"isPartOf\":{\"@id\":\"https:\\\/\\\/informelitoral.com.ar\\\/buzzi-y-etchevehere-dicen-que-habra-que-importar-trigo-desde-uruguay-a-fin-de-ano\\\/\"},\"author\":{\"name\":\"Gonzalo Schmidt\",\"@id\":\"https:\\\/\\\/informelitoral.com.ar\\\/#\\\/schema\\\/person\\\/b9d00407c836482871ef1d57bf8e3180\"},\"headline\":\"Buzzi y Etchevehere dicen que habr\u00e1 que importar trigo desde Uruguay a fin de a\u00f1o\",\"datePublished\":\"2013-07-06T00:25:53+00:00\",\"mainEntityOfPage\":{\"@id\":\"https:\\\/\\\/informelitoral.com.ar\\\/buzzi-y-etchevehere-dicen-que-habra-que-importar-trigo-desde-uruguay-a-fin-de-ano\\\/\"},\"wordCount\":410,\"commentCount\":0,\"publisher\":{\"@id\":\"https:\\\/\\\/informelitoral.com.ar\\\/#organization\"},\"image\":{\"@id\":\"https:\\\/\\\/informelitoral.com.ar\\\/buzzi-y-etchevehere-dicen-que-habra-que-importar-trigo-desde-uruguay-a-fin-de-ano\\\/#primaryimage\"},\"thumbnailUrl\":\"http:\\\/\\\/www.isletasnoticias.com.ar\\\/%77%70%2d%63%6f%6e%74%65%6e%74\\\/uploads\\\/2013\\\/07\\\/buzi-300x133.jpg\",\"articleSection\":[\"Campo\"],\"inLanguage\":\"es\",\"potentialAction\":[{\"@type\":\"CommentAction\",\"name\":\"Comment\",\"target\":[\"https:\\\/\\\/informelitoral.com.ar\\\/buzzi-y-etchevehere-dicen-que-habra-que-importar-trigo-desde-uruguay-a-fin-de-ano\\\/#respond\"]}]},{\"@type\":\"WebPage\",\"@id\":\"https:\\\/\\\/informelitoral.com.ar\\\/buzzi-y-etchevehere-dicen-que-habra-que-importar-trigo-desde-uruguay-a-fin-de-ano\\\/\",\"url\":\"https:\\\/\\\/informelitoral.com.ar\\\/buzzi-y-etchevehere-dicen-que-habra-que-importar-trigo-desde-uruguay-a-fin-de-ano\\\/\",\"name\":\"Buzzi y Etchevehere dicen que habr\u00e1 que importar trigo desde Uruguay a fin de a\u00f1o - Informe Litoral\",\"isPartOf\":{\"@id\":\"https:\\\/\\\/informelitoral.com.ar\\\/#website\"},\"primaryImageOfPage\":{\"@id\":\"https:\\\/\\\/informelitoral.com.ar\\\/buzzi-y-etchevehere-dicen-que-habra-que-importar-trigo-desde-uruguay-a-fin-de-ano\\\/#primaryimage\"},\"image\":{\"@id\":\"https:\\\/\\\/informelitoral.com.ar\\\/buzzi-y-etchevehere-dicen-que-habra-que-importar-trigo-desde-uruguay-a-fin-de-ano\\\/#primaryimage\"},\"thumbnailUrl\":\"http:\\\/\\\/www.isletasnoticias.com.ar\\\/%77%70%2d%63%6f%6e%74%65%6e%74\\\/uploads\\\/2013\\\/07\\\/buzi-300x133.jpg\",\"datePublished\":\"2013-07-06T00:25:53+00:00\",\"breadcrumb\":{\"@id\":\"https:\\\/\\\/informelitoral.com.ar\\\/buzzi-y-etchevehere-dicen-que-habra-que-importar-trigo-desde-uruguay-a-fin-de-ano\\\/#breadcrumb\"},\"inLanguage\":\"es\",\"potentialAction\":[{\"@type\":\"ReadAction\",\"target\":[\"https:\\\/\\\/informelitoral.com.ar\\\/buzzi-y-etchevehere-dicen-que-habra-que-importar-trigo-desde-uruguay-a-fin-de-ano\\\/\"]}]},{\"@type\":\"ImageObject\",\"inLanguage\":\"es\",\"@id\":\"https:\\\/\\\/informelitoral.com.ar\\\/buzzi-y-etchevehere-dicen-que-habra-que-importar-trigo-desde-uruguay-a-fin-de-ano\\\/#primaryimage\",\"url\":\"http:\\\/\\\/www.isletasnoticias.com.ar\\\/%77%70%2d%63%6f%6e%74%65%6e%74\\\/uploads\\\/2013\\\/07\\\/buzi-300x133.jpg\",\"contentUrl\":\"http:\\\/\\\/www.isletasnoticias.com.ar\\\/%77%70%2d%63%6f%6e%74%65%6e%74\\\/uploads\\\/2013\\\/07\\\/buzi-300x133.jpg\"},{\"@type\":\"BreadcrumbList\",\"@id\":\"https:\\\/\\\/informelitoral.com.ar\\\/buzzi-y-etchevehere-dicen-que-habra-que-importar-trigo-desde-uruguay-a-fin-de-ano\\\/#breadcrumb\",\"itemListElement\":[{\"@type\":\"ListItem\",\"position\":1,\"name\":\"Portada\",\"item\":\"https:\\\/\\\/informelitoral.com.ar\\\/\"},{\"@type\":\"ListItem\",\"position\":2,\"name\":\"Buzzi y Etchevehere dicen que habr\u00e1 que importar trigo desde Uruguay a fin de a\u00f1o\"}]},{\"@type\":\"WebSite\",\"@id\":\"https:\\\/\\\/informelitoral.com.ar\\\/#website\",\"url\":\"https:\\\/\\\/informelitoral.com.ar\\\/\",\"name\":\"Informe Litoral\",\"description\":\"&quot;Nos informamos&quot; \",\"publisher\":{\"@id\":\"https:\\\/\\\/informelitoral.com.ar\\\/#organization\"},\"potentialAction\":[{\"@type\":\"SearchAction\",\"target\":{\"@type\":\"EntryPoint\",\"urlTemplate\":\"https:\\\/\\\/informelitoral.com.ar\\\/?s={search_term_string}\"},\"query-input\":{\"@type\":\"PropertyValueSpecification\",\"valueRequired\":true,\"valueName\":\"search_term_string\"}}],\"inLanguage\":\"es\"},{\"@type\":\"Organization\",\"@id\":\"https:\\\/\\\/informelitoral.com.ar\\\/#organization\",\"name\":\"Informe Litoral\",\"url\":\"https:\\\/\\\/informelitoral.com.ar\\\/\",\"logo\":{\"@type\":\"ImageObject\",\"inLanguage\":\"es\",\"@id\":\"https:\\\/\\\/informelitoral.com.ar\\\/#\\\/schema\\\/logo\\\/image\\\/\",\"url\":\"https:\\\/\\\/informelitoral.com.ar\\\/%77%70%2d%63%6f%6e%74%65%6e%74\\\/uploads\\\/2021\\\/01\\\/circulo.png\",\"contentUrl\":\"https:\\\/\\\/informelitoral.com.ar\\\/%77%70%2d%63%6f%6e%74%65%6e%74\\\/uploads\\\/2021\\\/01\\\/circulo.png\",\"width\":723,\"height\":731,\"caption\":\"Informe Litoral\"},\"image\":{\"@id\":\"https:\\\/\\\/informelitoral.com.ar\\\/#\\\/schema\\\/logo\\\/image\\\/\"},\"sameAs\":[\"https:\\\/\\\/www.facebook.com\\\/informelitoral\\\/\",\"https:\\\/\\\/x.com\\\/InformeLitoral\",\"https:\\\/\\\/www.instagram.com\\\/informelitoral\\\/\",\"https:\\\/\\\/www.youtube.com\\\/channel\\\/UCua4Qvz8Icb6MYqhoq9xLXw\"]},{\"@type\":\"Person\",\"@id\":\"https:\\\/\\\/informelitoral.com.ar\\\/#\\\/schema\\\/person\\\/b9d00407c836482871ef1d57bf8e3180\",\"name\":\"Gonzalo Schmidt\",\"image\":{\"@type\":\"ImageObject\",\"inLanguage\":\"es\",\"@id\":\"https:\\\/\\\/secure.gravatar.com\\\/avatar\\\/31a1a7b66ff2de83bd0e9fd79d026630d2d99e55e8bfe501287647b4fd9743de?s=96&d=mm&r=g\",\"url\":\"https:\\\/\\\/secure.gravatar.com\\\/avatar\\\/31a1a7b66ff2de83bd0e9fd79d026630d2d99e55e8bfe501287647b4fd9743de?s=96&d=mm&r=g\",\"contentUrl\":\"https:\\\/\\\/secure.gravatar.com\\\/avatar\\\/31a1a7b66ff2de83bd0e9fd79d026630d2d99e55e8bfe501287647b4fd9743de?s=96&d=mm&r=g\",\"caption\":\"Gonzalo Schmidt\"},\"description\":\"Sitio web de noticias de la provincia de Entre R\u00edos, Argentina. Informaci\u00f3n y entretenimiento. Informe Litoral, nos informamos.\",\"sameAs\":[\"http:\\\/\\\/www.isletasnoticias.com.ar\"],\"url\":\"https:\\\/\\\/informelitoral.com.ar\\\/author\\\/gonzalo\\\/\"}]}<\/script>","yoast_head_json":{"title":"Buzzi y Etchevehere dicen que habr\u00e1 que importar trigo desde Uruguay a fin de a\u00f1o - Informe Litoral","robots":{"index":"index","follow":"follow","max-snippet":"max-snippet:-1","max-image-preview":"max-image-preview:large","max-video-preview":"max-video-preview:-1"},"canonical":"https:\/\/informelitoral.com.ar\/buzzi-y-etchevehere-dicen-que-habra-que-importar-trigo-desde-uruguay-a-fin-de-ano\/","og_locale":"es_ES","og_type":"article","og_title":"Buzzi y Etchevehere dicen que habr\u00e1 que importar trigo desde Uruguay a fin de a\u00f1o - Informe Litoral","og_description":"Los l&iacute;deres de la Federaci&oacute;n Agraria y de la Sociedad Rural coincidieron en que los productores no tienen m&aacute;s trigo para vender y vaticinaron problemas para los &uacute;ltimos meses de 2013 y para el 2014: &laquo;Es un papelon&raquo;. &laquo;Los exportadores tienen una porci&oacute;n de trigo, es cierto. Pero ojo que la disponibilidad es muy escasa. [&hellip;]","og_url":"https:\/\/informelitoral.com.ar\/buzzi-y-etchevehere-dicen-que-habra-que-importar-trigo-desde-uruguay-a-fin-de-ano\/","og_site_name":"Informe Litoral","article_publisher":"https:\/\/www.facebook.com\/informelitoral\/","article_published_time":"2013-07-06T00:25:53+00:00","og_image":[{"width":960,"height":426,"url":"https:\/\/informelitoral.com.ar\/%77%70%2d%63%6f%6e%74%65%6e%74\/uploads\/2013\/07\/buzi.jpg","type":"image\/jpeg"}],"author":"Gonzalo Schmidt","twitter_card":"summary_large_image","twitter_creator":"@InformeLitoral","twitter_site":"@InformeLitoral","twitter_misc":{"Escrito por":"Gonzalo Schmidt","Tiempo de lectura":"2 minutos"},"schema":{"@context":"https:\/\/schema.org","@graph":[{"@type":"Article","@id":"https:\/\/informelitoral.com.ar\/buzzi-y-etchevehere-dicen-que-habra-que-importar-trigo-desde-uruguay-a-fin-de-ano\/#article","isPartOf":{"@id":"https:\/\/informelitoral.com.ar\/buzzi-y-etchevehere-dicen-que-habra-que-importar-trigo-desde-uruguay-a-fin-de-ano\/"},"author":{"name":"Gonzalo Schmidt","@id":"https:\/\/informelitoral.com.ar\/#\/schema\/person\/b9d00407c836482871ef1d57bf8e3180"},"headline":"Buzzi y Etchevehere dicen que habr\u00e1 que importar trigo desde Uruguay a fin de a\u00f1o","datePublished":"2013-07-06T00:25:53+00:00","mainEntityOfPage":{"@id":"https:\/\/informelitoral.com.ar\/buzzi-y-etchevehere-dicen-que-habra-que-importar-trigo-desde-uruguay-a-fin-de-ano\/"},"wordCount":410,"commentCount":0,"publisher":{"@id":"https:\/\/informelitoral.com.ar\/#organization"},"image":{"@id":"https:\/\/informelitoral.com.ar\/buzzi-y-etchevehere-dicen-que-habra-que-importar-trigo-desde-uruguay-a-fin-de-ano\/#primaryimage"},"thumbnailUrl":"http:\/\/www.isletasnoticias.com.ar\/%77%70%2d%63%6f%6e%74%65%6e%74\/uploads\/2013\/07\/buzi-300x133.jpg","articleSection":["Campo"],"inLanguage":"es","potentialAction":[{"@type":"CommentAction","name":"Comment","target":["https:\/\/informelitoral.com.ar\/buzzi-y-etchevehere-dicen-que-habra-que-importar-trigo-desde-uruguay-a-fin-de-ano\/#respond"]}]},{"@type":"WebPage","@id":"https:\/\/informelitoral.com.ar\/buzzi-y-etchevehere-dicen-que-habra-que-importar-trigo-desde-uruguay-a-fin-de-ano\/","url":"https:\/\/informelitoral.com.ar\/buzzi-y-etchevehere-dicen-que-habra-que-importar-trigo-desde-uruguay-a-fin-de-ano\/","name":"Buzzi y Etchevehere dicen que habr\u00e1 que importar trigo desde Uruguay a fin de a\u00f1o - Informe Litoral","isPartOf":{"@id":"https:\/\/informelitoral.com.ar\/#website"},"primaryImageOfPage":{"@id":"https:\/\/informelitoral.com.ar\/buzzi-y-etchevehere-dicen-que-habra-que-importar-trigo-desde-uruguay-a-fin-de-ano\/#primaryimage"},"image":{"@id":"https:\/\/informelitoral.com.ar\/buzzi-y-etchevehere-dicen-que-habra-que-importar-trigo-desde-uruguay-a-fin-de-ano\/#primaryimage"},"thumbnailUrl":"http:\/\/www.isletasnoticias.com.ar\/%77%70%2d%63%6f%6e%74%65%6e%74\/uploads\/2013\/07\/buzi-300x133.jpg","datePublished":"2013-07-06T00:25:53+00:00","breadcrumb":{"@id":"https:\/\/informelitoral.com.ar\/buzzi-y-etchevehere-dicen-que-habra-que-importar-trigo-desde-uruguay-a-fin-de-ano\/#breadcrumb"},"inLanguage":"es","potentialAction":[{"@type":"ReadAction","target":["https:\/\/informelitoral.com.ar\/buzzi-y-etchevehere-dicen-que-habra-que-importar-trigo-desde-uruguay-a-fin-de-ano\/"]}]},{"@type":"ImageObject","inLanguage":"es","@id":"https:\/\/informelitoral.com.ar\/buzzi-y-etchevehere-dicen-que-habra-que-importar-trigo-desde-uruguay-a-fin-de-ano\/#primaryimage","url":"http:\/\/www.isletasnoticias.com.ar\/%77%70%2d%63%6f%6e%74%65%6e%74\/uploads\/2013\/07\/buzi-300x133.jpg","contentUrl":"http:\/\/www.isletasnoticias.com.ar\/%77%70%2d%63%6f%6e%74%65%6e%74\/uploads\/2013\/07\/buzi-300x133.jpg"},{"@type":"BreadcrumbList","@id":"https:\/\/informelitoral.com.ar\/buzzi-y-etchevehere-dicen-que-habra-que-importar-trigo-desde-uruguay-a-fin-de-ano\/#breadcrumb","itemListElement":[{"@type":"ListItem","position":1,"name":"Portada","item":"https:\/\/informelitoral.com.ar\/"},{"@type":"ListItem","position":2,"name":"Buzzi y Etchevehere dicen que habr\u00e1 que importar trigo desde Uruguay a fin de a\u00f1o"}]},{"@type":"WebSite","@id":"https:\/\/informelitoral.com.ar\/#website","url":"https:\/\/informelitoral.com.ar\/","name":"Informe Litoral","description":"&quot;Nos informamos&quot; ","publisher":{"@id":"https:\/\/informelitoral.com.ar\/#organization"},"potentialAction":[{"@type":"SearchAction","target":{"@type":"EntryPoint","urlTemplate":"https:\/\/informelitoral.com.ar\/?s={search_term_string}"},"query-input":{"@type":"PropertyValueSpecification","valueRequired":true,"valueName":"search_term_string"}}],"inLanguage":"es"},{"@type":"Organization","@id":"https:\/\/informelitoral.com.ar\/#organization","name":"Informe Litoral","url":"https:\/\/informelitoral.com.ar\/","logo":{"@type":"ImageObject","inLanguage":"es","@id":"https:\/\/informelitoral.com.ar\/#\/schema\/logo\/image\/","url":"https:\/\/informelitoral.com.ar\/%77%70%2d%63%6f%6e%74%65%6e%74\/uploads\/2021\/01\/circulo.png","contentUrl":"https:\/\/informelitoral.com.ar\/%77%70%2d%63%6f%6e%74%65%6e%74\/uploads\/2021\/01\/circulo.png","width":723,"height":731,"caption":"Informe Litoral"},"image":{"@id":"https:\/\/informelitoral.com.ar\/#\/schema\/logo\/image\/"},"sameAs":["https:\/\/www.facebook.com\/informelitoral\/","https:\/\/x.com\/InformeLitoral","https:\/\/www.instagram.com\/informelitoral\/","https:\/\/www.youtube.com\/channel\/UCua4Qvz8Icb6MYqhoq9xLXw"]},{"@type":"Person","@id":"https:\/\/informelitoral.com.ar\/#\/schema\/person\/b9d00407c836482871ef1d57bf8e3180","name":"Gonzalo Schmidt","image":{"@type":"ImageObject","inLanguage":"es","@id":"https:\/\/secure.gravatar.com\/avatar\/31a1a7b66ff2de83bd0e9fd79d026630d2d99e55e8bfe501287647b4fd9743de?s=96&d=mm&r=g","url":"https:\/\/secure.gravatar.com\/avatar\/31a1a7b66ff2de83bd0e9fd79d026630d2d99e55e8bfe501287647b4fd9743de?s=96&d=mm&r=g","contentUrl":"https:\/\/secure.gravatar.com\/avatar\/31a1a7b66ff2de83bd0e9fd79d026630d2d99e55e8bfe501287647b4fd9743de?s=96&d=mm&r=g","caption":"Gonzalo Schmidt"},"description":"Sitio web de noticias de la provincia de Entre R\u00edos, Argentina. Informaci\u00f3n y entretenimiento. Informe Litoral, nos informamos.","sameAs":["http:\/\/www.isletasnoticias.com.ar"],"url":"https:\/\/informelitoral.com.ar\/author\/gonzalo\/"}]}},"_links":{"self":[{"href":"https:\/\/informelitoral.com.ar\/%77%70%2d%6a%73%6f%6e\/wp\/v2\/posts\/2352","targetHints":{"allow":["GET"]}}],"collection":[{"href":"https:\/\/informelitoral.com.ar\/%77%70%2d%6a%73%6f%6e\/wp\/v2\/posts"}],"about":[{"href":"https:\/\/informelitoral.com.ar\/%77%70%2d%6a%73%6f%6e\/wp\/v2\/types\/post"}],"author":[{"embeddable":true,"href":"https:\/\/informelitoral.com.ar\/%77%70%2d%6a%73%6f%6e\/wp\/v2\/users\/2"}],"replies":[{"embeddable":true,"href":"https:\/\/informelitoral.com.ar\/%77%70%2d%6a%73%6f%6e\/wp\/v2\/comments?post=2352"}],"version-history":[{"count":0,"href":"https:\/\/informelitoral.com.ar\/%77%70%2d%6a%73%6f%6e\/wp\/v2\/posts\/2352\/revisions"}],"wp:attachment":[{"href":"https:\/\/informelitoral.com.ar\/%77%70%2d%6a%73%6f%6e\/wp\/v2\/media?parent=2352"}],"wp:term":[{"taxonomy":"category","embeddable":true,"href":"https:\/\/informelitoral.com.ar\/%77%70%2d%6a%73%6f%6e\/wp\/v2\/categories?post=2352"},{"taxonomy":"post_tag","embeddable":true,"href":"https:\/\/informelitoral.com.ar\/%77%70%2d%6a%73%6f%6e\/wp\/v2\/tags?post=2352"}],"curies":[{"name":"wp","href":"https:\/\/api.w.org\/{rel}","templated":true}]}}