{"id":235188,"date":"2025-09-25T22:34:34","date_gmt":"2025-09-26T01:34:34","guid":{"rendered":"https:\/\/informelitoral.com.ar\/?p=235188"},"modified":"2025-09-26T06:37:25","modified_gmt":"2025-09-26T09:37:25","slug":"lanzaron-el-ciclo-de-capacitacion-para-la-implementacion-de-la-boleta-unica-papel","status":"publish","type":"post","link":"https:\/\/informelitoral.com.ar\/lanzaron-el-ciclo-de-capacitacion-para-la-implementacion-de-la-boleta-unica-papel\/","title":{"rendered":"Lanzaron el Ciclo de Capacitaci\u00f3n para la implementaci\u00f3n de la Boleta \u00danica Papel"},"content":{"rendered":"<p>El ciclo propone que agentes especializados recorran la provincia con m\u00f3dulos de informaci\u00f3n sobre la Boleta \u00danica Papel, en qu\u00e9 consiste este nuevo modo de ejercer el derecho a voto, c\u00f3mo ser\u00e1 de ahora m\u00e1s el \u2018cuarto oscuro\u2019, entre otras cuestiones. Estar\u00e1 dirigido a electores seg\u00fan grupos de afinidad, como estudiantes, personas mayores y ciudadanos en general. Tambi\u00e9n prev\u00e9 una modalidad de capacitaci\u00f3n con sentido inclusivo para personas con discapacidad. Fue parte de la presentaci\u00f3n la Directora General de Asuntos Pol\u00edticos, <strong>Fanny Maidana.<\/strong><\/p>\n<h2><strong>\u201cNos espera una provincia con ansias de aprender\u201d<\/strong><\/h2>\n<p><strong>Gustavo Hein<\/strong>, consider\u00f3 que \u201cestamos ante un cambio radical en la manera de votar\u201d mientras que resalt\u00f3 la importancia de este ciclo de capacitaci\u00f3n sobre la Boleta \u00danica Papel. \u201cEs muy importante la docencia, involucrarse\u201d, sostuvo mientras agradeci\u00f3 a las autoridades de \u00e1reas involucradas en la capacitaci\u00f3n por ofrecer \u201cesa capilaridad que se necesita\u201d para llegar a todos los entrerrianos.<\/p>\n<p>El presidente de la c\u00e1mara baja consider\u00f3: \u201cCreo que el ciudadano nos necesita cerca, necesita que hablemos claro, que estudiemos, que propongamos un Estado \u00e1gil. Esa es la funci\u00f3n que tenemos todos los que tenemos responsabilidad en diferentes \u00e1reas\u00bb.<\/p>\n<p>Por ello, el titular de Diputados destac\u00f3 la coordinaci\u00f3n de los tres cuerpos institucionales -Gobierno y ambas c\u00e1maras legislativas- para impulsar el lanzamiento de este ciclo de formaci\u00f3n. \u201cDesde esta C\u00e1mara hemos tomado la decisi\u00f3n de ser un cuerpo m\u00e1s cercano a los ministerios, cercano a la vicegobernaci\u00f3n\u201d, consider\u00f3.<\/p>\n<p>En un auditorio colmado de representantes de medios y comunicadores, Hein destac\u00f3 que \u201cestamos ante un cambio radical en la manera de votar en la provincia de Entre R\u00edos. Doy gracias a cada uno de ustedes por su rol, agradezco por su funci\u00f3n al periodismo, para que esto pueda ser transmitido, difundido. Y, por supuesto, que nos espera una provincia con ansias de aprender esto nuevo que se viene\u201d, finaliz\u00f3.<\/p>\n<h2><strong>Un paso adelante en la vida democr\u00e1tica entrerriana<\/strong><\/h2>\n<p>Al momento de su alocuci\u00f3n, <strong>Alicia Aluani<\/strong> resalt\u00f3 que \u201cla Boleta \u00danica Papel es una forma segura, sencilla y transparente de ejercer el voto, es una herramienta que fortalecer\u00e1 la confianza en el sistema democr\u00e1tico\u201d.<\/p>\n<p>\u201cEste es un momento importante, trascendental en la vida democr\u00e1tica de nuestra provincia\u201d, subray\u00f3 la vicegobernadora, y destac\u00f3 el rol fundamental que medios y comunicadores asumir\u00e1n en esta etapa. \u201cVan no solo a explicar, sino a acercar a los ciudadanos esto que es un cambio profundo en la manera de votar, en forma m\u00e1s segura, sencilla y transparente\u201d.<\/p>\n<p>Aluani, quien adem\u00e1s ejerce la presidencia de la C\u00e1mara de Senadores, entendi\u00f3 que \u201cla democracia no es solamente el rol de las instituciones, sino tambi\u00e9n radica en el conocimiento pleno de los ciudadanos. As\u00ed que esta Boleta \u00danica Papel ser\u00e1 algo nuevo, pero que lo vamos a sostener entre todos; porque no solamente va a garantizar eficacia y transparencia en el momento del voto, sino que tambi\u00e9n har\u00e1 que nuestra provincia d\u00e9 un paso adelante hacia adelante en la vida democr\u00e1tica\u201d, fundament\u00f3.<\/p>\n<p>Y enfatiz\u00f3: \u201cEs una herramienta que fortalecer\u00e1 la confianza en el sistema electoral; no solamente evitar\u00e1 confusiones, sino que har\u00e1 el sistema electoral mucho m\u00e1s simple y \u00e1gil. A partir de ahora, votaremos con seguridad, transparencia y veracidad\u201d, concluy\u00f3.<\/p>\n<h2><strong>Hacer pedagog\u00eda sobre una forma de votar f\u00e1cil e intuitiva, pero nueva<\/strong><\/h2>\n<p>\u201cVenimos a presentar oficialmente todo lo que va a ser el ciclo de capacitaciones sobre Boleta \u00danica Papel\u201d, remarc\u00f3 el ministro de Gobierno y Trabajo, <strong>Manuel Troncoso<\/strong>, mientras enmarc\u00f3 el evento en el proceso de reforma pol\u00edtica que domin\u00f3 la escena legislativa durante el 2024.<\/p>\n<p>\u201cEsta reforma hist\u00f3rica tuvo dos o tres pilares fundamentales. En primer lugar, la codificaci\u00f3n del sistema electoral y leyes electorales de la provincia, que estaban dispersas, diseminadas. Le dimos un sentido jur\u00eddico de cuerpo y logramos codificarla en un c\u00f3digo electoral que por primera vez ordena todo lo referente a los partidos pol\u00edticos y la vida pol\u00edtica y electoral en la ciudadan\u00eda\u201d, fundament\u00f3 Troncoso.<\/p>\n<p>\u201cY obviamente -agreg\u00f3-, el aspecto m\u00e1s llamativo e inteligible de ese proyecto de reforma es la Boleta \u00danica Papel, que para nosotros lo que hace b\u00e1sicamente es transparentar el voto, eficientizarlo, darle rapidez, darle transparencia y ordenar tambi\u00e9n el sistema de votaci\u00f3n\u201d.<\/p>\n<p>Asimismo, el ministro consider\u00f3 que \u201clos cuartos oscuros abarrotados de boletas, el conteo que tardaba horas, la necesidad de fiscales, de impresi\u00f3n de boletas para los partidos pol\u00edticos, el gasto, todo eso tiene que ver con el pasado y con la vieja pol\u00edtica\u201d.<\/p>\n<p>El titular de la cartera de Gobierno y Trabajo se encarg\u00f3 de especificar que el ciclo de capacitaci\u00f3n itinerante que hoy inicia \u00abtiene como idea llegar con la capacitaci\u00f3n de manera homog\u00e9nea a j\u00f3venes, estudiantes, personas mayores, tambi\u00e9n a aquellas con discapacidad, por lo que est\u00e1n involucradas \u00e1reas como Iprodi, CGE y el Ministerio de Desarrollo Humano.<\/p>\n<p>\u201cLo importante es que estamos cerca de la ciudadan\u00eda. Queremos hacer pedagog\u00eda sobre esta nueva forma de votar, que es m\u00e1s sencilla, que es m\u00e1s f\u00e1cil, que es m\u00e1s intuitiva, pero que es nueva\u201d, concluy\u00f3.<\/p>\n<h6><em><strong>Del archivo:\u00a0<a href=\"https:\/\/informelitoral.com.ar\/simulador-de-voto-la-herramienta-para-practicar-con-la-boleta-unica-papel\/\" target=\"_blank\" rel=\"noopener\">Simulador de voto: la herramienta para practicar con la Boleta \u00danica Papel<\/a><\/strong><\/em><\/h6>\n","protected":false},"excerpt":{"rendered":"<p>La vicegobernadora Alicia Aluani, el presidente de la C\u00e1mara de Diputados, Gustavo Hein y el ministro de Gobierno y Trabajo, Manuel Troncoso, encabezaron esta ma\u00f1ana en Vieja Usina el acto de lanzamiento de una instancia de formaci\u00f3n en el uso del nuevo formato de emisi\u00f3n de voto que se usar\u00e1 a partir de las elecciones del pr\u00f3ximo octubre.<\/p>\n","protected":false},"author":2,"featured_media":235189,"comment_status":"open","ping_status":"open","sticky":false,"template":"","format":"standard","meta":{"fifu_image_url":"https:\/\/lh3.googleusercontent.com\/drive-storage\/AJQWtBNWSp_xMbOaPhV6buh7Q-e6Sag0kIbRwaNf47dgqH0QCfqVCf20nJGSpbe8dVerJma0ZSxJQpA2KkTxkkC6hdkZqluVGQ4UX9ZRb-EiUcCUnGs=w2048","fifu_image_alt":"","footnotes":""},"categories":[16],"tags":[4462,3704,5277,1589,4721,45],"class_list":{"0":"post-235188","1":"post","2":"type-post","3":"status-publish","4":"format-standard","5":"has-post-thumbnail","7":"category-politi","8":"tag-alicia-aluani","9":"tag-boleta-unica-de-papel","10":"tag-elecciones-2025","11":"tag-gustavo-hein","12":"tag-manuel-troncoso","13":"tag-parana"},"yoast_head":"<title>Lanzaron el Ciclo de Capacitaci\u00f3n para la implementaci\u00f3n de la Boleta \u00danica Papel - Informe Litoral<\/title>\n<meta name=\"robots\" content=\"index, follow, max-snippet:-1, max-image-preview:large, max-video-preview:-1\" \/>\n<link rel=\"canonical\" href=\"https:\/\/informelitoral.com.ar\/lanzaron-el-ciclo-de-capacitacion-para-la-implementacion-de-la-boleta-unica-papel\/\" \/>\n<meta property=\"og:locale\" content=\"es_ES\" \/>\n<meta property=\"og:type\" content=\"article\" \/>\n<meta property=\"og:title\" content=\"Lanzaron el Ciclo de Capacitaci\u00f3n para la implementaci\u00f3n de la Boleta \u00danica Papel - Informe Litoral\" \/>\n<meta property=\"og:description\" content=\"La vicegobernadora Alicia Aluani, el presidente de la C\u00e1mara de Diputados, Gustavo Hein y el ministro de Gobierno y Trabajo, Manuel Troncoso, encabezaron esta ma\u00f1ana en Vieja Usina el acto de lanzamiento de una instancia de formaci\u00f3n en el uso del nuevo formato de emisi\u00f3n de voto que se usar\u00e1 a partir de las elecciones del pr\u00f3ximo octubre.\" \/>\n<meta property=\"og:url\" content=\"https:\/\/informelitoral.com.ar\/lanzaron-el-ciclo-de-capacitacion-para-la-implementacion-de-la-boleta-unica-papel\/\" \/>\n<meta property=\"og:site_name\" content=\"Informe Litoral\" \/>\n<meta property=\"article:publisher\" content=\"https:\/\/www.facebook.com\/informelitoral\/\" \/>\n<meta property=\"article:published_time\" content=\"2025-09-26T01:34:34+00:00\" \/>\n<meta property=\"article:modified_time\" content=\"2025-09-26T09:37:25+00:00\" \/>\n<meta property=\"og:image\" content=\"https:\/\/lh3.googleusercontent.com\/drive-storage\/AJQWtBNWSp_xMbOaPhV6buh7Q-e6Sag0kIbRwaNf47dgqH0QCfqVCf20nJGSpbe8dVerJma0ZSxJQpA2KkTxkkC6hdkZqluVGQ4UX9ZRb-EiUcCUnGs=w2048\" \/><meta property=\"og:image\" content=\"https:\/\/lh3.googleusercontent.com\/drive-storage\/AJQWtBNWSp_xMbOaPhV6buh7Q-e6Sag0kIbRwaNf47dgqH0QCfqVCf20nJGSpbe8dVerJma0ZSxJQpA2KkTxkkC6hdkZqluVGQ4UX9ZRb-EiUcCUnGs=w2048\" \/>\n\t<meta property=\"og:image:width\" content=\"1024\" \/>\n\t<meta property=\"og:image:height\" content=\"681\" \/>\n\t<meta property=\"og:image:type\" content=\"image\/jpeg\" \/>\n<meta name=\"author\" content=\"Gonzalo Schmidt\" \/>\n<meta name=\"twitter:card\" content=\"summary_large_image\" \/>\n<meta name=\"twitter:image\" content=\"https:\/\/lh3.googleusercontent.com\/drive-storage\/AJQWtBNWSp_xMbOaPhV6buh7Q-e6Sag0kIbRwaNf47dgqH0QCfqVCf20nJGSpbe8dVerJma0ZSxJQpA2KkTxkkC6hdkZqluVGQ4UX9ZRb-EiUcCUnGs=w2048\" \/>\n<meta name=\"twitter:creator\" content=\"@InformeLitoral\" \/>\n<meta name=\"twitter:site\" content=\"@InformeLitoral\" \/>\n<meta name=\"twitter:label1\" content=\"Escrito por\" \/>\n\t<meta name=\"twitter:data1\" content=\"Gonzalo Schmidt\" \/>\n\t<meta name=\"twitter:label2\" content=\"Tiempo de lectura\" \/>\n\t<meta name=\"twitter:data2\" content=\"4 minutos\" \/>\n<script type=\"application\/ld+json\" class=\"yoast-schema-graph\">{\"@context\":\"https:\\\/\\\/schema.org\",\"@graph\":[{\"@type\":\"Article\",\"@id\":\"https:\\\/\\\/informelitoral.com.ar\\\/lanzaron-el-ciclo-de-capacitacion-para-la-implementacion-de-la-boleta-unica-papel\\\/#article\",\"isPartOf\":{\"@id\":\"https:\\\/\\\/informelitoral.com.ar\\\/lanzaron-el-ciclo-de-capacitacion-para-la-implementacion-de-la-boleta-unica-papel\\\/\"},\"author\":{\"name\":\"Gonzalo Schmidt\",\"@id\":\"https:\\\/\\\/informelitoral.com.ar\\\/#\\\/schema\\\/person\\\/b9d00407c836482871ef1d57bf8e3180\"},\"headline\":\"Lanzaron el Ciclo de Capacitaci\u00f3n para la implementaci\u00f3n de la Boleta \u00danica Papel\",\"datePublished\":\"2025-09-26T01:34:34+00:00\",\"dateModified\":\"2025-09-26T09:37:25+00:00\",\"mainEntityOfPage\":{\"@id\":\"https:\\\/\\\/informelitoral.com.ar\\\/lanzaron-el-ciclo-de-capacitacion-para-la-implementacion-de-la-boleta-unica-papel\\\/\"},\"wordCount\":921,\"commentCount\":0,\"publisher\":{\"@id\":\"https:\\\/\\\/informelitoral.com.ar\\\/#organization\"},\"image\":{\"@id\":\"https:\\\/\\\/informelitoral.com.ar\\\/lanzaron-el-ciclo-de-capacitacion-para-la-implementacion-de-la-boleta-unica-papel\\\/#primaryimage\"},\"thumbnailUrl\":\"https:\\\/\\\/lh3.googleusercontent.com\\\/drive-storage\\\/AJQWtBNWSp_xMbOaPhV6buh7Q-e6Sag0kIbRwaNf47dgqH0QCfqVCf20nJGSpbe8dVerJma0ZSxJQpA2KkTxkkC6hdkZqluVGQ4UX9ZRb-EiUcCUnGs=w2048\",\"keywords\":[\"Alicia Aluani\",\"Boleta \u00danica de Papel\",\"Elecciones 2025\",\"Gustavo Hein\",\"Manuel Troncoso\",\"Paran\u00e1\"],\"articleSection\":[\"Politica\"],\"inLanguage\":\"es\",\"potentialAction\":[{\"@type\":\"CommentAction\",\"name\":\"Comment\",\"target\":[\"https:\\\/\\\/informelitoral.com.ar\\\/lanzaron-el-ciclo-de-capacitacion-para-la-implementacion-de-la-boleta-unica-papel\\\/#respond\"]}]},{\"@type\":\"WebPage\",\"@id\":\"https:\\\/\\\/informelitoral.com.ar\\\/lanzaron-el-ciclo-de-capacitacion-para-la-implementacion-de-la-boleta-unica-papel\\\/\",\"url\":\"https:\\\/\\\/informelitoral.com.ar\\\/lanzaron-el-ciclo-de-capacitacion-para-la-implementacion-de-la-boleta-unica-papel\\\/\",\"name\":\"Lanzaron el Ciclo de Capacitaci\u00f3n para la implementaci\u00f3n de la Boleta \u00danica Papel - Informe Litoral\",\"isPartOf\":{\"@id\":\"https:\\\/\\\/informelitoral.com.ar\\\/#website\"},\"primaryImageOfPage\":{\"@id\":\"https:\\\/\\\/informelitoral.com.ar\\\/lanzaron-el-ciclo-de-capacitacion-para-la-implementacion-de-la-boleta-unica-papel\\\/#primaryimage\"},\"image\":{\"@id\":\"https:\\\/\\\/informelitoral.com.ar\\\/lanzaron-el-ciclo-de-capacitacion-para-la-implementacion-de-la-boleta-unica-papel\\\/#primaryimage\"},\"thumbnailUrl\":\"https:\\\/\\\/lh3.googleusercontent.com\\\/drive-storage\\\/AJQWtBNWSp_xMbOaPhV6buh7Q-e6Sag0kIbRwaNf47dgqH0QCfqVCf20nJGSpbe8dVerJma0ZSxJQpA2KkTxkkC6hdkZqluVGQ4UX9ZRb-EiUcCUnGs=w2048\",\"datePublished\":\"2025-09-26T01:34:34+00:00\",\"dateModified\":\"2025-09-26T09:37:25+00:00\",\"breadcrumb\":{\"@id\":\"https:\\\/\\\/informelitoral.com.ar\\\/lanzaron-el-ciclo-de-capacitacion-para-la-implementacion-de-la-boleta-unica-papel\\\/#breadcrumb\"},\"inLanguage\":\"es\",\"potentialAction\":[{\"@type\":\"ReadAction\",\"target\":[\"https:\\\/\\\/informelitoral.com.ar\\\/lanzaron-el-ciclo-de-capacitacion-para-la-implementacion-de-la-boleta-unica-papel\\\/\"]}]},{\"@type\":\"ImageObject\",\"inLanguage\":\"es\",\"@id\":\"https:\\\/\\\/informelitoral.com.ar\\\/lanzaron-el-ciclo-de-capacitacion-para-la-implementacion-de-la-boleta-unica-papel\\\/#primaryimage\",\"url\":\"https:\\\/\\\/lh3.googleusercontent.com\\\/drive-storage\\\/AJQWtBNWSp_xMbOaPhV6buh7Q-e6Sag0kIbRwaNf47dgqH0QCfqVCf20nJGSpbe8dVerJma0ZSxJQpA2KkTxkkC6hdkZqluVGQ4UX9ZRb-EiUcCUnGs=w2048\",\"contentUrl\":\"https:\\\/\\\/lh3.googleusercontent.com\\\/drive-storage\\\/AJQWtBNWSp_xMbOaPhV6buh7Q-e6Sag0kIbRwaNf47dgqH0QCfqVCf20nJGSpbe8dVerJma0ZSxJQpA2KkTxkkC6hdkZqluVGQ4UX9ZRb-EiUcCUnGs=w2048\",\"width\":\"1024\",\"height\":\"681\"},{\"@type\":\"BreadcrumbList\",\"@id\":\"https:\\\/\\\/informelitoral.com.ar\\\/lanzaron-el-ciclo-de-capacitacion-para-la-implementacion-de-la-boleta-unica-papel\\\/#breadcrumb\",\"itemListElement\":[{\"@type\":\"ListItem\",\"position\":1,\"name\":\"Portada\",\"item\":\"https:\\\/\\\/informelitoral.com.ar\\\/\"},{\"@type\":\"ListItem\",\"position\":2,\"name\":\"Lanzaron el Ciclo de Capacitaci\u00f3n para la implementaci\u00f3n de la Boleta \u00danica Papel\"}]},{\"@type\":\"WebSite\",\"@id\":\"https:\\\/\\\/informelitoral.com.ar\\\/#website\",\"url\":\"https:\\\/\\\/informelitoral.com.ar\\\/\",\"name\":\"Informe Litoral\",\"description\":\"&quot;Nos informamos&quot; \",\"publisher\":{\"@id\":\"https:\\\/\\\/informelitoral.com.ar\\\/#organization\"},\"potentialAction\":[{\"@type\":\"SearchAction\",\"target\":{\"@type\":\"EntryPoint\",\"urlTemplate\":\"https:\\\/\\\/informelitoral.com.ar\\\/?s={search_term_string}\"},\"query-input\":{\"@type\":\"PropertyValueSpecification\",\"valueRequired\":true,\"valueName\":\"search_term_string\"}}],\"inLanguage\":\"es\"},{\"@type\":\"Organization\",\"@id\":\"https:\\\/\\\/informelitoral.com.ar\\\/#organization\",\"name\":\"Informe Litoral\",\"url\":\"https:\\\/\\\/informelitoral.com.ar\\\/\",\"logo\":{\"@type\":\"ImageObject\",\"inLanguage\":\"es\",\"@id\":\"https:\\\/\\\/informelitoral.com.ar\\\/#\\\/schema\\\/logo\\\/image\\\/\",\"url\":\"https:\\\/\\\/informelitoral.com.ar\\\/%77%70%2d%63%6f%6e%74%65%6e%74\\\/uploads\\\/2021\\\/01\\\/circulo.png\",\"contentUrl\":\"https:\\\/\\\/informelitoral.com.ar\\\/%77%70%2d%63%6f%6e%74%65%6e%74\\\/uploads\\\/2021\\\/01\\\/circulo.png\",\"width\":723,\"height\":731,\"caption\":\"Informe Litoral\"},\"image\":{\"@id\":\"https:\\\/\\\/informelitoral.com.ar\\\/#\\\/schema\\\/logo\\\/image\\\/\"},\"sameAs\":[\"https:\\\/\\\/www.facebook.com\\\/informelitoral\\\/\",\"https:\\\/\\\/x.com\\\/InformeLitoral\",\"https:\\\/\\\/www.instagram.com\\\/informelitoral\\\/\",\"https:\\\/\\\/www.youtube.com\\\/channel\\\/UCua4Qvz8Icb6MYqhoq9xLXw\"]},{\"@type\":\"Person\",\"@id\":\"https:\\\/\\\/informelitoral.com.ar\\\/#\\\/schema\\\/person\\\/b9d00407c836482871ef1d57bf8e3180\",\"name\":\"Gonzalo Schmidt\",\"image\":{\"@type\":\"ImageObject\",\"inLanguage\":\"es\",\"@id\":\"https:\\\/\\\/secure.gravatar.com\\\/avatar\\\/31a1a7b66ff2de83bd0e9fd79d026630d2d99e55e8bfe501287647b4fd9743de?s=96&d=mm&r=g\",\"url\":\"https:\\\/\\\/secure.gravatar.com\\\/avatar\\\/31a1a7b66ff2de83bd0e9fd79d026630d2d99e55e8bfe501287647b4fd9743de?s=96&d=mm&r=g\",\"contentUrl\":\"https:\\\/\\\/secure.gravatar.com\\\/avatar\\\/31a1a7b66ff2de83bd0e9fd79d026630d2d99e55e8bfe501287647b4fd9743de?s=96&d=mm&r=g\",\"caption\":\"Gonzalo Schmidt\"},\"description\":\"Sitio web de noticias de la provincia de Entre R\u00edos, Argentina. Informaci\u00f3n y entretenimiento. Informe Litoral, nos informamos.\",\"sameAs\":[\"http:\\\/\\\/www.isletasnoticias.com.ar\"],\"url\":\"https:\\\/\\\/informelitoral.com.ar\\\/author\\\/gonzalo\\\/\"}]}<\/script>","yoast_head_json":{"title":"Lanzaron el Ciclo de Capacitaci\u00f3n para la implementaci\u00f3n de la Boleta \u00danica Papel - Informe Litoral","robots":{"index":"index","follow":"follow","max-snippet":"max-snippet:-1","max-image-preview":"max-image-preview:large","max-video-preview":"max-video-preview:-1"},"canonical":"https:\/\/informelitoral.com.ar\/lanzaron-el-ciclo-de-capacitacion-para-la-implementacion-de-la-boleta-unica-papel\/","og_locale":"es_ES","og_type":"article","og_title":"Lanzaron el Ciclo de Capacitaci\u00f3n para la implementaci\u00f3n de la Boleta \u00danica Papel - Informe Litoral","og_description":"La vicegobernadora Alicia Aluani, el presidente de la C\u00e1mara de Diputados, Gustavo Hein y el ministro de Gobierno y Trabajo, Manuel Troncoso, encabezaron esta ma\u00f1ana en Vieja Usina el acto de lanzamiento de una instancia de formaci\u00f3n en el uso del nuevo formato de emisi\u00f3n de voto que se usar\u00e1 a partir de las elecciones del pr\u00f3ximo octubre.","og_url":"https:\/\/informelitoral.com.ar\/lanzaron-el-ciclo-de-capacitacion-para-la-implementacion-de-la-boleta-unica-papel\/","og_site_name":"Informe Litoral","article_publisher":"https:\/\/www.facebook.com\/informelitoral\/","article_published_time":"2025-09-26T01:34:34+00:00","article_modified_time":"2025-09-26T09:37:25+00:00","og_image":[{"url":"https:\/\/lh3.googleusercontent.com\/drive-storage\/AJQWtBNWSp_xMbOaPhV6buh7Q-e6Sag0kIbRwaNf47dgqH0QCfqVCf20nJGSpbe8dVerJma0ZSxJQpA2KkTxkkC6hdkZqluVGQ4UX9ZRb-EiUcCUnGs=w2048","type":"","width":"","height":""},{"width":1024,"height":681,"url":"https:\/\/lh3.googleusercontent.com\/drive-storage\/AJQWtBNWSp_xMbOaPhV6buh7Q-e6Sag0kIbRwaNf47dgqH0QCfqVCf20nJGSpbe8dVerJma0ZSxJQpA2KkTxkkC6hdkZqluVGQ4UX9ZRb-EiUcCUnGs=w2048","type":"image\/jpeg"}],"author":"Gonzalo Schmidt","twitter_card":"summary_large_image","twitter_image":"https:\/\/lh3.googleusercontent.com\/drive-storage\/AJQWtBNWSp_xMbOaPhV6buh7Q-e6Sag0kIbRwaNf47dgqH0QCfqVCf20nJGSpbe8dVerJma0ZSxJQpA2KkTxkkC6hdkZqluVGQ4UX9ZRb-EiUcCUnGs=w2048","twitter_creator":"@InformeLitoral","twitter_site":"@InformeLitoral","twitter_misc":{"Escrito por":"Gonzalo Schmidt","Tiempo de lectura":"4 minutos"},"schema":{"@context":"https:\/\/schema.org","@graph":[{"@type":"Article","@id":"https:\/\/informelitoral.com.ar\/lanzaron-el-ciclo-de-capacitacion-para-la-implementacion-de-la-boleta-unica-papel\/#article","isPartOf":{"@id":"https:\/\/informelitoral.com.ar\/lanzaron-el-ciclo-de-capacitacion-para-la-implementacion-de-la-boleta-unica-papel\/"},"author":{"name":"Gonzalo Schmidt","@id":"https:\/\/informelitoral.com.ar\/#\/schema\/person\/b9d00407c836482871ef1d57bf8e3180"},"headline":"Lanzaron el Ciclo de Capacitaci\u00f3n para la implementaci\u00f3n de la Boleta \u00danica Papel","datePublished":"2025-09-26T01:34:34+00:00","dateModified":"2025-09-26T09:37:25+00:00","mainEntityOfPage":{"@id":"https:\/\/informelitoral.com.ar\/lanzaron-el-ciclo-de-capacitacion-para-la-implementacion-de-la-boleta-unica-papel\/"},"wordCount":921,"commentCount":0,"publisher":{"@id":"https:\/\/informelitoral.com.ar\/#organization"},"image":{"@id":"https:\/\/informelitoral.com.ar\/lanzaron-el-ciclo-de-capacitacion-para-la-implementacion-de-la-boleta-unica-papel\/#primaryimage"},"thumbnailUrl":"https:\/\/lh3.googleusercontent.com\/drive-storage\/AJQWtBNWSp_xMbOaPhV6buh7Q-e6Sag0kIbRwaNf47dgqH0QCfqVCf20nJGSpbe8dVerJma0ZSxJQpA2KkTxkkC6hdkZqluVGQ4UX9ZRb-EiUcCUnGs=w2048","keywords":["Alicia Aluani","Boleta \u00danica de Papel","Elecciones 2025","Gustavo Hein","Manuel Troncoso","Paran\u00e1"],"articleSection":["Politica"],"inLanguage":"es","potentialAction":[{"@type":"CommentAction","name":"Comment","target":["https:\/\/informelitoral.com.ar\/lanzaron-el-ciclo-de-capacitacion-para-la-implementacion-de-la-boleta-unica-papel\/#respond"]}]},{"@type":"WebPage","@id":"https:\/\/informelitoral.com.ar\/lanzaron-el-ciclo-de-capacitacion-para-la-implementacion-de-la-boleta-unica-papel\/","url":"https:\/\/informelitoral.com.ar\/lanzaron-el-ciclo-de-capacitacion-para-la-implementacion-de-la-boleta-unica-papel\/","name":"Lanzaron el Ciclo de Capacitaci\u00f3n para la implementaci\u00f3n de la Boleta \u00danica Papel - Informe Litoral","isPartOf":{"@id":"https:\/\/informelitoral.com.ar\/#website"},"primaryImageOfPage":{"@id":"https:\/\/informelitoral.com.ar\/lanzaron-el-ciclo-de-capacitacion-para-la-implementacion-de-la-boleta-unica-papel\/#primaryimage"},"image":{"@id":"https:\/\/informelitoral.com.ar\/lanzaron-el-ciclo-de-capacitacion-para-la-implementacion-de-la-boleta-unica-papel\/#primaryimage"},"thumbnailUrl":"https:\/\/lh3.googleusercontent.com\/drive-storage\/AJQWtBNWSp_xMbOaPhV6buh7Q-e6Sag0kIbRwaNf47dgqH0QCfqVCf20nJGSpbe8dVerJma0ZSxJQpA2KkTxkkC6hdkZqluVGQ4UX9ZRb-EiUcCUnGs=w2048","datePublished":"2025-09-26T01:34:34+00:00","dateModified":"2025-09-26T09:37:25+00:00","breadcrumb":{"@id":"https:\/\/informelitoral.com.ar\/lanzaron-el-ciclo-de-capacitacion-para-la-implementacion-de-la-boleta-unica-papel\/#breadcrumb"},"inLanguage":"es","potentialAction":[{"@type":"ReadAction","target":["https:\/\/informelitoral.com.ar\/lanzaron-el-ciclo-de-capacitacion-para-la-implementacion-de-la-boleta-unica-papel\/"]}]},{"@type":"ImageObject","inLanguage":"es","@id":"https:\/\/informelitoral.com.ar\/lanzaron-el-ciclo-de-capacitacion-para-la-implementacion-de-la-boleta-unica-papel\/#primaryimage","url":"https:\/\/lh3.googleusercontent.com\/drive-storage\/AJQWtBNWSp_xMbOaPhV6buh7Q-e6Sag0kIbRwaNf47dgqH0QCfqVCf20nJGSpbe8dVerJma0ZSxJQpA2KkTxkkC6hdkZqluVGQ4UX9ZRb-EiUcCUnGs=w2048","contentUrl":"https:\/\/lh3.googleusercontent.com\/drive-storage\/AJQWtBNWSp_xMbOaPhV6buh7Q-e6Sag0kIbRwaNf47dgqH0QCfqVCf20nJGSpbe8dVerJma0ZSxJQpA2KkTxkkC6hdkZqluVGQ4UX9ZRb-EiUcCUnGs=w2048","width":"1024","height":"681"},{"@type":"BreadcrumbList","@id":"https:\/\/informelitoral.com.ar\/lanzaron-el-ciclo-de-capacitacion-para-la-implementacion-de-la-boleta-unica-papel\/#breadcrumb","itemListElement":[{"@type":"ListItem","position":1,"name":"Portada","item":"https:\/\/informelitoral.com.ar\/"},{"@type":"ListItem","position":2,"name":"Lanzaron el Ciclo de Capacitaci\u00f3n para la implementaci\u00f3n de la Boleta \u00danica Papel"}]},{"@type":"WebSite","@id":"https:\/\/informelitoral.com.ar\/#website","url":"https:\/\/informelitoral.com.ar\/","name":"Informe Litoral","description":"&quot;Nos informamos&quot; ","publisher":{"@id":"https:\/\/informelitoral.com.ar\/#organization"},"potentialAction":[{"@type":"SearchAction","target":{"@type":"EntryPoint","urlTemplate":"https:\/\/informelitoral.com.ar\/?s={search_term_string}"},"query-input":{"@type":"PropertyValueSpecification","valueRequired":true,"valueName":"search_term_string"}}],"inLanguage":"es"},{"@type":"Organization","@id":"https:\/\/informelitoral.com.ar\/#organization","name":"Informe Litoral","url":"https:\/\/informelitoral.com.ar\/","logo":{"@type":"ImageObject","inLanguage":"es","@id":"https:\/\/informelitoral.com.ar\/#\/schema\/logo\/image\/","url":"https:\/\/informelitoral.com.ar\/%77%70%2d%63%6f%6e%74%65%6e%74\/uploads\/2021\/01\/circulo.png","contentUrl":"https:\/\/informelitoral.com.ar\/%77%70%2d%63%6f%6e%74%65%6e%74\/uploads\/2021\/01\/circulo.png","width":723,"height":731,"caption":"Informe Litoral"},"image":{"@id":"https:\/\/informelitoral.com.ar\/#\/schema\/logo\/image\/"},"sameAs":["https:\/\/www.facebook.com\/informelitoral\/","https:\/\/x.com\/InformeLitoral","https:\/\/www.instagram.com\/informelitoral\/","https:\/\/www.youtube.com\/channel\/UCua4Qvz8Icb6MYqhoq9xLXw"]},{"@type":"Person","@id":"https:\/\/informelitoral.com.ar\/#\/schema\/person\/b9d00407c836482871ef1d57bf8e3180","name":"Gonzalo Schmidt","image":{"@type":"ImageObject","inLanguage":"es","@id":"https:\/\/secure.gravatar.com\/avatar\/31a1a7b66ff2de83bd0e9fd79d026630d2d99e55e8bfe501287647b4fd9743de?s=96&d=mm&r=g","url":"https:\/\/secure.gravatar.com\/avatar\/31a1a7b66ff2de83bd0e9fd79d026630d2d99e55e8bfe501287647b4fd9743de?s=96&d=mm&r=g","contentUrl":"https:\/\/secure.gravatar.com\/avatar\/31a1a7b66ff2de83bd0e9fd79d026630d2d99e55e8bfe501287647b4fd9743de?s=96&d=mm&r=g","caption":"Gonzalo Schmidt"},"description":"Sitio web de noticias de la provincia de Entre R\u00edos, Argentina. Informaci\u00f3n y entretenimiento. Informe Litoral, nos informamos.","sameAs":["http:\/\/www.isletasnoticias.com.ar"],"url":"https:\/\/informelitoral.com.ar\/author\/gonzalo\/"}]}},"fifu_image_url":"https:\/\/lh3.googleusercontent.com\/drive-storage\/AJQWtBNWSp_xMbOaPhV6buh7Q-e6Sag0kIbRwaNf47dgqH0QCfqVCf20nJGSpbe8dVerJma0ZSxJQpA2KkTxkkC6hdkZqluVGQ4UX9ZRb-EiUcCUnGs=w2048","_links":{"self":[{"href":"https:\/\/informelitoral.com.ar\/%77%70%2d%6a%73%6f%6e\/wp\/v2\/posts\/235188","targetHints":{"allow":["GET"]}}],"collection":[{"href":"https:\/\/informelitoral.com.ar\/%77%70%2d%6a%73%6f%6e\/wp\/v2\/posts"}],"about":[{"href":"https:\/\/informelitoral.com.ar\/%77%70%2d%6a%73%6f%6e\/wp\/v2\/types\/post"}],"author":[{"embeddable":true,"href":"https:\/\/informelitoral.com.ar\/%77%70%2d%6a%73%6f%6e\/wp\/v2\/users\/2"}],"replies":[{"embeddable":true,"href":"https:\/\/informelitoral.com.ar\/%77%70%2d%6a%73%6f%6e\/wp\/v2\/comments?post=235188"}],"version-history":[{"count":1,"href":"https:\/\/informelitoral.com.ar\/%77%70%2d%6a%73%6f%6e\/wp\/v2\/posts\/235188\/revisions"}],"predecessor-version":[{"id":235190,"href":"https:\/\/informelitoral.com.ar\/%77%70%2d%6a%73%6f%6e\/wp\/v2\/posts\/235188\/revisions\/235190"}],"wp:featuredmedia":[{"embeddable":true,"href":"https:\/\/informelitoral.com.ar\/%77%70%2d%6a%73%6f%6e\/wp\/v2\/media\/235189"}],"wp:attachment":[{"href":"https:\/\/informelitoral.com.ar\/%77%70%2d%6a%73%6f%6e\/wp\/v2\/media?parent=235188"}],"wp:term":[{"taxonomy":"category","embeddable":true,"href":"https:\/\/informelitoral.com.ar\/%77%70%2d%6a%73%6f%6e\/wp\/v2\/categories?post=235188"},{"taxonomy":"post_tag","embeddable":true,"href":"https:\/\/informelitoral.com.ar\/%77%70%2d%6a%73%6f%6e\/wp\/v2\/tags?post=235188"}],"curies":[{"name":"wp","href":"https:\/\/api.w.org\/{rel}","templated":true}]}}