{"id":234961,"date":"2025-09-24T09:57:05","date_gmt":"2025-09-24T12:57:05","guid":{"rendered":"https:\/\/informelitoral.com.ar\/?p=234961"},"modified":"2025-09-24T09:59:47","modified_gmt":"2025-09-24T12:59:47","slug":"river-vs-palmeiras-hora-tv-y-posibles-formaciones","status":"publish","type":"post","link":"https:\/\/informelitoral.com.ar\/river-vs-palmeiras-hora-tv-y-posibles-formaciones\/","title":{"rendered":"River vs. Palmeiras: hora, TV y posibles formaciones"},"content":{"rendered":"<p class=\"paragraph\" data-mrf-recirculation=\"Links inline\"><b>River Plate<\/b>\u00a0se medir\u00e1 en condici\u00f3n de visitante contra\u00a0<b>Palmeiras<\/b>\u00a0<b>hoy, mi\u00e9rcoles 24 de septiembre,\u00a0<\/b>en un duelo correspondiente a la vuelta de los cuartos de final de la\u00a0<b>Copa Libertadores 2025<\/b>. El Allianz Parque de la ciudad de Sao Paulo ser\u00e1 el escenario de un encuentro entre dos equipos aspirantes al m\u00e1ximo trofeo. Conoce todos los detalles.<\/p>\n<p class=\"paragraph\" data-mrf-recirculation=\"Links inline\">El conjunto\u00a0<i>\u2018millonario\u2019<\/i>\u00a0viene de perder en su visita a Atl\u00e9tico Tucum\u00e1n por 2-0, resultado que le hizo bajar al segundo lugar del grupo B de la\u00a0<b>Liga Profesional Argentina<\/b>\u00a0con 18 puntos, uno menos que Deportivo Riestra, que se ha convertido en la sorpresa del certamen\u00a0<i>\u2018gaucho\u2019<\/i>.<\/p>\n<p class=\"paragraph\" data-mrf-recirculation=\"Links inline\">Sin embargo, en el \u00e1mbito internacional, los dirigidos por\u00a0<b>Marcelo Gallardo<\/b> se han mantenido compitiendo palmo a palmo con los equipos de diversas parte del continente. En esta ocasi\u00f3n, planean superar lo hecho la temporada anterior, cuando llegaron hasta las semifinales. Eso s\u00ed, las bajas confirmadas son las de Sebasti\u00e1n Driussi (lesi\u00f3n) y Ian Subiabre (decisi\u00f3n institucional).<\/p>\n<div class=\"visual__image\"><picture><source srcset=\"https:\/\/www.infobae.com\/resizer\/v2\/5HKBDCEQCRAKLMADMGSUMDOAPU.JPG?auth=6ce8f374522329b32617c046004d344ded6e70978b05268e897ea3736d627a03&amp;smart=true&amp;width=992&amp;height=558&amp;quality=85\" media=\"(min-width: 1000px)\" \/><source srcset=\"https:\/\/www.infobae.com\/resizer\/v2\/5HKBDCEQCRAKLMADMGSUMDOAPU.JPG?auth=6ce8f374522329b32617c046004d344ded6e70978b05268e897ea3736d627a03&amp;smart=true&amp;width=768&amp;height=432&amp;quality=85\" media=\"(min-width: 768px)\" \/><source srcset=\"https:\/\/www.infobae.com\/resizer\/v2\/5HKBDCEQCRAKLMADMGSUMDOAPU.JPG?auth=6ce8f374522329b32617c046004d344ded6e70978b05268e897ea3736d627a03&amp;smart=true&amp;width=577&amp;height=325&amp;quality=85\" media=\"(min-width: 580px)\" \/><source srcset=\"https:\/\/www.infobae.com\/resizer\/v2\/5HKBDCEQCRAKLMADMGSUMDOAPU.JPG?auth=6ce8f374522329b32617c046004d344ded6e70978b05268e897ea3736d627a03&amp;smart=true&amp;width=420&amp;height=236&amp;quality=85\" media=\"(min-width: 350px)\" \/><source srcset=\"https:\/\/www.infobae.com\/resizer\/v2\/5HKBDCEQCRAKLMADMGSUMDOAPU.JPG?auth=6ce8f374522329b32617c046004d344ded6e70978b05268e897ea3736d627a03&amp;smart=true&amp;width=350&amp;height=197&amp;quality=85\" media=\"(min-width: 80px)\" \/><img loading=\"lazy\" decoding=\"async\" class=\"global-image\" src=\"https:\/\/www.infobae.com\/resizer\/v2\/5HKBDCEQCRAKLMADMGSUMDOAPU.JPG?auth=6ce8f374522329b32617c046004d344ded6e70978b05268e897ea3736d627a03&amp;smart=true&amp;width=350&amp;height=197&amp;quality=85\" alt=\"Maxi Salas ser\u00eda el '9'\" width=\"3192\" height=\"1796\" \/><\/picture><\/div>\n<p class=\"paragraph\" data-mrf-recirculation=\"Links inline\">Por otro lado,\u00a0<b>Palmeiras<\/b>\u00a0gole\u00f3 por 4-1 a Fortaleza en la \u00faltima fecha del\u00a0<b>Brasileirao<\/b> y se ubica en el tercer puesto con 49 unidades, a dos del l\u00edder Flamengo.<\/p>\n<p class=\"paragraph\" data-mrf-recirculation=\"Links inline\">En tanto, en la\u00a0<b>Copa Libertadores<\/b>, el\u00a0<i>\u2018verdao\u2019<\/i>\u00a0tiene la intenci\u00f3n de recuperar el trofeo que conquist\u00f3 en 2021 y 2020 con la direcci\u00f3n t\u00e9cnica del portugu\u00e9s\u00a0<b>Abel Ferreira<\/b>, actualmente al mando del equipo.<\/p>\n<div class=\"headline-wrapper\">\n<h2 class=\"header headline-class-h2\"><strong>\u00daltimo enfrentamiento<\/strong><\/h2>\n<\/div>\n<p class=\"paragraph\" data-mrf-recirculation=\"Links inline\">El \u00faltimo enfrentamiento entre\u00a0<b>River Plate<\/b>\u00a0y\u00a0<b>Palmeiras<\/b> se dio el 17 de setiembre de este a\u00f1o, en la ida de los cuartos de final de la Copa Libertadores. El estadio Monumental de N\u00fa\u00f1ez fue testigo de un triunfo de parte de los brasile\u00f1os por 2-1 con los goles de Gustavo G\u00f3mez y Vitor Roque. Lucas Mart\u00ednez Quarta descont\u00f3 para los argentinos y les dio vida para el segundo choque en Sao Paulo.<\/p>\n<div class=\"headline-wrapper\">\n<h2 class=\"header headline-class-h2\"><strong>River Plate vs Palmeiras: posibles alineaciones<\/strong><\/h2>\n<\/div>\n<p class=\"paragraph\" data-mrf-recirculation=\"Links inline\"><b>River Plate:<\/b>\u00a0Franco Armani, Gonzalo Montiel, Lucas Mart\u00ednez Quarta, Marcos Acu\u00f1a, Enzo P\u00e9rez, Juan Carlos Portillo, Kevin Casta\u00f1o, Giuliano Galoppo, Ignacio Fern\u00e1ndez y Maximiliano Salas.\u00a0<b>DT:<\/b>\u00a0Marcelo Gallardo<\/p>\n<p class=\"paragraph\" data-mrf-recirculation=\"Links inline\"><b>Palmeiras:\u00a0<\/b>Weverton, Agust\u00edn Giay, Gustavo G\u00f3mez, Murilo Cerqueira, Joaqu\u00edn Piquerez, Maur\u00edcio, Lucas Evangelista, An\u00edbal Moreno, Felipe Anderson, Jos\u00e9 Manuel L\u00f3pez y Vitor Roque.\u00a0<b>DT:<\/b>\u00a0Abel Ferreira<\/p>\n<div class=\"headline-wrapper\">\n<h2 class=\"header headline-class-h2\"><strong>D\u00f3nde ver River Plate vs Palmeiras por cuartos vuelta de la Copa Libertadores 2025<\/strong><\/h2>\n<\/div>\n<p class=\"paragraph\" data-mrf-recirculation=\"Links inline\">La transmisi\u00f3n del\u00a0<b>River Plate vs Palmeiras<\/b>, correspondiente a la vuelta de los cuartos de final de la\u00a0<b>Copa Libertadores 2025<\/b>, estar\u00e1 disponible en Per\u00fa, Bolivia, Paraguay y Uruguay a trav\u00e9s de ESPN, Pluto TV y el canal de YouTube de Telefe. En Argentina, el encuentro podr\u00e1 verse tambi\u00e9n por FOX Sports y la se\u00f1al televisiva de Telefe, mientras que en Chile la cobertura estar\u00e1 a cargo de ESPN Premium.<\/p>\n<p class=\"paragraph\" data-mrf-recirculation=\"Links inline\">En Centroam\u00e9rica y M\u00e9xico se sintonizar\u00e1 por ESPN 2, en tanto que en Estados Unidos se transmitir\u00e1 por beIN Sports y fuboTV, y en Brasil ir\u00e1 por Globo. Adem\u00e1s, la plataforma Disney+ contar\u00e1 con la cobertura para toda la regi\u00f3n.(<em>Infobae<\/em>)<\/p>\n<p data-mrf-recirculation=\"Links inline\"><em><strong>Del archivo:\u00a0<a href=\"https:\/\/informelitoral.com.ar\/preocupacion-en-boca-por-la-salud-de-miguel-angel-russo\/\" target=\"_blank\" rel=\"noopener\">Preocupaci\u00f3n en Boca por la salud de Miguel \u00c1ngel Russo<\/a><\/strong><\/em><\/p>\n","protected":false},"excerpt":{"rendered":"<p>El conjunto \u2018millonario\u2019 visitar\u00e1 al \u2018verdao\u2019 con la misi\u00f3n de darle vuelta al marcador respecto a la ida. Conoce c\u00f3mo seguir la contienda.<\/p>\n","protected":false},"author":8,"featured_media":234962,"comment_status":"open","ping_status":"open","sticky":false,"template":"","format":"standard","meta":{"fifu_image_url":"https:\/\/www.365scores.com\/es\/news\/wp-content\/uploads\/2025\/09\/Palmeiras-vs-River-previa.jpg","fifu_image_alt":"","footnotes":""},"categories":[13],"tags":[6054,3160,3528],"class_list":{"0":"post-234961","1":"post","2":"type-post","3":"status-publish","4":"format-standard","5":"has-post-thumbnail","7":"category-deportes","8":"tag-palmeiras","9":"tag-partido","10":"tag-river-plate"},"yoast_head":"<title>River vs. Palmeiras: hora, TV y posibles formaciones - Informe Litoral<\/title>\n<meta name=\"robots\" content=\"index, follow, max-snippet:-1, max-image-preview:large, max-video-preview:-1\" \/>\n<link rel=\"canonical\" href=\"https:\/\/informelitoral.com.ar\/river-vs-palmeiras-hora-tv-y-posibles-formaciones\/\" \/>\n<meta property=\"og:locale\" content=\"es_ES\" \/>\n<meta property=\"og:type\" content=\"article\" \/>\n<meta property=\"og:title\" content=\"River vs. Palmeiras: hora, TV y posibles formaciones - Informe Litoral\" \/>\n<meta property=\"og:description\" content=\"El conjunto \u2018millonario\u2019 visitar\u00e1 al \u2018verdao\u2019 con la misi\u00f3n de darle vuelta al marcador respecto a la ida. Conoce c\u00f3mo seguir la contienda.\" \/>\n<meta property=\"og:url\" content=\"https:\/\/informelitoral.com.ar\/river-vs-palmeiras-hora-tv-y-posibles-formaciones\/\" \/>\n<meta property=\"og:site_name\" content=\"Informe Litoral\" \/>\n<meta property=\"article:publisher\" content=\"https:\/\/www.facebook.com\/informelitoral\/\" \/>\n<meta property=\"article:published_time\" content=\"2025-09-24T12:57:05+00:00\" \/>\n<meta property=\"article:modified_time\" content=\"2025-09-24T12:59:47+00:00\" \/>\n<meta property=\"og:image\" content=\"https:\/\/www.365scores.com\/es\/news\/%77%70%2d%63%6f%6e%74%65%6e%74\/uploads\/2025\/09\/Palmeiras-vs-River-previa.jpg\" \/><meta property=\"og:image\" content=\"https:\/\/www.365scores.com\/es\/news\/%77%70%2d%63%6f%6e%74%65%6e%74\/uploads\/2025\/09\/Palmeiras-vs-River-previa.jpg\" \/>\n\t<meta property=\"og:image:width\" content=\"1920\" \/>\n\t<meta property=\"og:image:height\" content=\"1080\" \/>\n\t<meta property=\"og:image:type\" content=\"image\/jpeg\" \/>\n<meta name=\"author\" content=\"Sebastian\" \/>\n<meta name=\"twitter:card\" content=\"summary_large_image\" \/>\n<meta name=\"twitter:image\" content=\"https:\/\/www.365scores.com\/es\/news\/%77%70%2d%63%6f%6e%74%65%6e%74\/uploads\/2025\/09\/Palmeiras-vs-River-previa.jpg\" \/>\n<meta name=\"twitter:creator\" content=\"@InformeLitoral\" \/>\n<meta name=\"twitter:site\" content=\"@InformeLitoral\" \/>\n<meta name=\"twitter:label1\" content=\"Escrito por\" \/>\n\t<meta name=\"twitter:data1\" content=\"Sebastian\" \/>\n\t<meta name=\"twitter:label2\" content=\"Tiempo de lectura\" \/>\n\t<meta name=\"twitter:data2\" content=\"3 minutos\" \/>\n<script type=\"application\/ld+json\" class=\"yoast-schema-graph\">{\"@context\":\"https:\\\/\\\/schema.org\",\"@graph\":[{\"@type\":\"Article\",\"@id\":\"https:\\\/\\\/informelitoral.com.ar\\\/river-vs-palmeiras-hora-tv-y-posibles-formaciones\\\/#article\",\"isPartOf\":{\"@id\":\"https:\\\/\\\/informelitoral.com.ar\\\/river-vs-palmeiras-hora-tv-y-posibles-formaciones\\\/\"},\"author\":{\"name\":\"Sebastian\",\"@id\":\"https:\\\/\\\/informelitoral.com.ar\\\/#\\\/schema\\\/person\\\/f05f9f461677119578717524b127d6d5\"},\"headline\":\"River vs. Palmeiras: hora, TV y posibles formaciones\",\"datePublished\":\"2025-09-24T12:57:05+00:00\",\"dateModified\":\"2025-09-24T12:59:47+00:00\",\"mainEntityOfPage\":{\"@id\":\"https:\\\/\\\/informelitoral.com.ar\\\/river-vs-palmeiras-hora-tv-y-posibles-formaciones\\\/\"},\"wordCount\":537,\"commentCount\":0,\"publisher\":{\"@id\":\"https:\\\/\\\/informelitoral.com.ar\\\/#organization\"},\"image\":{\"@id\":\"https:\\\/\\\/informelitoral.com.ar\\\/river-vs-palmeiras-hora-tv-y-posibles-formaciones\\\/#primaryimage\"},\"thumbnailUrl\":\"https:\\\/\\\/www.365scores.com\\\/es\\\/news\\\/%77%70%2d%63%6f%6e%74%65%6e%74\\\/uploads\\\/2025\\\/09\\\/Palmeiras-vs-River-previa.jpg\",\"keywords\":[\"Palmeiras\",\"Partido\",\"River Plate\"],\"articleSection\":[\"Deportes\"],\"inLanguage\":\"es\",\"potentialAction\":[{\"@type\":\"CommentAction\",\"name\":\"Comment\",\"target\":[\"https:\\\/\\\/informelitoral.com.ar\\\/river-vs-palmeiras-hora-tv-y-posibles-formaciones\\\/#respond\"]}]},{\"@type\":\"WebPage\",\"@id\":\"https:\\\/\\\/informelitoral.com.ar\\\/river-vs-palmeiras-hora-tv-y-posibles-formaciones\\\/\",\"url\":\"https:\\\/\\\/informelitoral.com.ar\\\/river-vs-palmeiras-hora-tv-y-posibles-formaciones\\\/\",\"name\":\"River vs. Palmeiras: hora, TV y posibles formaciones - Informe Litoral\",\"isPartOf\":{\"@id\":\"https:\\\/\\\/informelitoral.com.ar\\\/#website\"},\"primaryImageOfPage\":{\"@id\":\"https:\\\/\\\/informelitoral.com.ar\\\/river-vs-palmeiras-hora-tv-y-posibles-formaciones\\\/#primaryimage\"},\"image\":{\"@id\":\"https:\\\/\\\/informelitoral.com.ar\\\/river-vs-palmeiras-hora-tv-y-posibles-formaciones\\\/#primaryimage\"},\"thumbnailUrl\":\"https:\\\/\\\/www.365scores.com\\\/es\\\/news\\\/%77%70%2d%63%6f%6e%74%65%6e%74\\\/uploads\\\/2025\\\/09\\\/Palmeiras-vs-River-previa.jpg\",\"datePublished\":\"2025-09-24T12:57:05+00:00\",\"dateModified\":\"2025-09-24T12:59:47+00:00\",\"breadcrumb\":{\"@id\":\"https:\\\/\\\/informelitoral.com.ar\\\/river-vs-palmeiras-hora-tv-y-posibles-formaciones\\\/#breadcrumb\"},\"inLanguage\":\"es\",\"potentialAction\":[{\"@type\":\"ReadAction\",\"target\":[\"https:\\\/\\\/informelitoral.com.ar\\\/river-vs-palmeiras-hora-tv-y-posibles-formaciones\\\/\"]}]},{\"@type\":\"ImageObject\",\"inLanguage\":\"es\",\"@id\":\"https:\\\/\\\/informelitoral.com.ar\\\/river-vs-palmeiras-hora-tv-y-posibles-formaciones\\\/#primaryimage\",\"url\":\"https:\\\/\\\/www.365scores.com\\\/es\\\/news\\\/%77%70%2d%63%6f%6e%74%65%6e%74\\\/uploads\\\/2025\\\/09\\\/Palmeiras-vs-River-previa.jpg\",\"contentUrl\":\"https:\\\/\\\/www.365scores.com\\\/es\\\/news\\\/%77%70%2d%63%6f%6e%74%65%6e%74\\\/uploads\\\/2025\\\/09\\\/Palmeiras-vs-River-previa.jpg\",\"width\":\"1920\",\"height\":\"1080\"},{\"@type\":\"BreadcrumbList\",\"@id\":\"https:\\\/\\\/informelitoral.com.ar\\\/river-vs-palmeiras-hora-tv-y-posibles-formaciones\\\/#breadcrumb\",\"itemListElement\":[{\"@type\":\"ListItem\",\"position\":1,\"name\":\"Portada\",\"item\":\"https:\\\/\\\/informelitoral.com.ar\\\/\"},{\"@type\":\"ListItem\",\"position\":2,\"name\":\"River vs. Palmeiras: hora, TV y posibles formaciones\"}]},{\"@type\":\"WebSite\",\"@id\":\"https:\\\/\\\/informelitoral.com.ar\\\/#website\",\"url\":\"https:\\\/\\\/informelitoral.com.ar\\\/\",\"name\":\"Informe Litoral\",\"description\":\"&quot;Nos informamos&quot; \",\"publisher\":{\"@id\":\"https:\\\/\\\/informelitoral.com.ar\\\/#organization\"},\"potentialAction\":[{\"@type\":\"SearchAction\",\"target\":{\"@type\":\"EntryPoint\",\"urlTemplate\":\"https:\\\/\\\/informelitoral.com.ar\\\/?s={search_term_string}\"},\"query-input\":{\"@type\":\"PropertyValueSpecification\",\"valueRequired\":true,\"valueName\":\"search_term_string\"}}],\"inLanguage\":\"es\"},{\"@type\":\"Organization\",\"@id\":\"https:\\\/\\\/informelitoral.com.ar\\\/#organization\",\"name\":\"Informe Litoral\",\"url\":\"https:\\\/\\\/informelitoral.com.ar\\\/\",\"logo\":{\"@type\":\"ImageObject\",\"inLanguage\":\"es\",\"@id\":\"https:\\\/\\\/informelitoral.com.ar\\\/#\\\/schema\\\/logo\\\/image\\\/\",\"url\":\"https:\\\/\\\/informelitoral.com.ar\\\/%77%70%2d%63%6f%6e%74%65%6e%74\\\/uploads\\\/2021\\\/01\\\/circulo.png\",\"contentUrl\":\"https:\\\/\\\/informelitoral.com.ar\\\/%77%70%2d%63%6f%6e%74%65%6e%74\\\/uploads\\\/2021\\\/01\\\/circulo.png\",\"width\":723,\"height\":731,\"caption\":\"Informe Litoral\"},\"image\":{\"@id\":\"https:\\\/\\\/informelitoral.com.ar\\\/#\\\/schema\\\/logo\\\/image\\\/\"},\"sameAs\":[\"https:\\\/\\\/www.facebook.com\\\/informelitoral\\\/\",\"https:\\\/\\\/x.com\\\/InformeLitoral\",\"https:\\\/\\\/www.instagram.com\\\/informelitoral\\\/\",\"https:\\\/\\\/www.youtube.com\\\/channel\\\/UCua4Qvz8Icb6MYqhoq9xLXw\"]},{\"@type\":\"Person\",\"@id\":\"https:\\\/\\\/informelitoral.com.ar\\\/#\\\/schema\\\/person\\\/f05f9f461677119578717524b127d6d5\",\"name\":\"Sebastian\",\"image\":{\"@type\":\"ImageObject\",\"inLanguage\":\"es\",\"@id\":\"https:\\\/\\\/secure.gravatar.com\\\/avatar\\\/b71bf7481d447dfb9583c7f2798e7cc64de6efb9067b74633ed8c31059a3bd82?s=96&d=mm&r=g\",\"url\":\"https:\\\/\\\/secure.gravatar.com\\\/avatar\\\/b71bf7481d447dfb9583c7f2798e7cc64de6efb9067b74633ed8c31059a3bd82?s=96&d=mm&r=g\",\"contentUrl\":\"https:\\\/\\\/secure.gravatar.com\\\/avatar\\\/b71bf7481d447dfb9583c7f2798e7cc64de6efb9067b74633ed8c31059a3bd82?s=96&d=mm&r=g\",\"caption\":\"Sebastian\"},\"url\":\"https:\\\/\\\/informelitoral.com.ar\\\/author\\\/sebastian\\\/\"}]}<\/script>","yoast_head_json":{"title":"River vs. Palmeiras: hora, TV y posibles formaciones - Informe Litoral","robots":{"index":"index","follow":"follow","max-snippet":"max-snippet:-1","max-image-preview":"max-image-preview:large","max-video-preview":"max-video-preview:-1"},"canonical":"https:\/\/informelitoral.com.ar\/river-vs-palmeiras-hora-tv-y-posibles-formaciones\/","og_locale":"es_ES","og_type":"article","og_title":"River vs. Palmeiras: hora, TV y posibles formaciones - Informe Litoral","og_description":"El conjunto \u2018millonario\u2019 visitar\u00e1 al \u2018verdao\u2019 con la misi\u00f3n de darle vuelta al marcador respecto a la ida. Conoce c\u00f3mo seguir la contienda.","og_url":"https:\/\/informelitoral.com.ar\/river-vs-palmeiras-hora-tv-y-posibles-formaciones\/","og_site_name":"Informe Litoral","article_publisher":"https:\/\/www.facebook.com\/informelitoral\/","article_published_time":"2025-09-24T12:57:05+00:00","article_modified_time":"2025-09-24T12:59:47+00:00","og_image":[{"url":"https:\/\/www.365scores.com\/es\/news\/wp-content\/uploads\/2025\/09\/Palmeiras-vs-River-previa.jpg","type":"","width":"","height":""},{"width":1920,"height":1080,"url":"https:\/\/www.365scores.com\/es\/news\/wp-content\/uploads\/2025\/09\/Palmeiras-vs-River-previa.jpg","type":"image\/jpeg"}],"author":"Sebastian","twitter_card":"summary_large_image","twitter_image":"https:\/\/www.365scores.com\/es\/news\/wp-content\/uploads\/2025\/09\/Palmeiras-vs-River-previa.jpg","twitter_creator":"@InformeLitoral","twitter_site":"@InformeLitoral","twitter_misc":{"Escrito por":"Sebastian","Tiempo de lectura":"3 minutos"},"schema":{"@context":"https:\/\/schema.org","@graph":[{"@type":"Article","@id":"https:\/\/informelitoral.com.ar\/river-vs-palmeiras-hora-tv-y-posibles-formaciones\/#article","isPartOf":{"@id":"https:\/\/informelitoral.com.ar\/river-vs-palmeiras-hora-tv-y-posibles-formaciones\/"},"author":{"name":"Sebastian","@id":"https:\/\/informelitoral.com.ar\/#\/schema\/person\/f05f9f461677119578717524b127d6d5"},"headline":"River vs. Palmeiras: hora, TV y posibles formaciones","datePublished":"2025-09-24T12:57:05+00:00","dateModified":"2025-09-24T12:59:47+00:00","mainEntityOfPage":{"@id":"https:\/\/informelitoral.com.ar\/river-vs-palmeiras-hora-tv-y-posibles-formaciones\/"},"wordCount":537,"commentCount":0,"publisher":{"@id":"https:\/\/informelitoral.com.ar\/#organization"},"image":{"@id":"https:\/\/informelitoral.com.ar\/river-vs-palmeiras-hora-tv-y-posibles-formaciones\/#primaryimage"},"thumbnailUrl":"https:\/\/www.365scores.com\/es\/news\/%77%70%2d%63%6f%6e%74%65%6e%74\/uploads\/2025\/09\/Palmeiras-vs-River-previa.jpg","keywords":["Palmeiras","Partido","River Plate"],"articleSection":["Deportes"],"inLanguage":"es","potentialAction":[{"@type":"CommentAction","name":"Comment","target":["https:\/\/informelitoral.com.ar\/river-vs-palmeiras-hora-tv-y-posibles-formaciones\/#respond"]}]},{"@type":"WebPage","@id":"https:\/\/informelitoral.com.ar\/river-vs-palmeiras-hora-tv-y-posibles-formaciones\/","url":"https:\/\/informelitoral.com.ar\/river-vs-palmeiras-hora-tv-y-posibles-formaciones\/","name":"River vs. Palmeiras: hora, TV y posibles formaciones - Informe Litoral","isPartOf":{"@id":"https:\/\/informelitoral.com.ar\/#website"},"primaryImageOfPage":{"@id":"https:\/\/informelitoral.com.ar\/river-vs-palmeiras-hora-tv-y-posibles-formaciones\/#primaryimage"},"image":{"@id":"https:\/\/informelitoral.com.ar\/river-vs-palmeiras-hora-tv-y-posibles-formaciones\/#primaryimage"},"thumbnailUrl":"https:\/\/www.365scores.com\/es\/news\/%77%70%2d%63%6f%6e%74%65%6e%74\/uploads\/2025\/09\/Palmeiras-vs-River-previa.jpg","datePublished":"2025-09-24T12:57:05+00:00","dateModified":"2025-09-24T12:59:47+00:00","breadcrumb":{"@id":"https:\/\/informelitoral.com.ar\/river-vs-palmeiras-hora-tv-y-posibles-formaciones\/#breadcrumb"},"inLanguage":"es","potentialAction":[{"@type":"ReadAction","target":["https:\/\/informelitoral.com.ar\/river-vs-palmeiras-hora-tv-y-posibles-formaciones\/"]}]},{"@type":"ImageObject","inLanguage":"es","@id":"https:\/\/informelitoral.com.ar\/river-vs-palmeiras-hora-tv-y-posibles-formaciones\/#primaryimage","url":"https:\/\/www.365scores.com\/es\/news\/%77%70%2d%63%6f%6e%74%65%6e%74\/uploads\/2025\/09\/Palmeiras-vs-River-previa.jpg","contentUrl":"https:\/\/www.365scores.com\/es\/news\/%77%70%2d%63%6f%6e%74%65%6e%74\/uploads\/2025\/09\/Palmeiras-vs-River-previa.jpg","width":"1920","height":"1080"},{"@type":"BreadcrumbList","@id":"https:\/\/informelitoral.com.ar\/river-vs-palmeiras-hora-tv-y-posibles-formaciones\/#breadcrumb","itemListElement":[{"@type":"ListItem","position":1,"name":"Portada","item":"https:\/\/informelitoral.com.ar\/"},{"@type":"ListItem","position":2,"name":"River vs. Palmeiras: hora, TV y posibles formaciones"}]},{"@type":"WebSite","@id":"https:\/\/informelitoral.com.ar\/#website","url":"https:\/\/informelitoral.com.ar\/","name":"Informe Litoral","description":"&quot;Nos informamos&quot; ","publisher":{"@id":"https:\/\/informelitoral.com.ar\/#organization"},"potentialAction":[{"@type":"SearchAction","target":{"@type":"EntryPoint","urlTemplate":"https:\/\/informelitoral.com.ar\/?s={search_term_string}"},"query-input":{"@type":"PropertyValueSpecification","valueRequired":true,"valueName":"search_term_string"}}],"inLanguage":"es"},{"@type":"Organization","@id":"https:\/\/informelitoral.com.ar\/#organization","name":"Informe Litoral","url":"https:\/\/informelitoral.com.ar\/","logo":{"@type":"ImageObject","inLanguage":"es","@id":"https:\/\/informelitoral.com.ar\/#\/schema\/logo\/image\/","url":"https:\/\/informelitoral.com.ar\/%77%70%2d%63%6f%6e%74%65%6e%74\/uploads\/2021\/01\/circulo.png","contentUrl":"https:\/\/informelitoral.com.ar\/%77%70%2d%63%6f%6e%74%65%6e%74\/uploads\/2021\/01\/circulo.png","width":723,"height":731,"caption":"Informe Litoral"},"image":{"@id":"https:\/\/informelitoral.com.ar\/#\/schema\/logo\/image\/"},"sameAs":["https:\/\/www.facebook.com\/informelitoral\/","https:\/\/x.com\/InformeLitoral","https:\/\/www.instagram.com\/informelitoral\/","https:\/\/www.youtube.com\/channel\/UCua4Qvz8Icb6MYqhoq9xLXw"]},{"@type":"Person","@id":"https:\/\/informelitoral.com.ar\/#\/schema\/person\/f05f9f461677119578717524b127d6d5","name":"Sebastian","image":{"@type":"ImageObject","inLanguage":"es","@id":"https:\/\/secure.gravatar.com\/avatar\/b71bf7481d447dfb9583c7f2798e7cc64de6efb9067b74633ed8c31059a3bd82?s=96&d=mm&r=g","url":"https:\/\/secure.gravatar.com\/avatar\/b71bf7481d447dfb9583c7f2798e7cc64de6efb9067b74633ed8c31059a3bd82?s=96&d=mm&r=g","contentUrl":"https:\/\/secure.gravatar.com\/avatar\/b71bf7481d447dfb9583c7f2798e7cc64de6efb9067b74633ed8c31059a3bd82?s=96&d=mm&r=g","caption":"Sebastian"},"url":"https:\/\/informelitoral.com.ar\/author\/sebastian\/"}]}},"fifu_image_url":"https:\/\/www.365scores.com\/es\/news\/wp-content\/uploads\/2025\/09\/Palmeiras-vs-River-previa.jpg","_links":{"self":[{"href":"https:\/\/informelitoral.com.ar\/%77%70%2d%6a%73%6f%6e\/wp\/v2\/posts\/234961","targetHints":{"allow":["GET"]}}],"collection":[{"href":"https:\/\/informelitoral.com.ar\/%77%70%2d%6a%73%6f%6e\/wp\/v2\/posts"}],"about":[{"href":"https:\/\/informelitoral.com.ar\/%77%70%2d%6a%73%6f%6e\/wp\/v2\/types\/post"}],"author":[{"embeddable":true,"href":"https:\/\/informelitoral.com.ar\/%77%70%2d%6a%73%6f%6e\/wp\/v2\/users\/8"}],"replies":[{"embeddable":true,"href":"https:\/\/informelitoral.com.ar\/%77%70%2d%6a%73%6f%6e\/wp\/v2\/comments?post=234961"}],"version-history":[{"count":2,"href":"https:\/\/informelitoral.com.ar\/%77%70%2d%6a%73%6f%6e\/wp\/v2\/posts\/234961\/revisions"}],"predecessor-version":[{"id":234964,"href":"https:\/\/informelitoral.com.ar\/%77%70%2d%6a%73%6f%6e\/wp\/v2\/posts\/234961\/revisions\/234964"}],"wp:featuredmedia":[{"embeddable":true,"href":"https:\/\/informelitoral.com.ar\/%77%70%2d%6a%73%6f%6e\/wp\/v2\/media\/234962"}],"wp:attachment":[{"href":"https:\/\/informelitoral.com.ar\/%77%70%2d%6a%73%6f%6e\/wp\/v2\/media?parent=234961"}],"wp:term":[{"taxonomy":"category","embeddable":true,"href":"https:\/\/informelitoral.com.ar\/%77%70%2d%6a%73%6f%6e\/wp\/v2\/categories?post=234961"},{"taxonomy":"post_tag","embeddable":true,"href":"https:\/\/informelitoral.com.ar\/%77%70%2d%6a%73%6f%6e\/wp\/v2\/tags?post=234961"}],"curies":[{"name":"wp","href":"https:\/\/api.w.org\/{rel}","templated":true}]}}