{"id":23486,"date":"2017-10-23T08:49:01","date_gmt":"2017-10-23T11:49:01","guid":{"rendered":"http:\/\/www.isletasnoticias.com.ar\/?p=23486"},"modified":"2017-10-23T08:49:01","modified_gmt":"2017-10-23T11:49:01","slug":"la-produccion-de-carne-de-cerdo-crecio-7-por-la-suba-del-consumo-interno","status":"publish","type":"post","link":"https:\/\/informelitoral.com.ar\/la-produccion-de-carne-de-cerdo-crecio-7-por-la-suba-del-consumo-interno\/","title":{"rendered":"La producci\u00f3n de carne de cerdo creci\u00f3 7% por la suba del consumo interno"},"content":{"rendered":"<p><strong>Lo afirm\u00f3 el subsecretario de Ganader\u00eda, <em>Rodrigo Troncoso<\/em> en la reuni\u00f3n de la Mesa Nacional del Sector Porcino.<\/strong><a href=\"http:\/\/www.isletasnoticias.com.ar\/%77%70%2d%63%6f%6e%74%65%6e%74\/uploads\/2017\/10\/carne-de-cerdo.jpg\"><img loading=\"lazy\" decoding=\"async\" class=\"aligncenter wp-image-23487 size-full\" src=\"http:\/\/www.isletasnoticias.com.ar\/%77%70%2d%63%6f%6e%74%65%6e%74\/uploads\/2017\/10\/carne-de-cerdo.jpg\" alt=\"\" width=\"960\" height=\"426\" srcset=\"https:\/\/informelitoral.com.ar\/%77%70%2d%63%6f%6e%74%65%6e%74\/uploads\/2017\/10\/carne-de-cerdo.jpg 960w, https:\/\/informelitoral.com.ar\/%77%70%2d%63%6f%6e%74%65%6e%74\/uploads\/2017\/10\/carne-de-cerdo-300x133.jpg 300w, https:\/\/informelitoral.com.ar\/%77%70%2d%63%6f%6e%74%65%6e%74\/uploads\/2017\/10\/carne-de-cerdo-768x341.jpg 768w\" sizes=\"auto, (max-width: 960px) 100vw, 960px\" \/><\/a><\/p>\n<p>Se realiz\u00f3 la segunda reuni\u00f3n anual de la Mesa Nacional Porcina que cont\u00f3 con la presencia de referentes t\u00e9cnicos del Servicio Nacional de Sanidad y Calidad Agroalimentaria (Senasa) y las asociaciones del sector.<\/p>\n<p>La reuni\u00f3n,organizada por la Secretar\u00eda de Mercados Agroindustriales, junto a las subsecretar\u00edas de Ganader\u00eda, y de Alimentos y Bebidas, estuvo encabezada por el subsecretario de Ganader\u00eda, Rodrigo Troncoso, quien se refiri\u00f3 junto a t\u00e9cnicos de su \u00e1rea, al aumento de la producci\u00f3n alcanzada entre enero y julio de este a\u00f1o, que sum\u00f3 322.628 toneladas res con hueso, superando las 300.782 toneladas res con hueso producidas en el mismo per\u00edodo de 2016. El funcionario destac\u00f3\u00a0el incremento interanual del 7% impulsado por la suba del consumo interno, que se ubica en los 13,7 kg per c\u00e1pita y se proyecta un crecimiento para este a\u00f1o entre el 8 y 9,5% en dicho consumo.<\/p>\n<p>Durante la jornada se debati\u00f3 acerca de\u00a0las perspectivas a futuro y el aumento de la exportaci\u00f3n de carnes durante este a\u00f1o. Adem\u00e1s, se presentaron los an\u00e1lisis sobre los reintegros a las exportaciones por posici\u00f3n arancelaria, y se ofreci\u00f3 asesoramiento t\u00e9cnico comercial para las misiones comerciales previstas para este a\u00f1o y el pr\u00f3ximo, como Singapur o Rusia y para las ferias para el a\u00f1o 2018.<\/p>\n<p>Asimismo, se trat\u00f3 la apertura de nuevos mercados para el sector y los avances en las negociaciones con China y Singapur. De acuerdo a Agroindustria, se trabaj\u00f3 con los privados en la definici\u00f3n de los mercados de inter\u00e9s para futuras aperturas, y el Senasa inform\u00f3 los estados de las negociaciones en curso.<\/p>\n<p>Por otra parte, se presentaron las l\u00edneas existentes de financiamiento tanto del Ministerio de Agroindustria como del Banco de Inversi\u00f3n y Comercio Exterior (BICE) destinadas a la exportaci\u00f3n.<\/p>\n<p>Por \u00faltimo, la Subsecretar\u00eda de Ganader\u00eda expuso un estudio exploratorio del mercado ruso, el cual es de gran inter\u00e9s para el sector. Cabe recordar que en junio del presente a\u00f1o se export\u00f3 por primera vez a ese pa\u00eds medias reses porcinas congeladas, exponiendo la potencialidad de este mercado y la competitividad del sector porcino argentino.<\/p>\n<p>Al d\u00eda de hoy, Rusia es el principal importador de carne porcina congelada argentina con un 96,6% de la participaci\u00f3n en valor. Mientras que Hong Kong es el principal importador de despojos porcinos congelados argentinos con una participaci\u00f3n del 73%.<\/p>\n<p>Tambi\u00e9n participaron el director Nacional de Producci\u00f3n Ganadera, Daniel Papotto; el director de Porcinos, Lucas Balbi; la asesora t\u00e9cnica del programa Abriendo Mercados, Leslie Laurence; el asesor t\u00e9cnico sectorial de carnes, Eduardo Veronesi; y el asesor t\u00e9cnico comercial de la Secretar\u00eda de Mercados Agroindustriales, Carlos Mendez; Patricia Parra, de la Subsecretar\u00eda de Alimentos y Bebidas; el Agregado Agr\u00edcola en Rusia, Alonso Ferrando; el representante de la Agencia Argentina de Inversiones y Comercio Internacional, Ryan Bruchou; y dem\u00e1s funcionarios, indic\u00f3 <em>Infocampo.<\/em><\/p>\n<p>Adem\u00e1s estuvieron presentes representantes del sector privado y entidades agropecuarias como la Asociaci\u00f3n Argentina de Productores Porcinos (AAPP), la C\u00e1mara Argentina de la Industria de Chacinados y Afines (CAICHA), Argenpork, la Uni\u00f3n de la Industria C\u00e1rnica Argentina (UNICA), JBS, Caba\u00f1a Argentina, Frigor\u00edfico Qualita, Cagnoli, Industria Toledo, Piamontesa, Tutto Porkys, La Pompeya, Campo Austral y Paladini.<\/p>\n","protected":false},"excerpt":{"rendered":"<p>Lo afirm&oacute; el subsecretario de Ganader&iacute;a, Rodrigo Troncoso en la reuni&oacute;n de la Mesa Nacional del Sector Porcino. Se realiz&oacute; la segunda reuni&oacute;n anual de la Mesa Nacional Porcina que cont&oacute; con la presencia de referentes t&eacute;cnicos del Servicio Nacional de Sanidad y Calidad Agroalimentaria (Senasa) y las asociaciones del sector. La reuni&oacute;n,organizada por la [&hellip;]<\/p>\n","protected":false},"author":2,"featured_media":0,"comment_status":"open","ping_status":"open","sticky":false,"template":"","format":"standard","meta":{"fifu_image_url":"","fifu_image_alt":"","footnotes":""},"categories":[10],"tags":[],"class_list":{"0":"post-23486","1":"post","2":"type-post","3":"status-publish","4":"format-standard","6":"category-campo"},"yoast_head":"<title>La producci\u00f3n de carne de cerdo creci\u00f3 7% por la suba del consumo interno - Informe Litoral<\/title>\n<meta name=\"robots\" content=\"index, follow, max-snippet:-1, max-image-preview:large, max-video-preview:-1\" \/>\n<link rel=\"canonical\" href=\"https:\/\/informelitoral.com.ar\/la-produccion-de-carne-de-cerdo-crecio-7-por-la-suba-del-consumo-interno\/\" \/>\n<meta property=\"og:locale\" content=\"es_ES\" \/>\n<meta property=\"og:type\" content=\"article\" \/>\n<meta property=\"og:title\" content=\"La producci\u00f3n de carne de cerdo creci\u00f3 7% por la suba del consumo interno - Informe Litoral\" \/>\n<meta property=\"og:description\" content=\"Lo afirm&oacute; el subsecretario de Ganader&iacute;a, Rodrigo Troncoso en la reuni&oacute;n de la Mesa Nacional del Sector Porcino. Se realiz&oacute; la segunda reuni&oacute;n anual de la Mesa Nacional Porcina que cont&oacute; con la presencia de referentes t&eacute;cnicos del Servicio Nacional de Sanidad y Calidad Agroalimentaria (Senasa) y las asociaciones del sector. La reuni&oacute;n,organizada por la [&hellip;]\" \/>\n<meta property=\"og:url\" content=\"https:\/\/informelitoral.com.ar\/la-produccion-de-carne-de-cerdo-crecio-7-por-la-suba-del-consumo-interno\/\" \/>\n<meta property=\"og:site_name\" content=\"Informe Litoral\" \/>\n<meta property=\"article:publisher\" content=\"https:\/\/www.facebook.com\/informelitoral\/\" \/>\n<meta property=\"article:published_time\" content=\"2017-10-23T11:49:01+00:00\" \/>\n<meta property=\"og:image\" content=\"https:\/\/informelitoral.com.ar\/%77%70%2d%63%6f%6e%74%65%6e%74\/uploads\/2017\/10\/carne-de-cerdo.jpg\" \/>\n\t<meta property=\"og:image:width\" content=\"960\" \/>\n\t<meta property=\"og:image:height\" content=\"426\" \/>\n\t<meta property=\"og:image:type\" content=\"image\/jpeg\" \/>\n<meta name=\"author\" content=\"Gonzalo Schmidt\" \/>\n<meta name=\"twitter:card\" content=\"summary_large_image\" \/>\n<meta name=\"twitter:creator\" content=\"@InformeLitoral\" \/>\n<meta name=\"twitter:site\" content=\"@InformeLitoral\" \/>\n<meta name=\"twitter:label1\" content=\"Escrito por\" \/>\n\t<meta name=\"twitter:data1\" content=\"Gonzalo Schmidt\" \/>\n\t<meta name=\"twitter:label2\" content=\"Tiempo de lectura\" \/>\n\t<meta name=\"twitter:data2\" content=\"3 minutos\" \/>\n<script type=\"application\/ld+json\" class=\"yoast-schema-graph\">{\"@context\":\"https:\\\/\\\/schema.org\",\"@graph\":[{\"@type\":\"Article\",\"@id\":\"https:\\\/\\\/informelitoral.com.ar\\\/la-produccion-de-carne-de-cerdo-crecio-7-por-la-suba-del-consumo-interno\\\/#article\",\"isPartOf\":{\"@id\":\"https:\\\/\\\/informelitoral.com.ar\\\/la-produccion-de-carne-de-cerdo-crecio-7-por-la-suba-del-consumo-interno\\\/\"},\"author\":{\"name\":\"Gonzalo Schmidt\",\"@id\":\"https:\\\/\\\/informelitoral.com.ar\\\/#\\\/schema\\\/person\\\/b9d00407c836482871ef1d57bf8e3180\"},\"headline\":\"La producci\u00f3n de carne de cerdo creci\u00f3 7% por la suba del consumo interno\",\"datePublished\":\"2017-10-23T11:49:01+00:00\",\"mainEntityOfPage\":{\"@id\":\"https:\\\/\\\/informelitoral.com.ar\\\/la-produccion-de-carne-de-cerdo-crecio-7-por-la-suba-del-consumo-interno\\\/\"},\"wordCount\":595,\"commentCount\":0,\"publisher\":{\"@id\":\"https:\\\/\\\/informelitoral.com.ar\\\/#organization\"},\"image\":{\"@id\":\"https:\\\/\\\/informelitoral.com.ar\\\/la-produccion-de-carne-de-cerdo-crecio-7-por-la-suba-del-consumo-interno\\\/#primaryimage\"},\"thumbnailUrl\":\"http:\\\/\\\/www.isletasnoticias.com.ar\\\/%77%70%2d%63%6f%6e%74%65%6e%74\\\/uploads\\\/2017\\\/10\\\/carne-de-cerdo.jpg\",\"articleSection\":[\"Campo\"],\"inLanguage\":\"es\",\"potentialAction\":[{\"@type\":\"CommentAction\",\"name\":\"Comment\",\"target\":[\"https:\\\/\\\/informelitoral.com.ar\\\/la-produccion-de-carne-de-cerdo-crecio-7-por-la-suba-del-consumo-interno\\\/#respond\"]}]},{\"@type\":\"WebPage\",\"@id\":\"https:\\\/\\\/informelitoral.com.ar\\\/la-produccion-de-carne-de-cerdo-crecio-7-por-la-suba-del-consumo-interno\\\/\",\"url\":\"https:\\\/\\\/informelitoral.com.ar\\\/la-produccion-de-carne-de-cerdo-crecio-7-por-la-suba-del-consumo-interno\\\/\",\"name\":\"La producci\u00f3n de carne de cerdo creci\u00f3 7% por la suba del consumo interno - Informe Litoral\",\"isPartOf\":{\"@id\":\"https:\\\/\\\/informelitoral.com.ar\\\/#website\"},\"primaryImageOfPage\":{\"@id\":\"https:\\\/\\\/informelitoral.com.ar\\\/la-produccion-de-carne-de-cerdo-crecio-7-por-la-suba-del-consumo-interno\\\/#primaryimage\"},\"image\":{\"@id\":\"https:\\\/\\\/informelitoral.com.ar\\\/la-produccion-de-carne-de-cerdo-crecio-7-por-la-suba-del-consumo-interno\\\/#primaryimage\"},\"thumbnailUrl\":\"http:\\\/\\\/www.isletasnoticias.com.ar\\\/%77%70%2d%63%6f%6e%74%65%6e%74\\\/uploads\\\/2017\\\/10\\\/carne-de-cerdo.jpg\",\"datePublished\":\"2017-10-23T11:49:01+00:00\",\"breadcrumb\":{\"@id\":\"https:\\\/\\\/informelitoral.com.ar\\\/la-produccion-de-carne-de-cerdo-crecio-7-por-la-suba-del-consumo-interno\\\/#breadcrumb\"},\"inLanguage\":\"es\",\"potentialAction\":[{\"@type\":\"ReadAction\",\"target\":[\"https:\\\/\\\/informelitoral.com.ar\\\/la-produccion-de-carne-de-cerdo-crecio-7-por-la-suba-del-consumo-interno\\\/\"]}]},{\"@type\":\"ImageObject\",\"inLanguage\":\"es\",\"@id\":\"https:\\\/\\\/informelitoral.com.ar\\\/la-produccion-de-carne-de-cerdo-crecio-7-por-la-suba-del-consumo-interno\\\/#primaryimage\",\"url\":\"http:\\\/\\\/www.isletasnoticias.com.ar\\\/%77%70%2d%63%6f%6e%74%65%6e%74\\\/uploads\\\/2017\\\/10\\\/carne-de-cerdo.jpg\",\"contentUrl\":\"http:\\\/\\\/www.isletasnoticias.com.ar\\\/%77%70%2d%63%6f%6e%74%65%6e%74\\\/uploads\\\/2017\\\/10\\\/carne-de-cerdo.jpg\"},{\"@type\":\"BreadcrumbList\",\"@id\":\"https:\\\/\\\/informelitoral.com.ar\\\/la-produccion-de-carne-de-cerdo-crecio-7-por-la-suba-del-consumo-interno\\\/#breadcrumb\",\"itemListElement\":[{\"@type\":\"ListItem\",\"position\":1,\"name\":\"Portada\",\"item\":\"https:\\\/\\\/informelitoral.com.ar\\\/\"},{\"@type\":\"ListItem\",\"position\":2,\"name\":\"La producci\u00f3n de carne de cerdo creci\u00f3 7% por la suba del consumo interno\"}]},{\"@type\":\"WebSite\",\"@id\":\"https:\\\/\\\/informelitoral.com.ar\\\/#website\",\"url\":\"https:\\\/\\\/informelitoral.com.ar\\\/\",\"name\":\"Informe Litoral\",\"description\":\"&quot;Nos informamos&quot; \",\"publisher\":{\"@id\":\"https:\\\/\\\/informelitoral.com.ar\\\/#organization\"},\"potentialAction\":[{\"@type\":\"SearchAction\",\"target\":{\"@type\":\"EntryPoint\",\"urlTemplate\":\"https:\\\/\\\/informelitoral.com.ar\\\/?s={search_term_string}\"},\"query-input\":{\"@type\":\"PropertyValueSpecification\",\"valueRequired\":true,\"valueName\":\"search_term_string\"}}],\"inLanguage\":\"es\"},{\"@type\":\"Organization\",\"@id\":\"https:\\\/\\\/informelitoral.com.ar\\\/#organization\",\"name\":\"Informe Litoral\",\"url\":\"https:\\\/\\\/informelitoral.com.ar\\\/\",\"logo\":{\"@type\":\"ImageObject\",\"inLanguage\":\"es\",\"@id\":\"https:\\\/\\\/informelitoral.com.ar\\\/#\\\/schema\\\/logo\\\/image\\\/\",\"url\":\"https:\\\/\\\/informelitoral.com.ar\\\/%77%70%2d%63%6f%6e%74%65%6e%74\\\/uploads\\\/2021\\\/01\\\/circulo.png\",\"contentUrl\":\"https:\\\/\\\/informelitoral.com.ar\\\/%77%70%2d%63%6f%6e%74%65%6e%74\\\/uploads\\\/2021\\\/01\\\/circulo.png\",\"width\":723,\"height\":731,\"caption\":\"Informe Litoral\"},\"image\":{\"@id\":\"https:\\\/\\\/informelitoral.com.ar\\\/#\\\/schema\\\/logo\\\/image\\\/\"},\"sameAs\":[\"https:\\\/\\\/www.facebook.com\\\/informelitoral\\\/\",\"https:\\\/\\\/x.com\\\/InformeLitoral\",\"https:\\\/\\\/www.instagram.com\\\/informelitoral\\\/\",\"https:\\\/\\\/www.youtube.com\\\/channel\\\/UCua4Qvz8Icb6MYqhoq9xLXw\"]},{\"@type\":\"Person\",\"@id\":\"https:\\\/\\\/informelitoral.com.ar\\\/#\\\/schema\\\/person\\\/b9d00407c836482871ef1d57bf8e3180\",\"name\":\"Gonzalo Schmidt\",\"image\":{\"@type\":\"ImageObject\",\"inLanguage\":\"es\",\"@id\":\"https:\\\/\\\/secure.gravatar.com\\\/avatar\\\/31a1a7b66ff2de83bd0e9fd79d026630d2d99e55e8bfe501287647b4fd9743de?s=96&d=mm&r=g\",\"url\":\"https:\\\/\\\/secure.gravatar.com\\\/avatar\\\/31a1a7b66ff2de83bd0e9fd79d026630d2d99e55e8bfe501287647b4fd9743de?s=96&d=mm&r=g\",\"contentUrl\":\"https:\\\/\\\/secure.gravatar.com\\\/avatar\\\/31a1a7b66ff2de83bd0e9fd79d026630d2d99e55e8bfe501287647b4fd9743de?s=96&d=mm&r=g\",\"caption\":\"Gonzalo Schmidt\"},\"description\":\"Sitio web de noticias de la provincia de Entre R\u00edos, Argentina. Informaci\u00f3n y entretenimiento. Informe Litoral, nos informamos.\",\"sameAs\":[\"http:\\\/\\\/www.isletasnoticias.com.ar\"],\"url\":\"https:\\\/\\\/informelitoral.com.ar\\\/author\\\/gonzalo\\\/\"}]}<\/script>","yoast_head_json":{"title":"La producci\u00f3n de carne de cerdo creci\u00f3 7% por la suba del consumo interno - Informe Litoral","robots":{"index":"index","follow":"follow","max-snippet":"max-snippet:-1","max-image-preview":"max-image-preview:large","max-video-preview":"max-video-preview:-1"},"canonical":"https:\/\/informelitoral.com.ar\/la-produccion-de-carne-de-cerdo-crecio-7-por-la-suba-del-consumo-interno\/","og_locale":"es_ES","og_type":"article","og_title":"La producci\u00f3n de carne de cerdo creci\u00f3 7% por la suba del consumo interno - Informe Litoral","og_description":"Lo afirm&oacute; el subsecretario de Ganader&iacute;a, Rodrigo Troncoso en la reuni&oacute;n de la Mesa Nacional del Sector Porcino. Se realiz&oacute; la segunda reuni&oacute;n anual de la Mesa Nacional Porcina que cont&oacute; con la presencia de referentes t&eacute;cnicos del Servicio Nacional de Sanidad y Calidad Agroalimentaria (Senasa) y las asociaciones del sector. La reuni&oacute;n,organizada por la [&hellip;]","og_url":"https:\/\/informelitoral.com.ar\/la-produccion-de-carne-de-cerdo-crecio-7-por-la-suba-del-consumo-interno\/","og_site_name":"Informe Litoral","article_publisher":"https:\/\/www.facebook.com\/informelitoral\/","article_published_time":"2017-10-23T11:49:01+00:00","og_image":[{"width":960,"height":426,"url":"https:\/\/informelitoral.com.ar\/%77%70%2d%63%6f%6e%74%65%6e%74\/uploads\/2017\/10\/carne-de-cerdo.jpg","type":"image\/jpeg"}],"author":"Gonzalo Schmidt","twitter_card":"summary_large_image","twitter_creator":"@InformeLitoral","twitter_site":"@InformeLitoral","twitter_misc":{"Escrito por":"Gonzalo Schmidt","Tiempo de lectura":"3 minutos"},"schema":{"@context":"https:\/\/schema.org","@graph":[{"@type":"Article","@id":"https:\/\/informelitoral.com.ar\/la-produccion-de-carne-de-cerdo-crecio-7-por-la-suba-del-consumo-interno\/#article","isPartOf":{"@id":"https:\/\/informelitoral.com.ar\/la-produccion-de-carne-de-cerdo-crecio-7-por-la-suba-del-consumo-interno\/"},"author":{"name":"Gonzalo Schmidt","@id":"https:\/\/informelitoral.com.ar\/#\/schema\/person\/b9d00407c836482871ef1d57bf8e3180"},"headline":"La producci\u00f3n de carne de cerdo creci\u00f3 7% por la suba del consumo interno","datePublished":"2017-10-23T11:49:01+00:00","mainEntityOfPage":{"@id":"https:\/\/informelitoral.com.ar\/la-produccion-de-carne-de-cerdo-crecio-7-por-la-suba-del-consumo-interno\/"},"wordCount":595,"commentCount":0,"publisher":{"@id":"https:\/\/informelitoral.com.ar\/#organization"},"image":{"@id":"https:\/\/informelitoral.com.ar\/la-produccion-de-carne-de-cerdo-crecio-7-por-la-suba-del-consumo-interno\/#primaryimage"},"thumbnailUrl":"http:\/\/www.isletasnoticias.com.ar\/%77%70%2d%63%6f%6e%74%65%6e%74\/uploads\/2017\/10\/carne-de-cerdo.jpg","articleSection":["Campo"],"inLanguage":"es","potentialAction":[{"@type":"CommentAction","name":"Comment","target":["https:\/\/informelitoral.com.ar\/la-produccion-de-carne-de-cerdo-crecio-7-por-la-suba-del-consumo-interno\/#respond"]}]},{"@type":"WebPage","@id":"https:\/\/informelitoral.com.ar\/la-produccion-de-carne-de-cerdo-crecio-7-por-la-suba-del-consumo-interno\/","url":"https:\/\/informelitoral.com.ar\/la-produccion-de-carne-de-cerdo-crecio-7-por-la-suba-del-consumo-interno\/","name":"La producci\u00f3n de carne de cerdo creci\u00f3 7% por la suba del consumo interno - Informe Litoral","isPartOf":{"@id":"https:\/\/informelitoral.com.ar\/#website"},"primaryImageOfPage":{"@id":"https:\/\/informelitoral.com.ar\/la-produccion-de-carne-de-cerdo-crecio-7-por-la-suba-del-consumo-interno\/#primaryimage"},"image":{"@id":"https:\/\/informelitoral.com.ar\/la-produccion-de-carne-de-cerdo-crecio-7-por-la-suba-del-consumo-interno\/#primaryimage"},"thumbnailUrl":"http:\/\/www.isletasnoticias.com.ar\/%77%70%2d%63%6f%6e%74%65%6e%74\/uploads\/2017\/10\/carne-de-cerdo.jpg","datePublished":"2017-10-23T11:49:01+00:00","breadcrumb":{"@id":"https:\/\/informelitoral.com.ar\/la-produccion-de-carne-de-cerdo-crecio-7-por-la-suba-del-consumo-interno\/#breadcrumb"},"inLanguage":"es","potentialAction":[{"@type":"ReadAction","target":["https:\/\/informelitoral.com.ar\/la-produccion-de-carne-de-cerdo-crecio-7-por-la-suba-del-consumo-interno\/"]}]},{"@type":"ImageObject","inLanguage":"es","@id":"https:\/\/informelitoral.com.ar\/la-produccion-de-carne-de-cerdo-crecio-7-por-la-suba-del-consumo-interno\/#primaryimage","url":"http:\/\/www.isletasnoticias.com.ar\/%77%70%2d%63%6f%6e%74%65%6e%74\/uploads\/2017\/10\/carne-de-cerdo.jpg","contentUrl":"http:\/\/www.isletasnoticias.com.ar\/%77%70%2d%63%6f%6e%74%65%6e%74\/uploads\/2017\/10\/carne-de-cerdo.jpg"},{"@type":"BreadcrumbList","@id":"https:\/\/informelitoral.com.ar\/la-produccion-de-carne-de-cerdo-crecio-7-por-la-suba-del-consumo-interno\/#breadcrumb","itemListElement":[{"@type":"ListItem","position":1,"name":"Portada","item":"https:\/\/informelitoral.com.ar\/"},{"@type":"ListItem","position":2,"name":"La producci\u00f3n de carne de cerdo creci\u00f3 7% por la suba del consumo interno"}]},{"@type":"WebSite","@id":"https:\/\/informelitoral.com.ar\/#website","url":"https:\/\/informelitoral.com.ar\/","name":"Informe Litoral","description":"&quot;Nos informamos&quot; ","publisher":{"@id":"https:\/\/informelitoral.com.ar\/#organization"},"potentialAction":[{"@type":"SearchAction","target":{"@type":"EntryPoint","urlTemplate":"https:\/\/informelitoral.com.ar\/?s={search_term_string}"},"query-input":{"@type":"PropertyValueSpecification","valueRequired":true,"valueName":"search_term_string"}}],"inLanguage":"es"},{"@type":"Organization","@id":"https:\/\/informelitoral.com.ar\/#organization","name":"Informe Litoral","url":"https:\/\/informelitoral.com.ar\/","logo":{"@type":"ImageObject","inLanguage":"es","@id":"https:\/\/informelitoral.com.ar\/#\/schema\/logo\/image\/","url":"https:\/\/informelitoral.com.ar\/%77%70%2d%63%6f%6e%74%65%6e%74\/uploads\/2021\/01\/circulo.png","contentUrl":"https:\/\/informelitoral.com.ar\/%77%70%2d%63%6f%6e%74%65%6e%74\/uploads\/2021\/01\/circulo.png","width":723,"height":731,"caption":"Informe Litoral"},"image":{"@id":"https:\/\/informelitoral.com.ar\/#\/schema\/logo\/image\/"},"sameAs":["https:\/\/www.facebook.com\/informelitoral\/","https:\/\/x.com\/InformeLitoral","https:\/\/www.instagram.com\/informelitoral\/","https:\/\/www.youtube.com\/channel\/UCua4Qvz8Icb6MYqhoq9xLXw"]},{"@type":"Person","@id":"https:\/\/informelitoral.com.ar\/#\/schema\/person\/b9d00407c836482871ef1d57bf8e3180","name":"Gonzalo Schmidt","image":{"@type":"ImageObject","inLanguage":"es","@id":"https:\/\/secure.gravatar.com\/avatar\/31a1a7b66ff2de83bd0e9fd79d026630d2d99e55e8bfe501287647b4fd9743de?s=96&d=mm&r=g","url":"https:\/\/secure.gravatar.com\/avatar\/31a1a7b66ff2de83bd0e9fd79d026630d2d99e55e8bfe501287647b4fd9743de?s=96&d=mm&r=g","contentUrl":"https:\/\/secure.gravatar.com\/avatar\/31a1a7b66ff2de83bd0e9fd79d026630d2d99e55e8bfe501287647b4fd9743de?s=96&d=mm&r=g","caption":"Gonzalo Schmidt"},"description":"Sitio web de noticias de la provincia de Entre R\u00edos, Argentina. Informaci\u00f3n y entretenimiento. Informe Litoral, nos informamos.","sameAs":["http:\/\/www.isletasnoticias.com.ar"],"url":"https:\/\/informelitoral.com.ar\/author\/gonzalo\/"}]}},"_links":{"self":[{"href":"https:\/\/informelitoral.com.ar\/%77%70%2d%6a%73%6f%6e\/wp\/v2\/posts\/23486","targetHints":{"allow":["GET"]}}],"collection":[{"href":"https:\/\/informelitoral.com.ar\/%77%70%2d%6a%73%6f%6e\/wp\/v2\/posts"}],"about":[{"href":"https:\/\/informelitoral.com.ar\/%77%70%2d%6a%73%6f%6e\/wp\/v2\/types\/post"}],"author":[{"embeddable":true,"href":"https:\/\/informelitoral.com.ar\/%77%70%2d%6a%73%6f%6e\/wp\/v2\/users\/2"}],"replies":[{"embeddable":true,"href":"https:\/\/informelitoral.com.ar\/%77%70%2d%6a%73%6f%6e\/wp\/v2\/comments?post=23486"}],"version-history":[{"count":0,"href":"https:\/\/informelitoral.com.ar\/%77%70%2d%6a%73%6f%6e\/wp\/v2\/posts\/23486\/revisions"}],"wp:attachment":[{"href":"https:\/\/informelitoral.com.ar\/%77%70%2d%6a%73%6f%6e\/wp\/v2\/media?parent=23486"}],"wp:term":[{"taxonomy":"category","embeddable":true,"href":"https:\/\/informelitoral.com.ar\/%77%70%2d%6a%73%6f%6e\/wp\/v2\/categories?post=23486"},{"taxonomy":"post_tag","embeddable":true,"href":"https:\/\/informelitoral.com.ar\/%77%70%2d%6a%73%6f%6e\/wp\/v2\/tags?post=23486"}],"curies":[{"name":"wp","href":"https:\/\/api.w.org\/{rel}","templated":true}]}}