{"id":23477,"date":"2017-10-23T07:15:06","date_gmt":"2017-10-23T10:15:06","guid":{"rendered":"http:\/\/www.isletasnoticias.com.ar\/?p=23477"},"modified":"2017-10-23T07:15:06","modified_gmt":"2017-10-23T10:15:06","slug":"en-entre-rios-cambiemos-supero-al-pj-por-15-puntos","status":"publish","type":"post","link":"https:\/\/informelitoral.com.ar\/en-entre-rios-cambiemos-supero-al-pj-por-15-puntos\/","title":{"rendered":"En Entre R\u00edos Cambiemos super\u00f3 al PJ por 15 puntos"},"content":{"rendered":"<div class=\"post-right\">\n<p class=\"post-excerpt\"><strong>Los datos surgen del centro de c\u00f3mputos que se instal\u00f3 con Casa de Gobierno, con el 99,94% de las mesas escrutadas. Con esos resultados, ingresar\u00e1n al Congreso tres diputados de Cambiemos y dos del PJ. Benedetti celebr\u00f3 el triunfo y se ilusiona con 2019. La Izquierda volvi\u00f3 a quedar como tercera fuerza.<a href=\"http:\/\/www.isletasnoticias.com.ar\/%77%70%2d%63%6f%6e%74%65%6e%74\/uploads\/2017\/10\/gan\u00f3-cambiemos-entre-r\u00edos.jpg\"><img loading=\"lazy\" decoding=\"async\" class=\"aligncenter wp-image-23478 size-full\" src=\"http:\/\/www.isletasnoticias.com.ar\/%77%70%2d%63%6f%6e%74%65%6e%74\/uploads\/2017\/10\/gan\u00f3-cambiemos-entre-r\u00edos.jpg\" alt=\"\" width=\"831\" height=\"554\" srcset=\"https:\/\/informelitoral.com.ar\/%77%70%2d%63%6f%6e%74%65%6e%74\/uploads\/2017\/10\/gan\u00f3-cambiemos-entre-r\u00edos.jpg 831w, https:\/\/informelitoral.com.ar\/%77%70%2d%63%6f%6e%74%65%6e%74\/uploads\/2017\/10\/gan\u00f3-cambiemos-entre-r\u00edos-300x200.jpg 300w, https:\/\/informelitoral.com.ar\/%77%70%2d%63%6f%6e%74%65%6e%74\/uploads\/2017\/10\/gan\u00f3-cambiemos-entre-r\u00edos-768x512.jpg 768w\" sizes=\"auto, (max-width: 831px) 100vw, 831px\" \/><\/a><\/strong><\/p>\n<\/div>\n<div class=\"post-body-inner\">\n<p>Con el\u00a0<strong>99,94% de las mesas escrutadas<\/strong>, Cambiemos se impuso en Entre R\u00edos por m\u00e1s de 15 puntos al Frente Justicialista Somos Entre R\u00edos.<\/p>\n<p>La lista de Cambiemos, encabezada por\u00a0<strong>Atilio Benedetti obtuvo 436.256 votos<\/strong>, que representa el<strong>\u00a052,97%<\/strong>, mientras que la boleta de\u00a0<strong>Somos Entre R\u00edos alcanz\u00f3 los 312.800 sufragios<\/strong>, que representa un\u00a0<strong>37,98%<\/strong>, seg\u00fan inform\u00f3 el centro de c\u00f3mputos instalado en la Casa de gobierno.<\/p>\n<p>En tanto, la el\u00a0<strong>MST-Nueva Izquierda<\/strong>\u00a0se ubica en tercer lugar con\u00a0<strong>39.119 votos<\/strong>, que equivale al\u00a0<strong>4,75%<\/strong>; y\u00a0<strong>Encuentro Social<\/strong>\u00a0obtuvo\u00a0<strong>35.484 sufragios,\u00a0<\/strong>el\u00a0<strong>4,31%.<\/strong><\/p>\n<p><strong>Los nuevos diputados entrerrianos<\/strong><br \/>\nCon estos resultados, el 10 de diciembre asumir\u00e1n como diputados nacionales\u00a0<strong>Atilio Benedetti, Alica Fregonese<\/strong>\u00a0y\u00a0<strong>Jorge Lacoste<\/strong>, por Cambiemos; y\u00a0<strong>Juan Jos\u00e9 Bahillo<\/strong>\u00a0y\u00a0<strong>Mayda Cresto<\/strong>, por el PJ.<\/p>\n<h3><strong>Benedetti celebr\u00f3 el triunfo<\/strong><\/h3>\n<p>Atilio Benedetti habl\u00f3 ayer en el bunker de Cambiemos en Gualeguaych\u00fa tras el triunfo electoral y se\u00f1al\u00f3: \u201cHoy enviamos una clara se\u00f1al, que no es s\u00f3lo de los dirigentes o los integrantes de la lista, sino que\u00a0<strong>este triunfo implica un fuerte compromiso de m\u00e1s de la mitad de los entrerrianos para construir un futuro mejor y demostrar que Entre R\u00edos est\u00e1 s\u00f3lidamente comprometida con el cambio<\/strong>\u201d.<\/p>\n<p>El dirigente se refiri\u00f3 a lo que significa esta victoria electoral y puso la mira en el armado de 2019: \u201cComo mensaje, adem\u00e1s del compromiso con el cambio,\u00a0<strong>este resultado est\u00e1 se\u00f1alando que en 2019 los entrerrianos esperan que trabajemos para ser una propuesta que sea capaz de sumar a nuestra provincia al proyecto de pa\u00eds que encarna Cambiemos<\/strong>\u201d.<\/p>\n<p>Luego indic\u00f3: \u201c<strong>\u00c9ste es el triunfo de la esperanza sobre la desaz\u00f3n, de la confianza, del s\u00ed se puede: es posible construir un pa\u00eds y una provincia con los valores de decencia, transparencia, honestidad y gobernar con la verdad<\/strong>\u201d, destac\u00f3.<\/p>\n<p>Tambi\u00e9n manifest\u00f3 que \u201cesta ha sido una elecci\u00f3n en la cual, quienes integramos la lista trabajamos mucho, pero tambi\u00e9n trabajaron mucho los dirigentes de toda la provincia. Han hecho un gran esfuerzo los intendentes, nuestros legisladores y tambi\u00e9n han trabajado mucho los militantes de Cambiemos, que est\u00e1n convencidos que vale la pena hacer este esfuerzo para desterrar para siempre la mentira, el enga\u00f1o, el relato malicioso de la Argentina y de la provincia de Entre R\u00edos\u201d, finaliz\u00f3.<\/p>\n<\/div>\n","protected":false},"excerpt":{"rendered":"<p>Los datos surgen del centro de c&oacute;mputos que se instal&oacute; con Casa de Gobierno, con el 99,94% de las mesas escrutadas. Con esos resultados, ingresar&aacute;n al Congreso tres diputados de Cambiemos y dos del PJ. Benedetti celebr&oacute; el triunfo y se ilusiona con 2019. La Izquierda volvi&oacute; a quedar como tercera fuerza. Con el&nbsp;99,94% de [&hellip;]<\/p>\n","protected":false},"author":2,"featured_media":0,"comment_status":"open","ping_status":"open","sticky":false,"template":"","format":"standard","meta":{"fifu_image_url":"","fifu_image_alt":"","footnotes":""},"categories":[6,16],"tags":[],"class_list":{"0":"post-23477","1":"post","2":"type-post","3":"status-publish","4":"format-standard","6":"category-entre-rios","7":"category-politi"},"yoast_head":"<title>En Entre R\u00edos Cambiemos super\u00f3 al PJ por 15 puntos - Informe Litoral<\/title>\n<meta name=\"robots\" content=\"index, follow, max-snippet:-1, max-image-preview:large, max-video-preview:-1\" \/>\n<link rel=\"canonical\" href=\"https:\/\/informelitoral.com.ar\/en-entre-rios-cambiemos-supero-al-pj-por-15-puntos\/\" \/>\n<meta property=\"og:locale\" content=\"es_ES\" \/>\n<meta property=\"og:type\" content=\"article\" \/>\n<meta property=\"og:title\" content=\"En Entre R\u00edos Cambiemos super\u00f3 al PJ por 15 puntos - Informe Litoral\" \/>\n<meta property=\"og:description\" content=\"Los datos surgen del centro de c&oacute;mputos que se instal&oacute; con Casa de Gobierno, con el 99,94% de las mesas escrutadas. Con esos resultados, ingresar&aacute;n al Congreso tres diputados de Cambiemos y dos del PJ. Benedetti celebr&oacute; el triunfo y se ilusiona con 2019. La Izquierda volvi&oacute; a quedar como tercera fuerza. Con el&nbsp;99,94% de [&hellip;]\" \/>\n<meta property=\"og:url\" content=\"https:\/\/informelitoral.com.ar\/en-entre-rios-cambiemos-supero-al-pj-por-15-puntos\/\" \/>\n<meta property=\"og:site_name\" content=\"Informe Litoral\" \/>\n<meta property=\"article:publisher\" content=\"https:\/\/www.facebook.com\/informelitoral\/\" \/>\n<meta property=\"article:published_time\" content=\"2017-10-23T10:15:06+00:00\" \/>\n<meta name=\"author\" content=\"Gonzalo Schmidt\" \/>\n<meta name=\"twitter:card\" content=\"summary_large_image\" \/>\n<meta name=\"twitter:creator\" content=\"@InformeLitoral\" \/>\n<meta name=\"twitter:site\" content=\"@InformeLitoral\" \/>\n<meta name=\"twitter:label1\" content=\"Escrito por\" \/>\n\t<meta name=\"twitter:data1\" content=\"Gonzalo Schmidt\" \/>\n\t<meta name=\"twitter:label2\" content=\"Tiempo de lectura\" \/>\n\t<meta name=\"twitter:data2\" content=\"2 minutos\" \/>\n<script type=\"application\/ld+json\" class=\"yoast-schema-graph\">{\"@context\":\"https:\\\/\\\/schema.org\",\"@graph\":[{\"@type\":\"Article\",\"@id\":\"https:\\\/\\\/informelitoral.com.ar\\\/en-entre-rios-cambiemos-supero-al-pj-por-15-puntos\\\/#article\",\"isPartOf\":{\"@id\":\"https:\\\/\\\/informelitoral.com.ar\\\/en-entre-rios-cambiemos-supero-al-pj-por-15-puntos\\\/\"},\"author\":{\"name\":\"Gonzalo Schmidt\",\"@id\":\"https:\\\/\\\/informelitoral.com.ar\\\/#\\\/schema\\\/person\\\/b9d00407c836482871ef1d57bf8e3180\"},\"headline\":\"En Entre R\u00edos Cambiemos super\u00f3 al PJ por 15 puntos\",\"datePublished\":\"2017-10-23T10:15:06+00:00\",\"mainEntityOfPage\":{\"@id\":\"https:\\\/\\\/informelitoral.com.ar\\\/en-entre-rios-cambiemos-supero-al-pj-por-15-puntos\\\/\"},\"wordCount\":448,\"commentCount\":0,\"publisher\":{\"@id\":\"https:\\\/\\\/informelitoral.com.ar\\\/#organization\"},\"articleSection\":[\"Entre R\u00edos\",\"Politica\"],\"inLanguage\":\"es\",\"potentialAction\":[{\"@type\":\"CommentAction\",\"name\":\"Comment\",\"target\":[\"https:\\\/\\\/informelitoral.com.ar\\\/en-entre-rios-cambiemos-supero-al-pj-por-15-puntos\\\/#respond\"]}]},{\"@type\":\"WebPage\",\"@id\":\"https:\\\/\\\/informelitoral.com.ar\\\/en-entre-rios-cambiemos-supero-al-pj-por-15-puntos\\\/\",\"url\":\"https:\\\/\\\/informelitoral.com.ar\\\/en-entre-rios-cambiemos-supero-al-pj-por-15-puntos\\\/\",\"name\":\"En Entre R\u00edos Cambiemos super\u00f3 al PJ por 15 puntos - Informe Litoral\",\"isPartOf\":{\"@id\":\"https:\\\/\\\/informelitoral.com.ar\\\/#website\"},\"datePublished\":\"2017-10-23T10:15:06+00:00\",\"breadcrumb\":{\"@id\":\"https:\\\/\\\/informelitoral.com.ar\\\/en-entre-rios-cambiemos-supero-al-pj-por-15-puntos\\\/#breadcrumb\"},\"inLanguage\":\"es\",\"potentialAction\":[{\"@type\":\"ReadAction\",\"target\":[\"https:\\\/\\\/informelitoral.com.ar\\\/en-entre-rios-cambiemos-supero-al-pj-por-15-puntos\\\/\"]}]},{\"@type\":\"BreadcrumbList\",\"@id\":\"https:\\\/\\\/informelitoral.com.ar\\\/en-entre-rios-cambiemos-supero-al-pj-por-15-puntos\\\/#breadcrumb\",\"itemListElement\":[{\"@type\":\"ListItem\",\"position\":1,\"name\":\"Portada\",\"item\":\"https:\\\/\\\/informelitoral.com.ar\\\/\"},{\"@type\":\"ListItem\",\"position\":2,\"name\":\"En Entre R\u00edos Cambiemos super\u00f3 al PJ por 15 puntos\"}]},{\"@type\":\"WebSite\",\"@id\":\"https:\\\/\\\/informelitoral.com.ar\\\/#website\",\"url\":\"https:\\\/\\\/informelitoral.com.ar\\\/\",\"name\":\"Informe Litoral\",\"description\":\"&quot;Nos informamos&quot; \",\"publisher\":{\"@id\":\"https:\\\/\\\/informelitoral.com.ar\\\/#organization\"},\"potentialAction\":[{\"@type\":\"SearchAction\",\"target\":{\"@type\":\"EntryPoint\",\"urlTemplate\":\"https:\\\/\\\/informelitoral.com.ar\\\/?s={search_term_string}\"},\"query-input\":{\"@type\":\"PropertyValueSpecification\",\"valueRequired\":true,\"valueName\":\"search_term_string\"}}],\"inLanguage\":\"es\"},{\"@type\":\"Organization\",\"@id\":\"https:\\\/\\\/informelitoral.com.ar\\\/#organization\",\"name\":\"Informe Litoral\",\"url\":\"https:\\\/\\\/informelitoral.com.ar\\\/\",\"logo\":{\"@type\":\"ImageObject\",\"inLanguage\":\"es\",\"@id\":\"https:\\\/\\\/informelitoral.com.ar\\\/#\\\/schema\\\/logo\\\/image\\\/\",\"url\":\"https:\\\/\\\/informelitoral.com.ar\\\/%77%70%2d%63%6f%6e%74%65%6e%74\\\/uploads\\\/2021\\\/01\\\/circulo.png\",\"contentUrl\":\"https:\\\/\\\/informelitoral.com.ar\\\/%77%70%2d%63%6f%6e%74%65%6e%74\\\/uploads\\\/2021\\\/01\\\/circulo.png\",\"width\":723,\"height\":731,\"caption\":\"Informe Litoral\"},\"image\":{\"@id\":\"https:\\\/\\\/informelitoral.com.ar\\\/#\\\/schema\\\/logo\\\/image\\\/\"},\"sameAs\":[\"https:\\\/\\\/www.facebook.com\\\/informelitoral\\\/\",\"https:\\\/\\\/x.com\\\/InformeLitoral\",\"https:\\\/\\\/www.instagram.com\\\/informelitoral\\\/\",\"https:\\\/\\\/www.youtube.com\\\/channel\\\/UCua4Qvz8Icb6MYqhoq9xLXw\"]},{\"@type\":\"Person\",\"@id\":\"https:\\\/\\\/informelitoral.com.ar\\\/#\\\/schema\\\/person\\\/b9d00407c836482871ef1d57bf8e3180\",\"name\":\"Gonzalo Schmidt\",\"image\":{\"@type\":\"ImageObject\",\"inLanguage\":\"es\",\"@id\":\"https:\\\/\\\/secure.gravatar.com\\\/avatar\\\/31a1a7b66ff2de83bd0e9fd79d026630d2d99e55e8bfe501287647b4fd9743de?s=96&d=mm&r=g\",\"url\":\"https:\\\/\\\/secure.gravatar.com\\\/avatar\\\/31a1a7b66ff2de83bd0e9fd79d026630d2d99e55e8bfe501287647b4fd9743de?s=96&d=mm&r=g\",\"contentUrl\":\"https:\\\/\\\/secure.gravatar.com\\\/avatar\\\/31a1a7b66ff2de83bd0e9fd79d026630d2d99e55e8bfe501287647b4fd9743de?s=96&d=mm&r=g\",\"caption\":\"Gonzalo Schmidt\"},\"description\":\"Sitio web de noticias de la provincia de Entre R\u00edos, Argentina. Informaci\u00f3n y entretenimiento. Informe Litoral, nos informamos.\",\"sameAs\":[\"http:\\\/\\\/www.isletasnoticias.com.ar\"],\"url\":\"https:\\\/\\\/informelitoral.com.ar\\\/author\\\/gonzalo\\\/\"}]}<\/script>","yoast_head_json":{"title":"En Entre R\u00edos Cambiemos super\u00f3 al PJ por 15 puntos - Informe Litoral","robots":{"index":"index","follow":"follow","max-snippet":"max-snippet:-1","max-image-preview":"max-image-preview:large","max-video-preview":"max-video-preview:-1"},"canonical":"https:\/\/informelitoral.com.ar\/en-entre-rios-cambiemos-supero-al-pj-por-15-puntos\/","og_locale":"es_ES","og_type":"article","og_title":"En Entre R\u00edos Cambiemos super\u00f3 al PJ por 15 puntos - Informe Litoral","og_description":"Los datos surgen del centro de c&oacute;mputos que se instal&oacute; con Casa de Gobierno, con el 99,94% de las mesas escrutadas. Con esos resultados, ingresar&aacute;n al Congreso tres diputados de Cambiemos y dos del PJ. Benedetti celebr&oacute; el triunfo y se ilusiona con 2019. La Izquierda volvi&oacute; a quedar como tercera fuerza. Con el&nbsp;99,94% de [&hellip;]","og_url":"https:\/\/informelitoral.com.ar\/en-entre-rios-cambiemos-supero-al-pj-por-15-puntos\/","og_site_name":"Informe Litoral","article_publisher":"https:\/\/www.facebook.com\/informelitoral\/","article_published_time":"2017-10-23T10:15:06+00:00","author":"Gonzalo Schmidt","twitter_card":"summary_large_image","twitter_creator":"@InformeLitoral","twitter_site":"@InformeLitoral","twitter_misc":{"Escrito por":"Gonzalo Schmidt","Tiempo de lectura":"2 minutos"},"schema":{"@context":"https:\/\/schema.org","@graph":[{"@type":"Article","@id":"https:\/\/informelitoral.com.ar\/en-entre-rios-cambiemos-supero-al-pj-por-15-puntos\/#article","isPartOf":{"@id":"https:\/\/informelitoral.com.ar\/en-entre-rios-cambiemos-supero-al-pj-por-15-puntos\/"},"author":{"name":"Gonzalo Schmidt","@id":"https:\/\/informelitoral.com.ar\/#\/schema\/person\/b9d00407c836482871ef1d57bf8e3180"},"headline":"En Entre R\u00edos Cambiemos super\u00f3 al PJ por 15 puntos","datePublished":"2017-10-23T10:15:06+00:00","mainEntityOfPage":{"@id":"https:\/\/informelitoral.com.ar\/en-entre-rios-cambiemos-supero-al-pj-por-15-puntos\/"},"wordCount":448,"commentCount":0,"publisher":{"@id":"https:\/\/informelitoral.com.ar\/#organization"},"articleSection":["Entre R\u00edos","Politica"],"inLanguage":"es","potentialAction":[{"@type":"CommentAction","name":"Comment","target":["https:\/\/informelitoral.com.ar\/en-entre-rios-cambiemos-supero-al-pj-por-15-puntos\/#respond"]}]},{"@type":"WebPage","@id":"https:\/\/informelitoral.com.ar\/en-entre-rios-cambiemos-supero-al-pj-por-15-puntos\/","url":"https:\/\/informelitoral.com.ar\/en-entre-rios-cambiemos-supero-al-pj-por-15-puntos\/","name":"En Entre R\u00edos Cambiemos super\u00f3 al PJ por 15 puntos - Informe Litoral","isPartOf":{"@id":"https:\/\/informelitoral.com.ar\/#website"},"datePublished":"2017-10-23T10:15:06+00:00","breadcrumb":{"@id":"https:\/\/informelitoral.com.ar\/en-entre-rios-cambiemos-supero-al-pj-por-15-puntos\/#breadcrumb"},"inLanguage":"es","potentialAction":[{"@type":"ReadAction","target":["https:\/\/informelitoral.com.ar\/en-entre-rios-cambiemos-supero-al-pj-por-15-puntos\/"]}]},{"@type":"BreadcrumbList","@id":"https:\/\/informelitoral.com.ar\/en-entre-rios-cambiemos-supero-al-pj-por-15-puntos\/#breadcrumb","itemListElement":[{"@type":"ListItem","position":1,"name":"Portada","item":"https:\/\/informelitoral.com.ar\/"},{"@type":"ListItem","position":2,"name":"En Entre R\u00edos Cambiemos super\u00f3 al PJ por 15 puntos"}]},{"@type":"WebSite","@id":"https:\/\/informelitoral.com.ar\/#website","url":"https:\/\/informelitoral.com.ar\/","name":"Informe Litoral","description":"&quot;Nos informamos&quot; ","publisher":{"@id":"https:\/\/informelitoral.com.ar\/#organization"},"potentialAction":[{"@type":"SearchAction","target":{"@type":"EntryPoint","urlTemplate":"https:\/\/informelitoral.com.ar\/?s={search_term_string}"},"query-input":{"@type":"PropertyValueSpecification","valueRequired":true,"valueName":"search_term_string"}}],"inLanguage":"es"},{"@type":"Organization","@id":"https:\/\/informelitoral.com.ar\/#organization","name":"Informe Litoral","url":"https:\/\/informelitoral.com.ar\/","logo":{"@type":"ImageObject","inLanguage":"es","@id":"https:\/\/informelitoral.com.ar\/#\/schema\/logo\/image\/","url":"https:\/\/informelitoral.com.ar\/%77%70%2d%63%6f%6e%74%65%6e%74\/uploads\/2021\/01\/circulo.png","contentUrl":"https:\/\/informelitoral.com.ar\/%77%70%2d%63%6f%6e%74%65%6e%74\/uploads\/2021\/01\/circulo.png","width":723,"height":731,"caption":"Informe Litoral"},"image":{"@id":"https:\/\/informelitoral.com.ar\/#\/schema\/logo\/image\/"},"sameAs":["https:\/\/www.facebook.com\/informelitoral\/","https:\/\/x.com\/InformeLitoral","https:\/\/www.instagram.com\/informelitoral\/","https:\/\/www.youtube.com\/channel\/UCua4Qvz8Icb6MYqhoq9xLXw"]},{"@type":"Person","@id":"https:\/\/informelitoral.com.ar\/#\/schema\/person\/b9d00407c836482871ef1d57bf8e3180","name":"Gonzalo Schmidt","image":{"@type":"ImageObject","inLanguage":"es","@id":"https:\/\/secure.gravatar.com\/avatar\/31a1a7b66ff2de83bd0e9fd79d026630d2d99e55e8bfe501287647b4fd9743de?s=96&d=mm&r=g","url":"https:\/\/secure.gravatar.com\/avatar\/31a1a7b66ff2de83bd0e9fd79d026630d2d99e55e8bfe501287647b4fd9743de?s=96&d=mm&r=g","contentUrl":"https:\/\/secure.gravatar.com\/avatar\/31a1a7b66ff2de83bd0e9fd79d026630d2d99e55e8bfe501287647b4fd9743de?s=96&d=mm&r=g","caption":"Gonzalo Schmidt"},"description":"Sitio web de noticias de la provincia de Entre R\u00edos, Argentina. Informaci\u00f3n y entretenimiento. Informe Litoral, nos informamos.","sameAs":["http:\/\/www.isletasnoticias.com.ar"],"url":"https:\/\/informelitoral.com.ar\/author\/gonzalo\/"}]}},"_links":{"self":[{"href":"https:\/\/informelitoral.com.ar\/%77%70%2d%6a%73%6f%6e\/wp\/v2\/posts\/23477","targetHints":{"allow":["GET"]}}],"collection":[{"href":"https:\/\/informelitoral.com.ar\/%77%70%2d%6a%73%6f%6e\/wp\/v2\/posts"}],"about":[{"href":"https:\/\/informelitoral.com.ar\/%77%70%2d%6a%73%6f%6e\/wp\/v2\/types\/post"}],"author":[{"embeddable":true,"href":"https:\/\/informelitoral.com.ar\/%77%70%2d%6a%73%6f%6e\/wp\/v2\/users\/2"}],"replies":[{"embeddable":true,"href":"https:\/\/informelitoral.com.ar\/%77%70%2d%6a%73%6f%6e\/wp\/v2\/comments?post=23477"}],"version-history":[{"count":0,"href":"https:\/\/informelitoral.com.ar\/%77%70%2d%6a%73%6f%6e\/wp\/v2\/posts\/23477\/revisions"}],"wp:attachment":[{"href":"https:\/\/informelitoral.com.ar\/%77%70%2d%6a%73%6f%6e\/wp\/v2\/media?parent=23477"}],"wp:term":[{"taxonomy":"category","embeddable":true,"href":"https:\/\/informelitoral.com.ar\/%77%70%2d%6a%73%6f%6e\/wp\/v2\/categories?post=23477"},{"taxonomy":"post_tag","embeddable":true,"href":"https:\/\/informelitoral.com.ar\/%77%70%2d%6a%73%6f%6e\/wp\/v2\/tags?post=23477"}],"curies":[{"name":"wp","href":"https:\/\/api.w.org\/{rel}","templated":true}]}}