{"id":234568,"date":"2025-09-21T13:11:45","date_gmt":"2025-09-21T16:11:45","guid":{"rendered":"https:\/\/informelitoral.com.ar\/?p=234568"},"modified":"2025-09-21T13:11:45","modified_gmt":"2025-09-21T16:11:45","slug":"el-temporal-destruyo-un-galpon-en-una-zona-rural-entrerriana","status":"publish","type":"post","link":"https:\/\/informelitoral.com.ar\/el-temporal-destruyo-un-galpon-en-una-zona-rural-entrerriana\/","title":{"rendered":"El temporal destruy\u00f3 un galp\u00f3n en una zona rural entrerriana"},"content":{"rendered":"<p><strong>El paso del temporal previsto para el norte entrerriano destruy\u00f3 un galp\u00f3n en la zona rural del departamento La Paz. La tormenta con viento y lluvia caus\u00f3 la destrucci\u00f3n de una edificaci\u00f3n de la estancia El Para\u00edso, ubicada en la jurisdicci\u00f3n de Alcaraz Sur.<\/strong><\/p>\n<p>Este temporal se registr\u00f3 entre la noche del viernes y la madrugada del s\u00e1bado, cuando toda la provincia se encontraba bajo el signo de alerta del Servicio Meteorol\u00f3gico Nacional. El hecho dej\u00f3 como saldo la destrucci\u00f3n total de un galp\u00f3n utilizado para el resguardo de maquinaria agr\u00edcola.<\/p>\n<p>El inicio de la tormenta fue en la noche del viernes y se trat\u00f3 de un hecho localizado, ya que en el resto del departamento no hubo registros de la tormenta. El fuerte viento que sopl\u00f3 en el lugar fue suficiente para derribar la estructura.<\/p>\n<p>La construcci\u00f3n que sufri\u00f3 el paso de la tormenta estaba hecha con columnas de hierro y chapas en los laterales y el techo. Todo el material result\u00f3 da\u00f1ado como consecuencia del temporal, con algunas chapas que incluso se desprendieron y volaron del lugar. Solo permanecieron en pie las columnas que sosten\u00edan la estructura, seg\u00fan explic\u00f3 el jefe de la Polic\u00eda Departamental de La Paz, Cristian Allegrini.<\/p>\n<p>Por fortuna el paso del temporal que destruy\u00f3 el galp\u00f3n de la zona rural no registr\u00f3 personas heridas. En la estancia en la que se produjo el hecho no hay personas que vivan de manera permanente. Los propietarios, oriundo de Hasenkamp, fueron informados sobre el hecho. <em>(Fuente:\u00a0El Once)<\/em><\/p>\n<h6><em><strong>Del archivo:\u00a0<a href=\"https:\/\/informelitoral.com.ar\/restos-fosiles-de-gliptodonte-explicaron-como-trabajan-para-proteger-el-patrimonio\/\" target=\"_blank\" rel=\"noopener\">Restos f\u00f3siles de gliptodonte: explicaron c\u00f3mo trabajan para proteger el patrimonio<\/a><\/strong><\/em><\/h6>\n","protected":false},"excerpt":{"rendered":"<p>Un galp\u00f3n sufri\u00f3 las consecuencias del temporal que afect\u00f3 a algunas partes de la provincia entre la noche del viernes y la madrugada del s\u00e1bado.<\/p>\n","protected":false},"author":2,"featured_media":234569,"comment_status":"open","ping_status":"open","sticky":false,"template":"","format":"standard","meta":{"fifu_image_url":"https:\/\/i0.wp.com\/entremediosweb.com\/wp-content\/uploads\/2025\/09\/Galpon-destrozado-por-temporal-La-Paz.jpg?fit=1360%2C900&ssl=1","fifu_image_alt":"","footnotes":""},"categories":[6],"tags":[1590,3289,81,687,527,524],"class_list":{"0":"post-234568","1":"post","2":"type-post","3":"status-publish","4":"format-standard","5":"has-post-thumbnail","7":"category-entre-rios","8":"tag-alcaraz","9":"tag-alerta-amarilla-por-tormentas","10":"tag-entre-rios","11":"tag-la-paz","12":"tag-temporal","13":"tag-tormenta"},"yoast_head":"<title>El temporal destruy\u00f3 un galp\u00f3n en una zona rural entrerriana - Informe Litoral<\/title>\n<meta name=\"robots\" content=\"index, follow, max-snippet:-1, max-image-preview:large, max-video-preview:-1\" \/>\n<link rel=\"canonical\" href=\"https:\/\/informelitoral.com.ar\/el-temporal-destruyo-un-galpon-en-una-zona-rural-entrerriana\/\" \/>\n<meta property=\"og:locale\" content=\"es_ES\" \/>\n<meta property=\"og:type\" content=\"article\" \/>\n<meta property=\"og:title\" content=\"El temporal destruy\u00f3 un galp\u00f3n en una zona rural entrerriana - Informe Litoral\" \/>\n<meta property=\"og:description\" content=\"Un galp\u00f3n sufri\u00f3 las consecuencias del temporal que afect\u00f3 a algunas partes de la provincia entre la noche del viernes y la madrugada del s\u00e1bado.\" \/>\n<meta property=\"og:url\" content=\"https:\/\/informelitoral.com.ar\/el-temporal-destruyo-un-galpon-en-una-zona-rural-entrerriana\/\" \/>\n<meta property=\"og:site_name\" content=\"Informe Litoral\" \/>\n<meta property=\"article:publisher\" content=\"https:\/\/www.facebook.com\/informelitoral\/\" \/>\n<meta property=\"article:published_time\" content=\"2025-09-21T16:11:45+00:00\" \/>\n<meta property=\"og:image\" content=\"https:\/\/i0.wp.com\/entremediosweb.com\/%77%70%2d%63%6f%6e%74%65%6e%74\/uploads\/2025\/09\/Galpon-destrozado-por-temporal-La-Paz.jpg?fit=1360%2C900&ssl=1\" \/>\n<meta name=\"author\" content=\"Gonzalo Schmidt\" \/>\n<meta name=\"twitter:card\" content=\"summary_large_image\" \/>\n<meta name=\"twitter:image\" content=\"https:\/\/i0.wp.com\/entremediosweb.com\/%77%70%2d%63%6f%6e%74%65%6e%74\/uploads\/2025\/09\/Galpon-destrozado-por-temporal-La-Paz.jpg?fit=1360%2C900&ssl=1\" \/>\n<meta name=\"twitter:creator\" content=\"@InformeLitoral\" \/>\n<meta name=\"twitter:site\" content=\"@InformeLitoral\" \/>\n<meta name=\"twitter:label1\" content=\"Escrito por\" \/>\n\t<meta name=\"twitter:data1\" content=\"Gonzalo Schmidt\" \/>\n\t<meta name=\"twitter:label2\" content=\"Tiempo de lectura\" \/>\n\t<meta name=\"twitter:data2\" content=\"2 minutos\" \/>\n<script type=\"application\/ld+json\" class=\"yoast-schema-graph\">{\"@context\":\"https:\\\/\\\/schema.org\",\"@graph\":[{\"@type\":\"Article\",\"@id\":\"https:\\\/\\\/informelitoral.com.ar\\\/el-temporal-destruyo-un-galpon-en-una-zona-rural-entrerriana\\\/#article\",\"isPartOf\":{\"@id\":\"https:\\\/\\\/informelitoral.com.ar\\\/el-temporal-destruyo-un-galpon-en-una-zona-rural-entrerriana\\\/\"},\"author\":{\"name\":\"Gonzalo Schmidt\",\"@id\":\"https:\\\/\\\/informelitoral.com.ar\\\/#\\\/schema\\\/person\\\/b9d00407c836482871ef1d57bf8e3180\"},\"headline\":\"El temporal destruy\u00f3 un galp\u00f3n en una zona rural entrerriana\",\"datePublished\":\"2025-09-21T16:11:45+00:00\",\"mainEntityOfPage\":{\"@id\":\"https:\\\/\\\/informelitoral.com.ar\\\/el-temporal-destruyo-un-galpon-en-una-zona-rural-entrerriana\\\/\"},\"wordCount\":293,\"commentCount\":0,\"publisher\":{\"@id\":\"https:\\\/\\\/informelitoral.com.ar\\\/#organization\"},\"image\":{\"@id\":\"https:\\\/\\\/informelitoral.com.ar\\\/el-temporal-destruyo-un-galpon-en-una-zona-rural-entrerriana\\\/#primaryimage\"},\"thumbnailUrl\":\"https:\\\/\\\/i0.wp.com\\\/entremediosweb.com\\\/%77%70%2d%63%6f%6e%74%65%6e%74\\\/uploads\\\/2025\\\/09\\\/Galpon-destrozado-por-temporal-La-Paz.jpg?fit=1360%2C900&ssl=1\",\"keywords\":[\"Alcaraz\",\"Alerta amarilla por tormentas\",\"Entre R\u00edos\",\"La Paz\",\"Temporal\",\"Tormenta\"],\"articleSection\":[\"Entre R\u00edos\"],\"inLanguage\":\"es\",\"potentialAction\":[{\"@type\":\"CommentAction\",\"name\":\"Comment\",\"target\":[\"https:\\\/\\\/informelitoral.com.ar\\\/el-temporal-destruyo-un-galpon-en-una-zona-rural-entrerriana\\\/#respond\"]}]},{\"@type\":\"WebPage\",\"@id\":\"https:\\\/\\\/informelitoral.com.ar\\\/el-temporal-destruyo-un-galpon-en-una-zona-rural-entrerriana\\\/\",\"url\":\"https:\\\/\\\/informelitoral.com.ar\\\/el-temporal-destruyo-un-galpon-en-una-zona-rural-entrerriana\\\/\",\"name\":\"El temporal destruy\u00f3 un galp\u00f3n en una zona rural entrerriana - Informe Litoral\",\"isPartOf\":{\"@id\":\"https:\\\/\\\/informelitoral.com.ar\\\/#website\"},\"primaryImageOfPage\":{\"@id\":\"https:\\\/\\\/informelitoral.com.ar\\\/el-temporal-destruyo-un-galpon-en-una-zona-rural-entrerriana\\\/#primaryimage\"},\"image\":{\"@id\":\"https:\\\/\\\/informelitoral.com.ar\\\/el-temporal-destruyo-un-galpon-en-una-zona-rural-entrerriana\\\/#primaryimage\"},\"thumbnailUrl\":\"https:\\\/\\\/i0.wp.com\\\/entremediosweb.com\\\/%77%70%2d%63%6f%6e%74%65%6e%74\\\/uploads\\\/2025\\\/09\\\/Galpon-destrozado-por-temporal-La-Paz.jpg?fit=1360%2C900&ssl=1\",\"datePublished\":\"2025-09-21T16:11:45+00:00\",\"breadcrumb\":{\"@id\":\"https:\\\/\\\/informelitoral.com.ar\\\/el-temporal-destruyo-un-galpon-en-una-zona-rural-entrerriana\\\/#breadcrumb\"},\"inLanguage\":\"es\",\"potentialAction\":[{\"@type\":\"ReadAction\",\"target\":[\"https:\\\/\\\/informelitoral.com.ar\\\/el-temporal-destruyo-un-galpon-en-una-zona-rural-entrerriana\\\/\"]}]},{\"@type\":\"ImageObject\",\"inLanguage\":\"es\",\"@id\":\"https:\\\/\\\/informelitoral.com.ar\\\/el-temporal-destruyo-un-galpon-en-una-zona-rural-entrerriana\\\/#primaryimage\",\"url\":\"https:\\\/\\\/i0.wp.com\\\/entremediosweb.com\\\/%77%70%2d%63%6f%6e%74%65%6e%74\\\/uploads\\\/2025\\\/09\\\/Galpon-destrozado-por-temporal-La-Paz.jpg?fit=1360%2C900&ssl=1\",\"contentUrl\":\"https:\\\/\\\/i0.wp.com\\\/entremediosweb.com\\\/%77%70%2d%63%6f%6e%74%65%6e%74\\\/uploads\\\/2025\\\/09\\\/Galpon-destrozado-por-temporal-La-Paz.jpg?fit=1360%2C900&ssl=1\",\"width\":\"1360\",\"height\":\"900\"},{\"@type\":\"BreadcrumbList\",\"@id\":\"https:\\\/\\\/informelitoral.com.ar\\\/el-temporal-destruyo-un-galpon-en-una-zona-rural-entrerriana\\\/#breadcrumb\",\"itemListElement\":[{\"@type\":\"ListItem\",\"position\":1,\"name\":\"Portada\",\"item\":\"https:\\\/\\\/informelitoral.com.ar\\\/\"},{\"@type\":\"ListItem\",\"position\":2,\"name\":\"El temporal destruy\u00f3 un galp\u00f3n en una zona rural entrerriana\"}]},{\"@type\":\"WebSite\",\"@id\":\"https:\\\/\\\/informelitoral.com.ar\\\/#website\",\"url\":\"https:\\\/\\\/informelitoral.com.ar\\\/\",\"name\":\"Informe Litoral\",\"description\":\"&quot;Nos informamos&quot; \",\"publisher\":{\"@id\":\"https:\\\/\\\/informelitoral.com.ar\\\/#organization\"},\"potentialAction\":[{\"@type\":\"SearchAction\",\"target\":{\"@type\":\"EntryPoint\",\"urlTemplate\":\"https:\\\/\\\/informelitoral.com.ar\\\/?s={search_term_string}\"},\"query-input\":{\"@type\":\"PropertyValueSpecification\",\"valueRequired\":true,\"valueName\":\"search_term_string\"}}],\"inLanguage\":\"es\"},{\"@type\":\"Organization\",\"@id\":\"https:\\\/\\\/informelitoral.com.ar\\\/#organization\",\"name\":\"Informe Litoral\",\"url\":\"https:\\\/\\\/informelitoral.com.ar\\\/\",\"logo\":{\"@type\":\"ImageObject\",\"inLanguage\":\"es\",\"@id\":\"https:\\\/\\\/informelitoral.com.ar\\\/#\\\/schema\\\/logo\\\/image\\\/\",\"url\":\"https:\\\/\\\/informelitoral.com.ar\\\/%77%70%2d%63%6f%6e%74%65%6e%74\\\/uploads\\\/2021\\\/01\\\/circulo.png\",\"contentUrl\":\"https:\\\/\\\/informelitoral.com.ar\\\/%77%70%2d%63%6f%6e%74%65%6e%74\\\/uploads\\\/2021\\\/01\\\/circulo.png\",\"width\":723,\"height\":731,\"caption\":\"Informe Litoral\"},\"image\":{\"@id\":\"https:\\\/\\\/informelitoral.com.ar\\\/#\\\/schema\\\/logo\\\/image\\\/\"},\"sameAs\":[\"https:\\\/\\\/www.facebook.com\\\/informelitoral\\\/\",\"https:\\\/\\\/x.com\\\/InformeLitoral\",\"https:\\\/\\\/www.instagram.com\\\/informelitoral\\\/\",\"https:\\\/\\\/www.youtube.com\\\/channel\\\/UCua4Qvz8Icb6MYqhoq9xLXw\"]},{\"@type\":\"Person\",\"@id\":\"https:\\\/\\\/informelitoral.com.ar\\\/#\\\/schema\\\/person\\\/b9d00407c836482871ef1d57bf8e3180\",\"name\":\"Gonzalo Schmidt\",\"image\":{\"@type\":\"ImageObject\",\"inLanguage\":\"es\",\"@id\":\"https:\\\/\\\/secure.gravatar.com\\\/avatar\\\/31a1a7b66ff2de83bd0e9fd79d026630d2d99e55e8bfe501287647b4fd9743de?s=96&d=mm&r=g\",\"url\":\"https:\\\/\\\/secure.gravatar.com\\\/avatar\\\/31a1a7b66ff2de83bd0e9fd79d026630d2d99e55e8bfe501287647b4fd9743de?s=96&d=mm&r=g\",\"contentUrl\":\"https:\\\/\\\/secure.gravatar.com\\\/avatar\\\/31a1a7b66ff2de83bd0e9fd79d026630d2d99e55e8bfe501287647b4fd9743de?s=96&d=mm&r=g\",\"caption\":\"Gonzalo Schmidt\"},\"description\":\"Sitio web de noticias de la provincia de Entre R\u00edos, Argentina. Informaci\u00f3n y entretenimiento. Informe Litoral, nos informamos.\",\"sameAs\":[\"http:\\\/\\\/www.isletasnoticias.com.ar\"],\"url\":\"https:\\\/\\\/informelitoral.com.ar\\\/author\\\/gonzalo\\\/\"}]}<\/script>","yoast_head_json":{"title":"El temporal destruy\u00f3 un galp\u00f3n en una zona rural entrerriana - Informe Litoral","robots":{"index":"index","follow":"follow","max-snippet":"max-snippet:-1","max-image-preview":"max-image-preview:large","max-video-preview":"max-video-preview:-1"},"canonical":"https:\/\/informelitoral.com.ar\/el-temporal-destruyo-un-galpon-en-una-zona-rural-entrerriana\/","og_locale":"es_ES","og_type":"article","og_title":"El temporal destruy\u00f3 un galp\u00f3n en una zona rural entrerriana - Informe Litoral","og_description":"Un galp\u00f3n sufri\u00f3 las consecuencias del temporal que afect\u00f3 a algunas partes de la provincia entre la noche del viernes y la madrugada del s\u00e1bado.","og_url":"https:\/\/informelitoral.com.ar\/el-temporal-destruyo-un-galpon-en-una-zona-rural-entrerriana\/","og_site_name":"Informe Litoral","article_publisher":"https:\/\/www.facebook.com\/informelitoral\/","article_published_time":"2025-09-21T16:11:45+00:00","og_image":[{"url":"https:\/\/i0.wp.com\/entremediosweb.com\/wp-content\/uploads\/2025\/09\/Galpon-destrozado-por-temporal-La-Paz.jpg?fit=1360%2C900&ssl=1","type":"","width":"","height":""}],"author":"Gonzalo Schmidt","twitter_card":"summary_large_image","twitter_image":"https:\/\/i0.wp.com\/entremediosweb.com\/wp-content\/uploads\/2025\/09\/Galpon-destrozado-por-temporal-La-Paz.jpg?fit=1360%2C900&ssl=1","twitter_creator":"@InformeLitoral","twitter_site":"@InformeLitoral","twitter_misc":{"Escrito por":"Gonzalo Schmidt","Tiempo de lectura":"2 minutos"},"schema":{"@context":"https:\/\/schema.org","@graph":[{"@type":"Article","@id":"https:\/\/informelitoral.com.ar\/el-temporal-destruyo-un-galpon-en-una-zona-rural-entrerriana\/#article","isPartOf":{"@id":"https:\/\/informelitoral.com.ar\/el-temporal-destruyo-un-galpon-en-una-zona-rural-entrerriana\/"},"author":{"name":"Gonzalo Schmidt","@id":"https:\/\/informelitoral.com.ar\/#\/schema\/person\/b9d00407c836482871ef1d57bf8e3180"},"headline":"El temporal destruy\u00f3 un galp\u00f3n en una zona rural entrerriana","datePublished":"2025-09-21T16:11:45+00:00","mainEntityOfPage":{"@id":"https:\/\/informelitoral.com.ar\/el-temporal-destruyo-un-galpon-en-una-zona-rural-entrerriana\/"},"wordCount":293,"commentCount":0,"publisher":{"@id":"https:\/\/informelitoral.com.ar\/#organization"},"image":{"@id":"https:\/\/informelitoral.com.ar\/el-temporal-destruyo-un-galpon-en-una-zona-rural-entrerriana\/#primaryimage"},"thumbnailUrl":"https:\/\/i0.wp.com\/entremediosweb.com\/%77%70%2d%63%6f%6e%74%65%6e%74\/uploads\/2025\/09\/Galpon-destrozado-por-temporal-La-Paz.jpg?fit=1360%2C900&ssl=1","keywords":["Alcaraz","Alerta amarilla por tormentas","Entre R\u00edos","La Paz","Temporal","Tormenta"],"articleSection":["Entre R\u00edos"],"inLanguage":"es","potentialAction":[{"@type":"CommentAction","name":"Comment","target":["https:\/\/informelitoral.com.ar\/el-temporal-destruyo-un-galpon-en-una-zona-rural-entrerriana\/#respond"]}]},{"@type":"WebPage","@id":"https:\/\/informelitoral.com.ar\/el-temporal-destruyo-un-galpon-en-una-zona-rural-entrerriana\/","url":"https:\/\/informelitoral.com.ar\/el-temporal-destruyo-un-galpon-en-una-zona-rural-entrerriana\/","name":"El temporal destruy\u00f3 un galp\u00f3n en una zona rural entrerriana - Informe Litoral","isPartOf":{"@id":"https:\/\/informelitoral.com.ar\/#website"},"primaryImageOfPage":{"@id":"https:\/\/informelitoral.com.ar\/el-temporal-destruyo-un-galpon-en-una-zona-rural-entrerriana\/#primaryimage"},"image":{"@id":"https:\/\/informelitoral.com.ar\/el-temporal-destruyo-un-galpon-en-una-zona-rural-entrerriana\/#primaryimage"},"thumbnailUrl":"https:\/\/i0.wp.com\/entremediosweb.com\/%77%70%2d%63%6f%6e%74%65%6e%74\/uploads\/2025\/09\/Galpon-destrozado-por-temporal-La-Paz.jpg?fit=1360%2C900&ssl=1","datePublished":"2025-09-21T16:11:45+00:00","breadcrumb":{"@id":"https:\/\/informelitoral.com.ar\/el-temporal-destruyo-un-galpon-en-una-zona-rural-entrerriana\/#breadcrumb"},"inLanguage":"es","potentialAction":[{"@type":"ReadAction","target":["https:\/\/informelitoral.com.ar\/el-temporal-destruyo-un-galpon-en-una-zona-rural-entrerriana\/"]}]},{"@type":"ImageObject","inLanguage":"es","@id":"https:\/\/informelitoral.com.ar\/el-temporal-destruyo-un-galpon-en-una-zona-rural-entrerriana\/#primaryimage","url":"https:\/\/i0.wp.com\/entremediosweb.com\/%77%70%2d%63%6f%6e%74%65%6e%74\/uploads\/2025\/09\/Galpon-destrozado-por-temporal-La-Paz.jpg?fit=1360%2C900&ssl=1","contentUrl":"https:\/\/i0.wp.com\/entremediosweb.com\/%77%70%2d%63%6f%6e%74%65%6e%74\/uploads\/2025\/09\/Galpon-destrozado-por-temporal-La-Paz.jpg?fit=1360%2C900&ssl=1","width":"1360","height":"900"},{"@type":"BreadcrumbList","@id":"https:\/\/informelitoral.com.ar\/el-temporal-destruyo-un-galpon-en-una-zona-rural-entrerriana\/#breadcrumb","itemListElement":[{"@type":"ListItem","position":1,"name":"Portada","item":"https:\/\/informelitoral.com.ar\/"},{"@type":"ListItem","position":2,"name":"El temporal destruy\u00f3 un galp\u00f3n en una zona rural entrerriana"}]},{"@type":"WebSite","@id":"https:\/\/informelitoral.com.ar\/#website","url":"https:\/\/informelitoral.com.ar\/","name":"Informe Litoral","description":"&quot;Nos informamos&quot; ","publisher":{"@id":"https:\/\/informelitoral.com.ar\/#organization"},"potentialAction":[{"@type":"SearchAction","target":{"@type":"EntryPoint","urlTemplate":"https:\/\/informelitoral.com.ar\/?s={search_term_string}"},"query-input":{"@type":"PropertyValueSpecification","valueRequired":true,"valueName":"search_term_string"}}],"inLanguage":"es"},{"@type":"Organization","@id":"https:\/\/informelitoral.com.ar\/#organization","name":"Informe Litoral","url":"https:\/\/informelitoral.com.ar\/","logo":{"@type":"ImageObject","inLanguage":"es","@id":"https:\/\/informelitoral.com.ar\/#\/schema\/logo\/image\/","url":"https:\/\/informelitoral.com.ar\/%77%70%2d%63%6f%6e%74%65%6e%74\/uploads\/2021\/01\/circulo.png","contentUrl":"https:\/\/informelitoral.com.ar\/%77%70%2d%63%6f%6e%74%65%6e%74\/uploads\/2021\/01\/circulo.png","width":723,"height":731,"caption":"Informe Litoral"},"image":{"@id":"https:\/\/informelitoral.com.ar\/#\/schema\/logo\/image\/"},"sameAs":["https:\/\/www.facebook.com\/informelitoral\/","https:\/\/x.com\/InformeLitoral","https:\/\/www.instagram.com\/informelitoral\/","https:\/\/www.youtube.com\/channel\/UCua4Qvz8Icb6MYqhoq9xLXw"]},{"@type":"Person","@id":"https:\/\/informelitoral.com.ar\/#\/schema\/person\/b9d00407c836482871ef1d57bf8e3180","name":"Gonzalo Schmidt","image":{"@type":"ImageObject","inLanguage":"es","@id":"https:\/\/secure.gravatar.com\/avatar\/31a1a7b66ff2de83bd0e9fd79d026630d2d99e55e8bfe501287647b4fd9743de?s=96&d=mm&r=g","url":"https:\/\/secure.gravatar.com\/avatar\/31a1a7b66ff2de83bd0e9fd79d026630d2d99e55e8bfe501287647b4fd9743de?s=96&d=mm&r=g","contentUrl":"https:\/\/secure.gravatar.com\/avatar\/31a1a7b66ff2de83bd0e9fd79d026630d2d99e55e8bfe501287647b4fd9743de?s=96&d=mm&r=g","caption":"Gonzalo Schmidt"},"description":"Sitio web de noticias de la provincia de Entre R\u00edos, Argentina. Informaci\u00f3n y entretenimiento. Informe Litoral, nos informamos.","sameAs":["http:\/\/www.isletasnoticias.com.ar"],"url":"https:\/\/informelitoral.com.ar\/author\/gonzalo\/"}]}},"fifu_image_url":"https:\/\/i0.wp.com\/entremediosweb.com\/wp-content\/uploads\/2025\/09\/Galpon-destrozado-por-temporal-La-Paz.jpg?fit=1360%2C900&ssl=1","_links":{"self":[{"href":"https:\/\/informelitoral.com.ar\/%77%70%2d%6a%73%6f%6e\/wp\/v2\/posts\/234568","targetHints":{"allow":["GET"]}}],"collection":[{"href":"https:\/\/informelitoral.com.ar\/%77%70%2d%6a%73%6f%6e\/wp\/v2\/posts"}],"about":[{"href":"https:\/\/informelitoral.com.ar\/%77%70%2d%6a%73%6f%6e\/wp\/v2\/types\/post"}],"author":[{"embeddable":true,"href":"https:\/\/informelitoral.com.ar\/%77%70%2d%6a%73%6f%6e\/wp\/v2\/users\/2"}],"replies":[{"embeddable":true,"href":"https:\/\/informelitoral.com.ar\/%77%70%2d%6a%73%6f%6e\/wp\/v2\/comments?post=234568"}],"version-history":[{"count":1,"href":"https:\/\/informelitoral.com.ar\/%77%70%2d%6a%73%6f%6e\/wp\/v2\/posts\/234568\/revisions"}],"predecessor-version":[{"id":234570,"href":"https:\/\/informelitoral.com.ar\/%77%70%2d%6a%73%6f%6e\/wp\/v2\/posts\/234568\/revisions\/234570"}],"wp:featuredmedia":[{"embeddable":true,"href":"https:\/\/informelitoral.com.ar\/%77%70%2d%6a%73%6f%6e\/wp\/v2\/media\/234569"}],"wp:attachment":[{"href":"https:\/\/informelitoral.com.ar\/%77%70%2d%6a%73%6f%6e\/wp\/v2\/media?parent=234568"}],"wp:term":[{"taxonomy":"category","embeddable":true,"href":"https:\/\/informelitoral.com.ar\/%77%70%2d%6a%73%6f%6e\/wp\/v2\/categories?post=234568"},{"taxonomy":"post_tag","embeddable":true,"href":"https:\/\/informelitoral.com.ar\/%77%70%2d%6a%73%6f%6e\/wp\/v2\/tags?post=234568"}],"curies":[{"name":"wp","href":"https:\/\/api.w.org\/{rel}","templated":true}]}}