{"id":234173,"date":"2025-09-17T16:23:38","date_gmt":"2025-09-17T19:23:38","guid":{"rendered":"https:\/\/informelitoral.com.ar\/?p=234173"},"modified":"2025-09-18T07:27:31","modified_gmt":"2025-09-18T10:27:31","slug":"comisiones-del-senado-analizaron-reformas-al-consejo-de-la-magistratura-y-juicio-por-jurado","status":"publish","type":"post","link":"https:\/\/informelitoral.com.ar\/comisiones-del-senado-analizaron-reformas-al-consejo-de-la-magistratura-y-juicio-por-jurado\/","title":{"rendered":"Comisiones del Senado: analizaron reformas al Consejo de la Magistratura y Juicio por jurado"},"content":{"rendered":"<p>Este mi\u00e9rcoles por la ma\u00f1ana en la Sala de Comisiones, segundo piso de casa de Gobierno, encabezaron el encuentro de trabajo la presidenta de la Comisi\u00f3n de Legislaci\u00f3n General, <strong>Nancy Miranda<\/strong> (Federal \u2013 M\u00e1s para Entre R\u00edos), y el titular de Asuntos Constitucionales y Acuerdos, <strong>Juan Pablo Cosso<\/strong> (Villaguay \u2013 M\u00e1s para Entre R\u00edos).<\/p>\n<p>Los senadores abordaron el proyecto de ley proveniente del Poder Ejecutivo y que cuenta con media sanci\u00f3n de la C\u00e1mara de Diputados, por el que se reforma la Ley del Consejo de la Magistratura. Con cinco t\u00edtulos y 47 art\u00edculos, se establece entre otras cosas que el Consejo de la Magistratura es un \u00f3rgano asesor permanente del Poder Ejecutivo provincial, con competencia exclusiva para proponer, mediante concursos p\u00fablicos y ternas vinculantes, la designaci\u00f3n de los magistrados y funcionarios de los Ministerios P\u00fablicos del Poder Judicial. Se dispone que estar\u00e1 integrado por once miembros y todo lo relativo a su funcionamiento, recursos, personal y Escuela Judicial, en este sentido se crea el Fondo de Financiamiento del Consejo de la Magistratura, y la Escuela Judicial, como espacio de formaci\u00f3n y capacitaci\u00f3n.<\/p>\n<p>Cabe recordar que los senadores ya se reunieron por este tema con representantes del Superior Tribunal de Justicia de Entre R\u00edos, de la Asociaci\u00f3n de la Magistratura y la Funci\u00f3n Judicial de la provincia, y del Colegio de la Abogac\u00eda de Entre R\u00edos.<\/p>\n<p>El procurador expres\u00f3 que \u201ces un placer, un honor venir a la Legislatura para tratar temas institucionales para una mejor justicia posible\u201d. En relaci\u00f3n al Consejo de la Magistratura se\u00f1al\u00f3 que \u201ces un proyecto que hemos revisado y es muy bueno, respeta la Constituci\u00f3n\u201d. En este sentido, hizo un repaso hist\u00f3rico sobre el tema, y apunt\u00f3 al \u201cvalor de la autonom\u00eda y la independencia en la justicia; los jueces no pueden ser colocados a dedo, deben pasar por el Consejo de la Magistratura\u201d.<\/p>\n<p>Garc\u00eda comunic\u00f3 a los senadores que hay en la actualidad unos 90 concursos en espera. Puntualiz\u00f3 en varios art\u00edculos, explic\u00f3 su contenido y expres\u00f3 su visi\u00f3n al respecto. \u201cEsta ley tiene todas las condiciones para ser aprobada\u201d, manifest\u00f3, en tanto \u201curge para que comiencen a agilizarse los concursos\u201d. Seguidamente hubo un intercambio con los senadores en relaci\u00f3n a modificaciones que se introducir\u00e1n.<\/p>\n<p>Los miembros de ambas comisiones trabajaron posteriormente en la nueva redacci\u00f3n de algunos art\u00edculos para la firma del dictamen. Presentes en la reuni\u00f3n conjunta estuvieron los senadores <strong>Gustavo Vergara<\/strong> (Diamante \u2013 Juntos por Entre R\u00edos), <strong>Casiano Otaegui<\/strong> (Gualeguay \u2013 Juntos Por Entre R\u00edos), <strong>Jaime Benedetti<\/strong> (Gualeguaych\u00fa \u2013 Juntos Por Entre R\u00edos), <strong>Rub\u00e9n Dal Mol\u00edn<\/strong> (Federaci\u00f3n \u2013 Juntos Por Entre R\u00edos),<strong> Gladys Dom\u00ednguez<\/strong> (Feliciano \u2013 M\u00e1s Para Entre R\u00edos),<strong> Marcelo Berthet<\/strong> (San Salvador \u2013 M\u00e1s Para Entre R\u00edos), <strong>V\u00edctor Sanzberro<\/strong> (Victoria \u2013 M\u00e1s Para Entre R\u00edos), <strong>Rafael Cavagna<\/strong> (Nogoy\u00e1 \u2013 Juntos por Entre R\u00edos), y <strong>Patricia D\u00edaz<\/strong> (La Paz \u2013 M\u00e1s para Entre R\u00edos).<\/p>\n<h2><strong>Juicio por jurado<\/strong><\/h2>\n<p>Tambi\u00e9n fue analizado el proyecto de ley proveniente del Poder Ejecutivo y que cuenta con media sanci\u00f3n de la C\u00e1mara de Diputados, donde se modifican los art\u00edculos 2\u00ba; 46 y 96 de la Ley N\u00ba 10.746. Se establece que deber\u00e1n ser obligatoriamente juzgados por jurados, junto con los delitos conexos que con ellos concurran, los delitos cuya pena m\u00e1xima en abstracto sea de m\u00e1s de veinte (20) a\u00f1os de prisi\u00f3n o reclusi\u00f3n. En el caso de concurso de delitos, deber\u00e1n ser obligatoriamente juzgados por jurados cuando al menos uno de ellos tenga prevista una pena m\u00e1xima en abstracto de m\u00e1s de veinte (20) a\u00f1os de prisi\u00f3n o reclusi\u00f3n. La integraci\u00f3n con jurados es obligatoria e irrenunciable. Asimismo se legisla sobre remuneraci\u00f3n y gastos y la conservaci\u00f3n del cargo de las personas que sean designadas como integrantes de jurados titulares o suplentes, que ser\u00e1n remuneradas por la labor desempe\u00f1ada inmediatamente luego de finalizado el juicio, con una suma equivalente a la cantidad de JUS (conforme Ley N\u00ba 9005) que determine el Superior Tribunal de Justicia mediante reglamentaci\u00f3n, por cada d\u00eda de trabajo desempe\u00f1ado, incluyendo la audiencia de\u00a0<em>voir dire<\/em>. Ning\u00fan jurado podr\u00e1 percibir menos de dos (2) JUS por cada d\u00eda de servicio. Todos los jurados tendr\u00e1n derecho al reconocimiento de los gastos de movilidad, alojamiento y vi\u00e1ticos, si correspondieren, los cuales ser\u00e1n cubiertos por el Poder Judicial.<\/p>\n<p>El procurador inform\u00f3 que en la actualidad hay 190 casos pendientes de resoluci\u00f3n con esta modalidad, que demandar\u00edan entre 7 y 9 a\u00f1os a un ritmo de entre 20 a 30 juicios por jurado por a\u00f1o. \u201cDebemos tratar de optimizar y es correcto poner los delitos cuya pena m\u00e1xima en abstracto sea de m\u00e1s de veinte a\u00f1os de prisi\u00f3n\u201d, por lo que se trata de \u201cuna decisi\u00f3n estrat\u00e9gica para salvar el sistema\u201d.<\/p>\n<p>Los senadores agradecieron el aporte de Garc\u00eda y acordaron continuar trabajando sobre el proyecto. Asimismo, recibieron un pedido de reuni\u00f3n de parte de varias organizaciones, entre ellas la Asociaci\u00f3n de Familiares de V\u00edctimas de Delitos Aberrantes de Entre R\u00edos (Vidaer), y programaron recibirlos en una pr\u00f3xima reuni\u00f3n de comisi\u00f3n la semana pr\u00f3xima.<\/p>\n<h2><strong>Legislaci\u00f3n General<\/strong><\/h2>\n<p>Posteriormente se reuni\u00f3 la comisi\u00f3n que encabeza la senadora Miranda, junto a Vergara, Benedetti, Dal Mol\u00edn, Sanzberro, Cavagna, Cosso, y D\u00edaz.<\/p>\n<p>En primer lugar, acordaron dar dictamen favorable al proyecto del senador Juan Conti, por el cual se instituye el d\u00eda 4 de junio como \u201cD\u00eda de la Milonga Entrerriana\u201d en conmemoraci\u00f3n del nacimiento del m\u00fasico V\u00edctor Francisco Vel\u00e1zquez. La Secretar\u00eda de Cultura de la Provincia, o el organismo que la reemplace en el futuro, llevar\u00e1 a cabo actividades de difusi\u00f3n del \u201cD\u00eda de la Milonga Entrerriana\u201d.<\/p>\n<p>Otro proyecto que tuvo dictamen este mi\u00e9rcoles es una iniciativa del Poder Ejecutivo con media sanci\u00f3n de la C\u00e1mara de Diputados, por el que se autoriza al Superior Gobierno de la provincia de Entre R\u00edos a transferir a t\u00edtulo de donaci\u00f3n a favor de la Universidad Nacional de Entre R\u00edos, un (1) inmueble ubicado en el Municipio de Paran\u00e1, con el cargo a ser afectado a fines acad\u00e9micos o de investigaci\u00f3n cient\u00edfica de la UNER.<\/p>\n<p>Por \u00faltimo, los miembros de la comisi\u00f3n analizaron otro proyecto con media sanci\u00f3n de la C\u00e1mara de Diputados con siete art\u00edculos, por el cual la Provincia de Entre R\u00edos adhiere al \u201cR\u00e9gimen de Transparencia Fiscal al Consumidor\u201d. En este sentido los senadores acordaron continuar trabajando el texto en pr\u00f3ximas reuniones.<\/p>\n<p>El proyecto establece que todos aquellos contribuyentes que realicen ventas, locaciones de obra o prestaciones de servicios a consumidores finales deber\u00e1n indicar en la publicaci\u00f3n de los precios de los respectivos bienes o prestaciones el importe final que deba abonar el consumidor final. Adem\u00e1s, deber\u00e1n indicar el importe neto sin la incidencia del Impuesto al Valor Agregado (IVA), de los dem\u00e1s impuestos nacionales indirectos que inciden en los precios y del Impuesto a los Ingresos Brutos y Profesiones Liberales o los que en el futuro lo reemplacen, debiendo estar acompa\u00f1ado de la leyenda \u201cprecios sin impuestos\u201d. Se estipulan sanciones, y servicios de Libre Acceso. En la publicidad de las prestaciones o servicios de cualquier tipo a nivel provincial y municipal que sean de libre acceso o atenci\u00f3n por parte de los ciudadanos no podr\u00e1 utilizarse la palabra \u201cgratuito\u201d o similares, debi\u00e9ndose aclarar que se trata de una prestaci\u00f3n o servicio de libre acceso solventado con los tributos de los contribuyentes.<\/p>\n<h6><em><strong>Del archivo de Informe Litoral:\u00a0<a href=\"https:\/\/informelitoral.com.ar\/la-yerba-mate-muestra-un-crecimiento-en-consumo-y-exportaciones-durante-2025\/\" target=\"_blank\" rel=\"noopener\">La yerba mate muestra un crecimiento en consumo y exportaciones durante 2025<\/a><\/strong><\/em><\/h6>\n","protected":false},"excerpt":{"rendered":"<p>Los integrantes de las Comisiones de Legislaci\u00f3n General, y de Asuntos Constitucionales y Acuerdos, escucharon al procurador General de la provincia de Entre R\u00edos, Jorge Am\u00edlcar Garc\u00eda. Asimismo, la Comisi\u00f3n de Legislaci\u00f3n General dio dictamen a dos proyectos de ley.<\/p>\n","protected":false},"author":2,"featured_media":234174,"comment_status":"open","ping_status":"open","sticky":false,"template":"","format":"standard","meta":{"fifu_image_url":"https:\/\/lh3.googleusercontent.com\/drive-storage\/AJQWtBNmXZnqhOffDdhP9IHg9JO6TeO7ymdZYchxW3PelsUW0XnYnEBc5CRcjOQJGWHpM5Lv6nS0pSzZxetCzWh9ytCVVvg3zRgQv8RTfmC4UjFx_w=w2048","fifu_image_alt":"","footnotes":""},"categories":[16],"tags":[3536,287,3535,464],"class_list":{"0":"post-234173","1":"post","2":"type-post","3":"status-publish","4":"format-standard","5":"has-post-thumbnail","7":"category-politi","8":"tag-comisiones-del-senado","9":"tag-legislativas","10":"tag-reuniones","11":"tag-senado"},"yoast_head":"<title>Comisiones del Senado: analizaron reformas al Consejo de la Magistratura y Juicio por jurado - Informe Litoral<\/title>\n<meta name=\"robots\" content=\"index, follow, max-snippet:-1, max-image-preview:large, max-video-preview:-1\" \/>\n<link rel=\"canonical\" href=\"https:\/\/informelitoral.com.ar\/comisiones-del-senado-analizaron-reformas-al-consejo-de-la-magistratura-y-juicio-por-jurado\/\" \/>\n<meta property=\"og:locale\" content=\"es_ES\" \/>\n<meta property=\"og:type\" content=\"article\" \/>\n<meta property=\"og:title\" content=\"Comisiones del Senado: analizaron reformas al Consejo de la Magistratura y Juicio por jurado - Informe Litoral\" \/>\n<meta property=\"og:description\" content=\"Los integrantes de las Comisiones de Legislaci\u00f3n General, y de Asuntos Constitucionales y Acuerdos, escucharon al procurador General de la provincia de Entre R\u00edos, Jorge Am\u00edlcar Garc\u00eda. Asimismo, la Comisi\u00f3n de Legislaci\u00f3n General dio dictamen a dos proyectos de ley.\" \/>\n<meta property=\"og:url\" content=\"https:\/\/informelitoral.com.ar\/comisiones-del-senado-analizaron-reformas-al-consejo-de-la-magistratura-y-juicio-por-jurado\/\" \/>\n<meta property=\"og:site_name\" content=\"Informe Litoral\" \/>\n<meta property=\"article:publisher\" content=\"https:\/\/www.facebook.com\/informelitoral\/\" \/>\n<meta property=\"article:published_time\" content=\"2025-09-17T19:23:38+00:00\" \/>\n<meta property=\"article:modified_time\" content=\"2025-09-18T10:27:31+00:00\" \/>\n<meta property=\"og:image\" content=\"https:\/\/lh3.googleusercontent.com\/drive-storage\/AJQWtBNmXZnqhOffDdhP9IHg9JO6TeO7ymdZYchxW3PelsUW0XnYnEBc5CRcjOQJGWHpM5Lv6nS0pSzZxetCzWh9ytCVVvg3zRgQv8RTfmC4UjFx_w=w2048\" \/><meta property=\"og:image\" content=\"https:\/\/lh3.googleusercontent.com\/drive-storage\/AJQWtBNmXZnqhOffDdhP9IHg9JO6TeO7ymdZYchxW3PelsUW0XnYnEBc5CRcjOQJGWHpM5Lv6nS0pSzZxetCzWh9ytCVVvg3zRgQv8RTfmC4UjFx_w=w2048\" \/>\n\t<meta property=\"og:image:width\" content=\"1599\" \/>\n\t<meta property=\"og:image:height\" content=\"1066\" \/>\n\t<meta property=\"og:image:type\" content=\"image\/jpeg\" \/>\n<meta name=\"author\" content=\"Gonzalo Schmidt\" \/>\n<meta name=\"twitter:card\" content=\"summary_large_image\" \/>\n<meta name=\"twitter:image\" content=\"https:\/\/lh3.googleusercontent.com\/drive-storage\/AJQWtBNmXZnqhOffDdhP9IHg9JO6TeO7ymdZYchxW3PelsUW0XnYnEBc5CRcjOQJGWHpM5Lv6nS0pSzZxetCzWh9ytCVVvg3zRgQv8RTfmC4UjFx_w=w2048\" \/>\n<meta name=\"twitter:creator\" content=\"@InformeLitoral\" \/>\n<meta name=\"twitter:site\" content=\"@InformeLitoral\" \/>\n<meta name=\"twitter:label1\" content=\"Escrito por\" \/>\n\t<meta name=\"twitter:data1\" content=\"Gonzalo Schmidt\" \/>\n\t<meta name=\"twitter:label2\" content=\"Tiempo de lectura\" \/>\n\t<meta name=\"twitter:data2\" content=\"6 minutos\" \/>\n<script type=\"application\/ld+json\" class=\"yoast-schema-graph\">{\"@context\":\"https:\\\/\\\/schema.org\",\"@graph\":[{\"@type\":\"Article\",\"@id\":\"https:\\\/\\\/informelitoral.com.ar\\\/comisiones-del-senado-analizaron-reformas-al-consejo-de-la-magistratura-y-juicio-por-jurado\\\/#article\",\"isPartOf\":{\"@id\":\"https:\\\/\\\/informelitoral.com.ar\\\/comisiones-del-senado-analizaron-reformas-al-consejo-de-la-magistratura-y-juicio-por-jurado\\\/\"},\"author\":{\"name\":\"Gonzalo Schmidt\",\"@id\":\"https:\\\/\\\/informelitoral.com.ar\\\/#\\\/schema\\\/person\\\/b9d00407c836482871ef1d57bf8e3180\"},\"headline\":\"Comisiones del Senado: analizaron reformas al Consejo de la Magistratura y Juicio por jurado\",\"datePublished\":\"2025-09-17T19:23:38+00:00\",\"dateModified\":\"2025-09-18T10:27:31+00:00\",\"mainEntityOfPage\":{\"@id\":\"https:\\\/\\\/informelitoral.com.ar\\\/comisiones-del-senado-analizaron-reformas-al-consejo-de-la-magistratura-y-juicio-por-jurado\\\/\"},\"wordCount\":1345,\"commentCount\":0,\"publisher\":{\"@id\":\"https:\\\/\\\/informelitoral.com.ar\\\/#organization\"},\"image\":{\"@id\":\"https:\\\/\\\/informelitoral.com.ar\\\/comisiones-del-senado-analizaron-reformas-al-consejo-de-la-magistratura-y-juicio-por-jurado\\\/#primaryimage\"},\"thumbnailUrl\":\"https:\\\/\\\/lh3.googleusercontent.com\\\/drive-storage\\\/AJQWtBNmXZnqhOffDdhP9IHg9JO6TeO7ymdZYchxW3PelsUW0XnYnEBc5CRcjOQJGWHpM5Lv6nS0pSzZxetCzWh9ytCVVvg3zRgQv8RTfmC4UjFx_w=w2048\",\"keywords\":[\"Comisiones del senado\",\"Legislativas\",\"Reuniones\",\"Senado\"],\"articleSection\":[\"Politica\"],\"inLanguage\":\"es\",\"potentialAction\":[{\"@type\":\"CommentAction\",\"name\":\"Comment\",\"target\":[\"https:\\\/\\\/informelitoral.com.ar\\\/comisiones-del-senado-analizaron-reformas-al-consejo-de-la-magistratura-y-juicio-por-jurado\\\/#respond\"]}]},{\"@type\":\"WebPage\",\"@id\":\"https:\\\/\\\/informelitoral.com.ar\\\/comisiones-del-senado-analizaron-reformas-al-consejo-de-la-magistratura-y-juicio-por-jurado\\\/\",\"url\":\"https:\\\/\\\/informelitoral.com.ar\\\/comisiones-del-senado-analizaron-reformas-al-consejo-de-la-magistratura-y-juicio-por-jurado\\\/\",\"name\":\"Comisiones del Senado: analizaron reformas al Consejo de la Magistratura y Juicio por jurado - Informe Litoral\",\"isPartOf\":{\"@id\":\"https:\\\/\\\/informelitoral.com.ar\\\/#website\"},\"primaryImageOfPage\":{\"@id\":\"https:\\\/\\\/informelitoral.com.ar\\\/comisiones-del-senado-analizaron-reformas-al-consejo-de-la-magistratura-y-juicio-por-jurado\\\/#primaryimage\"},\"image\":{\"@id\":\"https:\\\/\\\/informelitoral.com.ar\\\/comisiones-del-senado-analizaron-reformas-al-consejo-de-la-magistratura-y-juicio-por-jurado\\\/#primaryimage\"},\"thumbnailUrl\":\"https:\\\/\\\/lh3.googleusercontent.com\\\/drive-storage\\\/AJQWtBNmXZnqhOffDdhP9IHg9JO6TeO7ymdZYchxW3PelsUW0XnYnEBc5CRcjOQJGWHpM5Lv6nS0pSzZxetCzWh9ytCVVvg3zRgQv8RTfmC4UjFx_w=w2048\",\"datePublished\":\"2025-09-17T19:23:38+00:00\",\"dateModified\":\"2025-09-18T10:27:31+00:00\",\"breadcrumb\":{\"@id\":\"https:\\\/\\\/informelitoral.com.ar\\\/comisiones-del-senado-analizaron-reformas-al-consejo-de-la-magistratura-y-juicio-por-jurado\\\/#breadcrumb\"},\"inLanguage\":\"es\",\"potentialAction\":[{\"@type\":\"ReadAction\",\"target\":[\"https:\\\/\\\/informelitoral.com.ar\\\/comisiones-del-senado-analizaron-reformas-al-consejo-de-la-magistratura-y-juicio-por-jurado\\\/\"]}]},{\"@type\":\"ImageObject\",\"inLanguage\":\"es\",\"@id\":\"https:\\\/\\\/informelitoral.com.ar\\\/comisiones-del-senado-analizaron-reformas-al-consejo-de-la-magistratura-y-juicio-por-jurado\\\/#primaryimage\",\"url\":\"https:\\\/\\\/lh3.googleusercontent.com\\\/drive-storage\\\/AJQWtBNmXZnqhOffDdhP9IHg9JO6TeO7ymdZYchxW3PelsUW0XnYnEBc5CRcjOQJGWHpM5Lv6nS0pSzZxetCzWh9ytCVVvg3zRgQv8RTfmC4UjFx_w=w2048\",\"contentUrl\":\"https:\\\/\\\/lh3.googleusercontent.com\\\/drive-storage\\\/AJQWtBNmXZnqhOffDdhP9IHg9JO6TeO7ymdZYchxW3PelsUW0XnYnEBc5CRcjOQJGWHpM5Lv6nS0pSzZxetCzWh9ytCVVvg3zRgQv8RTfmC4UjFx_w=w2048\",\"width\":\"1599\",\"height\":\"1066\"},{\"@type\":\"BreadcrumbList\",\"@id\":\"https:\\\/\\\/informelitoral.com.ar\\\/comisiones-del-senado-analizaron-reformas-al-consejo-de-la-magistratura-y-juicio-por-jurado\\\/#breadcrumb\",\"itemListElement\":[{\"@type\":\"ListItem\",\"position\":1,\"name\":\"Portada\",\"item\":\"https:\\\/\\\/informelitoral.com.ar\\\/\"},{\"@type\":\"ListItem\",\"position\":2,\"name\":\"Comisiones del Senado: analizaron reformas al Consejo de la Magistratura y Juicio por jurado\"}]},{\"@type\":\"WebSite\",\"@id\":\"https:\\\/\\\/informelitoral.com.ar\\\/#website\",\"url\":\"https:\\\/\\\/informelitoral.com.ar\\\/\",\"name\":\"Informe Litoral\",\"description\":\"&quot;Nos informamos&quot; \",\"publisher\":{\"@id\":\"https:\\\/\\\/informelitoral.com.ar\\\/#organization\"},\"potentialAction\":[{\"@type\":\"SearchAction\",\"target\":{\"@type\":\"EntryPoint\",\"urlTemplate\":\"https:\\\/\\\/informelitoral.com.ar\\\/?s={search_term_string}\"},\"query-input\":{\"@type\":\"PropertyValueSpecification\",\"valueRequired\":true,\"valueName\":\"search_term_string\"}}],\"inLanguage\":\"es\"},{\"@type\":\"Organization\",\"@id\":\"https:\\\/\\\/informelitoral.com.ar\\\/#organization\",\"name\":\"Informe Litoral\",\"url\":\"https:\\\/\\\/informelitoral.com.ar\\\/\",\"logo\":{\"@type\":\"ImageObject\",\"inLanguage\":\"es\",\"@id\":\"https:\\\/\\\/informelitoral.com.ar\\\/#\\\/schema\\\/logo\\\/image\\\/\",\"url\":\"https:\\\/\\\/informelitoral.com.ar\\\/%77%70%2d%63%6f%6e%74%65%6e%74\\\/uploads\\\/2021\\\/01\\\/circulo.png\",\"contentUrl\":\"https:\\\/\\\/informelitoral.com.ar\\\/%77%70%2d%63%6f%6e%74%65%6e%74\\\/uploads\\\/2021\\\/01\\\/circulo.png\",\"width\":723,\"height\":731,\"caption\":\"Informe Litoral\"},\"image\":{\"@id\":\"https:\\\/\\\/informelitoral.com.ar\\\/#\\\/schema\\\/logo\\\/image\\\/\"},\"sameAs\":[\"https:\\\/\\\/www.facebook.com\\\/informelitoral\\\/\",\"https:\\\/\\\/x.com\\\/InformeLitoral\",\"https:\\\/\\\/www.instagram.com\\\/informelitoral\\\/\",\"https:\\\/\\\/www.youtube.com\\\/channel\\\/UCua4Qvz8Icb6MYqhoq9xLXw\"]},{\"@type\":\"Person\",\"@id\":\"https:\\\/\\\/informelitoral.com.ar\\\/#\\\/schema\\\/person\\\/b9d00407c836482871ef1d57bf8e3180\",\"name\":\"Gonzalo Schmidt\",\"image\":{\"@type\":\"ImageObject\",\"inLanguage\":\"es\",\"@id\":\"https:\\\/\\\/secure.gravatar.com\\\/avatar\\\/31a1a7b66ff2de83bd0e9fd79d026630d2d99e55e8bfe501287647b4fd9743de?s=96&d=mm&r=g\",\"url\":\"https:\\\/\\\/secure.gravatar.com\\\/avatar\\\/31a1a7b66ff2de83bd0e9fd79d026630d2d99e55e8bfe501287647b4fd9743de?s=96&d=mm&r=g\",\"contentUrl\":\"https:\\\/\\\/secure.gravatar.com\\\/avatar\\\/31a1a7b66ff2de83bd0e9fd79d026630d2d99e55e8bfe501287647b4fd9743de?s=96&d=mm&r=g\",\"caption\":\"Gonzalo Schmidt\"},\"description\":\"Sitio web de noticias de la provincia de Entre R\u00edos, Argentina. Informaci\u00f3n y entretenimiento. Informe Litoral, nos informamos.\",\"sameAs\":[\"http:\\\/\\\/www.isletasnoticias.com.ar\"],\"url\":\"https:\\\/\\\/informelitoral.com.ar\\\/author\\\/gonzalo\\\/\"}]}<\/script>","yoast_head_json":{"title":"Comisiones del Senado: analizaron reformas al Consejo de la Magistratura y Juicio por jurado - Informe Litoral","robots":{"index":"index","follow":"follow","max-snippet":"max-snippet:-1","max-image-preview":"max-image-preview:large","max-video-preview":"max-video-preview:-1"},"canonical":"https:\/\/informelitoral.com.ar\/comisiones-del-senado-analizaron-reformas-al-consejo-de-la-magistratura-y-juicio-por-jurado\/","og_locale":"es_ES","og_type":"article","og_title":"Comisiones del Senado: analizaron reformas al Consejo de la Magistratura y Juicio por jurado - Informe Litoral","og_description":"Los integrantes de las Comisiones de Legislaci\u00f3n General, y de Asuntos Constitucionales y Acuerdos, escucharon al procurador General de la provincia de Entre R\u00edos, Jorge Am\u00edlcar Garc\u00eda. Asimismo, la Comisi\u00f3n de Legislaci\u00f3n General dio dictamen a dos proyectos de ley.","og_url":"https:\/\/informelitoral.com.ar\/comisiones-del-senado-analizaron-reformas-al-consejo-de-la-magistratura-y-juicio-por-jurado\/","og_site_name":"Informe Litoral","article_publisher":"https:\/\/www.facebook.com\/informelitoral\/","article_published_time":"2025-09-17T19:23:38+00:00","article_modified_time":"2025-09-18T10:27:31+00:00","og_image":[{"url":"https:\/\/lh3.googleusercontent.com\/drive-storage\/AJQWtBNmXZnqhOffDdhP9IHg9JO6TeO7ymdZYchxW3PelsUW0XnYnEBc5CRcjOQJGWHpM5Lv6nS0pSzZxetCzWh9ytCVVvg3zRgQv8RTfmC4UjFx_w=w2048","type":"","width":"","height":""},{"width":1599,"height":1066,"url":"https:\/\/lh3.googleusercontent.com\/drive-storage\/AJQWtBNmXZnqhOffDdhP9IHg9JO6TeO7ymdZYchxW3PelsUW0XnYnEBc5CRcjOQJGWHpM5Lv6nS0pSzZxetCzWh9ytCVVvg3zRgQv8RTfmC4UjFx_w=w2048","type":"image\/jpeg"}],"author":"Gonzalo Schmidt","twitter_card":"summary_large_image","twitter_image":"https:\/\/lh3.googleusercontent.com\/drive-storage\/AJQWtBNmXZnqhOffDdhP9IHg9JO6TeO7ymdZYchxW3PelsUW0XnYnEBc5CRcjOQJGWHpM5Lv6nS0pSzZxetCzWh9ytCVVvg3zRgQv8RTfmC4UjFx_w=w2048","twitter_creator":"@InformeLitoral","twitter_site":"@InformeLitoral","twitter_misc":{"Escrito por":"Gonzalo Schmidt","Tiempo de lectura":"6 minutos"},"schema":{"@context":"https:\/\/schema.org","@graph":[{"@type":"Article","@id":"https:\/\/informelitoral.com.ar\/comisiones-del-senado-analizaron-reformas-al-consejo-de-la-magistratura-y-juicio-por-jurado\/#article","isPartOf":{"@id":"https:\/\/informelitoral.com.ar\/comisiones-del-senado-analizaron-reformas-al-consejo-de-la-magistratura-y-juicio-por-jurado\/"},"author":{"name":"Gonzalo Schmidt","@id":"https:\/\/informelitoral.com.ar\/#\/schema\/person\/b9d00407c836482871ef1d57bf8e3180"},"headline":"Comisiones del Senado: analizaron reformas al Consejo de la Magistratura y Juicio por jurado","datePublished":"2025-09-17T19:23:38+00:00","dateModified":"2025-09-18T10:27:31+00:00","mainEntityOfPage":{"@id":"https:\/\/informelitoral.com.ar\/comisiones-del-senado-analizaron-reformas-al-consejo-de-la-magistratura-y-juicio-por-jurado\/"},"wordCount":1345,"commentCount":0,"publisher":{"@id":"https:\/\/informelitoral.com.ar\/#organization"},"image":{"@id":"https:\/\/informelitoral.com.ar\/comisiones-del-senado-analizaron-reformas-al-consejo-de-la-magistratura-y-juicio-por-jurado\/#primaryimage"},"thumbnailUrl":"https:\/\/lh3.googleusercontent.com\/drive-storage\/AJQWtBNmXZnqhOffDdhP9IHg9JO6TeO7ymdZYchxW3PelsUW0XnYnEBc5CRcjOQJGWHpM5Lv6nS0pSzZxetCzWh9ytCVVvg3zRgQv8RTfmC4UjFx_w=w2048","keywords":["Comisiones del senado","Legislativas","Reuniones","Senado"],"articleSection":["Politica"],"inLanguage":"es","potentialAction":[{"@type":"CommentAction","name":"Comment","target":["https:\/\/informelitoral.com.ar\/comisiones-del-senado-analizaron-reformas-al-consejo-de-la-magistratura-y-juicio-por-jurado\/#respond"]}]},{"@type":"WebPage","@id":"https:\/\/informelitoral.com.ar\/comisiones-del-senado-analizaron-reformas-al-consejo-de-la-magistratura-y-juicio-por-jurado\/","url":"https:\/\/informelitoral.com.ar\/comisiones-del-senado-analizaron-reformas-al-consejo-de-la-magistratura-y-juicio-por-jurado\/","name":"Comisiones del Senado: analizaron reformas al Consejo de la Magistratura y Juicio por jurado - Informe Litoral","isPartOf":{"@id":"https:\/\/informelitoral.com.ar\/#website"},"primaryImageOfPage":{"@id":"https:\/\/informelitoral.com.ar\/comisiones-del-senado-analizaron-reformas-al-consejo-de-la-magistratura-y-juicio-por-jurado\/#primaryimage"},"image":{"@id":"https:\/\/informelitoral.com.ar\/comisiones-del-senado-analizaron-reformas-al-consejo-de-la-magistratura-y-juicio-por-jurado\/#primaryimage"},"thumbnailUrl":"https:\/\/lh3.googleusercontent.com\/drive-storage\/AJQWtBNmXZnqhOffDdhP9IHg9JO6TeO7ymdZYchxW3PelsUW0XnYnEBc5CRcjOQJGWHpM5Lv6nS0pSzZxetCzWh9ytCVVvg3zRgQv8RTfmC4UjFx_w=w2048","datePublished":"2025-09-17T19:23:38+00:00","dateModified":"2025-09-18T10:27:31+00:00","breadcrumb":{"@id":"https:\/\/informelitoral.com.ar\/comisiones-del-senado-analizaron-reformas-al-consejo-de-la-magistratura-y-juicio-por-jurado\/#breadcrumb"},"inLanguage":"es","potentialAction":[{"@type":"ReadAction","target":["https:\/\/informelitoral.com.ar\/comisiones-del-senado-analizaron-reformas-al-consejo-de-la-magistratura-y-juicio-por-jurado\/"]}]},{"@type":"ImageObject","inLanguage":"es","@id":"https:\/\/informelitoral.com.ar\/comisiones-del-senado-analizaron-reformas-al-consejo-de-la-magistratura-y-juicio-por-jurado\/#primaryimage","url":"https:\/\/lh3.googleusercontent.com\/drive-storage\/AJQWtBNmXZnqhOffDdhP9IHg9JO6TeO7ymdZYchxW3PelsUW0XnYnEBc5CRcjOQJGWHpM5Lv6nS0pSzZxetCzWh9ytCVVvg3zRgQv8RTfmC4UjFx_w=w2048","contentUrl":"https:\/\/lh3.googleusercontent.com\/drive-storage\/AJQWtBNmXZnqhOffDdhP9IHg9JO6TeO7ymdZYchxW3PelsUW0XnYnEBc5CRcjOQJGWHpM5Lv6nS0pSzZxetCzWh9ytCVVvg3zRgQv8RTfmC4UjFx_w=w2048","width":"1599","height":"1066"},{"@type":"BreadcrumbList","@id":"https:\/\/informelitoral.com.ar\/comisiones-del-senado-analizaron-reformas-al-consejo-de-la-magistratura-y-juicio-por-jurado\/#breadcrumb","itemListElement":[{"@type":"ListItem","position":1,"name":"Portada","item":"https:\/\/informelitoral.com.ar\/"},{"@type":"ListItem","position":2,"name":"Comisiones del Senado: analizaron reformas al Consejo de la Magistratura y Juicio por jurado"}]},{"@type":"WebSite","@id":"https:\/\/informelitoral.com.ar\/#website","url":"https:\/\/informelitoral.com.ar\/","name":"Informe Litoral","description":"&quot;Nos informamos&quot; ","publisher":{"@id":"https:\/\/informelitoral.com.ar\/#organization"},"potentialAction":[{"@type":"SearchAction","target":{"@type":"EntryPoint","urlTemplate":"https:\/\/informelitoral.com.ar\/?s={search_term_string}"},"query-input":{"@type":"PropertyValueSpecification","valueRequired":true,"valueName":"search_term_string"}}],"inLanguage":"es"},{"@type":"Organization","@id":"https:\/\/informelitoral.com.ar\/#organization","name":"Informe Litoral","url":"https:\/\/informelitoral.com.ar\/","logo":{"@type":"ImageObject","inLanguage":"es","@id":"https:\/\/informelitoral.com.ar\/#\/schema\/logo\/image\/","url":"https:\/\/informelitoral.com.ar\/%77%70%2d%63%6f%6e%74%65%6e%74\/uploads\/2021\/01\/circulo.png","contentUrl":"https:\/\/informelitoral.com.ar\/%77%70%2d%63%6f%6e%74%65%6e%74\/uploads\/2021\/01\/circulo.png","width":723,"height":731,"caption":"Informe Litoral"},"image":{"@id":"https:\/\/informelitoral.com.ar\/#\/schema\/logo\/image\/"},"sameAs":["https:\/\/www.facebook.com\/informelitoral\/","https:\/\/x.com\/InformeLitoral","https:\/\/www.instagram.com\/informelitoral\/","https:\/\/www.youtube.com\/channel\/UCua4Qvz8Icb6MYqhoq9xLXw"]},{"@type":"Person","@id":"https:\/\/informelitoral.com.ar\/#\/schema\/person\/b9d00407c836482871ef1d57bf8e3180","name":"Gonzalo Schmidt","image":{"@type":"ImageObject","inLanguage":"es","@id":"https:\/\/secure.gravatar.com\/avatar\/31a1a7b66ff2de83bd0e9fd79d026630d2d99e55e8bfe501287647b4fd9743de?s=96&d=mm&r=g","url":"https:\/\/secure.gravatar.com\/avatar\/31a1a7b66ff2de83bd0e9fd79d026630d2d99e55e8bfe501287647b4fd9743de?s=96&d=mm&r=g","contentUrl":"https:\/\/secure.gravatar.com\/avatar\/31a1a7b66ff2de83bd0e9fd79d026630d2d99e55e8bfe501287647b4fd9743de?s=96&d=mm&r=g","caption":"Gonzalo Schmidt"},"description":"Sitio web de noticias de la provincia de Entre R\u00edos, Argentina. Informaci\u00f3n y entretenimiento. Informe Litoral, nos informamos.","sameAs":["http:\/\/www.isletasnoticias.com.ar"],"url":"https:\/\/informelitoral.com.ar\/author\/gonzalo\/"}]}},"fifu_image_url":"https:\/\/lh3.googleusercontent.com\/drive-storage\/AJQWtBNmXZnqhOffDdhP9IHg9JO6TeO7ymdZYchxW3PelsUW0XnYnEBc5CRcjOQJGWHpM5Lv6nS0pSzZxetCzWh9ytCVVvg3zRgQv8RTfmC4UjFx_w=w2048","_links":{"self":[{"href":"https:\/\/informelitoral.com.ar\/%77%70%2d%6a%73%6f%6e\/wp\/v2\/posts\/234173","targetHints":{"allow":["GET"]}}],"collection":[{"href":"https:\/\/informelitoral.com.ar\/%77%70%2d%6a%73%6f%6e\/wp\/v2\/posts"}],"about":[{"href":"https:\/\/informelitoral.com.ar\/%77%70%2d%6a%73%6f%6e\/wp\/v2\/types\/post"}],"author":[{"embeddable":true,"href":"https:\/\/informelitoral.com.ar\/%77%70%2d%6a%73%6f%6e\/wp\/v2\/users\/2"}],"replies":[{"embeddable":true,"href":"https:\/\/informelitoral.com.ar\/%77%70%2d%6a%73%6f%6e\/wp\/v2\/comments?post=234173"}],"version-history":[{"count":1,"href":"https:\/\/informelitoral.com.ar\/%77%70%2d%6a%73%6f%6e\/wp\/v2\/posts\/234173\/revisions"}],"predecessor-version":[{"id":234175,"href":"https:\/\/informelitoral.com.ar\/%77%70%2d%6a%73%6f%6e\/wp\/v2\/posts\/234173\/revisions\/234175"}],"wp:featuredmedia":[{"embeddable":true,"href":"https:\/\/informelitoral.com.ar\/%77%70%2d%6a%73%6f%6e\/wp\/v2\/media\/234174"}],"wp:attachment":[{"href":"https:\/\/informelitoral.com.ar\/%77%70%2d%6a%73%6f%6e\/wp\/v2\/media?parent=234173"}],"wp:term":[{"taxonomy":"category","embeddable":true,"href":"https:\/\/informelitoral.com.ar\/%77%70%2d%6a%73%6f%6e\/wp\/v2\/categories?post=234173"},{"taxonomy":"post_tag","embeddable":true,"href":"https:\/\/informelitoral.com.ar\/%77%70%2d%6a%73%6f%6e\/wp\/v2\/tags?post=234173"}],"curies":[{"name":"wp","href":"https:\/\/api.w.org\/{rel}","templated":true}]}}