{"id":234124,"date":"2025-09-17T13:50:55","date_gmt":"2025-09-17T16:50:55","guid":{"rendered":"https:\/\/informelitoral.com.ar\/?p=234124"},"modified":"2025-09-17T15:30:34","modified_gmt":"2025-09-17T18:30:34","slug":"provincia-y-municipio-anunciaron-el-reinicio-de-las-obras-de-acceso-a-parana-por-ruta-nacional-12","status":"publish","type":"post","link":"https:\/\/informelitoral.com.ar\/provincia-y-municipio-anunciaron-el-reinicio-de-las-obras-de-acceso-a-parana-por-ruta-nacional-12\/","title":{"rendered":"Provincia y municipio anunciaron el reinicio de las obras de acceso a Paran\u00e1 por ruta nacional 12"},"content":{"rendered":"<p>Al respecto, el gobernador Frigerio detall\u00f3 que \u00abel lunes se lleg\u00f3 a un acuerdo entre el municipio, la provincia y Vialidad Nacional para dar terminaci\u00f3n a una obra que arranc\u00f3 hace much\u00edsimo tiempo \u00a0y lamentablemente por distintas situaciones no se pudo concluir\u00bb. Asegur\u00f3 que \u00abes una obra fundamental para Paran\u00e1, pero tambi\u00e9n para toda la provincia. Es un principio de soluci\u00f3n muy importante en donde vamos a trabajar en equipo para que tenga \u00e9xito\u00bb, remarc\u00f3.<\/p>\n<p>Entendi\u00f3 que \u00abesta obra no puede esperar, entonces decidimos encararlo y hacerlo en conjunto\u00bb, y reiter\u00f3 que \u00abla decisi\u00f3n de retomar la obra p\u00fablica la tomamos desde el primer d\u00eda\u00bb. En ese sentido, indic\u00f3 que \u00abel desaf\u00edo en estos pr\u00f3ximos 27 meses de gesti\u00f3n es intervenir el 100 por ciento de las rutas provinciales y esperamos tambi\u00e9n tener una buena noticia el 8 de octubre cuando se abren los sobres de la concesi\u00f3n de la autov\u00eda 14. Para nosotros tambi\u00e9n ese es un hito muy importante. Lo mismo cuando se concesione la 12 y la ruta que nos une con Rosario. Creo que a partir de ah\u00ed, con las obras nuestras y la de los concesionarios en marcha, vamos a empezar a resolver un problema de la red vial de la provincia que lleva much\u00edsimo tiempo\u00bb, insisti\u00f3.<\/p>\n<p>Por su parte, la intendenta de Paran\u00e1, Rosario Romero, se refiri\u00f3 a \u00abla necesidad de priorizar la obra\u00bb y precis\u00f3 que tiene un 76 por ciento ya ejecutado. \u00abLos tres Estados nos hemos puesto de acuerdo. Nosotros vamos a asumir la mayor\u00eda del costo haciendo todo lo que es pavimentaci\u00f3n. La provincia nos va a aportar la iluminaci\u00f3n central que es imprescindible por una cuesti\u00f3n de seguridad, \u00a0y Naci\u00f3n nos brindar\u00e1 el asesoramiento t\u00e9cnico de Vialidad Nacional y la se\u00f1al\u00e9tica horizontal y vertical. Los Estados tenemos que terminar las obras que se empiezan y entre todos tenemos que hacer el esfuerzo, no echarnos las culpas\u00bb, concluy\u00f3.<\/p>\n<p>Tambi\u00e9n participaron del recorrido, el ministro de Planeamiento, Infraestructura y Servicios, Dar\u00edo Schneider; y el director de Vialidad provincial, Exequiel Donda; entre otros funcionarios.<\/p>\n<h2><strong>Detalles<\/strong><\/h2>\n<p>El reinicio de esta obra forma parte del anexo 3 del acuerdo firmado el a\u00f1o pasado por la provincia con la Naci\u00f3n. Seg\u00fan lo previsto en el pliego original, Vialidad Nacional continuar\u00e1 con parte de los trabajos y el municipio de Paran\u00e1 asumir\u00e1 otra parte.<\/p>\n<p>Por su parte, el Gobierno de Entre R\u00edos realizar\u00e1 una inversi\u00f3n superior a los 1.000 millones de pesos para ejecutar la totalidad del sistema de iluminaci\u00f3n del acceso. Adem\u00e1s, se eval\u00faa incluir en este proyecto las luminarias del ingreso por Hernandarias, como obra complementaria.<\/p>\n<p>De esta manera, la provincia aportar\u00e1 un componente fundamental junto al municipio, garantizando un acceso m\u00e1s seguro y moderno para la capital entrerriana.<\/p>\n","protected":false},"excerpt":{"rendered":"<p>El gobernador Rogelio Frigerio recorri\u00f3 junto a la intendenta Rosario Romero la obra de recuperaci\u00f3n del acceso a la ciudad de Paran\u00e1, sobre la ruta nacional 12, que fue gestionada por la provincia ante el gobierno nacional. Se anunci\u00f3 el reinicio de los trabajos.<\/p>\n","protected":false},"author":8,"featured_media":234126,"comment_status":"open","ping_status":"open","sticky":false,"template":"","format":"standard","meta":{"fifu_image_url":"","fifu_image_alt":"","footnotes":""},"categories":[6],"tags":[283,949,305],"class_list":{"0":"post-234124","1":"post","2":"type-post","3":"status-publish","4":"format-standard","5":"has-post-thumbnail","7":"category-entre-rios","8":"tag-obras","9":"tag-rogelio-frigerio","10":"tag-ruta-12"},"yoast_head":"<title>Provincia y municipio anunciaron el reinicio de las obras de acceso a Paran\u00e1 por ruta nacional 12 - Informe Litoral<\/title>\n<meta name=\"robots\" content=\"index, follow, max-snippet:-1, max-image-preview:large, max-video-preview:-1\" \/>\n<link rel=\"canonical\" href=\"https:\/\/informelitoral.com.ar\/provincia-y-municipio-anunciaron-el-reinicio-de-las-obras-de-acceso-a-parana-por-ruta-nacional-12\/\" \/>\n<meta property=\"og:locale\" content=\"es_ES\" \/>\n<meta property=\"og:type\" content=\"article\" \/>\n<meta property=\"og:title\" content=\"Provincia y municipio anunciaron el reinicio de las obras de acceso a Paran\u00e1 por ruta nacional 12 - Informe Litoral\" \/>\n<meta property=\"og:description\" content=\"El gobernador Rogelio Frigerio recorri\u00f3 junto a la intendenta Rosario Romero la obra de recuperaci\u00f3n del acceso a la ciudad de Paran\u00e1, sobre la ruta nacional 12, que fue gestionada por la provincia ante el gobierno nacional. Se anunci\u00f3 el reinicio de los trabajos.\" \/>\n<meta property=\"og:url\" content=\"https:\/\/informelitoral.com.ar\/provincia-y-municipio-anunciaron-el-reinicio-de-las-obras-de-acceso-a-parana-por-ruta-nacional-12\/\" \/>\n<meta property=\"og:site_name\" content=\"Informe Litoral\" \/>\n<meta property=\"article:publisher\" content=\"https:\/\/www.facebook.com\/informelitoral\/\" \/>\n<meta property=\"article:published_time\" content=\"2025-09-17T16:50:55+00:00\" \/>\n<meta property=\"article:modified_time\" content=\"2025-09-17T18:30:34+00:00\" \/>\n<meta property=\"og:image\" content=\"https:\/\/informelitoral.com.ar\/%77%70%2d%63%6f%6e%74%65%6e%74\/uploads\/2025\/09\/DSC_6590DSC_6590.jpg\" \/>\n\t<meta property=\"og:image:width\" content=\"1920\" \/>\n\t<meta property=\"og:image:height\" content=\"1280\" \/>\n\t<meta property=\"og:image:type\" content=\"image\/jpeg\" \/>\n<meta name=\"author\" content=\"Sebastian\" \/>\n<meta name=\"twitter:card\" content=\"summary_large_image\" \/>\n<meta name=\"twitter:creator\" content=\"@InformeLitoral\" \/>\n<meta name=\"twitter:site\" content=\"@InformeLitoral\" \/>\n<meta name=\"twitter:label1\" content=\"Escrito por\" \/>\n\t<meta name=\"twitter:data1\" content=\"Sebastian\" \/>\n\t<meta name=\"twitter:label2\" content=\"Tiempo de lectura\" \/>\n\t<meta name=\"twitter:data2\" content=\"3 minutos\" \/>\n<script type=\"application\/ld+json\" class=\"yoast-schema-graph\">{\"@context\":\"https:\\\/\\\/schema.org\",\"@graph\":[{\"@type\":\"Article\",\"@id\":\"https:\\\/\\\/informelitoral.com.ar\\\/provincia-y-municipio-anunciaron-el-reinicio-de-las-obras-de-acceso-a-parana-por-ruta-nacional-12\\\/#article\",\"isPartOf\":{\"@id\":\"https:\\\/\\\/informelitoral.com.ar\\\/provincia-y-municipio-anunciaron-el-reinicio-de-las-obras-de-acceso-a-parana-por-ruta-nacional-12\\\/\"},\"author\":{\"name\":\"Sebastian\",\"@id\":\"https:\\\/\\\/informelitoral.com.ar\\\/#\\\/schema\\\/person\\\/f05f9f461677119578717524b127d6d5\"},\"headline\":\"Provincia y municipio anunciaron el reinicio de las obras de acceso a Paran\u00e1 por ruta nacional 12\",\"datePublished\":\"2025-09-17T16:50:55+00:00\",\"dateModified\":\"2025-09-17T18:30:34+00:00\",\"mainEntityOfPage\":{\"@id\":\"https:\\\/\\\/informelitoral.com.ar\\\/provincia-y-municipio-anunciaron-el-reinicio-de-las-obras-de-acceso-a-parana-por-ruta-nacional-12\\\/\"},\"wordCount\":497,\"commentCount\":0,\"publisher\":{\"@id\":\"https:\\\/\\\/informelitoral.com.ar\\\/#organization\"},\"image\":{\"@id\":\"https:\\\/\\\/informelitoral.com.ar\\\/provincia-y-municipio-anunciaron-el-reinicio-de-las-obras-de-acceso-a-parana-por-ruta-nacional-12\\\/#primaryimage\"},\"thumbnailUrl\":\"https:\\\/\\\/informelitoral.com.ar\\\/%77%70%2d%63%6f%6e%74%65%6e%74\\\/uploads\\\/2025\\\/09\\\/DSC_6590DSC_6590.jpg\",\"keywords\":[\"Obras\",\"Rogelio Frigerio\",\"Ruta 12\"],\"articleSection\":[\"Entre R\u00edos\"],\"inLanguage\":\"es\",\"potentialAction\":[{\"@type\":\"CommentAction\",\"name\":\"Comment\",\"target\":[\"https:\\\/\\\/informelitoral.com.ar\\\/provincia-y-municipio-anunciaron-el-reinicio-de-las-obras-de-acceso-a-parana-por-ruta-nacional-12\\\/#respond\"]}]},{\"@type\":\"WebPage\",\"@id\":\"https:\\\/\\\/informelitoral.com.ar\\\/provincia-y-municipio-anunciaron-el-reinicio-de-las-obras-de-acceso-a-parana-por-ruta-nacional-12\\\/\",\"url\":\"https:\\\/\\\/informelitoral.com.ar\\\/provincia-y-municipio-anunciaron-el-reinicio-de-las-obras-de-acceso-a-parana-por-ruta-nacional-12\\\/\",\"name\":\"Provincia y municipio anunciaron el reinicio de las obras de acceso a Paran\u00e1 por ruta nacional 12 - Informe Litoral\",\"isPartOf\":{\"@id\":\"https:\\\/\\\/informelitoral.com.ar\\\/#website\"},\"primaryImageOfPage\":{\"@id\":\"https:\\\/\\\/informelitoral.com.ar\\\/provincia-y-municipio-anunciaron-el-reinicio-de-las-obras-de-acceso-a-parana-por-ruta-nacional-12\\\/#primaryimage\"},\"image\":{\"@id\":\"https:\\\/\\\/informelitoral.com.ar\\\/provincia-y-municipio-anunciaron-el-reinicio-de-las-obras-de-acceso-a-parana-por-ruta-nacional-12\\\/#primaryimage\"},\"thumbnailUrl\":\"https:\\\/\\\/informelitoral.com.ar\\\/%77%70%2d%63%6f%6e%74%65%6e%74\\\/uploads\\\/2025\\\/09\\\/DSC_6590DSC_6590.jpg\",\"datePublished\":\"2025-09-17T16:50:55+00:00\",\"dateModified\":\"2025-09-17T18:30:34+00:00\",\"breadcrumb\":{\"@id\":\"https:\\\/\\\/informelitoral.com.ar\\\/provincia-y-municipio-anunciaron-el-reinicio-de-las-obras-de-acceso-a-parana-por-ruta-nacional-12\\\/#breadcrumb\"},\"inLanguage\":\"es\",\"potentialAction\":[{\"@type\":\"ReadAction\",\"target\":[\"https:\\\/\\\/informelitoral.com.ar\\\/provincia-y-municipio-anunciaron-el-reinicio-de-las-obras-de-acceso-a-parana-por-ruta-nacional-12\\\/\"]}]},{\"@type\":\"ImageObject\",\"inLanguage\":\"es\",\"@id\":\"https:\\\/\\\/informelitoral.com.ar\\\/provincia-y-municipio-anunciaron-el-reinicio-de-las-obras-de-acceso-a-parana-por-ruta-nacional-12\\\/#primaryimage\",\"url\":\"https:\\\/\\\/informelitoral.com.ar\\\/%77%70%2d%63%6f%6e%74%65%6e%74\\\/uploads\\\/2025\\\/09\\\/DSC_6590DSC_6590.jpg\",\"contentUrl\":\"https:\\\/\\\/informelitoral.com.ar\\\/%77%70%2d%63%6f%6e%74%65%6e%74\\\/uploads\\\/2025\\\/09\\\/DSC_6590DSC_6590.jpg\",\"width\":1920,\"height\":1280},{\"@type\":\"BreadcrumbList\",\"@id\":\"https:\\\/\\\/informelitoral.com.ar\\\/provincia-y-municipio-anunciaron-el-reinicio-de-las-obras-de-acceso-a-parana-por-ruta-nacional-12\\\/#breadcrumb\",\"itemListElement\":[{\"@type\":\"ListItem\",\"position\":1,\"name\":\"Portada\",\"item\":\"https:\\\/\\\/informelitoral.com.ar\\\/\"},{\"@type\":\"ListItem\",\"position\":2,\"name\":\"Provincia y municipio anunciaron el reinicio de las obras de acceso a Paran\u00e1 por ruta nacional 12\"}]},{\"@type\":\"WebSite\",\"@id\":\"https:\\\/\\\/informelitoral.com.ar\\\/#website\",\"url\":\"https:\\\/\\\/informelitoral.com.ar\\\/\",\"name\":\"Informe Litoral\",\"description\":\"&quot;Nos informamos&quot; \",\"publisher\":{\"@id\":\"https:\\\/\\\/informelitoral.com.ar\\\/#organization\"},\"potentialAction\":[{\"@type\":\"SearchAction\",\"target\":{\"@type\":\"EntryPoint\",\"urlTemplate\":\"https:\\\/\\\/informelitoral.com.ar\\\/?s={search_term_string}\"},\"query-input\":{\"@type\":\"PropertyValueSpecification\",\"valueRequired\":true,\"valueName\":\"search_term_string\"}}],\"inLanguage\":\"es\"},{\"@type\":\"Organization\",\"@id\":\"https:\\\/\\\/informelitoral.com.ar\\\/#organization\",\"name\":\"Informe Litoral\",\"url\":\"https:\\\/\\\/informelitoral.com.ar\\\/\",\"logo\":{\"@type\":\"ImageObject\",\"inLanguage\":\"es\",\"@id\":\"https:\\\/\\\/informelitoral.com.ar\\\/#\\\/schema\\\/logo\\\/image\\\/\",\"url\":\"https:\\\/\\\/informelitoral.com.ar\\\/%77%70%2d%63%6f%6e%74%65%6e%74\\\/uploads\\\/2021\\\/01\\\/circulo.png\",\"contentUrl\":\"https:\\\/\\\/informelitoral.com.ar\\\/%77%70%2d%63%6f%6e%74%65%6e%74\\\/uploads\\\/2021\\\/01\\\/circulo.png\",\"width\":723,\"height\":731,\"caption\":\"Informe Litoral\"},\"image\":{\"@id\":\"https:\\\/\\\/informelitoral.com.ar\\\/#\\\/schema\\\/logo\\\/image\\\/\"},\"sameAs\":[\"https:\\\/\\\/www.facebook.com\\\/informelitoral\\\/\",\"https:\\\/\\\/x.com\\\/InformeLitoral\",\"https:\\\/\\\/www.instagram.com\\\/informelitoral\\\/\",\"https:\\\/\\\/www.youtube.com\\\/channel\\\/UCua4Qvz8Icb6MYqhoq9xLXw\"]},{\"@type\":\"Person\",\"@id\":\"https:\\\/\\\/informelitoral.com.ar\\\/#\\\/schema\\\/person\\\/f05f9f461677119578717524b127d6d5\",\"name\":\"Sebastian\",\"image\":{\"@type\":\"ImageObject\",\"inLanguage\":\"es\",\"@id\":\"https:\\\/\\\/secure.gravatar.com\\\/avatar\\\/b71bf7481d447dfb9583c7f2798e7cc64de6efb9067b74633ed8c31059a3bd82?s=96&d=mm&r=g\",\"url\":\"https:\\\/\\\/secure.gravatar.com\\\/avatar\\\/b71bf7481d447dfb9583c7f2798e7cc64de6efb9067b74633ed8c31059a3bd82?s=96&d=mm&r=g\",\"contentUrl\":\"https:\\\/\\\/secure.gravatar.com\\\/avatar\\\/b71bf7481d447dfb9583c7f2798e7cc64de6efb9067b74633ed8c31059a3bd82?s=96&d=mm&r=g\",\"caption\":\"Sebastian\"},\"url\":\"https:\\\/\\\/informelitoral.com.ar\\\/author\\\/sebastian\\\/\"}]}<\/script>","yoast_head_json":{"title":"Provincia y municipio anunciaron el reinicio de las obras de acceso a Paran\u00e1 por ruta nacional 12 - Informe Litoral","robots":{"index":"index","follow":"follow","max-snippet":"max-snippet:-1","max-image-preview":"max-image-preview:large","max-video-preview":"max-video-preview:-1"},"canonical":"https:\/\/informelitoral.com.ar\/provincia-y-municipio-anunciaron-el-reinicio-de-las-obras-de-acceso-a-parana-por-ruta-nacional-12\/","og_locale":"es_ES","og_type":"article","og_title":"Provincia y municipio anunciaron el reinicio de las obras de acceso a Paran\u00e1 por ruta nacional 12 - Informe Litoral","og_description":"El gobernador Rogelio Frigerio recorri\u00f3 junto a la intendenta Rosario Romero la obra de recuperaci\u00f3n del acceso a la ciudad de Paran\u00e1, sobre la ruta nacional 12, que fue gestionada por la provincia ante el gobierno nacional. Se anunci\u00f3 el reinicio de los trabajos.","og_url":"https:\/\/informelitoral.com.ar\/provincia-y-municipio-anunciaron-el-reinicio-de-las-obras-de-acceso-a-parana-por-ruta-nacional-12\/","og_site_name":"Informe Litoral","article_publisher":"https:\/\/www.facebook.com\/informelitoral\/","article_published_time":"2025-09-17T16:50:55+00:00","article_modified_time":"2025-09-17T18:30:34+00:00","og_image":[{"width":1920,"height":1280,"url":"https:\/\/informelitoral.com.ar\/%77%70%2d%63%6f%6e%74%65%6e%74\/uploads\/2025\/09\/DSC_6590DSC_6590.jpg","type":"image\/jpeg"}],"author":"Sebastian","twitter_card":"summary_large_image","twitter_creator":"@InformeLitoral","twitter_site":"@InformeLitoral","twitter_misc":{"Escrito por":"Sebastian","Tiempo de lectura":"3 minutos"},"schema":{"@context":"https:\/\/schema.org","@graph":[{"@type":"Article","@id":"https:\/\/informelitoral.com.ar\/provincia-y-municipio-anunciaron-el-reinicio-de-las-obras-de-acceso-a-parana-por-ruta-nacional-12\/#article","isPartOf":{"@id":"https:\/\/informelitoral.com.ar\/provincia-y-municipio-anunciaron-el-reinicio-de-las-obras-de-acceso-a-parana-por-ruta-nacional-12\/"},"author":{"name":"Sebastian","@id":"https:\/\/informelitoral.com.ar\/#\/schema\/person\/f05f9f461677119578717524b127d6d5"},"headline":"Provincia y municipio anunciaron el reinicio de las obras de acceso a Paran\u00e1 por ruta nacional 12","datePublished":"2025-09-17T16:50:55+00:00","dateModified":"2025-09-17T18:30:34+00:00","mainEntityOfPage":{"@id":"https:\/\/informelitoral.com.ar\/provincia-y-municipio-anunciaron-el-reinicio-de-las-obras-de-acceso-a-parana-por-ruta-nacional-12\/"},"wordCount":497,"commentCount":0,"publisher":{"@id":"https:\/\/informelitoral.com.ar\/#organization"},"image":{"@id":"https:\/\/informelitoral.com.ar\/provincia-y-municipio-anunciaron-el-reinicio-de-las-obras-de-acceso-a-parana-por-ruta-nacional-12\/#primaryimage"},"thumbnailUrl":"https:\/\/informelitoral.com.ar\/%77%70%2d%63%6f%6e%74%65%6e%74\/uploads\/2025\/09\/DSC_6590DSC_6590.jpg","keywords":["Obras","Rogelio Frigerio","Ruta 12"],"articleSection":["Entre R\u00edos"],"inLanguage":"es","potentialAction":[{"@type":"CommentAction","name":"Comment","target":["https:\/\/informelitoral.com.ar\/provincia-y-municipio-anunciaron-el-reinicio-de-las-obras-de-acceso-a-parana-por-ruta-nacional-12\/#respond"]}]},{"@type":"WebPage","@id":"https:\/\/informelitoral.com.ar\/provincia-y-municipio-anunciaron-el-reinicio-de-las-obras-de-acceso-a-parana-por-ruta-nacional-12\/","url":"https:\/\/informelitoral.com.ar\/provincia-y-municipio-anunciaron-el-reinicio-de-las-obras-de-acceso-a-parana-por-ruta-nacional-12\/","name":"Provincia y municipio anunciaron el reinicio de las obras de acceso a Paran\u00e1 por ruta nacional 12 - Informe Litoral","isPartOf":{"@id":"https:\/\/informelitoral.com.ar\/#website"},"primaryImageOfPage":{"@id":"https:\/\/informelitoral.com.ar\/provincia-y-municipio-anunciaron-el-reinicio-de-las-obras-de-acceso-a-parana-por-ruta-nacional-12\/#primaryimage"},"image":{"@id":"https:\/\/informelitoral.com.ar\/provincia-y-municipio-anunciaron-el-reinicio-de-las-obras-de-acceso-a-parana-por-ruta-nacional-12\/#primaryimage"},"thumbnailUrl":"https:\/\/informelitoral.com.ar\/%77%70%2d%63%6f%6e%74%65%6e%74\/uploads\/2025\/09\/DSC_6590DSC_6590.jpg","datePublished":"2025-09-17T16:50:55+00:00","dateModified":"2025-09-17T18:30:34+00:00","breadcrumb":{"@id":"https:\/\/informelitoral.com.ar\/provincia-y-municipio-anunciaron-el-reinicio-de-las-obras-de-acceso-a-parana-por-ruta-nacional-12\/#breadcrumb"},"inLanguage":"es","potentialAction":[{"@type":"ReadAction","target":["https:\/\/informelitoral.com.ar\/provincia-y-municipio-anunciaron-el-reinicio-de-las-obras-de-acceso-a-parana-por-ruta-nacional-12\/"]}]},{"@type":"ImageObject","inLanguage":"es","@id":"https:\/\/informelitoral.com.ar\/provincia-y-municipio-anunciaron-el-reinicio-de-las-obras-de-acceso-a-parana-por-ruta-nacional-12\/#primaryimage","url":"https:\/\/informelitoral.com.ar\/%77%70%2d%63%6f%6e%74%65%6e%74\/uploads\/2025\/09\/DSC_6590DSC_6590.jpg","contentUrl":"https:\/\/informelitoral.com.ar\/%77%70%2d%63%6f%6e%74%65%6e%74\/uploads\/2025\/09\/DSC_6590DSC_6590.jpg","width":1920,"height":1280},{"@type":"BreadcrumbList","@id":"https:\/\/informelitoral.com.ar\/provincia-y-municipio-anunciaron-el-reinicio-de-las-obras-de-acceso-a-parana-por-ruta-nacional-12\/#breadcrumb","itemListElement":[{"@type":"ListItem","position":1,"name":"Portada","item":"https:\/\/informelitoral.com.ar\/"},{"@type":"ListItem","position":2,"name":"Provincia y municipio anunciaron el reinicio de las obras de acceso a Paran\u00e1 por ruta nacional 12"}]},{"@type":"WebSite","@id":"https:\/\/informelitoral.com.ar\/#website","url":"https:\/\/informelitoral.com.ar\/","name":"Informe Litoral","description":"&quot;Nos informamos&quot; ","publisher":{"@id":"https:\/\/informelitoral.com.ar\/#organization"},"potentialAction":[{"@type":"SearchAction","target":{"@type":"EntryPoint","urlTemplate":"https:\/\/informelitoral.com.ar\/?s={search_term_string}"},"query-input":{"@type":"PropertyValueSpecification","valueRequired":true,"valueName":"search_term_string"}}],"inLanguage":"es"},{"@type":"Organization","@id":"https:\/\/informelitoral.com.ar\/#organization","name":"Informe Litoral","url":"https:\/\/informelitoral.com.ar\/","logo":{"@type":"ImageObject","inLanguage":"es","@id":"https:\/\/informelitoral.com.ar\/#\/schema\/logo\/image\/","url":"https:\/\/informelitoral.com.ar\/%77%70%2d%63%6f%6e%74%65%6e%74\/uploads\/2021\/01\/circulo.png","contentUrl":"https:\/\/informelitoral.com.ar\/%77%70%2d%63%6f%6e%74%65%6e%74\/uploads\/2021\/01\/circulo.png","width":723,"height":731,"caption":"Informe Litoral"},"image":{"@id":"https:\/\/informelitoral.com.ar\/#\/schema\/logo\/image\/"},"sameAs":["https:\/\/www.facebook.com\/informelitoral\/","https:\/\/x.com\/InformeLitoral","https:\/\/www.instagram.com\/informelitoral\/","https:\/\/www.youtube.com\/channel\/UCua4Qvz8Icb6MYqhoq9xLXw"]},{"@type":"Person","@id":"https:\/\/informelitoral.com.ar\/#\/schema\/person\/f05f9f461677119578717524b127d6d5","name":"Sebastian","image":{"@type":"ImageObject","inLanguage":"es","@id":"https:\/\/secure.gravatar.com\/avatar\/b71bf7481d447dfb9583c7f2798e7cc64de6efb9067b74633ed8c31059a3bd82?s=96&d=mm&r=g","url":"https:\/\/secure.gravatar.com\/avatar\/b71bf7481d447dfb9583c7f2798e7cc64de6efb9067b74633ed8c31059a3bd82?s=96&d=mm&r=g","contentUrl":"https:\/\/secure.gravatar.com\/avatar\/b71bf7481d447dfb9583c7f2798e7cc64de6efb9067b74633ed8c31059a3bd82?s=96&d=mm&r=g","caption":"Sebastian"},"url":"https:\/\/informelitoral.com.ar\/author\/sebastian\/"}]}},"_links":{"self":[{"href":"https:\/\/informelitoral.com.ar\/%77%70%2d%6a%73%6f%6e\/wp\/v2\/posts\/234124","targetHints":{"allow":["GET"]}}],"collection":[{"href":"https:\/\/informelitoral.com.ar\/%77%70%2d%6a%73%6f%6e\/wp\/v2\/posts"}],"about":[{"href":"https:\/\/informelitoral.com.ar\/%77%70%2d%6a%73%6f%6e\/wp\/v2\/types\/post"}],"author":[{"embeddable":true,"href":"https:\/\/informelitoral.com.ar\/%77%70%2d%6a%73%6f%6e\/wp\/v2\/users\/8"}],"replies":[{"embeddable":true,"href":"https:\/\/informelitoral.com.ar\/%77%70%2d%6a%73%6f%6e\/wp\/v2\/comments?post=234124"}],"version-history":[{"count":3,"href":"https:\/\/informelitoral.com.ar\/%77%70%2d%6a%73%6f%6e\/wp\/v2\/posts\/234124\/revisions"}],"predecessor-version":[{"id":234138,"href":"https:\/\/informelitoral.com.ar\/%77%70%2d%6a%73%6f%6e\/wp\/v2\/posts\/234124\/revisions\/234138"}],"wp:featuredmedia":[{"embeddable":true,"href":"https:\/\/informelitoral.com.ar\/%77%70%2d%6a%73%6f%6e\/wp\/v2\/media\/234126"}],"wp:attachment":[{"href":"https:\/\/informelitoral.com.ar\/%77%70%2d%6a%73%6f%6e\/wp\/v2\/media?parent=234124"}],"wp:term":[{"taxonomy":"category","embeddable":true,"href":"https:\/\/informelitoral.com.ar\/%77%70%2d%6a%73%6f%6e\/wp\/v2\/categories?post=234124"},{"taxonomy":"post_tag","embeddable":true,"href":"https:\/\/informelitoral.com.ar\/%77%70%2d%6a%73%6f%6e\/wp\/v2\/tags?post=234124"}],"curies":[{"name":"wp","href":"https:\/\/api.w.org\/{rel}","templated":true}]}}