{"id":234114,"date":"2025-09-17T10:06:28","date_gmt":"2025-09-17T13:06:28","guid":{"rendered":"https:\/\/informelitoral.com.ar\/?p=234114"},"modified":"2025-09-17T10:07:17","modified_gmt":"2025-09-17T13:07:17","slug":"234114-2","status":"publish","type":"post","link":"https:\/\/informelitoral.com.ar\/234114-2\/","title":{"rendered":"River y Palmeiras se enfrentan en un duelo de gigantes por la Copa Libertadores"},"content":{"rendered":"<div id=\"chat-history\" class=\"chat-history-scroll-container\">\n<div id=\"c24f5ff0689e71fa\" class=\"conversation-container message-actions-hover-boundary ng-star-inserted\">\n<div class=\"response-container ng-tns-c3102421021-59 response-container-with-gpi ng-star-inserted response-container-has-multiple-responses\" data-hveid=\"1\">\n<div class=\"presented-response-container ng-tns-c3102421021-59\">\n<div class=\"response-container-content ng-tns-c3102421021-59\">\n<div class=\"response-content ng-tns-c3102421021-59\">\n<div id=\"model-response-message-contentr_c24f5ff0689e71fa\" class=\"markdown markdown-main-panel enable-updated-hr-color\" dir=\"ltr\">\n<p>River Plate se prepara para un desaf\u00edo de alta envergadura al enfrentarse a Palmeiras de Brasil, uno de los candidatos al t\u00edtulo, por el partido de ida de los cuartos de final de la Copa Libertadores. El encuentro se disputar\u00e1 este mi\u00e9rcoles a las 21:30 en el estadio Monumental. El equipo de Marcelo Gallardo buscar\u00e1 sacar ventaja de local para definir la serie en Brasil.<\/p>\n<p>El t\u00e9cnico de River, <b>Marcelo Gallardo<\/b>, debe resolver algunas inc\u00f3gnitas en el once titular. La principal duda reside en la defensa central, donde la dupla podr\u00eda estar conformada por Lucas Mart\u00ednez Quarta y Lautaro Rivero. En el mediocampo, la ausencia de Giuliano Galoppo ser\u00e1 cubierta por Kevin Casta\u00f1o. El regreso de Gonzalo Montiel por Fabricio Bustos es otra de las variantes confirmadas.<\/p>\n<p>Por su parte, el equipo brasile\u00f1o, dirigido por <b>Abel Ferreira<\/b>, llega en un gran momento, siendo el \u00fanico escolta en el campeonato local y con un poder\u00edo ofensivo demostrado en la Copa. El t\u00e9cnico tiene dos dudas en la formaci\u00f3n, una en el lateral, donde Agust\u00edn Giay compite con Khellven, y en el mediocampo, con Andreas Pereira como posible reemplazo de Lucas Evangelista.<\/p>\n<p>El encuentro entre River y Palmeiras promete ser un duelo de estilos y un partido de alta tensi\u00f3n. El ganador de esta serie se enfrentar\u00e1 en semifinales al vencedor de la llave entre San Pablo y Liga de Quito.<\/p>\n<p>Los datos clave del partido:<\/p>\n<ul>\n<li><b>Hora:<\/b> 21:30<\/li>\n<li><b>TV:<\/b> FOX Sports, Telefe, Disney +<\/li>\n<li><b>\u00c1rbitro:<\/b> Jes\u00fas Valenzuela (VEN)<\/li>\n<li><b>Estadio:<\/b> Monumental<\/li>\n<\/ul>\n<p><b>Posible formaci\u00f3n de River:<\/b> Franco Armani; Lucas Mart\u00ednez Quarta o Paulo D\u00edaz, Juan Carlos Portillo, Lautaro Rivero; Gonzalo Montiel, Kevin Casta\u00f1o, Enzo P\u00e9rez, Ignacio Fern\u00e1ndez, Marcos Acu\u00f1a; Sebasti\u00e1n Driussi y Maximiliano Salas. <b>DT:<\/b> Marcelo Gallardo.<\/p>\n<p><b>Posible formaci\u00f3n de Palmeiras:<\/b> Weverton; Agust\u00edn Giay o Khellven, Gustravo G\u00f3mez, Murilo Cerqueira, Joaqu\u00edn Piquerez; An\u00edbal Moreno, Lucas Evangelista o Andreas Pereira, Mauricio; Jos\u00e9 Manuel L\u00f3pez, V\u00edtor Roque y Felipe Anderson. <b>DT:<\/b> Abel Ferreira.<\/p>\n<\/div>\n<div class=\"response-footer gap complete\"><\/div>\n<\/div>\n<\/div>\n<\/div>\n<\/div>\n<\/div>\n<\/div>\n","protected":false},"excerpt":{"rendered":"<p>El equipo de Marcelo Gallardo recibe al l\u00edder del Brasileirao en el Monumental por el partido de ida de los cuartos de final.<\/p>\n","protected":false},"author":8,"featured_media":234115,"comment_status":"open","ping_status":"open","sticky":false,"template":"","format":"standard","meta":{"fifu_image_url":"https:\/\/www.ole.com.ar\/images\/2025\/09\/16\/zAZ1rgFeA_1200x630__1.jpg","fifu_image_alt":"","footnotes":""},"categories":[13],"tags":[400,3528],"class_list":{"0":"post-234114","1":"post","2":"type-post","3":"status-publish","4":"format-standard","5":"has-post-thumbnail","7":"category-deportes","8":"tag-copa-libertadores","9":"tag-river-plate"},"yoast_head":"<title>River y Palmeiras se enfrentan en un duelo de gigantes por la Copa Libertadores - Informe Litoral<\/title>\n<meta name=\"robots\" content=\"index, follow, max-snippet:-1, max-image-preview:large, max-video-preview:-1\" \/>\n<link rel=\"canonical\" href=\"https:\/\/informelitoral.com.ar\/234114-2\/\" \/>\n<meta property=\"og:locale\" content=\"es_ES\" \/>\n<meta property=\"og:type\" content=\"article\" \/>\n<meta property=\"og:title\" content=\"River y Palmeiras se enfrentan en un duelo de gigantes por la Copa Libertadores - Informe Litoral\" \/>\n<meta property=\"og:description\" content=\"El equipo de Marcelo Gallardo recibe al l\u00edder del Brasileirao en el Monumental por el partido de ida de los cuartos de final.\" \/>\n<meta property=\"og:url\" content=\"https:\/\/informelitoral.com.ar\/234114-2\/\" \/>\n<meta property=\"og:site_name\" content=\"Informe Litoral\" \/>\n<meta property=\"article:publisher\" content=\"https:\/\/www.facebook.com\/informelitoral\/\" \/>\n<meta property=\"article:published_time\" content=\"2025-09-17T13:06:28+00:00\" \/>\n<meta property=\"article:modified_time\" content=\"2025-09-17T13:07:17+00:00\" \/>\n<meta property=\"og:image\" content=\"https:\/\/www.ole.com.ar\/images\/2025\/09\/16\/zAZ1rgFeA_1200x630__1.jpg\" \/><meta property=\"og:image\" content=\"https:\/\/www.ole.com.ar\/images\/2025\/09\/16\/zAZ1rgFeA_1200x630__1.jpg\" \/>\n\t<meta property=\"og:image:width\" content=\"1200\" \/>\n\t<meta property=\"og:image:height\" content=\"630\" \/>\n\t<meta property=\"og:image:type\" content=\"image\/jpeg\" \/>\n<meta name=\"author\" content=\"Sebastian\" \/>\n<meta name=\"twitter:card\" content=\"summary_large_image\" \/>\n<meta name=\"twitter:image\" content=\"https:\/\/www.ole.com.ar\/images\/2025\/09\/16\/zAZ1rgFeA_1200x630__1.jpg\" \/>\n<meta name=\"twitter:creator\" content=\"@InformeLitoral\" \/>\n<meta name=\"twitter:site\" content=\"@InformeLitoral\" \/>\n<meta name=\"twitter:label1\" content=\"Escrito por\" \/>\n\t<meta name=\"twitter:data1\" content=\"Sebastian\" \/>\n\t<meta name=\"twitter:label2\" content=\"Tiempo de lectura\" \/>\n\t<meta name=\"twitter:data2\" content=\"2 minutos\" \/>\n<script type=\"application\/ld+json\" class=\"yoast-schema-graph\">{\"@context\":\"https:\\\/\\\/schema.org\",\"@graph\":[{\"@type\":\"Article\",\"@id\":\"https:\\\/\\\/informelitoral.com.ar\\\/234114-2\\\/#article\",\"isPartOf\":{\"@id\":\"https:\\\/\\\/informelitoral.com.ar\\\/234114-2\\\/\"},\"author\":{\"name\":\"Sebastian\",\"@id\":\"https:\\\/\\\/informelitoral.com.ar\\\/#\\\/schema\\\/person\\\/f05f9f461677119578717524b127d6d5\"},\"headline\":\"River y Palmeiras se enfrentan en un duelo de gigantes por la Copa Libertadores\",\"datePublished\":\"2025-09-17T13:06:28+00:00\",\"dateModified\":\"2025-09-17T13:07:17+00:00\",\"mainEntityOfPage\":{\"@id\":\"https:\\\/\\\/informelitoral.com.ar\\\/234114-2\\\/\"},\"wordCount\":358,\"commentCount\":0,\"publisher\":{\"@id\":\"https:\\\/\\\/informelitoral.com.ar\\\/#organization\"},\"image\":{\"@id\":\"https:\\\/\\\/informelitoral.com.ar\\\/234114-2\\\/#primaryimage\"},\"thumbnailUrl\":\"https:\\\/\\\/www.ole.com.ar\\\/images\\\/2025\\\/09\\\/16\\\/zAZ1rgFeA_1200x630__1.jpg\",\"keywords\":[\"Copa Libertadores\",\"River Plate\"],\"articleSection\":[\"Deportes\"],\"inLanguage\":\"es\",\"potentialAction\":[{\"@type\":\"CommentAction\",\"name\":\"Comment\",\"target\":[\"https:\\\/\\\/informelitoral.com.ar\\\/234114-2\\\/#respond\"]}]},{\"@type\":\"WebPage\",\"@id\":\"https:\\\/\\\/informelitoral.com.ar\\\/234114-2\\\/\",\"url\":\"https:\\\/\\\/informelitoral.com.ar\\\/234114-2\\\/\",\"name\":\"River y Palmeiras se enfrentan en un duelo de gigantes por la Copa Libertadores - Informe Litoral\",\"isPartOf\":{\"@id\":\"https:\\\/\\\/informelitoral.com.ar\\\/#website\"},\"primaryImageOfPage\":{\"@id\":\"https:\\\/\\\/informelitoral.com.ar\\\/234114-2\\\/#primaryimage\"},\"image\":{\"@id\":\"https:\\\/\\\/informelitoral.com.ar\\\/234114-2\\\/#primaryimage\"},\"thumbnailUrl\":\"https:\\\/\\\/www.ole.com.ar\\\/images\\\/2025\\\/09\\\/16\\\/zAZ1rgFeA_1200x630__1.jpg\",\"datePublished\":\"2025-09-17T13:06:28+00:00\",\"dateModified\":\"2025-09-17T13:07:17+00:00\",\"breadcrumb\":{\"@id\":\"https:\\\/\\\/informelitoral.com.ar\\\/234114-2\\\/#breadcrumb\"},\"inLanguage\":\"es\",\"potentialAction\":[{\"@type\":\"ReadAction\",\"target\":[\"https:\\\/\\\/informelitoral.com.ar\\\/234114-2\\\/\"]}]},{\"@type\":\"ImageObject\",\"inLanguage\":\"es\",\"@id\":\"https:\\\/\\\/informelitoral.com.ar\\\/234114-2\\\/#primaryimage\",\"url\":\"https:\\\/\\\/www.ole.com.ar\\\/images\\\/2025\\\/09\\\/16\\\/zAZ1rgFeA_1200x630__1.jpg\",\"contentUrl\":\"https:\\\/\\\/www.ole.com.ar\\\/images\\\/2025\\\/09\\\/16\\\/zAZ1rgFeA_1200x630__1.jpg\",\"width\":\"1200\",\"height\":\"630\"},{\"@type\":\"BreadcrumbList\",\"@id\":\"https:\\\/\\\/informelitoral.com.ar\\\/234114-2\\\/#breadcrumb\",\"itemListElement\":[{\"@type\":\"ListItem\",\"position\":1,\"name\":\"Portada\",\"item\":\"https:\\\/\\\/informelitoral.com.ar\\\/\"},{\"@type\":\"ListItem\",\"position\":2,\"name\":\"River y Palmeiras se enfrentan en un duelo de gigantes por la Copa Libertadores\"}]},{\"@type\":\"WebSite\",\"@id\":\"https:\\\/\\\/informelitoral.com.ar\\\/#website\",\"url\":\"https:\\\/\\\/informelitoral.com.ar\\\/\",\"name\":\"Informe Litoral\",\"description\":\"&quot;Nos informamos&quot; \",\"publisher\":{\"@id\":\"https:\\\/\\\/informelitoral.com.ar\\\/#organization\"},\"potentialAction\":[{\"@type\":\"SearchAction\",\"target\":{\"@type\":\"EntryPoint\",\"urlTemplate\":\"https:\\\/\\\/informelitoral.com.ar\\\/?s={search_term_string}\"},\"query-input\":{\"@type\":\"PropertyValueSpecification\",\"valueRequired\":true,\"valueName\":\"search_term_string\"}}],\"inLanguage\":\"es\"},{\"@type\":\"Organization\",\"@id\":\"https:\\\/\\\/informelitoral.com.ar\\\/#organization\",\"name\":\"Informe Litoral\",\"url\":\"https:\\\/\\\/informelitoral.com.ar\\\/\",\"logo\":{\"@type\":\"ImageObject\",\"inLanguage\":\"es\",\"@id\":\"https:\\\/\\\/informelitoral.com.ar\\\/#\\\/schema\\\/logo\\\/image\\\/\",\"url\":\"https:\\\/\\\/informelitoral.com.ar\\\/%77%70%2d%63%6f%6e%74%65%6e%74\\\/uploads\\\/2021\\\/01\\\/circulo.png\",\"contentUrl\":\"https:\\\/\\\/informelitoral.com.ar\\\/%77%70%2d%63%6f%6e%74%65%6e%74\\\/uploads\\\/2021\\\/01\\\/circulo.png\",\"width\":723,\"height\":731,\"caption\":\"Informe Litoral\"},\"image\":{\"@id\":\"https:\\\/\\\/informelitoral.com.ar\\\/#\\\/schema\\\/logo\\\/image\\\/\"},\"sameAs\":[\"https:\\\/\\\/www.facebook.com\\\/informelitoral\\\/\",\"https:\\\/\\\/x.com\\\/InformeLitoral\",\"https:\\\/\\\/www.instagram.com\\\/informelitoral\\\/\",\"https:\\\/\\\/www.youtube.com\\\/channel\\\/UCua4Qvz8Icb6MYqhoq9xLXw\"]},{\"@type\":\"Person\",\"@id\":\"https:\\\/\\\/informelitoral.com.ar\\\/#\\\/schema\\\/person\\\/f05f9f461677119578717524b127d6d5\",\"name\":\"Sebastian\",\"image\":{\"@type\":\"ImageObject\",\"inLanguage\":\"es\",\"@id\":\"https:\\\/\\\/secure.gravatar.com\\\/avatar\\\/b71bf7481d447dfb9583c7f2798e7cc64de6efb9067b74633ed8c31059a3bd82?s=96&d=mm&r=g\",\"url\":\"https:\\\/\\\/secure.gravatar.com\\\/avatar\\\/b71bf7481d447dfb9583c7f2798e7cc64de6efb9067b74633ed8c31059a3bd82?s=96&d=mm&r=g\",\"contentUrl\":\"https:\\\/\\\/secure.gravatar.com\\\/avatar\\\/b71bf7481d447dfb9583c7f2798e7cc64de6efb9067b74633ed8c31059a3bd82?s=96&d=mm&r=g\",\"caption\":\"Sebastian\"},\"url\":\"https:\\\/\\\/informelitoral.com.ar\\\/author\\\/sebastian\\\/\"}]}<\/script>","yoast_head_json":{"title":"River y Palmeiras se enfrentan en un duelo de gigantes por la Copa Libertadores - Informe Litoral","robots":{"index":"index","follow":"follow","max-snippet":"max-snippet:-1","max-image-preview":"max-image-preview:large","max-video-preview":"max-video-preview:-1"},"canonical":"https:\/\/informelitoral.com.ar\/234114-2\/","og_locale":"es_ES","og_type":"article","og_title":"River y Palmeiras se enfrentan en un duelo de gigantes por la Copa Libertadores - Informe Litoral","og_description":"El equipo de Marcelo Gallardo recibe al l\u00edder del Brasileirao en el Monumental por el partido de ida de los cuartos de final.","og_url":"https:\/\/informelitoral.com.ar\/234114-2\/","og_site_name":"Informe Litoral","article_publisher":"https:\/\/www.facebook.com\/informelitoral\/","article_published_time":"2025-09-17T13:06:28+00:00","article_modified_time":"2025-09-17T13:07:17+00:00","og_image":[{"url":"https:\/\/www.ole.com.ar\/images\/2025\/09\/16\/zAZ1rgFeA_1200x630__1.jpg","type":"","width":"","height":""},{"width":1200,"height":630,"url":"https:\/\/www.ole.com.ar\/images\/2025\/09\/16\/zAZ1rgFeA_1200x630__1.jpg","type":"image\/jpeg"}],"author":"Sebastian","twitter_card":"summary_large_image","twitter_image":"https:\/\/www.ole.com.ar\/images\/2025\/09\/16\/zAZ1rgFeA_1200x630__1.jpg","twitter_creator":"@InformeLitoral","twitter_site":"@InformeLitoral","twitter_misc":{"Escrito por":"Sebastian","Tiempo de lectura":"2 minutos"},"schema":{"@context":"https:\/\/schema.org","@graph":[{"@type":"Article","@id":"https:\/\/informelitoral.com.ar\/234114-2\/#article","isPartOf":{"@id":"https:\/\/informelitoral.com.ar\/234114-2\/"},"author":{"name":"Sebastian","@id":"https:\/\/informelitoral.com.ar\/#\/schema\/person\/f05f9f461677119578717524b127d6d5"},"headline":"River y Palmeiras se enfrentan en un duelo de gigantes por la Copa Libertadores","datePublished":"2025-09-17T13:06:28+00:00","dateModified":"2025-09-17T13:07:17+00:00","mainEntityOfPage":{"@id":"https:\/\/informelitoral.com.ar\/234114-2\/"},"wordCount":358,"commentCount":0,"publisher":{"@id":"https:\/\/informelitoral.com.ar\/#organization"},"image":{"@id":"https:\/\/informelitoral.com.ar\/234114-2\/#primaryimage"},"thumbnailUrl":"https:\/\/www.ole.com.ar\/images\/2025\/09\/16\/zAZ1rgFeA_1200x630__1.jpg","keywords":["Copa Libertadores","River Plate"],"articleSection":["Deportes"],"inLanguage":"es","potentialAction":[{"@type":"CommentAction","name":"Comment","target":["https:\/\/informelitoral.com.ar\/234114-2\/#respond"]}]},{"@type":"WebPage","@id":"https:\/\/informelitoral.com.ar\/234114-2\/","url":"https:\/\/informelitoral.com.ar\/234114-2\/","name":"River y Palmeiras se enfrentan en un duelo de gigantes por la Copa Libertadores - Informe Litoral","isPartOf":{"@id":"https:\/\/informelitoral.com.ar\/#website"},"primaryImageOfPage":{"@id":"https:\/\/informelitoral.com.ar\/234114-2\/#primaryimage"},"image":{"@id":"https:\/\/informelitoral.com.ar\/234114-2\/#primaryimage"},"thumbnailUrl":"https:\/\/www.ole.com.ar\/images\/2025\/09\/16\/zAZ1rgFeA_1200x630__1.jpg","datePublished":"2025-09-17T13:06:28+00:00","dateModified":"2025-09-17T13:07:17+00:00","breadcrumb":{"@id":"https:\/\/informelitoral.com.ar\/234114-2\/#breadcrumb"},"inLanguage":"es","potentialAction":[{"@type":"ReadAction","target":["https:\/\/informelitoral.com.ar\/234114-2\/"]}]},{"@type":"ImageObject","inLanguage":"es","@id":"https:\/\/informelitoral.com.ar\/234114-2\/#primaryimage","url":"https:\/\/www.ole.com.ar\/images\/2025\/09\/16\/zAZ1rgFeA_1200x630__1.jpg","contentUrl":"https:\/\/www.ole.com.ar\/images\/2025\/09\/16\/zAZ1rgFeA_1200x630__1.jpg","width":"1200","height":"630"},{"@type":"BreadcrumbList","@id":"https:\/\/informelitoral.com.ar\/234114-2\/#breadcrumb","itemListElement":[{"@type":"ListItem","position":1,"name":"Portada","item":"https:\/\/informelitoral.com.ar\/"},{"@type":"ListItem","position":2,"name":"River y Palmeiras se enfrentan en un duelo de gigantes por la Copa Libertadores"}]},{"@type":"WebSite","@id":"https:\/\/informelitoral.com.ar\/#website","url":"https:\/\/informelitoral.com.ar\/","name":"Informe Litoral","description":"&quot;Nos informamos&quot; ","publisher":{"@id":"https:\/\/informelitoral.com.ar\/#organization"},"potentialAction":[{"@type":"SearchAction","target":{"@type":"EntryPoint","urlTemplate":"https:\/\/informelitoral.com.ar\/?s={search_term_string}"},"query-input":{"@type":"PropertyValueSpecification","valueRequired":true,"valueName":"search_term_string"}}],"inLanguage":"es"},{"@type":"Organization","@id":"https:\/\/informelitoral.com.ar\/#organization","name":"Informe Litoral","url":"https:\/\/informelitoral.com.ar\/","logo":{"@type":"ImageObject","inLanguage":"es","@id":"https:\/\/informelitoral.com.ar\/#\/schema\/logo\/image\/","url":"https:\/\/informelitoral.com.ar\/%77%70%2d%63%6f%6e%74%65%6e%74\/uploads\/2021\/01\/circulo.png","contentUrl":"https:\/\/informelitoral.com.ar\/%77%70%2d%63%6f%6e%74%65%6e%74\/uploads\/2021\/01\/circulo.png","width":723,"height":731,"caption":"Informe Litoral"},"image":{"@id":"https:\/\/informelitoral.com.ar\/#\/schema\/logo\/image\/"},"sameAs":["https:\/\/www.facebook.com\/informelitoral\/","https:\/\/x.com\/InformeLitoral","https:\/\/www.instagram.com\/informelitoral\/","https:\/\/www.youtube.com\/channel\/UCua4Qvz8Icb6MYqhoq9xLXw"]},{"@type":"Person","@id":"https:\/\/informelitoral.com.ar\/#\/schema\/person\/f05f9f461677119578717524b127d6d5","name":"Sebastian","image":{"@type":"ImageObject","inLanguage":"es","@id":"https:\/\/secure.gravatar.com\/avatar\/b71bf7481d447dfb9583c7f2798e7cc64de6efb9067b74633ed8c31059a3bd82?s=96&d=mm&r=g","url":"https:\/\/secure.gravatar.com\/avatar\/b71bf7481d447dfb9583c7f2798e7cc64de6efb9067b74633ed8c31059a3bd82?s=96&d=mm&r=g","contentUrl":"https:\/\/secure.gravatar.com\/avatar\/b71bf7481d447dfb9583c7f2798e7cc64de6efb9067b74633ed8c31059a3bd82?s=96&d=mm&r=g","caption":"Sebastian"},"url":"https:\/\/informelitoral.com.ar\/author\/sebastian\/"}]}},"fifu_image_url":"https:\/\/www.ole.com.ar\/images\/2025\/09\/16\/zAZ1rgFeA_1200x630__1.jpg","_links":{"self":[{"href":"https:\/\/informelitoral.com.ar\/%77%70%2d%6a%73%6f%6e\/wp\/v2\/posts\/234114","targetHints":{"allow":["GET"]}}],"collection":[{"href":"https:\/\/informelitoral.com.ar\/%77%70%2d%6a%73%6f%6e\/wp\/v2\/posts"}],"about":[{"href":"https:\/\/informelitoral.com.ar\/%77%70%2d%6a%73%6f%6e\/wp\/v2\/types\/post"}],"author":[{"embeddable":true,"href":"https:\/\/informelitoral.com.ar\/%77%70%2d%6a%73%6f%6e\/wp\/v2\/users\/8"}],"replies":[{"embeddable":true,"href":"https:\/\/informelitoral.com.ar\/%77%70%2d%6a%73%6f%6e\/wp\/v2\/comments?post=234114"}],"version-history":[{"count":2,"href":"https:\/\/informelitoral.com.ar\/%77%70%2d%6a%73%6f%6e\/wp\/v2\/posts\/234114\/revisions"}],"predecessor-version":[{"id":234117,"href":"https:\/\/informelitoral.com.ar\/%77%70%2d%6a%73%6f%6e\/wp\/v2\/posts\/234114\/revisions\/234117"}],"wp:featuredmedia":[{"embeddable":true,"href":"https:\/\/informelitoral.com.ar\/%77%70%2d%6a%73%6f%6e\/wp\/v2\/media\/234115"}],"wp:attachment":[{"href":"https:\/\/informelitoral.com.ar\/%77%70%2d%6a%73%6f%6e\/wp\/v2\/media?parent=234114"}],"wp:term":[{"taxonomy":"category","embeddable":true,"href":"https:\/\/informelitoral.com.ar\/%77%70%2d%6a%73%6f%6e\/wp\/v2\/categories?post=234114"},{"taxonomy":"post_tag","embeddable":true,"href":"https:\/\/informelitoral.com.ar\/%77%70%2d%6a%73%6f%6e\/wp\/v2\/tags?post=234114"}],"curies":[{"name":"wp","href":"https:\/\/api.w.org\/{rel}","templated":true}]}}