{"id":2339,"date":"2013-07-04T12:47:59","date_gmt":"2013-07-04T15:47:59","guid":{"rendered":"http:\/\/www.isletasnoticias.com.ar\/?p=2339"},"modified":"2013-07-04T12:47:59","modified_gmt":"2013-07-04T15:47:59","slug":"buenos-aires-fue-elegida-por-el-coi-como-sede-olimpica-juvenil-2018","status":"publish","type":"post","link":"https:\/\/informelitoral.com.ar\/buenos-aires-fue-elegida-por-el-coi-como-sede-olimpica-juvenil-2018\/","title":{"rendered":"Buenos Aires fue elegida por el COI como sede ol\u00edmpica juvenil 2018"},"content":{"rendered":"<div>\n<p><strong>La Argentina ser\u00e1 ol\u00edmpica por primera vez. Su capital organizar\u00e1 los terceros juegos de la juventud. El anuncio se hizo en Suiza, ante la presencia de\u00a0Werthein, Macri, y\u00a0Morresi.<\/strong><\/p>\n<\/div>\n<div>\n<p style=\"text-align: center;\"><a href=\"http:\/\/www.isletasnoticias.com.ar\/%77%70%2d%63%6f%6e%74%65%6e%74\/uploads\/2013\/07\/bs-as.jpg\"><img loading=\"lazy\" decoding=\"async\" class=\"size-full wp-image-2340 aligncenter\" alt=\"bs as\" src=\"http:\/\/www.isletasnoticias.com.ar\/%77%70%2d%63%6f%6e%74%65%6e%74\/uploads\/2013\/07\/bs-as.jpg\" width=\"291\" height=\"218\" \/><\/a><\/p>\n<p>El Comit\u00e9 Ol\u00edmpico Internacional (COI) eligi\u00f3 hoy a Buenos Aires como sede de los Juegos Ol\u00edmpicos de la Juventud 2018, imponi\u00e9ndose as\u00ed la candidatura de la capital argentina a las ciudades de Medell\u00edn y Glasgow.<\/p>\n<p>Buenos Aires domin\u00f3 en las dos votaciones: en la primera sac\u00f3 40 votos, contra 32 de Medell\u00edn, y qued\u00f3 eliminada Glasgow, con 13 adhesiones, mientras que en la \u00faltima le gan\u00f3 a Medell\u00edn por 49 sufragios contra 39, seg\u00fan inform\u00f3 el Comit\u00e9 Ol\u00edmpico Internacional (COI) en su p\u00e1gina web.<\/p>\n<p>El anuncio fue hecho por <strong>Jacques Rogge<\/strong>, presidente del COI y en la ceremonia estuvieron presentes\u00a0<strong>Gerardo Werthein,<\/strong>\u00a0titular del Comit\u00e9 Ol\u00edmpico Argentino, el jefe de gobierno porte\u00f1o,\u00a0<strong>Mauricio Macri,<\/strong>\u00a0el Secretario de Deportes de la Naci\u00f3n,\u00a0<strong>Gerardo Morresi<\/strong>\u00a0y de <strong>Agust\u00edn Pichot,<\/strong>\u00a0integrante de la comitiva argentina.<\/p>\n<p>La de 2018 ser\u00e1 la tercera edici\u00f3n de los Juegos Ol\u00edmpicos de la Juventud de Verano habi\u00e9ndose celebrad las anteriores en Singapur (2010) y en la china Nank\u00edn (2020).<\/p>\n<p>Buenos Aires fue elegida luego de que la Comisi\u00f3n de Evaluaci\u00f3n de COI tuviera en cuenta puntos clave de la propuesta como los siguientes:<\/p>\n<p>\u2022 Buenos Aires como una ciudad capital vibrante, juvenil, divertida y segura<\/p>\n<p>\u2022 Una ciudad en la que se puede confiar para que organice JOJ en tiempo y conforme al presupuesto<\/p>\n<p>\u2022 Una ciudad deportiva globalmente reconocida, famosa tambi\u00e9n por su cultura y arte<\/p>\n<p>\u2022 Un Plan para los Juegos hecho a medida para un rendimiento \u00f3ptimo y alegr\u00eda m\u00e1xima<\/p>\n<p>\u2022 Una ciudad que conecta a la juventud con el deporte ol\u00edmpico mediante la tecnolog\u00eda digital<\/p>\n<p>\u2022 Una plataforma para desarrollar los JOJ y ofrecer una verdadera innovaci\u00f3n comercial<\/p>\n<p>\u2022 Una ciudad comprometida a desarrollar el Olimpismo en Argentina, Sudam\u00e9rica y el mundo<\/p>\n<p>Para conocer m\u00e1s sobre la candidatura de Buenos Aires ingrese al siguiente enlace:\u00a0<a href=\"http:\/\/www.jojba2018.org\/\">http:\/\/www.jojba2018.org\/<\/a><\/p>\n<p>Fuente: Infobae.com.<\/p>\n<\/div>\n","protected":false},"excerpt":{"rendered":"<p>La Argentina ser&aacute; ol&iacute;mpica por primera vez. Su capital organizar&aacute; los terceros juegos de la juventud. El anuncio se hizo en Suiza, ante la presencia de&nbsp;Werthein, Macri, y&nbsp;Morresi. El Comit&eacute; Ol&iacute;mpico Internacional (COI) eligi&oacute; hoy a Buenos Aires como sede de los Juegos Ol&iacute;mpicos de la Juventud 2018, imponi&eacute;ndose as&iacute; la candidatura de la capital [&hellip;]<\/p>\n","protected":false},"author":2,"featured_media":0,"comment_status":"open","ping_status":"open","sticky":false,"template":"","format":"standard","meta":{"fifu_image_url":"","fifu_image_alt":"","footnotes":""},"categories":[13],"tags":[],"class_list":{"0":"post-2339","1":"post","2":"type-post","3":"status-publish","4":"format-standard","6":"category-deportes"},"yoast_head":"<title>Buenos Aires fue elegida por el COI como sede ol\u00edmpica juvenil 2018 - Informe Litoral<\/title>\n<meta name=\"robots\" content=\"index, follow, max-snippet:-1, max-image-preview:large, max-video-preview:-1\" \/>\n<link rel=\"canonical\" href=\"https:\/\/informelitoral.com.ar\/buenos-aires-fue-elegida-por-el-coi-como-sede-olimpica-juvenil-2018\/\" \/>\n<meta property=\"og:locale\" content=\"es_ES\" \/>\n<meta property=\"og:type\" content=\"article\" \/>\n<meta property=\"og:title\" content=\"Buenos Aires fue elegida por el COI como sede ol\u00edmpica juvenil 2018 - Informe Litoral\" \/>\n<meta property=\"og:description\" content=\"La Argentina ser&aacute; ol&iacute;mpica por primera vez. Su capital organizar&aacute; los terceros juegos de la juventud. El anuncio se hizo en Suiza, ante la presencia de&nbsp;Werthein, Macri, y&nbsp;Morresi. El Comit&eacute; Ol&iacute;mpico Internacional (COI) eligi&oacute; hoy a Buenos Aires como sede de los Juegos Ol&iacute;mpicos de la Juventud 2018, imponi&eacute;ndose as&iacute; la candidatura de la capital [&hellip;]\" \/>\n<meta property=\"og:url\" content=\"https:\/\/informelitoral.com.ar\/buenos-aires-fue-elegida-por-el-coi-como-sede-olimpica-juvenil-2018\/\" \/>\n<meta property=\"og:site_name\" content=\"Informe Litoral\" \/>\n<meta property=\"article:publisher\" content=\"https:\/\/www.facebook.com\/informelitoral\/\" \/>\n<meta property=\"article:published_time\" content=\"2013-07-04T15:47:59+00:00\" \/>\n<meta property=\"og:image\" content=\"https:\/\/informelitoral.com.ar\/%77%70%2d%63%6f%6e%74%65%6e%74\/uploads\/2013\/07\/bs-as.jpg\" \/>\n\t<meta property=\"og:image:width\" content=\"291\" \/>\n\t<meta property=\"og:image:height\" content=\"218\" \/>\n\t<meta property=\"og:image:type\" content=\"image\/jpeg\" \/>\n<meta name=\"author\" content=\"Gonzalo Schmidt\" \/>\n<meta name=\"twitter:card\" content=\"summary_large_image\" \/>\n<meta name=\"twitter:creator\" content=\"@InformeLitoral\" \/>\n<meta name=\"twitter:site\" content=\"@InformeLitoral\" \/>\n<meta name=\"twitter:label1\" content=\"Escrito por\" \/>\n\t<meta name=\"twitter:data1\" content=\"Gonzalo Schmidt\" \/>\n\t<meta name=\"twitter:label2\" content=\"Tiempo de lectura\" \/>\n\t<meta name=\"twitter:data2\" content=\"2 minutos\" \/>\n<script type=\"application\/ld+json\" class=\"yoast-schema-graph\">{\"@context\":\"https:\\\/\\\/schema.org\",\"@graph\":[{\"@type\":\"Article\",\"@id\":\"https:\\\/\\\/informelitoral.com.ar\\\/buenos-aires-fue-elegida-por-el-coi-como-sede-olimpica-juvenil-2018\\\/#article\",\"isPartOf\":{\"@id\":\"https:\\\/\\\/informelitoral.com.ar\\\/buenos-aires-fue-elegida-por-el-coi-como-sede-olimpica-juvenil-2018\\\/\"},\"author\":{\"name\":\"Gonzalo Schmidt\",\"@id\":\"https:\\\/\\\/informelitoral.com.ar\\\/#\\\/schema\\\/person\\\/b9d00407c836482871ef1d57bf8e3180\"},\"headline\":\"Buenos Aires fue elegida por el COI como sede ol\u00edmpica juvenil 2018\",\"datePublished\":\"2013-07-04T15:47:59+00:00\",\"mainEntityOfPage\":{\"@id\":\"https:\\\/\\\/informelitoral.com.ar\\\/buenos-aires-fue-elegida-por-el-coi-como-sede-olimpica-juvenil-2018\\\/\"},\"wordCount\":362,\"commentCount\":0,\"publisher\":{\"@id\":\"https:\\\/\\\/informelitoral.com.ar\\\/#organization\"},\"image\":{\"@id\":\"https:\\\/\\\/informelitoral.com.ar\\\/buenos-aires-fue-elegida-por-el-coi-como-sede-olimpica-juvenil-2018\\\/#primaryimage\"},\"thumbnailUrl\":\"http:\\\/\\\/www.isletasnoticias.com.ar\\\/%77%70%2d%63%6f%6e%74%65%6e%74\\\/uploads\\\/2013\\\/07\\\/bs-as.jpg\",\"articleSection\":[\"Deportes\"],\"inLanguage\":\"es\",\"potentialAction\":[{\"@type\":\"CommentAction\",\"name\":\"Comment\",\"target\":[\"https:\\\/\\\/informelitoral.com.ar\\\/buenos-aires-fue-elegida-por-el-coi-como-sede-olimpica-juvenil-2018\\\/#respond\"]}]},{\"@type\":\"WebPage\",\"@id\":\"https:\\\/\\\/informelitoral.com.ar\\\/buenos-aires-fue-elegida-por-el-coi-como-sede-olimpica-juvenil-2018\\\/\",\"url\":\"https:\\\/\\\/informelitoral.com.ar\\\/buenos-aires-fue-elegida-por-el-coi-como-sede-olimpica-juvenil-2018\\\/\",\"name\":\"Buenos Aires fue elegida por el COI como sede ol\u00edmpica juvenil 2018 - Informe Litoral\",\"isPartOf\":{\"@id\":\"https:\\\/\\\/informelitoral.com.ar\\\/#website\"},\"primaryImageOfPage\":{\"@id\":\"https:\\\/\\\/informelitoral.com.ar\\\/buenos-aires-fue-elegida-por-el-coi-como-sede-olimpica-juvenil-2018\\\/#primaryimage\"},\"image\":{\"@id\":\"https:\\\/\\\/informelitoral.com.ar\\\/buenos-aires-fue-elegida-por-el-coi-como-sede-olimpica-juvenil-2018\\\/#primaryimage\"},\"thumbnailUrl\":\"http:\\\/\\\/www.isletasnoticias.com.ar\\\/%77%70%2d%63%6f%6e%74%65%6e%74\\\/uploads\\\/2013\\\/07\\\/bs-as.jpg\",\"datePublished\":\"2013-07-04T15:47:59+00:00\",\"breadcrumb\":{\"@id\":\"https:\\\/\\\/informelitoral.com.ar\\\/buenos-aires-fue-elegida-por-el-coi-como-sede-olimpica-juvenil-2018\\\/#breadcrumb\"},\"inLanguage\":\"es\",\"potentialAction\":[{\"@type\":\"ReadAction\",\"target\":[\"https:\\\/\\\/informelitoral.com.ar\\\/buenos-aires-fue-elegida-por-el-coi-como-sede-olimpica-juvenil-2018\\\/\"]}]},{\"@type\":\"ImageObject\",\"inLanguage\":\"es\",\"@id\":\"https:\\\/\\\/informelitoral.com.ar\\\/buenos-aires-fue-elegida-por-el-coi-como-sede-olimpica-juvenil-2018\\\/#primaryimage\",\"url\":\"http:\\\/\\\/www.isletasnoticias.com.ar\\\/%77%70%2d%63%6f%6e%74%65%6e%74\\\/uploads\\\/2013\\\/07\\\/bs-as.jpg\",\"contentUrl\":\"http:\\\/\\\/www.isletasnoticias.com.ar\\\/%77%70%2d%63%6f%6e%74%65%6e%74\\\/uploads\\\/2013\\\/07\\\/bs-as.jpg\"},{\"@type\":\"BreadcrumbList\",\"@id\":\"https:\\\/\\\/informelitoral.com.ar\\\/buenos-aires-fue-elegida-por-el-coi-como-sede-olimpica-juvenil-2018\\\/#breadcrumb\",\"itemListElement\":[{\"@type\":\"ListItem\",\"position\":1,\"name\":\"Portada\",\"item\":\"https:\\\/\\\/informelitoral.com.ar\\\/\"},{\"@type\":\"ListItem\",\"position\":2,\"name\":\"Buenos Aires fue elegida por el COI como sede ol\u00edmpica juvenil 2018\"}]},{\"@type\":\"WebSite\",\"@id\":\"https:\\\/\\\/informelitoral.com.ar\\\/#website\",\"url\":\"https:\\\/\\\/informelitoral.com.ar\\\/\",\"name\":\"Informe Litoral\",\"description\":\"&quot;Nos informamos&quot; \",\"publisher\":{\"@id\":\"https:\\\/\\\/informelitoral.com.ar\\\/#organization\"},\"potentialAction\":[{\"@type\":\"SearchAction\",\"target\":{\"@type\":\"EntryPoint\",\"urlTemplate\":\"https:\\\/\\\/informelitoral.com.ar\\\/?s={search_term_string}\"},\"query-input\":{\"@type\":\"PropertyValueSpecification\",\"valueRequired\":true,\"valueName\":\"search_term_string\"}}],\"inLanguage\":\"es\"},{\"@type\":\"Organization\",\"@id\":\"https:\\\/\\\/informelitoral.com.ar\\\/#organization\",\"name\":\"Informe Litoral\",\"url\":\"https:\\\/\\\/informelitoral.com.ar\\\/\",\"logo\":{\"@type\":\"ImageObject\",\"inLanguage\":\"es\",\"@id\":\"https:\\\/\\\/informelitoral.com.ar\\\/#\\\/schema\\\/logo\\\/image\\\/\",\"url\":\"https:\\\/\\\/informelitoral.com.ar\\\/%77%70%2d%63%6f%6e%74%65%6e%74\\\/uploads\\\/2021\\\/01\\\/circulo.png\",\"contentUrl\":\"https:\\\/\\\/informelitoral.com.ar\\\/%77%70%2d%63%6f%6e%74%65%6e%74\\\/uploads\\\/2021\\\/01\\\/circulo.png\",\"width\":723,\"height\":731,\"caption\":\"Informe Litoral\"},\"image\":{\"@id\":\"https:\\\/\\\/informelitoral.com.ar\\\/#\\\/schema\\\/logo\\\/image\\\/\"},\"sameAs\":[\"https:\\\/\\\/www.facebook.com\\\/informelitoral\\\/\",\"https:\\\/\\\/x.com\\\/InformeLitoral\",\"https:\\\/\\\/www.instagram.com\\\/informelitoral\\\/\",\"https:\\\/\\\/www.youtube.com\\\/channel\\\/UCua4Qvz8Icb6MYqhoq9xLXw\"]},{\"@type\":\"Person\",\"@id\":\"https:\\\/\\\/informelitoral.com.ar\\\/#\\\/schema\\\/person\\\/b9d00407c836482871ef1d57bf8e3180\",\"name\":\"Gonzalo Schmidt\",\"image\":{\"@type\":\"ImageObject\",\"inLanguage\":\"es\",\"@id\":\"https:\\\/\\\/secure.gravatar.com\\\/avatar\\\/31a1a7b66ff2de83bd0e9fd79d026630d2d99e55e8bfe501287647b4fd9743de?s=96&d=mm&r=g\",\"url\":\"https:\\\/\\\/secure.gravatar.com\\\/avatar\\\/31a1a7b66ff2de83bd0e9fd79d026630d2d99e55e8bfe501287647b4fd9743de?s=96&d=mm&r=g\",\"contentUrl\":\"https:\\\/\\\/secure.gravatar.com\\\/avatar\\\/31a1a7b66ff2de83bd0e9fd79d026630d2d99e55e8bfe501287647b4fd9743de?s=96&d=mm&r=g\",\"caption\":\"Gonzalo Schmidt\"},\"description\":\"Sitio web de noticias de la provincia de Entre R\u00edos, Argentina. Informaci\u00f3n y entretenimiento. Informe Litoral, nos informamos.\",\"sameAs\":[\"http:\\\/\\\/www.isletasnoticias.com.ar\"],\"url\":\"https:\\\/\\\/informelitoral.com.ar\\\/author\\\/gonzalo\\\/\"}]}<\/script>","yoast_head_json":{"title":"Buenos Aires fue elegida por el COI como sede ol\u00edmpica juvenil 2018 - Informe Litoral","robots":{"index":"index","follow":"follow","max-snippet":"max-snippet:-1","max-image-preview":"max-image-preview:large","max-video-preview":"max-video-preview:-1"},"canonical":"https:\/\/informelitoral.com.ar\/buenos-aires-fue-elegida-por-el-coi-como-sede-olimpica-juvenil-2018\/","og_locale":"es_ES","og_type":"article","og_title":"Buenos Aires fue elegida por el COI como sede ol\u00edmpica juvenil 2018 - Informe Litoral","og_description":"La Argentina ser&aacute; ol&iacute;mpica por primera vez. Su capital organizar&aacute; los terceros juegos de la juventud. El anuncio se hizo en Suiza, ante la presencia de&nbsp;Werthein, Macri, y&nbsp;Morresi. El Comit&eacute; Ol&iacute;mpico Internacional (COI) eligi&oacute; hoy a Buenos Aires como sede de los Juegos Ol&iacute;mpicos de la Juventud 2018, imponi&eacute;ndose as&iacute; la candidatura de la capital [&hellip;]","og_url":"https:\/\/informelitoral.com.ar\/buenos-aires-fue-elegida-por-el-coi-como-sede-olimpica-juvenil-2018\/","og_site_name":"Informe Litoral","article_publisher":"https:\/\/www.facebook.com\/informelitoral\/","article_published_time":"2013-07-04T15:47:59+00:00","og_image":[{"width":291,"height":218,"url":"https:\/\/informelitoral.com.ar\/%77%70%2d%63%6f%6e%74%65%6e%74\/uploads\/2013\/07\/bs-as.jpg","type":"image\/jpeg"}],"author":"Gonzalo Schmidt","twitter_card":"summary_large_image","twitter_creator":"@InformeLitoral","twitter_site":"@InformeLitoral","twitter_misc":{"Escrito por":"Gonzalo Schmidt","Tiempo de lectura":"2 minutos"},"schema":{"@context":"https:\/\/schema.org","@graph":[{"@type":"Article","@id":"https:\/\/informelitoral.com.ar\/buenos-aires-fue-elegida-por-el-coi-como-sede-olimpica-juvenil-2018\/#article","isPartOf":{"@id":"https:\/\/informelitoral.com.ar\/buenos-aires-fue-elegida-por-el-coi-como-sede-olimpica-juvenil-2018\/"},"author":{"name":"Gonzalo Schmidt","@id":"https:\/\/informelitoral.com.ar\/#\/schema\/person\/b9d00407c836482871ef1d57bf8e3180"},"headline":"Buenos Aires fue elegida por el COI como sede ol\u00edmpica juvenil 2018","datePublished":"2013-07-04T15:47:59+00:00","mainEntityOfPage":{"@id":"https:\/\/informelitoral.com.ar\/buenos-aires-fue-elegida-por-el-coi-como-sede-olimpica-juvenil-2018\/"},"wordCount":362,"commentCount":0,"publisher":{"@id":"https:\/\/informelitoral.com.ar\/#organization"},"image":{"@id":"https:\/\/informelitoral.com.ar\/buenos-aires-fue-elegida-por-el-coi-como-sede-olimpica-juvenil-2018\/#primaryimage"},"thumbnailUrl":"http:\/\/www.isletasnoticias.com.ar\/%77%70%2d%63%6f%6e%74%65%6e%74\/uploads\/2013\/07\/bs-as.jpg","articleSection":["Deportes"],"inLanguage":"es","potentialAction":[{"@type":"CommentAction","name":"Comment","target":["https:\/\/informelitoral.com.ar\/buenos-aires-fue-elegida-por-el-coi-como-sede-olimpica-juvenil-2018\/#respond"]}]},{"@type":"WebPage","@id":"https:\/\/informelitoral.com.ar\/buenos-aires-fue-elegida-por-el-coi-como-sede-olimpica-juvenil-2018\/","url":"https:\/\/informelitoral.com.ar\/buenos-aires-fue-elegida-por-el-coi-como-sede-olimpica-juvenil-2018\/","name":"Buenos Aires fue elegida por el COI como sede ol\u00edmpica juvenil 2018 - Informe Litoral","isPartOf":{"@id":"https:\/\/informelitoral.com.ar\/#website"},"primaryImageOfPage":{"@id":"https:\/\/informelitoral.com.ar\/buenos-aires-fue-elegida-por-el-coi-como-sede-olimpica-juvenil-2018\/#primaryimage"},"image":{"@id":"https:\/\/informelitoral.com.ar\/buenos-aires-fue-elegida-por-el-coi-como-sede-olimpica-juvenil-2018\/#primaryimage"},"thumbnailUrl":"http:\/\/www.isletasnoticias.com.ar\/%77%70%2d%63%6f%6e%74%65%6e%74\/uploads\/2013\/07\/bs-as.jpg","datePublished":"2013-07-04T15:47:59+00:00","breadcrumb":{"@id":"https:\/\/informelitoral.com.ar\/buenos-aires-fue-elegida-por-el-coi-como-sede-olimpica-juvenil-2018\/#breadcrumb"},"inLanguage":"es","potentialAction":[{"@type":"ReadAction","target":["https:\/\/informelitoral.com.ar\/buenos-aires-fue-elegida-por-el-coi-como-sede-olimpica-juvenil-2018\/"]}]},{"@type":"ImageObject","inLanguage":"es","@id":"https:\/\/informelitoral.com.ar\/buenos-aires-fue-elegida-por-el-coi-como-sede-olimpica-juvenil-2018\/#primaryimage","url":"http:\/\/www.isletasnoticias.com.ar\/%77%70%2d%63%6f%6e%74%65%6e%74\/uploads\/2013\/07\/bs-as.jpg","contentUrl":"http:\/\/www.isletasnoticias.com.ar\/%77%70%2d%63%6f%6e%74%65%6e%74\/uploads\/2013\/07\/bs-as.jpg"},{"@type":"BreadcrumbList","@id":"https:\/\/informelitoral.com.ar\/buenos-aires-fue-elegida-por-el-coi-como-sede-olimpica-juvenil-2018\/#breadcrumb","itemListElement":[{"@type":"ListItem","position":1,"name":"Portada","item":"https:\/\/informelitoral.com.ar\/"},{"@type":"ListItem","position":2,"name":"Buenos Aires fue elegida por el COI como sede ol\u00edmpica juvenil 2018"}]},{"@type":"WebSite","@id":"https:\/\/informelitoral.com.ar\/#website","url":"https:\/\/informelitoral.com.ar\/","name":"Informe Litoral","description":"&quot;Nos informamos&quot; ","publisher":{"@id":"https:\/\/informelitoral.com.ar\/#organization"},"potentialAction":[{"@type":"SearchAction","target":{"@type":"EntryPoint","urlTemplate":"https:\/\/informelitoral.com.ar\/?s={search_term_string}"},"query-input":{"@type":"PropertyValueSpecification","valueRequired":true,"valueName":"search_term_string"}}],"inLanguage":"es"},{"@type":"Organization","@id":"https:\/\/informelitoral.com.ar\/#organization","name":"Informe Litoral","url":"https:\/\/informelitoral.com.ar\/","logo":{"@type":"ImageObject","inLanguage":"es","@id":"https:\/\/informelitoral.com.ar\/#\/schema\/logo\/image\/","url":"https:\/\/informelitoral.com.ar\/%77%70%2d%63%6f%6e%74%65%6e%74\/uploads\/2021\/01\/circulo.png","contentUrl":"https:\/\/informelitoral.com.ar\/%77%70%2d%63%6f%6e%74%65%6e%74\/uploads\/2021\/01\/circulo.png","width":723,"height":731,"caption":"Informe Litoral"},"image":{"@id":"https:\/\/informelitoral.com.ar\/#\/schema\/logo\/image\/"},"sameAs":["https:\/\/www.facebook.com\/informelitoral\/","https:\/\/x.com\/InformeLitoral","https:\/\/www.instagram.com\/informelitoral\/","https:\/\/www.youtube.com\/channel\/UCua4Qvz8Icb6MYqhoq9xLXw"]},{"@type":"Person","@id":"https:\/\/informelitoral.com.ar\/#\/schema\/person\/b9d00407c836482871ef1d57bf8e3180","name":"Gonzalo Schmidt","image":{"@type":"ImageObject","inLanguage":"es","@id":"https:\/\/secure.gravatar.com\/avatar\/31a1a7b66ff2de83bd0e9fd79d026630d2d99e55e8bfe501287647b4fd9743de?s=96&d=mm&r=g","url":"https:\/\/secure.gravatar.com\/avatar\/31a1a7b66ff2de83bd0e9fd79d026630d2d99e55e8bfe501287647b4fd9743de?s=96&d=mm&r=g","contentUrl":"https:\/\/secure.gravatar.com\/avatar\/31a1a7b66ff2de83bd0e9fd79d026630d2d99e55e8bfe501287647b4fd9743de?s=96&d=mm&r=g","caption":"Gonzalo Schmidt"},"description":"Sitio web de noticias de la provincia de Entre R\u00edos, Argentina. Informaci\u00f3n y entretenimiento. Informe Litoral, nos informamos.","sameAs":["http:\/\/www.isletasnoticias.com.ar"],"url":"https:\/\/informelitoral.com.ar\/author\/gonzalo\/"}]}},"_links":{"self":[{"href":"https:\/\/informelitoral.com.ar\/%77%70%2d%6a%73%6f%6e\/wp\/v2\/posts\/2339","targetHints":{"allow":["GET"]}}],"collection":[{"href":"https:\/\/informelitoral.com.ar\/%77%70%2d%6a%73%6f%6e\/wp\/v2\/posts"}],"about":[{"href":"https:\/\/informelitoral.com.ar\/%77%70%2d%6a%73%6f%6e\/wp\/v2\/types\/post"}],"author":[{"embeddable":true,"href":"https:\/\/informelitoral.com.ar\/%77%70%2d%6a%73%6f%6e\/wp\/v2\/users\/2"}],"replies":[{"embeddable":true,"href":"https:\/\/informelitoral.com.ar\/%77%70%2d%6a%73%6f%6e\/wp\/v2\/comments?post=2339"}],"version-history":[{"count":0,"href":"https:\/\/informelitoral.com.ar\/%77%70%2d%6a%73%6f%6e\/wp\/v2\/posts\/2339\/revisions"}],"wp:attachment":[{"href":"https:\/\/informelitoral.com.ar\/%77%70%2d%6a%73%6f%6e\/wp\/v2\/media?parent=2339"}],"wp:term":[{"taxonomy":"category","embeddable":true,"href":"https:\/\/informelitoral.com.ar\/%77%70%2d%6a%73%6f%6e\/wp\/v2\/categories?post=2339"},{"taxonomy":"post_tag","embeddable":true,"href":"https:\/\/informelitoral.com.ar\/%77%70%2d%6a%73%6f%6e\/wp\/v2\/tags?post=2339"}],"curies":[{"name":"wp","href":"https:\/\/api.w.org\/{rel}","templated":true}]}}