{"id":233796,"date":"2025-09-14T06:00:05","date_gmt":"2025-09-14T09:00:05","guid":{"rendered":"https:\/\/informelitoral.com.ar\/?p=233796"},"modified":"2025-09-14T11:15:48","modified_gmt":"2025-09-14T14:15:48","slug":"esta-vez-es-distinto","status":"publish","type":"post","link":"https:\/\/informelitoral.com.ar\/esta-vez-es-distinto\/","title":{"rendered":"Esta vez \u00bfes distinto?"},"content":{"rendered":"<ul>\n<li class=\"author__name\"><a href=\"https:\/\/www.perfil.com\/autores\/cfara\"><strong>Carlos Fara<\/strong> &#8211; <\/a>Consultor pol\u00edtico. X:<a href=\"https:\/\/twitter.com\/carlosfara\" target=\"_blank\" rel=\"noopener noreferrer\" aria-label=\"X\">\u00a0<strong>carlosfara<\/strong><\/a><\/li>\n<\/ul>\n<div>Como rezaba el fallecido fil\u00f3sofo contempor\u00e1neo \u201cTati\u201d Vernet, \u201cel problema no es perder, sino la cara de boludo que te queda\u201d. El Gobierno concluye su primera semana post-Cancha Rayada sin reaccionar adecuadamente a lo sucedido. Los pases de factura internos imposibilitan la comprensi\u00f3n de lo que pas\u00f3. En muy resumidas cuentas, hay que sumar cuatro factores: 1) estilo de liderazgo, 2) falta de empat\u00eda, 3) la econom\u00eda no satisface, y 4) el caso Spagnuolo. Si no se ataca de manera contundente alguno de estos \u00edtems, la recuperaci\u00f3n va a ser complicada. Pero por sobre todas las cosas, si la calle tuviera un boom de consumo, los otros tres t\u00f3picos quedar\u00edan un poco de costado. Pero la calle \u201cno la ve\u201d.<\/div>\n<div>\n<p>&nbsp;<\/p>\n<p>\u00bfCu\u00e1nto mejor podr\u00edan haber sido los cierres de listas, o cu\u00e1nto mejor podr\u00eda haber sido la estrategia territorial si la econom\u00eda no camina? Insignificante. Si la calle est\u00e1 dulce, poco importan los \u201cNene\u201d Vera de la vida. Adem\u00e1s, \u00bflos digitales ten\u00edan algo mejor para presentar? \u00bfEra el gordo Dan \u2013calificado como agresivo y desagradable por los propios votantes libertarios\u2013 m\u00e1s presentable que los runflas que cambian de bando en cada elecci\u00f3n? Est\u00e1n equivocando el diagn\u00f3stico, ergo, la estrategia de recuperaci\u00f3n. Karina, de mala imagen en los m\u00e1s afines, \u00bftiene m\u00e1s culpa en la derrota que las variables descontroladas de \u201cel mejor ministro de Econom\u00eda de la historia\u201d? Si el problema es solo la pol\u00edtica, un nuevo cachetazo empieza a incubarse.<\/p>\n<p>Pas\u00f3 una semana. Ahora tenemos un ministro m\u00e1s, m\u00e1s mesas pol\u00edticas, m\u00e1s vetos y m\u00e1s fotos de reuniones sin impacto en la opini\u00f3n p\u00fablica. El mile\u00edsmo a\u00fan no sali\u00f3 de la c\u00e1psula. Y le va a costar a un sistema de conducci\u00f3n endog\u00e1mico y verticalista. \u00bfQui\u00e9n con kilometraje y alg\u00fan prestigio pol\u00edtico querr\u00eda sumarse como actor de reparto a D\u00f3nde est\u00e1 el piloto?<\/p>\n<p>Habitualmente, el l\u00edder de un proyecto pol\u00edtico administra el conflicto y la distribuci\u00f3n de poder entre las tribus. Como Menem con celestes y rojos punz\u00f3. El problema es que ac\u00e1 el uno no fija la pol\u00edtica, que qued\u00f3 en manos de su hermana. Pero Karina es juez y parte porque encabeza una de esas tribus. Ergo, no puede mediar con eficacia en una situaci\u00f3n de crisis donde ella est\u00e1 se\u00f1alada como una de las culpables. Fallas de matriz que quiz\u00e1 no se resuelvan nunca.<\/p>\n<p>La elecci\u00f3n del domingo desnud\u00f3 muchos problemas conceptuales del oficialismo. Vamos a los n\u00fameros (que no me dejan mentir). Hubo 1.100.000 votos de diferencia entre el ganador y el segundo el domingo pasado. Dado que LLA no exist\u00eda en 2021 \u2013la anterior legislativa donde concurrieron la nacional y la provincial\u2013 las comparaciones son dificultosas. Si tomamos como referencia lo que pas\u00f3 hace cuatro a\u00f1os atr\u00e1s, JxC+ Espert obtuvieron un mill\u00f3n medio m\u00e1s de votos que este 7 de septiembre. Pero si miramos a la sumatoria de JxC+ LLA en diputados nacionales de 2023, la p\u00e9rdida es de m\u00e1s de dos millones. El gran tema ac\u00e1 es que FP tambi\u00e9n perdi\u00f3 si lo comparamos con dos a\u00f1os atr\u00e1s, pero creci\u00f3 en votos absolutos si nos referenciamos en 2021. En definitiva, los libertarios necesitan producir una revoluci\u00f3n de participaci\u00f3n entre los potencialmente propios para poder achicar la diferencia dr\u00e1sticamente, suponiendo que los electores K repetir\u00e1n la misma asistencia (y con m\u00e1s entusiasmo), mientas que los \u201cotros\u201d dif\u00edcilmente se metan en la grieta para ayudarlo al Javo.<\/p>\n<p>Los dos grandes actores se llevaron el 81% de los votos, en una gran polarizaci\u00f3n, pero ac\u00e1 hay dos \u201cignotos\u201d que tambi\u00e9n compiten: los otros y la abstenci\u00f3n. \u00c9sta \u00faltima est\u00e1 actuando como variable de ajuste, sobre todo entre los no K, de modo que se relativiza la estrategia de las \u201cminor\u00edas n\u00edtidas\u201d. Seg\u00fan este supuesto, existen n\u00facleos duros blindados que ir\u00e1n a votar como sea, y que en el caso de LLA, los alimenta el \u201ctemor kuka\u201d. Sin embargo, ese argumento no sirvi\u00f3 como suficiente aliciente para frenar a los \u201corcos\u201d. Los que no acudieron est\u00e1n m\u00e1s del lado de votantes JxC 2023, que se han decepcionado por alguno de los cuatro factores mencionados al principio de la nota.<\/p>\n<p>\u00bfFue un error nacionalizar? Contrapregunta: \u00bfse puede no nacionalizar una elecci\u00f3n con el 40% del padr\u00f3n del pa\u00eds? \u00bfQui\u00e9n imagin\u00f3 que se iba a discutir sobre inseguridad y baches, teniendo en cuenta que la situaci\u00f3n econ\u00f3mica ocupa buena parte de la angustia de la gran mayor\u00eda desde que se levanta hasta que se acuesta? \u00bfPodr\u00eda no haber aparecido el Presidente? \u00bfC\u00f3mo insuflar \u00e1nimo en una tropa llena de desconocidos en cada distrito? Por consiguiente, dir\u00eda Felipe Gonz\u00e1lez, el oficialismo deber\u00e1 ir a buscar votantes blandos, quienes oscilan en funci\u00f3n de factores de la coyuntura. Eso implicar\u00e1 \u201cabuenarse\u201d, moderarse, buscar algo m\u00e1s al centro, ya sea por estilo o por contenido. \u00bfY las minor\u00edas n\u00edtidas? Bien, gracias, porque no alcanzan. \u00bfY entonces los vetos? \u00bfY la ortodoxia monetaria? \u00a1Ah!, no s\u00e9 (eso lo digo por otro precio).<\/p>\n<p>Los pr\u00f3ximos 42 d\u00edas van a ser muy complejos porque siempre es dif\u00edcil romper los c\u00edrculos viciosos, como ya se coment\u00f3 en esta columna el domingo pasado. Vuelvo a parafrasear a Viglietti: \u201cme matan si no ajusto, y si ajusto me matan\u201d. La elecci\u00f3n as\u00ed lo certific\u00f3. Sin gestos contundentes se har\u00e1 cuesta arriba: el timing de la reacci\u00f3n y el impacto de lo que se decida son variables claves. \u00bfHabr\u00e1 m\u00edstica al estilo \u201cMauricio lo da vuelta\u201d de la general de 2019, recurriendo a actos masivos y caravanas (como la casta)? El \u201cgatito mimoso\u201d no tiene una coalici\u00f3n de partidos detr\u00e1s, ni lo tiene a Pichetto, ni a Lacunza.<\/p>\n<p>Adem\u00e1s de todo eso, hay demonios desatados: el temor de los mercados y la investigaci\u00f3n judicial a partir de los audios (Comodoro Py est\u00e1 que arde), con un gobierno que se convirti\u00f3 en mancha venenosa. Nadie querr\u00e1 sacarse una foto con \u201clos leprosos\u201d, salvo a cambio de un alto precio. En varias provincias hoy LLA no logra sumar el porcentaje de votos de la primera vuelta de 2023.<\/p>\n<p>Respondiendo la pregunta del t\u00edtulo: esta vez ya no es distinto, Toto. La ley de la gravedad existe.<\/p>\n<\/div>\n","protected":false},"excerpt":{"rendered":"<p>La semana posterior a las elecciones expuso fallas de conducci\u00f3n, desgaste econ\u00f3mico y divisiones internas.<\/p>\n","protected":false},"author":2,"featured_media":186425,"comment_status":"open","ping_status":"open","sticky":false,"template":"","format":"standard","meta":{"fifu_image_url":"","fifu_image_alt":"","footnotes":""},"categories":[11],"tags":[4789,5277,50],"class_list":{"0":"post-233796","1":"post","2":"type-post","3":"status-publish","4":"format-standard","5":"has-post-thumbnail","7":"category-opinion","8":"tag-carlos-fara","9":"tag-elecciones-2025","10":"tag-politica"},"yoast_head":"<title>Esta vez \u00bfes distinto? - Informe Litoral<\/title>\n<meta name=\"robots\" content=\"index, follow, max-snippet:-1, max-image-preview:large, max-video-preview:-1\" \/>\n<link rel=\"canonical\" href=\"https:\/\/informelitoral.com.ar\/esta-vez-es-distinto\/\" \/>\n<meta property=\"og:locale\" content=\"es_ES\" \/>\n<meta property=\"og:type\" content=\"article\" \/>\n<meta property=\"og:title\" content=\"Esta vez \u00bfes distinto? - Informe Litoral\" \/>\n<meta property=\"og:description\" content=\"La semana posterior a las elecciones expuso fallas de conducci\u00f3n, desgaste econ\u00f3mico y divisiones internas.\" \/>\n<meta property=\"og:url\" content=\"https:\/\/informelitoral.com.ar\/esta-vez-es-distinto\/\" \/>\n<meta property=\"og:site_name\" content=\"Informe Litoral\" \/>\n<meta property=\"article:publisher\" content=\"https:\/\/www.facebook.com\/informelitoral\/\" \/>\n<meta property=\"article:published_time\" content=\"2025-09-14T09:00:05+00:00\" \/>\n<meta property=\"article:modified_time\" content=\"2025-09-14T14:15:48+00:00\" \/>\n<meta property=\"og:image\" content=\"https:\/\/informelitoral.com.ar\/%77%70%2d%63%6f%6e%74%65%6e%74\/uploads\/2024\/05\/carlos-fara.jpg\" \/>\n\t<meta property=\"og:image:width\" content=\"640\" \/>\n\t<meta property=\"og:image:height\" content=\"640\" \/>\n\t<meta property=\"og:image:type\" content=\"image\/jpeg\" \/>\n<meta name=\"author\" content=\"Gonzalo Schmidt\" \/>\n<meta name=\"twitter:card\" content=\"summary_large_image\" \/>\n<meta name=\"twitter:creator\" content=\"@InformeLitoral\" \/>\n<meta name=\"twitter:site\" content=\"@InformeLitoral\" \/>\n<meta name=\"twitter:label1\" content=\"Escrito por\" \/>\n\t<meta name=\"twitter:data1\" content=\"Gonzalo Schmidt\" \/>\n\t<meta name=\"twitter:label2\" content=\"Tiempo de lectura\" \/>\n\t<meta name=\"twitter:data2\" content=\"5 minutos\" \/>\n<script type=\"application\/ld+json\" class=\"yoast-schema-graph\">{\"@context\":\"https:\\\/\\\/schema.org\",\"@graph\":[{\"@type\":\"Article\",\"@id\":\"https:\\\/\\\/informelitoral.com.ar\\\/esta-vez-es-distinto\\\/#article\",\"isPartOf\":{\"@id\":\"https:\\\/\\\/informelitoral.com.ar\\\/esta-vez-es-distinto\\\/\"},\"author\":{\"name\":\"Gonzalo Schmidt\",\"@id\":\"https:\\\/\\\/informelitoral.com.ar\\\/#\\\/schema\\\/person\\\/b9d00407c836482871ef1d57bf8e3180\"},\"headline\":\"Esta vez \u00bfes distinto?\",\"datePublished\":\"2025-09-14T09:00:05+00:00\",\"dateModified\":\"2025-09-14T14:15:48+00:00\",\"mainEntityOfPage\":{\"@id\":\"https:\\\/\\\/informelitoral.com.ar\\\/esta-vez-es-distinto\\\/\"},\"wordCount\":1113,\"commentCount\":0,\"publisher\":{\"@id\":\"https:\\\/\\\/informelitoral.com.ar\\\/#organization\"},\"image\":{\"@id\":\"https:\\\/\\\/informelitoral.com.ar\\\/esta-vez-es-distinto\\\/#primaryimage\"},\"thumbnailUrl\":\"https:\\\/\\\/informelitoral.com.ar\\\/%77%70%2d%63%6f%6e%74%65%6e%74\\\/uploads\\\/2024\\\/05\\\/carlos-fara.jpg\",\"keywords\":[\"Carlos Fara\",\"Elecciones 2025\",\"Pol\u00edtica\"],\"articleSection\":[\"Opini\u00f3n\"],\"inLanguage\":\"es\",\"potentialAction\":[{\"@type\":\"CommentAction\",\"name\":\"Comment\",\"target\":[\"https:\\\/\\\/informelitoral.com.ar\\\/esta-vez-es-distinto\\\/#respond\"]}]},{\"@type\":\"WebPage\",\"@id\":\"https:\\\/\\\/informelitoral.com.ar\\\/esta-vez-es-distinto\\\/\",\"url\":\"https:\\\/\\\/informelitoral.com.ar\\\/esta-vez-es-distinto\\\/\",\"name\":\"Esta vez \u00bfes distinto? - Informe Litoral\",\"isPartOf\":{\"@id\":\"https:\\\/\\\/informelitoral.com.ar\\\/#website\"},\"primaryImageOfPage\":{\"@id\":\"https:\\\/\\\/informelitoral.com.ar\\\/esta-vez-es-distinto\\\/#primaryimage\"},\"image\":{\"@id\":\"https:\\\/\\\/informelitoral.com.ar\\\/esta-vez-es-distinto\\\/#primaryimage\"},\"thumbnailUrl\":\"https:\\\/\\\/informelitoral.com.ar\\\/%77%70%2d%63%6f%6e%74%65%6e%74\\\/uploads\\\/2024\\\/05\\\/carlos-fara.jpg\",\"datePublished\":\"2025-09-14T09:00:05+00:00\",\"dateModified\":\"2025-09-14T14:15:48+00:00\",\"breadcrumb\":{\"@id\":\"https:\\\/\\\/informelitoral.com.ar\\\/esta-vez-es-distinto\\\/#breadcrumb\"},\"inLanguage\":\"es\",\"potentialAction\":[{\"@type\":\"ReadAction\",\"target\":[\"https:\\\/\\\/informelitoral.com.ar\\\/esta-vez-es-distinto\\\/\"]}]},{\"@type\":\"ImageObject\",\"inLanguage\":\"es\",\"@id\":\"https:\\\/\\\/informelitoral.com.ar\\\/esta-vez-es-distinto\\\/#primaryimage\",\"url\":\"https:\\\/\\\/informelitoral.com.ar\\\/%77%70%2d%63%6f%6e%74%65%6e%74\\\/uploads\\\/2024\\\/05\\\/carlos-fara.jpg\",\"contentUrl\":\"https:\\\/\\\/informelitoral.com.ar\\\/%77%70%2d%63%6f%6e%74%65%6e%74\\\/uploads\\\/2024\\\/05\\\/carlos-fara.jpg\",\"width\":640,\"height\":640},{\"@type\":\"BreadcrumbList\",\"@id\":\"https:\\\/\\\/informelitoral.com.ar\\\/esta-vez-es-distinto\\\/#breadcrumb\",\"itemListElement\":[{\"@type\":\"ListItem\",\"position\":1,\"name\":\"Portada\",\"item\":\"https:\\\/\\\/informelitoral.com.ar\\\/\"},{\"@type\":\"ListItem\",\"position\":2,\"name\":\"Esta vez \u00bfes distinto?\"}]},{\"@type\":\"WebSite\",\"@id\":\"https:\\\/\\\/informelitoral.com.ar\\\/#website\",\"url\":\"https:\\\/\\\/informelitoral.com.ar\\\/\",\"name\":\"Informe Litoral\",\"description\":\"&quot;Nos informamos&quot; \",\"publisher\":{\"@id\":\"https:\\\/\\\/informelitoral.com.ar\\\/#organization\"},\"potentialAction\":[{\"@type\":\"SearchAction\",\"target\":{\"@type\":\"EntryPoint\",\"urlTemplate\":\"https:\\\/\\\/informelitoral.com.ar\\\/?s={search_term_string}\"},\"query-input\":{\"@type\":\"PropertyValueSpecification\",\"valueRequired\":true,\"valueName\":\"search_term_string\"}}],\"inLanguage\":\"es\"},{\"@type\":\"Organization\",\"@id\":\"https:\\\/\\\/informelitoral.com.ar\\\/#organization\",\"name\":\"Informe Litoral\",\"url\":\"https:\\\/\\\/informelitoral.com.ar\\\/\",\"logo\":{\"@type\":\"ImageObject\",\"inLanguage\":\"es\",\"@id\":\"https:\\\/\\\/informelitoral.com.ar\\\/#\\\/schema\\\/logo\\\/image\\\/\",\"url\":\"https:\\\/\\\/informelitoral.com.ar\\\/%77%70%2d%63%6f%6e%74%65%6e%74\\\/uploads\\\/2021\\\/01\\\/circulo.png\",\"contentUrl\":\"https:\\\/\\\/informelitoral.com.ar\\\/%77%70%2d%63%6f%6e%74%65%6e%74\\\/uploads\\\/2021\\\/01\\\/circulo.png\",\"width\":723,\"height\":731,\"caption\":\"Informe Litoral\"},\"image\":{\"@id\":\"https:\\\/\\\/informelitoral.com.ar\\\/#\\\/schema\\\/logo\\\/image\\\/\"},\"sameAs\":[\"https:\\\/\\\/www.facebook.com\\\/informelitoral\\\/\",\"https:\\\/\\\/x.com\\\/InformeLitoral\",\"https:\\\/\\\/www.instagram.com\\\/informelitoral\\\/\",\"https:\\\/\\\/www.youtube.com\\\/channel\\\/UCua4Qvz8Icb6MYqhoq9xLXw\"]},{\"@type\":\"Person\",\"@id\":\"https:\\\/\\\/informelitoral.com.ar\\\/#\\\/schema\\\/person\\\/b9d00407c836482871ef1d57bf8e3180\",\"name\":\"Gonzalo Schmidt\",\"image\":{\"@type\":\"ImageObject\",\"inLanguage\":\"es\",\"@id\":\"https:\\\/\\\/secure.gravatar.com\\\/avatar\\\/31a1a7b66ff2de83bd0e9fd79d026630d2d99e55e8bfe501287647b4fd9743de?s=96&d=mm&r=g\",\"url\":\"https:\\\/\\\/secure.gravatar.com\\\/avatar\\\/31a1a7b66ff2de83bd0e9fd79d026630d2d99e55e8bfe501287647b4fd9743de?s=96&d=mm&r=g\",\"contentUrl\":\"https:\\\/\\\/secure.gravatar.com\\\/avatar\\\/31a1a7b66ff2de83bd0e9fd79d026630d2d99e55e8bfe501287647b4fd9743de?s=96&d=mm&r=g\",\"caption\":\"Gonzalo Schmidt\"},\"description\":\"Sitio web de noticias de la provincia de Entre R\u00edos, Argentina. Informaci\u00f3n y entretenimiento. Informe Litoral, nos informamos.\",\"sameAs\":[\"http:\\\/\\\/www.isletasnoticias.com.ar\"],\"url\":\"https:\\\/\\\/informelitoral.com.ar\\\/author\\\/gonzalo\\\/\"}]}<\/script>","yoast_head_json":{"title":"Esta vez \u00bfes distinto? - Informe Litoral","robots":{"index":"index","follow":"follow","max-snippet":"max-snippet:-1","max-image-preview":"max-image-preview:large","max-video-preview":"max-video-preview:-1"},"canonical":"https:\/\/informelitoral.com.ar\/esta-vez-es-distinto\/","og_locale":"es_ES","og_type":"article","og_title":"Esta vez \u00bfes distinto? - Informe Litoral","og_description":"La semana posterior a las elecciones expuso fallas de conducci\u00f3n, desgaste econ\u00f3mico y divisiones internas.","og_url":"https:\/\/informelitoral.com.ar\/esta-vez-es-distinto\/","og_site_name":"Informe Litoral","article_publisher":"https:\/\/www.facebook.com\/informelitoral\/","article_published_time":"2025-09-14T09:00:05+00:00","article_modified_time":"2025-09-14T14:15:48+00:00","og_image":[{"width":640,"height":640,"url":"https:\/\/informelitoral.com.ar\/%77%70%2d%63%6f%6e%74%65%6e%74\/uploads\/2024\/05\/carlos-fara.jpg","type":"image\/jpeg"}],"author":"Gonzalo Schmidt","twitter_card":"summary_large_image","twitter_creator":"@InformeLitoral","twitter_site":"@InformeLitoral","twitter_misc":{"Escrito por":"Gonzalo Schmidt","Tiempo de lectura":"5 minutos"},"schema":{"@context":"https:\/\/schema.org","@graph":[{"@type":"Article","@id":"https:\/\/informelitoral.com.ar\/esta-vez-es-distinto\/#article","isPartOf":{"@id":"https:\/\/informelitoral.com.ar\/esta-vez-es-distinto\/"},"author":{"name":"Gonzalo Schmidt","@id":"https:\/\/informelitoral.com.ar\/#\/schema\/person\/b9d00407c836482871ef1d57bf8e3180"},"headline":"Esta vez \u00bfes distinto?","datePublished":"2025-09-14T09:00:05+00:00","dateModified":"2025-09-14T14:15:48+00:00","mainEntityOfPage":{"@id":"https:\/\/informelitoral.com.ar\/esta-vez-es-distinto\/"},"wordCount":1113,"commentCount":0,"publisher":{"@id":"https:\/\/informelitoral.com.ar\/#organization"},"image":{"@id":"https:\/\/informelitoral.com.ar\/esta-vez-es-distinto\/#primaryimage"},"thumbnailUrl":"https:\/\/informelitoral.com.ar\/%77%70%2d%63%6f%6e%74%65%6e%74\/uploads\/2024\/05\/carlos-fara.jpg","keywords":["Carlos Fara","Elecciones 2025","Pol\u00edtica"],"articleSection":["Opini\u00f3n"],"inLanguage":"es","potentialAction":[{"@type":"CommentAction","name":"Comment","target":["https:\/\/informelitoral.com.ar\/esta-vez-es-distinto\/#respond"]}]},{"@type":"WebPage","@id":"https:\/\/informelitoral.com.ar\/esta-vez-es-distinto\/","url":"https:\/\/informelitoral.com.ar\/esta-vez-es-distinto\/","name":"Esta vez \u00bfes distinto? - Informe Litoral","isPartOf":{"@id":"https:\/\/informelitoral.com.ar\/#website"},"primaryImageOfPage":{"@id":"https:\/\/informelitoral.com.ar\/esta-vez-es-distinto\/#primaryimage"},"image":{"@id":"https:\/\/informelitoral.com.ar\/esta-vez-es-distinto\/#primaryimage"},"thumbnailUrl":"https:\/\/informelitoral.com.ar\/%77%70%2d%63%6f%6e%74%65%6e%74\/uploads\/2024\/05\/carlos-fara.jpg","datePublished":"2025-09-14T09:00:05+00:00","dateModified":"2025-09-14T14:15:48+00:00","breadcrumb":{"@id":"https:\/\/informelitoral.com.ar\/esta-vez-es-distinto\/#breadcrumb"},"inLanguage":"es","potentialAction":[{"@type":"ReadAction","target":["https:\/\/informelitoral.com.ar\/esta-vez-es-distinto\/"]}]},{"@type":"ImageObject","inLanguage":"es","@id":"https:\/\/informelitoral.com.ar\/esta-vez-es-distinto\/#primaryimage","url":"https:\/\/informelitoral.com.ar\/%77%70%2d%63%6f%6e%74%65%6e%74\/uploads\/2024\/05\/carlos-fara.jpg","contentUrl":"https:\/\/informelitoral.com.ar\/%77%70%2d%63%6f%6e%74%65%6e%74\/uploads\/2024\/05\/carlos-fara.jpg","width":640,"height":640},{"@type":"BreadcrumbList","@id":"https:\/\/informelitoral.com.ar\/esta-vez-es-distinto\/#breadcrumb","itemListElement":[{"@type":"ListItem","position":1,"name":"Portada","item":"https:\/\/informelitoral.com.ar\/"},{"@type":"ListItem","position":2,"name":"Esta vez \u00bfes distinto?"}]},{"@type":"WebSite","@id":"https:\/\/informelitoral.com.ar\/#website","url":"https:\/\/informelitoral.com.ar\/","name":"Informe Litoral","description":"&quot;Nos informamos&quot; ","publisher":{"@id":"https:\/\/informelitoral.com.ar\/#organization"},"potentialAction":[{"@type":"SearchAction","target":{"@type":"EntryPoint","urlTemplate":"https:\/\/informelitoral.com.ar\/?s={search_term_string}"},"query-input":{"@type":"PropertyValueSpecification","valueRequired":true,"valueName":"search_term_string"}}],"inLanguage":"es"},{"@type":"Organization","@id":"https:\/\/informelitoral.com.ar\/#organization","name":"Informe Litoral","url":"https:\/\/informelitoral.com.ar\/","logo":{"@type":"ImageObject","inLanguage":"es","@id":"https:\/\/informelitoral.com.ar\/#\/schema\/logo\/image\/","url":"https:\/\/informelitoral.com.ar\/%77%70%2d%63%6f%6e%74%65%6e%74\/uploads\/2021\/01\/circulo.png","contentUrl":"https:\/\/informelitoral.com.ar\/%77%70%2d%63%6f%6e%74%65%6e%74\/uploads\/2021\/01\/circulo.png","width":723,"height":731,"caption":"Informe Litoral"},"image":{"@id":"https:\/\/informelitoral.com.ar\/#\/schema\/logo\/image\/"},"sameAs":["https:\/\/www.facebook.com\/informelitoral\/","https:\/\/x.com\/InformeLitoral","https:\/\/www.instagram.com\/informelitoral\/","https:\/\/www.youtube.com\/channel\/UCua4Qvz8Icb6MYqhoq9xLXw"]},{"@type":"Person","@id":"https:\/\/informelitoral.com.ar\/#\/schema\/person\/b9d00407c836482871ef1d57bf8e3180","name":"Gonzalo Schmidt","image":{"@type":"ImageObject","inLanguage":"es","@id":"https:\/\/secure.gravatar.com\/avatar\/31a1a7b66ff2de83bd0e9fd79d026630d2d99e55e8bfe501287647b4fd9743de?s=96&d=mm&r=g","url":"https:\/\/secure.gravatar.com\/avatar\/31a1a7b66ff2de83bd0e9fd79d026630d2d99e55e8bfe501287647b4fd9743de?s=96&d=mm&r=g","contentUrl":"https:\/\/secure.gravatar.com\/avatar\/31a1a7b66ff2de83bd0e9fd79d026630d2d99e55e8bfe501287647b4fd9743de?s=96&d=mm&r=g","caption":"Gonzalo Schmidt"},"description":"Sitio web de noticias de la provincia de Entre R\u00edos, Argentina. Informaci\u00f3n y entretenimiento. Informe Litoral, nos informamos.","sameAs":["http:\/\/www.isletasnoticias.com.ar"],"url":"https:\/\/informelitoral.com.ar\/author\/gonzalo\/"}]}},"_links":{"self":[{"href":"https:\/\/informelitoral.com.ar\/%77%70%2d%6a%73%6f%6e\/wp\/v2\/posts\/233796","targetHints":{"allow":["GET"]}}],"collection":[{"href":"https:\/\/informelitoral.com.ar\/%77%70%2d%6a%73%6f%6e\/wp\/v2\/posts"}],"about":[{"href":"https:\/\/informelitoral.com.ar\/%77%70%2d%6a%73%6f%6e\/wp\/v2\/types\/post"}],"author":[{"embeddable":true,"href":"https:\/\/informelitoral.com.ar\/%77%70%2d%6a%73%6f%6e\/wp\/v2\/users\/2"}],"replies":[{"embeddable":true,"href":"https:\/\/informelitoral.com.ar\/%77%70%2d%6a%73%6f%6e\/wp\/v2\/comments?post=233796"}],"version-history":[{"count":2,"href":"https:\/\/informelitoral.com.ar\/%77%70%2d%6a%73%6f%6e\/wp\/v2\/posts\/233796\/revisions"}],"predecessor-version":[{"id":233798,"href":"https:\/\/informelitoral.com.ar\/%77%70%2d%6a%73%6f%6e\/wp\/v2\/posts\/233796\/revisions\/233798"}],"wp:featuredmedia":[{"embeddable":true,"href":"https:\/\/informelitoral.com.ar\/%77%70%2d%6a%73%6f%6e\/wp\/v2\/media\/186425"}],"wp:attachment":[{"href":"https:\/\/informelitoral.com.ar\/%77%70%2d%6a%73%6f%6e\/wp\/v2\/media?parent=233796"}],"wp:term":[{"taxonomy":"category","embeddable":true,"href":"https:\/\/informelitoral.com.ar\/%77%70%2d%6a%73%6f%6e\/wp\/v2\/categories?post=233796"},{"taxonomy":"post_tag","embeddable":true,"href":"https:\/\/informelitoral.com.ar\/%77%70%2d%6a%73%6f%6e\/wp\/v2\/tags?post=233796"}],"curies":[{"name":"wp","href":"https:\/\/api.w.org\/{rel}","templated":true}]}}