{"id":233547,"date":"2025-09-11T08:25:36","date_gmt":"2025-09-11T11:25:36","guid":{"rendered":"https:\/\/informelitoral.com.ar\/?p=233547"},"modified":"2025-09-11T08:28:47","modified_gmt":"2025-09-11T11:28:47","slug":"ramiro-munoz-la-seguridad-es-un-eje-esencial-de-nuestra-gestion","status":"publish","type":"post","link":"https:\/\/informelitoral.com.ar\/ramiro-munoz-la-seguridad-es-un-eje-esencial-de-nuestra-gestion\/","title":{"rendered":"Ramiro Mu\u00f1oz: \u201cLa seguridad es un eje esencial de nuestra gesti\u00f3n\u201d"},"content":{"rendered":"<h2><strong>Seguridad en Aranguren<\/strong><\/h2>\n<p>\u201cEl tema de la seguridad es un eje esencial de nuestra gesti\u00f3n y, m\u00e1s all\u00e1 de eso, es una condici\u00f3n que impone Aranguren. Nuestra comunidad no admite otra forma de vivir que no sea contando con determinadas garant\u00edas de seguridad\u201d, afirm\u00f3 el secretario de Gobierno.<\/p>\n<p>En este sentido, Mu\u00f1oz valor\u00f3 el v\u00ednculo institucional con la Polic\u00eda local, a cargo del Crio. Principal Renzo Jelonche, con quien se han articulado acciones conjuntas: \u201cMantenemos una sinergia de trabajo cotidiano que incluye controles de tr\u00e1nsito y operativos de seguridad vial. Esto contribuye a que tengamos una ciudad tranquila, que es lo que todos buscamos como vecinos\u201d.<\/p>\n<p><iframe loading=\"lazy\" src=\"https:\/\/informelitoral.com.ar\/?direct_file=eyJpZCI6IjExekZ2Q18tenRNRkhQQktjVkNMT2JsUERGOTFwcS03OCIsImFjY291bnRJZCI6IjEzNTE3MDI2MDE4NTQ5MzU3ODYzIn0=&amp;embed=1\" width=\"100%\" height=\"480\" frameborder=\"0\" allowfullscreen=\"allowfullscreen\"><\/iframe><\/p>\n<h2><strong>Seguridad en el Municipio<\/strong><\/h2>\n<p>Entre las medidas implementadas, Mu\u00f1oz destac\u00f3 el <strong>sistema de videovigilancia instalado en junio pasado en el edificio municipal<\/strong>: \u201cEste circuito cerrado de c\u00e1maras garantiza la seguridad de empleados, funcionarios y vecinos que concurren diariamente al municipio. Nuestro accionar debe darse en t\u00e9rminos correctos porque hay un ojo digital que observa, y creemos que esto eleva los est\u00e1ndares de calidad en la gesti\u00f3n p\u00fablica\u201d.<\/p>\n<p>El funcionario remarc\u00f3 adem\u00e1s que el sistema contribuye a mejorar la atenci\u00f3n: \u201cLas c\u00e1maras permiten asegurar que los servicios se brinden con agilidad. Nadie deber\u00eda esperar m\u00e1s de lo necesario para ser atendido. Nos esforzamos por garantizar calidad en la atenci\u00f3n y en el servicio p\u00fablico\u201d.<\/p>\n<p>Asimismo, el circuito de c\u00e1maras se extendi\u00f3 a los sectores de corral\u00f3n y taller municipal, funcionando tambi\u00e9n como herramienta de control de stock y de herramientas: \u201cLa idea que enhebra todos estos eslabones es la transparencia. La misma c\u00e1mara que garantiza seguridad tambi\u00e9n nos controla a los funcionarios. En lugar de hablar de transparencia, la ejercemos\u00bb.<\/p>\n<p><iframe loading=\"lazy\" src=\"https:\/\/informelitoral.com.ar\/?direct_file=eyJpZCI6IjFnenNkVjhNbVVUaFMzSGxOUElSNGk5OW1TYWZGSFdUciIsImFjY291bnRJZCI6IjEzNTE3MDI2MDE4NTQ5MzU3ODYzIn0=&amp;embed=1\" width=\"100%\" height=\"480\" frameborder=\"0\" allowfullscreen=\"allowfullscreen\"><\/iframe><\/p>\n<h2><strong>Planta de Reciclado<\/strong><\/h2>\n<p>En otro tramo de sus declaraciones, Mu\u00f1oz inform\u00f3 sobre los avances en materia ambiental: \u201cEn la planta de reciclado se concret\u00f3 la quinta entrega de materiales recuperados en lo que va del a\u00f1o. Bajo la coordinaci\u00f3n de Fabi\u00e1n Bruggeman, se est\u00e1 trabajando en la <strong>ampliaci\u00f3n de la planta<\/strong>: ya se colocaron las columnas, se soldaron las vigas cabriadas y pr\u00f3ximamente se proceder\u00e1 a la colocaci\u00f3n de chapas en la nueva nave\u201d.<\/p>\n<p>Finalmente, el secretario de Gobierno subray\u00f3 que \u201cestas acciones reflejan un compromiso permanente con la seguridad, la transparencia y el cuidado del ambiente, pilares fundamentales de la gesti\u00f3n municipal\u201d.<\/p>\n<h6><em><strong>Del archivo:\u00a0<a href=\"https:\/\/informelitoral.com.ar\/sauce-montrull-y-un-paso-clave-en-diputados-para-ser-municipo\/\" target=\"_blank\" rel=\"noopener\">Sauce Montrull y un paso clave en Diputados para ser municipo<\/a><\/strong><\/em><\/h6>\n","protected":false},"excerpt":{"rendered":"<p>El secretario de Gobierno del Municipio de Aranguren, Ramiro Mu\u00f1oz, destac\u00f3 las acciones conjuntas con la Polic\u00eda local y la implementaci\u00f3n de un sistema de videovigilancia en el edificio municipal. Adem\u00e1s, inform\u00f3 sobre los avances en la planta de reciclado.<\/p>\n","protected":false},"author":2,"featured_media":233548,"comment_status":"open","ping_status":"open","sticky":false,"template":"","format":"standard","meta":{"fifu_image_url":"https:\/\/lh3.googleusercontent.com\/drive-storage\/AJQWtBMN5hmhUuOUzyAihn_Q2h5YxdhSDtc9RZIktk16vq6-AHNXeBXkaGMeWOIyVqNfeDn0HYNLYlyW0V-ZBbJ2yMwz4KLcfxh8qu9O0_f-J7v1jU4=w2048","fifu_image_alt":"","footnotes":""},"categories":[4592],"tags":[143,1554,1580,201],"class_list":{"0":"post-233547","1":"post","2":"type-post","3":"status-publish","4":"format-standard","5":"has-post-thumbnail","7":"category-departamento-nogoya","8":"tag-aranguren","9":"tag-departamento-nogoya","10":"tag-municipalidad-de-aranguren","11":"tag-municipios"},"yoast_head":"<title>Ramiro Mu\u00f1oz: \u201cLa seguridad es un eje esencial de nuestra gesti\u00f3n\u201d - Informe Litoral<\/title>\n<meta name=\"robots\" content=\"index, follow, max-snippet:-1, max-image-preview:large, max-video-preview:-1\" \/>\n<link rel=\"canonical\" href=\"https:\/\/informelitoral.com.ar\/ramiro-munoz-la-seguridad-es-un-eje-esencial-de-nuestra-gestion\/\" \/>\n<meta property=\"og:locale\" content=\"es_ES\" \/>\n<meta property=\"og:type\" content=\"article\" \/>\n<meta property=\"og:title\" content=\"Ramiro Mu\u00f1oz: \u201cLa seguridad es un eje esencial de nuestra gesti\u00f3n\u201d - Informe Litoral\" \/>\n<meta property=\"og:description\" content=\"El secretario de Gobierno del Municipio de Aranguren, Ramiro Mu\u00f1oz, destac\u00f3 las acciones conjuntas con la Polic\u00eda local y la implementaci\u00f3n de un sistema de videovigilancia en el edificio municipal. Adem\u00e1s, inform\u00f3 sobre los avances en la planta de reciclado.\" \/>\n<meta property=\"og:url\" content=\"https:\/\/informelitoral.com.ar\/ramiro-munoz-la-seguridad-es-un-eje-esencial-de-nuestra-gestion\/\" \/>\n<meta property=\"og:site_name\" content=\"Informe Litoral\" \/>\n<meta property=\"article:publisher\" content=\"https:\/\/www.facebook.com\/informelitoral\/\" \/>\n<meta property=\"article:published_time\" content=\"2025-09-11T11:25:36+00:00\" \/>\n<meta property=\"article:modified_time\" content=\"2025-09-11T11:28:47+00:00\" \/>\n<meta property=\"og:image\" content=\"https:\/\/lh3.googleusercontent.com\/drive-storage\/AJQWtBMN5hmhUuOUzyAihn_Q2h5YxdhSDtc9RZIktk16vq6-AHNXeBXkaGMeWOIyVqNfeDn0HYNLYlyW0V-ZBbJ2yMwz4KLcfxh8qu9O0_f-J7v1jU4=w2048\" \/><meta property=\"og:image\" content=\"https:\/\/lh3.googleusercontent.com\/drive-storage\/AJQWtBMN5hmhUuOUzyAihn_Q2h5YxdhSDtc9RZIktk16vq6-AHNXeBXkaGMeWOIyVqNfeDn0HYNLYlyW0V-ZBbJ2yMwz4KLcfxh8qu9O0_f-J7v1jU4=w2048\" \/>\n\t<meta property=\"og:image:width\" content=\"1600\" \/>\n\t<meta property=\"og:image:height\" content=\"900\" \/>\n\t<meta property=\"og:image:type\" content=\"image\/jpeg\" \/>\n<meta name=\"author\" content=\"Gonzalo Schmidt\" \/>\n<meta name=\"twitter:card\" content=\"summary_large_image\" \/>\n<meta name=\"twitter:image\" content=\"https:\/\/lh3.googleusercontent.com\/drive-storage\/AJQWtBMN5hmhUuOUzyAihn_Q2h5YxdhSDtc9RZIktk16vq6-AHNXeBXkaGMeWOIyVqNfeDn0HYNLYlyW0V-ZBbJ2yMwz4KLcfxh8qu9O0_f-J7v1jU4=w2048\" \/>\n<meta name=\"twitter:creator\" content=\"@InformeLitoral\" \/>\n<meta name=\"twitter:site\" content=\"@InformeLitoral\" \/>\n<meta name=\"twitter:label1\" content=\"Escrito por\" \/>\n\t<meta name=\"twitter:data1\" content=\"Gonzalo Schmidt\" \/>\n\t<meta name=\"twitter:label2\" content=\"Tiempo de lectura\" \/>\n\t<meta name=\"twitter:data2\" content=\"2 minutos\" \/>\n<script type=\"application\/ld+json\" class=\"yoast-schema-graph\">{\"@context\":\"https:\\\/\\\/schema.org\",\"@graph\":[{\"@type\":\"Article\",\"@id\":\"https:\\\/\\\/informelitoral.com.ar\\\/ramiro-munoz-la-seguridad-es-un-eje-esencial-de-nuestra-gestion\\\/#article\",\"isPartOf\":{\"@id\":\"https:\\\/\\\/informelitoral.com.ar\\\/ramiro-munoz-la-seguridad-es-un-eje-esencial-de-nuestra-gestion\\\/\"},\"author\":{\"name\":\"Gonzalo Schmidt\",\"@id\":\"https:\\\/\\\/informelitoral.com.ar\\\/#\\\/schema\\\/person\\\/b9d00407c836482871ef1d57bf8e3180\"},\"headline\":\"Ramiro Mu\u00f1oz: \u201cLa seguridad es un eje esencial de nuestra gesti\u00f3n\u201d\",\"datePublished\":\"2025-09-11T11:25:36+00:00\",\"dateModified\":\"2025-09-11T11:28:47+00:00\",\"mainEntityOfPage\":{\"@id\":\"https:\\\/\\\/informelitoral.com.ar\\\/ramiro-munoz-la-seguridad-es-un-eje-esencial-de-nuestra-gestion\\\/\"},\"wordCount\":438,\"commentCount\":0,\"publisher\":{\"@id\":\"https:\\\/\\\/informelitoral.com.ar\\\/#organization\"},\"image\":{\"@id\":\"https:\\\/\\\/informelitoral.com.ar\\\/ramiro-munoz-la-seguridad-es-un-eje-esencial-de-nuestra-gestion\\\/#primaryimage\"},\"thumbnailUrl\":\"https:\\\/\\\/lh3.googleusercontent.com\\\/drive-storage\\\/AJQWtBMN5hmhUuOUzyAihn_Q2h5YxdhSDtc9RZIktk16vq6-AHNXeBXkaGMeWOIyVqNfeDn0HYNLYlyW0V-ZBbJ2yMwz4KLcfxh8qu9O0_f-J7v1jU4=w2048\",\"keywords\":[\"Aranguren\",\"Departamento Nogoy\u00e1\",\"Municipalidad de Aranguren\",\"Municipios\"],\"articleSection\":[\"Departamento Nogoy\u00e1\"],\"inLanguage\":\"es\",\"potentialAction\":[{\"@type\":\"CommentAction\",\"name\":\"Comment\",\"target\":[\"https:\\\/\\\/informelitoral.com.ar\\\/ramiro-munoz-la-seguridad-es-un-eje-esencial-de-nuestra-gestion\\\/#respond\"]}]},{\"@type\":\"WebPage\",\"@id\":\"https:\\\/\\\/informelitoral.com.ar\\\/ramiro-munoz-la-seguridad-es-un-eje-esencial-de-nuestra-gestion\\\/\",\"url\":\"https:\\\/\\\/informelitoral.com.ar\\\/ramiro-munoz-la-seguridad-es-un-eje-esencial-de-nuestra-gestion\\\/\",\"name\":\"Ramiro Mu\u00f1oz: \u201cLa seguridad es un eje esencial de nuestra gesti\u00f3n\u201d - Informe Litoral\",\"isPartOf\":{\"@id\":\"https:\\\/\\\/informelitoral.com.ar\\\/#website\"},\"primaryImageOfPage\":{\"@id\":\"https:\\\/\\\/informelitoral.com.ar\\\/ramiro-munoz-la-seguridad-es-un-eje-esencial-de-nuestra-gestion\\\/#primaryimage\"},\"image\":{\"@id\":\"https:\\\/\\\/informelitoral.com.ar\\\/ramiro-munoz-la-seguridad-es-un-eje-esencial-de-nuestra-gestion\\\/#primaryimage\"},\"thumbnailUrl\":\"https:\\\/\\\/lh3.googleusercontent.com\\\/drive-storage\\\/AJQWtBMN5hmhUuOUzyAihn_Q2h5YxdhSDtc9RZIktk16vq6-AHNXeBXkaGMeWOIyVqNfeDn0HYNLYlyW0V-ZBbJ2yMwz4KLcfxh8qu9O0_f-J7v1jU4=w2048\",\"datePublished\":\"2025-09-11T11:25:36+00:00\",\"dateModified\":\"2025-09-11T11:28:47+00:00\",\"breadcrumb\":{\"@id\":\"https:\\\/\\\/informelitoral.com.ar\\\/ramiro-munoz-la-seguridad-es-un-eje-esencial-de-nuestra-gestion\\\/#breadcrumb\"},\"inLanguage\":\"es\",\"potentialAction\":[{\"@type\":\"ReadAction\",\"target\":[\"https:\\\/\\\/informelitoral.com.ar\\\/ramiro-munoz-la-seguridad-es-un-eje-esencial-de-nuestra-gestion\\\/\"]}]},{\"@type\":\"ImageObject\",\"inLanguage\":\"es\",\"@id\":\"https:\\\/\\\/informelitoral.com.ar\\\/ramiro-munoz-la-seguridad-es-un-eje-esencial-de-nuestra-gestion\\\/#primaryimage\",\"url\":\"https:\\\/\\\/lh3.googleusercontent.com\\\/drive-storage\\\/AJQWtBMN5hmhUuOUzyAihn_Q2h5YxdhSDtc9RZIktk16vq6-AHNXeBXkaGMeWOIyVqNfeDn0HYNLYlyW0V-ZBbJ2yMwz4KLcfxh8qu9O0_f-J7v1jU4=w2048\",\"contentUrl\":\"https:\\\/\\\/lh3.googleusercontent.com\\\/drive-storage\\\/AJQWtBMN5hmhUuOUzyAihn_Q2h5YxdhSDtc9RZIktk16vq6-AHNXeBXkaGMeWOIyVqNfeDn0HYNLYlyW0V-ZBbJ2yMwz4KLcfxh8qu9O0_f-J7v1jU4=w2048\",\"width\":\"1600\",\"height\":\"900\"},{\"@type\":\"BreadcrumbList\",\"@id\":\"https:\\\/\\\/informelitoral.com.ar\\\/ramiro-munoz-la-seguridad-es-un-eje-esencial-de-nuestra-gestion\\\/#breadcrumb\",\"itemListElement\":[{\"@type\":\"ListItem\",\"position\":1,\"name\":\"Portada\",\"item\":\"https:\\\/\\\/informelitoral.com.ar\\\/\"},{\"@type\":\"ListItem\",\"position\":2,\"name\":\"Ramiro Mu\u00f1oz: \u201cLa seguridad es un eje esencial de nuestra gesti\u00f3n\u201d\"}]},{\"@type\":\"WebSite\",\"@id\":\"https:\\\/\\\/informelitoral.com.ar\\\/#website\",\"url\":\"https:\\\/\\\/informelitoral.com.ar\\\/\",\"name\":\"Informe Litoral\",\"description\":\"&quot;Nos informamos&quot; \",\"publisher\":{\"@id\":\"https:\\\/\\\/informelitoral.com.ar\\\/#organization\"},\"potentialAction\":[{\"@type\":\"SearchAction\",\"target\":{\"@type\":\"EntryPoint\",\"urlTemplate\":\"https:\\\/\\\/informelitoral.com.ar\\\/?s={search_term_string}\"},\"query-input\":{\"@type\":\"PropertyValueSpecification\",\"valueRequired\":true,\"valueName\":\"search_term_string\"}}],\"inLanguage\":\"es\"},{\"@type\":\"Organization\",\"@id\":\"https:\\\/\\\/informelitoral.com.ar\\\/#organization\",\"name\":\"Informe Litoral\",\"url\":\"https:\\\/\\\/informelitoral.com.ar\\\/\",\"logo\":{\"@type\":\"ImageObject\",\"inLanguage\":\"es\",\"@id\":\"https:\\\/\\\/informelitoral.com.ar\\\/#\\\/schema\\\/logo\\\/image\\\/\",\"url\":\"https:\\\/\\\/informelitoral.com.ar\\\/%77%70%2d%63%6f%6e%74%65%6e%74\\\/uploads\\\/2021\\\/01\\\/circulo.png\",\"contentUrl\":\"https:\\\/\\\/informelitoral.com.ar\\\/%77%70%2d%63%6f%6e%74%65%6e%74\\\/uploads\\\/2021\\\/01\\\/circulo.png\",\"width\":723,\"height\":731,\"caption\":\"Informe Litoral\"},\"image\":{\"@id\":\"https:\\\/\\\/informelitoral.com.ar\\\/#\\\/schema\\\/logo\\\/image\\\/\"},\"sameAs\":[\"https:\\\/\\\/www.facebook.com\\\/informelitoral\\\/\",\"https:\\\/\\\/x.com\\\/InformeLitoral\",\"https:\\\/\\\/www.instagram.com\\\/informelitoral\\\/\",\"https:\\\/\\\/www.youtube.com\\\/channel\\\/UCua4Qvz8Icb6MYqhoq9xLXw\"]},{\"@type\":\"Person\",\"@id\":\"https:\\\/\\\/informelitoral.com.ar\\\/#\\\/schema\\\/person\\\/b9d00407c836482871ef1d57bf8e3180\",\"name\":\"Gonzalo Schmidt\",\"image\":{\"@type\":\"ImageObject\",\"inLanguage\":\"es\",\"@id\":\"https:\\\/\\\/secure.gravatar.com\\\/avatar\\\/31a1a7b66ff2de83bd0e9fd79d026630d2d99e55e8bfe501287647b4fd9743de?s=96&d=mm&r=g\",\"url\":\"https:\\\/\\\/secure.gravatar.com\\\/avatar\\\/31a1a7b66ff2de83bd0e9fd79d026630d2d99e55e8bfe501287647b4fd9743de?s=96&d=mm&r=g\",\"contentUrl\":\"https:\\\/\\\/secure.gravatar.com\\\/avatar\\\/31a1a7b66ff2de83bd0e9fd79d026630d2d99e55e8bfe501287647b4fd9743de?s=96&d=mm&r=g\",\"caption\":\"Gonzalo Schmidt\"},\"description\":\"Sitio web de noticias de la provincia de Entre R\u00edos, Argentina. Informaci\u00f3n y entretenimiento. Informe Litoral, nos informamos.\",\"sameAs\":[\"http:\\\/\\\/www.isletasnoticias.com.ar\"],\"url\":\"https:\\\/\\\/informelitoral.com.ar\\\/author\\\/gonzalo\\\/\"}]}<\/script>","yoast_head_json":{"title":"Ramiro Mu\u00f1oz: \u201cLa seguridad es un eje esencial de nuestra gesti\u00f3n\u201d - Informe Litoral","robots":{"index":"index","follow":"follow","max-snippet":"max-snippet:-1","max-image-preview":"max-image-preview:large","max-video-preview":"max-video-preview:-1"},"canonical":"https:\/\/informelitoral.com.ar\/ramiro-munoz-la-seguridad-es-un-eje-esencial-de-nuestra-gestion\/","og_locale":"es_ES","og_type":"article","og_title":"Ramiro Mu\u00f1oz: \u201cLa seguridad es un eje esencial de nuestra gesti\u00f3n\u201d - Informe Litoral","og_description":"El secretario de Gobierno del Municipio de Aranguren, Ramiro Mu\u00f1oz, destac\u00f3 las acciones conjuntas con la Polic\u00eda local y la implementaci\u00f3n de un sistema de videovigilancia en el edificio municipal. Adem\u00e1s, inform\u00f3 sobre los avances en la planta de reciclado.","og_url":"https:\/\/informelitoral.com.ar\/ramiro-munoz-la-seguridad-es-un-eje-esencial-de-nuestra-gestion\/","og_site_name":"Informe Litoral","article_publisher":"https:\/\/www.facebook.com\/informelitoral\/","article_published_time":"2025-09-11T11:25:36+00:00","article_modified_time":"2025-09-11T11:28:47+00:00","og_image":[{"url":"https:\/\/lh3.googleusercontent.com\/drive-storage\/AJQWtBMN5hmhUuOUzyAihn_Q2h5YxdhSDtc9RZIktk16vq6-AHNXeBXkaGMeWOIyVqNfeDn0HYNLYlyW0V-ZBbJ2yMwz4KLcfxh8qu9O0_f-J7v1jU4=w2048","type":"","width":"","height":""},{"width":1600,"height":900,"url":"https:\/\/lh3.googleusercontent.com\/drive-storage\/AJQWtBMN5hmhUuOUzyAihn_Q2h5YxdhSDtc9RZIktk16vq6-AHNXeBXkaGMeWOIyVqNfeDn0HYNLYlyW0V-ZBbJ2yMwz4KLcfxh8qu9O0_f-J7v1jU4=w2048","type":"image\/jpeg"}],"author":"Gonzalo Schmidt","twitter_card":"summary_large_image","twitter_image":"https:\/\/lh3.googleusercontent.com\/drive-storage\/AJQWtBMN5hmhUuOUzyAihn_Q2h5YxdhSDtc9RZIktk16vq6-AHNXeBXkaGMeWOIyVqNfeDn0HYNLYlyW0V-ZBbJ2yMwz4KLcfxh8qu9O0_f-J7v1jU4=w2048","twitter_creator":"@InformeLitoral","twitter_site":"@InformeLitoral","twitter_misc":{"Escrito por":"Gonzalo Schmidt","Tiempo de lectura":"2 minutos"},"schema":{"@context":"https:\/\/schema.org","@graph":[{"@type":"Article","@id":"https:\/\/informelitoral.com.ar\/ramiro-munoz-la-seguridad-es-un-eje-esencial-de-nuestra-gestion\/#article","isPartOf":{"@id":"https:\/\/informelitoral.com.ar\/ramiro-munoz-la-seguridad-es-un-eje-esencial-de-nuestra-gestion\/"},"author":{"name":"Gonzalo Schmidt","@id":"https:\/\/informelitoral.com.ar\/#\/schema\/person\/b9d00407c836482871ef1d57bf8e3180"},"headline":"Ramiro Mu\u00f1oz: \u201cLa seguridad es un eje esencial de nuestra gesti\u00f3n\u201d","datePublished":"2025-09-11T11:25:36+00:00","dateModified":"2025-09-11T11:28:47+00:00","mainEntityOfPage":{"@id":"https:\/\/informelitoral.com.ar\/ramiro-munoz-la-seguridad-es-un-eje-esencial-de-nuestra-gestion\/"},"wordCount":438,"commentCount":0,"publisher":{"@id":"https:\/\/informelitoral.com.ar\/#organization"},"image":{"@id":"https:\/\/informelitoral.com.ar\/ramiro-munoz-la-seguridad-es-un-eje-esencial-de-nuestra-gestion\/#primaryimage"},"thumbnailUrl":"https:\/\/lh3.googleusercontent.com\/drive-storage\/AJQWtBMN5hmhUuOUzyAihn_Q2h5YxdhSDtc9RZIktk16vq6-AHNXeBXkaGMeWOIyVqNfeDn0HYNLYlyW0V-ZBbJ2yMwz4KLcfxh8qu9O0_f-J7v1jU4=w2048","keywords":["Aranguren","Departamento Nogoy\u00e1","Municipalidad de Aranguren","Municipios"],"articleSection":["Departamento Nogoy\u00e1"],"inLanguage":"es","potentialAction":[{"@type":"CommentAction","name":"Comment","target":["https:\/\/informelitoral.com.ar\/ramiro-munoz-la-seguridad-es-un-eje-esencial-de-nuestra-gestion\/#respond"]}]},{"@type":"WebPage","@id":"https:\/\/informelitoral.com.ar\/ramiro-munoz-la-seguridad-es-un-eje-esencial-de-nuestra-gestion\/","url":"https:\/\/informelitoral.com.ar\/ramiro-munoz-la-seguridad-es-un-eje-esencial-de-nuestra-gestion\/","name":"Ramiro Mu\u00f1oz: \u201cLa seguridad es un eje esencial de nuestra gesti\u00f3n\u201d - Informe Litoral","isPartOf":{"@id":"https:\/\/informelitoral.com.ar\/#website"},"primaryImageOfPage":{"@id":"https:\/\/informelitoral.com.ar\/ramiro-munoz-la-seguridad-es-un-eje-esencial-de-nuestra-gestion\/#primaryimage"},"image":{"@id":"https:\/\/informelitoral.com.ar\/ramiro-munoz-la-seguridad-es-un-eje-esencial-de-nuestra-gestion\/#primaryimage"},"thumbnailUrl":"https:\/\/lh3.googleusercontent.com\/drive-storage\/AJQWtBMN5hmhUuOUzyAihn_Q2h5YxdhSDtc9RZIktk16vq6-AHNXeBXkaGMeWOIyVqNfeDn0HYNLYlyW0V-ZBbJ2yMwz4KLcfxh8qu9O0_f-J7v1jU4=w2048","datePublished":"2025-09-11T11:25:36+00:00","dateModified":"2025-09-11T11:28:47+00:00","breadcrumb":{"@id":"https:\/\/informelitoral.com.ar\/ramiro-munoz-la-seguridad-es-un-eje-esencial-de-nuestra-gestion\/#breadcrumb"},"inLanguage":"es","potentialAction":[{"@type":"ReadAction","target":["https:\/\/informelitoral.com.ar\/ramiro-munoz-la-seguridad-es-un-eje-esencial-de-nuestra-gestion\/"]}]},{"@type":"ImageObject","inLanguage":"es","@id":"https:\/\/informelitoral.com.ar\/ramiro-munoz-la-seguridad-es-un-eje-esencial-de-nuestra-gestion\/#primaryimage","url":"https:\/\/lh3.googleusercontent.com\/drive-storage\/AJQWtBMN5hmhUuOUzyAihn_Q2h5YxdhSDtc9RZIktk16vq6-AHNXeBXkaGMeWOIyVqNfeDn0HYNLYlyW0V-ZBbJ2yMwz4KLcfxh8qu9O0_f-J7v1jU4=w2048","contentUrl":"https:\/\/lh3.googleusercontent.com\/drive-storage\/AJQWtBMN5hmhUuOUzyAihn_Q2h5YxdhSDtc9RZIktk16vq6-AHNXeBXkaGMeWOIyVqNfeDn0HYNLYlyW0V-ZBbJ2yMwz4KLcfxh8qu9O0_f-J7v1jU4=w2048","width":"1600","height":"900"},{"@type":"BreadcrumbList","@id":"https:\/\/informelitoral.com.ar\/ramiro-munoz-la-seguridad-es-un-eje-esencial-de-nuestra-gestion\/#breadcrumb","itemListElement":[{"@type":"ListItem","position":1,"name":"Portada","item":"https:\/\/informelitoral.com.ar\/"},{"@type":"ListItem","position":2,"name":"Ramiro Mu\u00f1oz: \u201cLa seguridad es un eje esencial de nuestra gesti\u00f3n\u201d"}]},{"@type":"WebSite","@id":"https:\/\/informelitoral.com.ar\/#website","url":"https:\/\/informelitoral.com.ar\/","name":"Informe Litoral","description":"&quot;Nos informamos&quot; ","publisher":{"@id":"https:\/\/informelitoral.com.ar\/#organization"},"potentialAction":[{"@type":"SearchAction","target":{"@type":"EntryPoint","urlTemplate":"https:\/\/informelitoral.com.ar\/?s={search_term_string}"},"query-input":{"@type":"PropertyValueSpecification","valueRequired":true,"valueName":"search_term_string"}}],"inLanguage":"es"},{"@type":"Organization","@id":"https:\/\/informelitoral.com.ar\/#organization","name":"Informe Litoral","url":"https:\/\/informelitoral.com.ar\/","logo":{"@type":"ImageObject","inLanguage":"es","@id":"https:\/\/informelitoral.com.ar\/#\/schema\/logo\/image\/","url":"https:\/\/informelitoral.com.ar\/%77%70%2d%63%6f%6e%74%65%6e%74\/uploads\/2021\/01\/circulo.png","contentUrl":"https:\/\/informelitoral.com.ar\/%77%70%2d%63%6f%6e%74%65%6e%74\/uploads\/2021\/01\/circulo.png","width":723,"height":731,"caption":"Informe Litoral"},"image":{"@id":"https:\/\/informelitoral.com.ar\/#\/schema\/logo\/image\/"},"sameAs":["https:\/\/www.facebook.com\/informelitoral\/","https:\/\/x.com\/InformeLitoral","https:\/\/www.instagram.com\/informelitoral\/","https:\/\/www.youtube.com\/channel\/UCua4Qvz8Icb6MYqhoq9xLXw"]},{"@type":"Person","@id":"https:\/\/informelitoral.com.ar\/#\/schema\/person\/b9d00407c836482871ef1d57bf8e3180","name":"Gonzalo Schmidt","image":{"@type":"ImageObject","inLanguage":"es","@id":"https:\/\/secure.gravatar.com\/avatar\/31a1a7b66ff2de83bd0e9fd79d026630d2d99e55e8bfe501287647b4fd9743de?s=96&d=mm&r=g","url":"https:\/\/secure.gravatar.com\/avatar\/31a1a7b66ff2de83bd0e9fd79d026630d2d99e55e8bfe501287647b4fd9743de?s=96&d=mm&r=g","contentUrl":"https:\/\/secure.gravatar.com\/avatar\/31a1a7b66ff2de83bd0e9fd79d026630d2d99e55e8bfe501287647b4fd9743de?s=96&d=mm&r=g","caption":"Gonzalo Schmidt"},"description":"Sitio web de noticias de la provincia de Entre R\u00edos, Argentina. Informaci\u00f3n y entretenimiento. Informe Litoral, nos informamos.","sameAs":["http:\/\/www.isletasnoticias.com.ar"],"url":"https:\/\/informelitoral.com.ar\/author\/gonzalo\/"}]}},"fifu_image_url":"https:\/\/lh3.googleusercontent.com\/drive-storage\/AJQWtBMN5hmhUuOUzyAihn_Q2h5YxdhSDtc9RZIktk16vq6-AHNXeBXkaGMeWOIyVqNfeDn0HYNLYlyW0V-ZBbJ2yMwz4KLcfxh8qu9O0_f-J7v1jU4=w2048","_links":{"self":[{"href":"https:\/\/informelitoral.com.ar\/%77%70%2d%6a%73%6f%6e\/wp\/v2\/posts\/233547","targetHints":{"allow":["GET"]}}],"collection":[{"href":"https:\/\/informelitoral.com.ar\/%77%70%2d%6a%73%6f%6e\/wp\/v2\/posts"}],"about":[{"href":"https:\/\/informelitoral.com.ar\/%77%70%2d%6a%73%6f%6e\/wp\/v2\/types\/post"}],"author":[{"embeddable":true,"href":"https:\/\/informelitoral.com.ar\/%77%70%2d%6a%73%6f%6e\/wp\/v2\/users\/2"}],"replies":[{"embeddable":true,"href":"https:\/\/informelitoral.com.ar\/%77%70%2d%6a%73%6f%6e\/wp\/v2\/comments?post=233547"}],"version-history":[{"count":3,"href":"https:\/\/informelitoral.com.ar\/%77%70%2d%6a%73%6f%6e\/wp\/v2\/posts\/233547\/revisions"}],"predecessor-version":[{"id":233551,"href":"https:\/\/informelitoral.com.ar\/%77%70%2d%6a%73%6f%6e\/wp\/v2\/posts\/233547\/revisions\/233551"}],"wp:featuredmedia":[{"embeddable":true,"href":"https:\/\/informelitoral.com.ar\/%77%70%2d%6a%73%6f%6e\/wp\/v2\/media\/233548"}],"wp:attachment":[{"href":"https:\/\/informelitoral.com.ar\/%77%70%2d%6a%73%6f%6e\/wp\/v2\/media?parent=233547"}],"wp:term":[{"taxonomy":"category","embeddable":true,"href":"https:\/\/informelitoral.com.ar\/%77%70%2d%6a%73%6f%6e\/wp\/v2\/categories?post=233547"},{"taxonomy":"post_tag","embeddable":true,"href":"https:\/\/informelitoral.com.ar\/%77%70%2d%6a%73%6f%6e\/wp\/v2\/tags?post=233547"}],"curies":[{"name":"wp","href":"https:\/\/api.w.org\/{rel}","templated":true}]}}