{"id":233489,"date":"2025-09-10T10:52:23","date_gmt":"2025-09-10T13:52:23","guid":{"rendered":"https:\/\/informelitoral.com.ar\/?p=233489"},"modified":"2025-09-10T10:55:11","modified_gmt":"2025-09-10T13:55:11","slug":"dos-accidentes-de-transito-en-parana-dejan-dos-motociclistas-heridos","status":"publish","type":"post","link":"https:\/\/informelitoral.com.ar\/dos-accidentes-de-transito-en-parana-dejan-dos-motociclistas-heridos\/","title":{"rendered":"Dos accidentes de tr\u00e1nsito en Paran\u00e1 dejaron a dos motociclistas heridos"},"content":{"rendered":"<p>En las primeras horas de este mi\u00e9rcoles, la ciudad de Paran\u00e1 fue escenario de dos accidentes de tr\u00e1nsito que resultaron en heridas para dos motociclistas. Los hechos se registraron en la jurisdicci\u00f3n de la Comisar\u00eda Segunda y fueron reportados por el jefe de la dependencia, <b>Guillermo Gonz\u00e1lez<\/b>.<\/p>\n<h2><strong>Primer accidente: choque en Tala y San Luis<\/strong><\/h2>\n<p>El primer siniestro tuvo lugar a las 2:30 de la madrugada en la esquina de <b>Tala y San Luis<\/b>. Un autom\u00f3vil Chevrolet Agile, conducido por un hombre de 49 a\u00f1os, colision\u00f3 con una motocicleta Honda Wave de 110cc, guiada por un hombre de 41 a\u00f1os. Como consecuencia del impacto, el motociclista sufri\u00f3 cortes leves en el cuero cabelludo y fue atendido por sus heridas.<\/p>\n<p>Seg\u00fan el jefe policial, la motocicleta termin\u00f3 sobre la vereda tras el choque. Las c\u00e1maras de seguridad de la intersecci\u00f3n ser\u00e1n revisadas para determinar las circunstancias del accidente.<\/p>\n<h2><strong>Segundo siniestro: colisi\u00f3n de motos en avenida de Las Am\u00e9ricas<\/strong><\/h2>\n<p>El segundo hecho se registr\u00f3 alrededor de las 8 de la ma\u00f1ana en la intersecci\u00f3n de <b>avenida de Las Am\u00e9ricas y calle Pasteur<\/b>. En este caso, el choque fue entre dos motocicletas de 110cc, una manejada por un joven de 25 a\u00f1os y la otra por un adolescente de 19.<\/p>\n<p>Ambos motociclistas circulaban en direcci\u00f3n norte cuando, aparentemente, uno de ellos intent\u00f3 girar, provocando la colisi\u00f3n. El joven de 25 a\u00f1os fue trasladado al hospital San Mart\u00edn con un traumatismo leve de cr\u00e1neo. Las autoridades confirmaron que ambos conductores llevaban casco y contaban con la documentaci\u00f3n correspondiente.<\/p>\n<p>El comisario Gonz\u00e1lez destac\u00f3 que los accidentes de tr\u00e1nsito con heridos leves y da\u00f1os materiales son \u00abfrecuentes\u00bb, se\u00f1alando que la dependencia interviene en \u00abhasta tres siniestros viales por d\u00eda\u00bb.(<em>Elonce<\/em>)<\/p>\n","protected":false},"excerpt":{"rendered":"<p>Los siniestros ocurrieron en las primeras horas del mi\u00e9rcoles en calles San Luis y Tala, y en avenida de Las Am\u00e9ricas y Pasteur, en la jurisdicci\u00f3n de Comisar\u00eda Segunda.<\/p>\n","protected":false},"author":8,"featured_media":233492,"comment_status":"open","ping_status":"open","sticky":false,"template":"","format":"standard","meta":{"fifu_image_url":"https:\/\/elonce-media.elonce.com\/fotos\/2025\/09\/10\/l_1757510197_38686.webp","fifu_image_alt":"","footnotes":""},"categories":[14],"tags":[6015,45,802],"class_list":{"0":"post-233489","1":"post","2":"type-post","3":"status-publish","4":"format-standard","5":"has-post-thumbnail","7":"category-policiales","8":"tag-accidentes","9":"tag-parana","10":"tag-transito"},"yoast_head":"<title>Dos accidentes de tr\u00e1nsito en Paran\u00e1 dejaron a dos motociclistas heridos - Informe Litoral<\/title>\n<meta name=\"robots\" content=\"index, follow, max-snippet:-1, max-image-preview:large, max-video-preview:-1\" \/>\n<link rel=\"canonical\" href=\"https:\/\/informelitoral.com.ar\/dos-accidentes-de-transito-en-parana-dejan-dos-motociclistas-heridos\/\" \/>\n<meta property=\"og:locale\" content=\"es_ES\" \/>\n<meta property=\"og:type\" content=\"article\" \/>\n<meta property=\"og:title\" content=\"Dos accidentes de tr\u00e1nsito en Paran\u00e1 dejaron a dos motociclistas heridos - Informe Litoral\" \/>\n<meta property=\"og:description\" content=\"Los siniestros ocurrieron en las primeras horas del mi\u00e9rcoles en calles San Luis y Tala, y en avenida de Las Am\u00e9ricas y Pasteur, en la jurisdicci\u00f3n de Comisar\u00eda Segunda.\" \/>\n<meta property=\"og:url\" content=\"https:\/\/informelitoral.com.ar\/dos-accidentes-de-transito-en-parana-dejan-dos-motociclistas-heridos\/\" \/>\n<meta property=\"og:site_name\" content=\"Informe Litoral\" \/>\n<meta property=\"article:publisher\" content=\"https:\/\/www.facebook.com\/informelitoral\/\" \/>\n<meta property=\"article:published_time\" content=\"2025-09-10T13:52:23+00:00\" \/>\n<meta property=\"article:modified_time\" content=\"2025-09-10T13:55:11+00:00\" \/>\n<meta property=\"og:image\" content=\"https:\/\/elonce-media.elonce.com\/fotos\/2025\/09\/10\/l_1757510197_38686.webp\" \/><meta property=\"og:image\" content=\"https:\/\/elonce-media.elonce.com\/fotos\/2025\/09\/10\/l_1757510197_38686.webp\" \/>\n\t<meta property=\"og:image:width\" content=\"1200\" \/>\n\t<meta property=\"og:image:height\" content=\"800\" \/>\n\t<meta property=\"og:image:type\" content=\"image\/jpeg\" \/>\n<meta name=\"author\" content=\"Sebastian\" \/>\n<meta name=\"twitter:card\" content=\"summary_large_image\" \/>\n<meta name=\"twitter:image\" content=\"https:\/\/elonce-media.elonce.com\/fotos\/2025\/09\/10\/l_1757510197_38686.webp\" \/>\n<meta name=\"twitter:creator\" content=\"@InformeLitoral\" \/>\n<meta name=\"twitter:site\" content=\"@InformeLitoral\" \/>\n<meta name=\"twitter:label1\" content=\"Escrito por\" \/>\n\t<meta name=\"twitter:data1\" content=\"Sebastian\" \/>\n\t<meta name=\"twitter:label2\" content=\"Tiempo de lectura\" \/>\n\t<meta name=\"twitter:data2\" content=\"2 minutos\" \/>\n<script type=\"application\/ld+json\" class=\"yoast-schema-graph\">{\"@context\":\"https:\\\/\\\/schema.org\",\"@graph\":[{\"@type\":\"Article\",\"@id\":\"https:\\\/\\\/informelitoral.com.ar\\\/dos-accidentes-de-transito-en-parana-dejan-dos-motociclistas-heridos\\\/#article\",\"isPartOf\":{\"@id\":\"https:\\\/\\\/informelitoral.com.ar\\\/dos-accidentes-de-transito-en-parana-dejan-dos-motociclistas-heridos\\\/\"},\"author\":{\"name\":\"Sebastian\",\"@id\":\"https:\\\/\\\/informelitoral.com.ar\\\/#\\\/schema\\\/person\\\/f05f9f461677119578717524b127d6d5\"},\"headline\":\"Dos accidentes de tr\u00e1nsito en Paran\u00e1 dejaron a dos motociclistas heridos\",\"datePublished\":\"2025-09-10T13:52:23+00:00\",\"dateModified\":\"2025-09-10T13:55:11+00:00\",\"mainEntityOfPage\":{\"@id\":\"https:\\\/\\\/informelitoral.com.ar\\\/dos-accidentes-de-transito-en-parana-dejan-dos-motociclistas-heridos\\\/\"},\"wordCount\":318,\"commentCount\":0,\"publisher\":{\"@id\":\"https:\\\/\\\/informelitoral.com.ar\\\/#organization\"},\"image\":{\"@id\":\"https:\\\/\\\/informelitoral.com.ar\\\/dos-accidentes-de-transito-en-parana-dejan-dos-motociclistas-heridos\\\/#primaryimage\"},\"thumbnailUrl\":\"https:\\\/\\\/elonce-media.elonce.com\\\/fotos\\\/2025\\\/09\\\/10\\\/l_1757510197_38686.webp\",\"keywords\":[\"Accidentes\",\"Paran\u00e1\",\"Tr\u00e1nsito\"],\"articleSection\":[\"Policiales\"],\"inLanguage\":\"es\",\"potentialAction\":[{\"@type\":\"CommentAction\",\"name\":\"Comment\",\"target\":[\"https:\\\/\\\/informelitoral.com.ar\\\/dos-accidentes-de-transito-en-parana-dejan-dos-motociclistas-heridos\\\/#respond\"]}]},{\"@type\":\"WebPage\",\"@id\":\"https:\\\/\\\/informelitoral.com.ar\\\/dos-accidentes-de-transito-en-parana-dejan-dos-motociclistas-heridos\\\/\",\"url\":\"https:\\\/\\\/informelitoral.com.ar\\\/dos-accidentes-de-transito-en-parana-dejan-dos-motociclistas-heridos\\\/\",\"name\":\"Dos accidentes de tr\u00e1nsito en Paran\u00e1 dejaron a dos motociclistas heridos - Informe Litoral\",\"isPartOf\":{\"@id\":\"https:\\\/\\\/informelitoral.com.ar\\\/#website\"},\"primaryImageOfPage\":{\"@id\":\"https:\\\/\\\/informelitoral.com.ar\\\/dos-accidentes-de-transito-en-parana-dejan-dos-motociclistas-heridos\\\/#primaryimage\"},\"image\":{\"@id\":\"https:\\\/\\\/informelitoral.com.ar\\\/dos-accidentes-de-transito-en-parana-dejan-dos-motociclistas-heridos\\\/#primaryimage\"},\"thumbnailUrl\":\"https:\\\/\\\/elonce-media.elonce.com\\\/fotos\\\/2025\\\/09\\\/10\\\/l_1757510197_38686.webp\",\"datePublished\":\"2025-09-10T13:52:23+00:00\",\"dateModified\":\"2025-09-10T13:55:11+00:00\",\"breadcrumb\":{\"@id\":\"https:\\\/\\\/informelitoral.com.ar\\\/dos-accidentes-de-transito-en-parana-dejan-dos-motociclistas-heridos\\\/#breadcrumb\"},\"inLanguage\":\"es\",\"potentialAction\":[{\"@type\":\"ReadAction\",\"target\":[\"https:\\\/\\\/informelitoral.com.ar\\\/dos-accidentes-de-transito-en-parana-dejan-dos-motociclistas-heridos\\\/\"]}]},{\"@type\":\"ImageObject\",\"inLanguage\":\"es\",\"@id\":\"https:\\\/\\\/informelitoral.com.ar\\\/dos-accidentes-de-transito-en-parana-dejan-dos-motociclistas-heridos\\\/#primaryimage\",\"url\":\"https:\\\/\\\/elonce-media.elonce.com\\\/fotos\\\/2025\\\/09\\\/10\\\/l_1757510197_38686.webp\",\"contentUrl\":\"https:\\\/\\\/elonce-media.elonce.com\\\/fotos\\\/2025\\\/09\\\/10\\\/l_1757510197_38686.webp\",\"width\":\"1200\",\"height\":\"800\"},{\"@type\":\"BreadcrumbList\",\"@id\":\"https:\\\/\\\/informelitoral.com.ar\\\/dos-accidentes-de-transito-en-parana-dejan-dos-motociclistas-heridos\\\/#breadcrumb\",\"itemListElement\":[{\"@type\":\"ListItem\",\"position\":1,\"name\":\"Portada\",\"item\":\"https:\\\/\\\/informelitoral.com.ar\\\/\"},{\"@type\":\"ListItem\",\"position\":2,\"name\":\"Dos accidentes de tr\u00e1nsito en Paran\u00e1 dejaron a dos motociclistas heridos\"}]},{\"@type\":\"WebSite\",\"@id\":\"https:\\\/\\\/informelitoral.com.ar\\\/#website\",\"url\":\"https:\\\/\\\/informelitoral.com.ar\\\/\",\"name\":\"Informe Litoral\",\"description\":\"&quot;Nos informamos&quot; \",\"publisher\":{\"@id\":\"https:\\\/\\\/informelitoral.com.ar\\\/#organization\"},\"potentialAction\":[{\"@type\":\"SearchAction\",\"target\":{\"@type\":\"EntryPoint\",\"urlTemplate\":\"https:\\\/\\\/informelitoral.com.ar\\\/?s={search_term_string}\"},\"query-input\":{\"@type\":\"PropertyValueSpecification\",\"valueRequired\":true,\"valueName\":\"search_term_string\"}}],\"inLanguage\":\"es\"},{\"@type\":\"Organization\",\"@id\":\"https:\\\/\\\/informelitoral.com.ar\\\/#organization\",\"name\":\"Informe Litoral\",\"url\":\"https:\\\/\\\/informelitoral.com.ar\\\/\",\"logo\":{\"@type\":\"ImageObject\",\"inLanguage\":\"es\",\"@id\":\"https:\\\/\\\/informelitoral.com.ar\\\/#\\\/schema\\\/logo\\\/image\\\/\",\"url\":\"https:\\\/\\\/informelitoral.com.ar\\\/%77%70%2d%63%6f%6e%74%65%6e%74\\\/uploads\\\/2021\\\/01\\\/circulo.png\",\"contentUrl\":\"https:\\\/\\\/informelitoral.com.ar\\\/%77%70%2d%63%6f%6e%74%65%6e%74\\\/uploads\\\/2021\\\/01\\\/circulo.png\",\"width\":723,\"height\":731,\"caption\":\"Informe Litoral\"},\"image\":{\"@id\":\"https:\\\/\\\/informelitoral.com.ar\\\/#\\\/schema\\\/logo\\\/image\\\/\"},\"sameAs\":[\"https:\\\/\\\/www.facebook.com\\\/informelitoral\\\/\",\"https:\\\/\\\/x.com\\\/InformeLitoral\",\"https:\\\/\\\/www.instagram.com\\\/informelitoral\\\/\",\"https:\\\/\\\/www.youtube.com\\\/channel\\\/UCua4Qvz8Icb6MYqhoq9xLXw\"]},{\"@type\":\"Person\",\"@id\":\"https:\\\/\\\/informelitoral.com.ar\\\/#\\\/schema\\\/person\\\/f05f9f461677119578717524b127d6d5\",\"name\":\"Sebastian\",\"image\":{\"@type\":\"ImageObject\",\"inLanguage\":\"es\",\"@id\":\"https:\\\/\\\/secure.gravatar.com\\\/avatar\\\/b71bf7481d447dfb9583c7f2798e7cc64de6efb9067b74633ed8c31059a3bd82?s=96&d=mm&r=g\",\"url\":\"https:\\\/\\\/secure.gravatar.com\\\/avatar\\\/b71bf7481d447dfb9583c7f2798e7cc64de6efb9067b74633ed8c31059a3bd82?s=96&d=mm&r=g\",\"contentUrl\":\"https:\\\/\\\/secure.gravatar.com\\\/avatar\\\/b71bf7481d447dfb9583c7f2798e7cc64de6efb9067b74633ed8c31059a3bd82?s=96&d=mm&r=g\",\"caption\":\"Sebastian\"},\"url\":\"https:\\\/\\\/informelitoral.com.ar\\\/author\\\/sebastian\\\/\"}]}<\/script>","yoast_head_json":{"title":"Dos accidentes de tr\u00e1nsito en Paran\u00e1 dejaron a dos motociclistas heridos - Informe Litoral","robots":{"index":"index","follow":"follow","max-snippet":"max-snippet:-1","max-image-preview":"max-image-preview:large","max-video-preview":"max-video-preview:-1"},"canonical":"https:\/\/informelitoral.com.ar\/dos-accidentes-de-transito-en-parana-dejan-dos-motociclistas-heridos\/","og_locale":"es_ES","og_type":"article","og_title":"Dos accidentes de tr\u00e1nsito en Paran\u00e1 dejaron a dos motociclistas heridos - Informe Litoral","og_description":"Los siniestros ocurrieron en las primeras horas del mi\u00e9rcoles en calles San Luis y Tala, y en avenida de Las Am\u00e9ricas y Pasteur, en la jurisdicci\u00f3n de Comisar\u00eda Segunda.","og_url":"https:\/\/informelitoral.com.ar\/dos-accidentes-de-transito-en-parana-dejan-dos-motociclistas-heridos\/","og_site_name":"Informe Litoral","article_publisher":"https:\/\/www.facebook.com\/informelitoral\/","article_published_time":"2025-09-10T13:52:23+00:00","article_modified_time":"2025-09-10T13:55:11+00:00","og_image":[{"url":"https:\/\/elonce-media.elonce.com\/fotos\/2025\/09\/10\/l_1757510197_38686.webp","type":"","width":"","height":""},{"width":1200,"height":800,"url":"https:\/\/elonce-media.elonce.com\/fotos\/2025\/09\/10\/l_1757510197_38686.webp","type":"image\/jpeg"}],"author":"Sebastian","twitter_card":"summary_large_image","twitter_image":"https:\/\/elonce-media.elonce.com\/fotos\/2025\/09\/10\/l_1757510197_38686.webp","twitter_creator":"@InformeLitoral","twitter_site":"@InformeLitoral","twitter_misc":{"Escrito por":"Sebastian","Tiempo de lectura":"2 minutos"},"schema":{"@context":"https:\/\/schema.org","@graph":[{"@type":"Article","@id":"https:\/\/informelitoral.com.ar\/dos-accidentes-de-transito-en-parana-dejan-dos-motociclistas-heridos\/#article","isPartOf":{"@id":"https:\/\/informelitoral.com.ar\/dos-accidentes-de-transito-en-parana-dejan-dos-motociclistas-heridos\/"},"author":{"name":"Sebastian","@id":"https:\/\/informelitoral.com.ar\/#\/schema\/person\/f05f9f461677119578717524b127d6d5"},"headline":"Dos accidentes de tr\u00e1nsito en Paran\u00e1 dejaron a dos motociclistas heridos","datePublished":"2025-09-10T13:52:23+00:00","dateModified":"2025-09-10T13:55:11+00:00","mainEntityOfPage":{"@id":"https:\/\/informelitoral.com.ar\/dos-accidentes-de-transito-en-parana-dejan-dos-motociclistas-heridos\/"},"wordCount":318,"commentCount":0,"publisher":{"@id":"https:\/\/informelitoral.com.ar\/#organization"},"image":{"@id":"https:\/\/informelitoral.com.ar\/dos-accidentes-de-transito-en-parana-dejan-dos-motociclistas-heridos\/#primaryimage"},"thumbnailUrl":"https:\/\/elonce-media.elonce.com\/fotos\/2025\/09\/10\/l_1757510197_38686.webp","keywords":["Accidentes","Paran\u00e1","Tr\u00e1nsito"],"articleSection":["Policiales"],"inLanguage":"es","potentialAction":[{"@type":"CommentAction","name":"Comment","target":["https:\/\/informelitoral.com.ar\/dos-accidentes-de-transito-en-parana-dejan-dos-motociclistas-heridos\/#respond"]}]},{"@type":"WebPage","@id":"https:\/\/informelitoral.com.ar\/dos-accidentes-de-transito-en-parana-dejan-dos-motociclistas-heridos\/","url":"https:\/\/informelitoral.com.ar\/dos-accidentes-de-transito-en-parana-dejan-dos-motociclistas-heridos\/","name":"Dos accidentes de tr\u00e1nsito en Paran\u00e1 dejaron a dos motociclistas heridos - Informe Litoral","isPartOf":{"@id":"https:\/\/informelitoral.com.ar\/#website"},"primaryImageOfPage":{"@id":"https:\/\/informelitoral.com.ar\/dos-accidentes-de-transito-en-parana-dejan-dos-motociclistas-heridos\/#primaryimage"},"image":{"@id":"https:\/\/informelitoral.com.ar\/dos-accidentes-de-transito-en-parana-dejan-dos-motociclistas-heridos\/#primaryimage"},"thumbnailUrl":"https:\/\/elonce-media.elonce.com\/fotos\/2025\/09\/10\/l_1757510197_38686.webp","datePublished":"2025-09-10T13:52:23+00:00","dateModified":"2025-09-10T13:55:11+00:00","breadcrumb":{"@id":"https:\/\/informelitoral.com.ar\/dos-accidentes-de-transito-en-parana-dejan-dos-motociclistas-heridos\/#breadcrumb"},"inLanguage":"es","potentialAction":[{"@type":"ReadAction","target":["https:\/\/informelitoral.com.ar\/dos-accidentes-de-transito-en-parana-dejan-dos-motociclistas-heridos\/"]}]},{"@type":"ImageObject","inLanguage":"es","@id":"https:\/\/informelitoral.com.ar\/dos-accidentes-de-transito-en-parana-dejan-dos-motociclistas-heridos\/#primaryimage","url":"https:\/\/elonce-media.elonce.com\/fotos\/2025\/09\/10\/l_1757510197_38686.webp","contentUrl":"https:\/\/elonce-media.elonce.com\/fotos\/2025\/09\/10\/l_1757510197_38686.webp","width":"1200","height":"800"},{"@type":"BreadcrumbList","@id":"https:\/\/informelitoral.com.ar\/dos-accidentes-de-transito-en-parana-dejan-dos-motociclistas-heridos\/#breadcrumb","itemListElement":[{"@type":"ListItem","position":1,"name":"Portada","item":"https:\/\/informelitoral.com.ar\/"},{"@type":"ListItem","position":2,"name":"Dos accidentes de tr\u00e1nsito en Paran\u00e1 dejaron a dos motociclistas heridos"}]},{"@type":"WebSite","@id":"https:\/\/informelitoral.com.ar\/#website","url":"https:\/\/informelitoral.com.ar\/","name":"Informe Litoral","description":"&quot;Nos informamos&quot; ","publisher":{"@id":"https:\/\/informelitoral.com.ar\/#organization"},"potentialAction":[{"@type":"SearchAction","target":{"@type":"EntryPoint","urlTemplate":"https:\/\/informelitoral.com.ar\/?s={search_term_string}"},"query-input":{"@type":"PropertyValueSpecification","valueRequired":true,"valueName":"search_term_string"}}],"inLanguage":"es"},{"@type":"Organization","@id":"https:\/\/informelitoral.com.ar\/#organization","name":"Informe Litoral","url":"https:\/\/informelitoral.com.ar\/","logo":{"@type":"ImageObject","inLanguage":"es","@id":"https:\/\/informelitoral.com.ar\/#\/schema\/logo\/image\/","url":"https:\/\/informelitoral.com.ar\/%77%70%2d%63%6f%6e%74%65%6e%74\/uploads\/2021\/01\/circulo.png","contentUrl":"https:\/\/informelitoral.com.ar\/%77%70%2d%63%6f%6e%74%65%6e%74\/uploads\/2021\/01\/circulo.png","width":723,"height":731,"caption":"Informe Litoral"},"image":{"@id":"https:\/\/informelitoral.com.ar\/#\/schema\/logo\/image\/"},"sameAs":["https:\/\/www.facebook.com\/informelitoral\/","https:\/\/x.com\/InformeLitoral","https:\/\/www.instagram.com\/informelitoral\/","https:\/\/www.youtube.com\/channel\/UCua4Qvz8Icb6MYqhoq9xLXw"]},{"@type":"Person","@id":"https:\/\/informelitoral.com.ar\/#\/schema\/person\/f05f9f461677119578717524b127d6d5","name":"Sebastian","image":{"@type":"ImageObject","inLanguage":"es","@id":"https:\/\/secure.gravatar.com\/avatar\/b71bf7481d447dfb9583c7f2798e7cc64de6efb9067b74633ed8c31059a3bd82?s=96&d=mm&r=g","url":"https:\/\/secure.gravatar.com\/avatar\/b71bf7481d447dfb9583c7f2798e7cc64de6efb9067b74633ed8c31059a3bd82?s=96&d=mm&r=g","contentUrl":"https:\/\/secure.gravatar.com\/avatar\/b71bf7481d447dfb9583c7f2798e7cc64de6efb9067b74633ed8c31059a3bd82?s=96&d=mm&r=g","caption":"Sebastian"},"url":"https:\/\/informelitoral.com.ar\/author\/sebastian\/"}]}},"fifu_image_url":"https:\/\/elonce-media.elonce.com\/fotos\/2025\/09\/10\/l_1757510197_38686.webp","_links":{"self":[{"href":"https:\/\/informelitoral.com.ar\/%77%70%2d%6a%73%6f%6e\/wp\/v2\/posts\/233489","targetHints":{"allow":["GET"]}}],"collection":[{"href":"https:\/\/informelitoral.com.ar\/%77%70%2d%6a%73%6f%6e\/wp\/v2\/posts"}],"about":[{"href":"https:\/\/informelitoral.com.ar\/%77%70%2d%6a%73%6f%6e\/wp\/v2\/types\/post"}],"author":[{"embeddable":true,"href":"https:\/\/informelitoral.com.ar\/%77%70%2d%6a%73%6f%6e\/wp\/v2\/users\/8"}],"replies":[{"embeddable":true,"href":"https:\/\/informelitoral.com.ar\/%77%70%2d%6a%73%6f%6e\/wp\/v2\/comments?post=233489"}],"version-history":[{"count":3,"href":"https:\/\/informelitoral.com.ar\/%77%70%2d%6a%73%6f%6e\/wp\/v2\/posts\/233489\/revisions"}],"predecessor-version":[{"id":233494,"href":"https:\/\/informelitoral.com.ar\/%77%70%2d%6a%73%6f%6e\/wp\/v2\/posts\/233489\/revisions\/233494"}],"wp:featuredmedia":[{"embeddable":true,"href":"https:\/\/informelitoral.com.ar\/%77%70%2d%6a%73%6f%6e\/wp\/v2\/media\/233492"}],"wp:attachment":[{"href":"https:\/\/informelitoral.com.ar\/%77%70%2d%6a%73%6f%6e\/wp\/v2\/media?parent=233489"}],"wp:term":[{"taxonomy":"category","embeddable":true,"href":"https:\/\/informelitoral.com.ar\/%77%70%2d%6a%73%6f%6e\/wp\/v2\/categories?post=233489"},{"taxonomy":"post_tag","embeddable":true,"href":"https:\/\/informelitoral.com.ar\/%77%70%2d%6a%73%6f%6e\/wp\/v2\/tags?post=233489"}],"curies":[{"name":"wp","href":"https:\/\/api.w.org\/{rel}","templated":true}]}}