{"id":233466,"date":"2025-09-10T10:26:03","date_gmt":"2025-09-10T13:26:03","guid":{"rendered":"https:\/\/informelitoral.com.ar\/?p=233466"},"modified":"2025-09-10T10:26:03","modified_gmt":"2025-09-10T13:26:03","slug":"hoy-se-conocera-la-inflacion-de-agosto","status":"publish","type":"post","link":"https:\/\/informelitoral.com.ar\/hoy-se-conocera-la-inflacion-de-agosto\/","title":{"rendered":"Hoy se conocer\u00e1 la inflaci\u00f3n de agosto"},"content":{"rendered":"<div id=\"f0661aa6f483485c\" class=\"conversation-container message-actions-hover-boundary ng-star-inserted\">\n<div>\n<div class=\"response-container ng-tns-c3043157678-34 response-container-with-gpi ng-star-inserted\" data-hveid=\"1\">\n<div class=\"presented-response-container ng-tns-c3043157678-34\">\n<div class=\"response-container-content ng-tns-c3043157678-34\">\n<div class=\"response-content ng-tns-c3043157678-34\">\n<div id=\"model-response-message-contentr_f0661aa6f483485c\" class=\"markdown markdown-main-panel enable-updated-hr-color\" dir=\"ltr\"><\/div>\n<\/div>\n<\/div>\n<\/div>\n<\/div>\n<\/div>\n<\/div>\n<div id=\"8d132952ec14755c\" class=\"conversation-container message-actions-hover-boundary ng-star-inserted\">\n<div class=\"response-container ng-tns-c3043157678-39 response-container-with-gpi ng-star-inserted\" data-hveid=\"1\">\n<div class=\"presented-response-container ng-tns-c3043157678-39\">\n<div class=\"response-container-content ng-tns-c3043157678-39\">\n<div class=\"response-content ng-tns-c3043157678-39\">\n<div id=\"model-response-message-contentr_8d132952ec14755c\" class=\"markdown markdown-main-panel enable-updated-hr-color\" dir=\"ltr\">\n<p>El <b>Instituto Nacional de Estad\u00edstica y Censos (INDEC)<\/b> dar\u00e1 a conocer hoy el <b>\u00cdndice de Precios al Consumidor (IPC)<\/b> de agosto. La expectativa en el mercado es alta, ya que la mayor\u00eda de las proyecciones sugieren que la inflaci\u00f3n mensual podr\u00eda superar el 2%, un nivel no visto en los \u00faltimos cuatro meses.<\/p>\n<p>El <b>Relevamiento de Expectativas de Mercado (REM)<\/b> del <b>Banco Central (BCRA)<\/b>, que agrupa a consultoras y entidades financieras, estim\u00f3 una inflaci\u00f3n del 2,1% para agosto. Este valor representa un aumento de 0,4 puntos porcentuales respecto a la estimaci\u00f3n anterior. Para el <b>IPC N\u00facleo<\/b>, las proyecciones del REM se ubican en 2,0%. Si estas estimaciones se confirman, se revertir\u00eda la tendencia descendente observada en los \u00faltimos meses.<\/p>\n<p>Por otro lado, algunas consultoras privadas manejan proyecciones m\u00e1s bajas, ubicando la inflaci\u00f3n de agosto entre 1,6% y 1,8%. Estas estimaciones sugieren un posible freno en el ritmo de subas de precios en comparaci\u00f3n con el 1,9% de julio.<\/p>\n<p>En la <b>Ciudad de Buenos Aires<\/b>, la inflaci\u00f3n de agosto se desaceler\u00f3 al 1,6%, por debajo del 1,9% registrado en julio, seg\u00fan inform\u00f3 la Direcci\u00f3n de Estad\u00edstica porte\u00f1a. En el \u00faltimo a\u00f1o, los precios en la capital subieron 37,4%, y la variaci\u00f3n acumulada desde enero es del 20%.<\/p>\n<p>La suba de precios en la Ciudad de Buenos Aires estuvo impulsada principalmente por:<\/p>\n<ul>\n<li><b>Servicios financieros:<\/b> 5,7%<\/li>\n<li><b>Transporte:<\/b> 3,0% (por los aumentos en combustibles y lubricantes)<\/li>\n<li><b>Salud:<\/b> 2,1% (por el alza en medicamentos y prepagas)<\/li>\n<li><b>Vivienda:<\/b> 1,9% (por las subas en tarifas de servicios p\u00fablicos)<\/li>\n<\/ul>\n<p>Los alimentos, en cambio, mostraron una suba del 1%, por debajo del promedio. Dentro de este rubro, se destacaron las subas en pan y cereales (2,2%) y frutas (5,5%), mientras que las verduras, tub\u00e9rculos y legumbres mostraron una baja de 1,2%.<\/p>\n<\/div>\n<\/div>\n<\/div>\n<\/div>\n<\/div>\n<\/div>\n","protected":false},"excerpt":{"rendered":"<p>El dato oficial del \u00cdndice de Precios al Consumidor se publica esta tarde y las proyecciones de consultoras y el Banco Central anticipan una suba que romper\u00eda la racha de los \u00faltimos meses.<\/p>\n","protected":false},"author":8,"featured_media":73748,"comment_status":"open","ping_status":"open","sticky":false,"template":"","format":"standard","meta":{"fifu_image_url":"","fifu_image_alt":"","footnotes":""},"categories":[1594],"tags":[78,95],"class_list":{"0":"post-233466","1":"post","2":"type-post","3":"status-publish","4":"format-standard","5":"has-post-thumbnail","7":"category-economia","8":"tag-indec","9":"tag-inflacion"},"yoast_head":"<title>Hoy se conocer\u00e1 la inflaci\u00f3n de agosto - Informe Litoral<\/title>\n<meta name=\"robots\" content=\"index, follow, max-snippet:-1, max-image-preview:large, max-video-preview:-1\" \/>\n<link rel=\"canonical\" href=\"https:\/\/informelitoral.com.ar\/hoy-se-conocera-la-inflacion-de-agosto\/\" \/>\n<meta property=\"og:locale\" content=\"es_ES\" \/>\n<meta property=\"og:type\" content=\"article\" \/>\n<meta property=\"og:title\" content=\"Hoy se conocer\u00e1 la inflaci\u00f3n de agosto - Informe Litoral\" \/>\n<meta property=\"og:description\" content=\"El dato oficial del \u00cdndice de Precios al Consumidor se publica esta tarde y las proyecciones de consultoras y el Banco Central anticipan una suba que romper\u00eda la racha de los \u00faltimos meses.\" \/>\n<meta property=\"og:url\" content=\"https:\/\/informelitoral.com.ar\/hoy-se-conocera-la-inflacion-de-agosto\/\" \/>\n<meta property=\"og:site_name\" content=\"Informe Litoral\" \/>\n<meta property=\"article:publisher\" content=\"https:\/\/www.facebook.com\/informelitoral\/\" \/>\n<meta property=\"article:published_time\" content=\"2025-09-10T13:26:03+00:00\" \/>\n<meta property=\"og:image\" content=\"https:\/\/informelitoral.com.ar\/%77%70%2d%63%6f%6e%74%65%6e%74\/uploads\/2022\/03\/600x400_Supermercado-1.jpg\" \/>\n\t<meta property=\"og:image:width\" content=\"600\" \/>\n\t<meta property=\"og:image:height\" content=\"400\" \/>\n\t<meta property=\"og:image:type\" content=\"image\/jpeg\" \/>\n<meta name=\"author\" content=\"Sebastian\" \/>\n<meta name=\"twitter:card\" content=\"summary_large_image\" \/>\n<meta name=\"twitter:creator\" content=\"@InformeLitoral\" \/>\n<meta name=\"twitter:site\" content=\"@InformeLitoral\" \/>\n<meta name=\"twitter:label1\" content=\"Escrito por\" \/>\n\t<meta name=\"twitter:data1\" content=\"Sebastian\" \/>\n\t<meta name=\"twitter:label2\" content=\"Tiempo de lectura\" \/>\n\t<meta name=\"twitter:data2\" content=\"2 minutos\" \/>\n<script type=\"application\/ld+json\" class=\"yoast-schema-graph\">{\"@context\":\"https:\\\/\\\/schema.org\",\"@graph\":[{\"@type\":\"Article\",\"@id\":\"https:\\\/\\\/informelitoral.com.ar\\\/hoy-se-conocera-la-inflacion-de-agosto\\\/#article\",\"isPartOf\":{\"@id\":\"https:\\\/\\\/informelitoral.com.ar\\\/hoy-se-conocera-la-inflacion-de-agosto\\\/\"},\"author\":{\"name\":\"Sebastian\",\"@id\":\"https:\\\/\\\/informelitoral.com.ar\\\/#\\\/schema\\\/person\\\/f05f9f461677119578717524b127d6d5\"},\"headline\":\"Hoy se conocer\u00e1 la inflaci\u00f3n de agosto\",\"datePublished\":\"2025-09-10T13:26:03+00:00\",\"mainEntityOfPage\":{\"@id\":\"https:\\\/\\\/informelitoral.com.ar\\\/hoy-se-conocera-la-inflacion-de-agosto\\\/\"},\"wordCount\":301,\"commentCount\":0,\"publisher\":{\"@id\":\"https:\\\/\\\/informelitoral.com.ar\\\/#organization\"},\"image\":{\"@id\":\"https:\\\/\\\/informelitoral.com.ar\\\/hoy-se-conocera-la-inflacion-de-agosto\\\/#primaryimage\"},\"thumbnailUrl\":\"https:\\\/\\\/informelitoral.com.ar\\\/%77%70%2d%63%6f%6e%74%65%6e%74\\\/uploads\\\/2022\\\/03\\\/600x400_Supermercado-1.jpg\",\"keywords\":[\"Indec\",\"Inflaci\u00f3n\"],\"articleSection\":[\"Econom\u00eda\"],\"inLanguage\":\"es\",\"potentialAction\":[{\"@type\":\"CommentAction\",\"name\":\"Comment\",\"target\":[\"https:\\\/\\\/informelitoral.com.ar\\\/hoy-se-conocera-la-inflacion-de-agosto\\\/#respond\"]}]},{\"@type\":\"WebPage\",\"@id\":\"https:\\\/\\\/informelitoral.com.ar\\\/hoy-se-conocera-la-inflacion-de-agosto\\\/\",\"url\":\"https:\\\/\\\/informelitoral.com.ar\\\/hoy-se-conocera-la-inflacion-de-agosto\\\/\",\"name\":\"Hoy se conocer\u00e1 la inflaci\u00f3n de agosto - Informe Litoral\",\"isPartOf\":{\"@id\":\"https:\\\/\\\/informelitoral.com.ar\\\/#website\"},\"primaryImageOfPage\":{\"@id\":\"https:\\\/\\\/informelitoral.com.ar\\\/hoy-se-conocera-la-inflacion-de-agosto\\\/#primaryimage\"},\"image\":{\"@id\":\"https:\\\/\\\/informelitoral.com.ar\\\/hoy-se-conocera-la-inflacion-de-agosto\\\/#primaryimage\"},\"thumbnailUrl\":\"https:\\\/\\\/informelitoral.com.ar\\\/%77%70%2d%63%6f%6e%74%65%6e%74\\\/uploads\\\/2022\\\/03\\\/600x400_Supermercado-1.jpg\",\"datePublished\":\"2025-09-10T13:26:03+00:00\",\"breadcrumb\":{\"@id\":\"https:\\\/\\\/informelitoral.com.ar\\\/hoy-se-conocera-la-inflacion-de-agosto\\\/#breadcrumb\"},\"inLanguage\":\"es\",\"potentialAction\":[{\"@type\":\"ReadAction\",\"target\":[\"https:\\\/\\\/informelitoral.com.ar\\\/hoy-se-conocera-la-inflacion-de-agosto\\\/\"]}]},{\"@type\":\"ImageObject\",\"inLanguage\":\"es\",\"@id\":\"https:\\\/\\\/informelitoral.com.ar\\\/hoy-se-conocera-la-inflacion-de-agosto\\\/#primaryimage\",\"url\":\"https:\\\/\\\/informelitoral.com.ar\\\/%77%70%2d%63%6f%6e%74%65%6e%74\\\/uploads\\\/2022\\\/03\\\/600x400_Supermercado-1.jpg\",\"contentUrl\":\"https:\\\/\\\/informelitoral.com.ar\\\/%77%70%2d%63%6f%6e%74%65%6e%74\\\/uploads\\\/2022\\\/03\\\/600x400_Supermercado-1.jpg\",\"width\":600,\"height\":400},{\"@type\":\"BreadcrumbList\",\"@id\":\"https:\\\/\\\/informelitoral.com.ar\\\/hoy-se-conocera-la-inflacion-de-agosto\\\/#breadcrumb\",\"itemListElement\":[{\"@type\":\"ListItem\",\"position\":1,\"name\":\"Portada\",\"item\":\"https:\\\/\\\/informelitoral.com.ar\\\/\"},{\"@type\":\"ListItem\",\"position\":2,\"name\":\"Hoy se conocer\u00e1 la inflaci\u00f3n de agosto\"}]},{\"@type\":\"WebSite\",\"@id\":\"https:\\\/\\\/informelitoral.com.ar\\\/#website\",\"url\":\"https:\\\/\\\/informelitoral.com.ar\\\/\",\"name\":\"Informe Litoral\",\"description\":\"&quot;Nos informamos&quot; \",\"publisher\":{\"@id\":\"https:\\\/\\\/informelitoral.com.ar\\\/#organization\"},\"potentialAction\":[{\"@type\":\"SearchAction\",\"target\":{\"@type\":\"EntryPoint\",\"urlTemplate\":\"https:\\\/\\\/informelitoral.com.ar\\\/?s={search_term_string}\"},\"query-input\":{\"@type\":\"PropertyValueSpecification\",\"valueRequired\":true,\"valueName\":\"search_term_string\"}}],\"inLanguage\":\"es\"},{\"@type\":\"Organization\",\"@id\":\"https:\\\/\\\/informelitoral.com.ar\\\/#organization\",\"name\":\"Informe Litoral\",\"url\":\"https:\\\/\\\/informelitoral.com.ar\\\/\",\"logo\":{\"@type\":\"ImageObject\",\"inLanguage\":\"es\",\"@id\":\"https:\\\/\\\/informelitoral.com.ar\\\/#\\\/schema\\\/logo\\\/image\\\/\",\"url\":\"https:\\\/\\\/informelitoral.com.ar\\\/%77%70%2d%63%6f%6e%74%65%6e%74\\\/uploads\\\/2021\\\/01\\\/circulo.png\",\"contentUrl\":\"https:\\\/\\\/informelitoral.com.ar\\\/%77%70%2d%63%6f%6e%74%65%6e%74\\\/uploads\\\/2021\\\/01\\\/circulo.png\",\"width\":723,\"height\":731,\"caption\":\"Informe Litoral\"},\"image\":{\"@id\":\"https:\\\/\\\/informelitoral.com.ar\\\/#\\\/schema\\\/logo\\\/image\\\/\"},\"sameAs\":[\"https:\\\/\\\/www.facebook.com\\\/informelitoral\\\/\",\"https:\\\/\\\/x.com\\\/InformeLitoral\",\"https:\\\/\\\/www.instagram.com\\\/informelitoral\\\/\",\"https:\\\/\\\/www.youtube.com\\\/channel\\\/UCua4Qvz8Icb6MYqhoq9xLXw\"]},{\"@type\":\"Person\",\"@id\":\"https:\\\/\\\/informelitoral.com.ar\\\/#\\\/schema\\\/person\\\/f05f9f461677119578717524b127d6d5\",\"name\":\"Sebastian\",\"image\":{\"@type\":\"ImageObject\",\"inLanguage\":\"es\",\"@id\":\"https:\\\/\\\/secure.gravatar.com\\\/avatar\\\/b71bf7481d447dfb9583c7f2798e7cc64de6efb9067b74633ed8c31059a3bd82?s=96&d=mm&r=g\",\"url\":\"https:\\\/\\\/secure.gravatar.com\\\/avatar\\\/b71bf7481d447dfb9583c7f2798e7cc64de6efb9067b74633ed8c31059a3bd82?s=96&d=mm&r=g\",\"contentUrl\":\"https:\\\/\\\/secure.gravatar.com\\\/avatar\\\/b71bf7481d447dfb9583c7f2798e7cc64de6efb9067b74633ed8c31059a3bd82?s=96&d=mm&r=g\",\"caption\":\"Sebastian\"},\"url\":\"https:\\\/\\\/informelitoral.com.ar\\\/author\\\/sebastian\\\/\"}]}<\/script>","yoast_head_json":{"title":"Hoy se conocer\u00e1 la inflaci\u00f3n de agosto - Informe Litoral","robots":{"index":"index","follow":"follow","max-snippet":"max-snippet:-1","max-image-preview":"max-image-preview:large","max-video-preview":"max-video-preview:-1"},"canonical":"https:\/\/informelitoral.com.ar\/hoy-se-conocera-la-inflacion-de-agosto\/","og_locale":"es_ES","og_type":"article","og_title":"Hoy se conocer\u00e1 la inflaci\u00f3n de agosto - Informe Litoral","og_description":"El dato oficial del \u00cdndice de Precios al Consumidor se publica esta tarde y las proyecciones de consultoras y el Banco Central anticipan una suba que romper\u00eda la racha de los \u00faltimos meses.","og_url":"https:\/\/informelitoral.com.ar\/hoy-se-conocera-la-inflacion-de-agosto\/","og_site_name":"Informe Litoral","article_publisher":"https:\/\/www.facebook.com\/informelitoral\/","article_published_time":"2025-09-10T13:26:03+00:00","og_image":[{"width":600,"height":400,"url":"https:\/\/informelitoral.com.ar\/%77%70%2d%63%6f%6e%74%65%6e%74\/uploads\/2022\/03\/600x400_Supermercado-1.jpg","type":"image\/jpeg"}],"author":"Sebastian","twitter_card":"summary_large_image","twitter_creator":"@InformeLitoral","twitter_site":"@InformeLitoral","twitter_misc":{"Escrito por":"Sebastian","Tiempo de lectura":"2 minutos"},"schema":{"@context":"https:\/\/schema.org","@graph":[{"@type":"Article","@id":"https:\/\/informelitoral.com.ar\/hoy-se-conocera-la-inflacion-de-agosto\/#article","isPartOf":{"@id":"https:\/\/informelitoral.com.ar\/hoy-se-conocera-la-inflacion-de-agosto\/"},"author":{"name":"Sebastian","@id":"https:\/\/informelitoral.com.ar\/#\/schema\/person\/f05f9f461677119578717524b127d6d5"},"headline":"Hoy se conocer\u00e1 la inflaci\u00f3n de agosto","datePublished":"2025-09-10T13:26:03+00:00","mainEntityOfPage":{"@id":"https:\/\/informelitoral.com.ar\/hoy-se-conocera-la-inflacion-de-agosto\/"},"wordCount":301,"commentCount":0,"publisher":{"@id":"https:\/\/informelitoral.com.ar\/#organization"},"image":{"@id":"https:\/\/informelitoral.com.ar\/hoy-se-conocera-la-inflacion-de-agosto\/#primaryimage"},"thumbnailUrl":"https:\/\/informelitoral.com.ar\/%77%70%2d%63%6f%6e%74%65%6e%74\/uploads\/2022\/03\/600x400_Supermercado-1.jpg","keywords":["Indec","Inflaci\u00f3n"],"articleSection":["Econom\u00eda"],"inLanguage":"es","potentialAction":[{"@type":"CommentAction","name":"Comment","target":["https:\/\/informelitoral.com.ar\/hoy-se-conocera-la-inflacion-de-agosto\/#respond"]}]},{"@type":"WebPage","@id":"https:\/\/informelitoral.com.ar\/hoy-se-conocera-la-inflacion-de-agosto\/","url":"https:\/\/informelitoral.com.ar\/hoy-se-conocera-la-inflacion-de-agosto\/","name":"Hoy se conocer\u00e1 la inflaci\u00f3n de agosto - Informe Litoral","isPartOf":{"@id":"https:\/\/informelitoral.com.ar\/#website"},"primaryImageOfPage":{"@id":"https:\/\/informelitoral.com.ar\/hoy-se-conocera-la-inflacion-de-agosto\/#primaryimage"},"image":{"@id":"https:\/\/informelitoral.com.ar\/hoy-se-conocera-la-inflacion-de-agosto\/#primaryimage"},"thumbnailUrl":"https:\/\/informelitoral.com.ar\/%77%70%2d%63%6f%6e%74%65%6e%74\/uploads\/2022\/03\/600x400_Supermercado-1.jpg","datePublished":"2025-09-10T13:26:03+00:00","breadcrumb":{"@id":"https:\/\/informelitoral.com.ar\/hoy-se-conocera-la-inflacion-de-agosto\/#breadcrumb"},"inLanguage":"es","potentialAction":[{"@type":"ReadAction","target":["https:\/\/informelitoral.com.ar\/hoy-se-conocera-la-inflacion-de-agosto\/"]}]},{"@type":"ImageObject","inLanguage":"es","@id":"https:\/\/informelitoral.com.ar\/hoy-se-conocera-la-inflacion-de-agosto\/#primaryimage","url":"https:\/\/informelitoral.com.ar\/%77%70%2d%63%6f%6e%74%65%6e%74\/uploads\/2022\/03\/600x400_Supermercado-1.jpg","contentUrl":"https:\/\/informelitoral.com.ar\/%77%70%2d%63%6f%6e%74%65%6e%74\/uploads\/2022\/03\/600x400_Supermercado-1.jpg","width":600,"height":400},{"@type":"BreadcrumbList","@id":"https:\/\/informelitoral.com.ar\/hoy-se-conocera-la-inflacion-de-agosto\/#breadcrumb","itemListElement":[{"@type":"ListItem","position":1,"name":"Portada","item":"https:\/\/informelitoral.com.ar\/"},{"@type":"ListItem","position":2,"name":"Hoy se conocer\u00e1 la inflaci\u00f3n de agosto"}]},{"@type":"WebSite","@id":"https:\/\/informelitoral.com.ar\/#website","url":"https:\/\/informelitoral.com.ar\/","name":"Informe Litoral","description":"&quot;Nos informamos&quot; ","publisher":{"@id":"https:\/\/informelitoral.com.ar\/#organization"},"potentialAction":[{"@type":"SearchAction","target":{"@type":"EntryPoint","urlTemplate":"https:\/\/informelitoral.com.ar\/?s={search_term_string}"},"query-input":{"@type":"PropertyValueSpecification","valueRequired":true,"valueName":"search_term_string"}}],"inLanguage":"es"},{"@type":"Organization","@id":"https:\/\/informelitoral.com.ar\/#organization","name":"Informe Litoral","url":"https:\/\/informelitoral.com.ar\/","logo":{"@type":"ImageObject","inLanguage":"es","@id":"https:\/\/informelitoral.com.ar\/#\/schema\/logo\/image\/","url":"https:\/\/informelitoral.com.ar\/%77%70%2d%63%6f%6e%74%65%6e%74\/uploads\/2021\/01\/circulo.png","contentUrl":"https:\/\/informelitoral.com.ar\/%77%70%2d%63%6f%6e%74%65%6e%74\/uploads\/2021\/01\/circulo.png","width":723,"height":731,"caption":"Informe Litoral"},"image":{"@id":"https:\/\/informelitoral.com.ar\/#\/schema\/logo\/image\/"},"sameAs":["https:\/\/www.facebook.com\/informelitoral\/","https:\/\/x.com\/InformeLitoral","https:\/\/www.instagram.com\/informelitoral\/","https:\/\/www.youtube.com\/channel\/UCua4Qvz8Icb6MYqhoq9xLXw"]},{"@type":"Person","@id":"https:\/\/informelitoral.com.ar\/#\/schema\/person\/f05f9f461677119578717524b127d6d5","name":"Sebastian","image":{"@type":"ImageObject","inLanguage":"es","@id":"https:\/\/secure.gravatar.com\/avatar\/b71bf7481d447dfb9583c7f2798e7cc64de6efb9067b74633ed8c31059a3bd82?s=96&d=mm&r=g","url":"https:\/\/secure.gravatar.com\/avatar\/b71bf7481d447dfb9583c7f2798e7cc64de6efb9067b74633ed8c31059a3bd82?s=96&d=mm&r=g","contentUrl":"https:\/\/secure.gravatar.com\/avatar\/b71bf7481d447dfb9583c7f2798e7cc64de6efb9067b74633ed8c31059a3bd82?s=96&d=mm&r=g","caption":"Sebastian"},"url":"https:\/\/informelitoral.com.ar\/author\/sebastian\/"}]}},"_links":{"self":[{"href":"https:\/\/informelitoral.com.ar\/%77%70%2d%6a%73%6f%6e\/wp\/v2\/posts\/233466","targetHints":{"allow":["GET"]}}],"collection":[{"href":"https:\/\/informelitoral.com.ar\/%77%70%2d%6a%73%6f%6e\/wp\/v2\/posts"}],"about":[{"href":"https:\/\/informelitoral.com.ar\/%77%70%2d%6a%73%6f%6e\/wp\/v2\/types\/post"}],"author":[{"embeddable":true,"href":"https:\/\/informelitoral.com.ar\/%77%70%2d%6a%73%6f%6e\/wp\/v2\/users\/8"}],"replies":[{"embeddable":true,"href":"https:\/\/informelitoral.com.ar\/%77%70%2d%6a%73%6f%6e\/wp\/v2\/comments?post=233466"}],"version-history":[{"count":1,"href":"https:\/\/informelitoral.com.ar\/%77%70%2d%6a%73%6f%6e\/wp\/v2\/posts\/233466\/revisions"}],"predecessor-version":[{"id":233467,"href":"https:\/\/informelitoral.com.ar\/%77%70%2d%6a%73%6f%6e\/wp\/v2\/posts\/233466\/revisions\/233467"}],"wp:featuredmedia":[{"embeddable":true,"href":"https:\/\/informelitoral.com.ar\/%77%70%2d%6a%73%6f%6e\/wp\/v2\/media\/73748"}],"wp:attachment":[{"href":"https:\/\/informelitoral.com.ar\/%77%70%2d%6a%73%6f%6e\/wp\/v2\/media?parent=233466"}],"wp:term":[{"taxonomy":"category","embeddable":true,"href":"https:\/\/informelitoral.com.ar\/%77%70%2d%6a%73%6f%6e\/wp\/v2\/categories?post=233466"},{"taxonomy":"post_tag","embeddable":true,"href":"https:\/\/informelitoral.com.ar\/%77%70%2d%6a%73%6f%6e\/wp\/v2\/tags?post=233466"}],"curies":[{"name":"wp","href":"https:\/\/api.w.org\/{rel}","templated":true}]}}