{"id":233458,"date":"2025-09-10T10:16:11","date_gmt":"2025-09-10T13:16:11","guid":{"rendered":"https:\/\/informelitoral.com.ar\/?p=233458"},"modified":"2025-09-10T10:19:25","modified_gmt":"2025-09-10T13:19:25","slug":"el-gobierno-designo-directores-en-vialidad-nacional-y-otros-organismos-tras-el-rechazo-del-congreso","status":"publish","type":"post","link":"https:\/\/informelitoral.com.ar\/el-gobierno-designo-directores-en-vialidad-nacional-y-otros-organismos-tras-el-rechazo-del-congreso\/","title":{"rendered":"El Gobierno design\u00f3 directores en Vialidad Nacional y otros organismos tras el rechazo del Congreso"},"content":{"rendered":"<p>El Gobierno nacional ha designado a los directores de varios organismos vinculados al transporte vial, revirtiendo su intenci\u00f3n original de reestructurar y cerrar estas entidades. La decisi\u00f3n se formaliz\u00f3 a trav\u00e9s de una serie de decretos publicados en el Bolet\u00edn Oficial, nombrando a los responsables de la <b>Junta de Seguridad en el Transporte (JST)<\/b>, la <b>Direcci\u00f3n Nacional de Vialidad (DNV)<\/b>, la <b>Comisi\u00f3n Nacional de Regulaci\u00f3n del Transporte (CNRT)<\/b> y la <b>Agencia Nacional de Seguridad Vial (ANSV)<\/b>.<\/p>\n<p>Esta medida se produce despu\u00e9s de que el Congreso Nacional rechazara los decretos del Poder Ejecutivo que buscaban la disoluci\u00f3n o modificaci\u00f3n de estos organismos.<\/p>\n<p><img decoding=\"async\" src=\"https:\/\/semanariodejunin.com.ar\/uploads\/noticias\/5\/2025\/07\/20250703110602_199465-3.jpg\" alt=\"El Gobierno disolver\u00eda Vialidad Nacional - Semanario de Jun\u00edn\" \/><\/p>\n<h2><strong>Designaciones y restablecimiento de funciones<\/strong><\/h2>\n<p>Mediante los Decretos 638\/2025 y 639\/2025, el Gobierno restituy\u00f3 a <b>Federico Suleta<\/b> al frente de la JST y a <b>Marcelo Campoy<\/b> como titular de la DNV, respectivamente. Estos nombramientos se dan tras un per\u00edodo de incertidumbre en el que los organismos hab\u00edan quedado sin sus m\u00e1ximas autoridades.<\/p>\n<p>En el caso de la CNRT, el Decreto 640\/2025 nombr\u00f3 a <b>Carlos Frugoni<\/b> como su nuevo director, mientras que el Decreto 641\/2025 design\u00f3 a <b>Nicol\u00e1s Dapena Fern\u00e1ndez<\/b> para dirigir la ANSV. Ambos funcionarios reemplazan a sus antecesores y asumen sus roles despu\u00e9s de que las propuestas de cierre fueran frenadas.<\/p>\n<p>El Ejecutivo hab\u00eda intentado cerrar y reestructurar la Direcci\u00f3n Nacional de Vialidad junto con las \u00e1reas reguladoras del tr\u00e1nsito y la seguridad vial, una decisi\u00f3n anunciada por el vocero Manuel Adorni. El Decreto 461\/2025 de principios de julio, que tambi\u00e9n propuso la creaci\u00f3n de la Agencia de Controles y Servicios P\u00fablicos del Transporte en reemplazo de la CNRT, fue suspendido por la Justicia y posteriormente rechazado por el Parlamento, lo que llev\u00f3 a la restauraci\u00f3n de los organismos y, ahora, a la asignaci\u00f3n de nuevos directivos.<\/p>\n<h2><strong>Cambios en otros organismos<\/strong><\/h2>\n<p>De manera similar, el Gobierno design\u00f3 nuevos responsables para el <b>Instituto Nacional de Tecnolog\u00eda Industrial (INTI)<\/b> y el <b>Instituto Nacional de Propiedad Intelectual (INPI)<\/b>, luego de que sus propuestas de reestructuraci\u00f3n tambi\u00e9n fueran rechazadas por el Congreso.<\/p>\n<p>A trav\u00e9s del Decreto 642\/2025, <b>Miguel \u00c1ngel Romero<\/b> fue nombrado presidente del Consejo Directivo del INTI, aceptando la renuncia de su antecesor. En el INPI, <b>Carlos Mar\u00eda Gallo<\/b> asumi\u00f3 como nuevo titular a partir del 3 de septiembre.<\/p>\n<p>Adicionalmente, se inform\u00f3 de un cambio en el Ministerio de Econom\u00eda, donde <b>Franco Germ\u00e1n Simon<\/b> fue designado Subsecretario Legal de la Secretar\u00eda Legal y Administrativa, reemplazando a Alejandro Speroni.<\/p>\n<h6><em><strong>Del archivo:\u00a0<a href=\"https:\/\/informelitoral.com.ar\/el-gobierno-restituye-decretos-de-vialidad-inta-e-inti\/\" target=\"_blank\" rel=\"noopener\">El Gobierno restituye decretos de Vialidad, INTA e INTI<\/a><\/strong><\/em><\/h6>\n","protected":false},"excerpt":{"rendered":"<p>La medida revierte la intenci\u00f3n de disolver la DNV, la JST, la CNRT y la ANSV, y nombra a nuevos funcionarios para dirigir estas \u00e1reas.<\/p>\n","protected":false},"author":8,"featured_media":233459,"comment_status":"open","ping_status":"open","sticky":false,"template":"","format":"standard","meta":{"fifu_image_url":"https:\/\/resizer.iproimg.com\/unsafe\/1280x\/filters:format(webp):quality(85):max_bytes(102400)\/https:\/\/assets.iprofesional.com\/assets\/jpg\/2025\/02\/591650.jpg","fifu_image_alt":"","footnotes":""},"categories":[7],"tags":[6013,6014,233,3063],"class_list":{"0":"post-233458","1":"post","2":"type-post","3":"status-publish","4":"format-standard","5":"has-post-thumbnail","7":"category-nacionales","8":"tag-designacion","9":"tag-directores","10":"tag-gobierno-nacional","11":"tag-vialidad-nacional"},"yoast_head":"<title>El Gobierno design\u00f3 directores en Vialidad Nacional y otros organismos tras el rechazo del Congreso - Informe Litoral<\/title>\n<meta name=\"robots\" content=\"index, follow, max-snippet:-1, max-image-preview:large, max-video-preview:-1\" \/>\n<link rel=\"canonical\" href=\"https:\/\/informelitoral.com.ar\/el-gobierno-designo-directores-en-vialidad-nacional-y-otros-organismos-tras-el-rechazo-del-congreso\/\" \/>\n<meta property=\"og:locale\" content=\"es_ES\" \/>\n<meta property=\"og:type\" content=\"article\" \/>\n<meta property=\"og:title\" content=\"El Gobierno design\u00f3 directores en Vialidad Nacional y otros organismos tras el rechazo del Congreso - Informe Litoral\" \/>\n<meta property=\"og:description\" content=\"La medida revierte la intenci\u00f3n de disolver la DNV, la JST, la CNRT y la ANSV, y nombra a nuevos funcionarios para dirigir estas \u00e1reas.\" \/>\n<meta property=\"og:url\" content=\"https:\/\/informelitoral.com.ar\/el-gobierno-designo-directores-en-vialidad-nacional-y-otros-organismos-tras-el-rechazo-del-congreso\/\" \/>\n<meta property=\"og:site_name\" content=\"Informe Litoral\" \/>\n<meta property=\"article:publisher\" content=\"https:\/\/www.facebook.com\/informelitoral\/\" \/>\n<meta property=\"article:published_time\" content=\"2025-09-10T13:16:11+00:00\" \/>\n<meta property=\"article:modified_time\" content=\"2025-09-10T13:19:25+00:00\" \/>\n<meta property=\"og:image\" content=\"https:\/\/resizer.iproimg.com\/unsafe\/1280x\/filters:format(webp):quality(85):max_bytes(102400)\/https:\/\/assets.iprofesional.com\/assets\/jpg\/2025\/02\/591650.jpg\" \/><meta property=\"og:image\" content=\"https:\/\/resizer.iproimg.com\/unsafe\/1280x\/filters:format(webp):quality(85):max_bytes(102400)\/https:\/\/assets.iprofesional.com\/assets\/jpg\/2025\/02\/591650.jpg\" \/>\n\t<meta property=\"og:image:width\" content=\"1280\" \/>\n\t<meta property=\"og:image:height\" content=\"720\" \/>\n\t<meta property=\"og:image:type\" content=\"image\/jpeg\" \/>\n<meta name=\"author\" content=\"Sebastian\" \/>\n<meta name=\"twitter:card\" content=\"summary_large_image\" \/>\n<meta name=\"twitter:image\" content=\"https:\/\/resizer.iproimg.com\/unsafe\/1280x\/filters:format(webp):quality(85):max_bytes(102400)\/https:\/\/assets.iprofesional.com\/assets\/jpg\/2025\/02\/591650.jpg\" \/>\n<meta name=\"twitter:creator\" content=\"@InformeLitoral\" \/>\n<meta name=\"twitter:site\" content=\"@InformeLitoral\" \/>\n<meta name=\"twitter:label1\" content=\"Escrito por\" \/>\n\t<meta name=\"twitter:data1\" content=\"Sebastian\" \/>\n\t<meta name=\"twitter:label2\" content=\"Tiempo de lectura\" \/>\n\t<meta name=\"twitter:data2\" content=\"3 minutos\" \/>\n<script type=\"application\/ld+json\" class=\"yoast-schema-graph\">{\"@context\":\"https:\\\/\\\/schema.org\",\"@graph\":[{\"@type\":\"Article\",\"@id\":\"https:\\\/\\\/informelitoral.com.ar\\\/el-gobierno-designo-directores-en-vialidad-nacional-y-otros-organismos-tras-el-rechazo-del-congreso\\\/#article\",\"isPartOf\":{\"@id\":\"https:\\\/\\\/informelitoral.com.ar\\\/el-gobierno-designo-directores-en-vialidad-nacional-y-otros-organismos-tras-el-rechazo-del-congreso\\\/\"},\"author\":{\"name\":\"Sebastian\",\"@id\":\"https:\\\/\\\/informelitoral.com.ar\\\/#\\\/schema\\\/person\\\/f05f9f461677119578717524b127d6d5\"},\"headline\":\"El Gobierno design\u00f3 directores en Vialidad Nacional y otros organismos tras el rechazo del Congreso\",\"datePublished\":\"2025-09-10T13:16:11+00:00\",\"dateModified\":\"2025-09-10T13:19:25+00:00\",\"mainEntityOfPage\":{\"@id\":\"https:\\\/\\\/informelitoral.com.ar\\\/el-gobierno-designo-directores-en-vialidad-nacional-y-otros-organismos-tras-el-rechazo-del-congreso\\\/\"},\"wordCount\":449,\"commentCount\":0,\"publisher\":{\"@id\":\"https:\\\/\\\/informelitoral.com.ar\\\/#organization\"},\"image\":{\"@id\":\"https:\\\/\\\/informelitoral.com.ar\\\/el-gobierno-designo-directores-en-vialidad-nacional-y-otros-organismos-tras-el-rechazo-del-congreso\\\/#primaryimage\"},\"thumbnailUrl\":\"https:\\\/\\\/resizer.iproimg.com\\\/unsafe\\\/1280x\\\/filters:format(webp):quality(85):max_bytes(102400)\\\/https:\\\/\\\/assets.iprofesional.com\\\/assets\\\/jpg\\\/2025\\\/02\\\/591650.jpg\",\"keywords\":[\"Designaci\u00f3n\",\"Directores\",\"Gobierno nacional\",\"Vialidad Nacional\"],\"articleSection\":[\"Nacionales\"],\"inLanguage\":\"es\",\"potentialAction\":[{\"@type\":\"CommentAction\",\"name\":\"Comment\",\"target\":[\"https:\\\/\\\/informelitoral.com.ar\\\/el-gobierno-designo-directores-en-vialidad-nacional-y-otros-organismos-tras-el-rechazo-del-congreso\\\/#respond\"]}]},{\"@type\":\"WebPage\",\"@id\":\"https:\\\/\\\/informelitoral.com.ar\\\/el-gobierno-designo-directores-en-vialidad-nacional-y-otros-organismos-tras-el-rechazo-del-congreso\\\/\",\"url\":\"https:\\\/\\\/informelitoral.com.ar\\\/el-gobierno-designo-directores-en-vialidad-nacional-y-otros-organismos-tras-el-rechazo-del-congreso\\\/\",\"name\":\"El Gobierno design\u00f3 directores en Vialidad Nacional y otros organismos tras el rechazo del Congreso - Informe Litoral\",\"isPartOf\":{\"@id\":\"https:\\\/\\\/informelitoral.com.ar\\\/#website\"},\"primaryImageOfPage\":{\"@id\":\"https:\\\/\\\/informelitoral.com.ar\\\/el-gobierno-designo-directores-en-vialidad-nacional-y-otros-organismos-tras-el-rechazo-del-congreso\\\/#primaryimage\"},\"image\":{\"@id\":\"https:\\\/\\\/informelitoral.com.ar\\\/el-gobierno-designo-directores-en-vialidad-nacional-y-otros-organismos-tras-el-rechazo-del-congreso\\\/#primaryimage\"},\"thumbnailUrl\":\"https:\\\/\\\/resizer.iproimg.com\\\/unsafe\\\/1280x\\\/filters:format(webp):quality(85):max_bytes(102400)\\\/https:\\\/\\\/assets.iprofesional.com\\\/assets\\\/jpg\\\/2025\\\/02\\\/591650.jpg\",\"datePublished\":\"2025-09-10T13:16:11+00:00\",\"dateModified\":\"2025-09-10T13:19:25+00:00\",\"breadcrumb\":{\"@id\":\"https:\\\/\\\/informelitoral.com.ar\\\/el-gobierno-designo-directores-en-vialidad-nacional-y-otros-organismos-tras-el-rechazo-del-congreso\\\/#breadcrumb\"},\"inLanguage\":\"es\",\"potentialAction\":[{\"@type\":\"ReadAction\",\"target\":[\"https:\\\/\\\/informelitoral.com.ar\\\/el-gobierno-designo-directores-en-vialidad-nacional-y-otros-organismos-tras-el-rechazo-del-congreso\\\/\"]}]},{\"@type\":\"ImageObject\",\"inLanguage\":\"es\",\"@id\":\"https:\\\/\\\/informelitoral.com.ar\\\/el-gobierno-designo-directores-en-vialidad-nacional-y-otros-organismos-tras-el-rechazo-del-congreso\\\/#primaryimage\",\"url\":\"https:\\\/\\\/resizer.iproimg.com\\\/unsafe\\\/1280x\\\/filters:format(webp):quality(85):max_bytes(102400)\\\/https:\\\/\\\/assets.iprofesional.com\\\/assets\\\/jpg\\\/2025\\\/02\\\/591650.jpg\",\"contentUrl\":\"https:\\\/\\\/resizer.iproimg.com\\\/unsafe\\\/1280x\\\/filters:format(webp):quality(85):max_bytes(102400)\\\/https:\\\/\\\/assets.iprofesional.com\\\/assets\\\/jpg\\\/2025\\\/02\\\/591650.jpg\",\"width\":\"1280\",\"height\":\"720\"},{\"@type\":\"BreadcrumbList\",\"@id\":\"https:\\\/\\\/informelitoral.com.ar\\\/el-gobierno-designo-directores-en-vialidad-nacional-y-otros-organismos-tras-el-rechazo-del-congreso\\\/#breadcrumb\",\"itemListElement\":[{\"@type\":\"ListItem\",\"position\":1,\"name\":\"Portada\",\"item\":\"https:\\\/\\\/informelitoral.com.ar\\\/\"},{\"@type\":\"ListItem\",\"position\":2,\"name\":\"El Gobierno design\u00f3 directores en Vialidad Nacional y otros organismos tras el rechazo del Congreso\"}]},{\"@type\":\"WebSite\",\"@id\":\"https:\\\/\\\/informelitoral.com.ar\\\/#website\",\"url\":\"https:\\\/\\\/informelitoral.com.ar\\\/\",\"name\":\"Informe Litoral\",\"description\":\"&quot;Nos informamos&quot; \",\"publisher\":{\"@id\":\"https:\\\/\\\/informelitoral.com.ar\\\/#organization\"},\"potentialAction\":[{\"@type\":\"SearchAction\",\"target\":{\"@type\":\"EntryPoint\",\"urlTemplate\":\"https:\\\/\\\/informelitoral.com.ar\\\/?s={search_term_string}\"},\"query-input\":{\"@type\":\"PropertyValueSpecification\",\"valueRequired\":true,\"valueName\":\"search_term_string\"}}],\"inLanguage\":\"es\"},{\"@type\":\"Organization\",\"@id\":\"https:\\\/\\\/informelitoral.com.ar\\\/#organization\",\"name\":\"Informe Litoral\",\"url\":\"https:\\\/\\\/informelitoral.com.ar\\\/\",\"logo\":{\"@type\":\"ImageObject\",\"inLanguage\":\"es\",\"@id\":\"https:\\\/\\\/informelitoral.com.ar\\\/#\\\/schema\\\/logo\\\/image\\\/\",\"url\":\"https:\\\/\\\/informelitoral.com.ar\\\/%77%70%2d%63%6f%6e%74%65%6e%74\\\/uploads\\\/2021\\\/01\\\/circulo.png\",\"contentUrl\":\"https:\\\/\\\/informelitoral.com.ar\\\/%77%70%2d%63%6f%6e%74%65%6e%74\\\/uploads\\\/2021\\\/01\\\/circulo.png\",\"width\":723,\"height\":731,\"caption\":\"Informe Litoral\"},\"image\":{\"@id\":\"https:\\\/\\\/informelitoral.com.ar\\\/#\\\/schema\\\/logo\\\/image\\\/\"},\"sameAs\":[\"https:\\\/\\\/www.facebook.com\\\/informelitoral\\\/\",\"https:\\\/\\\/x.com\\\/InformeLitoral\",\"https:\\\/\\\/www.instagram.com\\\/informelitoral\\\/\",\"https:\\\/\\\/www.youtube.com\\\/channel\\\/UCua4Qvz8Icb6MYqhoq9xLXw\"]},{\"@type\":\"Person\",\"@id\":\"https:\\\/\\\/informelitoral.com.ar\\\/#\\\/schema\\\/person\\\/f05f9f461677119578717524b127d6d5\",\"name\":\"Sebastian\",\"image\":{\"@type\":\"ImageObject\",\"inLanguage\":\"es\",\"@id\":\"https:\\\/\\\/secure.gravatar.com\\\/avatar\\\/b71bf7481d447dfb9583c7f2798e7cc64de6efb9067b74633ed8c31059a3bd82?s=96&d=mm&r=g\",\"url\":\"https:\\\/\\\/secure.gravatar.com\\\/avatar\\\/b71bf7481d447dfb9583c7f2798e7cc64de6efb9067b74633ed8c31059a3bd82?s=96&d=mm&r=g\",\"contentUrl\":\"https:\\\/\\\/secure.gravatar.com\\\/avatar\\\/b71bf7481d447dfb9583c7f2798e7cc64de6efb9067b74633ed8c31059a3bd82?s=96&d=mm&r=g\",\"caption\":\"Sebastian\"},\"url\":\"https:\\\/\\\/informelitoral.com.ar\\\/author\\\/sebastian\\\/\"}]}<\/script>","yoast_head_json":{"title":"El Gobierno design\u00f3 directores en Vialidad Nacional y otros organismos tras el rechazo del Congreso - Informe Litoral","robots":{"index":"index","follow":"follow","max-snippet":"max-snippet:-1","max-image-preview":"max-image-preview:large","max-video-preview":"max-video-preview:-1"},"canonical":"https:\/\/informelitoral.com.ar\/el-gobierno-designo-directores-en-vialidad-nacional-y-otros-organismos-tras-el-rechazo-del-congreso\/","og_locale":"es_ES","og_type":"article","og_title":"El Gobierno design\u00f3 directores en Vialidad Nacional y otros organismos tras el rechazo del Congreso - Informe Litoral","og_description":"La medida revierte la intenci\u00f3n de disolver la DNV, la JST, la CNRT y la ANSV, y nombra a nuevos funcionarios para dirigir estas \u00e1reas.","og_url":"https:\/\/informelitoral.com.ar\/el-gobierno-designo-directores-en-vialidad-nacional-y-otros-organismos-tras-el-rechazo-del-congreso\/","og_site_name":"Informe Litoral","article_publisher":"https:\/\/www.facebook.com\/informelitoral\/","article_published_time":"2025-09-10T13:16:11+00:00","article_modified_time":"2025-09-10T13:19:25+00:00","og_image":[{"url":"https:\/\/resizer.iproimg.com\/unsafe\/1280x\/filters:format(webp):quality(85):max_bytes(102400)\/https:\/\/assets.iprofesional.com\/assets\/jpg\/2025\/02\/591650.jpg","type":"","width":"","height":""},{"width":1280,"height":720,"url":"https:\/\/resizer.iproimg.com\/unsafe\/1280x\/filters:format(webp):quality(85):max_bytes(102400)\/https:\/\/assets.iprofesional.com\/assets\/jpg\/2025\/02\/591650.jpg","type":"image\/jpeg"}],"author":"Sebastian","twitter_card":"summary_large_image","twitter_image":"https:\/\/resizer.iproimg.com\/unsafe\/1280x\/filters:format(webp):quality(85):max_bytes(102400)\/https:\/\/assets.iprofesional.com\/assets\/jpg\/2025\/02\/591650.jpg","twitter_creator":"@InformeLitoral","twitter_site":"@InformeLitoral","twitter_misc":{"Escrito por":"Sebastian","Tiempo de lectura":"3 minutos"},"schema":{"@context":"https:\/\/schema.org","@graph":[{"@type":"Article","@id":"https:\/\/informelitoral.com.ar\/el-gobierno-designo-directores-en-vialidad-nacional-y-otros-organismos-tras-el-rechazo-del-congreso\/#article","isPartOf":{"@id":"https:\/\/informelitoral.com.ar\/el-gobierno-designo-directores-en-vialidad-nacional-y-otros-organismos-tras-el-rechazo-del-congreso\/"},"author":{"name":"Sebastian","@id":"https:\/\/informelitoral.com.ar\/#\/schema\/person\/f05f9f461677119578717524b127d6d5"},"headline":"El Gobierno design\u00f3 directores en Vialidad Nacional y otros organismos tras el rechazo del Congreso","datePublished":"2025-09-10T13:16:11+00:00","dateModified":"2025-09-10T13:19:25+00:00","mainEntityOfPage":{"@id":"https:\/\/informelitoral.com.ar\/el-gobierno-designo-directores-en-vialidad-nacional-y-otros-organismos-tras-el-rechazo-del-congreso\/"},"wordCount":449,"commentCount":0,"publisher":{"@id":"https:\/\/informelitoral.com.ar\/#organization"},"image":{"@id":"https:\/\/informelitoral.com.ar\/el-gobierno-designo-directores-en-vialidad-nacional-y-otros-organismos-tras-el-rechazo-del-congreso\/#primaryimage"},"thumbnailUrl":"https:\/\/resizer.iproimg.com\/unsafe\/1280x\/filters:format(webp):quality(85):max_bytes(102400)\/https:\/\/assets.iprofesional.com\/assets\/jpg\/2025\/02\/591650.jpg","keywords":["Designaci\u00f3n","Directores","Gobierno nacional","Vialidad Nacional"],"articleSection":["Nacionales"],"inLanguage":"es","potentialAction":[{"@type":"CommentAction","name":"Comment","target":["https:\/\/informelitoral.com.ar\/el-gobierno-designo-directores-en-vialidad-nacional-y-otros-organismos-tras-el-rechazo-del-congreso\/#respond"]}]},{"@type":"WebPage","@id":"https:\/\/informelitoral.com.ar\/el-gobierno-designo-directores-en-vialidad-nacional-y-otros-organismos-tras-el-rechazo-del-congreso\/","url":"https:\/\/informelitoral.com.ar\/el-gobierno-designo-directores-en-vialidad-nacional-y-otros-organismos-tras-el-rechazo-del-congreso\/","name":"El Gobierno design\u00f3 directores en Vialidad Nacional y otros organismos tras el rechazo del Congreso - Informe Litoral","isPartOf":{"@id":"https:\/\/informelitoral.com.ar\/#website"},"primaryImageOfPage":{"@id":"https:\/\/informelitoral.com.ar\/el-gobierno-designo-directores-en-vialidad-nacional-y-otros-organismos-tras-el-rechazo-del-congreso\/#primaryimage"},"image":{"@id":"https:\/\/informelitoral.com.ar\/el-gobierno-designo-directores-en-vialidad-nacional-y-otros-organismos-tras-el-rechazo-del-congreso\/#primaryimage"},"thumbnailUrl":"https:\/\/resizer.iproimg.com\/unsafe\/1280x\/filters:format(webp):quality(85):max_bytes(102400)\/https:\/\/assets.iprofesional.com\/assets\/jpg\/2025\/02\/591650.jpg","datePublished":"2025-09-10T13:16:11+00:00","dateModified":"2025-09-10T13:19:25+00:00","breadcrumb":{"@id":"https:\/\/informelitoral.com.ar\/el-gobierno-designo-directores-en-vialidad-nacional-y-otros-organismos-tras-el-rechazo-del-congreso\/#breadcrumb"},"inLanguage":"es","potentialAction":[{"@type":"ReadAction","target":["https:\/\/informelitoral.com.ar\/el-gobierno-designo-directores-en-vialidad-nacional-y-otros-organismos-tras-el-rechazo-del-congreso\/"]}]},{"@type":"ImageObject","inLanguage":"es","@id":"https:\/\/informelitoral.com.ar\/el-gobierno-designo-directores-en-vialidad-nacional-y-otros-organismos-tras-el-rechazo-del-congreso\/#primaryimage","url":"https:\/\/resizer.iproimg.com\/unsafe\/1280x\/filters:format(webp):quality(85):max_bytes(102400)\/https:\/\/assets.iprofesional.com\/assets\/jpg\/2025\/02\/591650.jpg","contentUrl":"https:\/\/resizer.iproimg.com\/unsafe\/1280x\/filters:format(webp):quality(85):max_bytes(102400)\/https:\/\/assets.iprofesional.com\/assets\/jpg\/2025\/02\/591650.jpg","width":"1280","height":"720"},{"@type":"BreadcrumbList","@id":"https:\/\/informelitoral.com.ar\/el-gobierno-designo-directores-en-vialidad-nacional-y-otros-organismos-tras-el-rechazo-del-congreso\/#breadcrumb","itemListElement":[{"@type":"ListItem","position":1,"name":"Portada","item":"https:\/\/informelitoral.com.ar\/"},{"@type":"ListItem","position":2,"name":"El Gobierno design\u00f3 directores en Vialidad Nacional y otros organismos tras el rechazo del Congreso"}]},{"@type":"WebSite","@id":"https:\/\/informelitoral.com.ar\/#website","url":"https:\/\/informelitoral.com.ar\/","name":"Informe Litoral","description":"&quot;Nos informamos&quot; ","publisher":{"@id":"https:\/\/informelitoral.com.ar\/#organization"},"potentialAction":[{"@type":"SearchAction","target":{"@type":"EntryPoint","urlTemplate":"https:\/\/informelitoral.com.ar\/?s={search_term_string}"},"query-input":{"@type":"PropertyValueSpecification","valueRequired":true,"valueName":"search_term_string"}}],"inLanguage":"es"},{"@type":"Organization","@id":"https:\/\/informelitoral.com.ar\/#organization","name":"Informe Litoral","url":"https:\/\/informelitoral.com.ar\/","logo":{"@type":"ImageObject","inLanguage":"es","@id":"https:\/\/informelitoral.com.ar\/#\/schema\/logo\/image\/","url":"https:\/\/informelitoral.com.ar\/%77%70%2d%63%6f%6e%74%65%6e%74\/uploads\/2021\/01\/circulo.png","contentUrl":"https:\/\/informelitoral.com.ar\/%77%70%2d%63%6f%6e%74%65%6e%74\/uploads\/2021\/01\/circulo.png","width":723,"height":731,"caption":"Informe Litoral"},"image":{"@id":"https:\/\/informelitoral.com.ar\/#\/schema\/logo\/image\/"},"sameAs":["https:\/\/www.facebook.com\/informelitoral\/","https:\/\/x.com\/InformeLitoral","https:\/\/www.instagram.com\/informelitoral\/","https:\/\/www.youtube.com\/channel\/UCua4Qvz8Icb6MYqhoq9xLXw"]},{"@type":"Person","@id":"https:\/\/informelitoral.com.ar\/#\/schema\/person\/f05f9f461677119578717524b127d6d5","name":"Sebastian","image":{"@type":"ImageObject","inLanguage":"es","@id":"https:\/\/secure.gravatar.com\/avatar\/b71bf7481d447dfb9583c7f2798e7cc64de6efb9067b74633ed8c31059a3bd82?s=96&d=mm&r=g","url":"https:\/\/secure.gravatar.com\/avatar\/b71bf7481d447dfb9583c7f2798e7cc64de6efb9067b74633ed8c31059a3bd82?s=96&d=mm&r=g","contentUrl":"https:\/\/secure.gravatar.com\/avatar\/b71bf7481d447dfb9583c7f2798e7cc64de6efb9067b74633ed8c31059a3bd82?s=96&d=mm&r=g","caption":"Sebastian"},"url":"https:\/\/informelitoral.com.ar\/author\/sebastian\/"}]}},"fifu_image_url":"https:\/\/resizer.iproimg.com\/unsafe\/1280x\/filters:format(webp):quality(85):max_bytes(102400)\/https:\/\/assets.iprofesional.com\/assets\/jpg\/2025\/02\/591650.jpg","_links":{"self":[{"href":"https:\/\/informelitoral.com.ar\/%77%70%2d%6a%73%6f%6e\/wp\/v2\/posts\/233458","targetHints":{"allow":["GET"]}}],"collection":[{"href":"https:\/\/informelitoral.com.ar\/%77%70%2d%6a%73%6f%6e\/wp\/v2\/posts"}],"about":[{"href":"https:\/\/informelitoral.com.ar\/%77%70%2d%6a%73%6f%6e\/wp\/v2\/types\/post"}],"author":[{"embeddable":true,"href":"https:\/\/informelitoral.com.ar\/%77%70%2d%6a%73%6f%6e\/wp\/v2\/users\/8"}],"replies":[{"embeddable":true,"href":"https:\/\/informelitoral.com.ar\/%77%70%2d%6a%73%6f%6e\/wp\/v2\/comments?post=233458"}],"version-history":[{"count":3,"href":"https:\/\/informelitoral.com.ar\/%77%70%2d%6a%73%6f%6e\/wp\/v2\/posts\/233458\/revisions"}],"predecessor-version":[{"id":233462,"href":"https:\/\/informelitoral.com.ar\/%77%70%2d%6a%73%6f%6e\/wp\/v2\/posts\/233458\/revisions\/233462"}],"wp:featuredmedia":[{"embeddable":true,"href":"https:\/\/informelitoral.com.ar\/%77%70%2d%6a%73%6f%6e\/wp\/v2\/media\/233459"}],"wp:attachment":[{"href":"https:\/\/informelitoral.com.ar\/%77%70%2d%6a%73%6f%6e\/wp\/v2\/media?parent=233458"}],"wp:term":[{"taxonomy":"category","embeddable":true,"href":"https:\/\/informelitoral.com.ar\/%77%70%2d%6a%73%6f%6e\/wp\/v2\/categories?post=233458"},{"taxonomy":"post_tag","embeddable":true,"href":"https:\/\/informelitoral.com.ar\/%77%70%2d%6a%73%6f%6e\/wp\/v2\/tags?post=233458"}],"curies":[{"name":"wp","href":"https:\/\/api.w.org\/{rel}","templated":true}]}}