{"id":233265,"date":"2025-09-08T21:11:16","date_gmt":"2025-09-09T00:11:16","guid":{"rendered":"https:\/\/informelitoral.com.ar\/?p=233265"},"modified":"2025-09-08T21:11:16","modified_gmt":"2025-09-09T00:11:16","slug":"colello-insiste-con-ponerle-un-freno-al-kirchnerismo-en-octubre","status":"publish","type":"post","link":"https:\/\/informelitoral.com.ar\/colello-insiste-con-ponerle-un-freno-al-kirchnerismo-en-octubre\/","title":{"rendered":"Colello insiste con \u00abponerle un freno al kirchnerismo\u00bb en octubre"},"content":{"rendered":"<p>En el marco del creciente debate pol\u00edtico de cara a las elecciones de octubre, el secretario General de la Gobernaci\u00f3n de Entre R\u00edos, <strong>Mauricio Colello<\/strong>, expres\u00f3 a trav\u00e9s de su cuenta en la plataforma \u201cX\u201d su rechazo a un eventual retorno del kirchnerismo al poder, al que consider\u00f3 una amenaza para el presente y futuro del pa\u00eds.<\/p>\n<p>\u201cEl kirchnerismo sigue queriendo volver, necesita del Estado para sobrevivir. Por eso en Entre R\u00edos tomamos una decisi\u00f3n: dejar de lado los personalismos y los egos, porque no vamos a ser funcionales a que vuelva el pasado\u201d, se\u00f1al\u00f3 Colello en declaraciones recientes.<\/p>\n<p>El funcionario provincial subray\u00f3 la importancia de fortalecer una alternativa superadora, con foco en las necesidades reales de la ciudadan\u00eda. \u201cNuestro compromiso es con Entre R\u00edos y con su gente. Desde aqu\u00ed vamos a poner un freno a la vuelta del kirchnerismo, consolidando una alternativa que mire hacia adelante y que d\u00e9 respuestas reales a los problemas de la gente\u201d, afirm\u00f3.<\/p>\n<p>Colello tambi\u00e9n se refiri\u00f3 a la relaci\u00f3n con el gobierno nacional : \u201cTenemos matices entre los que compartimos el norte, claro que s\u00ed. Sabemos que hay cosas que deben mejorarse y que es imprescindible escucharnos m\u00e1s. Que se cambie lo que se tenga que cambiar, que se corrija lo que haya que corregir, pero sin volver al populismo que nos llev\u00f3 a convivir con d\u00e9ficit, inflaci\u00f3n y pobreza estructural\u201d.<\/p>\n<p>Finalmente, advirti\u00f3 sobre los riesgos de no actuar con responsabilidad en el proceso electoral. \u201cLa imagen de la expresidente -presa- festejando en su balc\u00f3n nos muestra con crudeza a d\u00f3nde podemos terminar si no despertamos en octubre\u201d, concluy\u00f3 Colello.<\/p>\n<h6><em><strong>Del archivo:\u00a0<a href=\"https:\/\/informelitoral.com.ar\/javier-milei-encabeza-una-doble-reunion-de-gabinete-tras-el-resultado-electoral-en-buenos-aires\/\" target=\"_blank\" rel=\"noopener\">Javier Milei encabeza una doble reuni\u00f3n de Gabinete tras el resultado electoral en Buenos Aires<\/a><\/strong><\/em><\/h6>\n","protected":false},"excerpt":{"rendered":"<p>El secretario General de la Gobernaci\u00f3n consider\u00f3 que el espacio \u00abes una amenaza para el presente y futuro del pa\u00eds\u00bb. Reconoci\u00f3 matices con el Gobierno nacional pero asegur\u00f3 que \u00abno se debe volver al populismo\u00bb. <\/p>\n","protected":false},"author":2,"featured_media":233266,"comment_status":"open","ping_status":"open","sticky":false,"template":"","format":"standard","meta":{"fifu_image_url":"https:\/\/lh3.googleusercontent.com\/drive-storage\/AJQWtBO1Kpsq9Rj7HPFuh-ELSE-uul2_MPUjJaHoLXKhZDlArAbA9bBzPL_8m_I3ZRY9gSMXkjX2eE4gxtkGFwwWQbSr5dF7lqn_Yxkd4crgb_WY5Q=w2048","fifu_image_alt":"","footnotes":""},"categories":[16],"tags":[5277,4321,5656],"class_list":{"0":"post-233265","1":"post","2":"type-post","3":"status-publish","4":"format-standard","5":"has-post-thumbnail","7":"category-politi","8":"tag-elecciones-2025","9":"tag-la-libertad-avanza","10":"tag-mauricio-colello"},"yoast_head":"<title>Colello insiste con &quot;ponerle un freno al kirchnerismo&quot; en octubre - Informe Litoral<\/title>\n<meta name=\"robots\" content=\"index, follow, max-snippet:-1, max-image-preview:large, max-video-preview:-1\" \/>\n<link rel=\"canonical\" href=\"https:\/\/informelitoral.com.ar\/colello-insiste-con-ponerle-un-freno-al-kirchnerismo-en-octubre\/\" \/>\n<meta property=\"og:locale\" content=\"es_ES\" \/>\n<meta property=\"og:type\" content=\"article\" \/>\n<meta property=\"og:title\" content=\"Colello insiste con &quot;ponerle un freno al kirchnerismo&quot; en octubre - Informe Litoral\" \/>\n<meta property=\"og:description\" content=\"El secretario General de la Gobernaci\u00f3n consider\u00f3 que el espacio &quot;es una amenaza para el presente y futuro del pa\u00eds&quot;. Reconoci\u00f3 matices con el Gobierno nacional pero asegur\u00f3 que &quot;no se debe volver al populismo&quot;.\" \/>\n<meta property=\"og:url\" content=\"https:\/\/informelitoral.com.ar\/colello-insiste-con-ponerle-un-freno-al-kirchnerismo-en-octubre\/\" \/>\n<meta property=\"og:site_name\" content=\"Informe Litoral\" \/>\n<meta property=\"article:publisher\" content=\"https:\/\/www.facebook.com\/informelitoral\/\" \/>\n<meta property=\"article:published_time\" content=\"2025-09-09T00:11:16+00:00\" \/>\n<meta property=\"og:image\" content=\"https:\/\/lh3.googleusercontent.com\/drive-storage\/AJQWtBO1Kpsq9Rj7HPFuh-ELSE-uul2_MPUjJaHoLXKhZDlArAbA9bBzPL_8m_I3ZRY9gSMXkjX2eE4gxtkGFwwWQbSr5dF7lqn_Yxkd4crgb_WY5Q=w2048\" \/><meta property=\"og:image\" content=\"https:\/\/lh3.googleusercontent.com\/drive-storage\/AJQWtBO1Kpsq9Rj7HPFuh-ELSE-uul2_MPUjJaHoLXKhZDlArAbA9bBzPL_8m_I3ZRY9gSMXkjX2eE4gxtkGFwwWQbSr5dF7lqn_Yxkd4crgb_WY5Q=w2048\" \/>\n\t<meta property=\"og:image:width\" content=\"985\" \/>\n\t<meta property=\"og:image:height\" content=\"860\" \/>\n\t<meta property=\"og:image:type\" content=\"image\/jpeg\" \/>\n<meta name=\"author\" content=\"Gonzalo Schmidt\" \/>\n<meta name=\"twitter:card\" content=\"summary_large_image\" \/>\n<meta name=\"twitter:image\" content=\"https:\/\/lh3.googleusercontent.com\/drive-storage\/AJQWtBO1Kpsq9Rj7HPFuh-ELSE-uul2_MPUjJaHoLXKhZDlArAbA9bBzPL_8m_I3ZRY9gSMXkjX2eE4gxtkGFwwWQbSr5dF7lqn_Yxkd4crgb_WY5Q=w2048\" \/>\n<meta name=\"twitter:creator\" content=\"@InformeLitoral\" \/>\n<meta name=\"twitter:site\" content=\"@InformeLitoral\" \/>\n<meta name=\"twitter:label1\" content=\"Escrito por\" \/>\n\t<meta name=\"twitter:data1\" content=\"Gonzalo Schmidt\" \/>\n\t<meta name=\"twitter:label2\" content=\"Tiempo de lectura\" \/>\n\t<meta name=\"twitter:data2\" content=\"2 minutos\" \/>\n<script type=\"application\/ld+json\" class=\"yoast-schema-graph\">{\"@context\":\"https:\\\/\\\/schema.org\",\"@graph\":[{\"@type\":\"Article\",\"@id\":\"https:\\\/\\\/informelitoral.com.ar\\\/colello-insiste-con-ponerle-un-freno-al-kirchnerismo-en-octubre\\\/#article\",\"isPartOf\":{\"@id\":\"https:\\\/\\\/informelitoral.com.ar\\\/colello-insiste-con-ponerle-un-freno-al-kirchnerismo-en-octubre\\\/\"},\"author\":{\"name\":\"Gonzalo Schmidt\",\"@id\":\"https:\\\/\\\/informelitoral.com.ar\\\/#\\\/schema\\\/person\\\/b9d00407c836482871ef1d57bf8e3180\"},\"headline\":\"Colello insiste con \u00abponerle un freno al kirchnerismo\u00bb en octubre\",\"datePublished\":\"2025-09-09T00:11:16+00:00\",\"mainEntityOfPage\":{\"@id\":\"https:\\\/\\\/informelitoral.com.ar\\\/colello-insiste-con-ponerle-un-freno-al-kirchnerismo-en-octubre\\\/\"},\"wordCount\":312,\"commentCount\":0,\"publisher\":{\"@id\":\"https:\\\/\\\/informelitoral.com.ar\\\/#organization\"},\"image\":{\"@id\":\"https:\\\/\\\/informelitoral.com.ar\\\/colello-insiste-con-ponerle-un-freno-al-kirchnerismo-en-octubre\\\/#primaryimage\"},\"thumbnailUrl\":\"https:\\\/\\\/lh3.googleusercontent.com\\\/drive-storage\\\/AJQWtBO1Kpsq9Rj7HPFuh-ELSE-uul2_MPUjJaHoLXKhZDlArAbA9bBzPL_8m_I3ZRY9gSMXkjX2eE4gxtkGFwwWQbSr5dF7lqn_Yxkd4crgb_WY5Q=w2048\",\"keywords\":[\"Elecciones 2025\",\"La Libertad Avanza\",\"Mauricio Colello\"],\"articleSection\":[\"Politica\"],\"inLanguage\":\"es\",\"potentialAction\":[{\"@type\":\"CommentAction\",\"name\":\"Comment\",\"target\":[\"https:\\\/\\\/informelitoral.com.ar\\\/colello-insiste-con-ponerle-un-freno-al-kirchnerismo-en-octubre\\\/#respond\"]}]},{\"@type\":\"WebPage\",\"@id\":\"https:\\\/\\\/informelitoral.com.ar\\\/colello-insiste-con-ponerle-un-freno-al-kirchnerismo-en-octubre\\\/\",\"url\":\"https:\\\/\\\/informelitoral.com.ar\\\/colello-insiste-con-ponerle-un-freno-al-kirchnerismo-en-octubre\\\/\",\"name\":\"Colello insiste con \\\"ponerle un freno al kirchnerismo\\\" en octubre - Informe Litoral\",\"isPartOf\":{\"@id\":\"https:\\\/\\\/informelitoral.com.ar\\\/#website\"},\"primaryImageOfPage\":{\"@id\":\"https:\\\/\\\/informelitoral.com.ar\\\/colello-insiste-con-ponerle-un-freno-al-kirchnerismo-en-octubre\\\/#primaryimage\"},\"image\":{\"@id\":\"https:\\\/\\\/informelitoral.com.ar\\\/colello-insiste-con-ponerle-un-freno-al-kirchnerismo-en-octubre\\\/#primaryimage\"},\"thumbnailUrl\":\"https:\\\/\\\/lh3.googleusercontent.com\\\/drive-storage\\\/AJQWtBO1Kpsq9Rj7HPFuh-ELSE-uul2_MPUjJaHoLXKhZDlArAbA9bBzPL_8m_I3ZRY9gSMXkjX2eE4gxtkGFwwWQbSr5dF7lqn_Yxkd4crgb_WY5Q=w2048\",\"datePublished\":\"2025-09-09T00:11:16+00:00\",\"breadcrumb\":{\"@id\":\"https:\\\/\\\/informelitoral.com.ar\\\/colello-insiste-con-ponerle-un-freno-al-kirchnerismo-en-octubre\\\/#breadcrumb\"},\"inLanguage\":\"es\",\"potentialAction\":[{\"@type\":\"ReadAction\",\"target\":[\"https:\\\/\\\/informelitoral.com.ar\\\/colello-insiste-con-ponerle-un-freno-al-kirchnerismo-en-octubre\\\/\"]}]},{\"@type\":\"ImageObject\",\"inLanguage\":\"es\",\"@id\":\"https:\\\/\\\/informelitoral.com.ar\\\/colello-insiste-con-ponerle-un-freno-al-kirchnerismo-en-octubre\\\/#primaryimage\",\"url\":\"https:\\\/\\\/lh3.googleusercontent.com\\\/drive-storage\\\/AJQWtBO1Kpsq9Rj7HPFuh-ELSE-uul2_MPUjJaHoLXKhZDlArAbA9bBzPL_8m_I3ZRY9gSMXkjX2eE4gxtkGFwwWQbSr5dF7lqn_Yxkd4crgb_WY5Q=w2048\",\"contentUrl\":\"https:\\\/\\\/lh3.googleusercontent.com\\\/drive-storage\\\/AJQWtBO1Kpsq9Rj7HPFuh-ELSE-uul2_MPUjJaHoLXKhZDlArAbA9bBzPL_8m_I3ZRY9gSMXkjX2eE4gxtkGFwwWQbSr5dF7lqn_Yxkd4crgb_WY5Q=w2048\",\"width\":\"985\",\"height\":\"860\"},{\"@type\":\"BreadcrumbList\",\"@id\":\"https:\\\/\\\/informelitoral.com.ar\\\/colello-insiste-con-ponerle-un-freno-al-kirchnerismo-en-octubre\\\/#breadcrumb\",\"itemListElement\":[{\"@type\":\"ListItem\",\"position\":1,\"name\":\"Portada\",\"item\":\"https:\\\/\\\/informelitoral.com.ar\\\/\"},{\"@type\":\"ListItem\",\"position\":2,\"name\":\"Colello insiste con \u00abponerle un freno al kirchnerismo\u00bb en octubre\"}]},{\"@type\":\"WebSite\",\"@id\":\"https:\\\/\\\/informelitoral.com.ar\\\/#website\",\"url\":\"https:\\\/\\\/informelitoral.com.ar\\\/\",\"name\":\"Informe Litoral\",\"description\":\"&quot;Nos informamos&quot; \",\"publisher\":{\"@id\":\"https:\\\/\\\/informelitoral.com.ar\\\/#organization\"},\"potentialAction\":[{\"@type\":\"SearchAction\",\"target\":{\"@type\":\"EntryPoint\",\"urlTemplate\":\"https:\\\/\\\/informelitoral.com.ar\\\/?s={search_term_string}\"},\"query-input\":{\"@type\":\"PropertyValueSpecification\",\"valueRequired\":true,\"valueName\":\"search_term_string\"}}],\"inLanguage\":\"es\"},{\"@type\":\"Organization\",\"@id\":\"https:\\\/\\\/informelitoral.com.ar\\\/#organization\",\"name\":\"Informe Litoral\",\"url\":\"https:\\\/\\\/informelitoral.com.ar\\\/\",\"logo\":{\"@type\":\"ImageObject\",\"inLanguage\":\"es\",\"@id\":\"https:\\\/\\\/informelitoral.com.ar\\\/#\\\/schema\\\/logo\\\/image\\\/\",\"url\":\"https:\\\/\\\/informelitoral.com.ar\\\/%77%70%2d%63%6f%6e%74%65%6e%74\\\/uploads\\\/2021\\\/01\\\/circulo.png\",\"contentUrl\":\"https:\\\/\\\/informelitoral.com.ar\\\/%77%70%2d%63%6f%6e%74%65%6e%74\\\/uploads\\\/2021\\\/01\\\/circulo.png\",\"width\":723,\"height\":731,\"caption\":\"Informe Litoral\"},\"image\":{\"@id\":\"https:\\\/\\\/informelitoral.com.ar\\\/#\\\/schema\\\/logo\\\/image\\\/\"},\"sameAs\":[\"https:\\\/\\\/www.facebook.com\\\/informelitoral\\\/\",\"https:\\\/\\\/x.com\\\/InformeLitoral\",\"https:\\\/\\\/www.instagram.com\\\/informelitoral\\\/\",\"https:\\\/\\\/www.youtube.com\\\/channel\\\/UCua4Qvz8Icb6MYqhoq9xLXw\"]},{\"@type\":\"Person\",\"@id\":\"https:\\\/\\\/informelitoral.com.ar\\\/#\\\/schema\\\/person\\\/b9d00407c836482871ef1d57bf8e3180\",\"name\":\"Gonzalo Schmidt\",\"image\":{\"@type\":\"ImageObject\",\"inLanguage\":\"es\",\"@id\":\"https:\\\/\\\/secure.gravatar.com\\\/avatar\\\/31a1a7b66ff2de83bd0e9fd79d026630d2d99e55e8bfe501287647b4fd9743de?s=96&d=mm&r=g\",\"url\":\"https:\\\/\\\/secure.gravatar.com\\\/avatar\\\/31a1a7b66ff2de83bd0e9fd79d026630d2d99e55e8bfe501287647b4fd9743de?s=96&d=mm&r=g\",\"contentUrl\":\"https:\\\/\\\/secure.gravatar.com\\\/avatar\\\/31a1a7b66ff2de83bd0e9fd79d026630d2d99e55e8bfe501287647b4fd9743de?s=96&d=mm&r=g\",\"caption\":\"Gonzalo Schmidt\"},\"description\":\"Sitio web de noticias de la provincia de Entre R\u00edos, Argentina. Informaci\u00f3n y entretenimiento. Informe Litoral, nos informamos.\",\"sameAs\":[\"http:\\\/\\\/www.isletasnoticias.com.ar\"],\"url\":\"https:\\\/\\\/informelitoral.com.ar\\\/author\\\/gonzalo\\\/\"}]}<\/script>","yoast_head_json":{"title":"Colello insiste con \"ponerle un freno al kirchnerismo\" en octubre - Informe Litoral","robots":{"index":"index","follow":"follow","max-snippet":"max-snippet:-1","max-image-preview":"max-image-preview:large","max-video-preview":"max-video-preview:-1"},"canonical":"https:\/\/informelitoral.com.ar\/colello-insiste-con-ponerle-un-freno-al-kirchnerismo-en-octubre\/","og_locale":"es_ES","og_type":"article","og_title":"Colello insiste con \"ponerle un freno al kirchnerismo\" en octubre - Informe Litoral","og_description":"El secretario General de la Gobernaci\u00f3n consider\u00f3 que el espacio \"es una amenaza para el presente y futuro del pa\u00eds\". Reconoci\u00f3 matices con el Gobierno nacional pero asegur\u00f3 que \"no se debe volver al populismo\".","og_url":"https:\/\/informelitoral.com.ar\/colello-insiste-con-ponerle-un-freno-al-kirchnerismo-en-octubre\/","og_site_name":"Informe Litoral","article_publisher":"https:\/\/www.facebook.com\/informelitoral\/","article_published_time":"2025-09-09T00:11:16+00:00","og_image":[{"url":"https:\/\/lh3.googleusercontent.com\/drive-storage\/AJQWtBO1Kpsq9Rj7HPFuh-ELSE-uul2_MPUjJaHoLXKhZDlArAbA9bBzPL_8m_I3ZRY9gSMXkjX2eE4gxtkGFwwWQbSr5dF7lqn_Yxkd4crgb_WY5Q=w2048","type":"","width":"","height":""},{"width":985,"height":860,"url":"https:\/\/lh3.googleusercontent.com\/drive-storage\/AJQWtBO1Kpsq9Rj7HPFuh-ELSE-uul2_MPUjJaHoLXKhZDlArAbA9bBzPL_8m_I3ZRY9gSMXkjX2eE4gxtkGFwwWQbSr5dF7lqn_Yxkd4crgb_WY5Q=w2048","type":"image\/jpeg"}],"author":"Gonzalo Schmidt","twitter_card":"summary_large_image","twitter_image":"https:\/\/lh3.googleusercontent.com\/drive-storage\/AJQWtBO1Kpsq9Rj7HPFuh-ELSE-uul2_MPUjJaHoLXKhZDlArAbA9bBzPL_8m_I3ZRY9gSMXkjX2eE4gxtkGFwwWQbSr5dF7lqn_Yxkd4crgb_WY5Q=w2048","twitter_creator":"@InformeLitoral","twitter_site":"@InformeLitoral","twitter_misc":{"Escrito por":"Gonzalo Schmidt","Tiempo de lectura":"2 minutos"},"schema":{"@context":"https:\/\/schema.org","@graph":[{"@type":"Article","@id":"https:\/\/informelitoral.com.ar\/colello-insiste-con-ponerle-un-freno-al-kirchnerismo-en-octubre\/#article","isPartOf":{"@id":"https:\/\/informelitoral.com.ar\/colello-insiste-con-ponerle-un-freno-al-kirchnerismo-en-octubre\/"},"author":{"name":"Gonzalo Schmidt","@id":"https:\/\/informelitoral.com.ar\/#\/schema\/person\/b9d00407c836482871ef1d57bf8e3180"},"headline":"Colello insiste con \u00abponerle un freno al kirchnerismo\u00bb en octubre","datePublished":"2025-09-09T00:11:16+00:00","mainEntityOfPage":{"@id":"https:\/\/informelitoral.com.ar\/colello-insiste-con-ponerle-un-freno-al-kirchnerismo-en-octubre\/"},"wordCount":312,"commentCount":0,"publisher":{"@id":"https:\/\/informelitoral.com.ar\/#organization"},"image":{"@id":"https:\/\/informelitoral.com.ar\/colello-insiste-con-ponerle-un-freno-al-kirchnerismo-en-octubre\/#primaryimage"},"thumbnailUrl":"https:\/\/lh3.googleusercontent.com\/drive-storage\/AJQWtBO1Kpsq9Rj7HPFuh-ELSE-uul2_MPUjJaHoLXKhZDlArAbA9bBzPL_8m_I3ZRY9gSMXkjX2eE4gxtkGFwwWQbSr5dF7lqn_Yxkd4crgb_WY5Q=w2048","keywords":["Elecciones 2025","La Libertad Avanza","Mauricio Colello"],"articleSection":["Politica"],"inLanguage":"es","potentialAction":[{"@type":"CommentAction","name":"Comment","target":["https:\/\/informelitoral.com.ar\/colello-insiste-con-ponerle-un-freno-al-kirchnerismo-en-octubre\/#respond"]}]},{"@type":"WebPage","@id":"https:\/\/informelitoral.com.ar\/colello-insiste-con-ponerle-un-freno-al-kirchnerismo-en-octubre\/","url":"https:\/\/informelitoral.com.ar\/colello-insiste-con-ponerle-un-freno-al-kirchnerismo-en-octubre\/","name":"Colello insiste con \"ponerle un freno al kirchnerismo\" en octubre - Informe Litoral","isPartOf":{"@id":"https:\/\/informelitoral.com.ar\/#website"},"primaryImageOfPage":{"@id":"https:\/\/informelitoral.com.ar\/colello-insiste-con-ponerle-un-freno-al-kirchnerismo-en-octubre\/#primaryimage"},"image":{"@id":"https:\/\/informelitoral.com.ar\/colello-insiste-con-ponerle-un-freno-al-kirchnerismo-en-octubre\/#primaryimage"},"thumbnailUrl":"https:\/\/lh3.googleusercontent.com\/drive-storage\/AJQWtBO1Kpsq9Rj7HPFuh-ELSE-uul2_MPUjJaHoLXKhZDlArAbA9bBzPL_8m_I3ZRY9gSMXkjX2eE4gxtkGFwwWQbSr5dF7lqn_Yxkd4crgb_WY5Q=w2048","datePublished":"2025-09-09T00:11:16+00:00","breadcrumb":{"@id":"https:\/\/informelitoral.com.ar\/colello-insiste-con-ponerle-un-freno-al-kirchnerismo-en-octubre\/#breadcrumb"},"inLanguage":"es","potentialAction":[{"@type":"ReadAction","target":["https:\/\/informelitoral.com.ar\/colello-insiste-con-ponerle-un-freno-al-kirchnerismo-en-octubre\/"]}]},{"@type":"ImageObject","inLanguage":"es","@id":"https:\/\/informelitoral.com.ar\/colello-insiste-con-ponerle-un-freno-al-kirchnerismo-en-octubre\/#primaryimage","url":"https:\/\/lh3.googleusercontent.com\/drive-storage\/AJQWtBO1Kpsq9Rj7HPFuh-ELSE-uul2_MPUjJaHoLXKhZDlArAbA9bBzPL_8m_I3ZRY9gSMXkjX2eE4gxtkGFwwWQbSr5dF7lqn_Yxkd4crgb_WY5Q=w2048","contentUrl":"https:\/\/lh3.googleusercontent.com\/drive-storage\/AJQWtBO1Kpsq9Rj7HPFuh-ELSE-uul2_MPUjJaHoLXKhZDlArAbA9bBzPL_8m_I3ZRY9gSMXkjX2eE4gxtkGFwwWQbSr5dF7lqn_Yxkd4crgb_WY5Q=w2048","width":"985","height":"860"},{"@type":"BreadcrumbList","@id":"https:\/\/informelitoral.com.ar\/colello-insiste-con-ponerle-un-freno-al-kirchnerismo-en-octubre\/#breadcrumb","itemListElement":[{"@type":"ListItem","position":1,"name":"Portada","item":"https:\/\/informelitoral.com.ar\/"},{"@type":"ListItem","position":2,"name":"Colello insiste con \u00abponerle un freno al kirchnerismo\u00bb en octubre"}]},{"@type":"WebSite","@id":"https:\/\/informelitoral.com.ar\/#website","url":"https:\/\/informelitoral.com.ar\/","name":"Informe Litoral","description":"&quot;Nos informamos&quot; ","publisher":{"@id":"https:\/\/informelitoral.com.ar\/#organization"},"potentialAction":[{"@type":"SearchAction","target":{"@type":"EntryPoint","urlTemplate":"https:\/\/informelitoral.com.ar\/?s={search_term_string}"},"query-input":{"@type":"PropertyValueSpecification","valueRequired":true,"valueName":"search_term_string"}}],"inLanguage":"es"},{"@type":"Organization","@id":"https:\/\/informelitoral.com.ar\/#organization","name":"Informe Litoral","url":"https:\/\/informelitoral.com.ar\/","logo":{"@type":"ImageObject","inLanguage":"es","@id":"https:\/\/informelitoral.com.ar\/#\/schema\/logo\/image\/","url":"https:\/\/informelitoral.com.ar\/%77%70%2d%63%6f%6e%74%65%6e%74\/uploads\/2021\/01\/circulo.png","contentUrl":"https:\/\/informelitoral.com.ar\/%77%70%2d%63%6f%6e%74%65%6e%74\/uploads\/2021\/01\/circulo.png","width":723,"height":731,"caption":"Informe Litoral"},"image":{"@id":"https:\/\/informelitoral.com.ar\/#\/schema\/logo\/image\/"},"sameAs":["https:\/\/www.facebook.com\/informelitoral\/","https:\/\/x.com\/InformeLitoral","https:\/\/www.instagram.com\/informelitoral\/","https:\/\/www.youtube.com\/channel\/UCua4Qvz8Icb6MYqhoq9xLXw"]},{"@type":"Person","@id":"https:\/\/informelitoral.com.ar\/#\/schema\/person\/b9d00407c836482871ef1d57bf8e3180","name":"Gonzalo Schmidt","image":{"@type":"ImageObject","inLanguage":"es","@id":"https:\/\/secure.gravatar.com\/avatar\/31a1a7b66ff2de83bd0e9fd79d026630d2d99e55e8bfe501287647b4fd9743de?s=96&d=mm&r=g","url":"https:\/\/secure.gravatar.com\/avatar\/31a1a7b66ff2de83bd0e9fd79d026630d2d99e55e8bfe501287647b4fd9743de?s=96&d=mm&r=g","contentUrl":"https:\/\/secure.gravatar.com\/avatar\/31a1a7b66ff2de83bd0e9fd79d026630d2d99e55e8bfe501287647b4fd9743de?s=96&d=mm&r=g","caption":"Gonzalo Schmidt"},"description":"Sitio web de noticias de la provincia de Entre R\u00edos, Argentina. Informaci\u00f3n y entretenimiento. Informe Litoral, nos informamos.","sameAs":["http:\/\/www.isletasnoticias.com.ar"],"url":"https:\/\/informelitoral.com.ar\/author\/gonzalo\/"}]}},"fifu_image_url":"https:\/\/lh3.googleusercontent.com\/drive-storage\/AJQWtBO1Kpsq9Rj7HPFuh-ELSE-uul2_MPUjJaHoLXKhZDlArAbA9bBzPL_8m_I3ZRY9gSMXkjX2eE4gxtkGFwwWQbSr5dF7lqn_Yxkd4crgb_WY5Q=w2048","_links":{"self":[{"href":"https:\/\/informelitoral.com.ar\/%77%70%2d%6a%73%6f%6e\/wp\/v2\/posts\/233265","targetHints":{"allow":["GET"]}}],"collection":[{"href":"https:\/\/informelitoral.com.ar\/%77%70%2d%6a%73%6f%6e\/wp\/v2\/posts"}],"about":[{"href":"https:\/\/informelitoral.com.ar\/%77%70%2d%6a%73%6f%6e\/wp\/v2\/types\/post"}],"author":[{"embeddable":true,"href":"https:\/\/informelitoral.com.ar\/%77%70%2d%6a%73%6f%6e\/wp\/v2\/users\/2"}],"replies":[{"embeddable":true,"href":"https:\/\/informelitoral.com.ar\/%77%70%2d%6a%73%6f%6e\/wp\/v2\/comments?post=233265"}],"version-history":[{"count":1,"href":"https:\/\/informelitoral.com.ar\/%77%70%2d%6a%73%6f%6e\/wp\/v2\/posts\/233265\/revisions"}],"predecessor-version":[{"id":233267,"href":"https:\/\/informelitoral.com.ar\/%77%70%2d%6a%73%6f%6e\/wp\/v2\/posts\/233265\/revisions\/233267"}],"wp:featuredmedia":[{"embeddable":true,"href":"https:\/\/informelitoral.com.ar\/%77%70%2d%6a%73%6f%6e\/wp\/v2\/media\/233266"}],"wp:attachment":[{"href":"https:\/\/informelitoral.com.ar\/%77%70%2d%6a%73%6f%6e\/wp\/v2\/media?parent=233265"}],"wp:term":[{"taxonomy":"category","embeddable":true,"href":"https:\/\/informelitoral.com.ar\/%77%70%2d%6a%73%6f%6e\/wp\/v2\/categories?post=233265"},{"taxonomy":"post_tag","embeddable":true,"href":"https:\/\/informelitoral.com.ar\/%77%70%2d%6a%73%6f%6e\/wp\/v2\/tags?post=233265"}],"curies":[{"name":"wp","href":"https:\/\/api.w.org\/{rel}","templated":true}]}}