{"id":233256,"date":"2025-09-08T13:11:05","date_gmt":"2025-09-08T16:11:05","guid":{"rendered":"https:\/\/informelitoral.com.ar\/?p=233256"},"modified":"2025-09-08T13:13:37","modified_gmt":"2025-09-08T16:13:37","slug":"parana-el-municipio-avanza-con-el-programa-de-salud-bucal-en-los-jardines-de-infantes","status":"publish","type":"post","link":"https:\/\/informelitoral.com.ar\/parana-el-municipio-avanza-con-el-programa-de-salud-bucal-en-los-jardines-de-infantes\/","title":{"rendered":"Paran\u00e1: el municipio avanza con el programa de salud bucal en los jardines de infantes"},"content":{"rendered":"<p>Profesionales de la Secretar\u00eda de Salud del municipio contin\u00faan implementando un programa de promoci\u00f3n de h\u00e1bitos saludables en los jardines de infantes de la ciudad. El objetivo es concientizar sobre el cuidado desde la primera infancia, con un enfoque en la salud bucal.<\/p>\n<p>La secretaria de Salud, Claudia Enrique, explic\u00f3 que la iniciativa busca \u00abpromover pr\u00e1cticas de cuidados a partir de talleres de promoci\u00f3n de h\u00e1bitos saludables como el cepillado dental y la disminuci\u00f3n de la ingesta de hidratos de carbono\u201d.<\/p>\n<p><img decoding=\"async\" src=\"https:\/\/elonce-media.elonce.com\/fotos\/2025\/09\/08\/l_1757346184_89236.webp\" alt=\"Controles de salud en Paran\u00e1\" \/><\/p>\n<p>Hasta el momento, el programa ha relevado <b>18 de los 32<\/b> espacios de cuidado de la primera infancia que existen en el municipio. Seg\u00fan el director general de Salud Municipal, Santiago Scetta, casi medio millar de ni\u00f1os y ni\u00f1as, con edades que van desde los 45 d\u00edas a los tres a\u00f1os, ya participaron de las actividades.<\/p>\n<p>Entre los jardines ya relevados se encuentran Evita, Nietitos, Pancitas Verdes, Trencito, Costerito, Lomitas, Estrellitas, Isleritos San Mart\u00edn, Boyerito, Semillitas de Ilusi\u00f3n, Gurisitos, El Principito, Arroyito, Puente de Colores, Oro de Sol, La Princesita, Ping\u00fcinitos y Rayito de Luz. El plan es que los equipos municipales visiten la totalidad de las 32 instituciones.(<em>Informe Litoral<\/em>)<\/p>\n<h6><strong><em>Del archivo: <a href=\"https:\/\/informelitoral.com.ar\/parana-ejecutan-nuevas-obras-en-la-red-de-de-agua-potable-de-calle-gobernador-crespo\/\" target=\"_blank\" rel=\"noopener\">Paran\u00e1: Ejecutan nuevas obras en la red de de agua potable de calle Gobernador Crespo<\/a><\/em><\/strong><\/h6>\n","protected":false},"excerpt":{"rendered":"<p>Los equipos de la Secretar\u00eda de Salud ya visitaron 18 instituciones educativas para promover h\u00e1bitos saludables en la primera infancia.<\/p>\n","protected":false},"author":8,"featured_media":233257,"comment_status":"open","ping_status":"open","sticky":false,"template":"","format":"standard","meta":{"fifu_image_url":"https:\/\/elonce-media.elonce.com\/fotos\/2025\/09\/08\/e_1757346184_88006.webp","fifu_image_alt":"","footnotes":""},"categories":[1597],"tags":[1641,6010],"class_list":{"0":"post-233256","1":"post","2":"type-post","3":"status-publish","4":"format-standard","5":"has-post-thumbnail","7":"category-parana","8":"tag-municipalidad-parana","9":"tag-salud-bucal"},"yoast_head":"<title>Paran\u00e1: el municipio avanza con el programa de salud bucal en los jardines de infantes - Informe Litoral<\/title>\n<meta name=\"robots\" content=\"index, follow, max-snippet:-1, max-image-preview:large, max-video-preview:-1\" \/>\n<link rel=\"canonical\" href=\"https:\/\/informelitoral.com.ar\/parana-el-municipio-avanza-con-el-programa-de-salud-bucal-en-los-jardines-de-infantes\/\" \/>\n<meta property=\"og:locale\" content=\"es_ES\" \/>\n<meta property=\"og:type\" content=\"article\" \/>\n<meta property=\"og:title\" content=\"Paran\u00e1: el municipio avanza con el programa de salud bucal en los jardines de infantes - Informe Litoral\" \/>\n<meta property=\"og:description\" content=\"Los equipos de la Secretar\u00eda de Salud ya visitaron 18 instituciones educativas para promover h\u00e1bitos saludables en la primera infancia.\" \/>\n<meta property=\"og:url\" content=\"https:\/\/informelitoral.com.ar\/parana-el-municipio-avanza-con-el-programa-de-salud-bucal-en-los-jardines-de-infantes\/\" \/>\n<meta property=\"og:site_name\" content=\"Informe Litoral\" \/>\n<meta property=\"article:publisher\" content=\"https:\/\/www.facebook.com\/informelitoral\/\" \/>\n<meta property=\"article:published_time\" content=\"2025-09-08T16:11:05+00:00\" \/>\n<meta property=\"article:modified_time\" content=\"2025-09-08T16:13:37+00:00\" \/>\n<meta property=\"og:image\" content=\"https:\/\/elonce-media.elonce.com\/fotos\/2025\/09\/08\/e_1757346184_88006.webp\" \/><meta property=\"og:image\" content=\"https:\/\/elonce-media.elonce.com\/fotos\/2025\/09\/08\/e_1757346184_88006.webp\" \/>\n\t<meta property=\"og:image:width\" content=\"900\" \/>\n\t<meta property=\"og:image:height\" content=\"600\" \/>\n\t<meta property=\"og:image:type\" content=\"image\/jpeg\" \/>\n<meta name=\"author\" content=\"Sebastian\" \/>\n<meta name=\"twitter:card\" content=\"summary_large_image\" \/>\n<meta name=\"twitter:image\" content=\"https:\/\/elonce-media.elonce.com\/fotos\/2025\/09\/08\/e_1757346184_88006.webp\" \/>\n<meta name=\"twitter:creator\" content=\"@InformeLitoral\" \/>\n<meta name=\"twitter:site\" content=\"@InformeLitoral\" \/>\n<meta name=\"twitter:label1\" content=\"Escrito por\" \/>\n\t<meta name=\"twitter:data1\" content=\"Sebastian\" \/>\n\t<meta name=\"twitter:label2\" content=\"Tiempo de lectura\" \/>\n\t<meta name=\"twitter:data2\" content=\"2 minutos\" \/>\n<script type=\"application\/ld+json\" class=\"yoast-schema-graph\">{\"@context\":\"https:\\\/\\\/schema.org\",\"@graph\":[{\"@type\":\"Article\",\"@id\":\"https:\\\/\\\/informelitoral.com.ar\\\/parana-el-municipio-avanza-con-el-programa-de-salud-bucal-en-los-jardines-de-infantes\\\/#article\",\"isPartOf\":{\"@id\":\"https:\\\/\\\/informelitoral.com.ar\\\/parana-el-municipio-avanza-con-el-programa-de-salud-bucal-en-los-jardines-de-infantes\\\/\"},\"author\":{\"name\":\"Sebastian\",\"@id\":\"https:\\\/\\\/informelitoral.com.ar\\\/#\\\/schema\\\/person\\\/f05f9f461677119578717524b127d6d5\"},\"headline\":\"Paran\u00e1: el municipio avanza con el programa de salud bucal en los jardines de infantes\",\"datePublished\":\"2025-09-08T16:11:05+00:00\",\"dateModified\":\"2025-09-08T16:13:37+00:00\",\"mainEntityOfPage\":{\"@id\":\"https:\\\/\\\/informelitoral.com.ar\\\/parana-el-municipio-avanza-con-el-programa-de-salud-bucal-en-los-jardines-de-infantes\\\/\"},\"wordCount\":236,\"commentCount\":0,\"publisher\":{\"@id\":\"https:\\\/\\\/informelitoral.com.ar\\\/#organization\"},\"image\":{\"@id\":\"https:\\\/\\\/informelitoral.com.ar\\\/parana-el-municipio-avanza-con-el-programa-de-salud-bucal-en-los-jardines-de-infantes\\\/#primaryimage\"},\"thumbnailUrl\":\"https:\\\/\\\/elonce-media.elonce.com\\\/fotos\\\/2025\\\/09\\\/08\\\/e_1757346184_88006.webp\",\"keywords\":[\"Municipalidad Parana\",\"Salud Bucal\"],\"articleSection\":[\"Paran\u00e1\"],\"inLanguage\":\"es\",\"potentialAction\":[{\"@type\":\"CommentAction\",\"name\":\"Comment\",\"target\":[\"https:\\\/\\\/informelitoral.com.ar\\\/parana-el-municipio-avanza-con-el-programa-de-salud-bucal-en-los-jardines-de-infantes\\\/#respond\"]}]},{\"@type\":\"WebPage\",\"@id\":\"https:\\\/\\\/informelitoral.com.ar\\\/parana-el-municipio-avanza-con-el-programa-de-salud-bucal-en-los-jardines-de-infantes\\\/\",\"url\":\"https:\\\/\\\/informelitoral.com.ar\\\/parana-el-municipio-avanza-con-el-programa-de-salud-bucal-en-los-jardines-de-infantes\\\/\",\"name\":\"Paran\u00e1: el municipio avanza con el programa de salud bucal en los jardines de infantes - Informe Litoral\",\"isPartOf\":{\"@id\":\"https:\\\/\\\/informelitoral.com.ar\\\/#website\"},\"primaryImageOfPage\":{\"@id\":\"https:\\\/\\\/informelitoral.com.ar\\\/parana-el-municipio-avanza-con-el-programa-de-salud-bucal-en-los-jardines-de-infantes\\\/#primaryimage\"},\"image\":{\"@id\":\"https:\\\/\\\/informelitoral.com.ar\\\/parana-el-municipio-avanza-con-el-programa-de-salud-bucal-en-los-jardines-de-infantes\\\/#primaryimage\"},\"thumbnailUrl\":\"https:\\\/\\\/elonce-media.elonce.com\\\/fotos\\\/2025\\\/09\\\/08\\\/e_1757346184_88006.webp\",\"datePublished\":\"2025-09-08T16:11:05+00:00\",\"dateModified\":\"2025-09-08T16:13:37+00:00\",\"breadcrumb\":{\"@id\":\"https:\\\/\\\/informelitoral.com.ar\\\/parana-el-municipio-avanza-con-el-programa-de-salud-bucal-en-los-jardines-de-infantes\\\/#breadcrumb\"},\"inLanguage\":\"es\",\"potentialAction\":[{\"@type\":\"ReadAction\",\"target\":[\"https:\\\/\\\/informelitoral.com.ar\\\/parana-el-municipio-avanza-con-el-programa-de-salud-bucal-en-los-jardines-de-infantes\\\/\"]}]},{\"@type\":\"ImageObject\",\"inLanguage\":\"es\",\"@id\":\"https:\\\/\\\/informelitoral.com.ar\\\/parana-el-municipio-avanza-con-el-programa-de-salud-bucal-en-los-jardines-de-infantes\\\/#primaryimage\",\"url\":\"https:\\\/\\\/elonce-media.elonce.com\\\/fotos\\\/2025\\\/09\\\/08\\\/e_1757346184_88006.webp\",\"contentUrl\":\"https:\\\/\\\/elonce-media.elonce.com\\\/fotos\\\/2025\\\/09\\\/08\\\/e_1757346184_88006.webp\",\"width\":\"900\",\"height\":\"600\"},{\"@type\":\"BreadcrumbList\",\"@id\":\"https:\\\/\\\/informelitoral.com.ar\\\/parana-el-municipio-avanza-con-el-programa-de-salud-bucal-en-los-jardines-de-infantes\\\/#breadcrumb\",\"itemListElement\":[{\"@type\":\"ListItem\",\"position\":1,\"name\":\"Portada\",\"item\":\"https:\\\/\\\/informelitoral.com.ar\\\/\"},{\"@type\":\"ListItem\",\"position\":2,\"name\":\"Paran\u00e1: el municipio avanza con el programa de salud bucal en los jardines de infantes\"}]},{\"@type\":\"WebSite\",\"@id\":\"https:\\\/\\\/informelitoral.com.ar\\\/#website\",\"url\":\"https:\\\/\\\/informelitoral.com.ar\\\/\",\"name\":\"Informe Litoral\",\"description\":\"&quot;Nos informamos&quot; \",\"publisher\":{\"@id\":\"https:\\\/\\\/informelitoral.com.ar\\\/#organization\"},\"potentialAction\":[{\"@type\":\"SearchAction\",\"target\":{\"@type\":\"EntryPoint\",\"urlTemplate\":\"https:\\\/\\\/informelitoral.com.ar\\\/?s={search_term_string}\"},\"query-input\":{\"@type\":\"PropertyValueSpecification\",\"valueRequired\":true,\"valueName\":\"search_term_string\"}}],\"inLanguage\":\"es\"},{\"@type\":\"Organization\",\"@id\":\"https:\\\/\\\/informelitoral.com.ar\\\/#organization\",\"name\":\"Informe Litoral\",\"url\":\"https:\\\/\\\/informelitoral.com.ar\\\/\",\"logo\":{\"@type\":\"ImageObject\",\"inLanguage\":\"es\",\"@id\":\"https:\\\/\\\/informelitoral.com.ar\\\/#\\\/schema\\\/logo\\\/image\\\/\",\"url\":\"https:\\\/\\\/informelitoral.com.ar\\\/%77%70%2d%63%6f%6e%74%65%6e%74\\\/uploads\\\/2021\\\/01\\\/circulo.png\",\"contentUrl\":\"https:\\\/\\\/informelitoral.com.ar\\\/%77%70%2d%63%6f%6e%74%65%6e%74\\\/uploads\\\/2021\\\/01\\\/circulo.png\",\"width\":723,\"height\":731,\"caption\":\"Informe Litoral\"},\"image\":{\"@id\":\"https:\\\/\\\/informelitoral.com.ar\\\/#\\\/schema\\\/logo\\\/image\\\/\"},\"sameAs\":[\"https:\\\/\\\/www.facebook.com\\\/informelitoral\\\/\",\"https:\\\/\\\/x.com\\\/InformeLitoral\",\"https:\\\/\\\/www.instagram.com\\\/informelitoral\\\/\",\"https:\\\/\\\/www.youtube.com\\\/channel\\\/UCua4Qvz8Icb6MYqhoq9xLXw\"]},{\"@type\":\"Person\",\"@id\":\"https:\\\/\\\/informelitoral.com.ar\\\/#\\\/schema\\\/person\\\/f05f9f461677119578717524b127d6d5\",\"name\":\"Sebastian\",\"image\":{\"@type\":\"ImageObject\",\"inLanguage\":\"es\",\"@id\":\"https:\\\/\\\/secure.gravatar.com\\\/avatar\\\/b71bf7481d447dfb9583c7f2798e7cc64de6efb9067b74633ed8c31059a3bd82?s=96&d=mm&r=g\",\"url\":\"https:\\\/\\\/secure.gravatar.com\\\/avatar\\\/b71bf7481d447dfb9583c7f2798e7cc64de6efb9067b74633ed8c31059a3bd82?s=96&d=mm&r=g\",\"contentUrl\":\"https:\\\/\\\/secure.gravatar.com\\\/avatar\\\/b71bf7481d447dfb9583c7f2798e7cc64de6efb9067b74633ed8c31059a3bd82?s=96&d=mm&r=g\",\"caption\":\"Sebastian\"},\"url\":\"https:\\\/\\\/informelitoral.com.ar\\\/author\\\/sebastian\\\/\"}]}<\/script>","yoast_head_json":{"title":"Paran\u00e1: el municipio avanza con el programa de salud bucal en los jardines de infantes - Informe Litoral","robots":{"index":"index","follow":"follow","max-snippet":"max-snippet:-1","max-image-preview":"max-image-preview:large","max-video-preview":"max-video-preview:-1"},"canonical":"https:\/\/informelitoral.com.ar\/parana-el-municipio-avanza-con-el-programa-de-salud-bucal-en-los-jardines-de-infantes\/","og_locale":"es_ES","og_type":"article","og_title":"Paran\u00e1: el municipio avanza con el programa de salud bucal en los jardines de infantes - Informe Litoral","og_description":"Los equipos de la Secretar\u00eda de Salud ya visitaron 18 instituciones educativas para promover h\u00e1bitos saludables en la primera infancia.","og_url":"https:\/\/informelitoral.com.ar\/parana-el-municipio-avanza-con-el-programa-de-salud-bucal-en-los-jardines-de-infantes\/","og_site_name":"Informe Litoral","article_publisher":"https:\/\/www.facebook.com\/informelitoral\/","article_published_time":"2025-09-08T16:11:05+00:00","article_modified_time":"2025-09-08T16:13:37+00:00","og_image":[{"url":"https:\/\/elonce-media.elonce.com\/fotos\/2025\/09\/08\/e_1757346184_88006.webp","type":"","width":"","height":""},{"width":900,"height":600,"url":"https:\/\/elonce-media.elonce.com\/fotos\/2025\/09\/08\/e_1757346184_88006.webp","type":"image\/jpeg"}],"author":"Sebastian","twitter_card":"summary_large_image","twitter_image":"https:\/\/elonce-media.elonce.com\/fotos\/2025\/09\/08\/e_1757346184_88006.webp","twitter_creator":"@InformeLitoral","twitter_site":"@InformeLitoral","twitter_misc":{"Escrito por":"Sebastian","Tiempo de lectura":"2 minutos"},"schema":{"@context":"https:\/\/schema.org","@graph":[{"@type":"Article","@id":"https:\/\/informelitoral.com.ar\/parana-el-municipio-avanza-con-el-programa-de-salud-bucal-en-los-jardines-de-infantes\/#article","isPartOf":{"@id":"https:\/\/informelitoral.com.ar\/parana-el-municipio-avanza-con-el-programa-de-salud-bucal-en-los-jardines-de-infantes\/"},"author":{"name":"Sebastian","@id":"https:\/\/informelitoral.com.ar\/#\/schema\/person\/f05f9f461677119578717524b127d6d5"},"headline":"Paran\u00e1: el municipio avanza con el programa de salud bucal en los jardines de infantes","datePublished":"2025-09-08T16:11:05+00:00","dateModified":"2025-09-08T16:13:37+00:00","mainEntityOfPage":{"@id":"https:\/\/informelitoral.com.ar\/parana-el-municipio-avanza-con-el-programa-de-salud-bucal-en-los-jardines-de-infantes\/"},"wordCount":236,"commentCount":0,"publisher":{"@id":"https:\/\/informelitoral.com.ar\/#organization"},"image":{"@id":"https:\/\/informelitoral.com.ar\/parana-el-municipio-avanza-con-el-programa-de-salud-bucal-en-los-jardines-de-infantes\/#primaryimage"},"thumbnailUrl":"https:\/\/elonce-media.elonce.com\/fotos\/2025\/09\/08\/e_1757346184_88006.webp","keywords":["Municipalidad Parana","Salud Bucal"],"articleSection":["Paran\u00e1"],"inLanguage":"es","potentialAction":[{"@type":"CommentAction","name":"Comment","target":["https:\/\/informelitoral.com.ar\/parana-el-municipio-avanza-con-el-programa-de-salud-bucal-en-los-jardines-de-infantes\/#respond"]}]},{"@type":"WebPage","@id":"https:\/\/informelitoral.com.ar\/parana-el-municipio-avanza-con-el-programa-de-salud-bucal-en-los-jardines-de-infantes\/","url":"https:\/\/informelitoral.com.ar\/parana-el-municipio-avanza-con-el-programa-de-salud-bucal-en-los-jardines-de-infantes\/","name":"Paran\u00e1: el municipio avanza con el programa de salud bucal en los jardines de infantes - Informe Litoral","isPartOf":{"@id":"https:\/\/informelitoral.com.ar\/#website"},"primaryImageOfPage":{"@id":"https:\/\/informelitoral.com.ar\/parana-el-municipio-avanza-con-el-programa-de-salud-bucal-en-los-jardines-de-infantes\/#primaryimage"},"image":{"@id":"https:\/\/informelitoral.com.ar\/parana-el-municipio-avanza-con-el-programa-de-salud-bucal-en-los-jardines-de-infantes\/#primaryimage"},"thumbnailUrl":"https:\/\/elonce-media.elonce.com\/fotos\/2025\/09\/08\/e_1757346184_88006.webp","datePublished":"2025-09-08T16:11:05+00:00","dateModified":"2025-09-08T16:13:37+00:00","breadcrumb":{"@id":"https:\/\/informelitoral.com.ar\/parana-el-municipio-avanza-con-el-programa-de-salud-bucal-en-los-jardines-de-infantes\/#breadcrumb"},"inLanguage":"es","potentialAction":[{"@type":"ReadAction","target":["https:\/\/informelitoral.com.ar\/parana-el-municipio-avanza-con-el-programa-de-salud-bucal-en-los-jardines-de-infantes\/"]}]},{"@type":"ImageObject","inLanguage":"es","@id":"https:\/\/informelitoral.com.ar\/parana-el-municipio-avanza-con-el-programa-de-salud-bucal-en-los-jardines-de-infantes\/#primaryimage","url":"https:\/\/elonce-media.elonce.com\/fotos\/2025\/09\/08\/e_1757346184_88006.webp","contentUrl":"https:\/\/elonce-media.elonce.com\/fotos\/2025\/09\/08\/e_1757346184_88006.webp","width":"900","height":"600"},{"@type":"BreadcrumbList","@id":"https:\/\/informelitoral.com.ar\/parana-el-municipio-avanza-con-el-programa-de-salud-bucal-en-los-jardines-de-infantes\/#breadcrumb","itemListElement":[{"@type":"ListItem","position":1,"name":"Portada","item":"https:\/\/informelitoral.com.ar\/"},{"@type":"ListItem","position":2,"name":"Paran\u00e1: el municipio avanza con el programa de salud bucal en los jardines de infantes"}]},{"@type":"WebSite","@id":"https:\/\/informelitoral.com.ar\/#website","url":"https:\/\/informelitoral.com.ar\/","name":"Informe Litoral","description":"&quot;Nos informamos&quot; ","publisher":{"@id":"https:\/\/informelitoral.com.ar\/#organization"},"potentialAction":[{"@type":"SearchAction","target":{"@type":"EntryPoint","urlTemplate":"https:\/\/informelitoral.com.ar\/?s={search_term_string}"},"query-input":{"@type":"PropertyValueSpecification","valueRequired":true,"valueName":"search_term_string"}}],"inLanguage":"es"},{"@type":"Organization","@id":"https:\/\/informelitoral.com.ar\/#organization","name":"Informe Litoral","url":"https:\/\/informelitoral.com.ar\/","logo":{"@type":"ImageObject","inLanguage":"es","@id":"https:\/\/informelitoral.com.ar\/#\/schema\/logo\/image\/","url":"https:\/\/informelitoral.com.ar\/%77%70%2d%63%6f%6e%74%65%6e%74\/uploads\/2021\/01\/circulo.png","contentUrl":"https:\/\/informelitoral.com.ar\/%77%70%2d%63%6f%6e%74%65%6e%74\/uploads\/2021\/01\/circulo.png","width":723,"height":731,"caption":"Informe Litoral"},"image":{"@id":"https:\/\/informelitoral.com.ar\/#\/schema\/logo\/image\/"},"sameAs":["https:\/\/www.facebook.com\/informelitoral\/","https:\/\/x.com\/InformeLitoral","https:\/\/www.instagram.com\/informelitoral\/","https:\/\/www.youtube.com\/channel\/UCua4Qvz8Icb6MYqhoq9xLXw"]},{"@type":"Person","@id":"https:\/\/informelitoral.com.ar\/#\/schema\/person\/f05f9f461677119578717524b127d6d5","name":"Sebastian","image":{"@type":"ImageObject","inLanguage":"es","@id":"https:\/\/secure.gravatar.com\/avatar\/b71bf7481d447dfb9583c7f2798e7cc64de6efb9067b74633ed8c31059a3bd82?s=96&d=mm&r=g","url":"https:\/\/secure.gravatar.com\/avatar\/b71bf7481d447dfb9583c7f2798e7cc64de6efb9067b74633ed8c31059a3bd82?s=96&d=mm&r=g","contentUrl":"https:\/\/secure.gravatar.com\/avatar\/b71bf7481d447dfb9583c7f2798e7cc64de6efb9067b74633ed8c31059a3bd82?s=96&d=mm&r=g","caption":"Sebastian"},"url":"https:\/\/informelitoral.com.ar\/author\/sebastian\/"}]}},"fifu_image_url":"https:\/\/elonce-media.elonce.com\/fotos\/2025\/09\/08\/e_1757346184_88006.webp","_links":{"self":[{"href":"https:\/\/informelitoral.com.ar\/%77%70%2d%6a%73%6f%6e\/wp\/v2\/posts\/233256","targetHints":{"allow":["GET"]}}],"collection":[{"href":"https:\/\/informelitoral.com.ar\/%77%70%2d%6a%73%6f%6e\/wp\/v2\/posts"}],"about":[{"href":"https:\/\/informelitoral.com.ar\/%77%70%2d%6a%73%6f%6e\/wp\/v2\/types\/post"}],"author":[{"embeddable":true,"href":"https:\/\/informelitoral.com.ar\/%77%70%2d%6a%73%6f%6e\/wp\/v2\/users\/8"}],"replies":[{"embeddable":true,"href":"https:\/\/informelitoral.com.ar\/%77%70%2d%6a%73%6f%6e\/wp\/v2\/comments?post=233256"}],"version-history":[{"count":4,"href":"https:\/\/informelitoral.com.ar\/%77%70%2d%6a%73%6f%6e\/wp\/v2\/posts\/233256\/revisions"}],"predecessor-version":[{"id":233261,"href":"https:\/\/informelitoral.com.ar\/%77%70%2d%6a%73%6f%6e\/wp\/v2\/posts\/233256\/revisions\/233261"}],"wp:featuredmedia":[{"embeddable":true,"href":"https:\/\/informelitoral.com.ar\/%77%70%2d%6a%73%6f%6e\/wp\/v2\/media\/233257"}],"wp:attachment":[{"href":"https:\/\/informelitoral.com.ar\/%77%70%2d%6a%73%6f%6e\/wp\/v2\/media?parent=233256"}],"wp:term":[{"taxonomy":"category","embeddable":true,"href":"https:\/\/informelitoral.com.ar\/%77%70%2d%6a%73%6f%6e\/wp\/v2\/categories?post=233256"},{"taxonomy":"post_tag","embeddable":true,"href":"https:\/\/informelitoral.com.ar\/%77%70%2d%6a%73%6f%6e\/wp\/v2\/tags?post=233256"}],"curies":[{"name":"wp","href":"https:\/\/api.w.org\/{rel}","templated":true}]}}