{"id":233215,"date":"2025-09-08T09:48:32","date_gmt":"2025-09-08T12:48:32","guid":{"rendered":"https:\/\/informelitoral.com.ar\/?p=233215"},"modified":"2025-09-08T09:48:32","modified_gmt":"2025-09-08T12:48:32","slug":"la-seleccion-argentina-viaja-a-ecuador-con-varias-bajas-para-el-ultimo-partido-de-eliminatorias","status":"publish","type":"post","link":"https:\/\/informelitoral.com.ar\/la-seleccion-argentina-viaja-a-ecuador-con-varias-bajas-para-el-ultimo-partido-de-eliminatorias\/","title":{"rendered":"La Selecci\u00f3n argentina viaja a Ecuador con varias bajas para el \u00faltimo partido de Eliminatorias"},"content":{"rendered":"<p>La Selecci\u00f3n argentina se prepara para su \u00faltimo compromiso en las Eliminatorias del Mundial 2026, enfrentando a Ecuador con el boleto a la Copa del Mundo ya asegurado. El equipo se entren\u00f3 este domingo en el predio de la AFA con el foco en la fluidez del juego colectivo y la definici\u00f3n, a pesar de las ausencias confirmadas de <b>Lionel Messi<\/b> y <b>Cristian \u00abCuti\u00bb Romero<\/b>.<\/p>\n<p>La pr\u00e1ctica, que incluy\u00f3 circuitos t\u00e9cnicos y trabajos defensivos y ofensivos, fue la pen\u00faltima antes del viaje. Este lunes, el director t\u00e9cnico Lionel Scaloni brindar\u00e1 una conferencia de prensa y dirigir\u00e1 la pr\u00e1ctica final antes de que el plantel parta hacia Quito.<\/p>\n<p><a href=\"https:\/\/informelitoral.com.ar\/%77%70%2d%63%6f%6e%74%65%6e%74\/uploads\/2024\/06\/seleccion-argentina-voley2jpg.webp\"><img loading=\"lazy\" decoding=\"async\" class=\"alignnone size-full wp-image-189301\" src=\"https:\/\/informelitoral.com.ar\/%77%70%2d%63%6f%6e%74%65%6e%74\/uploads\/2024\/06\/seleccion-argentina-voley2jpg.webp\" alt=\"\" width=\"1200\" height=\"675\" srcset=\"https:\/\/informelitoral.com.ar\/%77%70%2d%63%6f%6e%74%65%6e%74\/uploads\/2024\/06\/seleccion-argentina-voley2jpg.webp 1200w, https:\/\/informelitoral.com.ar\/%77%70%2d%63%6f%6e%74%65%6e%74\/uploads\/2024\/06\/seleccion-argentina-voley2jpg-300x169.webp 300w, https:\/\/informelitoral.com.ar\/%77%70%2d%63%6f%6e%74%65%6e%74\/uploads\/2024\/06\/seleccion-argentina-voley2jpg-1024x576.webp 1024w, https:\/\/informelitoral.com.ar\/%77%70%2d%63%6f%6e%74%65%6e%74\/uploads\/2024\/06\/seleccion-argentina-voley2jpg-768x432.webp 768w, https:\/\/informelitoral.com.ar\/%77%70%2d%63%6f%6e%74%65%6e%74\/uploads\/2024\/06\/seleccion-argentina-voley2jpg-696x392.webp 696w, https:\/\/informelitoral.com.ar\/%77%70%2d%63%6f%6e%74%65%6e%74\/uploads\/2024\/06\/seleccion-argentina-voley2jpg-1068x601.webp 1068w, https:\/\/informelitoral.com.ar\/%77%70%2d%63%6f%6e%74%65%6e%74\/uploads\/2024\/06\/seleccion-argentina-voley2jpg-747x420.webp 747w\" sizes=\"auto, (max-width: 1200px) 100vw, 1200px\" \/><\/a><\/p>\n<p>Ante la baja de Messi por descanso y la suspensi\u00f3n de Cuti Romero por acumulaci\u00f3n de tarjetas amarillas, Scaloni se ve obligado a realizar cambios en el once inicial. Los principales candidatos a ocupar estos lugares son <b>Leonardo Balerdi<\/b> en la zaga central y <b>Lautaro Mart\u00ednez<\/b> en el ataque.<\/p>\n<p>Adem\u00e1s, se espera el regreso de <b>Alexis Mac Allister<\/b>, quien super\u00f3 una molestia muscular y podr\u00eda volver al mediocampo titular. El futbolista se perdi\u00f3 el \u00faltimo encuentro ante Venezuela por un retraso en su vuelo de regreso a Argentina, pero ahora tiene grandes chances de ser de la partida.<\/p>\n<h6><em><strong>Del archivo:\u00a0<a href=\"https:\/\/informelitoral.com.ar\/nueve-prepagas-anuncian-aumentos-a-pesar-de-la-regulacion\/\" target=\"_blank\" rel=\"noopener\">Nueve prepagas anuncian aumentos a pesar de la regulaci\u00f3n<\/a><\/strong><\/em><\/h6>\n<p>El resto del equipo se mantendr\u00eda, con la duda en el mediocampo ofensivo entre <b>Thiago Almada<\/b>, <b>Nico Paz<\/b> y <b>Franco Mastantuono<\/b>, quienes compiten por un lugar en el once inicial.<\/p>\n<p>La posible formaci\u00f3n de Argentina para el partido del martes ser\u00eda: Emiliano Mart\u00ednez; Nahuel Molina, Leonardo Balerdi, Nicol\u00e1s Otamendi, Nicol\u00e1s Tagliafico; Rodrigo De Paul, Leandro Paredes, Alexis Mac Allister, Thiago Almada; Juli\u00e1n \u00c1lvarez y Lautaro Mart\u00ednez.(<em>Con informaci\u00f3n de TN<\/em>)<\/p>\n","protected":false},"excerpt":{"rendered":"<p>Scaloni busca alternativas en defensa y ataque ante la ausencia de figuras clave como Lionel Messi y Cuti Romero.<\/p>\n","protected":false},"author":8,"featured_media":61070,"comment_status":"open","ping_status":"open","sticky":false,"template":"","format":"standard","meta":{"fifu_image_url":"","fifu_image_alt":"","footnotes":""},"categories":[13],"tags":[1328,116],"class_list":{"0":"post-233215","1":"post","2":"type-post","3":"status-publish","4":"format-standard","5":"has-post-thumbnail","7":"category-deportes","8":"tag-ecuador","9":"tag-seleccion-argentina"},"yoast_head":"<title>La Selecci\u00f3n argentina viaja a Ecuador con varias bajas para el \u00faltimo partido de Eliminatorias - Informe Litoral<\/title>\n<meta name=\"robots\" content=\"index, follow, max-snippet:-1, max-image-preview:large, max-video-preview:-1\" \/>\n<link rel=\"canonical\" href=\"https:\/\/informelitoral.com.ar\/la-seleccion-argentina-viaja-a-ecuador-con-varias-bajas-para-el-ultimo-partido-de-eliminatorias\/\" \/>\n<meta property=\"og:locale\" content=\"es_ES\" \/>\n<meta property=\"og:type\" content=\"article\" \/>\n<meta property=\"og:title\" content=\"La Selecci\u00f3n argentina viaja a Ecuador con varias bajas para el \u00faltimo partido de Eliminatorias - Informe Litoral\" \/>\n<meta property=\"og:description\" content=\"Scaloni busca alternativas en defensa y ataque ante la ausencia de figuras clave como Lionel Messi y Cuti Romero.\" \/>\n<meta property=\"og:url\" content=\"https:\/\/informelitoral.com.ar\/la-seleccion-argentina-viaja-a-ecuador-con-varias-bajas-para-el-ultimo-partido-de-eliminatorias\/\" \/>\n<meta property=\"og:site_name\" content=\"Informe Litoral\" \/>\n<meta property=\"article:publisher\" content=\"https:\/\/www.facebook.com\/informelitoral\/\" \/>\n<meta property=\"article:published_time\" content=\"2025-09-08T12:48:32+00:00\" \/>\n<meta property=\"og:image\" content=\"https:\/\/informelitoral.com.ar\/%77%70%2d%63%6f%6e%74%65%6e%74\/uploads\/2021\/06\/lionel-scaloni_1440x810_wmk.jpg\" \/>\n\t<meta property=\"og:image:width\" content=\"1440\" \/>\n\t<meta property=\"og:image:height\" content=\"809\" \/>\n\t<meta property=\"og:image:type\" content=\"image\/jpeg\" \/>\n<meta name=\"author\" content=\"Sebastian\" \/>\n<meta name=\"twitter:card\" content=\"summary_large_image\" \/>\n<meta name=\"twitter:creator\" content=\"@InformeLitoral\" \/>\n<meta name=\"twitter:site\" content=\"@InformeLitoral\" \/>\n<meta name=\"twitter:label1\" content=\"Escrito por\" \/>\n\t<meta name=\"twitter:data1\" content=\"Sebastian\" \/>\n\t<meta name=\"twitter:label2\" content=\"Tiempo de lectura\" \/>\n\t<meta name=\"twitter:data2\" content=\"2 minutos\" \/>\n<script type=\"application\/ld+json\" class=\"yoast-schema-graph\">{\"@context\":\"https:\\\/\\\/schema.org\",\"@graph\":[{\"@type\":\"Article\",\"@id\":\"https:\\\/\\\/informelitoral.com.ar\\\/la-seleccion-argentina-viaja-a-ecuador-con-varias-bajas-para-el-ultimo-partido-de-eliminatorias\\\/#article\",\"isPartOf\":{\"@id\":\"https:\\\/\\\/informelitoral.com.ar\\\/la-seleccion-argentina-viaja-a-ecuador-con-varias-bajas-para-el-ultimo-partido-de-eliminatorias\\\/\"},\"author\":{\"name\":\"Sebastian\",\"@id\":\"https:\\\/\\\/informelitoral.com.ar\\\/#\\\/schema\\\/person\\\/f05f9f461677119578717524b127d6d5\"},\"headline\":\"La Selecci\u00f3n argentina viaja a Ecuador con varias bajas para el \u00faltimo partido de Eliminatorias\",\"datePublished\":\"2025-09-08T12:48:32+00:00\",\"mainEntityOfPage\":{\"@id\":\"https:\\\/\\\/informelitoral.com.ar\\\/la-seleccion-argentina-viaja-a-ecuador-con-varias-bajas-para-el-ultimo-partido-de-eliminatorias\\\/\"},\"wordCount\":323,\"commentCount\":0,\"publisher\":{\"@id\":\"https:\\\/\\\/informelitoral.com.ar\\\/#organization\"},\"image\":{\"@id\":\"https:\\\/\\\/informelitoral.com.ar\\\/la-seleccion-argentina-viaja-a-ecuador-con-varias-bajas-para-el-ultimo-partido-de-eliminatorias\\\/#primaryimage\"},\"thumbnailUrl\":\"https:\\\/\\\/informelitoral.com.ar\\\/%77%70%2d%63%6f%6e%74%65%6e%74\\\/uploads\\\/2021\\\/06\\\/lionel-scaloni_1440x810_wmk.jpg\",\"keywords\":[\"Ecuador\",\"Selecci\u00f3n argentina\"],\"articleSection\":[\"Deportes\"],\"inLanguage\":\"es\",\"potentialAction\":[{\"@type\":\"CommentAction\",\"name\":\"Comment\",\"target\":[\"https:\\\/\\\/informelitoral.com.ar\\\/la-seleccion-argentina-viaja-a-ecuador-con-varias-bajas-para-el-ultimo-partido-de-eliminatorias\\\/#respond\"]}]},{\"@type\":\"WebPage\",\"@id\":\"https:\\\/\\\/informelitoral.com.ar\\\/la-seleccion-argentina-viaja-a-ecuador-con-varias-bajas-para-el-ultimo-partido-de-eliminatorias\\\/\",\"url\":\"https:\\\/\\\/informelitoral.com.ar\\\/la-seleccion-argentina-viaja-a-ecuador-con-varias-bajas-para-el-ultimo-partido-de-eliminatorias\\\/\",\"name\":\"La Selecci\u00f3n argentina viaja a Ecuador con varias bajas para el \u00faltimo partido de Eliminatorias - Informe Litoral\",\"isPartOf\":{\"@id\":\"https:\\\/\\\/informelitoral.com.ar\\\/#website\"},\"primaryImageOfPage\":{\"@id\":\"https:\\\/\\\/informelitoral.com.ar\\\/la-seleccion-argentina-viaja-a-ecuador-con-varias-bajas-para-el-ultimo-partido-de-eliminatorias\\\/#primaryimage\"},\"image\":{\"@id\":\"https:\\\/\\\/informelitoral.com.ar\\\/la-seleccion-argentina-viaja-a-ecuador-con-varias-bajas-para-el-ultimo-partido-de-eliminatorias\\\/#primaryimage\"},\"thumbnailUrl\":\"https:\\\/\\\/informelitoral.com.ar\\\/%77%70%2d%63%6f%6e%74%65%6e%74\\\/uploads\\\/2021\\\/06\\\/lionel-scaloni_1440x810_wmk.jpg\",\"datePublished\":\"2025-09-08T12:48:32+00:00\",\"breadcrumb\":{\"@id\":\"https:\\\/\\\/informelitoral.com.ar\\\/la-seleccion-argentina-viaja-a-ecuador-con-varias-bajas-para-el-ultimo-partido-de-eliminatorias\\\/#breadcrumb\"},\"inLanguage\":\"es\",\"potentialAction\":[{\"@type\":\"ReadAction\",\"target\":[\"https:\\\/\\\/informelitoral.com.ar\\\/la-seleccion-argentina-viaja-a-ecuador-con-varias-bajas-para-el-ultimo-partido-de-eliminatorias\\\/\"]}]},{\"@type\":\"ImageObject\",\"inLanguage\":\"es\",\"@id\":\"https:\\\/\\\/informelitoral.com.ar\\\/la-seleccion-argentina-viaja-a-ecuador-con-varias-bajas-para-el-ultimo-partido-de-eliminatorias\\\/#primaryimage\",\"url\":\"https:\\\/\\\/informelitoral.com.ar\\\/%77%70%2d%63%6f%6e%74%65%6e%74\\\/uploads\\\/2021\\\/06\\\/lionel-scaloni_1440x810_wmk.jpg\",\"contentUrl\":\"https:\\\/\\\/informelitoral.com.ar\\\/%77%70%2d%63%6f%6e%74%65%6e%74\\\/uploads\\\/2021\\\/06\\\/lionel-scaloni_1440x810_wmk.jpg\",\"width\":1440,\"height\":809},{\"@type\":\"BreadcrumbList\",\"@id\":\"https:\\\/\\\/informelitoral.com.ar\\\/la-seleccion-argentina-viaja-a-ecuador-con-varias-bajas-para-el-ultimo-partido-de-eliminatorias\\\/#breadcrumb\",\"itemListElement\":[{\"@type\":\"ListItem\",\"position\":1,\"name\":\"Portada\",\"item\":\"https:\\\/\\\/informelitoral.com.ar\\\/\"},{\"@type\":\"ListItem\",\"position\":2,\"name\":\"La Selecci\u00f3n argentina viaja a Ecuador con varias bajas para el \u00faltimo partido de Eliminatorias\"}]},{\"@type\":\"WebSite\",\"@id\":\"https:\\\/\\\/informelitoral.com.ar\\\/#website\",\"url\":\"https:\\\/\\\/informelitoral.com.ar\\\/\",\"name\":\"Informe Litoral\",\"description\":\"&quot;Nos informamos&quot; \",\"publisher\":{\"@id\":\"https:\\\/\\\/informelitoral.com.ar\\\/#organization\"},\"potentialAction\":[{\"@type\":\"SearchAction\",\"target\":{\"@type\":\"EntryPoint\",\"urlTemplate\":\"https:\\\/\\\/informelitoral.com.ar\\\/?s={search_term_string}\"},\"query-input\":{\"@type\":\"PropertyValueSpecification\",\"valueRequired\":true,\"valueName\":\"search_term_string\"}}],\"inLanguage\":\"es\"},{\"@type\":\"Organization\",\"@id\":\"https:\\\/\\\/informelitoral.com.ar\\\/#organization\",\"name\":\"Informe Litoral\",\"url\":\"https:\\\/\\\/informelitoral.com.ar\\\/\",\"logo\":{\"@type\":\"ImageObject\",\"inLanguage\":\"es\",\"@id\":\"https:\\\/\\\/informelitoral.com.ar\\\/#\\\/schema\\\/logo\\\/image\\\/\",\"url\":\"https:\\\/\\\/informelitoral.com.ar\\\/%77%70%2d%63%6f%6e%74%65%6e%74\\\/uploads\\\/2021\\\/01\\\/circulo.png\",\"contentUrl\":\"https:\\\/\\\/informelitoral.com.ar\\\/%77%70%2d%63%6f%6e%74%65%6e%74\\\/uploads\\\/2021\\\/01\\\/circulo.png\",\"width\":723,\"height\":731,\"caption\":\"Informe Litoral\"},\"image\":{\"@id\":\"https:\\\/\\\/informelitoral.com.ar\\\/#\\\/schema\\\/logo\\\/image\\\/\"},\"sameAs\":[\"https:\\\/\\\/www.facebook.com\\\/informelitoral\\\/\",\"https:\\\/\\\/x.com\\\/InformeLitoral\",\"https:\\\/\\\/www.instagram.com\\\/informelitoral\\\/\",\"https:\\\/\\\/www.youtube.com\\\/channel\\\/UCua4Qvz8Icb6MYqhoq9xLXw\"]},{\"@type\":\"Person\",\"@id\":\"https:\\\/\\\/informelitoral.com.ar\\\/#\\\/schema\\\/person\\\/f05f9f461677119578717524b127d6d5\",\"name\":\"Sebastian\",\"image\":{\"@type\":\"ImageObject\",\"inLanguage\":\"es\",\"@id\":\"https:\\\/\\\/secure.gravatar.com\\\/avatar\\\/b71bf7481d447dfb9583c7f2798e7cc64de6efb9067b74633ed8c31059a3bd82?s=96&d=mm&r=g\",\"url\":\"https:\\\/\\\/secure.gravatar.com\\\/avatar\\\/b71bf7481d447dfb9583c7f2798e7cc64de6efb9067b74633ed8c31059a3bd82?s=96&d=mm&r=g\",\"contentUrl\":\"https:\\\/\\\/secure.gravatar.com\\\/avatar\\\/b71bf7481d447dfb9583c7f2798e7cc64de6efb9067b74633ed8c31059a3bd82?s=96&d=mm&r=g\",\"caption\":\"Sebastian\"},\"url\":\"https:\\\/\\\/informelitoral.com.ar\\\/author\\\/sebastian\\\/\"}]}<\/script>","yoast_head_json":{"title":"La Selecci\u00f3n argentina viaja a Ecuador con varias bajas para el \u00faltimo partido de Eliminatorias - Informe Litoral","robots":{"index":"index","follow":"follow","max-snippet":"max-snippet:-1","max-image-preview":"max-image-preview:large","max-video-preview":"max-video-preview:-1"},"canonical":"https:\/\/informelitoral.com.ar\/la-seleccion-argentina-viaja-a-ecuador-con-varias-bajas-para-el-ultimo-partido-de-eliminatorias\/","og_locale":"es_ES","og_type":"article","og_title":"La Selecci\u00f3n argentina viaja a Ecuador con varias bajas para el \u00faltimo partido de Eliminatorias - Informe Litoral","og_description":"Scaloni busca alternativas en defensa y ataque ante la ausencia de figuras clave como Lionel Messi y Cuti Romero.","og_url":"https:\/\/informelitoral.com.ar\/la-seleccion-argentina-viaja-a-ecuador-con-varias-bajas-para-el-ultimo-partido-de-eliminatorias\/","og_site_name":"Informe Litoral","article_publisher":"https:\/\/www.facebook.com\/informelitoral\/","article_published_time":"2025-09-08T12:48:32+00:00","og_image":[{"width":1440,"height":809,"url":"https:\/\/informelitoral.com.ar\/%77%70%2d%63%6f%6e%74%65%6e%74\/uploads\/2021\/06\/lionel-scaloni_1440x810_wmk.jpg","type":"image\/jpeg"}],"author":"Sebastian","twitter_card":"summary_large_image","twitter_creator":"@InformeLitoral","twitter_site":"@InformeLitoral","twitter_misc":{"Escrito por":"Sebastian","Tiempo de lectura":"2 minutos"},"schema":{"@context":"https:\/\/schema.org","@graph":[{"@type":"Article","@id":"https:\/\/informelitoral.com.ar\/la-seleccion-argentina-viaja-a-ecuador-con-varias-bajas-para-el-ultimo-partido-de-eliminatorias\/#article","isPartOf":{"@id":"https:\/\/informelitoral.com.ar\/la-seleccion-argentina-viaja-a-ecuador-con-varias-bajas-para-el-ultimo-partido-de-eliminatorias\/"},"author":{"name":"Sebastian","@id":"https:\/\/informelitoral.com.ar\/#\/schema\/person\/f05f9f461677119578717524b127d6d5"},"headline":"La Selecci\u00f3n argentina viaja a Ecuador con varias bajas para el \u00faltimo partido de Eliminatorias","datePublished":"2025-09-08T12:48:32+00:00","mainEntityOfPage":{"@id":"https:\/\/informelitoral.com.ar\/la-seleccion-argentina-viaja-a-ecuador-con-varias-bajas-para-el-ultimo-partido-de-eliminatorias\/"},"wordCount":323,"commentCount":0,"publisher":{"@id":"https:\/\/informelitoral.com.ar\/#organization"},"image":{"@id":"https:\/\/informelitoral.com.ar\/la-seleccion-argentina-viaja-a-ecuador-con-varias-bajas-para-el-ultimo-partido-de-eliminatorias\/#primaryimage"},"thumbnailUrl":"https:\/\/informelitoral.com.ar\/%77%70%2d%63%6f%6e%74%65%6e%74\/uploads\/2021\/06\/lionel-scaloni_1440x810_wmk.jpg","keywords":["Ecuador","Selecci\u00f3n argentina"],"articleSection":["Deportes"],"inLanguage":"es","potentialAction":[{"@type":"CommentAction","name":"Comment","target":["https:\/\/informelitoral.com.ar\/la-seleccion-argentina-viaja-a-ecuador-con-varias-bajas-para-el-ultimo-partido-de-eliminatorias\/#respond"]}]},{"@type":"WebPage","@id":"https:\/\/informelitoral.com.ar\/la-seleccion-argentina-viaja-a-ecuador-con-varias-bajas-para-el-ultimo-partido-de-eliminatorias\/","url":"https:\/\/informelitoral.com.ar\/la-seleccion-argentina-viaja-a-ecuador-con-varias-bajas-para-el-ultimo-partido-de-eliminatorias\/","name":"La Selecci\u00f3n argentina viaja a Ecuador con varias bajas para el \u00faltimo partido de Eliminatorias - Informe Litoral","isPartOf":{"@id":"https:\/\/informelitoral.com.ar\/#website"},"primaryImageOfPage":{"@id":"https:\/\/informelitoral.com.ar\/la-seleccion-argentina-viaja-a-ecuador-con-varias-bajas-para-el-ultimo-partido-de-eliminatorias\/#primaryimage"},"image":{"@id":"https:\/\/informelitoral.com.ar\/la-seleccion-argentina-viaja-a-ecuador-con-varias-bajas-para-el-ultimo-partido-de-eliminatorias\/#primaryimage"},"thumbnailUrl":"https:\/\/informelitoral.com.ar\/%77%70%2d%63%6f%6e%74%65%6e%74\/uploads\/2021\/06\/lionel-scaloni_1440x810_wmk.jpg","datePublished":"2025-09-08T12:48:32+00:00","breadcrumb":{"@id":"https:\/\/informelitoral.com.ar\/la-seleccion-argentina-viaja-a-ecuador-con-varias-bajas-para-el-ultimo-partido-de-eliminatorias\/#breadcrumb"},"inLanguage":"es","potentialAction":[{"@type":"ReadAction","target":["https:\/\/informelitoral.com.ar\/la-seleccion-argentina-viaja-a-ecuador-con-varias-bajas-para-el-ultimo-partido-de-eliminatorias\/"]}]},{"@type":"ImageObject","inLanguage":"es","@id":"https:\/\/informelitoral.com.ar\/la-seleccion-argentina-viaja-a-ecuador-con-varias-bajas-para-el-ultimo-partido-de-eliminatorias\/#primaryimage","url":"https:\/\/informelitoral.com.ar\/%77%70%2d%63%6f%6e%74%65%6e%74\/uploads\/2021\/06\/lionel-scaloni_1440x810_wmk.jpg","contentUrl":"https:\/\/informelitoral.com.ar\/%77%70%2d%63%6f%6e%74%65%6e%74\/uploads\/2021\/06\/lionel-scaloni_1440x810_wmk.jpg","width":1440,"height":809},{"@type":"BreadcrumbList","@id":"https:\/\/informelitoral.com.ar\/la-seleccion-argentina-viaja-a-ecuador-con-varias-bajas-para-el-ultimo-partido-de-eliminatorias\/#breadcrumb","itemListElement":[{"@type":"ListItem","position":1,"name":"Portada","item":"https:\/\/informelitoral.com.ar\/"},{"@type":"ListItem","position":2,"name":"La Selecci\u00f3n argentina viaja a Ecuador con varias bajas para el \u00faltimo partido de Eliminatorias"}]},{"@type":"WebSite","@id":"https:\/\/informelitoral.com.ar\/#website","url":"https:\/\/informelitoral.com.ar\/","name":"Informe Litoral","description":"&quot;Nos informamos&quot; ","publisher":{"@id":"https:\/\/informelitoral.com.ar\/#organization"},"potentialAction":[{"@type":"SearchAction","target":{"@type":"EntryPoint","urlTemplate":"https:\/\/informelitoral.com.ar\/?s={search_term_string}"},"query-input":{"@type":"PropertyValueSpecification","valueRequired":true,"valueName":"search_term_string"}}],"inLanguage":"es"},{"@type":"Organization","@id":"https:\/\/informelitoral.com.ar\/#organization","name":"Informe Litoral","url":"https:\/\/informelitoral.com.ar\/","logo":{"@type":"ImageObject","inLanguage":"es","@id":"https:\/\/informelitoral.com.ar\/#\/schema\/logo\/image\/","url":"https:\/\/informelitoral.com.ar\/%77%70%2d%63%6f%6e%74%65%6e%74\/uploads\/2021\/01\/circulo.png","contentUrl":"https:\/\/informelitoral.com.ar\/%77%70%2d%63%6f%6e%74%65%6e%74\/uploads\/2021\/01\/circulo.png","width":723,"height":731,"caption":"Informe Litoral"},"image":{"@id":"https:\/\/informelitoral.com.ar\/#\/schema\/logo\/image\/"},"sameAs":["https:\/\/www.facebook.com\/informelitoral\/","https:\/\/x.com\/InformeLitoral","https:\/\/www.instagram.com\/informelitoral\/","https:\/\/www.youtube.com\/channel\/UCua4Qvz8Icb6MYqhoq9xLXw"]},{"@type":"Person","@id":"https:\/\/informelitoral.com.ar\/#\/schema\/person\/f05f9f461677119578717524b127d6d5","name":"Sebastian","image":{"@type":"ImageObject","inLanguage":"es","@id":"https:\/\/secure.gravatar.com\/avatar\/b71bf7481d447dfb9583c7f2798e7cc64de6efb9067b74633ed8c31059a3bd82?s=96&d=mm&r=g","url":"https:\/\/secure.gravatar.com\/avatar\/b71bf7481d447dfb9583c7f2798e7cc64de6efb9067b74633ed8c31059a3bd82?s=96&d=mm&r=g","contentUrl":"https:\/\/secure.gravatar.com\/avatar\/b71bf7481d447dfb9583c7f2798e7cc64de6efb9067b74633ed8c31059a3bd82?s=96&d=mm&r=g","caption":"Sebastian"},"url":"https:\/\/informelitoral.com.ar\/author\/sebastian\/"}]}},"_links":{"self":[{"href":"https:\/\/informelitoral.com.ar\/%77%70%2d%6a%73%6f%6e\/wp\/v2\/posts\/233215","targetHints":{"allow":["GET"]}}],"collection":[{"href":"https:\/\/informelitoral.com.ar\/%77%70%2d%6a%73%6f%6e\/wp\/v2\/posts"}],"about":[{"href":"https:\/\/informelitoral.com.ar\/%77%70%2d%6a%73%6f%6e\/wp\/v2\/types\/post"}],"author":[{"embeddable":true,"href":"https:\/\/informelitoral.com.ar\/%77%70%2d%6a%73%6f%6e\/wp\/v2\/users\/8"}],"replies":[{"embeddable":true,"href":"https:\/\/informelitoral.com.ar\/%77%70%2d%6a%73%6f%6e\/wp\/v2\/comments?post=233215"}],"version-history":[{"count":1,"href":"https:\/\/informelitoral.com.ar\/%77%70%2d%6a%73%6f%6e\/wp\/v2\/posts\/233215\/revisions"}],"predecessor-version":[{"id":233216,"href":"https:\/\/informelitoral.com.ar\/%77%70%2d%6a%73%6f%6e\/wp\/v2\/posts\/233215\/revisions\/233216"}],"wp:featuredmedia":[{"embeddable":true,"href":"https:\/\/informelitoral.com.ar\/%77%70%2d%6a%73%6f%6e\/wp\/v2\/media\/61070"}],"wp:attachment":[{"href":"https:\/\/informelitoral.com.ar\/%77%70%2d%6a%73%6f%6e\/wp\/v2\/media?parent=233215"}],"wp:term":[{"taxonomy":"category","embeddable":true,"href":"https:\/\/informelitoral.com.ar\/%77%70%2d%6a%73%6f%6e\/wp\/v2\/categories?post=233215"},{"taxonomy":"post_tag","embeddable":true,"href":"https:\/\/informelitoral.com.ar\/%77%70%2d%6a%73%6f%6e\/wp\/v2\/tags?post=233215"}],"curies":[{"name":"wp","href":"https:\/\/api.w.org\/{rel}","templated":true}]}}