{"id":232893,"date":"2025-09-04T08:54:42","date_gmt":"2025-09-04T11:54:42","guid":{"rendered":"https:\/\/informelitoral.com.ar\/?p=232893"},"modified":"2025-09-04T08:54:57","modified_gmt":"2025-09-04T11:54:57","slug":"un-motociclista-de-24-anos-fallece-en-un-tragico-choque-multiple-en-victoria","status":"publish","type":"post","link":"https:\/\/informelitoral.com.ar\/un-motociclista-de-24-anos-fallece-en-un-tragico-choque-multiple-en-victoria\/","title":{"rendered":"Un motociclista de 24 a\u00f1os falleci\u00f3 en un tr\u00e1gico choque m\u00faltiple en Victoria"},"content":{"rendered":"<p>Un tr\u00e1gico accidente de tr\u00e1nsito en la <strong>noche del mi\u00e9rcoles<\/strong> en la ciudad de <strong>Victoria<\/strong> result\u00f3 en el fallecimiento de un joven motociclista de 24 a\u00f1os. El hecho tuvo lugar en la intersecci\u00f3n de las calles Piaggio y Espa\u00f1a, justo en la esquina de una estaci\u00f3n de servicio.<\/p>\n<p>Seg\u00fan el jefe de la <strong>Departamental Victoria<\/strong>, comisario mayor Mart\u00edn Tello, el choque se produjo cuando un autom\u00f3vil Renault Megane, que circulaba por calle Espa\u00f1a, colision\u00f3 con dos motocicletas que transitaban por calle Piaggio: una Motomel 125 c.c. y una Honda Wave.<\/p>\n<p>Como consecuencia del fuerte impacto, el conductor de la Honda Wave fue trasladado de urgencia al hospital Salaberry, donde lamentablemente se confirm\u00f3 su deceso minutos despu\u00e9s. En tanto, el conductor de la Motomel, un joven de 23 a\u00f1os, sufri\u00f3 una aparente fractura en su pierna derecha y estaba acompa\u00f1ado por una mujer de 19 a\u00f1os. El conductor del autom\u00f3vil no present\u00f3 heridas.<\/p>\n<p>La Divisi\u00f3n Criminal\u00edstica de la polic\u00eda local realiz\u00f3 los trabajos pertinentes en el lugar del siniestro, y el tr\u00e1nsito en calle Espa\u00f1a fue temporalmente cortado para facilitar las tareas de investigaci\u00f3n y el traslado de los veh\u00edculos. Las autoridades est\u00e1n trabajando para esclarecer las causas exactas del accidente.(<em>Elonce<\/em>)<\/p>\n","protected":false},"excerpt":{"rendered":"<p>El accidente, que involucr\u00f3 a un auto y dos motos, ocurri\u00f3 en la noche del mi\u00e9rcoles en la intersecci\u00f3n de las calles Piaggio y Espa\u00f1a.<\/p>\n","protected":false},"author":8,"featured_media":77173,"comment_status":"open","ping_status":"open","sticky":false,"template":"","format":"standard","meta":{"fifu_image_url":"","fifu_image_alt":"","footnotes":""},"categories":[14],"tags":[304,3305,507],"class_list":{"0":"post-232893","1":"post","2":"type-post","3":"status-publish","4":"format-standard","5":"has-post-thumbnail","7":"category-policiales","8":"tag-accidente-vial","9":"tag-fallecido","10":"tag-victoria"},"yoast_head":"<title>Un motociclista de 24 a\u00f1os falleci\u00f3 en un tr\u00e1gico choque m\u00faltiple en Victoria - Informe Litoral<\/title>\n<meta name=\"robots\" content=\"index, follow, max-snippet:-1, max-image-preview:large, max-video-preview:-1\" \/>\n<link rel=\"canonical\" href=\"https:\/\/informelitoral.com.ar\/un-motociclista-de-24-anos-fallece-en-un-tragico-choque-multiple-en-victoria\/\" \/>\n<meta property=\"og:locale\" content=\"es_ES\" \/>\n<meta property=\"og:type\" content=\"article\" \/>\n<meta property=\"og:title\" content=\"Un motociclista de 24 a\u00f1os falleci\u00f3 en un tr\u00e1gico choque m\u00faltiple en Victoria - Informe Litoral\" \/>\n<meta property=\"og:description\" content=\"El accidente, que involucr\u00f3 a un auto y dos motos, ocurri\u00f3 en la noche del mi\u00e9rcoles en la intersecci\u00f3n de las calles Piaggio y Espa\u00f1a.\" \/>\n<meta property=\"og:url\" content=\"https:\/\/informelitoral.com.ar\/un-motociclista-de-24-anos-fallece-en-un-tragico-choque-multiple-en-victoria\/\" \/>\n<meta property=\"og:site_name\" content=\"Informe Litoral\" \/>\n<meta property=\"article:publisher\" content=\"https:\/\/www.facebook.com\/informelitoral\/\" \/>\n<meta property=\"article:published_time\" content=\"2025-09-04T11:54:42+00:00\" \/>\n<meta property=\"article:modified_time\" content=\"2025-09-04T11:54:57+00:00\" \/>\n<meta property=\"og:image\" content=\"https:\/\/informelitoral.com.ar\/%77%70%2d%63%6f%6e%74%65%6e%74\/uploads\/2022\/05\/POLICIALES-222.jpg\" \/>\n\t<meta property=\"og:image:width\" content=\"870\" \/>\n\t<meta property=\"og:image:height\" content=\"580\" \/>\n\t<meta property=\"og:image:type\" content=\"image\/jpeg\" \/>\n<meta name=\"author\" content=\"Sebastian\" \/>\n<meta name=\"twitter:card\" content=\"summary_large_image\" \/>\n<meta name=\"twitter:creator\" content=\"@InformeLitoral\" \/>\n<meta name=\"twitter:site\" content=\"@InformeLitoral\" \/>\n<meta name=\"twitter:label1\" content=\"Escrito por\" \/>\n\t<meta name=\"twitter:data1\" content=\"Sebastian\" \/>\n\t<meta name=\"twitter:label2\" content=\"Tiempo de lectura\" \/>\n\t<meta name=\"twitter:data2\" content=\"2 minutos\" \/>\n<script type=\"application\/ld+json\" class=\"yoast-schema-graph\">{\"@context\":\"https:\\\/\\\/schema.org\",\"@graph\":[{\"@type\":\"Article\",\"@id\":\"https:\\\/\\\/informelitoral.com.ar\\\/un-motociclista-de-24-anos-fallece-en-un-tragico-choque-multiple-en-victoria\\\/#article\",\"isPartOf\":{\"@id\":\"https:\\\/\\\/informelitoral.com.ar\\\/un-motociclista-de-24-anos-fallece-en-un-tragico-choque-multiple-en-victoria\\\/\"},\"author\":{\"name\":\"Sebastian\",\"@id\":\"https:\\\/\\\/informelitoral.com.ar\\\/#\\\/schema\\\/person\\\/f05f9f461677119578717524b127d6d5\"},\"headline\":\"Un motociclista de 24 a\u00f1os falleci\u00f3 en un tr\u00e1gico choque m\u00faltiple en Victoria\",\"datePublished\":\"2025-09-04T11:54:42+00:00\",\"dateModified\":\"2025-09-04T11:54:57+00:00\",\"mainEntityOfPage\":{\"@id\":\"https:\\\/\\\/informelitoral.com.ar\\\/un-motociclista-de-24-anos-fallece-en-un-tragico-choque-multiple-en-victoria\\\/\"},\"wordCount\":237,\"commentCount\":0,\"publisher\":{\"@id\":\"https:\\\/\\\/informelitoral.com.ar\\\/#organization\"},\"image\":{\"@id\":\"https:\\\/\\\/informelitoral.com.ar\\\/un-motociclista-de-24-anos-fallece-en-un-tragico-choque-multiple-en-victoria\\\/#primaryimage\"},\"thumbnailUrl\":\"https:\\\/\\\/informelitoral.com.ar\\\/%77%70%2d%63%6f%6e%74%65%6e%74\\\/uploads\\\/2022\\\/05\\\/POLICIALES-222.jpg\",\"keywords\":[\"Accidente vial\",\"Fallecido\",\"Victoria\"],\"articleSection\":[\"Policiales\"],\"inLanguage\":\"es\",\"potentialAction\":[{\"@type\":\"CommentAction\",\"name\":\"Comment\",\"target\":[\"https:\\\/\\\/informelitoral.com.ar\\\/un-motociclista-de-24-anos-fallece-en-un-tragico-choque-multiple-en-victoria\\\/#respond\"]}]},{\"@type\":\"WebPage\",\"@id\":\"https:\\\/\\\/informelitoral.com.ar\\\/un-motociclista-de-24-anos-fallece-en-un-tragico-choque-multiple-en-victoria\\\/\",\"url\":\"https:\\\/\\\/informelitoral.com.ar\\\/un-motociclista-de-24-anos-fallece-en-un-tragico-choque-multiple-en-victoria\\\/\",\"name\":\"Un motociclista de 24 a\u00f1os falleci\u00f3 en un tr\u00e1gico choque m\u00faltiple en Victoria - Informe Litoral\",\"isPartOf\":{\"@id\":\"https:\\\/\\\/informelitoral.com.ar\\\/#website\"},\"primaryImageOfPage\":{\"@id\":\"https:\\\/\\\/informelitoral.com.ar\\\/un-motociclista-de-24-anos-fallece-en-un-tragico-choque-multiple-en-victoria\\\/#primaryimage\"},\"image\":{\"@id\":\"https:\\\/\\\/informelitoral.com.ar\\\/un-motociclista-de-24-anos-fallece-en-un-tragico-choque-multiple-en-victoria\\\/#primaryimage\"},\"thumbnailUrl\":\"https:\\\/\\\/informelitoral.com.ar\\\/%77%70%2d%63%6f%6e%74%65%6e%74\\\/uploads\\\/2022\\\/05\\\/POLICIALES-222.jpg\",\"datePublished\":\"2025-09-04T11:54:42+00:00\",\"dateModified\":\"2025-09-04T11:54:57+00:00\",\"breadcrumb\":{\"@id\":\"https:\\\/\\\/informelitoral.com.ar\\\/un-motociclista-de-24-anos-fallece-en-un-tragico-choque-multiple-en-victoria\\\/#breadcrumb\"},\"inLanguage\":\"es\",\"potentialAction\":[{\"@type\":\"ReadAction\",\"target\":[\"https:\\\/\\\/informelitoral.com.ar\\\/un-motociclista-de-24-anos-fallece-en-un-tragico-choque-multiple-en-victoria\\\/\"]}]},{\"@type\":\"ImageObject\",\"inLanguage\":\"es\",\"@id\":\"https:\\\/\\\/informelitoral.com.ar\\\/un-motociclista-de-24-anos-fallece-en-un-tragico-choque-multiple-en-victoria\\\/#primaryimage\",\"url\":\"https:\\\/\\\/informelitoral.com.ar\\\/%77%70%2d%63%6f%6e%74%65%6e%74\\\/uploads\\\/2022\\\/05\\\/POLICIALES-222.jpg\",\"contentUrl\":\"https:\\\/\\\/informelitoral.com.ar\\\/%77%70%2d%63%6f%6e%74%65%6e%74\\\/uploads\\\/2022\\\/05\\\/POLICIALES-222.jpg\",\"width\":870,\"height\":580},{\"@type\":\"BreadcrumbList\",\"@id\":\"https:\\\/\\\/informelitoral.com.ar\\\/un-motociclista-de-24-anos-fallece-en-un-tragico-choque-multiple-en-victoria\\\/#breadcrumb\",\"itemListElement\":[{\"@type\":\"ListItem\",\"position\":1,\"name\":\"Portada\",\"item\":\"https:\\\/\\\/informelitoral.com.ar\\\/\"},{\"@type\":\"ListItem\",\"position\":2,\"name\":\"Un motociclista de 24 a\u00f1os falleci\u00f3 en un tr\u00e1gico choque m\u00faltiple en Victoria\"}]},{\"@type\":\"WebSite\",\"@id\":\"https:\\\/\\\/informelitoral.com.ar\\\/#website\",\"url\":\"https:\\\/\\\/informelitoral.com.ar\\\/\",\"name\":\"Informe Litoral\",\"description\":\"&quot;Nos informamos&quot; \",\"publisher\":{\"@id\":\"https:\\\/\\\/informelitoral.com.ar\\\/#organization\"},\"potentialAction\":[{\"@type\":\"SearchAction\",\"target\":{\"@type\":\"EntryPoint\",\"urlTemplate\":\"https:\\\/\\\/informelitoral.com.ar\\\/?s={search_term_string}\"},\"query-input\":{\"@type\":\"PropertyValueSpecification\",\"valueRequired\":true,\"valueName\":\"search_term_string\"}}],\"inLanguage\":\"es\"},{\"@type\":\"Organization\",\"@id\":\"https:\\\/\\\/informelitoral.com.ar\\\/#organization\",\"name\":\"Informe Litoral\",\"url\":\"https:\\\/\\\/informelitoral.com.ar\\\/\",\"logo\":{\"@type\":\"ImageObject\",\"inLanguage\":\"es\",\"@id\":\"https:\\\/\\\/informelitoral.com.ar\\\/#\\\/schema\\\/logo\\\/image\\\/\",\"url\":\"https:\\\/\\\/informelitoral.com.ar\\\/%77%70%2d%63%6f%6e%74%65%6e%74\\\/uploads\\\/2021\\\/01\\\/circulo.png\",\"contentUrl\":\"https:\\\/\\\/informelitoral.com.ar\\\/%77%70%2d%63%6f%6e%74%65%6e%74\\\/uploads\\\/2021\\\/01\\\/circulo.png\",\"width\":723,\"height\":731,\"caption\":\"Informe Litoral\"},\"image\":{\"@id\":\"https:\\\/\\\/informelitoral.com.ar\\\/#\\\/schema\\\/logo\\\/image\\\/\"},\"sameAs\":[\"https:\\\/\\\/www.facebook.com\\\/informelitoral\\\/\",\"https:\\\/\\\/x.com\\\/InformeLitoral\",\"https:\\\/\\\/www.instagram.com\\\/informelitoral\\\/\",\"https:\\\/\\\/www.youtube.com\\\/channel\\\/UCua4Qvz8Icb6MYqhoq9xLXw\"]},{\"@type\":\"Person\",\"@id\":\"https:\\\/\\\/informelitoral.com.ar\\\/#\\\/schema\\\/person\\\/f05f9f461677119578717524b127d6d5\",\"name\":\"Sebastian\",\"image\":{\"@type\":\"ImageObject\",\"inLanguage\":\"es\",\"@id\":\"https:\\\/\\\/secure.gravatar.com\\\/avatar\\\/b71bf7481d447dfb9583c7f2798e7cc64de6efb9067b74633ed8c31059a3bd82?s=96&d=mm&r=g\",\"url\":\"https:\\\/\\\/secure.gravatar.com\\\/avatar\\\/b71bf7481d447dfb9583c7f2798e7cc64de6efb9067b74633ed8c31059a3bd82?s=96&d=mm&r=g\",\"contentUrl\":\"https:\\\/\\\/secure.gravatar.com\\\/avatar\\\/b71bf7481d447dfb9583c7f2798e7cc64de6efb9067b74633ed8c31059a3bd82?s=96&d=mm&r=g\",\"caption\":\"Sebastian\"},\"url\":\"https:\\\/\\\/informelitoral.com.ar\\\/author\\\/sebastian\\\/\"}]}<\/script>","yoast_head_json":{"title":"Un motociclista de 24 a\u00f1os falleci\u00f3 en un tr\u00e1gico choque m\u00faltiple en Victoria - Informe Litoral","robots":{"index":"index","follow":"follow","max-snippet":"max-snippet:-1","max-image-preview":"max-image-preview:large","max-video-preview":"max-video-preview:-1"},"canonical":"https:\/\/informelitoral.com.ar\/un-motociclista-de-24-anos-fallece-en-un-tragico-choque-multiple-en-victoria\/","og_locale":"es_ES","og_type":"article","og_title":"Un motociclista de 24 a\u00f1os falleci\u00f3 en un tr\u00e1gico choque m\u00faltiple en Victoria - Informe Litoral","og_description":"El accidente, que involucr\u00f3 a un auto y dos motos, ocurri\u00f3 en la noche del mi\u00e9rcoles en la intersecci\u00f3n de las calles Piaggio y Espa\u00f1a.","og_url":"https:\/\/informelitoral.com.ar\/un-motociclista-de-24-anos-fallece-en-un-tragico-choque-multiple-en-victoria\/","og_site_name":"Informe Litoral","article_publisher":"https:\/\/www.facebook.com\/informelitoral\/","article_published_time":"2025-09-04T11:54:42+00:00","article_modified_time":"2025-09-04T11:54:57+00:00","og_image":[{"width":870,"height":580,"url":"https:\/\/informelitoral.com.ar\/%77%70%2d%63%6f%6e%74%65%6e%74\/uploads\/2022\/05\/POLICIALES-222.jpg","type":"image\/jpeg"}],"author":"Sebastian","twitter_card":"summary_large_image","twitter_creator":"@InformeLitoral","twitter_site":"@InformeLitoral","twitter_misc":{"Escrito por":"Sebastian","Tiempo de lectura":"2 minutos"},"schema":{"@context":"https:\/\/schema.org","@graph":[{"@type":"Article","@id":"https:\/\/informelitoral.com.ar\/un-motociclista-de-24-anos-fallece-en-un-tragico-choque-multiple-en-victoria\/#article","isPartOf":{"@id":"https:\/\/informelitoral.com.ar\/un-motociclista-de-24-anos-fallece-en-un-tragico-choque-multiple-en-victoria\/"},"author":{"name":"Sebastian","@id":"https:\/\/informelitoral.com.ar\/#\/schema\/person\/f05f9f461677119578717524b127d6d5"},"headline":"Un motociclista de 24 a\u00f1os falleci\u00f3 en un tr\u00e1gico choque m\u00faltiple en Victoria","datePublished":"2025-09-04T11:54:42+00:00","dateModified":"2025-09-04T11:54:57+00:00","mainEntityOfPage":{"@id":"https:\/\/informelitoral.com.ar\/un-motociclista-de-24-anos-fallece-en-un-tragico-choque-multiple-en-victoria\/"},"wordCount":237,"commentCount":0,"publisher":{"@id":"https:\/\/informelitoral.com.ar\/#organization"},"image":{"@id":"https:\/\/informelitoral.com.ar\/un-motociclista-de-24-anos-fallece-en-un-tragico-choque-multiple-en-victoria\/#primaryimage"},"thumbnailUrl":"https:\/\/informelitoral.com.ar\/%77%70%2d%63%6f%6e%74%65%6e%74\/uploads\/2022\/05\/POLICIALES-222.jpg","keywords":["Accidente vial","Fallecido","Victoria"],"articleSection":["Policiales"],"inLanguage":"es","potentialAction":[{"@type":"CommentAction","name":"Comment","target":["https:\/\/informelitoral.com.ar\/un-motociclista-de-24-anos-fallece-en-un-tragico-choque-multiple-en-victoria\/#respond"]}]},{"@type":"WebPage","@id":"https:\/\/informelitoral.com.ar\/un-motociclista-de-24-anos-fallece-en-un-tragico-choque-multiple-en-victoria\/","url":"https:\/\/informelitoral.com.ar\/un-motociclista-de-24-anos-fallece-en-un-tragico-choque-multiple-en-victoria\/","name":"Un motociclista de 24 a\u00f1os falleci\u00f3 en un tr\u00e1gico choque m\u00faltiple en Victoria - Informe Litoral","isPartOf":{"@id":"https:\/\/informelitoral.com.ar\/#website"},"primaryImageOfPage":{"@id":"https:\/\/informelitoral.com.ar\/un-motociclista-de-24-anos-fallece-en-un-tragico-choque-multiple-en-victoria\/#primaryimage"},"image":{"@id":"https:\/\/informelitoral.com.ar\/un-motociclista-de-24-anos-fallece-en-un-tragico-choque-multiple-en-victoria\/#primaryimage"},"thumbnailUrl":"https:\/\/informelitoral.com.ar\/%77%70%2d%63%6f%6e%74%65%6e%74\/uploads\/2022\/05\/POLICIALES-222.jpg","datePublished":"2025-09-04T11:54:42+00:00","dateModified":"2025-09-04T11:54:57+00:00","breadcrumb":{"@id":"https:\/\/informelitoral.com.ar\/un-motociclista-de-24-anos-fallece-en-un-tragico-choque-multiple-en-victoria\/#breadcrumb"},"inLanguage":"es","potentialAction":[{"@type":"ReadAction","target":["https:\/\/informelitoral.com.ar\/un-motociclista-de-24-anos-fallece-en-un-tragico-choque-multiple-en-victoria\/"]}]},{"@type":"ImageObject","inLanguage":"es","@id":"https:\/\/informelitoral.com.ar\/un-motociclista-de-24-anos-fallece-en-un-tragico-choque-multiple-en-victoria\/#primaryimage","url":"https:\/\/informelitoral.com.ar\/%77%70%2d%63%6f%6e%74%65%6e%74\/uploads\/2022\/05\/POLICIALES-222.jpg","contentUrl":"https:\/\/informelitoral.com.ar\/%77%70%2d%63%6f%6e%74%65%6e%74\/uploads\/2022\/05\/POLICIALES-222.jpg","width":870,"height":580},{"@type":"BreadcrumbList","@id":"https:\/\/informelitoral.com.ar\/un-motociclista-de-24-anos-fallece-en-un-tragico-choque-multiple-en-victoria\/#breadcrumb","itemListElement":[{"@type":"ListItem","position":1,"name":"Portada","item":"https:\/\/informelitoral.com.ar\/"},{"@type":"ListItem","position":2,"name":"Un motociclista de 24 a\u00f1os falleci\u00f3 en un tr\u00e1gico choque m\u00faltiple en Victoria"}]},{"@type":"WebSite","@id":"https:\/\/informelitoral.com.ar\/#website","url":"https:\/\/informelitoral.com.ar\/","name":"Informe Litoral","description":"&quot;Nos informamos&quot; ","publisher":{"@id":"https:\/\/informelitoral.com.ar\/#organization"},"potentialAction":[{"@type":"SearchAction","target":{"@type":"EntryPoint","urlTemplate":"https:\/\/informelitoral.com.ar\/?s={search_term_string}"},"query-input":{"@type":"PropertyValueSpecification","valueRequired":true,"valueName":"search_term_string"}}],"inLanguage":"es"},{"@type":"Organization","@id":"https:\/\/informelitoral.com.ar\/#organization","name":"Informe Litoral","url":"https:\/\/informelitoral.com.ar\/","logo":{"@type":"ImageObject","inLanguage":"es","@id":"https:\/\/informelitoral.com.ar\/#\/schema\/logo\/image\/","url":"https:\/\/informelitoral.com.ar\/%77%70%2d%63%6f%6e%74%65%6e%74\/uploads\/2021\/01\/circulo.png","contentUrl":"https:\/\/informelitoral.com.ar\/%77%70%2d%63%6f%6e%74%65%6e%74\/uploads\/2021\/01\/circulo.png","width":723,"height":731,"caption":"Informe Litoral"},"image":{"@id":"https:\/\/informelitoral.com.ar\/#\/schema\/logo\/image\/"},"sameAs":["https:\/\/www.facebook.com\/informelitoral\/","https:\/\/x.com\/InformeLitoral","https:\/\/www.instagram.com\/informelitoral\/","https:\/\/www.youtube.com\/channel\/UCua4Qvz8Icb6MYqhoq9xLXw"]},{"@type":"Person","@id":"https:\/\/informelitoral.com.ar\/#\/schema\/person\/f05f9f461677119578717524b127d6d5","name":"Sebastian","image":{"@type":"ImageObject","inLanguage":"es","@id":"https:\/\/secure.gravatar.com\/avatar\/b71bf7481d447dfb9583c7f2798e7cc64de6efb9067b74633ed8c31059a3bd82?s=96&d=mm&r=g","url":"https:\/\/secure.gravatar.com\/avatar\/b71bf7481d447dfb9583c7f2798e7cc64de6efb9067b74633ed8c31059a3bd82?s=96&d=mm&r=g","contentUrl":"https:\/\/secure.gravatar.com\/avatar\/b71bf7481d447dfb9583c7f2798e7cc64de6efb9067b74633ed8c31059a3bd82?s=96&d=mm&r=g","caption":"Sebastian"},"url":"https:\/\/informelitoral.com.ar\/author\/sebastian\/"}]}},"_links":{"self":[{"href":"https:\/\/informelitoral.com.ar\/%77%70%2d%6a%73%6f%6e\/wp\/v2\/posts\/232893","targetHints":{"allow":["GET"]}}],"collection":[{"href":"https:\/\/informelitoral.com.ar\/%77%70%2d%6a%73%6f%6e\/wp\/v2\/posts"}],"about":[{"href":"https:\/\/informelitoral.com.ar\/%77%70%2d%6a%73%6f%6e\/wp\/v2\/types\/post"}],"author":[{"embeddable":true,"href":"https:\/\/informelitoral.com.ar\/%77%70%2d%6a%73%6f%6e\/wp\/v2\/users\/8"}],"replies":[{"embeddable":true,"href":"https:\/\/informelitoral.com.ar\/%77%70%2d%6a%73%6f%6e\/wp\/v2\/comments?post=232893"}],"version-history":[{"count":2,"href":"https:\/\/informelitoral.com.ar\/%77%70%2d%6a%73%6f%6e\/wp\/v2\/posts\/232893\/revisions"}],"predecessor-version":[{"id":232895,"href":"https:\/\/informelitoral.com.ar\/%77%70%2d%6a%73%6f%6e\/wp\/v2\/posts\/232893\/revisions\/232895"}],"wp:featuredmedia":[{"embeddable":true,"href":"https:\/\/informelitoral.com.ar\/%77%70%2d%6a%73%6f%6e\/wp\/v2\/media\/77173"}],"wp:attachment":[{"href":"https:\/\/informelitoral.com.ar\/%77%70%2d%6a%73%6f%6e\/wp\/v2\/media?parent=232893"}],"wp:term":[{"taxonomy":"category","embeddable":true,"href":"https:\/\/informelitoral.com.ar\/%77%70%2d%6a%73%6f%6e\/wp\/v2\/categories?post=232893"},{"taxonomy":"post_tag","embeddable":true,"href":"https:\/\/informelitoral.com.ar\/%77%70%2d%6a%73%6f%6e\/wp\/v2\/tags?post=232893"}],"curies":[{"name":"wp","href":"https:\/\/api.w.org\/{rel}","templated":true}]}}