{"id":232821,"date":"2025-09-03T12:19:04","date_gmt":"2025-09-03T15:19:04","guid":{"rendered":"https:\/\/informelitoral.com.ar\/?p=232821"},"modified":"2025-09-03T12:19:04","modified_gmt":"2025-09-03T15:19:04","slug":"alpine-cede-el-auto-de-colapinto-a-paul-aron-en-la-previa-al-gran-premio-de-italia","status":"publish","type":"post","link":"https:\/\/informelitoral.com.ar\/alpine-cede-el-auto-de-colapinto-a-paul-aron-en-la-previa-al-gran-premio-de-italia\/","title":{"rendered":"Alpine cede el auto de Colapinto a Paul Aron en la previa al Gran Premio de Italia"},"content":{"rendered":"<p>El equipo <b>Alpine<\/b> de <b>F\u00f3rmula 1<\/b> confirm\u00f3 que el piloto estonio <b>Paul Aron<\/b> tomar\u00e1 el asiento del argentino <b>Franco Colapinto<\/b> durante la primera sesi\u00f3n de entrenamientos libres del <b>Gran Premio de Italia<\/b>. Esta decisi\u00f3n, oficializada por la escuder\u00eda, se produce d\u00edas despu\u00e9s de que Colapinto lograra su mejor actuaci\u00f3n con el equipo en Zandvoort, Pa\u00edses Bajos, al firmar el und\u00e9cimo puesto.<\/p>\n<p>Aron, de 21 a\u00f1os, es piloto de pruebas y reserva de Alpine. Esta ser\u00e1 su tercera participaci\u00f3n en una pr\u00e1ctica libre de la temporada, aunque la primera con el equipo principal. El estonio ha trabajado intensamente en el simulador y en diversas pruebas con autos de temporadas anteriores, prepar\u00e1ndose para esta oportunidad. \u00abPaul pilotar\u00e1 el coche de Franco en esta sesi\u00f3n\u00bb, se\u00f1ala el comunicado oficial de Alpine, confirmando un movimiento que se ha visto en otras ocasiones, como cuando Ryo Hirakawa sustituy\u00f3 a Jack Doohan en Suzuka.<\/p>\n<p>Nacido en Tall\u00edn, Estonia, Paul Aron es un joven con una trayectoria destacada en el automovilismo. Su carrera comenz\u00f3 en el karting, donde se coron\u00f3 campe\u00f3n europeo a los 13 a\u00f1os. Posteriormente, compiti\u00f3 en categor\u00edas como la F\u00f3rmula 4 y la F\u00f3rmula 3, antes de dar el salto a la <b>F\u00f3rmula 2<\/b> en 2023, donde fue rival directo de Franco Colapinto.<\/p>\n<p>La rivalidad entre ambos pilotos se intensific\u00f3 en la F\u00f3rmula 2, donde Aron tuvo un gran rendimiento, aunque protagoniz\u00f3 un momento clave contra Colapinto: en la carrera sprint de Imola 2024, el argentino le arrebat\u00f3 el triunfo con una espectacular maniobra en la \u00faltima vuelta, un suceso que Franco ha destacado en sus redes sociales. A pesar de ese rev\u00e9s, Aron finaliz\u00f3 la temporada tercero en el campeonato, demostrando su potencial.<\/p>\n<p>Esta oportunidad para Aron en el ic\u00f3nico <b>Aut\u00f3dromo Nacional de Monza<\/b> -el tercer circuito del mundo construido espec\u00edficamente para carreras- no solo es su debut con Alpine, sino que tambi\u00e9n aumenta la presi\u00f3n y la competencia por un posible futuro asiento en la F\u00f3rmula 1, en una batalla que tiene a Colapinto como el otro gran protagonista.(<em>TN<\/em>)<\/p>\n","protected":false},"excerpt":{"rendered":"<p>El piloto estonio tendr\u00e1 su primera experiencia oficial con la escuder\u00eda en la primera pr\u00e1ctica libre, intensificando la rivalidad por un lugar en la F\u00f3rmula 1.<\/p>\n","protected":false},"author":8,"featured_media":211057,"comment_status":"open","ping_status":"open","sticky":false,"template":"","format":"standard","meta":{"fifu_image_url":"","fifu_image_alt":"","footnotes":""},"categories":[13],"tags":[5545,5121,5120],"class_list":{"0":"post-232821","1":"post","2":"type-post","3":"status-publish","4":"format-standard","5":"has-post-thumbnail","7":"category-deportes","8":"tag-alpine","9":"tag-formula-1","10":"tag-franco-colapinto"},"yoast_head":"<title>Alpine cede el auto de Colapinto a Paul Aron en la previa al Gran Premio de Italia - Informe Litoral<\/title>\n<meta name=\"robots\" content=\"index, follow, max-snippet:-1, max-image-preview:large, max-video-preview:-1\" \/>\n<link rel=\"canonical\" href=\"https:\/\/informelitoral.com.ar\/alpine-cede-el-auto-de-colapinto-a-paul-aron-en-la-previa-al-gran-premio-de-italia\/\" \/>\n<meta property=\"og:locale\" content=\"es_ES\" \/>\n<meta property=\"og:type\" content=\"article\" \/>\n<meta property=\"og:title\" content=\"Alpine cede el auto de Colapinto a Paul Aron en la previa al Gran Premio de Italia - Informe Litoral\" \/>\n<meta property=\"og:description\" content=\"El piloto estonio tendr\u00e1 su primera experiencia oficial con la escuder\u00eda en la primera pr\u00e1ctica libre, intensificando la rivalidad por un lugar en la F\u00f3rmula 1.\" \/>\n<meta property=\"og:url\" content=\"https:\/\/informelitoral.com.ar\/alpine-cede-el-auto-de-colapinto-a-paul-aron-en-la-previa-al-gran-premio-de-italia\/\" \/>\n<meta property=\"og:site_name\" content=\"Informe Litoral\" \/>\n<meta property=\"article:publisher\" content=\"https:\/\/www.facebook.com\/informelitoral\/\" \/>\n<meta property=\"article:published_time\" content=\"2025-09-03T15:19:04+00:00\" \/>\n<meta property=\"og:image\" content=\"https:\/\/informelitoral.com.ar\/%77%70%2d%63%6f%6e%74%65%6e%74\/uploads\/2025\/02\/Colapinto-titular.webp\" \/>\n\t<meta property=\"og:image:width\" content=\"1280\" \/>\n\t<meta property=\"og:image:height\" content=\"720\" \/>\n\t<meta property=\"og:image:type\" content=\"image\/webp\" \/>\n<meta name=\"author\" content=\"Sebastian\" \/>\n<meta name=\"twitter:card\" content=\"summary_large_image\" \/>\n<meta name=\"twitter:creator\" content=\"@InformeLitoral\" \/>\n<meta name=\"twitter:site\" content=\"@InformeLitoral\" \/>\n<meta name=\"twitter:label1\" content=\"Escrito por\" \/>\n\t<meta name=\"twitter:data1\" content=\"Sebastian\" \/>\n\t<meta name=\"twitter:label2\" content=\"Tiempo de lectura\" \/>\n\t<meta name=\"twitter:data2\" content=\"2 minutos\" \/>\n<script type=\"application\/ld+json\" class=\"yoast-schema-graph\">{\"@context\":\"https:\\\/\\\/schema.org\",\"@graph\":[{\"@type\":\"Article\",\"@id\":\"https:\\\/\\\/informelitoral.com.ar\\\/alpine-cede-el-auto-de-colapinto-a-paul-aron-en-la-previa-al-gran-premio-de-italia\\\/#article\",\"isPartOf\":{\"@id\":\"https:\\\/\\\/informelitoral.com.ar\\\/alpine-cede-el-auto-de-colapinto-a-paul-aron-en-la-previa-al-gran-premio-de-italia\\\/\"},\"author\":{\"name\":\"Sebastian\",\"@id\":\"https:\\\/\\\/informelitoral.com.ar\\\/#\\\/schema\\\/person\\\/f05f9f461677119578717524b127d6d5\"},\"headline\":\"Alpine cede el auto de Colapinto a Paul Aron en la previa al Gran Premio de Italia\",\"datePublished\":\"2025-09-03T15:19:04+00:00\",\"mainEntityOfPage\":{\"@id\":\"https:\\\/\\\/informelitoral.com.ar\\\/alpine-cede-el-auto-de-colapinto-a-paul-aron-en-la-previa-al-gran-premio-de-italia\\\/\"},\"wordCount\":375,\"commentCount\":0,\"publisher\":{\"@id\":\"https:\\\/\\\/informelitoral.com.ar\\\/#organization\"},\"image\":{\"@id\":\"https:\\\/\\\/informelitoral.com.ar\\\/alpine-cede-el-auto-de-colapinto-a-paul-aron-en-la-previa-al-gran-premio-de-italia\\\/#primaryimage\"},\"thumbnailUrl\":\"https:\\\/\\\/informelitoral.com.ar\\\/%77%70%2d%63%6f%6e%74%65%6e%74\\\/uploads\\\/2025\\\/02\\\/Colapinto-titular.webp\",\"keywords\":[\"Alpine\",\"F\u00f3rmula 1\",\"Franco Colapinto\"],\"articleSection\":[\"Deportes\"],\"inLanguage\":\"es\",\"potentialAction\":[{\"@type\":\"CommentAction\",\"name\":\"Comment\",\"target\":[\"https:\\\/\\\/informelitoral.com.ar\\\/alpine-cede-el-auto-de-colapinto-a-paul-aron-en-la-previa-al-gran-premio-de-italia\\\/#respond\"]}]},{\"@type\":\"WebPage\",\"@id\":\"https:\\\/\\\/informelitoral.com.ar\\\/alpine-cede-el-auto-de-colapinto-a-paul-aron-en-la-previa-al-gran-premio-de-italia\\\/\",\"url\":\"https:\\\/\\\/informelitoral.com.ar\\\/alpine-cede-el-auto-de-colapinto-a-paul-aron-en-la-previa-al-gran-premio-de-italia\\\/\",\"name\":\"Alpine cede el auto de Colapinto a Paul Aron en la previa al Gran Premio de Italia - Informe Litoral\",\"isPartOf\":{\"@id\":\"https:\\\/\\\/informelitoral.com.ar\\\/#website\"},\"primaryImageOfPage\":{\"@id\":\"https:\\\/\\\/informelitoral.com.ar\\\/alpine-cede-el-auto-de-colapinto-a-paul-aron-en-la-previa-al-gran-premio-de-italia\\\/#primaryimage\"},\"image\":{\"@id\":\"https:\\\/\\\/informelitoral.com.ar\\\/alpine-cede-el-auto-de-colapinto-a-paul-aron-en-la-previa-al-gran-premio-de-italia\\\/#primaryimage\"},\"thumbnailUrl\":\"https:\\\/\\\/informelitoral.com.ar\\\/%77%70%2d%63%6f%6e%74%65%6e%74\\\/uploads\\\/2025\\\/02\\\/Colapinto-titular.webp\",\"datePublished\":\"2025-09-03T15:19:04+00:00\",\"breadcrumb\":{\"@id\":\"https:\\\/\\\/informelitoral.com.ar\\\/alpine-cede-el-auto-de-colapinto-a-paul-aron-en-la-previa-al-gran-premio-de-italia\\\/#breadcrumb\"},\"inLanguage\":\"es\",\"potentialAction\":[{\"@type\":\"ReadAction\",\"target\":[\"https:\\\/\\\/informelitoral.com.ar\\\/alpine-cede-el-auto-de-colapinto-a-paul-aron-en-la-previa-al-gran-premio-de-italia\\\/\"]}]},{\"@type\":\"ImageObject\",\"inLanguage\":\"es\",\"@id\":\"https:\\\/\\\/informelitoral.com.ar\\\/alpine-cede-el-auto-de-colapinto-a-paul-aron-en-la-previa-al-gran-premio-de-italia\\\/#primaryimage\",\"url\":\"https:\\\/\\\/informelitoral.com.ar\\\/%77%70%2d%63%6f%6e%74%65%6e%74\\\/uploads\\\/2025\\\/02\\\/Colapinto-titular.webp\",\"contentUrl\":\"https:\\\/\\\/informelitoral.com.ar\\\/%77%70%2d%63%6f%6e%74%65%6e%74\\\/uploads\\\/2025\\\/02\\\/Colapinto-titular.webp\",\"width\":1280,\"height\":720},{\"@type\":\"BreadcrumbList\",\"@id\":\"https:\\\/\\\/informelitoral.com.ar\\\/alpine-cede-el-auto-de-colapinto-a-paul-aron-en-la-previa-al-gran-premio-de-italia\\\/#breadcrumb\",\"itemListElement\":[{\"@type\":\"ListItem\",\"position\":1,\"name\":\"Portada\",\"item\":\"https:\\\/\\\/informelitoral.com.ar\\\/\"},{\"@type\":\"ListItem\",\"position\":2,\"name\":\"Alpine cede el auto de Colapinto a Paul Aron en la previa al Gran Premio de Italia\"}]},{\"@type\":\"WebSite\",\"@id\":\"https:\\\/\\\/informelitoral.com.ar\\\/#website\",\"url\":\"https:\\\/\\\/informelitoral.com.ar\\\/\",\"name\":\"Informe Litoral\",\"description\":\"&quot;Nos informamos&quot; \",\"publisher\":{\"@id\":\"https:\\\/\\\/informelitoral.com.ar\\\/#organization\"},\"potentialAction\":[{\"@type\":\"SearchAction\",\"target\":{\"@type\":\"EntryPoint\",\"urlTemplate\":\"https:\\\/\\\/informelitoral.com.ar\\\/?s={search_term_string}\"},\"query-input\":{\"@type\":\"PropertyValueSpecification\",\"valueRequired\":true,\"valueName\":\"search_term_string\"}}],\"inLanguage\":\"es\"},{\"@type\":\"Organization\",\"@id\":\"https:\\\/\\\/informelitoral.com.ar\\\/#organization\",\"name\":\"Informe Litoral\",\"url\":\"https:\\\/\\\/informelitoral.com.ar\\\/\",\"logo\":{\"@type\":\"ImageObject\",\"inLanguage\":\"es\",\"@id\":\"https:\\\/\\\/informelitoral.com.ar\\\/#\\\/schema\\\/logo\\\/image\\\/\",\"url\":\"https:\\\/\\\/informelitoral.com.ar\\\/%77%70%2d%63%6f%6e%74%65%6e%74\\\/uploads\\\/2021\\\/01\\\/circulo.png\",\"contentUrl\":\"https:\\\/\\\/informelitoral.com.ar\\\/%77%70%2d%63%6f%6e%74%65%6e%74\\\/uploads\\\/2021\\\/01\\\/circulo.png\",\"width\":723,\"height\":731,\"caption\":\"Informe Litoral\"},\"image\":{\"@id\":\"https:\\\/\\\/informelitoral.com.ar\\\/#\\\/schema\\\/logo\\\/image\\\/\"},\"sameAs\":[\"https:\\\/\\\/www.facebook.com\\\/informelitoral\\\/\",\"https:\\\/\\\/x.com\\\/InformeLitoral\",\"https:\\\/\\\/www.instagram.com\\\/informelitoral\\\/\",\"https:\\\/\\\/www.youtube.com\\\/channel\\\/UCua4Qvz8Icb6MYqhoq9xLXw\"]},{\"@type\":\"Person\",\"@id\":\"https:\\\/\\\/informelitoral.com.ar\\\/#\\\/schema\\\/person\\\/f05f9f461677119578717524b127d6d5\",\"name\":\"Sebastian\",\"image\":{\"@type\":\"ImageObject\",\"inLanguage\":\"es\",\"@id\":\"https:\\\/\\\/secure.gravatar.com\\\/avatar\\\/b71bf7481d447dfb9583c7f2798e7cc64de6efb9067b74633ed8c31059a3bd82?s=96&d=mm&r=g\",\"url\":\"https:\\\/\\\/secure.gravatar.com\\\/avatar\\\/b71bf7481d447dfb9583c7f2798e7cc64de6efb9067b74633ed8c31059a3bd82?s=96&d=mm&r=g\",\"contentUrl\":\"https:\\\/\\\/secure.gravatar.com\\\/avatar\\\/b71bf7481d447dfb9583c7f2798e7cc64de6efb9067b74633ed8c31059a3bd82?s=96&d=mm&r=g\",\"caption\":\"Sebastian\"},\"url\":\"https:\\\/\\\/informelitoral.com.ar\\\/author\\\/sebastian\\\/\"}]}<\/script>","yoast_head_json":{"title":"Alpine cede el auto de Colapinto a Paul Aron en la previa al Gran Premio de Italia - Informe Litoral","robots":{"index":"index","follow":"follow","max-snippet":"max-snippet:-1","max-image-preview":"max-image-preview:large","max-video-preview":"max-video-preview:-1"},"canonical":"https:\/\/informelitoral.com.ar\/alpine-cede-el-auto-de-colapinto-a-paul-aron-en-la-previa-al-gran-premio-de-italia\/","og_locale":"es_ES","og_type":"article","og_title":"Alpine cede el auto de Colapinto a Paul Aron en la previa al Gran Premio de Italia - Informe Litoral","og_description":"El piloto estonio tendr\u00e1 su primera experiencia oficial con la escuder\u00eda en la primera pr\u00e1ctica libre, intensificando la rivalidad por un lugar en la F\u00f3rmula 1.","og_url":"https:\/\/informelitoral.com.ar\/alpine-cede-el-auto-de-colapinto-a-paul-aron-en-la-previa-al-gran-premio-de-italia\/","og_site_name":"Informe Litoral","article_publisher":"https:\/\/www.facebook.com\/informelitoral\/","article_published_time":"2025-09-03T15:19:04+00:00","og_image":[{"width":1280,"height":720,"url":"https:\/\/informelitoral.com.ar\/%77%70%2d%63%6f%6e%74%65%6e%74\/uploads\/2025\/02\/Colapinto-titular.webp","type":"image\/webp"}],"author":"Sebastian","twitter_card":"summary_large_image","twitter_creator":"@InformeLitoral","twitter_site":"@InformeLitoral","twitter_misc":{"Escrito por":"Sebastian","Tiempo de lectura":"2 minutos"},"schema":{"@context":"https:\/\/schema.org","@graph":[{"@type":"Article","@id":"https:\/\/informelitoral.com.ar\/alpine-cede-el-auto-de-colapinto-a-paul-aron-en-la-previa-al-gran-premio-de-italia\/#article","isPartOf":{"@id":"https:\/\/informelitoral.com.ar\/alpine-cede-el-auto-de-colapinto-a-paul-aron-en-la-previa-al-gran-premio-de-italia\/"},"author":{"name":"Sebastian","@id":"https:\/\/informelitoral.com.ar\/#\/schema\/person\/f05f9f461677119578717524b127d6d5"},"headline":"Alpine cede el auto de Colapinto a Paul Aron en la previa al Gran Premio de Italia","datePublished":"2025-09-03T15:19:04+00:00","mainEntityOfPage":{"@id":"https:\/\/informelitoral.com.ar\/alpine-cede-el-auto-de-colapinto-a-paul-aron-en-la-previa-al-gran-premio-de-italia\/"},"wordCount":375,"commentCount":0,"publisher":{"@id":"https:\/\/informelitoral.com.ar\/#organization"},"image":{"@id":"https:\/\/informelitoral.com.ar\/alpine-cede-el-auto-de-colapinto-a-paul-aron-en-la-previa-al-gran-premio-de-italia\/#primaryimage"},"thumbnailUrl":"https:\/\/informelitoral.com.ar\/%77%70%2d%63%6f%6e%74%65%6e%74\/uploads\/2025\/02\/Colapinto-titular.webp","keywords":["Alpine","F\u00f3rmula 1","Franco Colapinto"],"articleSection":["Deportes"],"inLanguage":"es","potentialAction":[{"@type":"CommentAction","name":"Comment","target":["https:\/\/informelitoral.com.ar\/alpine-cede-el-auto-de-colapinto-a-paul-aron-en-la-previa-al-gran-premio-de-italia\/#respond"]}]},{"@type":"WebPage","@id":"https:\/\/informelitoral.com.ar\/alpine-cede-el-auto-de-colapinto-a-paul-aron-en-la-previa-al-gran-premio-de-italia\/","url":"https:\/\/informelitoral.com.ar\/alpine-cede-el-auto-de-colapinto-a-paul-aron-en-la-previa-al-gran-premio-de-italia\/","name":"Alpine cede el auto de Colapinto a Paul Aron en la previa al Gran Premio de Italia - Informe Litoral","isPartOf":{"@id":"https:\/\/informelitoral.com.ar\/#website"},"primaryImageOfPage":{"@id":"https:\/\/informelitoral.com.ar\/alpine-cede-el-auto-de-colapinto-a-paul-aron-en-la-previa-al-gran-premio-de-italia\/#primaryimage"},"image":{"@id":"https:\/\/informelitoral.com.ar\/alpine-cede-el-auto-de-colapinto-a-paul-aron-en-la-previa-al-gran-premio-de-italia\/#primaryimage"},"thumbnailUrl":"https:\/\/informelitoral.com.ar\/%77%70%2d%63%6f%6e%74%65%6e%74\/uploads\/2025\/02\/Colapinto-titular.webp","datePublished":"2025-09-03T15:19:04+00:00","breadcrumb":{"@id":"https:\/\/informelitoral.com.ar\/alpine-cede-el-auto-de-colapinto-a-paul-aron-en-la-previa-al-gran-premio-de-italia\/#breadcrumb"},"inLanguage":"es","potentialAction":[{"@type":"ReadAction","target":["https:\/\/informelitoral.com.ar\/alpine-cede-el-auto-de-colapinto-a-paul-aron-en-la-previa-al-gran-premio-de-italia\/"]}]},{"@type":"ImageObject","inLanguage":"es","@id":"https:\/\/informelitoral.com.ar\/alpine-cede-el-auto-de-colapinto-a-paul-aron-en-la-previa-al-gran-premio-de-italia\/#primaryimage","url":"https:\/\/informelitoral.com.ar\/%77%70%2d%63%6f%6e%74%65%6e%74\/uploads\/2025\/02\/Colapinto-titular.webp","contentUrl":"https:\/\/informelitoral.com.ar\/%77%70%2d%63%6f%6e%74%65%6e%74\/uploads\/2025\/02\/Colapinto-titular.webp","width":1280,"height":720},{"@type":"BreadcrumbList","@id":"https:\/\/informelitoral.com.ar\/alpine-cede-el-auto-de-colapinto-a-paul-aron-en-la-previa-al-gran-premio-de-italia\/#breadcrumb","itemListElement":[{"@type":"ListItem","position":1,"name":"Portada","item":"https:\/\/informelitoral.com.ar\/"},{"@type":"ListItem","position":2,"name":"Alpine cede el auto de Colapinto a Paul Aron en la previa al Gran Premio de Italia"}]},{"@type":"WebSite","@id":"https:\/\/informelitoral.com.ar\/#website","url":"https:\/\/informelitoral.com.ar\/","name":"Informe Litoral","description":"&quot;Nos informamos&quot; ","publisher":{"@id":"https:\/\/informelitoral.com.ar\/#organization"},"potentialAction":[{"@type":"SearchAction","target":{"@type":"EntryPoint","urlTemplate":"https:\/\/informelitoral.com.ar\/?s={search_term_string}"},"query-input":{"@type":"PropertyValueSpecification","valueRequired":true,"valueName":"search_term_string"}}],"inLanguage":"es"},{"@type":"Organization","@id":"https:\/\/informelitoral.com.ar\/#organization","name":"Informe Litoral","url":"https:\/\/informelitoral.com.ar\/","logo":{"@type":"ImageObject","inLanguage":"es","@id":"https:\/\/informelitoral.com.ar\/#\/schema\/logo\/image\/","url":"https:\/\/informelitoral.com.ar\/%77%70%2d%63%6f%6e%74%65%6e%74\/uploads\/2021\/01\/circulo.png","contentUrl":"https:\/\/informelitoral.com.ar\/%77%70%2d%63%6f%6e%74%65%6e%74\/uploads\/2021\/01\/circulo.png","width":723,"height":731,"caption":"Informe Litoral"},"image":{"@id":"https:\/\/informelitoral.com.ar\/#\/schema\/logo\/image\/"},"sameAs":["https:\/\/www.facebook.com\/informelitoral\/","https:\/\/x.com\/InformeLitoral","https:\/\/www.instagram.com\/informelitoral\/","https:\/\/www.youtube.com\/channel\/UCua4Qvz8Icb6MYqhoq9xLXw"]},{"@type":"Person","@id":"https:\/\/informelitoral.com.ar\/#\/schema\/person\/f05f9f461677119578717524b127d6d5","name":"Sebastian","image":{"@type":"ImageObject","inLanguage":"es","@id":"https:\/\/secure.gravatar.com\/avatar\/b71bf7481d447dfb9583c7f2798e7cc64de6efb9067b74633ed8c31059a3bd82?s=96&d=mm&r=g","url":"https:\/\/secure.gravatar.com\/avatar\/b71bf7481d447dfb9583c7f2798e7cc64de6efb9067b74633ed8c31059a3bd82?s=96&d=mm&r=g","contentUrl":"https:\/\/secure.gravatar.com\/avatar\/b71bf7481d447dfb9583c7f2798e7cc64de6efb9067b74633ed8c31059a3bd82?s=96&d=mm&r=g","caption":"Sebastian"},"url":"https:\/\/informelitoral.com.ar\/author\/sebastian\/"}]}},"_links":{"self":[{"href":"https:\/\/informelitoral.com.ar\/%77%70%2d%6a%73%6f%6e\/wp\/v2\/posts\/232821","targetHints":{"allow":["GET"]}}],"collection":[{"href":"https:\/\/informelitoral.com.ar\/%77%70%2d%6a%73%6f%6e\/wp\/v2\/posts"}],"about":[{"href":"https:\/\/informelitoral.com.ar\/%77%70%2d%6a%73%6f%6e\/wp\/v2\/types\/post"}],"author":[{"embeddable":true,"href":"https:\/\/informelitoral.com.ar\/%77%70%2d%6a%73%6f%6e\/wp\/v2\/users\/8"}],"replies":[{"embeddable":true,"href":"https:\/\/informelitoral.com.ar\/%77%70%2d%6a%73%6f%6e\/wp\/v2\/comments?post=232821"}],"version-history":[{"count":1,"href":"https:\/\/informelitoral.com.ar\/%77%70%2d%6a%73%6f%6e\/wp\/v2\/posts\/232821\/revisions"}],"predecessor-version":[{"id":232822,"href":"https:\/\/informelitoral.com.ar\/%77%70%2d%6a%73%6f%6e\/wp\/v2\/posts\/232821\/revisions\/232822"}],"wp:featuredmedia":[{"embeddable":true,"href":"https:\/\/informelitoral.com.ar\/%77%70%2d%6a%73%6f%6e\/wp\/v2\/media\/211057"}],"wp:attachment":[{"href":"https:\/\/informelitoral.com.ar\/%77%70%2d%6a%73%6f%6e\/wp\/v2\/media?parent=232821"}],"wp:term":[{"taxonomy":"category","embeddable":true,"href":"https:\/\/informelitoral.com.ar\/%77%70%2d%6a%73%6f%6e\/wp\/v2\/categories?post=232821"},{"taxonomy":"post_tag","embeddable":true,"href":"https:\/\/informelitoral.com.ar\/%77%70%2d%6a%73%6f%6e\/wp\/v2\/tags?post=232821"}],"curies":[{"name":"wp","href":"https:\/\/api.w.org\/{rel}","templated":true}]}}