{"id":232772,"date":"2025-09-03T09:06:58","date_gmt":"2025-09-03T12:06:58","guid":{"rendered":"https:\/\/informelitoral.com.ar\/?p=232772"},"modified":"2025-09-03T09:11:58","modified_gmt":"2025-09-03T12:11:58","slug":"un-choque-en-diamante-dejo-a-una-joven-motociclista-herida","status":"publish","type":"post","link":"https:\/\/informelitoral.com.ar\/un-choque-en-diamante-dejo-a-una-joven-motociclista-herida\/","title":{"rendered":"Un choque en Diamante dej\u00f3 a una joven motociclista herida"},"content":{"rendered":"<p>Un siniestro vial que se registr\u00f3 anoche en la ciudad de <strong>Diamante<\/strong>, en la intersecci\u00f3n de las <strong>avenidas Falucho<\/strong> y <strong>Gieco<\/strong>, dej\u00f3 a una joven herida. En el hecho, un autom\u00f3vil Chevrolet, manejado por una mujer de 33 a\u00f1os, colision\u00f3 con una motocicleta Corven de 110 cc.<\/p>\n<h6><em><strong>Del archivo:\u00a0<a href=\"https:\/\/informelitoral.com.ar\/la-tormenta-de-santa-rosa-provoca-hundimientos-y-rajaduras-en-la-barranca-de-puerto-general-alvear\/\" target=\"_blank\" rel=\"noopener\">La tormenta de Santa Rosa provoc\u00f3 hundimientos y rajaduras en la barranca de Puerto General Alvear<\/a><\/strong><\/em><\/h6>\n<p>Seg\u00fan el informe de la Polic\u00eda, la conductora de la moto, una joven de 20 a\u00f1os, fue la \u00fanica persona que sufri\u00f3 lesiones. Personal de seguridad y de salud asisti\u00f3 en el lugar, y la motociclista fue trasladada al hospital local para recibir atenci\u00f3n m\u00e9dica.<\/p>\n<p>La Fiscal\u00eda de Diamante inici\u00f3 las diligencias correspondientes para determinar la secuencia y las causas del accidente. Se realizaron las pericias de accidentolog\u00eda necesarias para esclarecer los hechos.(<em>Informe Litoral<\/em>)<\/p>\n","protected":false},"excerpt":{"rendered":"<p>El accidente ocurri\u00f3 anoche en la intersecci\u00f3n de Av. Falucho y Gieco, y la Fiscal\u00eda ya investiga las causas.<\/p>\n","protected":false},"author":8,"featured_media":232775,"comment_status":"open","ping_status":"open","sticky":false,"template":"","format":"standard","meta":{"fifu_image_url":"https:\/\/lh3.googleusercontent.com\/drive-storage\/AJQWtBORDjthYq_1qPn7ORI2PwGv1ZWOEO08bo8EIEhr8NEPNLS1nMJgNBGbK5CUGAK3Ac220JblYyFWHDIMmAlDREO9kMmRtSwj_SglbzXW4gvDkRQ=w2048","fifu_image_alt":"","footnotes":""},"categories":[14],"tags":[304,34],"class_list":{"0":"post-232772","1":"post","2":"type-post","3":"status-publish","4":"format-standard","5":"has-post-thumbnail","7":"category-policiales","8":"tag-accidente-vial","9":"tag-diamante"},"yoast_head":"<title>Un choque en Diamante dej\u00f3 a una joven motociclista herida - Informe Litoral<\/title>\n<meta name=\"robots\" content=\"index, follow, max-snippet:-1, max-image-preview:large, max-video-preview:-1\" \/>\n<link rel=\"canonical\" href=\"https:\/\/informelitoral.com.ar\/un-choque-en-diamante-dejo-a-una-joven-motociclista-herida\/\" \/>\n<meta property=\"og:locale\" content=\"es_ES\" \/>\n<meta property=\"og:type\" content=\"article\" \/>\n<meta property=\"og:title\" content=\"Un choque en Diamante dej\u00f3 a una joven motociclista herida - Informe Litoral\" \/>\n<meta property=\"og:description\" content=\"El accidente ocurri\u00f3 anoche en la intersecci\u00f3n de Av. Falucho y Gieco, y la Fiscal\u00eda ya investiga las causas.\" \/>\n<meta property=\"og:url\" content=\"https:\/\/informelitoral.com.ar\/un-choque-en-diamante-dejo-a-una-joven-motociclista-herida\/\" \/>\n<meta property=\"og:site_name\" content=\"Informe Litoral\" \/>\n<meta property=\"article:publisher\" content=\"https:\/\/www.facebook.com\/informelitoral\/\" \/>\n<meta property=\"article:published_time\" content=\"2025-09-03T12:06:58+00:00\" \/>\n<meta property=\"article:modified_time\" content=\"2025-09-03T12:11:58+00:00\" \/>\n<meta property=\"og:image\" content=\"https:\/\/lh3.googleusercontent.com\/drive-storage\/AJQWtBORDjthYq_1qPn7ORI2PwGv1ZWOEO08bo8EIEhr8NEPNLS1nMJgNBGbK5CUGAK3Ac220JblYyFWHDIMmAlDREO9kMmRtSwj_SglbzXW4gvDkRQ=w2048\" \/><meta property=\"og:image\" content=\"https:\/\/lh3.googleusercontent.com\/drive-storage\/AJQWtBORDjthYq_1qPn7ORI2PwGv1ZWOEO08bo8EIEhr8NEPNLS1nMJgNBGbK5CUGAK3Ac220JblYyFWHDIMmAlDREO9kMmRtSwj_SglbzXW4gvDkRQ=w2048\" \/>\n\t<meta property=\"og:image:width\" content=\"760\" \/>\n\t<meta property=\"og:image:height\" content=\"867\" \/>\n\t<meta property=\"og:image:type\" content=\"image\/jpeg\" \/>\n<meta name=\"author\" content=\"Sebastian\" \/>\n<meta name=\"twitter:card\" content=\"summary_large_image\" \/>\n<meta name=\"twitter:image\" content=\"https:\/\/lh3.googleusercontent.com\/drive-storage\/AJQWtBORDjthYq_1qPn7ORI2PwGv1ZWOEO08bo8EIEhr8NEPNLS1nMJgNBGbK5CUGAK3Ac220JblYyFWHDIMmAlDREO9kMmRtSwj_SglbzXW4gvDkRQ=w2048\" \/>\n<meta name=\"twitter:creator\" content=\"@InformeLitoral\" \/>\n<meta name=\"twitter:site\" content=\"@InformeLitoral\" \/>\n<meta name=\"twitter:label1\" content=\"Escrito por\" \/>\n\t<meta name=\"twitter:data1\" content=\"Sebastian\" \/>\n\t<meta name=\"twitter:label2\" content=\"Tiempo de lectura\" \/>\n\t<meta name=\"twitter:data2\" content=\"1 minuto\" \/>\n<script type=\"application\/ld+json\" class=\"yoast-schema-graph\">{\"@context\":\"https:\\\/\\\/schema.org\",\"@graph\":[{\"@type\":\"Article\",\"@id\":\"https:\\\/\\\/informelitoral.com.ar\\\/un-choque-en-diamante-dejo-a-una-joven-motociclista-herida\\\/#article\",\"isPartOf\":{\"@id\":\"https:\\\/\\\/informelitoral.com.ar\\\/un-choque-en-diamante-dejo-a-una-joven-motociclista-herida\\\/\"},\"author\":{\"name\":\"Sebastian\",\"@id\":\"https:\\\/\\\/informelitoral.com.ar\\\/#\\\/schema\\\/person\\\/f05f9f461677119578717524b127d6d5\"},\"headline\":\"Un choque en Diamante dej\u00f3 a una joven motociclista herida\",\"datePublished\":\"2025-09-03T12:06:58+00:00\",\"dateModified\":\"2025-09-03T12:11:58+00:00\",\"mainEntityOfPage\":{\"@id\":\"https:\\\/\\\/informelitoral.com.ar\\\/un-choque-en-diamante-dejo-a-una-joven-motociclista-herida\\\/\"},\"wordCount\":157,\"commentCount\":0,\"publisher\":{\"@id\":\"https:\\\/\\\/informelitoral.com.ar\\\/#organization\"},\"image\":{\"@id\":\"https:\\\/\\\/informelitoral.com.ar\\\/un-choque-en-diamante-dejo-a-una-joven-motociclista-herida\\\/#primaryimage\"},\"thumbnailUrl\":\"https:\\\/\\\/lh3.googleusercontent.com\\\/drive-storage\\\/AJQWtBORDjthYq_1qPn7ORI2PwGv1ZWOEO08bo8EIEhr8NEPNLS1nMJgNBGbK5CUGAK3Ac220JblYyFWHDIMmAlDREO9kMmRtSwj_SglbzXW4gvDkRQ=w2048\",\"keywords\":[\"Accidente vial\",\"Diamante\"],\"articleSection\":[\"Policiales\"],\"inLanguage\":\"es\",\"potentialAction\":[{\"@type\":\"CommentAction\",\"name\":\"Comment\",\"target\":[\"https:\\\/\\\/informelitoral.com.ar\\\/un-choque-en-diamante-dejo-a-una-joven-motociclista-herida\\\/#respond\"]}]},{\"@type\":\"WebPage\",\"@id\":\"https:\\\/\\\/informelitoral.com.ar\\\/un-choque-en-diamante-dejo-a-una-joven-motociclista-herida\\\/\",\"url\":\"https:\\\/\\\/informelitoral.com.ar\\\/un-choque-en-diamante-dejo-a-una-joven-motociclista-herida\\\/\",\"name\":\"Un choque en Diamante dej\u00f3 a una joven motociclista herida - Informe Litoral\",\"isPartOf\":{\"@id\":\"https:\\\/\\\/informelitoral.com.ar\\\/#website\"},\"primaryImageOfPage\":{\"@id\":\"https:\\\/\\\/informelitoral.com.ar\\\/un-choque-en-diamante-dejo-a-una-joven-motociclista-herida\\\/#primaryimage\"},\"image\":{\"@id\":\"https:\\\/\\\/informelitoral.com.ar\\\/un-choque-en-diamante-dejo-a-una-joven-motociclista-herida\\\/#primaryimage\"},\"thumbnailUrl\":\"https:\\\/\\\/lh3.googleusercontent.com\\\/drive-storage\\\/AJQWtBORDjthYq_1qPn7ORI2PwGv1ZWOEO08bo8EIEhr8NEPNLS1nMJgNBGbK5CUGAK3Ac220JblYyFWHDIMmAlDREO9kMmRtSwj_SglbzXW4gvDkRQ=w2048\",\"datePublished\":\"2025-09-03T12:06:58+00:00\",\"dateModified\":\"2025-09-03T12:11:58+00:00\",\"breadcrumb\":{\"@id\":\"https:\\\/\\\/informelitoral.com.ar\\\/un-choque-en-diamante-dejo-a-una-joven-motociclista-herida\\\/#breadcrumb\"},\"inLanguage\":\"es\",\"potentialAction\":[{\"@type\":\"ReadAction\",\"target\":[\"https:\\\/\\\/informelitoral.com.ar\\\/un-choque-en-diamante-dejo-a-una-joven-motociclista-herida\\\/\"]}]},{\"@type\":\"ImageObject\",\"inLanguage\":\"es\",\"@id\":\"https:\\\/\\\/informelitoral.com.ar\\\/un-choque-en-diamante-dejo-a-una-joven-motociclista-herida\\\/#primaryimage\",\"url\":\"https:\\\/\\\/lh3.googleusercontent.com\\\/drive-storage\\\/AJQWtBORDjthYq_1qPn7ORI2PwGv1ZWOEO08bo8EIEhr8NEPNLS1nMJgNBGbK5CUGAK3Ac220JblYyFWHDIMmAlDREO9kMmRtSwj_SglbzXW4gvDkRQ=w2048\",\"contentUrl\":\"https:\\\/\\\/lh3.googleusercontent.com\\\/drive-storage\\\/AJQWtBORDjthYq_1qPn7ORI2PwGv1ZWOEO08bo8EIEhr8NEPNLS1nMJgNBGbK5CUGAK3Ac220JblYyFWHDIMmAlDREO9kMmRtSwj_SglbzXW4gvDkRQ=w2048\",\"width\":\"760\",\"height\":\"867\"},{\"@type\":\"BreadcrumbList\",\"@id\":\"https:\\\/\\\/informelitoral.com.ar\\\/un-choque-en-diamante-dejo-a-una-joven-motociclista-herida\\\/#breadcrumb\",\"itemListElement\":[{\"@type\":\"ListItem\",\"position\":1,\"name\":\"Portada\",\"item\":\"https:\\\/\\\/informelitoral.com.ar\\\/\"},{\"@type\":\"ListItem\",\"position\":2,\"name\":\"Un choque en Diamante dej\u00f3 a una joven motociclista herida\"}]},{\"@type\":\"WebSite\",\"@id\":\"https:\\\/\\\/informelitoral.com.ar\\\/#website\",\"url\":\"https:\\\/\\\/informelitoral.com.ar\\\/\",\"name\":\"Informe Litoral\",\"description\":\"&quot;Nos informamos&quot; \",\"publisher\":{\"@id\":\"https:\\\/\\\/informelitoral.com.ar\\\/#organization\"},\"potentialAction\":[{\"@type\":\"SearchAction\",\"target\":{\"@type\":\"EntryPoint\",\"urlTemplate\":\"https:\\\/\\\/informelitoral.com.ar\\\/?s={search_term_string}\"},\"query-input\":{\"@type\":\"PropertyValueSpecification\",\"valueRequired\":true,\"valueName\":\"search_term_string\"}}],\"inLanguage\":\"es\"},{\"@type\":\"Organization\",\"@id\":\"https:\\\/\\\/informelitoral.com.ar\\\/#organization\",\"name\":\"Informe Litoral\",\"url\":\"https:\\\/\\\/informelitoral.com.ar\\\/\",\"logo\":{\"@type\":\"ImageObject\",\"inLanguage\":\"es\",\"@id\":\"https:\\\/\\\/informelitoral.com.ar\\\/#\\\/schema\\\/logo\\\/image\\\/\",\"url\":\"https:\\\/\\\/informelitoral.com.ar\\\/%77%70%2d%63%6f%6e%74%65%6e%74\\\/uploads\\\/2021\\\/01\\\/circulo.png\",\"contentUrl\":\"https:\\\/\\\/informelitoral.com.ar\\\/%77%70%2d%63%6f%6e%74%65%6e%74\\\/uploads\\\/2021\\\/01\\\/circulo.png\",\"width\":723,\"height\":731,\"caption\":\"Informe Litoral\"},\"image\":{\"@id\":\"https:\\\/\\\/informelitoral.com.ar\\\/#\\\/schema\\\/logo\\\/image\\\/\"},\"sameAs\":[\"https:\\\/\\\/www.facebook.com\\\/informelitoral\\\/\",\"https:\\\/\\\/x.com\\\/InformeLitoral\",\"https:\\\/\\\/www.instagram.com\\\/informelitoral\\\/\",\"https:\\\/\\\/www.youtube.com\\\/channel\\\/UCua4Qvz8Icb6MYqhoq9xLXw\"]},{\"@type\":\"Person\",\"@id\":\"https:\\\/\\\/informelitoral.com.ar\\\/#\\\/schema\\\/person\\\/f05f9f461677119578717524b127d6d5\",\"name\":\"Sebastian\",\"image\":{\"@type\":\"ImageObject\",\"inLanguage\":\"es\",\"@id\":\"https:\\\/\\\/secure.gravatar.com\\\/avatar\\\/b71bf7481d447dfb9583c7f2798e7cc64de6efb9067b74633ed8c31059a3bd82?s=96&d=mm&r=g\",\"url\":\"https:\\\/\\\/secure.gravatar.com\\\/avatar\\\/b71bf7481d447dfb9583c7f2798e7cc64de6efb9067b74633ed8c31059a3bd82?s=96&d=mm&r=g\",\"contentUrl\":\"https:\\\/\\\/secure.gravatar.com\\\/avatar\\\/b71bf7481d447dfb9583c7f2798e7cc64de6efb9067b74633ed8c31059a3bd82?s=96&d=mm&r=g\",\"caption\":\"Sebastian\"},\"url\":\"https:\\\/\\\/informelitoral.com.ar\\\/author\\\/sebastian\\\/\"}]}<\/script>","yoast_head_json":{"title":"Un choque en Diamante dej\u00f3 a una joven motociclista herida - Informe Litoral","robots":{"index":"index","follow":"follow","max-snippet":"max-snippet:-1","max-image-preview":"max-image-preview:large","max-video-preview":"max-video-preview:-1"},"canonical":"https:\/\/informelitoral.com.ar\/un-choque-en-diamante-dejo-a-una-joven-motociclista-herida\/","og_locale":"es_ES","og_type":"article","og_title":"Un choque en Diamante dej\u00f3 a una joven motociclista herida - Informe Litoral","og_description":"El accidente ocurri\u00f3 anoche en la intersecci\u00f3n de Av. Falucho y Gieco, y la Fiscal\u00eda ya investiga las causas.","og_url":"https:\/\/informelitoral.com.ar\/un-choque-en-diamante-dejo-a-una-joven-motociclista-herida\/","og_site_name":"Informe Litoral","article_publisher":"https:\/\/www.facebook.com\/informelitoral\/","article_published_time":"2025-09-03T12:06:58+00:00","article_modified_time":"2025-09-03T12:11:58+00:00","og_image":[{"url":"https:\/\/lh3.googleusercontent.com\/drive-storage\/AJQWtBORDjthYq_1qPn7ORI2PwGv1ZWOEO08bo8EIEhr8NEPNLS1nMJgNBGbK5CUGAK3Ac220JblYyFWHDIMmAlDREO9kMmRtSwj_SglbzXW4gvDkRQ=w2048","type":"","width":"","height":""},{"width":760,"height":867,"url":"https:\/\/lh3.googleusercontent.com\/drive-storage\/AJQWtBORDjthYq_1qPn7ORI2PwGv1ZWOEO08bo8EIEhr8NEPNLS1nMJgNBGbK5CUGAK3Ac220JblYyFWHDIMmAlDREO9kMmRtSwj_SglbzXW4gvDkRQ=w2048","type":"image\/jpeg"}],"author":"Sebastian","twitter_card":"summary_large_image","twitter_image":"https:\/\/lh3.googleusercontent.com\/drive-storage\/AJQWtBORDjthYq_1qPn7ORI2PwGv1ZWOEO08bo8EIEhr8NEPNLS1nMJgNBGbK5CUGAK3Ac220JblYyFWHDIMmAlDREO9kMmRtSwj_SglbzXW4gvDkRQ=w2048","twitter_creator":"@InformeLitoral","twitter_site":"@InformeLitoral","twitter_misc":{"Escrito por":"Sebastian","Tiempo de lectura":"1 minuto"},"schema":{"@context":"https:\/\/schema.org","@graph":[{"@type":"Article","@id":"https:\/\/informelitoral.com.ar\/un-choque-en-diamante-dejo-a-una-joven-motociclista-herida\/#article","isPartOf":{"@id":"https:\/\/informelitoral.com.ar\/un-choque-en-diamante-dejo-a-una-joven-motociclista-herida\/"},"author":{"name":"Sebastian","@id":"https:\/\/informelitoral.com.ar\/#\/schema\/person\/f05f9f461677119578717524b127d6d5"},"headline":"Un choque en Diamante dej\u00f3 a una joven motociclista herida","datePublished":"2025-09-03T12:06:58+00:00","dateModified":"2025-09-03T12:11:58+00:00","mainEntityOfPage":{"@id":"https:\/\/informelitoral.com.ar\/un-choque-en-diamante-dejo-a-una-joven-motociclista-herida\/"},"wordCount":157,"commentCount":0,"publisher":{"@id":"https:\/\/informelitoral.com.ar\/#organization"},"image":{"@id":"https:\/\/informelitoral.com.ar\/un-choque-en-diamante-dejo-a-una-joven-motociclista-herida\/#primaryimage"},"thumbnailUrl":"https:\/\/lh3.googleusercontent.com\/drive-storage\/AJQWtBORDjthYq_1qPn7ORI2PwGv1ZWOEO08bo8EIEhr8NEPNLS1nMJgNBGbK5CUGAK3Ac220JblYyFWHDIMmAlDREO9kMmRtSwj_SglbzXW4gvDkRQ=w2048","keywords":["Accidente vial","Diamante"],"articleSection":["Policiales"],"inLanguage":"es","potentialAction":[{"@type":"CommentAction","name":"Comment","target":["https:\/\/informelitoral.com.ar\/un-choque-en-diamante-dejo-a-una-joven-motociclista-herida\/#respond"]}]},{"@type":"WebPage","@id":"https:\/\/informelitoral.com.ar\/un-choque-en-diamante-dejo-a-una-joven-motociclista-herida\/","url":"https:\/\/informelitoral.com.ar\/un-choque-en-diamante-dejo-a-una-joven-motociclista-herida\/","name":"Un choque en Diamante dej\u00f3 a una joven motociclista herida - Informe Litoral","isPartOf":{"@id":"https:\/\/informelitoral.com.ar\/#website"},"primaryImageOfPage":{"@id":"https:\/\/informelitoral.com.ar\/un-choque-en-diamante-dejo-a-una-joven-motociclista-herida\/#primaryimage"},"image":{"@id":"https:\/\/informelitoral.com.ar\/un-choque-en-diamante-dejo-a-una-joven-motociclista-herida\/#primaryimage"},"thumbnailUrl":"https:\/\/lh3.googleusercontent.com\/drive-storage\/AJQWtBORDjthYq_1qPn7ORI2PwGv1ZWOEO08bo8EIEhr8NEPNLS1nMJgNBGbK5CUGAK3Ac220JblYyFWHDIMmAlDREO9kMmRtSwj_SglbzXW4gvDkRQ=w2048","datePublished":"2025-09-03T12:06:58+00:00","dateModified":"2025-09-03T12:11:58+00:00","breadcrumb":{"@id":"https:\/\/informelitoral.com.ar\/un-choque-en-diamante-dejo-a-una-joven-motociclista-herida\/#breadcrumb"},"inLanguage":"es","potentialAction":[{"@type":"ReadAction","target":["https:\/\/informelitoral.com.ar\/un-choque-en-diamante-dejo-a-una-joven-motociclista-herida\/"]}]},{"@type":"ImageObject","inLanguage":"es","@id":"https:\/\/informelitoral.com.ar\/un-choque-en-diamante-dejo-a-una-joven-motociclista-herida\/#primaryimage","url":"https:\/\/lh3.googleusercontent.com\/drive-storage\/AJQWtBORDjthYq_1qPn7ORI2PwGv1ZWOEO08bo8EIEhr8NEPNLS1nMJgNBGbK5CUGAK3Ac220JblYyFWHDIMmAlDREO9kMmRtSwj_SglbzXW4gvDkRQ=w2048","contentUrl":"https:\/\/lh3.googleusercontent.com\/drive-storage\/AJQWtBORDjthYq_1qPn7ORI2PwGv1ZWOEO08bo8EIEhr8NEPNLS1nMJgNBGbK5CUGAK3Ac220JblYyFWHDIMmAlDREO9kMmRtSwj_SglbzXW4gvDkRQ=w2048","width":"760","height":"867"},{"@type":"BreadcrumbList","@id":"https:\/\/informelitoral.com.ar\/un-choque-en-diamante-dejo-a-una-joven-motociclista-herida\/#breadcrumb","itemListElement":[{"@type":"ListItem","position":1,"name":"Portada","item":"https:\/\/informelitoral.com.ar\/"},{"@type":"ListItem","position":2,"name":"Un choque en Diamante dej\u00f3 a una joven motociclista herida"}]},{"@type":"WebSite","@id":"https:\/\/informelitoral.com.ar\/#website","url":"https:\/\/informelitoral.com.ar\/","name":"Informe Litoral","description":"&quot;Nos informamos&quot; ","publisher":{"@id":"https:\/\/informelitoral.com.ar\/#organization"},"potentialAction":[{"@type":"SearchAction","target":{"@type":"EntryPoint","urlTemplate":"https:\/\/informelitoral.com.ar\/?s={search_term_string}"},"query-input":{"@type":"PropertyValueSpecification","valueRequired":true,"valueName":"search_term_string"}}],"inLanguage":"es"},{"@type":"Organization","@id":"https:\/\/informelitoral.com.ar\/#organization","name":"Informe Litoral","url":"https:\/\/informelitoral.com.ar\/","logo":{"@type":"ImageObject","inLanguage":"es","@id":"https:\/\/informelitoral.com.ar\/#\/schema\/logo\/image\/","url":"https:\/\/informelitoral.com.ar\/%77%70%2d%63%6f%6e%74%65%6e%74\/uploads\/2021\/01\/circulo.png","contentUrl":"https:\/\/informelitoral.com.ar\/%77%70%2d%63%6f%6e%74%65%6e%74\/uploads\/2021\/01\/circulo.png","width":723,"height":731,"caption":"Informe Litoral"},"image":{"@id":"https:\/\/informelitoral.com.ar\/#\/schema\/logo\/image\/"},"sameAs":["https:\/\/www.facebook.com\/informelitoral\/","https:\/\/x.com\/InformeLitoral","https:\/\/www.instagram.com\/informelitoral\/","https:\/\/www.youtube.com\/channel\/UCua4Qvz8Icb6MYqhoq9xLXw"]},{"@type":"Person","@id":"https:\/\/informelitoral.com.ar\/#\/schema\/person\/f05f9f461677119578717524b127d6d5","name":"Sebastian","image":{"@type":"ImageObject","inLanguage":"es","@id":"https:\/\/secure.gravatar.com\/avatar\/b71bf7481d447dfb9583c7f2798e7cc64de6efb9067b74633ed8c31059a3bd82?s=96&d=mm&r=g","url":"https:\/\/secure.gravatar.com\/avatar\/b71bf7481d447dfb9583c7f2798e7cc64de6efb9067b74633ed8c31059a3bd82?s=96&d=mm&r=g","contentUrl":"https:\/\/secure.gravatar.com\/avatar\/b71bf7481d447dfb9583c7f2798e7cc64de6efb9067b74633ed8c31059a3bd82?s=96&d=mm&r=g","caption":"Sebastian"},"url":"https:\/\/informelitoral.com.ar\/author\/sebastian\/"}]}},"fifu_image_url":"https:\/\/lh3.googleusercontent.com\/drive-storage\/AJQWtBORDjthYq_1qPn7ORI2PwGv1ZWOEO08bo8EIEhr8NEPNLS1nMJgNBGbK5CUGAK3Ac220JblYyFWHDIMmAlDREO9kMmRtSwj_SglbzXW4gvDkRQ=w2048","_links":{"self":[{"href":"https:\/\/informelitoral.com.ar\/%77%70%2d%6a%73%6f%6e\/wp\/v2\/posts\/232772","targetHints":{"allow":["GET"]}}],"collection":[{"href":"https:\/\/informelitoral.com.ar\/%77%70%2d%6a%73%6f%6e\/wp\/v2\/posts"}],"about":[{"href":"https:\/\/informelitoral.com.ar\/%77%70%2d%6a%73%6f%6e\/wp\/v2\/types\/post"}],"author":[{"embeddable":true,"href":"https:\/\/informelitoral.com.ar\/%77%70%2d%6a%73%6f%6e\/wp\/v2\/users\/8"}],"replies":[{"embeddable":true,"href":"https:\/\/informelitoral.com.ar\/%77%70%2d%6a%73%6f%6e\/wp\/v2\/comments?post=232772"}],"version-history":[{"count":3,"href":"https:\/\/informelitoral.com.ar\/%77%70%2d%6a%73%6f%6e\/wp\/v2\/posts\/232772\/revisions"}],"predecessor-version":[{"id":232776,"href":"https:\/\/informelitoral.com.ar\/%77%70%2d%6a%73%6f%6e\/wp\/v2\/posts\/232772\/revisions\/232776"}],"wp:featuredmedia":[{"embeddable":true,"href":"https:\/\/informelitoral.com.ar\/%77%70%2d%6a%73%6f%6e\/wp\/v2\/media\/232775"}],"wp:attachment":[{"href":"https:\/\/informelitoral.com.ar\/%77%70%2d%6a%73%6f%6e\/wp\/v2\/media?parent=232772"}],"wp:term":[{"taxonomy":"category","embeddable":true,"href":"https:\/\/informelitoral.com.ar\/%77%70%2d%6a%73%6f%6e\/wp\/v2\/categories?post=232772"},{"taxonomy":"post_tag","embeddable":true,"href":"https:\/\/informelitoral.com.ar\/%77%70%2d%6a%73%6f%6e\/wp\/v2\/tags?post=232772"}],"curies":[{"name":"wp","href":"https:\/\/api.w.org\/{rel}","templated":true}]}}