{"id":232639,"date":"2025-09-02T09:25:27","date_gmt":"2025-09-02T12:25:27","guid":{"rendered":"https:\/\/informelitoral.com.ar\/?p=232639"},"modified":"2025-09-02T09:32:03","modified_gmt":"2025-09-02T12:32:03","slug":"anuncian-el-elenco-de-la-serie-biografica-de-moria-casan","status":"publish","type":"post","link":"https:\/\/informelitoral.com.ar\/anuncian-el-elenco-de-la-serie-biografica-de-moria-casan\/","title":{"rendered":"Anunciaron el elenco de la serie biogr\u00e1fica de Moria Cas\u00e1n"},"content":{"rendered":"<p>Netflix ha revelado los nombres de las actrices que dar\u00e1n vida a Moria Cas\u00e1n en su esperada serie biogr\u00e1fica. A trav\u00e9s de una publicaci\u00f3n en su cuenta de Instagram, la plataforma de streaming confirm\u00f3 que la \u00abOne\u00bb ser\u00e1 interpretada por <b>Griselda Siciliani<\/b>, <b>Sof\u00eda Gala Castiglione<\/b> y <b>Cecilia Roth<\/b>, quienes representar\u00e1n a la diva en distintas etapas de su carrera y vida personal.<\/p>\n<p>La serie, que promete un recorrido exhaustivo por la historia de una de las figuras m\u00e1s importantes de la cultura pop argentina, contar\u00e1 con un elenco de lujo. Adem\u00e1s de las tres protagonistas, se ha confirmado la participaci\u00f3n de <b>Mart\u00edn Bossi<\/b> en el papel de Gerardo Sofovich, una figura clave en la trayectoria de Moria. <b>Nicol\u00e1s Cabr\u00e9<\/b> tambi\u00e9n formar\u00e1 parte del proyecto en un rol central, aunque los detalles de su personaje no fueron revelados. <b>Leticia Br\u00e9dice<\/b>, por su parte, interpretar\u00e1 a una de las amigas m\u00e1s cercanas de Cas\u00e1n.<\/p>\n<p>La producci\u00f3n busca mostrar no solo la exitosa carrera de Moria, sino tambi\u00e9n su faceta m\u00e1s \u00edntima y personal. La serie biogr\u00e1fica abarcar\u00e1 desde sus inicios en el teatro de revistas, donde se consolid\u00f3 como una de las grandes estrellas del espect\u00e1culo, hasta su ascenso en la televisi\u00f3n y su lugar como referente indiscutida del entretenimiento. Se espera que la ficci\u00f3n ofrezca una mirada profunda sobre su impacto cultural.<\/p>\n<p>Sof\u00eda Gala, hija de Moria, expres\u00f3 su entusiasmo por el desaf\u00edo: \u00abEs un honor y un desaf\u00edo enorme ponerme en la piel de mi mam\u00e1\u00bb. Cabe recordar que, aunque se hab\u00eda mencionado a Lali Esp\u00f3sito como posible int\u00e9rprete de la Moria joven, su agenda no pudo compatibilizar con el rodaje. Con el anuncio del elenco, la serie de Netflix ya se perfila como uno de los proyectos m\u00e1s esperados del ambiente art\u00edstico.<\/p>\n<blockquote class=\"twitter-tweet\" data-media-max-width=\"560\">\n<p dir=\"ltr\" lang=\"es\">\ud83d\udcfa Netflix present\u00f3 oficialmente al elenco de la serie de Moria Cas\u00e1n, tres actrices que interpretar\u00e1n a la diva en sus distintas \u00e9pocas<\/p>\n<p>\u2014 Sof\u00eda Gala<br \/>\n\u2014 Griselda Siciliani<br \/>\n\u2014 Cecilia Roth<\/p>\n<p><a href=\"https:\/\/t.co\/9cNrAnr8J1\">pic.twitter.com\/9cNrAnr8J1<\/a><\/p>\n<p>\u2014 fefe (@fedeebongiorno) <a href=\"https:\/\/twitter.com\/fedeebongiorno\/status\/1961191805195788333?ref_src=twsrc%5Etfw\">August 28, 2025<\/a><\/p><\/blockquote>\n<p><script async src=\"https:\/\/platform.twitter.com\/widgets.js\" charset=\"utf-8\"><\/script><\/p>\n","protected":false},"excerpt":{"rendered":"<p>Griselda Siciliani, Sof\u00eda Gala y Cecilia Roth interpretar\u00e1n a la ic\u00f3nica diva en distintas etapas de su vida. La producci\u00f3n, que ya genera gran expectativa, se encuentra en plena fase de preproducci\u00f3n.<\/p>\n","protected":false},"author":8,"featured_media":232640,"comment_status":"open","ping_status":"open","sticky":false,"template":"","format":"standard","meta":{"fifu_image_url":"https:\/\/img.lagaceta.com.ar\/fotos\/notas\/2025\/08\/31\/1200x800_vida-moria-casan-llega-netflix-revelaron-quienes-interpretaran-serie-1100413-090214.webp","fifu_image_alt":"","footnotes":""},"categories":[12],"tags":[6001,1775],"class_list":{"0":"post-232639","1":"post","2":"type-post","3":"status-publish","4":"format-standard","5":"has-post-thumbnail","7":"category-espectaculos","8":"tag-moria-casan","9":"tag-netflix"},"yoast_head":"<title>Anunciaron el elenco de la serie biogr\u00e1fica de Moria Cas\u00e1n - Informe Litoral<\/title>\n<meta name=\"robots\" content=\"index, follow, max-snippet:-1, max-image-preview:large, max-video-preview:-1\" \/>\n<link rel=\"canonical\" href=\"https:\/\/informelitoral.com.ar\/anuncian-el-elenco-de-la-serie-biografica-de-moria-casan\/\" \/>\n<meta property=\"og:locale\" content=\"es_ES\" \/>\n<meta property=\"og:type\" content=\"article\" \/>\n<meta property=\"og:title\" content=\"Anunciaron el elenco de la serie biogr\u00e1fica de Moria Cas\u00e1n - Informe Litoral\" \/>\n<meta property=\"og:description\" content=\"Griselda Siciliani, Sof\u00eda Gala y Cecilia Roth interpretar\u00e1n a la ic\u00f3nica diva en distintas etapas de su vida. La producci\u00f3n, que ya genera gran expectativa, se encuentra en plena fase de preproducci\u00f3n.\" \/>\n<meta property=\"og:url\" content=\"https:\/\/informelitoral.com.ar\/anuncian-el-elenco-de-la-serie-biografica-de-moria-casan\/\" \/>\n<meta property=\"og:site_name\" content=\"Informe Litoral\" \/>\n<meta property=\"article:publisher\" content=\"https:\/\/www.facebook.com\/informelitoral\/\" \/>\n<meta property=\"article:published_time\" content=\"2025-09-02T12:25:27+00:00\" \/>\n<meta property=\"article:modified_time\" content=\"2025-09-02T12:32:03+00:00\" \/>\n<meta property=\"og:image\" content=\"https:\/\/img.lagaceta.com.ar\/fotos\/notas\/2025\/08\/31\/1200x800_vida-moria-casan-llega-netflix-revelaron-quienes-interpretaran-serie-1100413-090214.webp\" \/><meta property=\"og:image\" content=\"https:\/\/img.lagaceta.com.ar\/fotos\/notas\/2025\/08\/31\/1200x800_vida-moria-casan-llega-netflix-revelaron-quienes-interpretaran-serie-1100413-090214.webp\" \/>\n\t<meta property=\"og:image:width\" content=\"1200\" \/>\n\t<meta property=\"og:image:height\" content=\"800\" \/>\n\t<meta property=\"og:image:type\" content=\"image\/jpeg\" \/>\n<meta name=\"author\" content=\"Sebastian\" \/>\n<meta name=\"twitter:card\" content=\"summary_large_image\" \/>\n<meta name=\"twitter:image\" content=\"https:\/\/img.lagaceta.com.ar\/fotos\/notas\/2025\/08\/31\/1200x800_vida-moria-casan-llega-netflix-revelaron-quienes-interpretaran-serie-1100413-090214.webp\" \/>\n<meta name=\"twitter:creator\" content=\"@InformeLitoral\" \/>\n<meta name=\"twitter:site\" content=\"@InformeLitoral\" \/>\n<meta name=\"twitter:label1\" content=\"Escrito por\" \/>\n\t<meta name=\"twitter:data1\" content=\"Sebastian\" \/>\n\t<meta name=\"twitter:label2\" content=\"Tiempo de lectura\" \/>\n\t<meta name=\"twitter:data2\" content=\"2 minutos\" \/>\n<script type=\"application\/ld+json\" class=\"yoast-schema-graph\">{\"@context\":\"https:\\\/\\\/schema.org\",\"@graph\":[{\"@type\":\"Article\",\"@id\":\"https:\\\/\\\/informelitoral.com.ar\\\/anuncian-el-elenco-de-la-serie-biografica-de-moria-casan\\\/#article\",\"isPartOf\":{\"@id\":\"https:\\\/\\\/informelitoral.com.ar\\\/anuncian-el-elenco-de-la-serie-biografica-de-moria-casan\\\/\"},\"author\":{\"name\":\"Sebastian\",\"@id\":\"https:\\\/\\\/informelitoral.com.ar\\\/#\\\/schema\\\/person\\\/f05f9f461677119578717524b127d6d5\"},\"headline\":\"Anunciaron el elenco de la serie biogr\u00e1fica de Moria Cas\u00e1n\",\"datePublished\":\"2025-09-02T12:25:27+00:00\",\"dateModified\":\"2025-09-02T12:32:03+00:00\",\"mainEntityOfPage\":{\"@id\":\"https:\\\/\\\/informelitoral.com.ar\\\/anuncian-el-elenco-de-la-serie-biografica-de-moria-casan\\\/\"},\"wordCount\":375,\"commentCount\":0,\"publisher\":{\"@id\":\"https:\\\/\\\/informelitoral.com.ar\\\/#organization\"},\"image\":{\"@id\":\"https:\\\/\\\/informelitoral.com.ar\\\/anuncian-el-elenco-de-la-serie-biografica-de-moria-casan\\\/#primaryimage\"},\"thumbnailUrl\":\"https:\\\/\\\/img.lagaceta.com.ar\\\/fotos\\\/notas\\\/2025\\\/08\\\/31\\\/1200x800_vida-moria-casan-llega-netflix-revelaron-quienes-interpretaran-serie-1100413-090214.webp\",\"keywords\":[\"Moria Cas\u00e1n\",\"Netflix\"],\"articleSection\":[\"Espect\u00e1culos\"],\"inLanguage\":\"es\",\"potentialAction\":[{\"@type\":\"CommentAction\",\"name\":\"Comment\",\"target\":[\"https:\\\/\\\/informelitoral.com.ar\\\/anuncian-el-elenco-de-la-serie-biografica-de-moria-casan\\\/#respond\"]}]},{\"@type\":\"WebPage\",\"@id\":\"https:\\\/\\\/informelitoral.com.ar\\\/anuncian-el-elenco-de-la-serie-biografica-de-moria-casan\\\/\",\"url\":\"https:\\\/\\\/informelitoral.com.ar\\\/anuncian-el-elenco-de-la-serie-biografica-de-moria-casan\\\/\",\"name\":\"Anunciaron el elenco de la serie biogr\u00e1fica de Moria Cas\u00e1n - Informe Litoral\",\"isPartOf\":{\"@id\":\"https:\\\/\\\/informelitoral.com.ar\\\/#website\"},\"primaryImageOfPage\":{\"@id\":\"https:\\\/\\\/informelitoral.com.ar\\\/anuncian-el-elenco-de-la-serie-biografica-de-moria-casan\\\/#primaryimage\"},\"image\":{\"@id\":\"https:\\\/\\\/informelitoral.com.ar\\\/anuncian-el-elenco-de-la-serie-biografica-de-moria-casan\\\/#primaryimage\"},\"thumbnailUrl\":\"https:\\\/\\\/img.lagaceta.com.ar\\\/fotos\\\/notas\\\/2025\\\/08\\\/31\\\/1200x800_vida-moria-casan-llega-netflix-revelaron-quienes-interpretaran-serie-1100413-090214.webp\",\"datePublished\":\"2025-09-02T12:25:27+00:00\",\"dateModified\":\"2025-09-02T12:32:03+00:00\",\"breadcrumb\":{\"@id\":\"https:\\\/\\\/informelitoral.com.ar\\\/anuncian-el-elenco-de-la-serie-biografica-de-moria-casan\\\/#breadcrumb\"},\"inLanguage\":\"es\",\"potentialAction\":[{\"@type\":\"ReadAction\",\"target\":[\"https:\\\/\\\/informelitoral.com.ar\\\/anuncian-el-elenco-de-la-serie-biografica-de-moria-casan\\\/\"]}]},{\"@type\":\"ImageObject\",\"inLanguage\":\"es\",\"@id\":\"https:\\\/\\\/informelitoral.com.ar\\\/anuncian-el-elenco-de-la-serie-biografica-de-moria-casan\\\/#primaryimage\",\"url\":\"https:\\\/\\\/img.lagaceta.com.ar\\\/fotos\\\/notas\\\/2025\\\/08\\\/31\\\/1200x800_vida-moria-casan-llega-netflix-revelaron-quienes-interpretaran-serie-1100413-090214.webp\",\"contentUrl\":\"https:\\\/\\\/img.lagaceta.com.ar\\\/fotos\\\/notas\\\/2025\\\/08\\\/31\\\/1200x800_vida-moria-casan-llega-netflix-revelaron-quienes-interpretaran-serie-1100413-090214.webp\",\"width\":\"1200\",\"height\":\"800\"},{\"@type\":\"BreadcrumbList\",\"@id\":\"https:\\\/\\\/informelitoral.com.ar\\\/anuncian-el-elenco-de-la-serie-biografica-de-moria-casan\\\/#breadcrumb\",\"itemListElement\":[{\"@type\":\"ListItem\",\"position\":1,\"name\":\"Portada\",\"item\":\"https:\\\/\\\/informelitoral.com.ar\\\/\"},{\"@type\":\"ListItem\",\"position\":2,\"name\":\"Anunciaron el elenco de la serie biogr\u00e1fica de Moria Cas\u00e1n\"}]},{\"@type\":\"WebSite\",\"@id\":\"https:\\\/\\\/informelitoral.com.ar\\\/#website\",\"url\":\"https:\\\/\\\/informelitoral.com.ar\\\/\",\"name\":\"Informe Litoral\",\"description\":\"&quot;Nos informamos&quot; \",\"publisher\":{\"@id\":\"https:\\\/\\\/informelitoral.com.ar\\\/#organization\"},\"potentialAction\":[{\"@type\":\"SearchAction\",\"target\":{\"@type\":\"EntryPoint\",\"urlTemplate\":\"https:\\\/\\\/informelitoral.com.ar\\\/?s={search_term_string}\"},\"query-input\":{\"@type\":\"PropertyValueSpecification\",\"valueRequired\":true,\"valueName\":\"search_term_string\"}}],\"inLanguage\":\"es\"},{\"@type\":\"Organization\",\"@id\":\"https:\\\/\\\/informelitoral.com.ar\\\/#organization\",\"name\":\"Informe Litoral\",\"url\":\"https:\\\/\\\/informelitoral.com.ar\\\/\",\"logo\":{\"@type\":\"ImageObject\",\"inLanguage\":\"es\",\"@id\":\"https:\\\/\\\/informelitoral.com.ar\\\/#\\\/schema\\\/logo\\\/image\\\/\",\"url\":\"https:\\\/\\\/informelitoral.com.ar\\\/%77%70%2d%63%6f%6e%74%65%6e%74\\\/uploads\\\/2021\\\/01\\\/circulo.png\",\"contentUrl\":\"https:\\\/\\\/informelitoral.com.ar\\\/%77%70%2d%63%6f%6e%74%65%6e%74\\\/uploads\\\/2021\\\/01\\\/circulo.png\",\"width\":723,\"height\":731,\"caption\":\"Informe Litoral\"},\"image\":{\"@id\":\"https:\\\/\\\/informelitoral.com.ar\\\/#\\\/schema\\\/logo\\\/image\\\/\"},\"sameAs\":[\"https:\\\/\\\/www.facebook.com\\\/informelitoral\\\/\",\"https:\\\/\\\/x.com\\\/InformeLitoral\",\"https:\\\/\\\/www.instagram.com\\\/informelitoral\\\/\",\"https:\\\/\\\/www.youtube.com\\\/channel\\\/UCua4Qvz8Icb6MYqhoq9xLXw\"]},{\"@type\":\"Person\",\"@id\":\"https:\\\/\\\/informelitoral.com.ar\\\/#\\\/schema\\\/person\\\/f05f9f461677119578717524b127d6d5\",\"name\":\"Sebastian\",\"image\":{\"@type\":\"ImageObject\",\"inLanguage\":\"es\",\"@id\":\"https:\\\/\\\/secure.gravatar.com\\\/avatar\\\/b71bf7481d447dfb9583c7f2798e7cc64de6efb9067b74633ed8c31059a3bd82?s=96&d=mm&r=g\",\"url\":\"https:\\\/\\\/secure.gravatar.com\\\/avatar\\\/b71bf7481d447dfb9583c7f2798e7cc64de6efb9067b74633ed8c31059a3bd82?s=96&d=mm&r=g\",\"contentUrl\":\"https:\\\/\\\/secure.gravatar.com\\\/avatar\\\/b71bf7481d447dfb9583c7f2798e7cc64de6efb9067b74633ed8c31059a3bd82?s=96&d=mm&r=g\",\"caption\":\"Sebastian\"},\"url\":\"https:\\\/\\\/informelitoral.com.ar\\\/author\\\/sebastian\\\/\"}]}<\/script>","yoast_head_json":{"title":"Anunciaron el elenco de la serie biogr\u00e1fica de Moria Cas\u00e1n - Informe Litoral","robots":{"index":"index","follow":"follow","max-snippet":"max-snippet:-1","max-image-preview":"max-image-preview:large","max-video-preview":"max-video-preview:-1"},"canonical":"https:\/\/informelitoral.com.ar\/anuncian-el-elenco-de-la-serie-biografica-de-moria-casan\/","og_locale":"es_ES","og_type":"article","og_title":"Anunciaron el elenco de la serie biogr\u00e1fica de Moria Cas\u00e1n - Informe Litoral","og_description":"Griselda Siciliani, Sof\u00eda Gala y Cecilia Roth interpretar\u00e1n a la ic\u00f3nica diva en distintas etapas de su vida. La producci\u00f3n, que ya genera gran expectativa, se encuentra en plena fase de preproducci\u00f3n.","og_url":"https:\/\/informelitoral.com.ar\/anuncian-el-elenco-de-la-serie-biografica-de-moria-casan\/","og_site_name":"Informe Litoral","article_publisher":"https:\/\/www.facebook.com\/informelitoral\/","article_published_time":"2025-09-02T12:25:27+00:00","article_modified_time":"2025-09-02T12:32:03+00:00","og_image":[{"url":"https:\/\/img.lagaceta.com.ar\/fotos\/notas\/2025\/08\/31\/1200x800_vida-moria-casan-llega-netflix-revelaron-quienes-interpretaran-serie-1100413-090214.webp","type":"","width":"","height":""},{"width":1200,"height":800,"url":"https:\/\/img.lagaceta.com.ar\/fotos\/notas\/2025\/08\/31\/1200x800_vida-moria-casan-llega-netflix-revelaron-quienes-interpretaran-serie-1100413-090214.webp","type":"image\/jpeg"}],"author":"Sebastian","twitter_card":"summary_large_image","twitter_image":"https:\/\/img.lagaceta.com.ar\/fotos\/notas\/2025\/08\/31\/1200x800_vida-moria-casan-llega-netflix-revelaron-quienes-interpretaran-serie-1100413-090214.webp","twitter_creator":"@InformeLitoral","twitter_site":"@InformeLitoral","twitter_misc":{"Escrito por":"Sebastian","Tiempo de lectura":"2 minutos"},"schema":{"@context":"https:\/\/schema.org","@graph":[{"@type":"Article","@id":"https:\/\/informelitoral.com.ar\/anuncian-el-elenco-de-la-serie-biografica-de-moria-casan\/#article","isPartOf":{"@id":"https:\/\/informelitoral.com.ar\/anuncian-el-elenco-de-la-serie-biografica-de-moria-casan\/"},"author":{"name":"Sebastian","@id":"https:\/\/informelitoral.com.ar\/#\/schema\/person\/f05f9f461677119578717524b127d6d5"},"headline":"Anunciaron el elenco de la serie biogr\u00e1fica de Moria Cas\u00e1n","datePublished":"2025-09-02T12:25:27+00:00","dateModified":"2025-09-02T12:32:03+00:00","mainEntityOfPage":{"@id":"https:\/\/informelitoral.com.ar\/anuncian-el-elenco-de-la-serie-biografica-de-moria-casan\/"},"wordCount":375,"commentCount":0,"publisher":{"@id":"https:\/\/informelitoral.com.ar\/#organization"},"image":{"@id":"https:\/\/informelitoral.com.ar\/anuncian-el-elenco-de-la-serie-biografica-de-moria-casan\/#primaryimage"},"thumbnailUrl":"https:\/\/img.lagaceta.com.ar\/fotos\/notas\/2025\/08\/31\/1200x800_vida-moria-casan-llega-netflix-revelaron-quienes-interpretaran-serie-1100413-090214.webp","keywords":["Moria Cas\u00e1n","Netflix"],"articleSection":["Espect\u00e1culos"],"inLanguage":"es","potentialAction":[{"@type":"CommentAction","name":"Comment","target":["https:\/\/informelitoral.com.ar\/anuncian-el-elenco-de-la-serie-biografica-de-moria-casan\/#respond"]}]},{"@type":"WebPage","@id":"https:\/\/informelitoral.com.ar\/anuncian-el-elenco-de-la-serie-biografica-de-moria-casan\/","url":"https:\/\/informelitoral.com.ar\/anuncian-el-elenco-de-la-serie-biografica-de-moria-casan\/","name":"Anunciaron el elenco de la serie biogr\u00e1fica de Moria Cas\u00e1n - Informe Litoral","isPartOf":{"@id":"https:\/\/informelitoral.com.ar\/#website"},"primaryImageOfPage":{"@id":"https:\/\/informelitoral.com.ar\/anuncian-el-elenco-de-la-serie-biografica-de-moria-casan\/#primaryimage"},"image":{"@id":"https:\/\/informelitoral.com.ar\/anuncian-el-elenco-de-la-serie-biografica-de-moria-casan\/#primaryimage"},"thumbnailUrl":"https:\/\/img.lagaceta.com.ar\/fotos\/notas\/2025\/08\/31\/1200x800_vida-moria-casan-llega-netflix-revelaron-quienes-interpretaran-serie-1100413-090214.webp","datePublished":"2025-09-02T12:25:27+00:00","dateModified":"2025-09-02T12:32:03+00:00","breadcrumb":{"@id":"https:\/\/informelitoral.com.ar\/anuncian-el-elenco-de-la-serie-biografica-de-moria-casan\/#breadcrumb"},"inLanguage":"es","potentialAction":[{"@type":"ReadAction","target":["https:\/\/informelitoral.com.ar\/anuncian-el-elenco-de-la-serie-biografica-de-moria-casan\/"]}]},{"@type":"ImageObject","inLanguage":"es","@id":"https:\/\/informelitoral.com.ar\/anuncian-el-elenco-de-la-serie-biografica-de-moria-casan\/#primaryimage","url":"https:\/\/img.lagaceta.com.ar\/fotos\/notas\/2025\/08\/31\/1200x800_vida-moria-casan-llega-netflix-revelaron-quienes-interpretaran-serie-1100413-090214.webp","contentUrl":"https:\/\/img.lagaceta.com.ar\/fotos\/notas\/2025\/08\/31\/1200x800_vida-moria-casan-llega-netflix-revelaron-quienes-interpretaran-serie-1100413-090214.webp","width":"1200","height":"800"},{"@type":"BreadcrumbList","@id":"https:\/\/informelitoral.com.ar\/anuncian-el-elenco-de-la-serie-biografica-de-moria-casan\/#breadcrumb","itemListElement":[{"@type":"ListItem","position":1,"name":"Portada","item":"https:\/\/informelitoral.com.ar\/"},{"@type":"ListItem","position":2,"name":"Anunciaron el elenco de la serie biogr\u00e1fica de Moria Cas\u00e1n"}]},{"@type":"WebSite","@id":"https:\/\/informelitoral.com.ar\/#website","url":"https:\/\/informelitoral.com.ar\/","name":"Informe Litoral","description":"&quot;Nos informamos&quot; ","publisher":{"@id":"https:\/\/informelitoral.com.ar\/#organization"},"potentialAction":[{"@type":"SearchAction","target":{"@type":"EntryPoint","urlTemplate":"https:\/\/informelitoral.com.ar\/?s={search_term_string}"},"query-input":{"@type":"PropertyValueSpecification","valueRequired":true,"valueName":"search_term_string"}}],"inLanguage":"es"},{"@type":"Organization","@id":"https:\/\/informelitoral.com.ar\/#organization","name":"Informe Litoral","url":"https:\/\/informelitoral.com.ar\/","logo":{"@type":"ImageObject","inLanguage":"es","@id":"https:\/\/informelitoral.com.ar\/#\/schema\/logo\/image\/","url":"https:\/\/informelitoral.com.ar\/%77%70%2d%63%6f%6e%74%65%6e%74\/uploads\/2021\/01\/circulo.png","contentUrl":"https:\/\/informelitoral.com.ar\/%77%70%2d%63%6f%6e%74%65%6e%74\/uploads\/2021\/01\/circulo.png","width":723,"height":731,"caption":"Informe Litoral"},"image":{"@id":"https:\/\/informelitoral.com.ar\/#\/schema\/logo\/image\/"},"sameAs":["https:\/\/www.facebook.com\/informelitoral\/","https:\/\/x.com\/InformeLitoral","https:\/\/www.instagram.com\/informelitoral\/","https:\/\/www.youtube.com\/channel\/UCua4Qvz8Icb6MYqhoq9xLXw"]},{"@type":"Person","@id":"https:\/\/informelitoral.com.ar\/#\/schema\/person\/f05f9f461677119578717524b127d6d5","name":"Sebastian","image":{"@type":"ImageObject","inLanguage":"es","@id":"https:\/\/secure.gravatar.com\/avatar\/b71bf7481d447dfb9583c7f2798e7cc64de6efb9067b74633ed8c31059a3bd82?s=96&d=mm&r=g","url":"https:\/\/secure.gravatar.com\/avatar\/b71bf7481d447dfb9583c7f2798e7cc64de6efb9067b74633ed8c31059a3bd82?s=96&d=mm&r=g","contentUrl":"https:\/\/secure.gravatar.com\/avatar\/b71bf7481d447dfb9583c7f2798e7cc64de6efb9067b74633ed8c31059a3bd82?s=96&d=mm&r=g","caption":"Sebastian"},"url":"https:\/\/informelitoral.com.ar\/author\/sebastian\/"}]}},"fifu_image_url":"https:\/\/img.lagaceta.com.ar\/fotos\/notas\/2025\/08\/31\/1200x800_vida-moria-casan-llega-netflix-revelaron-quienes-interpretaran-serie-1100413-090214.webp","_links":{"self":[{"href":"https:\/\/informelitoral.com.ar\/%77%70%2d%6a%73%6f%6e\/wp\/v2\/posts\/232639","targetHints":{"allow":["GET"]}}],"collection":[{"href":"https:\/\/informelitoral.com.ar\/%77%70%2d%6a%73%6f%6e\/wp\/v2\/posts"}],"about":[{"href":"https:\/\/informelitoral.com.ar\/%77%70%2d%6a%73%6f%6e\/wp\/v2\/types\/post"}],"author":[{"embeddable":true,"href":"https:\/\/informelitoral.com.ar\/%77%70%2d%6a%73%6f%6e\/wp\/v2\/users\/8"}],"replies":[{"embeddable":true,"href":"https:\/\/informelitoral.com.ar\/%77%70%2d%6a%73%6f%6e\/wp\/v2\/comments?post=232639"}],"version-history":[{"count":3,"href":"https:\/\/informelitoral.com.ar\/%77%70%2d%6a%73%6f%6e\/wp\/v2\/posts\/232639\/revisions"}],"predecessor-version":[{"id":232643,"href":"https:\/\/informelitoral.com.ar\/%77%70%2d%6a%73%6f%6e\/wp\/v2\/posts\/232639\/revisions\/232643"}],"wp:featuredmedia":[{"embeddable":true,"href":"https:\/\/informelitoral.com.ar\/%77%70%2d%6a%73%6f%6e\/wp\/v2\/media\/232640"}],"wp:attachment":[{"href":"https:\/\/informelitoral.com.ar\/%77%70%2d%6a%73%6f%6e\/wp\/v2\/media?parent=232639"}],"wp:term":[{"taxonomy":"category","embeddable":true,"href":"https:\/\/informelitoral.com.ar\/%77%70%2d%6a%73%6f%6e\/wp\/v2\/categories?post=232639"},{"taxonomy":"post_tag","embeddable":true,"href":"https:\/\/informelitoral.com.ar\/%77%70%2d%6a%73%6f%6e\/wp\/v2\/tags?post=232639"}],"curies":[{"name":"wp","href":"https:\/\/api.w.org\/{rel}","templated":true}]}}