{"id":232587,"date":"2025-09-02T06:50:12","date_gmt":"2025-09-02T09:50:12","guid":{"rendered":"https:\/\/informelitoral.com.ar\/?p=232587"},"modified":"2025-09-02T06:50:12","modified_gmt":"2025-09-02T09:50:12","slug":"anuncian-posible-inestabilidad-y-desde-el-jueves-hara-mas-frio","status":"publish","type":"post","link":"https:\/\/informelitoral.com.ar\/anuncian-posible-inestabilidad-y-desde-el-jueves-hara-mas-frio\/","title":{"rendered":"Anuncian posible inestabilidad y desde el jueves har\u00e1 m\u00e1s fr\u00edo"},"content":{"rendered":"<p>Tras un lunes que tuvo una r\u00e1pida mejor\u00eda en las condiciones del tiempo y se present\u00f3 soleado en nuestra zona, <b>se espera que hoy<\/b>\u00a0\u201clas lluvias y tormentas del Litoral presenten un leve retroceso hacia el sur, y puedan afectar la porci\u00f3n centro-sur\u201d, incluyendo a Entre R\u00edos.\u00a0<b>En algunas zonas de nuestra provincia podr\u00edan registrarse lluvias, que mayormente ser\u00e1n d\u00e9biles<\/b>. En tanto, los registros t\u00e9rmicos m\u00e1ximos rondar\u00e1n los 18 grados.<\/p>\n<p><b>Para el mi\u00e9rcoles<\/b>, \u201cel aire fr\u00edo proveniente desde la Patagonia finalmente barrer\u00e1 de forma r\u00e1pida el centro y norte del pa\u00eds, produciendo un moderado descenso t\u00e9rmico en la franja central Argentina con fuertes r\u00e1fagas del sector sur, y un desplazamiento de la\u00a0<b>actividad de lluvias y tormentas nuevamente hacia el centro del Litoral<\/b>\u201d, indic\u00f3 el meteor\u00f3logo, Christian Garavaglia.<\/p>\n<p><b>Se espera una jornada \u201cmuy inestable<\/b> especialmente sobre Corrientes, pero tambi\u00e9n en partes del norte de Entre R\u00edos, norte de Santa Fe y este de Chaco, zonas en donde podr\u00edan darse tormentas localmente fuertes, con ca\u00edda de granizo. En Corrientes, las precipitaciones durante el mi\u00e9rcoles podr\u00edan superar localmente los 50 mil\u00edmetros\u201d.<\/p>\n<h2><strong>Llega el fr\u00edo intenso<\/strong><\/h2>\n<p><b>Durante el jueves<\/b>, \u201cestas mismas condiciones de fuerte inestabilidad se replicar\u00edan en la parte norte del Litoral, afectando en mayor medida a Chaco, Formosa y Misiones\u201d, se\u00f1al\u00f3 el especialista en\u00a0<i>Meteored<\/i>.<\/p>\n<p>En tanto,\u00a0<b>en Entre R\u00edos empezar\u00e1 a notarse el descenso en las temperaturas que no superar\u00edan los 15 grados.<\/b><\/p>\n<p>A lo largo de esta segunda mitad de semana\u00a0<b>se ir\u00e1 afianzando el ingreso de aire fr\u00edo<\/b>\u00a0a todo el centro del pa\u00eds, con el retorno de ma\u00f1anas fr\u00edas y probables heladas.<\/p>\n<p><b>Durante las madrugadas del viernes y s\u00e1bado podr\u00edan producirse heladas<\/b>\u00a0territorio entrerriano, puesto que est\u00e1 anunciadas m\u00ednimas de tres a cinco grados, mientras que por las tardes, pese al cielo despejado, no se superar\u00edan los 15 grados.<\/p>\n","protected":false},"excerpt":{"rendered":"<p>Prevalecer\u00e1 el cielo nublado durante este martes y no descartan lluvias en algunas zonas puntuales. El mi\u00e9rcoles tendr\u00e1 condiciones de tiempo similares y desde el jueves mejorar\u00e1 y prev\u00e9n posibles heladas. <\/p>\n","protected":false},"author":2,"featured_media":165513,"comment_status":"open","ping_status":"open","sticky":false,"template":"","format":"standard","meta":{"fifu_image_url":"","fifu_image_alt":"","footnotes":""},"categories":[6],"tags":[38,2759],"class_list":{"0":"post-232587","1":"post","2":"type-post","3":"status-publish","4":"format-standard","5":"has-post-thumbnail","7":"category-entre-rios","8":"tag-el-tiempo","9":"tag-pronostico-del-tiempo"},"yoast_head":"<title>Anuncian posible inestabilidad y desde el jueves har\u00e1 m\u00e1s fr\u00edo - Informe Litoral<\/title>\n<meta name=\"robots\" content=\"index, follow, max-snippet:-1, max-image-preview:large, max-video-preview:-1\" \/>\n<link rel=\"canonical\" href=\"https:\/\/informelitoral.com.ar\/anuncian-posible-inestabilidad-y-desde-el-jueves-hara-mas-frio\/\" \/>\n<meta property=\"og:locale\" content=\"es_ES\" \/>\n<meta property=\"og:type\" content=\"article\" \/>\n<meta property=\"og:title\" content=\"Anuncian posible inestabilidad y desde el jueves har\u00e1 m\u00e1s fr\u00edo - Informe Litoral\" \/>\n<meta property=\"og:description\" content=\"Prevalecer\u00e1 el cielo nublado durante este martes y no descartan lluvias en algunas zonas puntuales. El mi\u00e9rcoles tendr\u00e1 condiciones de tiempo similares y desde el jueves mejorar\u00e1 y prev\u00e9n posibles heladas.\" \/>\n<meta property=\"og:url\" content=\"https:\/\/informelitoral.com.ar\/anuncian-posible-inestabilidad-y-desde-el-jueves-hara-mas-frio\/\" \/>\n<meta property=\"og:site_name\" content=\"Informe Litoral\" \/>\n<meta property=\"article:publisher\" content=\"https:\/\/www.facebook.com\/informelitoral\/\" \/>\n<meta property=\"article:published_time\" content=\"2025-09-02T09:50:12+00:00\" \/>\n<meta property=\"og:image\" content=\"https:\/\/informelitoral.com.ar\/%77%70%2d%63%6f%6e%74%65%6e%74\/uploads\/2023\/09\/tiempo-nublado-nubes_0.jpg\" \/>\n\t<meta property=\"og:image:width\" content=\"1330\" \/>\n\t<meta property=\"og:image:height\" content=\"880\" \/>\n\t<meta property=\"og:image:type\" content=\"image\/jpeg\" \/>\n<meta name=\"author\" content=\"Gonzalo Schmidt\" \/>\n<meta name=\"twitter:card\" content=\"summary_large_image\" \/>\n<meta name=\"twitter:creator\" content=\"@InformeLitoral\" \/>\n<meta name=\"twitter:site\" content=\"@InformeLitoral\" \/>\n<meta name=\"twitter:label1\" content=\"Escrito por\" \/>\n\t<meta name=\"twitter:data1\" content=\"Gonzalo Schmidt\" \/>\n\t<meta name=\"twitter:label2\" content=\"Tiempo de lectura\" \/>\n\t<meta name=\"twitter:data2\" content=\"2 minutos\" \/>\n<script type=\"application\/ld+json\" class=\"yoast-schema-graph\">{\"@context\":\"https:\\\/\\\/schema.org\",\"@graph\":[{\"@type\":\"Article\",\"@id\":\"https:\\\/\\\/informelitoral.com.ar\\\/anuncian-posible-inestabilidad-y-desde-el-jueves-hara-mas-frio\\\/#article\",\"isPartOf\":{\"@id\":\"https:\\\/\\\/informelitoral.com.ar\\\/anuncian-posible-inestabilidad-y-desde-el-jueves-hara-mas-frio\\\/\"},\"author\":{\"name\":\"Gonzalo Schmidt\",\"@id\":\"https:\\\/\\\/informelitoral.com.ar\\\/#\\\/schema\\\/person\\\/b9d00407c836482871ef1d57bf8e3180\"},\"headline\":\"Anuncian posible inestabilidad y desde el jueves har\u00e1 m\u00e1s fr\u00edo\",\"datePublished\":\"2025-09-02T09:50:12+00:00\",\"mainEntityOfPage\":{\"@id\":\"https:\\\/\\\/informelitoral.com.ar\\\/anuncian-posible-inestabilidad-y-desde-el-jueves-hara-mas-frio\\\/\"},\"wordCount\":347,\"commentCount\":0,\"publisher\":{\"@id\":\"https:\\\/\\\/informelitoral.com.ar\\\/#organization\"},\"image\":{\"@id\":\"https:\\\/\\\/informelitoral.com.ar\\\/anuncian-posible-inestabilidad-y-desde-el-jueves-hara-mas-frio\\\/#primaryimage\"},\"thumbnailUrl\":\"https:\\\/\\\/informelitoral.com.ar\\\/%77%70%2d%63%6f%6e%74%65%6e%74\\\/uploads\\\/2023\\\/09\\\/tiempo-nublado-nubes_0.jpg\",\"keywords\":[\"El tiempo\",\"Pron\u00f3stico del tiempo\"],\"articleSection\":[\"Entre R\u00edos\"],\"inLanguage\":\"es\",\"potentialAction\":[{\"@type\":\"CommentAction\",\"name\":\"Comment\",\"target\":[\"https:\\\/\\\/informelitoral.com.ar\\\/anuncian-posible-inestabilidad-y-desde-el-jueves-hara-mas-frio\\\/#respond\"]}]},{\"@type\":\"WebPage\",\"@id\":\"https:\\\/\\\/informelitoral.com.ar\\\/anuncian-posible-inestabilidad-y-desde-el-jueves-hara-mas-frio\\\/\",\"url\":\"https:\\\/\\\/informelitoral.com.ar\\\/anuncian-posible-inestabilidad-y-desde-el-jueves-hara-mas-frio\\\/\",\"name\":\"Anuncian posible inestabilidad y desde el jueves har\u00e1 m\u00e1s fr\u00edo - Informe Litoral\",\"isPartOf\":{\"@id\":\"https:\\\/\\\/informelitoral.com.ar\\\/#website\"},\"primaryImageOfPage\":{\"@id\":\"https:\\\/\\\/informelitoral.com.ar\\\/anuncian-posible-inestabilidad-y-desde-el-jueves-hara-mas-frio\\\/#primaryimage\"},\"image\":{\"@id\":\"https:\\\/\\\/informelitoral.com.ar\\\/anuncian-posible-inestabilidad-y-desde-el-jueves-hara-mas-frio\\\/#primaryimage\"},\"thumbnailUrl\":\"https:\\\/\\\/informelitoral.com.ar\\\/%77%70%2d%63%6f%6e%74%65%6e%74\\\/uploads\\\/2023\\\/09\\\/tiempo-nublado-nubes_0.jpg\",\"datePublished\":\"2025-09-02T09:50:12+00:00\",\"breadcrumb\":{\"@id\":\"https:\\\/\\\/informelitoral.com.ar\\\/anuncian-posible-inestabilidad-y-desde-el-jueves-hara-mas-frio\\\/#breadcrumb\"},\"inLanguage\":\"es\",\"potentialAction\":[{\"@type\":\"ReadAction\",\"target\":[\"https:\\\/\\\/informelitoral.com.ar\\\/anuncian-posible-inestabilidad-y-desde-el-jueves-hara-mas-frio\\\/\"]}]},{\"@type\":\"ImageObject\",\"inLanguage\":\"es\",\"@id\":\"https:\\\/\\\/informelitoral.com.ar\\\/anuncian-posible-inestabilidad-y-desde-el-jueves-hara-mas-frio\\\/#primaryimage\",\"url\":\"https:\\\/\\\/informelitoral.com.ar\\\/%77%70%2d%63%6f%6e%74%65%6e%74\\\/uploads\\\/2023\\\/09\\\/tiempo-nublado-nubes_0.jpg\",\"contentUrl\":\"https:\\\/\\\/informelitoral.com.ar\\\/%77%70%2d%63%6f%6e%74%65%6e%74\\\/uploads\\\/2023\\\/09\\\/tiempo-nublado-nubes_0.jpg\",\"width\":1330,\"height\":880},{\"@type\":\"BreadcrumbList\",\"@id\":\"https:\\\/\\\/informelitoral.com.ar\\\/anuncian-posible-inestabilidad-y-desde-el-jueves-hara-mas-frio\\\/#breadcrumb\",\"itemListElement\":[{\"@type\":\"ListItem\",\"position\":1,\"name\":\"Portada\",\"item\":\"https:\\\/\\\/informelitoral.com.ar\\\/\"},{\"@type\":\"ListItem\",\"position\":2,\"name\":\"Anuncian posible inestabilidad y desde el jueves har\u00e1 m\u00e1s fr\u00edo\"}]},{\"@type\":\"WebSite\",\"@id\":\"https:\\\/\\\/informelitoral.com.ar\\\/#website\",\"url\":\"https:\\\/\\\/informelitoral.com.ar\\\/\",\"name\":\"Informe Litoral\",\"description\":\"&quot;Nos informamos&quot; \",\"publisher\":{\"@id\":\"https:\\\/\\\/informelitoral.com.ar\\\/#organization\"},\"potentialAction\":[{\"@type\":\"SearchAction\",\"target\":{\"@type\":\"EntryPoint\",\"urlTemplate\":\"https:\\\/\\\/informelitoral.com.ar\\\/?s={search_term_string}\"},\"query-input\":{\"@type\":\"PropertyValueSpecification\",\"valueRequired\":true,\"valueName\":\"search_term_string\"}}],\"inLanguage\":\"es\"},{\"@type\":\"Organization\",\"@id\":\"https:\\\/\\\/informelitoral.com.ar\\\/#organization\",\"name\":\"Informe Litoral\",\"url\":\"https:\\\/\\\/informelitoral.com.ar\\\/\",\"logo\":{\"@type\":\"ImageObject\",\"inLanguage\":\"es\",\"@id\":\"https:\\\/\\\/informelitoral.com.ar\\\/#\\\/schema\\\/logo\\\/image\\\/\",\"url\":\"https:\\\/\\\/informelitoral.com.ar\\\/%77%70%2d%63%6f%6e%74%65%6e%74\\\/uploads\\\/2021\\\/01\\\/circulo.png\",\"contentUrl\":\"https:\\\/\\\/informelitoral.com.ar\\\/%77%70%2d%63%6f%6e%74%65%6e%74\\\/uploads\\\/2021\\\/01\\\/circulo.png\",\"width\":723,\"height\":731,\"caption\":\"Informe Litoral\"},\"image\":{\"@id\":\"https:\\\/\\\/informelitoral.com.ar\\\/#\\\/schema\\\/logo\\\/image\\\/\"},\"sameAs\":[\"https:\\\/\\\/www.facebook.com\\\/informelitoral\\\/\",\"https:\\\/\\\/x.com\\\/InformeLitoral\",\"https:\\\/\\\/www.instagram.com\\\/informelitoral\\\/\",\"https:\\\/\\\/www.youtube.com\\\/channel\\\/UCua4Qvz8Icb6MYqhoq9xLXw\"]},{\"@type\":\"Person\",\"@id\":\"https:\\\/\\\/informelitoral.com.ar\\\/#\\\/schema\\\/person\\\/b9d00407c836482871ef1d57bf8e3180\",\"name\":\"Gonzalo Schmidt\",\"image\":{\"@type\":\"ImageObject\",\"inLanguage\":\"es\",\"@id\":\"https:\\\/\\\/secure.gravatar.com\\\/avatar\\\/31a1a7b66ff2de83bd0e9fd79d026630d2d99e55e8bfe501287647b4fd9743de?s=96&d=mm&r=g\",\"url\":\"https:\\\/\\\/secure.gravatar.com\\\/avatar\\\/31a1a7b66ff2de83bd0e9fd79d026630d2d99e55e8bfe501287647b4fd9743de?s=96&d=mm&r=g\",\"contentUrl\":\"https:\\\/\\\/secure.gravatar.com\\\/avatar\\\/31a1a7b66ff2de83bd0e9fd79d026630d2d99e55e8bfe501287647b4fd9743de?s=96&d=mm&r=g\",\"caption\":\"Gonzalo Schmidt\"},\"description\":\"Sitio web de noticias de la provincia de Entre R\u00edos, Argentina. Informaci\u00f3n y entretenimiento. Informe Litoral, nos informamos.\",\"sameAs\":[\"http:\\\/\\\/www.isletasnoticias.com.ar\"],\"url\":\"https:\\\/\\\/informelitoral.com.ar\\\/author\\\/gonzalo\\\/\"}]}<\/script>","yoast_head_json":{"title":"Anuncian posible inestabilidad y desde el jueves har\u00e1 m\u00e1s fr\u00edo - Informe Litoral","robots":{"index":"index","follow":"follow","max-snippet":"max-snippet:-1","max-image-preview":"max-image-preview:large","max-video-preview":"max-video-preview:-1"},"canonical":"https:\/\/informelitoral.com.ar\/anuncian-posible-inestabilidad-y-desde-el-jueves-hara-mas-frio\/","og_locale":"es_ES","og_type":"article","og_title":"Anuncian posible inestabilidad y desde el jueves har\u00e1 m\u00e1s fr\u00edo - Informe Litoral","og_description":"Prevalecer\u00e1 el cielo nublado durante este martes y no descartan lluvias en algunas zonas puntuales. El mi\u00e9rcoles tendr\u00e1 condiciones de tiempo similares y desde el jueves mejorar\u00e1 y prev\u00e9n posibles heladas.","og_url":"https:\/\/informelitoral.com.ar\/anuncian-posible-inestabilidad-y-desde-el-jueves-hara-mas-frio\/","og_site_name":"Informe Litoral","article_publisher":"https:\/\/www.facebook.com\/informelitoral\/","article_published_time":"2025-09-02T09:50:12+00:00","og_image":[{"width":1330,"height":880,"url":"https:\/\/informelitoral.com.ar\/%77%70%2d%63%6f%6e%74%65%6e%74\/uploads\/2023\/09\/tiempo-nublado-nubes_0.jpg","type":"image\/jpeg"}],"author":"Gonzalo Schmidt","twitter_card":"summary_large_image","twitter_creator":"@InformeLitoral","twitter_site":"@InformeLitoral","twitter_misc":{"Escrito por":"Gonzalo Schmidt","Tiempo de lectura":"2 minutos"},"schema":{"@context":"https:\/\/schema.org","@graph":[{"@type":"Article","@id":"https:\/\/informelitoral.com.ar\/anuncian-posible-inestabilidad-y-desde-el-jueves-hara-mas-frio\/#article","isPartOf":{"@id":"https:\/\/informelitoral.com.ar\/anuncian-posible-inestabilidad-y-desde-el-jueves-hara-mas-frio\/"},"author":{"name":"Gonzalo Schmidt","@id":"https:\/\/informelitoral.com.ar\/#\/schema\/person\/b9d00407c836482871ef1d57bf8e3180"},"headline":"Anuncian posible inestabilidad y desde el jueves har\u00e1 m\u00e1s fr\u00edo","datePublished":"2025-09-02T09:50:12+00:00","mainEntityOfPage":{"@id":"https:\/\/informelitoral.com.ar\/anuncian-posible-inestabilidad-y-desde-el-jueves-hara-mas-frio\/"},"wordCount":347,"commentCount":0,"publisher":{"@id":"https:\/\/informelitoral.com.ar\/#organization"},"image":{"@id":"https:\/\/informelitoral.com.ar\/anuncian-posible-inestabilidad-y-desde-el-jueves-hara-mas-frio\/#primaryimage"},"thumbnailUrl":"https:\/\/informelitoral.com.ar\/%77%70%2d%63%6f%6e%74%65%6e%74\/uploads\/2023\/09\/tiempo-nublado-nubes_0.jpg","keywords":["El tiempo","Pron\u00f3stico del tiempo"],"articleSection":["Entre R\u00edos"],"inLanguage":"es","potentialAction":[{"@type":"CommentAction","name":"Comment","target":["https:\/\/informelitoral.com.ar\/anuncian-posible-inestabilidad-y-desde-el-jueves-hara-mas-frio\/#respond"]}]},{"@type":"WebPage","@id":"https:\/\/informelitoral.com.ar\/anuncian-posible-inestabilidad-y-desde-el-jueves-hara-mas-frio\/","url":"https:\/\/informelitoral.com.ar\/anuncian-posible-inestabilidad-y-desde-el-jueves-hara-mas-frio\/","name":"Anuncian posible inestabilidad y desde el jueves har\u00e1 m\u00e1s fr\u00edo - Informe Litoral","isPartOf":{"@id":"https:\/\/informelitoral.com.ar\/#website"},"primaryImageOfPage":{"@id":"https:\/\/informelitoral.com.ar\/anuncian-posible-inestabilidad-y-desde-el-jueves-hara-mas-frio\/#primaryimage"},"image":{"@id":"https:\/\/informelitoral.com.ar\/anuncian-posible-inestabilidad-y-desde-el-jueves-hara-mas-frio\/#primaryimage"},"thumbnailUrl":"https:\/\/informelitoral.com.ar\/%77%70%2d%63%6f%6e%74%65%6e%74\/uploads\/2023\/09\/tiempo-nublado-nubes_0.jpg","datePublished":"2025-09-02T09:50:12+00:00","breadcrumb":{"@id":"https:\/\/informelitoral.com.ar\/anuncian-posible-inestabilidad-y-desde-el-jueves-hara-mas-frio\/#breadcrumb"},"inLanguage":"es","potentialAction":[{"@type":"ReadAction","target":["https:\/\/informelitoral.com.ar\/anuncian-posible-inestabilidad-y-desde-el-jueves-hara-mas-frio\/"]}]},{"@type":"ImageObject","inLanguage":"es","@id":"https:\/\/informelitoral.com.ar\/anuncian-posible-inestabilidad-y-desde-el-jueves-hara-mas-frio\/#primaryimage","url":"https:\/\/informelitoral.com.ar\/%77%70%2d%63%6f%6e%74%65%6e%74\/uploads\/2023\/09\/tiempo-nublado-nubes_0.jpg","contentUrl":"https:\/\/informelitoral.com.ar\/%77%70%2d%63%6f%6e%74%65%6e%74\/uploads\/2023\/09\/tiempo-nublado-nubes_0.jpg","width":1330,"height":880},{"@type":"BreadcrumbList","@id":"https:\/\/informelitoral.com.ar\/anuncian-posible-inestabilidad-y-desde-el-jueves-hara-mas-frio\/#breadcrumb","itemListElement":[{"@type":"ListItem","position":1,"name":"Portada","item":"https:\/\/informelitoral.com.ar\/"},{"@type":"ListItem","position":2,"name":"Anuncian posible inestabilidad y desde el jueves har\u00e1 m\u00e1s fr\u00edo"}]},{"@type":"WebSite","@id":"https:\/\/informelitoral.com.ar\/#website","url":"https:\/\/informelitoral.com.ar\/","name":"Informe Litoral","description":"&quot;Nos informamos&quot; ","publisher":{"@id":"https:\/\/informelitoral.com.ar\/#organization"},"potentialAction":[{"@type":"SearchAction","target":{"@type":"EntryPoint","urlTemplate":"https:\/\/informelitoral.com.ar\/?s={search_term_string}"},"query-input":{"@type":"PropertyValueSpecification","valueRequired":true,"valueName":"search_term_string"}}],"inLanguage":"es"},{"@type":"Organization","@id":"https:\/\/informelitoral.com.ar\/#organization","name":"Informe Litoral","url":"https:\/\/informelitoral.com.ar\/","logo":{"@type":"ImageObject","inLanguage":"es","@id":"https:\/\/informelitoral.com.ar\/#\/schema\/logo\/image\/","url":"https:\/\/informelitoral.com.ar\/%77%70%2d%63%6f%6e%74%65%6e%74\/uploads\/2021\/01\/circulo.png","contentUrl":"https:\/\/informelitoral.com.ar\/%77%70%2d%63%6f%6e%74%65%6e%74\/uploads\/2021\/01\/circulo.png","width":723,"height":731,"caption":"Informe Litoral"},"image":{"@id":"https:\/\/informelitoral.com.ar\/#\/schema\/logo\/image\/"},"sameAs":["https:\/\/www.facebook.com\/informelitoral\/","https:\/\/x.com\/InformeLitoral","https:\/\/www.instagram.com\/informelitoral\/","https:\/\/www.youtube.com\/channel\/UCua4Qvz8Icb6MYqhoq9xLXw"]},{"@type":"Person","@id":"https:\/\/informelitoral.com.ar\/#\/schema\/person\/b9d00407c836482871ef1d57bf8e3180","name":"Gonzalo Schmidt","image":{"@type":"ImageObject","inLanguage":"es","@id":"https:\/\/secure.gravatar.com\/avatar\/31a1a7b66ff2de83bd0e9fd79d026630d2d99e55e8bfe501287647b4fd9743de?s=96&d=mm&r=g","url":"https:\/\/secure.gravatar.com\/avatar\/31a1a7b66ff2de83bd0e9fd79d026630d2d99e55e8bfe501287647b4fd9743de?s=96&d=mm&r=g","contentUrl":"https:\/\/secure.gravatar.com\/avatar\/31a1a7b66ff2de83bd0e9fd79d026630d2d99e55e8bfe501287647b4fd9743de?s=96&d=mm&r=g","caption":"Gonzalo Schmidt"},"description":"Sitio web de noticias de la provincia de Entre R\u00edos, Argentina. Informaci\u00f3n y entretenimiento. Informe Litoral, nos informamos.","sameAs":["http:\/\/www.isletasnoticias.com.ar"],"url":"https:\/\/informelitoral.com.ar\/author\/gonzalo\/"}]}},"_links":{"self":[{"href":"https:\/\/informelitoral.com.ar\/%77%70%2d%6a%73%6f%6e\/wp\/v2\/posts\/232587","targetHints":{"allow":["GET"]}}],"collection":[{"href":"https:\/\/informelitoral.com.ar\/%77%70%2d%6a%73%6f%6e\/wp\/v2\/posts"}],"about":[{"href":"https:\/\/informelitoral.com.ar\/%77%70%2d%6a%73%6f%6e\/wp\/v2\/types\/post"}],"author":[{"embeddable":true,"href":"https:\/\/informelitoral.com.ar\/%77%70%2d%6a%73%6f%6e\/wp\/v2\/users\/2"}],"replies":[{"embeddable":true,"href":"https:\/\/informelitoral.com.ar\/%77%70%2d%6a%73%6f%6e\/wp\/v2\/comments?post=232587"}],"version-history":[{"count":1,"href":"https:\/\/informelitoral.com.ar\/%77%70%2d%6a%73%6f%6e\/wp\/v2\/posts\/232587\/revisions"}],"predecessor-version":[{"id":232588,"href":"https:\/\/informelitoral.com.ar\/%77%70%2d%6a%73%6f%6e\/wp\/v2\/posts\/232587\/revisions\/232588"}],"wp:featuredmedia":[{"embeddable":true,"href":"https:\/\/informelitoral.com.ar\/%77%70%2d%6a%73%6f%6e\/wp\/v2\/media\/165513"}],"wp:attachment":[{"href":"https:\/\/informelitoral.com.ar\/%77%70%2d%6a%73%6f%6e\/wp\/v2\/media?parent=232587"}],"wp:term":[{"taxonomy":"category","embeddable":true,"href":"https:\/\/informelitoral.com.ar\/%77%70%2d%6a%73%6f%6e\/wp\/v2\/categories?post=232587"},{"taxonomy":"post_tag","embeddable":true,"href":"https:\/\/informelitoral.com.ar\/%77%70%2d%6a%73%6f%6e\/wp\/v2\/tags?post=232587"}],"curies":[{"name":"wp","href":"https:\/\/api.w.org\/{rel}","templated":true}]}}