{"id":2325,"date":"2013-07-03T18:06:09","date_gmt":"2013-07-03T21:06:09","guid":{"rendered":"http:\/\/www.isletasnoticias.com.ar\/?p=2325"},"modified":"2013-07-03T18:06:09","modified_gmt":"2013-07-03T21:06:09","slug":"creciente-del-rio-parana-preparan-la-evacuacion-del-ganado","status":"publish","type":"post","link":"https:\/\/informelitoral.com.ar\/creciente-del-rio-parana-preparan-la-evacuacion-del-ganado\/","title":{"rendered":"Creciente del R\u00edo Paran\u00e1: preparan la evacuaci\u00f3n del ganado"},"content":{"rendered":"<div>\n<div><strong>\u00a0 Se prev\u00e9 que la creciente del r\u00edo Paran\u00e1 tenga importancia fundamentalmente al sur de Diamante y Victoria. Como prevenci\u00f3n, se organiza la evacuaci\u00f3n del ganado de las islas de Diamante, seg\u00fan expres\u00f3 Leonardo Airaldi.<\/strong><\/div>\n<div><\/div>\n<div><a href=\"http:\/\/www.isletasnoticias.com.ar\/%77%70%2d%63%6f%6e%74%65%6e%74\/uploads\/2013\/07\/evacuacion.jpg\"><img loading=\"lazy\" decoding=\"async\" class=\"size-medium wp-image-2326 aligncenter\" alt=\"evacuacion\" src=\"http:\/\/www.isletasnoticias.com.ar\/%77%70%2d%63%6f%6e%74%65%6e%74\/uploads\/2013\/07\/evacuacion-300x116.jpg\" width=\"300\" height=\"116\" srcset=\"https:\/\/informelitoral.com.ar\/%77%70%2d%63%6f%6e%74%65%6e%74\/uploads\/2013\/07\/evacuacion-300x116.jpg 300w, https:\/\/informelitoral.com.ar\/%77%70%2d%63%6f%6e%74%65%6e%74\/uploads\/2013\/07\/evacuacion.jpg 620w\" sizes=\"auto, (max-width: 300px) 100vw, 300px\" \/><\/a><\/div>\n<div>En plena recorrida por la zona de islas del departamento Diamante junto a representantes del Ej\u00e9rcito Argentino, el presidente de la Sociedad Rural de Diamante<strong> Leonardo Airaldi<\/strong> coment\u00f3 a <em>Campo en Acci\u00f3n<\/em> que se est\u00e1 planificando por donde pueden transitar las balsas. \u201cDesde nuestra entidad hemos gestionado a trav\u00e9s del gobierno provincial con el Ejercito las tres balsas que estar\u00edan llegando el fin de semana a Diamante\u201d.<\/div>\n<div><\/div>\n<div>Acerca del encuentro realizado en el gabinete provincial con la participaci\u00f3n de los intendentes de la costa del Paran\u00e1, miembros de Prefectura y el Ej\u00e9rcito, Airaldi coment\u00f3: \u201cFundamentalmente se busc\u00f3 acordar medidas ante la creciente del r\u00edo Paran\u00e1, cuestiones sobre la salud, la cantidad de personas que viven sobre la costa y en zona de islas para poder evacuarlos en tiempo y forma. Los productores pedimos con urgencia las balsas del Ej\u00e9rcito para poder sacar los animales, ya que como todos conocemos el delta comienza en el departamento Diamante\u201d.<\/p>\n<p>Seg\u00fan el titular de la Rural de Diamante, \u201ctenemos alrededor de 65.000 cabezas que sacar en el departamento Diamante y solamente tres barcos. Si estas barcazas estar\u00edan trabajando las 24 horas se demorar\u00edan dos meses para extraer toda la hacienda, por ende no nos alcanza. Por ello estamos intentando gestionar las balsas del Ej\u00e9rcito, a pesar de que tiene un costo muy grande de movimiento de traslado, estamos esperando que la provincia declare la emergencia para poder movilizar\u201d.<\/p>\n<p>\u201cEsto nos afecta, es una muy mala \u00e9poca. Es una creciente que no la esper\u00e1bamos. En esta \u00e9poca del a\u00f1o, justamente hay que alivianar las islas por la falta de pasto tras las heladas\u201d sostuvo Airaldi.<\/p>\n<p>Por su parte, el Director General de Ganader\u00eda, Roberto Montesino, se\u00f1al\u00f3 a Campo en Acci\u00f3n que \u201cde acuerdo a los informes del Instituto Nacional del Agua estar\u00edamos teniendo el pico de creciente en la zona de Victoria para alrededor del 20 de julio. Estamos trabajando con los municipios, instituciones y productores para tomar las precauciones y sacar los animales de las islas, tratando de minimizar las p\u00e9rdidas de ganado\u201d.<\/p><\/div>\n<\/div>\n<p>Fuente: Campo en Acci\u00f3n<\/p>\n","protected":false},"excerpt":{"rendered":"<p>&nbsp; Se prev&eacute; que la creciente del r&iacute;o Paran&aacute; tenga importancia fundamentalmente al sur de Diamante y Victoria. Como prevenci&oacute;n, se organiza la evacuaci&oacute;n del ganado de las islas de Diamante, seg&uacute;n expres&oacute; Leonardo Airaldi. En plena recorrida por la zona de islas del departamento Diamante junto a representantes del Ej&eacute;rcito Argentino, el presidente de [&hellip;]<\/p>\n","protected":false},"author":2,"featured_media":0,"comment_status":"open","ping_status":"open","sticky":false,"template":"","format":"standard","meta":{"fifu_image_url":"","fifu_image_alt":"","footnotes":""},"categories":[10,5],"tags":[],"class_list":{"0":"post-2325","1":"post","2":"type-post","3":"status-publish","4":"format-standard","6":"category-campo","7":"category-zonales"},"yoast_head":"<title>Creciente del R\u00edo Paran\u00e1: preparan la evacuaci\u00f3n del ganado - Informe Litoral<\/title>\n<meta name=\"robots\" content=\"index, follow, max-snippet:-1, max-image-preview:large, max-video-preview:-1\" \/>\n<link rel=\"canonical\" href=\"https:\/\/informelitoral.com.ar\/creciente-del-rio-parana-preparan-la-evacuacion-del-ganado\/\" \/>\n<meta property=\"og:locale\" content=\"es_ES\" \/>\n<meta property=\"og:type\" content=\"article\" \/>\n<meta property=\"og:title\" content=\"Creciente del R\u00edo Paran\u00e1: preparan la evacuaci\u00f3n del ganado - Informe Litoral\" \/>\n<meta property=\"og:description\" content=\"&nbsp; Se prev&eacute; que la creciente del r&iacute;o Paran&aacute; tenga importancia fundamentalmente al sur de Diamante y Victoria. Como prevenci&oacute;n, se organiza la evacuaci&oacute;n del ganado de las islas de Diamante, seg&uacute;n expres&oacute; Leonardo Airaldi. En plena recorrida por la zona de islas del departamento Diamante junto a representantes del Ej&eacute;rcito Argentino, el presidente de [&hellip;]\" \/>\n<meta property=\"og:url\" content=\"https:\/\/informelitoral.com.ar\/creciente-del-rio-parana-preparan-la-evacuacion-del-ganado\/\" \/>\n<meta property=\"og:site_name\" content=\"Informe Litoral\" \/>\n<meta property=\"article:publisher\" content=\"https:\/\/www.facebook.com\/informelitoral\/\" \/>\n<meta property=\"article:published_time\" content=\"2013-07-03T21:06:09+00:00\" \/>\n<meta property=\"og:image\" content=\"https:\/\/informelitoral.com.ar\/%77%70%2d%63%6f%6e%74%65%6e%74\/uploads\/2013\/07\/evacuacion.jpg\" \/>\n\t<meta property=\"og:image:width\" content=\"620\" \/>\n\t<meta property=\"og:image:height\" content=\"240\" \/>\n\t<meta property=\"og:image:type\" content=\"image\/jpeg\" \/>\n<meta name=\"author\" content=\"Gonzalo Schmidt\" \/>\n<meta name=\"twitter:card\" content=\"summary_large_image\" \/>\n<meta name=\"twitter:creator\" content=\"@InformeLitoral\" \/>\n<meta name=\"twitter:site\" content=\"@InformeLitoral\" \/>\n<meta name=\"twitter:label1\" content=\"Escrito por\" \/>\n\t<meta name=\"twitter:data1\" content=\"Gonzalo Schmidt\" \/>\n\t<meta name=\"twitter:label2\" content=\"Tiempo de lectura\" \/>\n\t<meta name=\"twitter:data2\" content=\"2 minutos\" \/>\n<script type=\"application\/ld+json\" class=\"yoast-schema-graph\">{\"@context\":\"https:\\\/\\\/schema.org\",\"@graph\":[{\"@type\":\"Article\",\"@id\":\"https:\\\/\\\/informelitoral.com.ar\\\/creciente-del-rio-parana-preparan-la-evacuacion-del-ganado\\\/#article\",\"isPartOf\":{\"@id\":\"https:\\\/\\\/informelitoral.com.ar\\\/creciente-del-rio-parana-preparan-la-evacuacion-del-ganado\\\/\"},\"author\":{\"name\":\"Gonzalo Schmidt\",\"@id\":\"https:\\\/\\\/informelitoral.com.ar\\\/#\\\/schema\\\/person\\\/b9d00407c836482871ef1d57bf8e3180\"},\"headline\":\"Creciente del R\u00edo Paran\u00e1: preparan la evacuaci\u00f3n del ganado\",\"datePublished\":\"2013-07-03T21:06:09+00:00\",\"mainEntityOfPage\":{\"@id\":\"https:\\\/\\\/informelitoral.com.ar\\\/creciente-del-rio-parana-preparan-la-evacuacion-del-ganado\\\/\"},\"wordCount\":409,\"commentCount\":0,\"publisher\":{\"@id\":\"https:\\\/\\\/informelitoral.com.ar\\\/#organization\"},\"image\":{\"@id\":\"https:\\\/\\\/informelitoral.com.ar\\\/creciente-del-rio-parana-preparan-la-evacuacion-del-ganado\\\/#primaryimage\"},\"thumbnailUrl\":\"http:\\\/\\\/www.isletasnoticias.com.ar\\\/%77%70%2d%63%6f%6e%74%65%6e%74\\\/uploads\\\/2013\\\/07\\\/evacuacion-300x116.jpg\",\"articleSection\":[\"Campo\",\"Departamento Diamante\"],\"inLanguage\":\"es\",\"potentialAction\":[{\"@type\":\"CommentAction\",\"name\":\"Comment\",\"target\":[\"https:\\\/\\\/informelitoral.com.ar\\\/creciente-del-rio-parana-preparan-la-evacuacion-del-ganado\\\/#respond\"]}]},{\"@type\":\"WebPage\",\"@id\":\"https:\\\/\\\/informelitoral.com.ar\\\/creciente-del-rio-parana-preparan-la-evacuacion-del-ganado\\\/\",\"url\":\"https:\\\/\\\/informelitoral.com.ar\\\/creciente-del-rio-parana-preparan-la-evacuacion-del-ganado\\\/\",\"name\":\"Creciente del R\u00edo Paran\u00e1: preparan la evacuaci\u00f3n del ganado - Informe Litoral\",\"isPartOf\":{\"@id\":\"https:\\\/\\\/informelitoral.com.ar\\\/#website\"},\"primaryImageOfPage\":{\"@id\":\"https:\\\/\\\/informelitoral.com.ar\\\/creciente-del-rio-parana-preparan-la-evacuacion-del-ganado\\\/#primaryimage\"},\"image\":{\"@id\":\"https:\\\/\\\/informelitoral.com.ar\\\/creciente-del-rio-parana-preparan-la-evacuacion-del-ganado\\\/#primaryimage\"},\"thumbnailUrl\":\"http:\\\/\\\/www.isletasnoticias.com.ar\\\/%77%70%2d%63%6f%6e%74%65%6e%74\\\/uploads\\\/2013\\\/07\\\/evacuacion-300x116.jpg\",\"datePublished\":\"2013-07-03T21:06:09+00:00\",\"breadcrumb\":{\"@id\":\"https:\\\/\\\/informelitoral.com.ar\\\/creciente-del-rio-parana-preparan-la-evacuacion-del-ganado\\\/#breadcrumb\"},\"inLanguage\":\"es\",\"potentialAction\":[{\"@type\":\"ReadAction\",\"target\":[\"https:\\\/\\\/informelitoral.com.ar\\\/creciente-del-rio-parana-preparan-la-evacuacion-del-ganado\\\/\"]}]},{\"@type\":\"ImageObject\",\"inLanguage\":\"es\",\"@id\":\"https:\\\/\\\/informelitoral.com.ar\\\/creciente-del-rio-parana-preparan-la-evacuacion-del-ganado\\\/#primaryimage\",\"url\":\"http:\\\/\\\/www.isletasnoticias.com.ar\\\/%77%70%2d%63%6f%6e%74%65%6e%74\\\/uploads\\\/2013\\\/07\\\/evacuacion-300x116.jpg\",\"contentUrl\":\"http:\\\/\\\/www.isletasnoticias.com.ar\\\/%77%70%2d%63%6f%6e%74%65%6e%74\\\/uploads\\\/2013\\\/07\\\/evacuacion-300x116.jpg\"},{\"@type\":\"BreadcrumbList\",\"@id\":\"https:\\\/\\\/informelitoral.com.ar\\\/creciente-del-rio-parana-preparan-la-evacuacion-del-ganado\\\/#breadcrumb\",\"itemListElement\":[{\"@type\":\"ListItem\",\"position\":1,\"name\":\"Portada\",\"item\":\"https:\\\/\\\/informelitoral.com.ar\\\/\"},{\"@type\":\"ListItem\",\"position\":2,\"name\":\"Creciente del R\u00edo Paran\u00e1: preparan la evacuaci\u00f3n del ganado\"}]},{\"@type\":\"WebSite\",\"@id\":\"https:\\\/\\\/informelitoral.com.ar\\\/#website\",\"url\":\"https:\\\/\\\/informelitoral.com.ar\\\/\",\"name\":\"Informe Litoral\",\"description\":\"&quot;Nos informamos&quot; \",\"publisher\":{\"@id\":\"https:\\\/\\\/informelitoral.com.ar\\\/#organization\"},\"potentialAction\":[{\"@type\":\"SearchAction\",\"target\":{\"@type\":\"EntryPoint\",\"urlTemplate\":\"https:\\\/\\\/informelitoral.com.ar\\\/?s={search_term_string}\"},\"query-input\":{\"@type\":\"PropertyValueSpecification\",\"valueRequired\":true,\"valueName\":\"search_term_string\"}}],\"inLanguage\":\"es\"},{\"@type\":\"Organization\",\"@id\":\"https:\\\/\\\/informelitoral.com.ar\\\/#organization\",\"name\":\"Informe Litoral\",\"url\":\"https:\\\/\\\/informelitoral.com.ar\\\/\",\"logo\":{\"@type\":\"ImageObject\",\"inLanguage\":\"es\",\"@id\":\"https:\\\/\\\/informelitoral.com.ar\\\/#\\\/schema\\\/logo\\\/image\\\/\",\"url\":\"https:\\\/\\\/informelitoral.com.ar\\\/%77%70%2d%63%6f%6e%74%65%6e%74\\\/uploads\\\/2021\\\/01\\\/circulo.png\",\"contentUrl\":\"https:\\\/\\\/informelitoral.com.ar\\\/%77%70%2d%63%6f%6e%74%65%6e%74\\\/uploads\\\/2021\\\/01\\\/circulo.png\",\"width\":723,\"height\":731,\"caption\":\"Informe Litoral\"},\"image\":{\"@id\":\"https:\\\/\\\/informelitoral.com.ar\\\/#\\\/schema\\\/logo\\\/image\\\/\"},\"sameAs\":[\"https:\\\/\\\/www.facebook.com\\\/informelitoral\\\/\",\"https:\\\/\\\/x.com\\\/InformeLitoral\",\"https:\\\/\\\/www.instagram.com\\\/informelitoral\\\/\",\"https:\\\/\\\/www.youtube.com\\\/channel\\\/UCua4Qvz8Icb6MYqhoq9xLXw\"]},{\"@type\":\"Person\",\"@id\":\"https:\\\/\\\/informelitoral.com.ar\\\/#\\\/schema\\\/person\\\/b9d00407c836482871ef1d57bf8e3180\",\"name\":\"Gonzalo Schmidt\",\"image\":{\"@type\":\"ImageObject\",\"inLanguage\":\"es\",\"@id\":\"https:\\\/\\\/secure.gravatar.com\\\/avatar\\\/31a1a7b66ff2de83bd0e9fd79d026630d2d99e55e8bfe501287647b4fd9743de?s=96&d=mm&r=g\",\"url\":\"https:\\\/\\\/secure.gravatar.com\\\/avatar\\\/31a1a7b66ff2de83bd0e9fd79d026630d2d99e55e8bfe501287647b4fd9743de?s=96&d=mm&r=g\",\"contentUrl\":\"https:\\\/\\\/secure.gravatar.com\\\/avatar\\\/31a1a7b66ff2de83bd0e9fd79d026630d2d99e55e8bfe501287647b4fd9743de?s=96&d=mm&r=g\",\"caption\":\"Gonzalo Schmidt\"},\"description\":\"Sitio web de noticias de la provincia de Entre R\u00edos, Argentina. Informaci\u00f3n y entretenimiento. Informe Litoral, nos informamos.\",\"sameAs\":[\"http:\\\/\\\/www.isletasnoticias.com.ar\"],\"url\":\"https:\\\/\\\/informelitoral.com.ar\\\/author\\\/gonzalo\\\/\"}]}<\/script>","yoast_head_json":{"title":"Creciente del R\u00edo Paran\u00e1: preparan la evacuaci\u00f3n del ganado - Informe Litoral","robots":{"index":"index","follow":"follow","max-snippet":"max-snippet:-1","max-image-preview":"max-image-preview:large","max-video-preview":"max-video-preview:-1"},"canonical":"https:\/\/informelitoral.com.ar\/creciente-del-rio-parana-preparan-la-evacuacion-del-ganado\/","og_locale":"es_ES","og_type":"article","og_title":"Creciente del R\u00edo Paran\u00e1: preparan la evacuaci\u00f3n del ganado - Informe Litoral","og_description":"&nbsp; Se prev&eacute; que la creciente del r&iacute;o Paran&aacute; tenga importancia fundamentalmente al sur de Diamante y Victoria. Como prevenci&oacute;n, se organiza la evacuaci&oacute;n del ganado de las islas de Diamante, seg&uacute;n expres&oacute; Leonardo Airaldi. En plena recorrida por la zona de islas del departamento Diamante junto a representantes del Ej&eacute;rcito Argentino, el presidente de [&hellip;]","og_url":"https:\/\/informelitoral.com.ar\/creciente-del-rio-parana-preparan-la-evacuacion-del-ganado\/","og_site_name":"Informe Litoral","article_publisher":"https:\/\/www.facebook.com\/informelitoral\/","article_published_time":"2013-07-03T21:06:09+00:00","og_image":[{"width":620,"height":240,"url":"https:\/\/informelitoral.com.ar\/%77%70%2d%63%6f%6e%74%65%6e%74\/uploads\/2013\/07\/evacuacion.jpg","type":"image\/jpeg"}],"author":"Gonzalo Schmidt","twitter_card":"summary_large_image","twitter_creator":"@InformeLitoral","twitter_site":"@InformeLitoral","twitter_misc":{"Escrito por":"Gonzalo Schmidt","Tiempo de lectura":"2 minutos"},"schema":{"@context":"https:\/\/schema.org","@graph":[{"@type":"Article","@id":"https:\/\/informelitoral.com.ar\/creciente-del-rio-parana-preparan-la-evacuacion-del-ganado\/#article","isPartOf":{"@id":"https:\/\/informelitoral.com.ar\/creciente-del-rio-parana-preparan-la-evacuacion-del-ganado\/"},"author":{"name":"Gonzalo Schmidt","@id":"https:\/\/informelitoral.com.ar\/#\/schema\/person\/b9d00407c836482871ef1d57bf8e3180"},"headline":"Creciente del R\u00edo Paran\u00e1: preparan la evacuaci\u00f3n del ganado","datePublished":"2013-07-03T21:06:09+00:00","mainEntityOfPage":{"@id":"https:\/\/informelitoral.com.ar\/creciente-del-rio-parana-preparan-la-evacuacion-del-ganado\/"},"wordCount":409,"commentCount":0,"publisher":{"@id":"https:\/\/informelitoral.com.ar\/#organization"},"image":{"@id":"https:\/\/informelitoral.com.ar\/creciente-del-rio-parana-preparan-la-evacuacion-del-ganado\/#primaryimage"},"thumbnailUrl":"http:\/\/www.isletasnoticias.com.ar\/%77%70%2d%63%6f%6e%74%65%6e%74\/uploads\/2013\/07\/evacuacion-300x116.jpg","articleSection":["Campo","Departamento Diamante"],"inLanguage":"es","potentialAction":[{"@type":"CommentAction","name":"Comment","target":["https:\/\/informelitoral.com.ar\/creciente-del-rio-parana-preparan-la-evacuacion-del-ganado\/#respond"]}]},{"@type":"WebPage","@id":"https:\/\/informelitoral.com.ar\/creciente-del-rio-parana-preparan-la-evacuacion-del-ganado\/","url":"https:\/\/informelitoral.com.ar\/creciente-del-rio-parana-preparan-la-evacuacion-del-ganado\/","name":"Creciente del R\u00edo Paran\u00e1: preparan la evacuaci\u00f3n del ganado - Informe Litoral","isPartOf":{"@id":"https:\/\/informelitoral.com.ar\/#website"},"primaryImageOfPage":{"@id":"https:\/\/informelitoral.com.ar\/creciente-del-rio-parana-preparan-la-evacuacion-del-ganado\/#primaryimage"},"image":{"@id":"https:\/\/informelitoral.com.ar\/creciente-del-rio-parana-preparan-la-evacuacion-del-ganado\/#primaryimage"},"thumbnailUrl":"http:\/\/www.isletasnoticias.com.ar\/%77%70%2d%63%6f%6e%74%65%6e%74\/uploads\/2013\/07\/evacuacion-300x116.jpg","datePublished":"2013-07-03T21:06:09+00:00","breadcrumb":{"@id":"https:\/\/informelitoral.com.ar\/creciente-del-rio-parana-preparan-la-evacuacion-del-ganado\/#breadcrumb"},"inLanguage":"es","potentialAction":[{"@type":"ReadAction","target":["https:\/\/informelitoral.com.ar\/creciente-del-rio-parana-preparan-la-evacuacion-del-ganado\/"]}]},{"@type":"ImageObject","inLanguage":"es","@id":"https:\/\/informelitoral.com.ar\/creciente-del-rio-parana-preparan-la-evacuacion-del-ganado\/#primaryimage","url":"http:\/\/www.isletasnoticias.com.ar\/%77%70%2d%63%6f%6e%74%65%6e%74\/uploads\/2013\/07\/evacuacion-300x116.jpg","contentUrl":"http:\/\/www.isletasnoticias.com.ar\/%77%70%2d%63%6f%6e%74%65%6e%74\/uploads\/2013\/07\/evacuacion-300x116.jpg"},{"@type":"BreadcrumbList","@id":"https:\/\/informelitoral.com.ar\/creciente-del-rio-parana-preparan-la-evacuacion-del-ganado\/#breadcrumb","itemListElement":[{"@type":"ListItem","position":1,"name":"Portada","item":"https:\/\/informelitoral.com.ar\/"},{"@type":"ListItem","position":2,"name":"Creciente del R\u00edo Paran\u00e1: preparan la evacuaci\u00f3n del ganado"}]},{"@type":"WebSite","@id":"https:\/\/informelitoral.com.ar\/#website","url":"https:\/\/informelitoral.com.ar\/","name":"Informe Litoral","description":"&quot;Nos informamos&quot; ","publisher":{"@id":"https:\/\/informelitoral.com.ar\/#organization"},"potentialAction":[{"@type":"SearchAction","target":{"@type":"EntryPoint","urlTemplate":"https:\/\/informelitoral.com.ar\/?s={search_term_string}"},"query-input":{"@type":"PropertyValueSpecification","valueRequired":true,"valueName":"search_term_string"}}],"inLanguage":"es"},{"@type":"Organization","@id":"https:\/\/informelitoral.com.ar\/#organization","name":"Informe Litoral","url":"https:\/\/informelitoral.com.ar\/","logo":{"@type":"ImageObject","inLanguage":"es","@id":"https:\/\/informelitoral.com.ar\/#\/schema\/logo\/image\/","url":"https:\/\/informelitoral.com.ar\/%77%70%2d%63%6f%6e%74%65%6e%74\/uploads\/2021\/01\/circulo.png","contentUrl":"https:\/\/informelitoral.com.ar\/%77%70%2d%63%6f%6e%74%65%6e%74\/uploads\/2021\/01\/circulo.png","width":723,"height":731,"caption":"Informe Litoral"},"image":{"@id":"https:\/\/informelitoral.com.ar\/#\/schema\/logo\/image\/"},"sameAs":["https:\/\/www.facebook.com\/informelitoral\/","https:\/\/x.com\/InformeLitoral","https:\/\/www.instagram.com\/informelitoral\/","https:\/\/www.youtube.com\/channel\/UCua4Qvz8Icb6MYqhoq9xLXw"]},{"@type":"Person","@id":"https:\/\/informelitoral.com.ar\/#\/schema\/person\/b9d00407c836482871ef1d57bf8e3180","name":"Gonzalo Schmidt","image":{"@type":"ImageObject","inLanguage":"es","@id":"https:\/\/secure.gravatar.com\/avatar\/31a1a7b66ff2de83bd0e9fd79d026630d2d99e55e8bfe501287647b4fd9743de?s=96&d=mm&r=g","url":"https:\/\/secure.gravatar.com\/avatar\/31a1a7b66ff2de83bd0e9fd79d026630d2d99e55e8bfe501287647b4fd9743de?s=96&d=mm&r=g","contentUrl":"https:\/\/secure.gravatar.com\/avatar\/31a1a7b66ff2de83bd0e9fd79d026630d2d99e55e8bfe501287647b4fd9743de?s=96&d=mm&r=g","caption":"Gonzalo Schmidt"},"description":"Sitio web de noticias de la provincia de Entre R\u00edos, Argentina. Informaci\u00f3n y entretenimiento. Informe Litoral, nos informamos.","sameAs":["http:\/\/www.isletasnoticias.com.ar"],"url":"https:\/\/informelitoral.com.ar\/author\/gonzalo\/"}]}},"_links":{"self":[{"href":"https:\/\/informelitoral.com.ar\/%77%70%2d%6a%73%6f%6e\/wp\/v2\/posts\/2325","targetHints":{"allow":["GET"]}}],"collection":[{"href":"https:\/\/informelitoral.com.ar\/%77%70%2d%6a%73%6f%6e\/wp\/v2\/posts"}],"about":[{"href":"https:\/\/informelitoral.com.ar\/%77%70%2d%6a%73%6f%6e\/wp\/v2\/types\/post"}],"author":[{"embeddable":true,"href":"https:\/\/informelitoral.com.ar\/%77%70%2d%6a%73%6f%6e\/wp\/v2\/users\/2"}],"replies":[{"embeddable":true,"href":"https:\/\/informelitoral.com.ar\/%77%70%2d%6a%73%6f%6e\/wp\/v2\/comments?post=2325"}],"version-history":[{"count":0,"href":"https:\/\/informelitoral.com.ar\/%77%70%2d%6a%73%6f%6e\/wp\/v2\/posts\/2325\/revisions"}],"wp:attachment":[{"href":"https:\/\/informelitoral.com.ar\/%77%70%2d%6a%73%6f%6e\/wp\/v2\/media?parent=2325"}],"wp:term":[{"taxonomy":"category","embeddable":true,"href":"https:\/\/informelitoral.com.ar\/%77%70%2d%6a%73%6f%6e\/wp\/v2\/categories?post=2325"},{"taxonomy":"post_tag","embeddable":true,"href":"https:\/\/informelitoral.com.ar\/%77%70%2d%6a%73%6f%6e\/wp\/v2\/tags?post=2325"}],"curies":[{"name":"wp","href":"https:\/\/api.w.org\/{rel}","templated":true}]}}